{"id":100074,"date":"2020-04-21T05:24:55","date_gmt":"2020-04-21T04:24:55","guid":{"rendered":"http:\/\/newsestlyonnais.fr\/site\/?p=100074"},"modified":"2020-05-08T09:17:35","modified_gmt":"2020-05-08T08:17:35","slug":"venissieux-le-dispositif-dapprovisionnement-en-fruits-et-legumes-evolue","status":"publish","type":"post","link":"https:\/\/newsestlyonnais.fr\/site\/2020\/04\/21\/venissieux-le-dispositif-dapprovisionnement-en-fruits-et-legumes-evolue\/","title":{"rendered":"VENISSIEUX | Le dispositif d&rsquo;approvisionnement en fruits et l\u00e9gumes \u00e9volue"},"content":{"rendered":"<div>\n<p class=\" text-justify\">Ceci afin de continuer de proposer aux habitants un approvisionnement en fruits et l\u00e9gumes et de soutenir la fili\u00e8re de production.<\/p>\n<h4 class=\" text-justify\"><b>Le dispositif \u00e9volue, avec l\u2019arriv\u00e9e d\u2019un nouveau primeur sur le plateau des Minguettes d<\/b><b>\u00e8s le mardi 21 avril, et\u00a0<\/b><b>d\u2019un nouveau point de vente producteurspour les quartiers Parilly et Jules-Guesde \u00e0 partir du\u00a0<\/b><b>jeudi 23 avril.<\/b><\/h4>\n<ul>\n<li>Le primeur proposera une large gamme de l\u00e9gumes et de fruits, vendus uniquement au kilo, les mardis et jeudis matin (9 h \u00e0 11 h) devant le cin\u00e9ma G\u00e9rard Philipe sur le plateau des Minguettes (12 Avenue Jean Cagne). Un p\u00e9rim\u00e8tre de s\u00e9curit\u00e9 permettra le respect strict des exigences sanitaires. A ce stade, il n&rsquo;est pas impos\u00e9 de r\u00e9server \u00e0 l&rsquo;avance. La Ville de V\u00e9nissieux pourra faire \u00e9voluer cette modalit\u00e9 de mise en \u0153uvre en fonction des premiers retours d&rsquo;exp\u00e9rience.<\/li>\n<li>Les producteurs pr\u00e9sents les jeudis \u00e0 Moulin \u00e0 Vent puis aux Minguettes seront d\u00e9sormais pr\u00e9sents \u00e0 Moulin \u00e0 Vent (m\u00eame lieu) puis d\u00e8s le jeudi 23 avril devant le centre social Parilly (27 Bis Avenue Jules Guesde).<\/li>\n<\/ul>\n<h4>\u00a0<b>\u25baL&rsquo;ensemble des ventes directes propos\u00e9es aux habitants :<\/b><\/h4>\n<ul>\n<li><b>Mardi et jeudi (10 h \u00e0 11 h) &#8211; parking H\u00f4tel de ville : <\/b>cagettes de l\u00e9gumes et\/ou cagettes de fruits \u00e0 10 \u20ac chacune<\/li>\n<\/ul>\n<ul>\n<li><b>Mardi et jeudi (9 h \u00e0 11 h) &#8211; parking du cin\u00e9ma G\u00e9rard Philipe (12 Avenue Jean Cagne) : <\/b>l\u00e9gumes et fruits au kilo<\/li>\n<\/ul>\n<ul>\n<li><b>Jeudi (9 h \u00e0 10 h) &#8211; parking mairie de quartier Moulin \u00e0 vent (44 Rue Ernest Renan), puis (10 h 30 \u00e0 11 h 30) &#8211; devant le centre social Parilly (27 Bis Avenue Jules Guesde) : <\/b>cagettes de l\u00e9gumes \u00e0 10 \u20ac, cagettes de l\u00e9gumes avec 6 \u0153ufs \u00e0 15 \u20ac (soit environ 13 \u20ac de l\u00e9gumes et 2 \u20ac pour les \u0153ufs), cagettes de fruits \u00e0 10 \u20ac.<\/li>\n<\/ul>\n<h4 class=\" text-justify\"><b>\u25baCommandes au 04. 72. 21. 00. 42, aupr\u00e8s du service des march\u00e9s forains de 9 h \u00e0 16 h du lundi au vendredi (sauf pour le primeur du plateau des Minguettes, vente directe sur place au kilo).<\/b><\/h4>\n<p class=\" text-justify\">Les commandes seront transmises aux producteurs. Seules les personnes ayant pr\u00e9alablement pass\u00e9 une commande pourront percevoir leur cagette sous le contr\u00f4le d&rsquo;un agent du service des march\u00e9s forains. Les cagettes sont garnies d&rsquo;au moins 5 vari\u00e9t\u00e9s de l\u00e9gumes et de plusieurs vari\u00e9t\u00e9s de fruits de saison. Chaque cagette devra \u00eatre per\u00e7ue en l&rsquo;\u00e9tat, sans capacit\u00e9 de choix du contenu pour les acheteurs.<\/p>\n<p>________________________________________________________________________________<\/p>\n<p><strong><em><span style=\"text-decoration: underline\">Source<\/span> : Communiqu\u00e9 de presse du lundi 20 avril 2020 de la ville de V\u00e9nissieux.\u00a0<\/em> <\/strong><\/p>\n<p>________________________________________________________________________________<\/p>\n<\/div>\n","protected":false},"excerpt":{"rendered":"<p>La Ville organise depuis le 24 mars la vente directe de cagettes de l\u00e9gumes et de fruits, en lien avec\u00a0des producteurs volontaires.\u00a0<\/p>\n","protected":false},"author":4,"featured_media":95972,"comment_status":"open","ping_status":"open","sticky":false,"template":"","format":"standard","meta":{"footnotes":""},"categories":[2217,1380,3010,1298],"tags":[2067],"class_list":["post-100074","post","type-post","status-publish","format-standard","has-post-thumbnail","hentry","category-breves-de-lest-lyonnais","category-marches","category-nature-environnement-culture-et-loisirs","category-venissieux","tag-venissieux"],"yoast_head":"<!-- This site is optimized with the Yoast SEO plugin v27.2 - https:\/\/yoast.com\/product\/yoast-seo-wordpress\/ -->\n<title>VENISSIEUX | Le dispositif d&#039;approvisionnement en fruits et l\u00e9gumes \u00e9volue - News Est Lyonnais<\/title>\n<meta name=\"description\" content=\"VENISSIEUX | Le dispositif d&#039;approvisionnement en fruits et l\u00e9gumes \u00e9volue\" \/>\n<meta name=\"robots\" content=\"index, follow, max-snippet:-1, max-image-preview:large, max-video-preview:-1\" \/>\n<link rel=\"canonical\" href=\"https:\/\/newsestlyonnais.fr\/site\/2020\/04\/21\/venissieux-le-dispositif-dapprovisionnement-en-fruits-et-legumes-evolue\/\" \/>\n<meta property=\"og:locale\" content=\"fr_FR\" \/>\n<meta property=\"og:type\" content=\"article\" \/>\n<meta property=\"og:title\" content=\"VENISSIEUX | Le dispositif d&#039;approvisionnement en fruits et l\u00e9gumes \u00e9volue - News Est Lyonnais\" \/>\n<meta property=\"og:description\" content=\"VENISSIEUX | Le dispositif d&#039;approvisionnement en fruits et l\u00e9gumes \u00e9volue\" \/>\n<meta property=\"og:url\" content=\"https:\/\/newsestlyonnais.fr\/site\/2020\/04\/21\/venissieux-le-dispositif-dapprovisionnement-en-fruits-et-legumes-evolue\/\" \/>\n<meta property=\"og:site_name\" content=\"News Est Lyonnais\" \/>\n<meta property=\"article:author\" content=\"https:\/\/www.facebook.com\/pascal.oberson.1?fref=ts\" \/>\n<meta property=\"article:published_time\" content=\"2020-04-21T04:24:55+00:00\" \/>\n<meta property=\"article:modified_time\" content=\"2020-05-08T08:17:35+00:00\" \/>\n<meta property=\"og:image\" content=\"https:\/\/i2.wp.com\/newsestlyonnais.fr\/site\/wp-content\/uploads\/2019\/11\/NEWSESTLYONNAIS-MAIRIE-VENX.jpg?fit=1200%2C800&ssl=1\" \/>\n\t<meta property=\"og:image:width\" content=\"1200\" \/>\n\t<meta property=\"og:image:height\" content=\"800\" \/>\n\t<meta property=\"og:image:type\" content=\"image\/jpeg\" \/>\n<meta name=\"author\" content=\"R\u00e9dac. NEWS\" \/>\n<meta name=\"twitter:card\" content=\"summary_large_image\" \/>\n<meta name=\"twitter:label1\" content=\"\u00c9crit par\" \/>\n\t<meta name=\"twitter:data1\" content=\"R\u00e9dac. NEWS\" \/>\n\t<meta name=\"twitter:label2\" content=\"Dur\u00e9e de lecture estim\u00e9e\" \/>\n\t<meta name=\"twitter:data2\" content=\"2 minutes\" \/>\n<script type=\"application\/ld+json\" class=\"yoast-schema-graph\">{\"@context\":\"https:\/\/schema.org\",\"@graph\":[{\"@type\":\"Article\",\"@id\":\"https:\/\/newsestlyonnais.fr\/site\/2020\/04\/21\/venissieux-le-dispositif-dapprovisionnement-en-fruits-et-legumes-evolue\/#article\",\"isPartOf\":{\"@id\":\"https:\/\/newsestlyonnais.fr\/site\/2020\/04\/21\/venissieux-le-dispositif-dapprovisionnement-en-fruits-et-legumes-evolue\/\"},\"author\":{\"name\":\"R\u00e9dac. NEWS\",\"@id\":\"https:\/\/newsestlyonnais.fr\/site\/#\/schema\/person\/3230d5615f390bb808365d673001e887\"},\"headline\":\"VENISSIEUX | Le dispositif d&rsquo;approvisionnement en fruits et l\u00e9gumes \u00e9volue\",\"datePublished\":\"2020-04-21T04:24:55+00:00\",\"dateModified\":\"2020-05-08T08:17:35+00:00\",\"mainEntityOfPage\":{\"@id\":\"https:\/\/newsestlyonnais.fr\/site\/2020\/04\/21\/venissieux-le-dispositif-dapprovisionnement-en-fruits-et-legumes-evolue\/\"},\"wordCount\":412,\"commentCount\":0,\"publisher\":{\"@id\":\"https:\/\/newsestlyonnais.fr\/site\/#organization\"},\"image\":{\"@id\":\"https:\/\/newsestlyonnais.fr\/site\/2020\/04\/21\/venissieux-le-dispositif-dapprovisionnement-en-fruits-et-legumes-evolue\/#primaryimage\"},\"thumbnailUrl\":\"https:\/\/newsestlyonnais.fr\/site\/wp-content\/uploads\/2019\/11\/NEWSESTLYONNAIS-MAIRIE-VENX.jpg\",\"keywords\":[\"VENISSIEUX\"],\"articleSection\":[\"Br\u00e8ves de l'Est lyonnais\",\"March\u00e9s\",\"Nature | Environnement | Chasse\",\"V\u00e9nissieux\"],\"inLanguage\":\"fr-FR\",\"potentialAction\":[{\"@type\":\"CommentAction\",\"name\":\"Comment\",\"target\":[\"https:\/\/newsestlyonnais.fr\/site\/2020\/04\/21\/venissieux-le-dispositif-dapprovisionnement-en-fruits-et-legumes-evolue\/#respond\"]}]},{\"@type\":\"WebPage\",\"@id\":\"https:\/\/newsestlyonnais.fr\/site\/2020\/04\/21\/venissieux-le-dispositif-dapprovisionnement-en-fruits-et-legumes-evolue\/\",\"url\":\"https:\/\/newsestlyonnais.fr\/site\/2020\/04\/21\/venissieux-le-dispositif-dapprovisionnement-en-fruits-et-legumes-evolue\/\",\"name\":\"VENISSIEUX | Le dispositif d'approvisionnement en fruits et l\u00e9gumes \u00e9volue - News Est Lyonnais\",\"isPartOf\":{\"@id\":\"https:\/\/newsestlyonnais.fr\/site\/#website\"},\"primaryImageOfPage\":{\"@id\":\"https:\/\/newsestlyonnais.fr\/site\/2020\/04\/21\/venissieux-le-dispositif-dapprovisionnement-en-fruits-et-legumes-evolue\/#primaryimage\"},\"image\":{\"@id\":\"https:\/\/newsestlyonnais.fr\/site\/2020\/04\/21\/venissieux-le-dispositif-dapprovisionnement-en-fruits-et-legumes-evolue\/#primaryimage\"},\"thumbnailUrl\":\"https:\/\/newsestlyonnais.fr\/site\/wp-content\/uploads\/2019\/11\/NEWSESTLYONNAIS-MAIRIE-VENX.jpg\",\"datePublished\":\"2020-04-21T04:24:55+00:00\",\"dateModified\":\"2020-05-08T08:17:35+00:00\",\"description\":\"VENISSIEUX | Le dispositif d'approvisionnement en fruits et l\u00e9gumes \u00e9volue\",\"breadcrumb\":{\"@id\":\"https:\/\/newsestlyonnais.fr\/site\/2020\/04\/21\/venissieux-le-dispositif-dapprovisionnement-en-fruits-et-legumes-evolue\/#breadcrumb\"},\"inLanguage\":\"fr-FR\",\"potentialAction\":[{\"@type\":\"ReadAction\",\"target\":[\"https:\/\/newsestlyonnais.fr\/site\/2020\/04\/21\/venissieux-le-dispositif-dapprovisionnement-en-fruits-et-legumes-evolue\/\"]}]},{\"@type\":\"ImageObject\",\"inLanguage\":\"fr-FR\",\"@id\":\"https:\/\/newsestlyonnais.fr\/site\/2020\/04\/21\/venissieux-le-dispositif-dapprovisionnement-en-fruits-et-legumes-evolue\/#primaryimage\",\"url\":\"https:\/\/newsestlyonnais.fr\/site\/wp-content\/uploads\/2019\/11\/NEWSESTLYONNAIS-MAIRIE-VENX.jpg\",\"contentUrl\":\"https:\/\/newsestlyonnais.fr\/site\/wp-content\/uploads\/2019\/11\/NEWSESTLYONNAIS-MAIRIE-VENX.jpg\",\"width\":1200,\"height\":800},{\"@type\":\"BreadcrumbList\",\"@id\":\"https:\/\/newsestlyonnais.fr\/site\/2020\/04\/21\/venissieux-le-dispositif-dapprovisionnement-en-fruits-et-legumes-evolue\/#breadcrumb\",\"itemListElement\":[{\"@type\":\"ListItem\",\"position\":1,\"name\":\"Accueil\",\"item\":\"https:\/\/newsestlyonnais.fr\/site\/\"},{\"@type\":\"ListItem\",\"position\":2,\"name\":\"VENISSIEUX | Le dispositif d&rsquo;approvisionnement en fruits et l\u00e9gumes \u00e9volue\"}]},{\"@type\":\"WebSite\",\"@id\":\"https:\/\/newsestlyonnais.fr\/site\/#website\",\"url\":\"https:\/\/newsestlyonnais.fr\/site\/\",\"name\":\"News Est Lyonnais\",\"description\":\"L&#039;actualit\u00e9 au plus pr\u00e8s\",\"publisher\":{\"@id\":\"https:\/\/newsestlyonnais.fr\/site\/#organization\"},\"potentialAction\":[{\"@type\":\"SearchAction\",\"target\":{\"@type\":\"EntryPoint\",\"urlTemplate\":\"https:\/\/newsestlyonnais.fr\/site\/?s={search_term_string}\"},\"query-input\":{\"@type\":\"PropertyValueSpecification\",\"valueRequired\":true,\"valueName\":\"search_term_string\"}}],\"inLanguage\":\"fr-FR\"},{\"@type\":\"Organization\",\"@id\":\"https:\/\/newsestlyonnais.fr\/site\/#organization\",\"name\":\"News EST LYONNAIS\",\"url\":\"https:\/\/newsestlyonnais.fr\/site\/\",\"logo\":{\"@type\":\"ImageObject\",\"inLanguage\":\"fr-FR\",\"@id\":\"https:\/\/newsestlyonnais.fr\/site\/#\/schema\/logo\/image\/\",\"url\":\"\",\"contentUrl\":\"\",\"caption\":\"News EST LYONNAIS\"},\"image\":{\"@id\":\"https:\/\/newsestlyonnais.fr\/site\/#\/schema\/logo\/image\/\"}},{\"@type\":\"Person\",\"@id\":\"https:\/\/newsestlyonnais.fr\/site\/#\/schema\/person\/3230d5615f390bb808365d673001e887\",\"name\":\"R\u00e9dac. NEWS\",\"sameAs\":[\"http:\/\/www.newsestlyonnais.fr\",\"https:\/\/www.facebook.com\/pascal.oberson.1?fref=ts\",\"https:\/\/fr.linkedin.com\/in\/pascal-oberson-b17045113\"],\"url\":\"https:\/\/newsestlyonnais.fr\/site\/author\/nel\/\"}]}<\/script>\n<!-- \/ Yoast SEO plugin. -->","yoast_head_json":{"title":"VENISSIEUX | Le dispositif d'approvisionnement en fruits et l\u00e9gumes \u00e9volue - News Est Lyonnais","description":"VENISSIEUX | Le dispositif d'approvisionnement en fruits et l\u00e9gumes \u00e9volue","robots":{"index":"index","follow":"follow","max-snippet":"max-snippet:-1","max-image-preview":"max-image-preview:large","max-video-preview":"max-video-preview:-1"},"canonical":"https:\/\/newsestlyonnais.fr\/site\/2020\/04\/21\/venissieux-le-dispositif-dapprovisionnement-en-fruits-et-legumes-evolue\/","og_locale":"fr_FR","og_type":"article","og_title":"VENISSIEUX | Le dispositif d'approvisionnement en fruits et l\u00e9gumes \u00e9volue - News Est Lyonnais","og_description":"VENISSIEUX | Le dispositif d'approvisionnement en fruits et l\u00e9gumes \u00e9volue","og_url":"https:\/\/newsestlyonnais.fr\/site\/2020\/04\/21\/venissieux-le-dispositif-dapprovisionnement-en-fruits-et-legumes-evolue\/","og_site_name":"News Est Lyonnais","article_author":"https:\/\/www.facebook.com\/pascal.oberson.1?fref=ts","article_published_time":"2020-04-21T04:24:55+00:00","article_modified_time":"2020-05-08T08:17:35+00:00","og_image":[{"width":1200,"height":800,"url":"https:\/\/i2.wp.com\/newsestlyonnais.fr\/site\/wp-content\/uploads\/2019\/11\/NEWSESTLYONNAIS-MAIRIE-VENX.jpg?fit=1200%2C800&ssl=1","type":"image\/jpeg"}],"author":"R\u00e9dac. NEWS","twitter_card":"summary_large_image","twitter_misc":{"\u00c9crit par":"R\u00e9dac. NEWS","Dur\u00e9e de lecture estim\u00e9e":"2 minutes"},"schema":{"@context":"https:\/\/schema.org","@graph":[{"@type":"Article","@id":"https:\/\/newsestlyonnais.fr\/site\/2020\/04\/21\/venissieux-le-dispositif-dapprovisionnement-en-fruits-et-legumes-evolue\/#article","isPartOf":{"@id":"https:\/\/newsestlyonnais.fr\/site\/2020\/04\/21\/venissieux-le-dispositif-dapprovisionnement-en-fruits-et-legumes-evolue\/"},"author":{"name":"R\u00e9dac. NEWS","@id":"https:\/\/newsestlyonnais.fr\/site\/#\/schema\/person\/3230d5615f390bb808365d673001e887"},"headline":"VENISSIEUX | Le dispositif d&rsquo;approvisionnement en fruits et l\u00e9gumes \u00e9volue","datePublished":"2020-04-21T04:24:55+00:00","dateModified":"2020-05-08T08:17:35+00:00","mainEntityOfPage":{"@id":"https:\/\/newsestlyonnais.fr\/site\/2020\/04\/21\/venissieux-le-dispositif-dapprovisionnement-en-fruits-et-legumes-evolue\/"},"wordCount":412,"commentCount":0,"publisher":{"@id":"https:\/\/newsestlyonnais.fr\/site\/#organization"},"image":{"@id":"https:\/\/newsestlyonnais.fr\/site\/2020\/04\/21\/venissieux-le-dispositif-dapprovisionnement-en-fruits-et-legumes-evolue\/#primaryimage"},"thumbnailUrl":"https:\/\/newsestlyonnais.fr\/site\/wp-content\/uploads\/2019\/11\/NEWSESTLYONNAIS-MAIRIE-VENX.jpg","keywords":["VENISSIEUX"],"articleSection":["Br\u00e8ves de l'Est lyonnais","March\u00e9s","Nature | Environnement | Chasse","V\u00e9nissieux"],"inLanguage":"fr-FR","potentialAction":[{"@type":"CommentAction","name":"Comment","target":["https:\/\/newsestlyonnais.fr\/site\/2020\/04\/21\/venissieux-le-dispositif-dapprovisionnement-en-fruits-et-legumes-evolue\/#respond"]}]},{"@type":"WebPage","@id":"https:\/\/newsestlyonnais.fr\/site\/2020\/04\/21\/venissieux-le-dispositif-dapprovisionnement-en-fruits-et-legumes-evolue\/","url":"https:\/\/newsestlyonnais.fr\/site\/2020\/04\/21\/venissieux-le-dispositif-dapprovisionnement-en-fruits-et-legumes-evolue\/","name":"VENISSIEUX | Le dispositif d'approvisionnement en fruits et l\u00e9gumes \u00e9volue - News Est Lyonnais","isPartOf":{"@id":"https:\/\/newsestlyonnais.fr\/site\/#website"},"primaryImageOfPage":{"@id":"https:\/\/newsestlyonnais.fr\/site\/2020\/04\/21\/venissieux-le-dispositif-dapprovisionnement-en-fruits-et-legumes-evolue\/#primaryimage"},"image":{"@id":"https:\/\/newsestlyonnais.fr\/site\/2020\/04\/21\/venissieux-le-dispositif-dapprovisionnement-en-fruits-et-legumes-evolue\/#primaryimage"},"thumbnailUrl":"https:\/\/newsestlyonnais.fr\/site\/wp-content\/uploads\/2019\/11\/NEWSESTLYONNAIS-MAIRIE-VENX.jpg","datePublished":"2020-04-21T04:24:55+00:00","dateModified":"2020-05-08T08:17:35+00:00","description":"VENISSIEUX | Le dispositif d'approvisionnement en fruits et l\u00e9gumes \u00e9volue","breadcrumb":{"@id":"https:\/\/newsestlyonnais.fr\/site\/2020\/04\/21\/venissieux-le-dispositif-dapprovisionnement-en-fruits-et-legumes-evolue\/#breadcrumb"},"inLanguage":"fr-FR","potentialAction":[{"@type":"ReadAction","target":["https:\/\/newsestlyonnais.fr\/site\/2020\/04\/21\/venissieux-le-dispositif-dapprovisionnement-en-fruits-et-legumes-evolue\/"]}]},{"@type":"ImageObject","inLanguage":"fr-FR","@id":"https:\/\/newsestlyonnais.fr\/site\/2020\/04\/21\/venissieux-le-dispositif-dapprovisionnement-en-fruits-et-legumes-evolue\/#primaryimage","url":"https:\/\/newsestlyonnais.fr\/site\/wp-content\/uploads\/2019\/11\/NEWSESTLYONNAIS-MAIRIE-VENX.jpg","contentUrl":"https:\/\/newsestlyonnais.fr\/site\/wp-content\/uploads\/2019\/11\/NEWSESTLYONNAIS-MAIRIE-VENX.jpg","width":1200,"height":800},{"@type":"BreadcrumbList","@id":"https:\/\/newsestlyonnais.fr\/site\/2020\/04\/21\/venissieux-le-dispositif-dapprovisionnement-en-fruits-et-legumes-evolue\/#breadcrumb","itemListElement":[{"@type":"ListItem","position":1,"name":"Accueil","item":"https:\/\/newsestlyonnais.fr\/site\/"},{"@type":"ListItem","position":2,"name":"VENISSIEUX | Le dispositif d&rsquo;approvisionnement en fruits et l\u00e9gumes \u00e9volue"}]},{"@type":"WebSite","@id":"https:\/\/newsestlyonnais.fr\/site\/#website","url":"https:\/\/newsestlyonnais.fr\/site\/","name":"News Est Lyonnais","description":"L&#039;actualit\u00e9 au plus pr\u00e8s","publisher":{"@id":"https:\/\/newsestlyonnais.fr\/site\/#organization"},"potentialAction":[{"@type":"SearchAction","target":{"@type":"EntryPoint","urlTemplate":"https:\/\/newsestlyonnais.fr\/site\/?s={search_term_string}"},"query-input":{"@type":"PropertyValueSpecification","valueRequired":true,"valueName":"search_term_string"}}],"inLanguage":"fr-FR"},{"@type":"Organization","@id":"https:\/\/newsestlyonnais.fr\/site\/#organization","name":"News EST LYONNAIS","url":"https:\/\/newsestlyonnais.fr\/site\/","logo":{"@type":"ImageObject","inLanguage":"fr-FR","@id":"https:\/\/newsestlyonnais.fr\/site\/#\/schema\/logo\/image\/","url":"","contentUrl":"","caption":"News EST LYONNAIS"},"image":{"@id":"https:\/\/newsestlyonnais.fr\/site\/#\/schema\/logo\/image\/"}},{"@type":"Person","@id":"https:\/\/newsestlyonnais.fr\/site\/#\/schema\/person\/3230d5615f390bb808365d673001e887","name":"R\u00e9dac. NEWS","sameAs":["http:\/\/www.newsestlyonnais.fr","https:\/\/www.facebook.com\/pascal.oberson.1?fref=ts","https:\/\/fr.linkedin.com\/in\/pascal-oberson-b17045113"],"url":"https:\/\/newsestlyonnais.fr\/site\/author\/nel\/"}]}},"_links":{"self":[{"href":"https:\/\/newsestlyonnais.fr\/site\/wp-json\/wp\/v2\/posts\/100074","targetHints":{"allow":["GET"]}}],"collection":[{"href":"https:\/\/newsestlyonnais.fr\/site\/wp-json\/wp\/v2\/posts"}],"about":[{"href":"https:\/\/newsestlyonnais.fr\/site\/wp-json\/wp\/v2\/types\/post"}],"author":[{"embeddable":true,"href":"https:\/\/newsestlyonnais.fr\/site\/wp-json\/wp\/v2\/users\/4"}],"replies":[{"embeddable":true,"href":"https:\/\/newsestlyonnais.fr\/site\/wp-json\/wp\/v2\/comments?post=100074"}],"version-history":[{"count":0,"href":"https:\/\/newsestlyonnais.fr\/site\/wp-json\/wp\/v2\/posts\/100074\/revisions"}],"wp:featuredmedia":[{"embeddable":true,"href":"https:\/\/newsestlyonnais.fr\/site\/wp-json\/wp\/v2\/media\/95972"}],"wp:attachment":[{"href":"https:\/\/newsestlyonnais.fr\/site\/wp-json\/wp\/v2\/media?parent=100074"}],"wp:term":[{"taxonomy":"category","embeddable":true,"href":"https:\/\/newsestlyonnais.fr\/site\/wp-json\/wp\/v2\/categories?post=100074"},{"taxonomy":"post_tag","embeddable":true,"href":"https:\/\/newsestlyonnais.fr\/site\/wp-json\/wp\/v2\/tags?post=100074"}],"curies":[{"name":"wp","href":"https:\/\/api.w.org\/{rel}","templated":true}]}}