{"id":100089,"date":"2020-04-21T06:52:53","date_gmt":"2020-04-21T05:52:53","guid":{"rendered":"http:\/\/newsestlyonnais.fr\/site\/?p=100089"},"modified":"2020-05-06T08:48:26","modified_gmt":"2020-05-06T07:48:26","slug":"chassieu-plus-de-15-000-masques-commandes-par-la-ville","status":"publish","type":"post","link":"https:\/\/newsestlyonnais.fr\/site\/2020\/04\/21\/chassieu-plus-de-15-000-masques-commandes-par-la-ville\/","title":{"rendered":"CHASSIEU | Plus de 15.000 masques command\u00e9s par la Ville"},"content":{"rendered":"<p><strong>Plusieurs initiatives sont en cours afin que tous les habitants soient en possession d\u2019un masque en tissu le 11 mai.<\/strong><\/p>\n<p>La Ville de Chassieu est en premi\u00e8re ligne pour accompagner les habitants dans la crise sanitaire actuelle. Elle a nou\u00e9 rapidement des contacts avec des soci\u00e9t\u00e9s sp\u00e9cialis\u00e9es et agr\u00e9\u00e9es dans la vente de masques, afin de pouvoir en distribuer d\u00e8s que possible \u00e0 l\u2019ensemble de sa population.<\/p>\n<p>________________________________________________________________________________<\/p>\n<p><span style=\"text-decoration: underline\"><strong>Plus de 15.000 masques command\u00e9s<\/strong><\/span> :<\/p>\n<p>Ainsi, une commande de plus de 15.000 masques en tissu, lavables et r\u00e9utilisables, est en cours. L\u2019\u00e9quipe municipale, autour du maire Jean-Jacques Sell\u00e8s, d\u00e9finit actuellement les modalit\u00e9s de distribution, afin qu\u2019elles soient simples et respectent les gestes barri\u00e8res.<\/p>\n<p><strong>La livraison \u00e9tant pr\u00e9vue pour le d\u00e9but du mois de mai<\/strong>, une communication sp\u00e9cifique sera prochainement r\u00e9alis\u00e9e afin d\u2019informer la population sur la marche \u00e0 suivre pour les r\u00e9cup\u00e9rer. <strong>Ces masques seront donn\u00e9s gracieusement \u00e0 la population.<\/strong><\/p>\n<p>Par ailleurs, <strong>la Ville a d\u00e9cid\u00e9 de distribuer 2 masques jetables \u00e0 tous les Chasselands de plus de 70 ans<\/strong>. Ces masques sont donn\u00e9s afin que les a\u00een\u00e9s de Chassieu puissent se rendre en toute s\u00e9curit\u00e9 \u00e0 des rendez-vous m\u00e9dicaux ou autres d\u00e9placements obligatoires. Ils seront envoy\u00e9s d\u00e8s que possible par courrier.<\/p>\n<p>Dans le m\u00eame temps, la Ville de Chassieu a command\u00e9 des masques pour le personnel municipal afin de permettre la reprise du travail dans des conditions optimales apr\u00e8s le 11 mai. Les agents travaillant actuellement sur le terrain, dans le cadre du maintien des services publics essentiels, en sont d\u00e9j\u00e0 \u00e9quip\u00e9s.<\/p>\n<p>________________________________________________________________________________<\/p>\n<p><span style=\"text-decoration: underline\"><strong>Cha\u00eene de solidarit\u00e9 pour la fabrication de masques<\/strong> <\/span>:<\/p>\n<p>Depuis le d\u00e9but du confinement, l\u2019\u00e9quipe de l\u2019Atelier couture accompagne les couturi\u00e8res volontaires qui souhaitent fabriquer des masques. L\u2019\u00e9quipe a notamment mis en ligne sur sa page Facebook des tutoriels et des vid\u00e9os pour les aider \u00e0 r\u00e9aliser des masques normalis\u00e9s. Des b\u00e9n\u00e9voles de Chassieu se sont rapidement mobilis\u00e9es et ont fabriqu\u00e9 des masques pour les locataires de la r\u00e9sidence autonomie des Roses Tr\u00e9mi\u00e8res. Une initiative salu\u00e9e par la Ville, qui a souhait\u00e9 accompagner cette cha\u00eene de solidarit\u00e9.<\/p>\n<p>Enfin, toujours avec la volont\u00e9 de favoriser le lien social, l\u2019Atelier couture pr\u00e9pare actuellement des kits pr\u00eats \u00e0 l\u2019emploi, contenant toutes les fournitures de fabrication de masques en tissu, destin\u00e9s aux couturi\u00e8res volontaires.<\/p>\n<p>________________________________________________________________________________<\/p>\n<p><em><strong>Source<\/strong><\/em> : <strong>Communiqu\u00e9 de presse du 21 avril 2020 de la Ville de Chassieu<\/strong>.<\/p>\n<p>________________________________________________________________________________<\/p>\n","protected":false},"excerpt":{"rendered":"<p>Anticipant la sortie du confinement, la Ville s\u2019investit depuis plusieurs semaines pour fournir rapidement \u00e0 sa population des masques de protection.<\/p>\n","protected":false},"author":4,"featured_media":83701,"comment_status":"open","ping_status":"open","sticky":false,"template":"","format":"standard","meta":{"footnotes":""},"categories":[1283,18],"tags":[1996,3228],"class_list":["post-100089","post","type-post","status-publish","format-standard","has-post-thumbnail","hentry","category-chassieu-communes-diverses","category-sante-bien-etre-solidarite","tag-chassieu","tag-covid-19"],"yoast_head":"<!-- This site is optimized with the Yoast SEO plugin v27.2 - https:\/\/yoast.com\/product\/yoast-seo-wordpress\/ -->\n<title>CHASSIEU | Plus de 15.000 masques command\u00e9s par la Ville - News Est Lyonnais<\/title>\n<meta name=\"description\" content=\"CHASSIEU | Plus de 15.000 masques command\u00e9s par la Ville\" \/>\n<meta name=\"robots\" content=\"index, follow, max-snippet:-1, max-image-preview:large, max-video-preview:-1\" \/>\n<link rel=\"canonical\" href=\"https:\/\/newsestlyonnais.fr\/site\/2020\/04\/21\/chassieu-plus-de-15-000-masques-commandes-par-la-ville\/\" \/>\n<meta property=\"og:locale\" content=\"fr_FR\" \/>\n<meta property=\"og:type\" content=\"article\" \/>\n<meta property=\"og:title\" content=\"CHASSIEU | Plus de 15.000 masques command\u00e9s par la Ville - News Est Lyonnais\" \/>\n<meta property=\"og:description\" content=\"CHASSIEU | Plus de 15.000 masques command\u00e9s par la Ville\" \/>\n<meta property=\"og:url\" content=\"https:\/\/newsestlyonnais.fr\/site\/2020\/04\/21\/chassieu-plus-de-15-000-masques-commandes-par-la-ville\/\" \/>\n<meta property=\"og:site_name\" content=\"News Est Lyonnais\" \/>\n<meta property=\"article:author\" content=\"https:\/\/www.facebook.com\/pascal.oberson.1?fref=ts\" \/>\n<meta property=\"article:published_time\" content=\"2020-04-21T05:52:53+00:00\" \/>\n<meta property=\"article:modified_time\" content=\"2020-05-06T07:48:26+00:00\" \/>\n<meta property=\"og:image\" content=\"https:\/\/i0.wp.com\/newsestlyonnais.fr\/site\/wp-content\/uploads\/2019\/09\/NEWSESTLYONNAIS-MAIRIE-CHASSIEU-e1570524383738.jpg?fit=1200%2C900&ssl=1\" \/>\n\t<meta property=\"og:image:width\" content=\"1200\" \/>\n\t<meta property=\"og:image:height\" content=\"900\" \/>\n\t<meta property=\"og:image:type\" content=\"image\/jpeg\" \/>\n<meta name=\"author\" content=\"R\u00e9dac. NEWS\" \/>\n<meta name=\"twitter:card\" content=\"summary_large_image\" \/>\n<meta name=\"twitter:label1\" content=\"\u00c9crit par\" \/>\n\t<meta name=\"twitter:data1\" content=\"R\u00e9dac. NEWS\" \/>\n\t<meta name=\"twitter:label2\" content=\"Dur\u00e9e de lecture estim\u00e9e\" \/>\n\t<meta name=\"twitter:data2\" content=\"2 minutes\" \/>\n<script type=\"application\/ld+json\" class=\"yoast-schema-graph\">{\"@context\":\"https:\/\/schema.org\",\"@graph\":[{\"@type\":\"Article\",\"@id\":\"https:\/\/newsestlyonnais.fr\/site\/2020\/04\/21\/chassieu-plus-de-15-000-masques-commandes-par-la-ville\/#article\",\"isPartOf\":{\"@id\":\"https:\/\/newsestlyonnais.fr\/site\/2020\/04\/21\/chassieu-plus-de-15-000-masques-commandes-par-la-ville\/\"},\"author\":{\"name\":\"R\u00e9dac. NEWS\",\"@id\":\"https:\/\/newsestlyonnais.fr\/site\/#\/schema\/person\/3230d5615f390bb808365d673001e887\"},\"headline\":\"CHASSIEU | Plus de 15.000 masques command\u00e9s par la Ville\",\"datePublished\":\"2020-04-21T05:52:53+00:00\",\"dateModified\":\"2020-05-06T07:48:26+00:00\",\"mainEntityOfPage\":{\"@id\":\"https:\/\/newsestlyonnais.fr\/site\/2020\/04\/21\/chassieu-plus-de-15-000-masques-commandes-par-la-ville\/\"},\"wordCount\":438,\"commentCount\":0,\"publisher\":{\"@id\":\"https:\/\/newsestlyonnais.fr\/site\/#organization\"},\"image\":{\"@id\":\"https:\/\/newsestlyonnais.fr\/site\/2020\/04\/21\/chassieu-plus-de-15-000-masques-commandes-par-la-ville\/#primaryimage\"},\"thumbnailUrl\":\"https:\/\/newsestlyonnais.fr\/site\/wp-content\/uploads\/2019\/09\/NEWSESTLYONNAIS-MAIRIE-CHASSIEU-e1570524383738.jpg\",\"keywords\":[\"Chassieu\",\"COVID-19\"],\"articleSection\":[\"Chassieu | Communes diverses\",\"Sant\u00e9 | Bien Etre | Solidarit\u00e9\"],\"inLanguage\":\"fr-FR\",\"potentialAction\":[{\"@type\":\"CommentAction\",\"name\":\"Comment\",\"target\":[\"https:\/\/newsestlyonnais.fr\/site\/2020\/04\/21\/chassieu-plus-de-15-000-masques-commandes-par-la-ville\/#respond\"]}]},{\"@type\":\"WebPage\",\"@id\":\"https:\/\/newsestlyonnais.fr\/site\/2020\/04\/21\/chassieu-plus-de-15-000-masques-commandes-par-la-ville\/\",\"url\":\"https:\/\/newsestlyonnais.fr\/site\/2020\/04\/21\/chassieu-plus-de-15-000-masques-commandes-par-la-ville\/\",\"name\":\"CHASSIEU | Plus de 15.000 masques command\u00e9s par la Ville - News Est Lyonnais\",\"isPartOf\":{\"@id\":\"https:\/\/newsestlyonnais.fr\/site\/#website\"},\"primaryImageOfPage\":{\"@id\":\"https:\/\/newsestlyonnais.fr\/site\/2020\/04\/21\/chassieu-plus-de-15-000-masques-commandes-par-la-ville\/#primaryimage\"},\"image\":{\"@id\":\"https:\/\/newsestlyonnais.fr\/site\/2020\/04\/21\/chassieu-plus-de-15-000-masques-commandes-par-la-ville\/#primaryimage\"},\"thumbnailUrl\":\"https:\/\/newsestlyonnais.fr\/site\/wp-content\/uploads\/2019\/09\/NEWSESTLYONNAIS-MAIRIE-CHASSIEU-e1570524383738.jpg\",\"datePublished\":\"2020-04-21T05:52:53+00:00\",\"dateModified\":\"2020-05-06T07:48:26+00:00\",\"description\":\"CHASSIEU | Plus de 15.000 masques command\u00e9s par la Ville\",\"breadcrumb\":{\"@id\":\"https:\/\/newsestlyonnais.fr\/site\/2020\/04\/21\/chassieu-plus-de-15-000-masques-commandes-par-la-ville\/#breadcrumb\"},\"inLanguage\":\"fr-FR\",\"potentialAction\":[{\"@type\":\"ReadAction\",\"target\":[\"https:\/\/newsestlyonnais.fr\/site\/2020\/04\/21\/chassieu-plus-de-15-000-masques-commandes-par-la-ville\/\"]}]},{\"@type\":\"ImageObject\",\"inLanguage\":\"fr-FR\",\"@id\":\"https:\/\/newsestlyonnais.fr\/site\/2020\/04\/21\/chassieu-plus-de-15-000-masques-commandes-par-la-ville\/#primaryimage\",\"url\":\"https:\/\/newsestlyonnais.fr\/site\/wp-content\/uploads\/2019\/09\/NEWSESTLYONNAIS-MAIRIE-CHASSIEU-e1570524383738.jpg\",\"contentUrl\":\"https:\/\/newsestlyonnais.fr\/site\/wp-content\/uploads\/2019\/09\/NEWSESTLYONNAIS-MAIRIE-CHASSIEU-e1570524383738.jpg\",\"width\":1200,\"height\":900},{\"@type\":\"BreadcrumbList\",\"@id\":\"https:\/\/newsestlyonnais.fr\/site\/2020\/04\/21\/chassieu-plus-de-15-000-masques-commandes-par-la-ville\/#breadcrumb\",\"itemListElement\":[{\"@type\":\"ListItem\",\"position\":1,\"name\":\"Accueil\",\"item\":\"https:\/\/newsestlyonnais.fr\/site\/\"},{\"@type\":\"ListItem\",\"position\":2,\"name\":\"CHASSIEU | Plus de 15.000 masques command\u00e9s par la Ville\"}]},{\"@type\":\"WebSite\",\"@id\":\"https:\/\/newsestlyonnais.fr\/site\/#website\",\"url\":\"https:\/\/newsestlyonnais.fr\/site\/\",\"name\":\"News Est Lyonnais\",\"description\":\"L&#039;actualit\u00e9 au plus pr\u00e8s\",\"publisher\":{\"@id\":\"https:\/\/newsestlyonnais.fr\/site\/#organization\"},\"potentialAction\":[{\"@type\":\"SearchAction\",\"target\":{\"@type\":\"EntryPoint\",\"urlTemplate\":\"https:\/\/newsestlyonnais.fr\/site\/?s={search_term_string}\"},\"query-input\":{\"@type\":\"PropertyValueSpecification\",\"valueRequired\":true,\"valueName\":\"search_term_string\"}}],\"inLanguage\":\"fr-FR\"},{\"@type\":\"Organization\",\"@id\":\"https:\/\/newsestlyonnais.fr\/site\/#organization\",\"name\":\"News EST LYONNAIS\",\"url\":\"https:\/\/newsestlyonnais.fr\/site\/\",\"logo\":{\"@type\":\"ImageObject\",\"inLanguage\":\"fr-FR\",\"@id\":\"https:\/\/newsestlyonnais.fr\/site\/#\/schema\/logo\/image\/\",\"url\":\"\",\"contentUrl\":\"\",\"caption\":\"News EST LYONNAIS\"},\"image\":{\"@id\":\"https:\/\/newsestlyonnais.fr\/site\/#\/schema\/logo\/image\/\"}},{\"@type\":\"Person\",\"@id\":\"https:\/\/newsestlyonnais.fr\/site\/#\/schema\/person\/3230d5615f390bb808365d673001e887\",\"name\":\"R\u00e9dac. NEWS\",\"sameAs\":[\"http:\/\/www.newsestlyonnais.fr\",\"https:\/\/www.facebook.com\/pascal.oberson.1?fref=ts\",\"https:\/\/fr.linkedin.com\/in\/pascal-oberson-b17045113\"],\"url\":\"https:\/\/newsestlyonnais.fr\/site\/author\/nel\/\"}]}<\/script>\n<!-- \/ Yoast SEO plugin. -->","yoast_head_json":{"title":"CHASSIEU | Plus de 15.000 masques command\u00e9s par la Ville - News Est Lyonnais","description":"CHASSIEU | Plus de 15.000 masques command\u00e9s par la Ville","robots":{"index":"index","follow":"follow","max-snippet":"max-snippet:-1","max-image-preview":"max-image-preview:large","max-video-preview":"max-video-preview:-1"},"canonical":"https:\/\/newsestlyonnais.fr\/site\/2020\/04\/21\/chassieu-plus-de-15-000-masques-commandes-par-la-ville\/","og_locale":"fr_FR","og_type":"article","og_title":"CHASSIEU | Plus de 15.000 masques command\u00e9s par la Ville - News Est Lyonnais","og_description":"CHASSIEU | Plus de 15.000 masques command\u00e9s par la Ville","og_url":"https:\/\/newsestlyonnais.fr\/site\/2020\/04\/21\/chassieu-plus-de-15-000-masques-commandes-par-la-ville\/","og_site_name":"News Est Lyonnais","article_author":"https:\/\/www.facebook.com\/pascal.oberson.1?fref=ts","article_published_time":"2020-04-21T05:52:53+00:00","article_modified_time":"2020-05-06T07:48:26+00:00","og_image":[{"width":1200,"height":900,"url":"https:\/\/i0.wp.com\/newsestlyonnais.fr\/site\/wp-content\/uploads\/2019\/09\/NEWSESTLYONNAIS-MAIRIE-CHASSIEU-e1570524383738.jpg?fit=1200%2C900&ssl=1","type":"image\/jpeg"}],"author":"R\u00e9dac. NEWS","twitter_card":"summary_large_image","twitter_misc":{"\u00c9crit par":"R\u00e9dac. NEWS","Dur\u00e9e de lecture estim\u00e9e":"2 minutes"},"schema":{"@context":"https:\/\/schema.org","@graph":[{"@type":"Article","@id":"https:\/\/newsestlyonnais.fr\/site\/2020\/04\/21\/chassieu-plus-de-15-000-masques-commandes-par-la-ville\/#article","isPartOf":{"@id":"https:\/\/newsestlyonnais.fr\/site\/2020\/04\/21\/chassieu-plus-de-15-000-masques-commandes-par-la-ville\/"},"author":{"name":"R\u00e9dac. NEWS","@id":"https:\/\/newsestlyonnais.fr\/site\/#\/schema\/person\/3230d5615f390bb808365d673001e887"},"headline":"CHASSIEU | Plus de 15.000 masques command\u00e9s par la Ville","datePublished":"2020-04-21T05:52:53+00:00","dateModified":"2020-05-06T07:48:26+00:00","mainEntityOfPage":{"@id":"https:\/\/newsestlyonnais.fr\/site\/2020\/04\/21\/chassieu-plus-de-15-000-masques-commandes-par-la-ville\/"},"wordCount":438,"commentCount":0,"publisher":{"@id":"https:\/\/newsestlyonnais.fr\/site\/#organization"},"image":{"@id":"https:\/\/newsestlyonnais.fr\/site\/2020\/04\/21\/chassieu-plus-de-15-000-masques-commandes-par-la-ville\/#primaryimage"},"thumbnailUrl":"https:\/\/newsestlyonnais.fr\/site\/wp-content\/uploads\/2019\/09\/NEWSESTLYONNAIS-MAIRIE-CHASSIEU-e1570524383738.jpg","keywords":["Chassieu","COVID-19"],"articleSection":["Chassieu | Communes diverses","Sant\u00e9 | Bien Etre | Solidarit\u00e9"],"inLanguage":"fr-FR","potentialAction":[{"@type":"CommentAction","name":"Comment","target":["https:\/\/newsestlyonnais.fr\/site\/2020\/04\/21\/chassieu-plus-de-15-000-masques-commandes-par-la-ville\/#respond"]}]},{"@type":"WebPage","@id":"https:\/\/newsestlyonnais.fr\/site\/2020\/04\/21\/chassieu-plus-de-15-000-masques-commandes-par-la-ville\/","url":"https:\/\/newsestlyonnais.fr\/site\/2020\/04\/21\/chassieu-plus-de-15-000-masques-commandes-par-la-ville\/","name":"CHASSIEU | Plus de 15.000 masques command\u00e9s par la Ville - News Est Lyonnais","isPartOf":{"@id":"https:\/\/newsestlyonnais.fr\/site\/#website"},"primaryImageOfPage":{"@id":"https:\/\/newsestlyonnais.fr\/site\/2020\/04\/21\/chassieu-plus-de-15-000-masques-commandes-par-la-ville\/#primaryimage"},"image":{"@id":"https:\/\/newsestlyonnais.fr\/site\/2020\/04\/21\/chassieu-plus-de-15-000-masques-commandes-par-la-ville\/#primaryimage"},"thumbnailUrl":"https:\/\/newsestlyonnais.fr\/site\/wp-content\/uploads\/2019\/09\/NEWSESTLYONNAIS-MAIRIE-CHASSIEU-e1570524383738.jpg","datePublished":"2020-04-21T05:52:53+00:00","dateModified":"2020-05-06T07:48:26+00:00","description":"CHASSIEU | Plus de 15.000 masques command\u00e9s par la Ville","breadcrumb":{"@id":"https:\/\/newsestlyonnais.fr\/site\/2020\/04\/21\/chassieu-plus-de-15-000-masques-commandes-par-la-ville\/#breadcrumb"},"inLanguage":"fr-FR","potentialAction":[{"@type":"ReadAction","target":["https:\/\/newsestlyonnais.fr\/site\/2020\/04\/21\/chassieu-plus-de-15-000-masques-commandes-par-la-ville\/"]}]},{"@type":"ImageObject","inLanguage":"fr-FR","@id":"https:\/\/newsestlyonnais.fr\/site\/2020\/04\/21\/chassieu-plus-de-15-000-masques-commandes-par-la-ville\/#primaryimage","url":"https:\/\/newsestlyonnais.fr\/site\/wp-content\/uploads\/2019\/09\/NEWSESTLYONNAIS-MAIRIE-CHASSIEU-e1570524383738.jpg","contentUrl":"https:\/\/newsestlyonnais.fr\/site\/wp-content\/uploads\/2019\/09\/NEWSESTLYONNAIS-MAIRIE-CHASSIEU-e1570524383738.jpg","width":1200,"height":900},{"@type":"BreadcrumbList","@id":"https:\/\/newsestlyonnais.fr\/site\/2020\/04\/21\/chassieu-plus-de-15-000-masques-commandes-par-la-ville\/#breadcrumb","itemListElement":[{"@type":"ListItem","position":1,"name":"Accueil","item":"https:\/\/newsestlyonnais.fr\/site\/"},{"@type":"ListItem","position":2,"name":"CHASSIEU | Plus de 15.000 masques command\u00e9s par la Ville"}]},{"@type":"WebSite","@id":"https:\/\/newsestlyonnais.fr\/site\/#website","url":"https:\/\/newsestlyonnais.fr\/site\/","name":"News Est Lyonnais","description":"L&#039;actualit\u00e9 au plus pr\u00e8s","publisher":{"@id":"https:\/\/newsestlyonnais.fr\/site\/#organization"},"potentialAction":[{"@type":"SearchAction","target":{"@type":"EntryPoint","urlTemplate":"https:\/\/newsestlyonnais.fr\/site\/?s={search_term_string}"},"query-input":{"@type":"PropertyValueSpecification","valueRequired":true,"valueName":"search_term_string"}}],"inLanguage":"fr-FR"},{"@type":"Organization","@id":"https:\/\/newsestlyonnais.fr\/site\/#organization","name":"News EST LYONNAIS","url":"https:\/\/newsestlyonnais.fr\/site\/","logo":{"@type":"ImageObject","inLanguage":"fr-FR","@id":"https:\/\/newsestlyonnais.fr\/site\/#\/schema\/logo\/image\/","url":"","contentUrl":"","caption":"News EST LYONNAIS"},"image":{"@id":"https:\/\/newsestlyonnais.fr\/site\/#\/schema\/logo\/image\/"}},{"@type":"Person","@id":"https:\/\/newsestlyonnais.fr\/site\/#\/schema\/person\/3230d5615f390bb808365d673001e887","name":"R\u00e9dac. NEWS","sameAs":["http:\/\/www.newsestlyonnais.fr","https:\/\/www.facebook.com\/pascal.oberson.1?fref=ts","https:\/\/fr.linkedin.com\/in\/pascal-oberson-b17045113"],"url":"https:\/\/newsestlyonnais.fr\/site\/author\/nel\/"}]}},"_links":{"self":[{"href":"https:\/\/newsestlyonnais.fr\/site\/wp-json\/wp\/v2\/posts\/100089","targetHints":{"allow":["GET"]}}],"collection":[{"href":"https:\/\/newsestlyonnais.fr\/site\/wp-json\/wp\/v2\/posts"}],"about":[{"href":"https:\/\/newsestlyonnais.fr\/site\/wp-json\/wp\/v2\/types\/post"}],"author":[{"embeddable":true,"href":"https:\/\/newsestlyonnais.fr\/site\/wp-json\/wp\/v2\/users\/4"}],"replies":[{"embeddable":true,"href":"https:\/\/newsestlyonnais.fr\/site\/wp-json\/wp\/v2\/comments?post=100089"}],"version-history":[{"count":0,"href":"https:\/\/newsestlyonnais.fr\/site\/wp-json\/wp\/v2\/posts\/100089\/revisions"}],"wp:featuredmedia":[{"embeddable":true,"href":"https:\/\/newsestlyonnais.fr\/site\/wp-json\/wp\/v2\/media\/83701"}],"wp:attachment":[{"href":"https:\/\/newsestlyonnais.fr\/site\/wp-json\/wp\/v2\/media?parent=100089"}],"wp:term":[{"taxonomy":"category","embeddable":true,"href":"https:\/\/newsestlyonnais.fr\/site\/wp-json\/wp\/v2\/categories?post=100089"},{"taxonomy":"post_tag","embeddable":true,"href":"https:\/\/newsestlyonnais.fr\/site\/wp-json\/wp\/v2\/tags?post=100089"}],"curies":[{"name":"wp","href":"https:\/\/api.w.org\/{rel}","templated":true}]}}