{"id":100099,"date":"2020-04-21T06:55:47","date_gmt":"2020-04-21T05:55:47","guid":{"rendered":"http:\/\/newsestlyonnais.fr\/site\/?p=100099"},"modified":"2020-05-06T08:48:07","modified_gmt":"2020-05-06T07:48:07","slug":"bron-fabrication-de-masques-en-tissu-la-ville-et-pole-en-scenes-lancent-un-appel-aux-benevoles","status":"publish","type":"post","link":"https:\/\/newsestlyonnais.fr\/site\/2020\/04\/21\/bron-fabrication-de-masques-en-tissu-la-ville-et-pole-en-scenes-lancent-un-appel-aux-benevoles\/","title":{"rendered":"BRON | Fabrication de masques en tissu &gt; Appel aux couturiers(e)s b\u00e9n\u00e9voles"},"content":{"rendered":"<p>C\u2019est pourquoi, en plus de la commande qu\u2019elle a effectu\u00e9e aupr\u00e8s de ses fournisseurs et des masques command\u00e9s par la R\u00e9gion Auvergne-Rh\u00f4ne-Alpes et la M\u00e9tropole de Lyon qu\u2019elle relayera aupr\u00e8s des habitants, <strong>elle a d\u00e9cid\u00e9 de mettre en place<\/strong>, <strong>en partenariat avec P\u00f4le en Sc\u00e8nes, un atelier de fabrication de masques en tissu<\/strong>, lavables et r\u00e9utilisables, respectant les normes en vigueur.<\/p>\n<p>________________________________________________________________________________<\/p>\n<p><strong>Les couturi\u00e8res et couturiers b\u00e9n\u00e9voles exp\u00e9riment\u00e9s peuvent d\u2019ores et d\u00e9j\u00e0 s\u2019inscrire et participer !<\/strong><\/p>\n<p>L\u2019atelier sera encadr\u00e9 par les deux couturi\u00e8res professionnelles du D\u00e9fil\u00e9 de la Biennale de la Danse, qui se trouvent disponibles compte tenu du report du D\u00e9fil\u00e9 en mai 2021. Il s\u2019installe d\u00e8s aujourd\u2019hui dans les salles festives de l\u2019Espace Roger Pestourie.<\/p>\n<p>La fabrication va se d\u00e9rouler en 2 phases :<\/p>\n<p>\u2022 Les couturi\u00e8res professionnelles de P\u00f4le en Sc\u00e8nes vont pr\u00e9parer des kits compos\u00e9s de pi\u00e8ces de tissu d\u00e9coup\u00e9es et de lani\u00e8res en coton, kits qui seront accompagn\u00e9s d\u2019une notice d\u2019assemblage<\/p>\n<p>\u2022 Ces kits seront livr\u00e9s par des agents de la Ville aux couturi\u00e8res et couturiers b\u00e9n\u00e9voles \u00e0 leur domicile. Ils seront charg\u00e9s de coudre les masques. Ces b\u00e9n\u00e9voles devront \u00eatre \u00e9quip\u00e9s d\u2019une machine \u00e0 coudre personnelle. Les agents de la Ville viendront r\u00e9cup\u00e9rer les masques au fur et \u00e0 mesure de leur fabrication.<\/p>\n<p>________________________________________________________________________________<\/p>\n<p>La Ville de Bron et P\u00f4le en sc\u00e8nes lancent donc aujourd\u2019hui un appel \u00e0 couturi\u00e8res et couturiers b\u00e9n\u00e9voles exp\u00e9riment\u00e9s, et \u00e9quip\u00e9s d\u2019une machine \u00e0 coudre \u00e0 leur domicile. Compte-tenu du confinement, l\u2019appel s\u2019adresse en premier lieu aux couturi\u00e8res et couturiers b\u00e9n\u00e9voles \u00e0 domicile, mais il est aussi possible d\u2019accueillir des couturi\u00e8res et couturiers au sein de l\u2019atelier qui sera \u00e9galement \u00e9quip\u00e9 de machines \u00e0 coudre. Par ailleurs, l\u2019atelier a \u00e9galement besoin de quelques b\u00e9n\u00e9voles pour pr\u00e9parer et emballer les kits, les couturi\u00e8res professionnelles se chargeant de la d\u00e9coupe des pi\u00e8ces selon les patrons. Contrairement aux couturi\u00e8res et couturiers, ces b\u00e9n\u00e9voles doivent obligatoirement \u00eatre pr\u00e9sents \u00e0 l\u2019Espace Pestourie.<\/p>\n<p>________________________________________________________________________________<\/p>\n<p><strong>Pour s\u2019inscrire \u00e0 cette production solidaire<\/strong> de masques en tissu, les b\u00e9n\u00e9voles ont 2 possibilit\u00e9s :<\/p>\n<p>\u2022 T\u00e9l\u00e9phoner en mairie au 04. 72. 36. 13. 01<\/p>\n<p>\u2022 Envoyer un mail \u00e0 l\u2019adresse : atelier-masques@ville-bron.fr en pr\u00e9cisant nom, pr\u00e9nom, \u00e2ge, n\u00b0 de t\u00e9l\u00e9phone (fixe et\/ou portable), adresse du domicile et adresse mail.<\/p>\n<p>________________________________________________________________________________<\/p>\n<p><strong>NOTA<\/strong> : <strong>Ces masques sont destin\u00e9s \u00e0 \u00eatre distribu\u00e9s aux habitants de Bron, \u00e0 partir du 11 mai<\/strong>, dans le cadre du d\u00e9confinement progressif. Les modalit\u00e9s de cette distribution seront pr\u00e9cis\u00e9es dans les semaines \u00e0 venir.<\/p>\n<p>________________________________________________________________________________<\/p>\n<p><em><strong>&lt;\u00a0 <\/strong><\/em><span style=\"text-decoration: underline\"><em><strong>Source<\/strong><\/em><\/span><em><strong> : <\/strong><\/em>Communiqu\u00e9 de la Ville de Bron du 21 avril 2020 \/ Photo \u00e0 la Une \/ Droits r\u00e9serv\u00e9s Ville Bron.<\/p>\n","protected":false},"excerpt":{"rendered":"<p>En pr\u00e9vision du d\u00e9confinement, la Ville souhaite pouvoir doter d\u2019un masque les Brondillants le souhaitant.<\/p>\n","protected":false},"author":4,"featured_media":100105,"comment_status":"open","ping_status":"open","sticky":false,"template":"","format":"standard","meta":{"footnotes":""},"categories":[19,18],"tags":[2072,3228],"class_list":["post-100099","post","type-post","status-publish","format-standard","has-post-thumbnail","hentry","category-bron","category-sante-bien-etre-solidarite","tag-bron","tag-covid-19"],"yoast_head":"<!-- This site is optimized with the Yoast SEO plugin v27.2 - https:\/\/yoast.com\/product\/yoast-seo-wordpress\/ -->\n<title>BRON | Fabrication de masques en tissu &gt; Appel aux couturiers(e)s b\u00e9n\u00e9voles - News Est Lyonnais<\/title>\n<meta name=\"description\" content=\"BRON | Fabrication de masques en tissu &gt; la Ville et P\u00f4le en Sc\u00e8nes lancent un appel aux b\u00e9n\u00e9voles\" \/>\n<meta name=\"robots\" content=\"index, follow, max-snippet:-1, max-image-preview:large, max-video-preview:-1\" \/>\n<link rel=\"canonical\" href=\"https:\/\/newsestlyonnais.fr\/site\/2020\/04\/21\/bron-fabrication-de-masques-en-tissu-la-ville-et-pole-en-scenes-lancent-un-appel-aux-benevoles\/\" \/>\n<meta property=\"og:locale\" content=\"fr_FR\" \/>\n<meta property=\"og:type\" content=\"article\" \/>\n<meta property=\"og:title\" content=\"BRON | Fabrication de masques en tissu &gt; Appel aux couturiers(e)s b\u00e9n\u00e9voles - News Est Lyonnais\" \/>\n<meta property=\"og:description\" content=\"BRON | Fabrication de masques en tissu &gt; la Ville et P\u00f4le en Sc\u00e8nes lancent un appel aux b\u00e9n\u00e9voles\" \/>\n<meta property=\"og:url\" content=\"https:\/\/newsestlyonnais.fr\/site\/2020\/04\/21\/bron-fabrication-de-masques-en-tissu-la-ville-et-pole-en-scenes-lancent-un-appel-aux-benevoles\/\" \/>\n<meta property=\"og:site_name\" content=\"News Est Lyonnais\" \/>\n<meta property=\"article:author\" content=\"https:\/\/www.facebook.com\/pascal.oberson.1?fref=ts\" \/>\n<meta property=\"article:published_time\" content=\"2020-04-21T05:55:47+00:00\" \/>\n<meta property=\"article:modified_time\" content=\"2020-05-06T07:48:07+00:00\" \/>\n<meta property=\"og:image\" content=\"https:\/\/i0.wp.com\/newsestlyonnais.fr\/site\/wp-content\/uploads\/2020\/04\/NEWSESTLYONNAIS-VILLE-BRON.jpg?fit=412%2C290&ssl=1\" \/>\n\t<meta property=\"og:image:width\" content=\"412\" \/>\n\t<meta property=\"og:image:height\" content=\"290\" \/>\n\t<meta property=\"og:image:type\" content=\"image\/jpeg\" \/>\n<meta name=\"author\" content=\"R\u00e9dac. NEWS\" \/>\n<meta name=\"twitter:card\" content=\"summary_large_image\" \/>\n<meta name=\"twitter:label1\" content=\"\u00c9crit par\" \/>\n\t<meta name=\"twitter:data1\" content=\"R\u00e9dac. NEWS\" \/>\n\t<meta name=\"twitter:label2\" content=\"Dur\u00e9e de lecture estim\u00e9e\" \/>\n\t<meta name=\"twitter:data2\" content=\"2 minutes\" \/>\n<script type=\"application\/ld+json\" class=\"yoast-schema-graph\">{\"@context\":\"https:\/\/schema.org\",\"@graph\":[{\"@type\":\"Article\",\"@id\":\"https:\/\/newsestlyonnais.fr\/site\/2020\/04\/21\/bron-fabrication-de-masques-en-tissu-la-ville-et-pole-en-scenes-lancent-un-appel-aux-benevoles\/#article\",\"isPartOf\":{\"@id\":\"https:\/\/newsestlyonnais.fr\/site\/2020\/04\/21\/bron-fabrication-de-masques-en-tissu-la-ville-et-pole-en-scenes-lancent-un-appel-aux-benevoles\/\"},\"author\":{\"name\":\"R\u00e9dac. NEWS\",\"@id\":\"https:\/\/newsestlyonnais.fr\/site\/#\/schema\/person\/3230d5615f390bb808365d673001e887\"},\"headline\":\"BRON | Fabrication de masques en tissu &gt; Appel aux couturiers(e)s b\u00e9n\u00e9voles\",\"datePublished\":\"2020-04-21T05:55:47+00:00\",\"dateModified\":\"2020-05-06T07:48:07+00:00\",\"mainEntityOfPage\":{\"@id\":\"https:\/\/newsestlyonnais.fr\/site\/2020\/04\/21\/bron-fabrication-de-masques-en-tissu-la-ville-et-pole-en-scenes-lancent-un-appel-aux-benevoles\/\"},\"wordCount\":508,\"commentCount\":0,\"publisher\":{\"@id\":\"https:\/\/newsestlyonnais.fr\/site\/#organization\"},\"image\":{\"@id\":\"https:\/\/newsestlyonnais.fr\/site\/2020\/04\/21\/bron-fabrication-de-masques-en-tissu-la-ville-et-pole-en-scenes-lancent-un-appel-aux-benevoles\/#primaryimage\"},\"thumbnailUrl\":\"https:\/\/newsestlyonnais.fr\/site\/wp-content\/uploads\/2020\/04\/NEWSESTLYONNAIS-VILLE-BRON.jpg\",\"keywords\":[\"BRON\",\"COVID-19\"],\"articleSection\":[\"Bron\",\"Sant\u00e9 | Bien Etre | Solidarit\u00e9\"],\"inLanguage\":\"fr-FR\",\"potentialAction\":[{\"@type\":\"CommentAction\",\"name\":\"Comment\",\"target\":[\"https:\/\/newsestlyonnais.fr\/site\/2020\/04\/21\/bron-fabrication-de-masques-en-tissu-la-ville-et-pole-en-scenes-lancent-un-appel-aux-benevoles\/#respond\"]}]},{\"@type\":\"WebPage\",\"@id\":\"https:\/\/newsestlyonnais.fr\/site\/2020\/04\/21\/bron-fabrication-de-masques-en-tissu-la-ville-et-pole-en-scenes-lancent-un-appel-aux-benevoles\/\",\"url\":\"https:\/\/newsestlyonnais.fr\/site\/2020\/04\/21\/bron-fabrication-de-masques-en-tissu-la-ville-et-pole-en-scenes-lancent-un-appel-aux-benevoles\/\",\"name\":\"BRON | Fabrication de masques en tissu &gt; Appel aux couturiers(e)s b\u00e9n\u00e9voles - News Est Lyonnais\",\"isPartOf\":{\"@id\":\"https:\/\/newsestlyonnais.fr\/site\/#website\"},\"primaryImageOfPage\":{\"@id\":\"https:\/\/newsestlyonnais.fr\/site\/2020\/04\/21\/bron-fabrication-de-masques-en-tissu-la-ville-et-pole-en-scenes-lancent-un-appel-aux-benevoles\/#primaryimage\"},\"image\":{\"@id\":\"https:\/\/newsestlyonnais.fr\/site\/2020\/04\/21\/bron-fabrication-de-masques-en-tissu-la-ville-et-pole-en-scenes-lancent-un-appel-aux-benevoles\/#primaryimage\"},\"thumbnailUrl\":\"https:\/\/newsestlyonnais.fr\/site\/wp-content\/uploads\/2020\/04\/NEWSESTLYONNAIS-VILLE-BRON.jpg\",\"datePublished\":\"2020-04-21T05:55:47+00:00\",\"dateModified\":\"2020-05-06T07:48:07+00:00\",\"description\":\"BRON | Fabrication de masques en tissu > la Ville et P\u00f4le en Sc\u00e8nes lancent un appel aux b\u00e9n\u00e9voles\",\"breadcrumb\":{\"@id\":\"https:\/\/newsestlyonnais.fr\/site\/2020\/04\/21\/bron-fabrication-de-masques-en-tissu-la-ville-et-pole-en-scenes-lancent-un-appel-aux-benevoles\/#breadcrumb\"},\"inLanguage\":\"fr-FR\",\"potentialAction\":[{\"@type\":\"ReadAction\",\"target\":[\"https:\/\/newsestlyonnais.fr\/site\/2020\/04\/21\/bron-fabrication-de-masques-en-tissu-la-ville-et-pole-en-scenes-lancent-un-appel-aux-benevoles\/\"]}]},{\"@type\":\"ImageObject\",\"inLanguage\":\"fr-FR\",\"@id\":\"https:\/\/newsestlyonnais.fr\/site\/2020\/04\/21\/bron-fabrication-de-masques-en-tissu-la-ville-et-pole-en-scenes-lancent-un-appel-aux-benevoles\/#primaryimage\",\"url\":\"https:\/\/newsestlyonnais.fr\/site\/wp-content\/uploads\/2020\/04\/NEWSESTLYONNAIS-VILLE-BRON.jpg\",\"contentUrl\":\"https:\/\/newsestlyonnais.fr\/site\/wp-content\/uploads\/2020\/04\/NEWSESTLYONNAIS-VILLE-BRON.jpg\",\"width\":412,\"height\":290},{\"@type\":\"BreadcrumbList\",\"@id\":\"https:\/\/newsestlyonnais.fr\/site\/2020\/04\/21\/bron-fabrication-de-masques-en-tissu-la-ville-et-pole-en-scenes-lancent-un-appel-aux-benevoles\/#breadcrumb\",\"itemListElement\":[{\"@type\":\"ListItem\",\"position\":1,\"name\":\"Accueil\",\"item\":\"https:\/\/newsestlyonnais.fr\/site\/\"},{\"@type\":\"ListItem\",\"position\":2,\"name\":\"BRON | Fabrication de masques en tissu &gt; Appel aux couturiers(e)s b\u00e9n\u00e9voles\"}]},{\"@type\":\"WebSite\",\"@id\":\"https:\/\/newsestlyonnais.fr\/site\/#website\",\"url\":\"https:\/\/newsestlyonnais.fr\/site\/\",\"name\":\"News Est Lyonnais\",\"description\":\"L&#039;actualit\u00e9 au plus pr\u00e8s\",\"publisher\":{\"@id\":\"https:\/\/newsestlyonnais.fr\/site\/#organization\"},\"potentialAction\":[{\"@type\":\"SearchAction\",\"target\":{\"@type\":\"EntryPoint\",\"urlTemplate\":\"https:\/\/newsestlyonnais.fr\/site\/?s={search_term_string}\"},\"query-input\":{\"@type\":\"PropertyValueSpecification\",\"valueRequired\":true,\"valueName\":\"search_term_string\"}}],\"inLanguage\":\"fr-FR\"},{\"@type\":\"Organization\",\"@id\":\"https:\/\/newsestlyonnais.fr\/site\/#organization\",\"name\":\"News EST LYONNAIS\",\"url\":\"https:\/\/newsestlyonnais.fr\/site\/\",\"logo\":{\"@type\":\"ImageObject\",\"inLanguage\":\"fr-FR\",\"@id\":\"https:\/\/newsestlyonnais.fr\/site\/#\/schema\/logo\/image\/\",\"url\":\"\",\"contentUrl\":\"\",\"caption\":\"News EST LYONNAIS\"},\"image\":{\"@id\":\"https:\/\/newsestlyonnais.fr\/site\/#\/schema\/logo\/image\/\"}},{\"@type\":\"Person\",\"@id\":\"https:\/\/newsestlyonnais.fr\/site\/#\/schema\/person\/3230d5615f390bb808365d673001e887\",\"name\":\"R\u00e9dac. NEWS\",\"sameAs\":[\"http:\/\/www.newsestlyonnais.fr\",\"https:\/\/www.facebook.com\/pascal.oberson.1?fref=ts\",\"https:\/\/fr.linkedin.com\/in\/pascal-oberson-b17045113\"],\"url\":\"https:\/\/newsestlyonnais.fr\/site\/author\/nel\/\"}]}<\/script>\n<!-- \/ Yoast SEO plugin. -->","yoast_head_json":{"title":"BRON | Fabrication de masques en tissu &gt; Appel aux couturiers(e)s b\u00e9n\u00e9voles - News Est Lyonnais","description":"BRON | Fabrication de masques en tissu > la Ville et P\u00f4le en Sc\u00e8nes lancent un appel aux b\u00e9n\u00e9voles","robots":{"index":"index","follow":"follow","max-snippet":"max-snippet:-1","max-image-preview":"max-image-preview:large","max-video-preview":"max-video-preview:-1"},"canonical":"https:\/\/newsestlyonnais.fr\/site\/2020\/04\/21\/bron-fabrication-de-masques-en-tissu-la-ville-et-pole-en-scenes-lancent-un-appel-aux-benevoles\/","og_locale":"fr_FR","og_type":"article","og_title":"BRON | Fabrication de masques en tissu &gt; Appel aux couturiers(e)s b\u00e9n\u00e9voles - News Est Lyonnais","og_description":"BRON | Fabrication de masques en tissu > la Ville et P\u00f4le en Sc\u00e8nes lancent un appel aux b\u00e9n\u00e9voles","og_url":"https:\/\/newsestlyonnais.fr\/site\/2020\/04\/21\/bron-fabrication-de-masques-en-tissu-la-ville-et-pole-en-scenes-lancent-un-appel-aux-benevoles\/","og_site_name":"News Est Lyonnais","article_author":"https:\/\/www.facebook.com\/pascal.oberson.1?fref=ts","article_published_time":"2020-04-21T05:55:47+00:00","article_modified_time":"2020-05-06T07:48:07+00:00","og_image":[{"width":412,"height":290,"url":"https:\/\/i0.wp.com\/newsestlyonnais.fr\/site\/wp-content\/uploads\/2020\/04\/NEWSESTLYONNAIS-VILLE-BRON.jpg?fit=412%2C290&ssl=1","type":"image\/jpeg"}],"author":"R\u00e9dac. NEWS","twitter_card":"summary_large_image","twitter_misc":{"\u00c9crit par":"R\u00e9dac. NEWS","Dur\u00e9e de lecture estim\u00e9e":"2 minutes"},"schema":{"@context":"https:\/\/schema.org","@graph":[{"@type":"Article","@id":"https:\/\/newsestlyonnais.fr\/site\/2020\/04\/21\/bron-fabrication-de-masques-en-tissu-la-ville-et-pole-en-scenes-lancent-un-appel-aux-benevoles\/#article","isPartOf":{"@id":"https:\/\/newsestlyonnais.fr\/site\/2020\/04\/21\/bron-fabrication-de-masques-en-tissu-la-ville-et-pole-en-scenes-lancent-un-appel-aux-benevoles\/"},"author":{"name":"R\u00e9dac. NEWS","@id":"https:\/\/newsestlyonnais.fr\/site\/#\/schema\/person\/3230d5615f390bb808365d673001e887"},"headline":"BRON | Fabrication de masques en tissu &gt; Appel aux couturiers(e)s b\u00e9n\u00e9voles","datePublished":"2020-04-21T05:55:47+00:00","dateModified":"2020-05-06T07:48:07+00:00","mainEntityOfPage":{"@id":"https:\/\/newsestlyonnais.fr\/site\/2020\/04\/21\/bron-fabrication-de-masques-en-tissu-la-ville-et-pole-en-scenes-lancent-un-appel-aux-benevoles\/"},"wordCount":508,"commentCount":0,"publisher":{"@id":"https:\/\/newsestlyonnais.fr\/site\/#organization"},"image":{"@id":"https:\/\/newsestlyonnais.fr\/site\/2020\/04\/21\/bron-fabrication-de-masques-en-tissu-la-ville-et-pole-en-scenes-lancent-un-appel-aux-benevoles\/#primaryimage"},"thumbnailUrl":"https:\/\/newsestlyonnais.fr\/site\/wp-content\/uploads\/2020\/04\/NEWSESTLYONNAIS-VILLE-BRON.jpg","keywords":["BRON","COVID-19"],"articleSection":["Bron","Sant\u00e9 | Bien Etre | Solidarit\u00e9"],"inLanguage":"fr-FR","potentialAction":[{"@type":"CommentAction","name":"Comment","target":["https:\/\/newsestlyonnais.fr\/site\/2020\/04\/21\/bron-fabrication-de-masques-en-tissu-la-ville-et-pole-en-scenes-lancent-un-appel-aux-benevoles\/#respond"]}]},{"@type":"WebPage","@id":"https:\/\/newsestlyonnais.fr\/site\/2020\/04\/21\/bron-fabrication-de-masques-en-tissu-la-ville-et-pole-en-scenes-lancent-un-appel-aux-benevoles\/","url":"https:\/\/newsestlyonnais.fr\/site\/2020\/04\/21\/bron-fabrication-de-masques-en-tissu-la-ville-et-pole-en-scenes-lancent-un-appel-aux-benevoles\/","name":"BRON | Fabrication de masques en tissu &gt; Appel aux couturiers(e)s b\u00e9n\u00e9voles - News Est Lyonnais","isPartOf":{"@id":"https:\/\/newsestlyonnais.fr\/site\/#website"},"primaryImageOfPage":{"@id":"https:\/\/newsestlyonnais.fr\/site\/2020\/04\/21\/bron-fabrication-de-masques-en-tissu-la-ville-et-pole-en-scenes-lancent-un-appel-aux-benevoles\/#primaryimage"},"image":{"@id":"https:\/\/newsestlyonnais.fr\/site\/2020\/04\/21\/bron-fabrication-de-masques-en-tissu-la-ville-et-pole-en-scenes-lancent-un-appel-aux-benevoles\/#primaryimage"},"thumbnailUrl":"https:\/\/newsestlyonnais.fr\/site\/wp-content\/uploads\/2020\/04\/NEWSESTLYONNAIS-VILLE-BRON.jpg","datePublished":"2020-04-21T05:55:47+00:00","dateModified":"2020-05-06T07:48:07+00:00","description":"BRON | Fabrication de masques en tissu > la Ville et P\u00f4le en Sc\u00e8nes lancent un appel aux b\u00e9n\u00e9voles","breadcrumb":{"@id":"https:\/\/newsestlyonnais.fr\/site\/2020\/04\/21\/bron-fabrication-de-masques-en-tissu-la-ville-et-pole-en-scenes-lancent-un-appel-aux-benevoles\/#breadcrumb"},"inLanguage":"fr-FR","potentialAction":[{"@type":"ReadAction","target":["https:\/\/newsestlyonnais.fr\/site\/2020\/04\/21\/bron-fabrication-de-masques-en-tissu-la-ville-et-pole-en-scenes-lancent-un-appel-aux-benevoles\/"]}]},{"@type":"ImageObject","inLanguage":"fr-FR","@id":"https:\/\/newsestlyonnais.fr\/site\/2020\/04\/21\/bron-fabrication-de-masques-en-tissu-la-ville-et-pole-en-scenes-lancent-un-appel-aux-benevoles\/#primaryimage","url":"https:\/\/newsestlyonnais.fr\/site\/wp-content\/uploads\/2020\/04\/NEWSESTLYONNAIS-VILLE-BRON.jpg","contentUrl":"https:\/\/newsestlyonnais.fr\/site\/wp-content\/uploads\/2020\/04\/NEWSESTLYONNAIS-VILLE-BRON.jpg","width":412,"height":290},{"@type":"BreadcrumbList","@id":"https:\/\/newsestlyonnais.fr\/site\/2020\/04\/21\/bron-fabrication-de-masques-en-tissu-la-ville-et-pole-en-scenes-lancent-un-appel-aux-benevoles\/#breadcrumb","itemListElement":[{"@type":"ListItem","position":1,"name":"Accueil","item":"https:\/\/newsestlyonnais.fr\/site\/"},{"@type":"ListItem","position":2,"name":"BRON | Fabrication de masques en tissu &gt; Appel aux couturiers(e)s b\u00e9n\u00e9voles"}]},{"@type":"WebSite","@id":"https:\/\/newsestlyonnais.fr\/site\/#website","url":"https:\/\/newsestlyonnais.fr\/site\/","name":"News Est Lyonnais","description":"L&#039;actualit\u00e9 au plus pr\u00e8s","publisher":{"@id":"https:\/\/newsestlyonnais.fr\/site\/#organization"},"potentialAction":[{"@type":"SearchAction","target":{"@type":"EntryPoint","urlTemplate":"https:\/\/newsestlyonnais.fr\/site\/?s={search_term_string}"},"query-input":{"@type":"PropertyValueSpecification","valueRequired":true,"valueName":"search_term_string"}}],"inLanguage":"fr-FR"},{"@type":"Organization","@id":"https:\/\/newsestlyonnais.fr\/site\/#organization","name":"News EST LYONNAIS","url":"https:\/\/newsestlyonnais.fr\/site\/","logo":{"@type":"ImageObject","inLanguage":"fr-FR","@id":"https:\/\/newsestlyonnais.fr\/site\/#\/schema\/logo\/image\/","url":"","contentUrl":"","caption":"News EST LYONNAIS"},"image":{"@id":"https:\/\/newsestlyonnais.fr\/site\/#\/schema\/logo\/image\/"}},{"@type":"Person","@id":"https:\/\/newsestlyonnais.fr\/site\/#\/schema\/person\/3230d5615f390bb808365d673001e887","name":"R\u00e9dac. NEWS","sameAs":["http:\/\/www.newsestlyonnais.fr","https:\/\/www.facebook.com\/pascal.oberson.1?fref=ts","https:\/\/fr.linkedin.com\/in\/pascal-oberson-b17045113"],"url":"https:\/\/newsestlyonnais.fr\/site\/author\/nel\/"}]}},"_links":{"self":[{"href":"https:\/\/newsestlyonnais.fr\/site\/wp-json\/wp\/v2\/posts\/100099","targetHints":{"allow":["GET"]}}],"collection":[{"href":"https:\/\/newsestlyonnais.fr\/site\/wp-json\/wp\/v2\/posts"}],"about":[{"href":"https:\/\/newsestlyonnais.fr\/site\/wp-json\/wp\/v2\/types\/post"}],"author":[{"embeddable":true,"href":"https:\/\/newsestlyonnais.fr\/site\/wp-json\/wp\/v2\/users\/4"}],"replies":[{"embeddable":true,"href":"https:\/\/newsestlyonnais.fr\/site\/wp-json\/wp\/v2\/comments?post=100099"}],"version-history":[{"count":0,"href":"https:\/\/newsestlyonnais.fr\/site\/wp-json\/wp\/v2\/posts\/100099\/revisions"}],"wp:featuredmedia":[{"embeddable":true,"href":"https:\/\/newsestlyonnais.fr\/site\/wp-json\/wp\/v2\/media\/100105"}],"wp:attachment":[{"href":"https:\/\/newsestlyonnais.fr\/site\/wp-json\/wp\/v2\/media?parent=100099"}],"wp:term":[{"taxonomy":"category","embeddable":true,"href":"https:\/\/newsestlyonnais.fr\/site\/wp-json\/wp\/v2\/categories?post=100099"},{"taxonomy":"post_tag","embeddable":true,"href":"https:\/\/newsestlyonnais.fr\/site\/wp-json\/wp\/v2\/tags?post=100099"}],"curies":[{"name":"wp","href":"https:\/\/api.w.org\/{rel}","templated":true}]}}