{"id":100273,"date":"2020-04-23T15:04:25","date_gmt":"2020-04-23T14:04:25","guid":{"rendered":"http:\/\/newsestlyonnais.fr\/site\/?p=100273"},"modified":"2020-04-23T15:04:25","modified_gmt":"2020-04-23T14:04:25","slug":"venissieux-mise-en-place-dune-aide-alimentaire","status":"publish","type":"post","link":"https:\/\/newsestlyonnais.fr\/site\/2020\/04\/23\/venissieux-mise-en-place-dune-aide-alimentaire\/","title":{"rendered":"VENISSIEUX | Mise en place d\u2019une aide alimentaire"},"content":{"rendered":"<div id=\"header\"><\/div>\n<div id=\"publication\">\n<div id=\"content\">\n<div class=\"border col article\">\n<p><strong>La Ville de V\u00e9nissieux apportera un soutien \u00e9conomique, entre 20 et 60 \u20ac, aux familles les plus modestes pour aider l\u2019acc\u00e8s des enfants \u00e0 une alimentation de qualit\u00e9 et en quantit\u00e9 suffisante.<\/strong><\/p>\n<p>La crise sanitaire actuelle, en obligeant de nombreux services publics \u00e0 fermer de mani\u00e8re prolong\u00e9e, creusent les in\u00e9galit\u00e9s \u00e9conomiques et sociales, notamment en mati\u00e8re d\u2019acc\u00e8s \u00e0 l\u2019alimentation.<\/p>\n<p>________________________________________________________________________________<\/p>\n<p><strong>La Ville versera une aide sous forme de ch\u00e8ques d\u2019accompagnement personnalis\u00e9 (CAP), r\u00e9serv\u00e9s \u00e0 l\u2019achat de produits alimentaires. Cette aide concernera les foyers (1.383 familles et 2.329 enfants) qui b\u00e9n\u00e9ficient d\u2019un tarif r\u00e9duit au service de restauration municipale.<\/strong><\/p>\n<p>________________________________________________________________________________<\/p>\n<p>Les modalit\u00e9s de distribution seront pr\u00e9cis\u00e9es prochainement aux b\u00e9n\u00e9ficiaires par SMS via le fichier Technocarte des inscrits \u00e0 la restauration scolaire et l\u2019organisation sera\u00a0conforme aux r\u00e8gles sanitaires et gestes barri\u00e8res.<\/p>\n<p><strong>Les familles, actuellement\u00a0\u00e0 plein tarif, et dont les ressources seraient affect\u00e9es dans cette p\u00e9riode, doivent s\u2019adresser \u00e0 la Direction Solidarit\u00e9 Action Sociale pour l\u2019examen de leur situation. Vous pouvez contacter l\u2019accueil de l\u2019H\u00f4tel de Ville au 04. 72. 21. 44. 44 de 8 h 30 \u00e0 17 h (du lundi au vendredi).<\/strong><\/p>\n<p>________________________________________________________________________________<\/p>\n<p><strong><em>&gt; Source<\/em><\/strong> : Communiqu\u00e9 de presse du jeudi 23 avril de Mich\u00e8le Picard, maire de V\u00e9nissieux.<\/p>\n<p>&nbsp;<\/p>\n<\/div>\n<\/div>\n<\/div>\n","protected":false},"excerpt":{"rendered":"<p>Ceci pour les familles b\u00e9n\u00e9ficiant de tarifs sociaux \u00e0 la restauration scolaire municipale.<\/p>\n","protected":false},"author":4,"featured_media":95972,"comment_status":"open","ping_status":"open","sticky":false,"template":"","format":"standard","meta":{"footnotes":""},"categories":[2217,18,1298],"tags":[],"class_list":["post-100273","post","type-post","status-publish","format-standard","has-post-thumbnail","hentry","category-breves-de-lest-lyonnais","category-sante-bien-etre-solidarite","category-venissieux"],"yoast_head":"<!-- This site is optimized with the Yoast SEO plugin v27.2 - https:\/\/yoast.com\/product\/yoast-seo-wordpress\/ -->\n<title>VENISSIEUX | Mise en place d\u2019une aide alimentaire - News Est Lyonnais<\/title>\n<meta name=\"description\" content=\"VENISSIEUX | Mise en place d\u2019une aide alimentaire\" \/>\n<meta name=\"robots\" content=\"index, follow, max-snippet:-1, max-image-preview:large, max-video-preview:-1\" \/>\n<link rel=\"canonical\" href=\"https:\/\/newsestlyonnais.fr\/site\/2020\/04\/23\/venissieux-mise-en-place-dune-aide-alimentaire\/\" \/>\n<meta property=\"og:locale\" content=\"fr_FR\" \/>\n<meta property=\"og:type\" content=\"article\" \/>\n<meta property=\"og:title\" content=\"VENISSIEUX | Mise en place d\u2019une aide alimentaire - News Est Lyonnais\" \/>\n<meta property=\"og:description\" content=\"VENISSIEUX | Mise en place d\u2019une aide alimentaire\" \/>\n<meta property=\"og:url\" content=\"https:\/\/newsestlyonnais.fr\/site\/2020\/04\/23\/venissieux-mise-en-place-dune-aide-alimentaire\/\" \/>\n<meta property=\"og:site_name\" content=\"News Est Lyonnais\" \/>\n<meta property=\"article:author\" content=\"https:\/\/www.facebook.com\/pascal.oberson.1?fref=ts\" \/>\n<meta property=\"article:published_time\" content=\"2020-04-23T14:04:25+00:00\" \/>\n<meta property=\"og:image\" content=\"https:\/\/i2.wp.com\/newsestlyonnais.fr\/site\/wp-content\/uploads\/2019\/11\/NEWSESTLYONNAIS-MAIRIE-VENX.jpg?fit=1200%2C800&ssl=1\" \/>\n\t<meta property=\"og:image:width\" content=\"1200\" \/>\n\t<meta property=\"og:image:height\" content=\"800\" \/>\n\t<meta property=\"og:image:type\" content=\"image\/jpeg\" \/>\n<meta name=\"author\" content=\"R\u00e9dac. NEWS\" \/>\n<meta name=\"twitter:card\" content=\"summary_large_image\" \/>\n<meta name=\"twitter:label1\" content=\"\u00c9crit par\" \/>\n\t<meta name=\"twitter:data1\" content=\"R\u00e9dac. NEWS\" \/>\n\t<meta name=\"twitter:label2\" content=\"Dur\u00e9e de lecture estim\u00e9e\" \/>\n\t<meta name=\"twitter:data2\" content=\"1 minute\" \/>\n<script type=\"application\/ld+json\" class=\"yoast-schema-graph\">{\"@context\":\"https:\/\/schema.org\",\"@graph\":[{\"@type\":\"Article\",\"@id\":\"https:\/\/newsestlyonnais.fr\/site\/2020\/04\/23\/venissieux-mise-en-place-dune-aide-alimentaire\/#article\",\"isPartOf\":{\"@id\":\"https:\/\/newsestlyonnais.fr\/site\/2020\/04\/23\/venissieux-mise-en-place-dune-aide-alimentaire\/\"},\"author\":{\"name\":\"R\u00e9dac. NEWS\",\"@id\":\"https:\/\/newsestlyonnais.fr\/site\/#\/schema\/person\/3230d5615f390bb808365d673001e887\"},\"headline\":\"VENISSIEUX | Mise en place d\u2019une aide alimentaire\",\"datePublished\":\"2020-04-23T14:04:25+00:00\",\"mainEntityOfPage\":{\"@id\":\"https:\/\/newsestlyonnais.fr\/site\/2020\/04\/23\/venissieux-mise-en-place-dune-aide-alimentaire\/\"},\"wordCount\":220,\"commentCount\":0,\"publisher\":{\"@id\":\"https:\/\/newsestlyonnais.fr\/site\/#organization\"},\"image\":{\"@id\":\"https:\/\/newsestlyonnais.fr\/site\/2020\/04\/23\/venissieux-mise-en-place-dune-aide-alimentaire\/#primaryimage\"},\"thumbnailUrl\":\"https:\/\/newsestlyonnais.fr\/site\/wp-content\/uploads\/2019\/11\/NEWSESTLYONNAIS-MAIRIE-VENX.jpg\",\"articleSection\":[\"Br\u00e8ves de l'Est lyonnais\",\"Sant\u00e9 | Bien Etre | Solidarit\u00e9\",\"V\u00e9nissieux\"],\"inLanguage\":\"fr-FR\",\"potentialAction\":[{\"@type\":\"CommentAction\",\"name\":\"Comment\",\"target\":[\"https:\/\/newsestlyonnais.fr\/site\/2020\/04\/23\/venissieux-mise-en-place-dune-aide-alimentaire\/#respond\"]}]},{\"@type\":\"WebPage\",\"@id\":\"https:\/\/newsestlyonnais.fr\/site\/2020\/04\/23\/venissieux-mise-en-place-dune-aide-alimentaire\/\",\"url\":\"https:\/\/newsestlyonnais.fr\/site\/2020\/04\/23\/venissieux-mise-en-place-dune-aide-alimentaire\/\",\"name\":\"VENISSIEUX | Mise en place d\u2019une aide alimentaire - News Est Lyonnais\",\"isPartOf\":{\"@id\":\"https:\/\/newsestlyonnais.fr\/site\/#website\"},\"primaryImageOfPage\":{\"@id\":\"https:\/\/newsestlyonnais.fr\/site\/2020\/04\/23\/venissieux-mise-en-place-dune-aide-alimentaire\/#primaryimage\"},\"image\":{\"@id\":\"https:\/\/newsestlyonnais.fr\/site\/2020\/04\/23\/venissieux-mise-en-place-dune-aide-alimentaire\/#primaryimage\"},\"thumbnailUrl\":\"https:\/\/newsestlyonnais.fr\/site\/wp-content\/uploads\/2019\/11\/NEWSESTLYONNAIS-MAIRIE-VENX.jpg\",\"datePublished\":\"2020-04-23T14:04:25+00:00\",\"description\":\"VENISSIEUX | Mise en place d\u2019une aide alimentaire\",\"breadcrumb\":{\"@id\":\"https:\/\/newsestlyonnais.fr\/site\/2020\/04\/23\/venissieux-mise-en-place-dune-aide-alimentaire\/#breadcrumb\"},\"inLanguage\":\"fr-FR\",\"potentialAction\":[{\"@type\":\"ReadAction\",\"target\":[\"https:\/\/newsestlyonnais.fr\/site\/2020\/04\/23\/venissieux-mise-en-place-dune-aide-alimentaire\/\"]}]},{\"@type\":\"ImageObject\",\"inLanguage\":\"fr-FR\",\"@id\":\"https:\/\/newsestlyonnais.fr\/site\/2020\/04\/23\/venissieux-mise-en-place-dune-aide-alimentaire\/#primaryimage\",\"url\":\"https:\/\/newsestlyonnais.fr\/site\/wp-content\/uploads\/2019\/11\/NEWSESTLYONNAIS-MAIRIE-VENX.jpg\",\"contentUrl\":\"https:\/\/newsestlyonnais.fr\/site\/wp-content\/uploads\/2019\/11\/NEWSESTLYONNAIS-MAIRIE-VENX.jpg\",\"width\":1200,\"height\":800},{\"@type\":\"BreadcrumbList\",\"@id\":\"https:\/\/newsestlyonnais.fr\/site\/2020\/04\/23\/venissieux-mise-en-place-dune-aide-alimentaire\/#breadcrumb\",\"itemListElement\":[{\"@type\":\"ListItem\",\"position\":1,\"name\":\"Accueil\",\"item\":\"https:\/\/newsestlyonnais.fr\/site\/\"},{\"@type\":\"ListItem\",\"position\":2,\"name\":\"VENISSIEUX | Mise en place d\u2019une aide alimentaire\"}]},{\"@type\":\"WebSite\",\"@id\":\"https:\/\/newsestlyonnais.fr\/site\/#website\",\"url\":\"https:\/\/newsestlyonnais.fr\/site\/\",\"name\":\"News Est Lyonnais\",\"description\":\"L&#039;actualit\u00e9 au plus pr\u00e8s\",\"publisher\":{\"@id\":\"https:\/\/newsestlyonnais.fr\/site\/#organization\"},\"potentialAction\":[{\"@type\":\"SearchAction\",\"target\":{\"@type\":\"EntryPoint\",\"urlTemplate\":\"https:\/\/newsestlyonnais.fr\/site\/?s={search_term_string}\"},\"query-input\":{\"@type\":\"PropertyValueSpecification\",\"valueRequired\":true,\"valueName\":\"search_term_string\"}}],\"inLanguage\":\"fr-FR\"},{\"@type\":\"Organization\",\"@id\":\"https:\/\/newsestlyonnais.fr\/site\/#organization\",\"name\":\"News EST LYONNAIS\",\"url\":\"https:\/\/newsestlyonnais.fr\/site\/\",\"logo\":{\"@type\":\"ImageObject\",\"inLanguage\":\"fr-FR\",\"@id\":\"https:\/\/newsestlyonnais.fr\/site\/#\/schema\/logo\/image\/\",\"url\":\"\",\"contentUrl\":\"\",\"caption\":\"News EST LYONNAIS\"},\"image\":{\"@id\":\"https:\/\/newsestlyonnais.fr\/site\/#\/schema\/logo\/image\/\"}},{\"@type\":\"Person\",\"@id\":\"https:\/\/newsestlyonnais.fr\/site\/#\/schema\/person\/3230d5615f390bb808365d673001e887\",\"name\":\"R\u00e9dac. NEWS\",\"sameAs\":[\"http:\/\/www.newsestlyonnais.fr\",\"https:\/\/www.facebook.com\/pascal.oberson.1?fref=ts\",\"https:\/\/fr.linkedin.com\/in\/pascal-oberson-b17045113\"],\"url\":\"https:\/\/newsestlyonnais.fr\/site\/author\/nel\/\"}]}<\/script>\n<!-- \/ Yoast SEO plugin. -->","yoast_head_json":{"title":"VENISSIEUX | Mise en place d\u2019une aide alimentaire - News Est Lyonnais","description":"VENISSIEUX | Mise en place d\u2019une aide alimentaire","robots":{"index":"index","follow":"follow","max-snippet":"max-snippet:-1","max-image-preview":"max-image-preview:large","max-video-preview":"max-video-preview:-1"},"canonical":"https:\/\/newsestlyonnais.fr\/site\/2020\/04\/23\/venissieux-mise-en-place-dune-aide-alimentaire\/","og_locale":"fr_FR","og_type":"article","og_title":"VENISSIEUX | Mise en place d\u2019une aide alimentaire - News Est Lyonnais","og_description":"VENISSIEUX | Mise en place d\u2019une aide alimentaire","og_url":"https:\/\/newsestlyonnais.fr\/site\/2020\/04\/23\/venissieux-mise-en-place-dune-aide-alimentaire\/","og_site_name":"News Est Lyonnais","article_author":"https:\/\/www.facebook.com\/pascal.oberson.1?fref=ts","article_published_time":"2020-04-23T14:04:25+00:00","og_image":[{"width":1200,"height":800,"url":"https:\/\/i2.wp.com\/newsestlyonnais.fr\/site\/wp-content\/uploads\/2019\/11\/NEWSESTLYONNAIS-MAIRIE-VENX.jpg?fit=1200%2C800&ssl=1","type":"image\/jpeg"}],"author":"R\u00e9dac. NEWS","twitter_card":"summary_large_image","twitter_misc":{"\u00c9crit par":"R\u00e9dac. NEWS","Dur\u00e9e de lecture estim\u00e9e":"1 minute"},"schema":{"@context":"https:\/\/schema.org","@graph":[{"@type":"Article","@id":"https:\/\/newsestlyonnais.fr\/site\/2020\/04\/23\/venissieux-mise-en-place-dune-aide-alimentaire\/#article","isPartOf":{"@id":"https:\/\/newsestlyonnais.fr\/site\/2020\/04\/23\/venissieux-mise-en-place-dune-aide-alimentaire\/"},"author":{"name":"R\u00e9dac. NEWS","@id":"https:\/\/newsestlyonnais.fr\/site\/#\/schema\/person\/3230d5615f390bb808365d673001e887"},"headline":"VENISSIEUX | Mise en place d\u2019une aide alimentaire","datePublished":"2020-04-23T14:04:25+00:00","mainEntityOfPage":{"@id":"https:\/\/newsestlyonnais.fr\/site\/2020\/04\/23\/venissieux-mise-en-place-dune-aide-alimentaire\/"},"wordCount":220,"commentCount":0,"publisher":{"@id":"https:\/\/newsestlyonnais.fr\/site\/#organization"},"image":{"@id":"https:\/\/newsestlyonnais.fr\/site\/2020\/04\/23\/venissieux-mise-en-place-dune-aide-alimentaire\/#primaryimage"},"thumbnailUrl":"https:\/\/newsestlyonnais.fr\/site\/wp-content\/uploads\/2019\/11\/NEWSESTLYONNAIS-MAIRIE-VENX.jpg","articleSection":["Br\u00e8ves de l'Est lyonnais","Sant\u00e9 | Bien Etre | Solidarit\u00e9","V\u00e9nissieux"],"inLanguage":"fr-FR","potentialAction":[{"@type":"CommentAction","name":"Comment","target":["https:\/\/newsestlyonnais.fr\/site\/2020\/04\/23\/venissieux-mise-en-place-dune-aide-alimentaire\/#respond"]}]},{"@type":"WebPage","@id":"https:\/\/newsestlyonnais.fr\/site\/2020\/04\/23\/venissieux-mise-en-place-dune-aide-alimentaire\/","url":"https:\/\/newsestlyonnais.fr\/site\/2020\/04\/23\/venissieux-mise-en-place-dune-aide-alimentaire\/","name":"VENISSIEUX | Mise en place d\u2019une aide alimentaire - News Est Lyonnais","isPartOf":{"@id":"https:\/\/newsestlyonnais.fr\/site\/#website"},"primaryImageOfPage":{"@id":"https:\/\/newsestlyonnais.fr\/site\/2020\/04\/23\/venissieux-mise-en-place-dune-aide-alimentaire\/#primaryimage"},"image":{"@id":"https:\/\/newsestlyonnais.fr\/site\/2020\/04\/23\/venissieux-mise-en-place-dune-aide-alimentaire\/#primaryimage"},"thumbnailUrl":"https:\/\/newsestlyonnais.fr\/site\/wp-content\/uploads\/2019\/11\/NEWSESTLYONNAIS-MAIRIE-VENX.jpg","datePublished":"2020-04-23T14:04:25+00:00","description":"VENISSIEUX | Mise en place d\u2019une aide alimentaire","breadcrumb":{"@id":"https:\/\/newsestlyonnais.fr\/site\/2020\/04\/23\/venissieux-mise-en-place-dune-aide-alimentaire\/#breadcrumb"},"inLanguage":"fr-FR","potentialAction":[{"@type":"ReadAction","target":["https:\/\/newsestlyonnais.fr\/site\/2020\/04\/23\/venissieux-mise-en-place-dune-aide-alimentaire\/"]}]},{"@type":"ImageObject","inLanguage":"fr-FR","@id":"https:\/\/newsestlyonnais.fr\/site\/2020\/04\/23\/venissieux-mise-en-place-dune-aide-alimentaire\/#primaryimage","url":"https:\/\/newsestlyonnais.fr\/site\/wp-content\/uploads\/2019\/11\/NEWSESTLYONNAIS-MAIRIE-VENX.jpg","contentUrl":"https:\/\/newsestlyonnais.fr\/site\/wp-content\/uploads\/2019\/11\/NEWSESTLYONNAIS-MAIRIE-VENX.jpg","width":1200,"height":800},{"@type":"BreadcrumbList","@id":"https:\/\/newsestlyonnais.fr\/site\/2020\/04\/23\/venissieux-mise-en-place-dune-aide-alimentaire\/#breadcrumb","itemListElement":[{"@type":"ListItem","position":1,"name":"Accueil","item":"https:\/\/newsestlyonnais.fr\/site\/"},{"@type":"ListItem","position":2,"name":"VENISSIEUX | Mise en place d\u2019une aide alimentaire"}]},{"@type":"WebSite","@id":"https:\/\/newsestlyonnais.fr\/site\/#website","url":"https:\/\/newsestlyonnais.fr\/site\/","name":"News Est Lyonnais","description":"L&#039;actualit\u00e9 au plus pr\u00e8s","publisher":{"@id":"https:\/\/newsestlyonnais.fr\/site\/#organization"},"potentialAction":[{"@type":"SearchAction","target":{"@type":"EntryPoint","urlTemplate":"https:\/\/newsestlyonnais.fr\/site\/?s={search_term_string}"},"query-input":{"@type":"PropertyValueSpecification","valueRequired":true,"valueName":"search_term_string"}}],"inLanguage":"fr-FR"},{"@type":"Organization","@id":"https:\/\/newsestlyonnais.fr\/site\/#organization","name":"News EST LYONNAIS","url":"https:\/\/newsestlyonnais.fr\/site\/","logo":{"@type":"ImageObject","inLanguage":"fr-FR","@id":"https:\/\/newsestlyonnais.fr\/site\/#\/schema\/logo\/image\/","url":"","contentUrl":"","caption":"News EST LYONNAIS"},"image":{"@id":"https:\/\/newsestlyonnais.fr\/site\/#\/schema\/logo\/image\/"}},{"@type":"Person","@id":"https:\/\/newsestlyonnais.fr\/site\/#\/schema\/person\/3230d5615f390bb808365d673001e887","name":"R\u00e9dac. NEWS","sameAs":["http:\/\/www.newsestlyonnais.fr","https:\/\/www.facebook.com\/pascal.oberson.1?fref=ts","https:\/\/fr.linkedin.com\/in\/pascal-oberson-b17045113"],"url":"https:\/\/newsestlyonnais.fr\/site\/author\/nel\/"}]}},"_links":{"self":[{"href":"https:\/\/newsestlyonnais.fr\/site\/wp-json\/wp\/v2\/posts\/100273","targetHints":{"allow":["GET"]}}],"collection":[{"href":"https:\/\/newsestlyonnais.fr\/site\/wp-json\/wp\/v2\/posts"}],"about":[{"href":"https:\/\/newsestlyonnais.fr\/site\/wp-json\/wp\/v2\/types\/post"}],"author":[{"embeddable":true,"href":"https:\/\/newsestlyonnais.fr\/site\/wp-json\/wp\/v2\/users\/4"}],"replies":[{"embeddable":true,"href":"https:\/\/newsestlyonnais.fr\/site\/wp-json\/wp\/v2\/comments?post=100273"}],"version-history":[{"count":0,"href":"https:\/\/newsestlyonnais.fr\/site\/wp-json\/wp\/v2\/posts\/100273\/revisions"}],"wp:featuredmedia":[{"embeddable":true,"href":"https:\/\/newsestlyonnais.fr\/site\/wp-json\/wp\/v2\/media\/95972"}],"wp:attachment":[{"href":"https:\/\/newsestlyonnais.fr\/site\/wp-json\/wp\/v2\/media?parent=100273"}],"wp:term":[{"taxonomy":"category","embeddable":true,"href":"https:\/\/newsestlyonnais.fr\/site\/wp-json\/wp\/v2\/categories?post=100273"},{"taxonomy":"post_tag","embeddable":true,"href":"https:\/\/newsestlyonnais.fr\/site\/wp-json\/wp\/v2\/tags?post=100273"}],"curies":[{"name":"wp","href":"https:\/\/api.w.org\/{rel}","templated":true}]}}