{"id":100327,"date":"2020-04-22T10:47:48","date_gmt":"2020-04-22T09:47:48","guid":{"rendered":"http:\/\/newsestlyonnais.fr\/site\/?p=100327"},"modified":"2020-04-29T10:19:28","modified_gmt":"2020-04-29T09:19:28","slug":"lyon-les-dernieres-actus-de-la-ville","status":"publish","type":"post","link":"https:\/\/newsestlyonnais.fr\/site\/2020\/04\/22\/lyon-les-dernieres-actus-de-la-ville\/","title":{"rendered":"LYON | Les toutes derni\u00e8res actualit\u00e9s de la ville"},"content":{"rendered":"<p><a href=\"https:\/\/www.lyon.fr\/actualite\/solidarite\/une-vente-aux-encheres-exceptionnelle\"><span style=\"color: #0000ff\"><img loading=\"lazy\" decoding=\"async\" class=\"size-thumbnail wp-image-100314 alignright\" src=\"https:\/\/newsestlyonnais.fr\/site\/medias\/2020\/04\/NEWSESTLYONNAIS-Vente-encheres-p-250x141.jpg\" alt=\"\" width=\"150\" height=\"85\" srcset=\"https:\/\/newsestlyonnais.fr\/site\/wp-content\/uploads\/2020\/04\/NEWSESTLYONNAIS-Vente-encheres-p-250x141.jpg 250w, https:\/\/newsestlyonnais.fr\/site\/wp-content\/uploads\/2020\/04\/NEWSESTLYONNAIS-Vente-encheres-p-400x225.jpg 400w, https:\/\/newsestlyonnais.fr\/site\/wp-content\/uploads\/2020\/04\/NEWSESTLYONNAIS-Vente-encheres-p-650x366.jpg 650w, https:\/\/newsestlyonnais.fr\/site\/wp-content\/uploads\/2020\/04\/NEWSESTLYONNAIS-Vente-encheres-p-150x84.jpg 150w, https:\/\/newsestlyonnais.fr\/site\/wp-content\/uploads\/2020\/04\/NEWSESTLYONNAIS-Vente-encheres-p-50x28.jpg 50w, https:\/\/newsestlyonnais.fr\/site\/wp-content\/uploads\/2020\/04\/NEWSESTLYONNAIS-Vente-encheres-p-100x56.jpg 100w, https:\/\/newsestlyonnais.fr\/site\/wp-content\/uploads\/2020\/04\/NEWSESTLYONNAIS-Vente-encheres-p-200x113.jpg 200w, https:\/\/newsestlyonnais.fr\/site\/wp-content\/uploads\/2020\/04\/NEWSESTLYONNAIS-Vente-encheres-p-300x169.jpg 300w, https:\/\/newsestlyonnais.fr\/site\/wp-content\/uploads\/2020\/04\/NEWSESTLYONNAIS-Vente-encheres-p-350x197.jpg 350w, https:\/\/newsestlyonnais.fr\/site\/wp-content\/uploads\/2020\/04\/NEWSESTLYONNAIS-Vente-encheres-p-450x253.jpg 450w, https:\/\/newsestlyonnais.fr\/site\/wp-content\/uploads\/2020\/04\/NEWSESTLYONNAIS-Vente-encheres-p-500x281.jpg 500w, https:\/\/newsestlyonnais.fr\/site\/wp-content\/uploads\/2020\/04\/NEWSESTLYONNAIS-Vente-encheres-p-550x310.jpg 550w, https:\/\/newsestlyonnais.fr\/site\/wp-content\/uploads\/2020\/04\/NEWSESTLYONNAIS-Vente-encheres-p.jpg 700w\" sizes=\"auto, (max-width: 150px) 100vw, 150px\" \/>Une vente aux ench\u00e8res exceptionnelle !<\/span><\/a><\/p>\n<p>Une soixantaine d&rsquo;objets sont propos\u00e9s \u00e0 la vente par des sportifs-ves de renom. L&rsquo;ensemble des fonds r\u00e9colt\u00e9s seront revers\u00e9s \u00e0 la Fondation des Hospices Civils de Lyon.<\/p>\n<p>_______________________________________________________________________________<\/p>\n<p><a href=\"https:\/\/www.lyon.fr\/actualite\/sante\/la-ville-de-lyon-fournira-bientot-des-masques-reutilisables\"><span style=\"color: #0000ff\">La Ville de Lyon fournira bient\u00f4t des masques r\u00e9utilisables<\/span><\/a><\/p>\n<p>Dans la perspective d\u2019un d\u00e9confinement progressif, la Ville de Lyon s\u2019est mise en situation de fournir des masques en tissu \u00e0 tous les Lyonnais. _______________________________________________________________________________<\/p>\n<p><a href=\"https:\/\/www.lyon.fr\/actualite\/economie\/marches-alimentaires-une-possible-reouverture-progressive\"><span style=\"color: #0000ff\">March\u00e9s alimentaires : une possible r\u00e9ouverture progressive<\/span><\/a><\/p>\n<div class=\"description\">\n<p>Le Maire de Lyon autorise la r\u00e9ouverture, de fa\u00e7on progressive, de plusieurs march\u00e9s de la Ville. <strong>Il s\u2019agirait sous r\u00e9serve d\u2019acceptation de la Pr\u00e9fecture<\/strong>, <span style=\"text-decoration: underline\">d\u2019au moins un march\u00e9 par arrondissement<\/span>, pour la vente de produits alimentaires uniquement.<\/p>\n<\/div>\n<p>_______________________________________________________________________________<\/p>\n<p><span style=\"font-size: 12pt;color: #0000ff\"><a style=\"color: #0000ff\" href=\"https:\/\/www.lyon.fr\/actualite\/vie-municipale\/lyon-proche-de-vous-les-agents-de-la-ville-mobilises\">Lyon proche de vous : les agents de la Ville mobilis\u00e9s !<\/a> <\/span><\/p>\n<p><span style=\"font-size: 12pt\">Les agents de la Ville de Lyon s\u2019investissent au quotidien dans toute la diversit\u00e9 de leurs m\u00e9tiers pour \u00eatre au service des habitants pendant cette p\u00e9riode in\u00e9dite. Qu\u2019ils soient aupr\u00e8s d\u2019un public fragile dans un EHPAD, ou en t\u00e9l\u00e9travail pour r\u00e9pondre aux questions des Lyonnais, ils font preuve d\u2019adaptation, d\u2019innovation et de bienveillance\u2026 <\/span><\/p>\n<p>________________________________________________________________________________<\/p>\n<p><a href=\"https:\/\/www.lyon.fr\/actualite\/culture\/bibliotheque-municipale-de-lyon-le-plein-de-ressources-durant-le-confinement\"><span style=\"color: #0000ff\">Biblioth\u00e8que municipale de Lyon : le plein de ressources durant le confinement.<img loading=\"lazy\" decoding=\"async\" class=\"size-thumbnail wp-image-100337 alignright\" src=\"https:\/\/newsestlyonnais.fr\/site\/medias\/2020\/04\/bml_confinement-p-250x141.jpg\" alt=\"\" width=\"150\" height=\"85\" srcset=\"https:\/\/newsestlyonnais.fr\/site\/wp-content\/uploads\/2020\/04\/bml_confinement-p-250x141.jpg 250w, https:\/\/newsestlyonnais.fr\/site\/wp-content\/uploads\/2020\/04\/bml_confinement-p-400x225.jpg 400w, https:\/\/newsestlyonnais.fr\/site\/wp-content\/uploads\/2020\/04\/bml_confinement-p-650x366.jpg 650w, https:\/\/newsestlyonnais.fr\/site\/wp-content\/uploads\/2020\/04\/bml_confinement-p-150x84.jpg 150w, https:\/\/newsestlyonnais.fr\/site\/wp-content\/uploads\/2020\/04\/bml_confinement-p-50x28.jpg 50w, https:\/\/newsestlyonnais.fr\/site\/wp-content\/uploads\/2020\/04\/bml_confinement-p-100x56.jpg 100w, https:\/\/newsestlyonnais.fr\/site\/wp-content\/uploads\/2020\/04\/bml_confinement-p-200x113.jpg 200w, https:\/\/newsestlyonnais.fr\/site\/wp-content\/uploads\/2020\/04\/bml_confinement-p-300x169.jpg 300w, https:\/\/newsestlyonnais.fr\/site\/wp-content\/uploads\/2020\/04\/bml_confinement-p-350x197.jpg 350w, https:\/\/newsestlyonnais.fr\/site\/wp-content\/uploads\/2020\/04\/bml_confinement-p-450x253.jpg 450w, https:\/\/newsestlyonnais.fr\/site\/wp-content\/uploads\/2020\/04\/bml_confinement-p-500x281.jpg 500w, https:\/\/newsestlyonnais.fr\/site\/wp-content\/uploads\/2020\/04\/bml_confinement-p-550x310.jpg 550w, https:\/\/newsestlyonnais.fr\/site\/wp-content\/uploads\/2020\/04\/bml_confinement-p.jpg 700w\" sizes=\"auto, (max-width: 150px) 100vw, 150px\" \/><\/span><\/a><\/p>\n<p>L B. M L. offre de nombreux et multiples contenus en ligne et en acc\u00e8s libre. De son magazine l\u2019influx, \u00e0 Numelyo en passant par son blog sp\u00e9cial confinement, son site et ses r\u00e9seaux sociaux, la Bml est pleine de ressources !<\/p>\n<p>_______________________________________________________________________________<\/p>\n<ul>\n<li><span style=\"font-size: 14pt\"><em><strong>Toute l\u2019ACTU de la commune est sur : <a href=\"https:\/\/www.lyon.fr\/\">https:\/\/www.lyon.fr<\/a><\/strong><\/em><\/span><\/li>\n<\/ul>\n<p>&nbsp;<\/p>\n","protected":false},"excerpt":{"rendered":"<p>Retrouvez toute l&rsquo;actualit\u00e9 et les actions de la Ville de Lyon durant cette p\u00e9riode de confinement.<\/p>\n","protected":false},"author":4,"featured_media":100332,"comment_status":"open","ping_status":"open","sticky":false,"template":"","format":"standard","meta":{"footnotes":""},"categories":[3003,1625,1380,18],"tags":[2077],"class_list":["post-100327","post","type-post","status-publish","format-standard","has-post-thumbnail","hentry","category-bibliotheque-mediatheque-mjc","category-lyon","category-marches","category-sante-bien-etre-solidarite","tag-lyon"],"yoast_head":"<!-- This site is optimized with the Yoast SEO plugin v27.2 - https:\/\/yoast.com\/product\/yoast-seo-wordpress\/ -->\n<title>LYON | Les toutes derni\u00e8res actualit\u00e9s de la ville - News Est Lyonnais<\/title>\n<meta name=\"description\" content=\"LYON | Les derni\u00e8res actus de la ville\" \/>\n<meta name=\"robots\" content=\"index, follow, max-snippet:-1, max-image-preview:large, max-video-preview:-1\" \/>\n<link rel=\"canonical\" href=\"https:\/\/newsestlyonnais.fr\/site\/2020\/04\/22\/lyon-les-dernieres-actus-de-la-ville\/\" \/>\n<meta property=\"og:locale\" content=\"fr_FR\" \/>\n<meta property=\"og:type\" content=\"article\" \/>\n<meta property=\"og:title\" content=\"LYON | Les toutes derni\u00e8res actualit\u00e9s de la ville - News Est Lyonnais\" \/>\n<meta property=\"og:description\" content=\"LYON | Les derni\u00e8res actus de la ville\" \/>\n<meta property=\"og:url\" content=\"https:\/\/newsestlyonnais.fr\/site\/2020\/04\/22\/lyon-les-dernieres-actus-de-la-ville\/\" \/>\n<meta property=\"og:site_name\" content=\"News Est Lyonnais\" \/>\n<meta property=\"article:author\" content=\"https:\/\/www.facebook.com\/pascal.oberson.1?fref=ts\" \/>\n<meta property=\"article:published_time\" content=\"2020-04-22T09:47:48+00:00\" \/>\n<meta property=\"article:modified_time\" content=\"2020-04-29T09:19:28+00:00\" \/>\n<meta property=\"og:image\" content=\"https:\/\/i1.wp.com\/newsestlyonnais.fr\/site\/wp-content\/uploads\/2020\/04\/NEWSESTLYONNAIS-VUE-LYON.jpg?fit=1200%2C800&ssl=1\" \/>\n\t<meta property=\"og:image:width\" content=\"1200\" \/>\n\t<meta property=\"og:image:height\" content=\"800\" \/>\n\t<meta property=\"og:image:type\" content=\"image\/jpeg\" \/>\n<meta name=\"author\" content=\"R\u00e9dac. NEWS\" \/>\n<meta name=\"twitter:card\" content=\"summary_large_image\" \/>\n<meta name=\"twitter:label1\" content=\"\u00c9crit par\" \/>\n\t<meta name=\"twitter:data1\" content=\"R\u00e9dac. NEWS\" \/>\n\t<meta name=\"twitter:label2\" content=\"Dur\u00e9e de lecture estim\u00e9e\" \/>\n\t<meta name=\"twitter:data2\" content=\"1 minute\" \/>\n<script type=\"application\/ld+json\" class=\"yoast-schema-graph\">{\"@context\":\"https:\/\/schema.org\",\"@graph\":[{\"@type\":\"Article\",\"@id\":\"https:\/\/newsestlyonnais.fr\/site\/2020\/04\/22\/lyon-les-dernieres-actus-de-la-ville\/#article\",\"isPartOf\":{\"@id\":\"https:\/\/newsestlyonnais.fr\/site\/2020\/04\/22\/lyon-les-dernieres-actus-de-la-ville\/\"},\"author\":{\"name\":\"R\u00e9dac. NEWS\",\"@id\":\"https:\/\/newsestlyonnais.fr\/site\/#\/schema\/person\/3230d5615f390bb808365d673001e887\"},\"headline\":\"LYON | Les toutes derni\u00e8res actualit\u00e9s de la ville\",\"datePublished\":\"2020-04-22T09:47:48+00:00\",\"dateModified\":\"2020-04-29T09:19:28+00:00\",\"mainEntityOfPage\":{\"@id\":\"https:\/\/newsestlyonnais.fr\/site\/2020\/04\/22\/lyon-les-dernieres-actus-de-la-ville\/\"},\"wordCount\":282,\"commentCount\":0,\"publisher\":{\"@id\":\"https:\/\/newsestlyonnais.fr\/site\/#organization\"},\"image\":{\"@id\":\"https:\/\/newsestlyonnais.fr\/site\/2020\/04\/22\/lyon-les-dernieres-actus-de-la-ville\/#primaryimage\"},\"thumbnailUrl\":\"https:\/\/newsestlyonnais.fr\/site\/wp-content\/uploads\/2020\/04\/NEWSESTLYONNAIS-VUE-LYON.jpg\",\"keywords\":[\"LYON\"],\"articleSection\":[\"Biblioth\u00e8que | M\u00e9diath\u00e8que | MJC\",\"Lyon\",\"March\u00e9s\",\"Sant\u00e9 | Bien Etre | Solidarit\u00e9\"],\"inLanguage\":\"fr-FR\",\"potentialAction\":[{\"@type\":\"CommentAction\",\"name\":\"Comment\",\"target\":[\"https:\/\/newsestlyonnais.fr\/site\/2020\/04\/22\/lyon-les-dernieres-actus-de-la-ville\/#respond\"]}]},{\"@type\":\"WebPage\",\"@id\":\"https:\/\/newsestlyonnais.fr\/site\/2020\/04\/22\/lyon-les-dernieres-actus-de-la-ville\/\",\"url\":\"https:\/\/newsestlyonnais.fr\/site\/2020\/04\/22\/lyon-les-dernieres-actus-de-la-ville\/\",\"name\":\"LYON | Les toutes derni\u00e8res actualit\u00e9s de la ville - News Est Lyonnais\",\"isPartOf\":{\"@id\":\"https:\/\/newsestlyonnais.fr\/site\/#website\"},\"primaryImageOfPage\":{\"@id\":\"https:\/\/newsestlyonnais.fr\/site\/2020\/04\/22\/lyon-les-dernieres-actus-de-la-ville\/#primaryimage\"},\"image\":{\"@id\":\"https:\/\/newsestlyonnais.fr\/site\/2020\/04\/22\/lyon-les-dernieres-actus-de-la-ville\/#primaryimage\"},\"thumbnailUrl\":\"https:\/\/newsestlyonnais.fr\/site\/wp-content\/uploads\/2020\/04\/NEWSESTLYONNAIS-VUE-LYON.jpg\",\"datePublished\":\"2020-04-22T09:47:48+00:00\",\"dateModified\":\"2020-04-29T09:19:28+00:00\",\"description\":\"LYON | Les derni\u00e8res actus de la ville\",\"breadcrumb\":{\"@id\":\"https:\/\/newsestlyonnais.fr\/site\/2020\/04\/22\/lyon-les-dernieres-actus-de-la-ville\/#breadcrumb\"},\"inLanguage\":\"fr-FR\",\"potentialAction\":[{\"@type\":\"ReadAction\",\"target\":[\"https:\/\/newsestlyonnais.fr\/site\/2020\/04\/22\/lyon-les-dernieres-actus-de-la-ville\/\"]}]},{\"@type\":\"ImageObject\",\"inLanguage\":\"fr-FR\",\"@id\":\"https:\/\/newsestlyonnais.fr\/site\/2020\/04\/22\/lyon-les-dernieres-actus-de-la-ville\/#primaryimage\",\"url\":\"https:\/\/newsestlyonnais.fr\/site\/wp-content\/uploads\/2020\/04\/NEWSESTLYONNAIS-VUE-LYON.jpg\",\"contentUrl\":\"https:\/\/newsestlyonnais.fr\/site\/wp-content\/uploads\/2020\/04\/NEWSESTLYONNAIS-VUE-LYON.jpg\",\"width\":1200,\"height\":800},{\"@type\":\"BreadcrumbList\",\"@id\":\"https:\/\/newsestlyonnais.fr\/site\/2020\/04\/22\/lyon-les-dernieres-actus-de-la-ville\/#breadcrumb\",\"itemListElement\":[{\"@type\":\"ListItem\",\"position\":1,\"name\":\"Accueil\",\"item\":\"https:\/\/newsestlyonnais.fr\/site\/\"},{\"@type\":\"ListItem\",\"position\":2,\"name\":\"LYON | Les toutes derni\u00e8res actualit\u00e9s de la ville\"}]},{\"@type\":\"WebSite\",\"@id\":\"https:\/\/newsestlyonnais.fr\/site\/#website\",\"url\":\"https:\/\/newsestlyonnais.fr\/site\/\",\"name\":\"News Est Lyonnais\",\"description\":\"L&#039;actualit\u00e9 au plus pr\u00e8s\",\"publisher\":{\"@id\":\"https:\/\/newsestlyonnais.fr\/site\/#organization\"},\"potentialAction\":[{\"@type\":\"SearchAction\",\"target\":{\"@type\":\"EntryPoint\",\"urlTemplate\":\"https:\/\/newsestlyonnais.fr\/site\/?s={search_term_string}\"},\"query-input\":{\"@type\":\"PropertyValueSpecification\",\"valueRequired\":true,\"valueName\":\"search_term_string\"}}],\"inLanguage\":\"fr-FR\"},{\"@type\":\"Organization\",\"@id\":\"https:\/\/newsestlyonnais.fr\/site\/#organization\",\"name\":\"News EST LYONNAIS\",\"url\":\"https:\/\/newsestlyonnais.fr\/site\/\",\"logo\":{\"@type\":\"ImageObject\",\"inLanguage\":\"fr-FR\",\"@id\":\"https:\/\/newsestlyonnais.fr\/site\/#\/schema\/logo\/image\/\",\"url\":\"\",\"contentUrl\":\"\",\"caption\":\"News EST LYONNAIS\"},\"image\":{\"@id\":\"https:\/\/newsestlyonnais.fr\/site\/#\/schema\/logo\/image\/\"}},{\"@type\":\"Person\",\"@id\":\"https:\/\/newsestlyonnais.fr\/site\/#\/schema\/person\/3230d5615f390bb808365d673001e887\",\"name\":\"R\u00e9dac. NEWS\",\"sameAs\":[\"http:\/\/www.newsestlyonnais.fr\",\"https:\/\/www.facebook.com\/pascal.oberson.1?fref=ts\",\"https:\/\/fr.linkedin.com\/in\/pascal-oberson-b17045113\"],\"url\":\"https:\/\/newsestlyonnais.fr\/site\/author\/nel\/\"}]}<\/script>\n<!-- \/ Yoast SEO plugin. -->","yoast_head_json":{"title":"LYON | Les toutes derni\u00e8res actualit\u00e9s de la ville - News Est Lyonnais","description":"LYON | Les derni\u00e8res actus de la ville","robots":{"index":"index","follow":"follow","max-snippet":"max-snippet:-1","max-image-preview":"max-image-preview:large","max-video-preview":"max-video-preview:-1"},"canonical":"https:\/\/newsestlyonnais.fr\/site\/2020\/04\/22\/lyon-les-dernieres-actus-de-la-ville\/","og_locale":"fr_FR","og_type":"article","og_title":"LYON | Les toutes derni\u00e8res actualit\u00e9s de la ville - News Est Lyonnais","og_description":"LYON | Les derni\u00e8res actus de la ville","og_url":"https:\/\/newsestlyonnais.fr\/site\/2020\/04\/22\/lyon-les-dernieres-actus-de-la-ville\/","og_site_name":"News Est Lyonnais","article_author":"https:\/\/www.facebook.com\/pascal.oberson.1?fref=ts","article_published_time":"2020-04-22T09:47:48+00:00","article_modified_time":"2020-04-29T09:19:28+00:00","og_image":[{"width":1200,"height":800,"url":"https:\/\/i1.wp.com\/newsestlyonnais.fr\/site\/wp-content\/uploads\/2020\/04\/NEWSESTLYONNAIS-VUE-LYON.jpg?fit=1200%2C800&ssl=1","type":"image\/jpeg"}],"author":"R\u00e9dac. NEWS","twitter_card":"summary_large_image","twitter_misc":{"\u00c9crit par":"R\u00e9dac. NEWS","Dur\u00e9e de lecture estim\u00e9e":"1 minute"},"schema":{"@context":"https:\/\/schema.org","@graph":[{"@type":"Article","@id":"https:\/\/newsestlyonnais.fr\/site\/2020\/04\/22\/lyon-les-dernieres-actus-de-la-ville\/#article","isPartOf":{"@id":"https:\/\/newsestlyonnais.fr\/site\/2020\/04\/22\/lyon-les-dernieres-actus-de-la-ville\/"},"author":{"name":"R\u00e9dac. NEWS","@id":"https:\/\/newsestlyonnais.fr\/site\/#\/schema\/person\/3230d5615f390bb808365d673001e887"},"headline":"LYON | Les toutes derni\u00e8res actualit\u00e9s de la ville","datePublished":"2020-04-22T09:47:48+00:00","dateModified":"2020-04-29T09:19:28+00:00","mainEntityOfPage":{"@id":"https:\/\/newsestlyonnais.fr\/site\/2020\/04\/22\/lyon-les-dernieres-actus-de-la-ville\/"},"wordCount":282,"commentCount":0,"publisher":{"@id":"https:\/\/newsestlyonnais.fr\/site\/#organization"},"image":{"@id":"https:\/\/newsestlyonnais.fr\/site\/2020\/04\/22\/lyon-les-dernieres-actus-de-la-ville\/#primaryimage"},"thumbnailUrl":"https:\/\/newsestlyonnais.fr\/site\/wp-content\/uploads\/2020\/04\/NEWSESTLYONNAIS-VUE-LYON.jpg","keywords":["LYON"],"articleSection":["Biblioth\u00e8que | M\u00e9diath\u00e8que | MJC","Lyon","March\u00e9s","Sant\u00e9 | Bien Etre | Solidarit\u00e9"],"inLanguage":"fr-FR","potentialAction":[{"@type":"CommentAction","name":"Comment","target":["https:\/\/newsestlyonnais.fr\/site\/2020\/04\/22\/lyon-les-dernieres-actus-de-la-ville\/#respond"]}]},{"@type":"WebPage","@id":"https:\/\/newsestlyonnais.fr\/site\/2020\/04\/22\/lyon-les-dernieres-actus-de-la-ville\/","url":"https:\/\/newsestlyonnais.fr\/site\/2020\/04\/22\/lyon-les-dernieres-actus-de-la-ville\/","name":"LYON | Les toutes derni\u00e8res actualit\u00e9s de la ville - News Est Lyonnais","isPartOf":{"@id":"https:\/\/newsestlyonnais.fr\/site\/#website"},"primaryImageOfPage":{"@id":"https:\/\/newsestlyonnais.fr\/site\/2020\/04\/22\/lyon-les-dernieres-actus-de-la-ville\/#primaryimage"},"image":{"@id":"https:\/\/newsestlyonnais.fr\/site\/2020\/04\/22\/lyon-les-dernieres-actus-de-la-ville\/#primaryimage"},"thumbnailUrl":"https:\/\/newsestlyonnais.fr\/site\/wp-content\/uploads\/2020\/04\/NEWSESTLYONNAIS-VUE-LYON.jpg","datePublished":"2020-04-22T09:47:48+00:00","dateModified":"2020-04-29T09:19:28+00:00","description":"LYON | Les derni\u00e8res actus de la ville","breadcrumb":{"@id":"https:\/\/newsestlyonnais.fr\/site\/2020\/04\/22\/lyon-les-dernieres-actus-de-la-ville\/#breadcrumb"},"inLanguage":"fr-FR","potentialAction":[{"@type":"ReadAction","target":["https:\/\/newsestlyonnais.fr\/site\/2020\/04\/22\/lyon-les-dernieres-actus-de-la-ville\/"]}]},{"@type":"ImageObject","inLanguage":"fr-FR","@id":"https:\/\/newsestlyonnais.fr\/site\/2020\/04\/22\/lyon-les-dernieres-actus-de-la-ville\/#primaryimage","url":"https:\/\/newsestlyonnais.fr\/site\/wp-content\/uploads\/2020\/04\/NEWSESTLYONNAIS-VUE-LYON.jpg","contentUrl":"https:\/\/newsestlyonnais.fr\/site\/wp-content\/uploads\/2020\/04\/NEWSESTLYONNAIS-VUE-LYON.jpg","width":1200,"height":800},{"@type":"BreadcrumbList","@id":"https:\/\/newsestlyonnais.fr\/site\/2020\/04\/22\/lyon-les-dernieres-actus-de-la-ville\/#breadcrumb","itemListElement":[{"@type":"ListItem","position":1,"name":"Accueil","item":"https:\/\/newsestlyonnais.fr\/site\/"},{"@type":"ListItem","position":2,"name":"LYON | Les toutes derni\u00e8res actualit\u00e9s de la ville"}]},{"@type":"WebSite","@id":"https:\/\/newsestlyonnais.fr\/site\/#website","url":"https:\/\/newsestlyonnais.fr\/site\/","name":"News Est Lyonnais","description":"L&#039;actualit\u00e9 au plus pr\u00e8s","publisher":{"@id":"https:\/\/newsestlyonnais.fr\/site\/#organization"},"potentialAction":[{"@type":"SearchAction","target":{"@type":"EntryPoint","urlTemplate":"https:\/\/newsestlyonnais.fr\/site\/?s={search_term_string}"},"query-input":{"@type":"PropertyValueSpecification","valueRequired":true,"valueName":"search_term_string"}}],"inLanguage":"fr-FR"},{"@type":"Organization","@id":"https:\/\/newsestlyonnais.fr\/site\/#organization","name":"News EST LYONNAIS","url":"https:\/\/newsestlyonnais.fr\/site\/","logo":{"@type":"ImageObject","inLanguage":"fr-FR","@id":"https:\/\/newsestlyonnais.fr\/site\/#\/schema\/logo\/image\/","url":"","contentUrl":"","caption":"News EST LYONNAIS"},"image":{"@id":"https:\/\/newsestlyonnais.fr\/site\/#\/schema\/logo\/image\/"}},{"@type":"Person","@id":"https:\/\/newsestlyonnais.fr\/site\/#\/schema\/person\/3230d5615f390bb808365d673001e887","name":"R\u00e9dac. NEWS","sameAs":["http:\/\/www.newsestlyonnais.fr","https:\/\/www.facebook.com\/pascal.oberson.1?fref=ts","https:\/\/fr.linkedin.com\/in\/pascal-oberson-b17045113"],"url":"https:\/\/newsestlyonnais.fr\/site\/author\/nel\/"}]}},"_links":{"self":[{"href":"https:\/\/newsestlyonnais.fr\/site\/wp-json\/wp\/v2\/posts\/100327","targetHints":{"allow":["GET"]}}],"collection":[{"href":"https:\/\/newsestlyonnais.fr\/site\/wp-json\/wp\/v2\/posts"}],"about":[{"href":"https:\/\/newsestlyonnais.fr\/site\/wp-json\/wp\/v2\/types\/post"}],"author":[{"embeddable":true,"href":"https:\/\/newsestlyonnais.fr\/site\/wp-json\/wp\/v2\/users\/4"}],"replies":[{"embeddable":true,"href":"https:\/\/newsestlyonnais.fr\/site\/wp-json\/wp\/v2\/comments?post=100327"}],"version-history":[{"count":0,"href":"https:\/\/newsestlyonnais.fr\/site\/wp-json\/wp\/v2\/posts\/100327\/revisions"}],"wp:featuredmedia":[{"embeddable":true,"href":"https:\/\/newsestlyonnais.fr\/site\/wp-json\/wp\/v2\/media\/100332"}],"wp:attachment":[{"href":"https:\/\/newsestlyonnais.fr\/site\/wp-json\/wp\/v2\/media?parent=100327"}],"wp:term":[{"taxonomy":"category","embeddable":true,"href":"https:\/\/newsestlyonnais.fr\/site\/wp-json\/wp\/v2\/categories?post=100327"},{"taxonomy":"post_tag","embeddable":true,"href":"https:\/\/newsestlyonnais.fr\/site\/wp-json\/wp\/v2\/tags?post=100327"}],"curies":[{"name":"wp","href":"https:\/\/api.w.org\/{rel}","templated":true}]}}