{"id":100526,"date":"2020-04-29T06:28:30","date_gmt":"2020-04-29T05:28:30","guid":{"rendered":"http:\/\/newsestlyonnais.fr\/site\/?p=100526"},"modified":"2020-11-11T11:12:33","modified_gmt":"2020-11-11T10:12:33","slug":"interview-du-jour-decines-patrick-bonvarlet-les-activites-sportives-manquent-beaucoup","status":"publish","type":"post","link":"https:\/\/newsestlyonnais.fr\/site\/2020\/04\/29\/interview-du-jour-decines-patrick-bonvarlet-les-activites-sportives-manquent-beaucoup\/","title":{"rendered":"DECINES &gt; Patrick Bonvarlet \u00ab les activit\u00e9s sportives manquent beaucoup \u00bb"},"content":{"rendered":"<div class=\"ydp39742a1cyahoo-style-wrap\" style=\"font-family: Helvetica Neue, Helvetica, Arial, sans-serif;font-size: 13px\">\n<div>\n<div dir=\"ltr\" style=\"font-family: Helvetica Neue, Helvetica, Arial, sans-serif;font-size: 13px\" data-setdir=\"false\">\n<div>\n<div dir=\"ltr\" data-setdir=\"false\">\n<p><span style=\"font-family: georgia, palatino, serif;font-size: 12pt\"><strong>Pr\u00e9sentez-vous<\/strong> : <strong>Patrick Bonvarlet, entra\u00eeneur marche athl\u00e9tique<\/strong> (club de Feyzin et marcheuses de Chassieu) <\/span><span style=\"font-family: georgia, palatino, serif;font-size: 12pt\"><strong>et coach sportif<\/strong> (associations de gym de D\u00e9cines, Chassieu, Meyzieu et Espagnols de Villeurbanne).<\/span><\/p>\n<p><span style=\"font-family: georgia, palatino, serif;font-size: 12pt\">,_____________________________________________________________________<\/span><\/p>\n<p><span style=\"font-family: georgia, palatino, serif;font-size: 12pt\"><strong>Comment vivez vous votre confinement ? <\/strong>Je suis sur D\u00e9cines et ma foi je le vis pas trop mal pour l&rsquo;instant. Bien s\u00fbr les activit\u00e9s sportives manquent beaucoup, mais je fais quelques sorties (marche ou course) dans la semaine et de la gym dans mon appartement, de mani\u00e8re \u00e0 rester en forme. Et je regarde \u00e9galement pas mal les informations en attendant toujours l\u2019annonce du d\u00e9confinement. <strong><br \/>\n<\/strong><\/span><\/p>\n<p><span style=\"font-family: georgia, palatino, serif;font-size: 12pt\"><strong>Quel livre avez vous lu en priorit\u00e9 ? \u00a0\u00bb <\/strong>La plus grande course de Flanagan \u00a0\u00bb l&rsquo;histoire de la travers\u00e9e de l\u2019Am\u00e9rique en courant dans le d\u00e9but du si\u00e8cle dernier.<strong><br \/>\n<\/strong><\/span><\/p>\n<p><span style=\"font-family: georgia, palatino, serif;font-size: 12pt\"><strong>Quel DVD avez vous regard\u00e9 ? <\/strong>Des DVD de concerts de chanteurs country (ma deuxi\u00e8me passion).<\/span><\/p>\n<p><span style=\"font-family: georgia, palatino, serif;font-size: 12pt\"><strong>Quel CD \u00e9cout\u00e9 ? <\/strong>Une compil de Gaarth Broocks, super star de la chanson country US.<strong><br \/>\n<\/strong><\/span><\/p>\n<p><span style=\"font-family: georgia, palatino, serif;font-size: 12pt\"><strong>Quel site internet avez-vous d\u00e9couvert ? <\/strong>Je n&rsquo;ai pas vraiment d\u00e9couvert de site, mais je suis en train de tenter d&rsquo;ouvrir une cha\u00eene You Tube afin de diffuser des s\u00e9ances de gym, mais le t\u00e9l\u00e9chargement de vid\u00e9o est compliqu\u00e9.<\/span><\/p>\n<p><span style=\"font-family: georgia, palatino, serif;font-size: 12pt\"><strong>Quelle passion pouvez vous enfin assouvir avec plus de temps pour vous ? <\/strong>Voir ou revoir des vieux films.<\/span><\/p>\n<p><span style=\"font-family: georgia, palatino, serif;font-size: 12pt\"><strong>Professionnellement travaillez vous en t\u00e9l\u00e9travail ? <\/strong>Et non je ne peux malheureusement pas donner mes cours de gym en t\u00e9l\u00e9travail !!!!!!!<strong><br \/>\n<\/strong><\/span><\/p>\n<p><span style=\"font-family: georgia, palatino, serif;font-size: 12pt\"><strong>Au niveau associatif, comment se passe cette coupure forc\u00e9e ? <\/strong>Et bien tout c&rsquo;est arr\u00eat\u00e9 puisque toutes les installations sont ferm\u00e9es et les entra\u00eenements collectifs sont interdits. Donc je donne quelques conseils \u00e0 mes athl\u00e8tes, et je fais des vid\u00e9os de gym pour que les adh\u00e9rents des assocs puissent s&rsquo;occuper.<\/span><\/p>\n<p><span style=\"font-family: georgia, palatino, serif;font-size: 12pt\"><strong>Vos priorit\u00e9s, une fois le confinement termin\u00e9 ? <\/strong>Reprendre le travail, et l&rsquo;entrainement.<\/span><\/p>\n<p><span style=\"font-family: georgia, palatino, serif;font-size: 12pt\"><strong>Vos projets d\u2019ici fin d\u2019ann\u00e9e ? <\/strong>Trouver de nouveaux objectifs de comp\u00e9tition, car apr\u00e8s l&rsquo;annulation de toutes les \u00e9preuves tant nationales qu\u2019internationales, il faut se remotiver. Et si le confinement prend fin avant fin mai, faire le stage de marche athl\u00e9tique qui \u00e9tait programm\u00e9.<strong><br \/>\n<\/strong><\/span><\/p>\n<p>_______________________________________________________________________________________________________<\/p>\n<p><span style=\"font-family: georgia, palatino, serif;font-size: 12pt\"><strong>Et pour conclure ?<\/strong> Merci pour cette proposition d&rsquo;interview, on garde le moral et on reste \u00e0 la maison !<\/span><\/p>\n<\/div>\n<\/div>\n<\/div>\n<\/div>\n<\/div>\n<div dir=\"ltr\" data-setdir=\"false\">________________________________________________________________________<\/div>\n<div dir=\"ltr\" data-setdir=\"false\"><\/div>\n<div dir=\"ltr\" data-setdir=\"false\"><\/div>\n<div dir=\"ltr\" data-setdir=\"false\"><\/div>\n<div dir=\"ltr\" data-setdir=\"false\"><strong><strong><em>&gt; <\/em>JEUDI : Interview de Fr\u00e9d\u00e9ric Dubowyj, c<\/strong>harg\u00e9 d\u2019affaires chez ENGIE Solutions.<em><br \/>\n<\/em><\/strong><\/div>\n<div dir=\"ltr\" data-setdir=\"false\"><\/div>\n<div dir=\"ltr\" data-setdir=\"false\">________________________________________________________________________<\/div>\n<div dir=\"ltr\" data-setdir=\"false\"><\/div>\n<div dir=\"ltr\" data-setdir=\"false\"><\/div>\n<div dir=\"ltr\" data-setdir=\"false\"><\/div>\n","protected":false},"excerpt":{"rendered":"<p>Chaque jour, un habitant de l&rsquo;Est Lyonnais nous raconte comment il s&rsquo;occupe au quotidien durant cette p\u00e9riode particuli\u00e8re.<\/p>\n","protected":false},"author":4,"featured_media":100528,"comment_status":"open","ping_status":"open","sticky":false,"template":"","format":"standard","meta":{"footnotes":""},"categories":[2968,3323,21],"tags":[2116,2981,2979],"class_list":["post-100526","post","type-post","status-publish","format-standard","has-post-thumbnail","hentry","category-athle-course-pied-marche","category-confinement-interviews","category-decines-charpieu","tag-decines","tag-marche-athletique","tag-patrick-bonvarlet"],"yoast_head":"<!-- This site is optimized with the Yoast SEO plugin v27.2 - https:\/\/yoast.com\/product\/yoast-seo-wordpress\/ -->\n<title>DECINES &gt; Patrick Bonvarlet \u00ab les activit\u00e9s sportives manquent beaucoup \u00bb - News Est Lyonnais<\/title>\n<meta name=\"description\" content=\"INTERVIEW DU JOUR : DECINES &gt; Patrick Bonvarlet \u00ab les activit\u00e9s sportives manquent beaucoup \u00bb\" \/>\n<meta name=\"robots\" content=\"index, follow, max-snippet:-1, max-image-preview:large, max-video-preview:-1\" \/>\n<link rel=\"canonical\" href=\"https:\/\/newsestlyonnais.fr\/site\/2020\/04\/29\/interview-du-jour-decines-patrick-bonvarlet-les-activites-sportives-manquent-beaucoup\/\" \/>\n<meta property=\"og:locale\" content=\"fr_FR\" \/>\n<meta property=\"og:type\" content=\"article\" \/>\n<meta property=\"og:title\" content=\"DECINES &gt; Patrick Bonvarlet \u00ab les activit\u00e9s sportives manquent beaucoup \u00bb - News Est Lyonnais\" \/>\n<meta property=\"og:description\" content=\"INTERVIEW DU JOUR : DECINES &gt; Patrick Bonvarlet \u00ab les activit\u00e9s sportives manquent beaucoup \u00bb\" \/>\n<meta property=\"og:url\" content=\"https:\/\/newsestlyonnais.fr\/site\/2020\/04\/29\/interview-du-jour-decines-patrick-bonvarlet-les-activites-sportives-manquent-beaucoup\/\" \/>\n<meta property=\"og:site_name\" content=\"News Est Lyonnais\" \/>\n<meta property=\"article:author\" content=\"https:\/\/www.facebook.com\/pascal.oberson.1?fref=ts\" \/>\n<meta property=\"article:published_time\" content=\"2020-04-29T05:28:30+00:00\" \/>\n<meta property=\"article:modified_time\" content=\"2020-11-11T10:12:33+00:00\" \/>\n<meta property=\"og:image\" content=\"https:\/\/i2.wp.com\/newsestlyonnais.fr\/site\/wp-content\/uploads\/2020\/04\/NEWSESTLYONNAIS-PATRICK-BONVARLET.jpg?fit=1200%2C800&ssl=1\" \/>\n\t<meta property=\"og:image:width\" content=\"1200\" \/>\n\t<meta property=\"og:image:height\" content=\"800\" \/>\n\t<meta property=\"og:image:type\" content=\"image\/jpeg\" \/>\n<meta name=\"author\" content=\"R\u00e9dac. NEWS\" \/>\n<meta name=\"twitter:card\" content=\"summary_large_image\" \/>\n<meta name=\"twitter:label1\" content=\"\u00c9crit par\" \/>\n\t<meta name=\"twitter:data1\" content=\"R\u00e9dac. NEWS\" \/>\n\t<meta name=\"twitter:label2\" content=\"Dur\u00e9e de lecture estim\u00e9e\" \/>\n\t<meta name=\"twitter:data2\" content=\"2 minutes\" \/>\n<script type=\"application\/ld+json\" class=\"yoast-schema-graph\">{\"@context\":\"https:\/\/schema.org\",\"@graph\":[{\"@type\":\"Article\",\"@id\":\"https:\/\/newsestlyonnais.fr\/site\/2020\/04\/29\/interview-du-jour-decines-patrick-bonvarlet-les-activites-sportives-manquent-beaucoup\/#article\",\"isPartOf\":{\"@id\":\"https:\/\/newsestlyonnais.fr\/site\/2020\/04\/29\/interview-du-jour-decines-patrick-bonvarlet-les-activites-sportives-manquent-beaucoup\/\"},\"author\":{\"name\":\"R\u00e9dac. NEWS\",\"@id\":\"https:\/\/newsestlyonnais.fr\/site\/#\/schema\/person\/3230d5615f390bb808365d673001e887\"},\"headline\":\"DECINES &gt; Patrick Bonvarlet \u00ab les activit\u00e9s sportives manquent beaucoup \u00bb\",\"datePublished\":\"2020-04-29T05:28:30+00:00\",\"dateModified\":\"2020-11-11T10:12:33+00:00\",\"mainEntityOfPage\":{\"@id\":\"https:\/\/newsestlyonnais.fr\/site\/2020\/04\/29\/interview-du-jour-decines-patrick-bonvarlet-les-activites-sportives-manquent-beaucoup\/\"},\"wordCount\":418,\"commentCount\":0,\"publisher\":{\"@id\":\"https:\/\/newsestlyonnais.fr\/site\/#organization\"},\"image\":{\"@id\":\"https:\/\/newsestlyonnais.fr\/site\/2020\/04\/29\/interview-du-jour-decines-patrick-bonvarlet-les-activites-sportives-manquent-beaucoup\/#primaryimage\"},\"thumbnailUrl\":\"https:\/\/newsestlyonnais.fr\/site\/wp-content\/uploads\/2020\/04\/NEWSESTLYONNAIS-PATRICK-BONVARLET.jpg\",\"keywords\":[\"DECINES\",\"marche athl\u00e9tique\",\"Patrick BONVARLET\"],\"articleSection\":[\"Athl\u00e9 | Course pied | Marche\",\"Confinement (interviews)\",\"D\u00e9cines-Charpieu\"],\"inLanguage\":\"fr-FR\",\"potentialAction\":[{\"@type\":\"CommentAction\",\"name\":\"Comment\",\"target\":[\"https:\/\/newsestlyonnais.fr\/site\/2020\/04\/29\/interview-du-jour-decines-patrick-bonvarlet-les-activites-sportives-manquent-beaucoup\/#respond\"]}]},{\"@type\":\"WebPage\",\"@id\":\"https:\/\/newsestlyonnais.fr\/site\/2020\/04\/29\/interview-du-jour-decines-patrick-bonvarlet-les-activites-sportives-manquent-beaucoup\/\",\"url\":\"https:\/\/newsestlyonnais.fr\/site\/2020\/04\/29\/interview-du-jour-decines-patrick-bonvarlet-les-activites-sportives-manquent-beaucoup\/\",\"name\":\"DECINES &gt; Patrick Bonvarlet \u00ab les activit\u00e9s sportives manquent beaucoup \u00bb - News Est Lyonnais\",\"isPartOf\":{\"@id\":\"https:\/\/newsestlyonnais.fr\/site\/#website\"},\"primaryImageOfPage\":{\"@id\":\"https:\/\/newsestlyonnais.fr\/site\/2020\/04\/29\/interview-du-jour-decines-patrick-bonvarlet-les-activites-sportives-manquent-beaucoup\/#primaryimage\"},\"image\":{\"@id\":\"https:\/\/newsestlyonnais.fr\/site\/2020\/04\/29\/interview-du-jour-decines-patrick-bonvarlet-les-activites-sportives-manquent-beaucoup\/#primaryimage\"},\"thumbnailUrl\":\"https:\/\/newsestlyonnais.fr\/site\/wp-content\/uploads\/2020\/04\/NEWSESTLYONNAIS-PATRICK-BONVARLET.jpg\",\"datePublished\":\"2020-04-29T05:28:30+00:00\",\"dateModified\":\"2020-11-11T10:12:33+00:00\",\"description\":\"INTERVIEW DU JOUR : DECINES > Patrick Bonvarlet \u00ab les activit\u00e9s sportives manquent beaucoup \u00bb\",\"breadcrumb\":{\"@id\":\"https:\/\/newsestlyonnais.fr\/site\/2020\/04\/29\/interview-du-jour-decines-patrick-bonvarlet-les-activites-sportives-manquent-beaucoup\/#breadcrumb\"},\"inLanguage\":\"fr-FR\",\"potentialAction\":[{\"@type\":\"ReadAction\",\"target\":[\"https:\/\/newsestlyonnais.fr\/site\/2020\/04\/29\/interview-du-jour-decines-patrick-bonvarlet-les-activites-sportives-manquent-beaucoup\/\"]}]},{\"@type\":\"ImageObject\",\"inLanguage\":\"fr-FR\",\"@id\":\"https:\/\/newsestlyonnais.fr\/site\/2020\/04\/29\/interview-du-jour-decines-patrick-bonvarlet-les-activites-sportives-manquent-beaucoup\/#primaryimage\",\"url\":\"https:\/\/newsestlyonnais.fr\/site\/wp-content\/uploads\/2020\/04\/NEWSESTLYONNAIS-PATRICK-BONVARLET.jpg\",\"contentUrl\":\"https:\/\/newsestlyonnais.fr\/site\/wp-content\/uploads\/2020\/04\/NEWSESTLYONNAIS-PATRICK-BONVARLET.jpg\",\"width\":1200,\"height\":800},{\"@type\":\"BreadcrumbList\",\"@id\":\"https:\/\/newsestlyonnais.fr\/site\/2020\/04\/29\/interview-du-jour-decines-patrick-bonvarlet-les-activites-sportives-manquent-beaucoup\/#breadcrumb\",\"itemListElement\":[{\"@type\":\"ListItem\",\"position\":1,\"name\":\"Accueil\",\"item\":\"https:\/\/newsestlyonnais.fr\/site\/\"},{\"@type\":\"ListItem\",\"position\":2,\"name\":\"DECINES &gt; Patrick Bonvarlet \u00ab les activit\u00e9s sportives manquent beaucoup \u00bb\"}]},{\"@type\":\"WebSite\",\"@id\":\"https:\/\/newsestlyonnais.fr\/site\/#website\",\"url\":\"https:\/\/newsestlyonnais.fr\/site\/\",\"name\":\"News Est Lyonnais\",\"description\":\"L&#039;actualit\u00e9 au plus pr\u00e8s\",\"publisher\":{\"@id\":\"https:\/\/newsestlyonnais.fr\/site\/#organization\"},\"potentialAction\":[{\"@type\":\"SearchAction\",\"target\":{\"@type\":\"EntryPoint\",\"urlTemplate\":\"https:\/\/newsestlyonnais.fr\/site\/?s={search_term_string}\"},\"query-input\":{\"@type\":\"PropertyValueSpecification\",\"valueRequired\":true,\"valueName\":\"search_term_string\"}}],\"inLanguage\":\"fr-FR\"},{\"@type\":\"Organization\",\"@id\":\"https:\/\/newsestlyonnais.fr\/site\/#organization\",\"name\":\"News EST LYONNAIS\",\"url\":\"https:\/\/newsestlyonnais.fr\/site\/\",\"logo\":{\"@type\":\"ImageObject\",\"inLanguage\":\"fr-FR\",\"@id\":\"https:\/\/newsestlyonnais.fr\/site\/#\/schema\/logo\/image\/\",\"url\":\"\",\"contentUrl\":\"\",\"caption\":\"News EST LYONNAIS\"},\"image\":{\"@id\":\"https:\/\/newsestlyonnais.fr\/site\/#\/schema\/logo\/image\/\"}},{\"@type\":\"Person\",\"@id\":\"https:\/\/newsestlyonnais.fr\/site\/#\/schema\/person\/3230d5615f390bb808365d673001e887\",\"name\":\"R\u00e9dac. NEWS\",\"sameAs\":[\"http:\/\/www.newsestlyonnais.fr\",\"https:\/\/www.facebook.com\/pascal.oberson.1?fref=ts\",\"https:\/\/fr.linkedin.com\/in\/pascal-oberson-b17045113\"],\"url\":\"https:\/\/newsestlyonnais.fr\/site\/author\/nel\/\"}]}<\/script>\n<!-- \/ Yoast SEO plugin. -->","yoast_head_json":{"title":"DECINES &gt; Patrick Bonvarlet \u00ab les activit\u00e9s sportives manquent beaucoup \u00bb - News Est Lyonnais","description":"INTERVIEW DU JOUR : DECINES > Patrick Bonvarlet \u00ab les activit\u00e9s sportives manquent beaucoup \u00bb","robots":{"index":"index","follow":"follow","max-snippet":"max-snippet:-1","max-image-preview":"max-image-preview:large","max-video-preview":"max-video-preview:-1"},"canonical":"https:\/\/newsestlyonnais.fr\/site\/2020\/04\/29\/interview-du-jour-decines-patrick-bonvarlet-les-activites-sportives-manquent-beaucoup\/","og_locale":"fr_FR","og_type":"article","og_title":"DECINES &gt; Patrick Bonvarlet \u00ab les activit\u00e9s sportives manquent beaucoup \u00bb - News Est Lyonnais","og_description":"INTERVIEW DU JOUR : DECINES > Patrick Bonvarlet \u00ab les activit\u00e9s sportives manquent beaucoup \u00bb","og_url":"https:\/\/newsestlyonnais.fr\/site\/2020\/04\/29\/interview-du-jour-decines-patrick-bonvarlet-les-activites-sportives-manquent-beaucoup\/","og_site_name":"News Est Lyonnais","article_author":"https:\/\/www.facebook.com\/pascal.oberson.1?fref=ts","article_published_time":"2020-04-29T05:28:30+00:00","article_modified_time":"2020-11-11T10:12:33+00:00","og_image":[{"width":1200,"height":800,"url":"https:\/\/i2.wp.com\/newsestlyonnais.fr\/site\/wp-content\/uploads\/2020\/04\/NEWSESTLYONNAIS-PATRICK-BONVARLET.jpg?fit=1200%2C800&ssl=1","type":"image\/jpeg"}],"author":"R\u00e9dac. NEWS","twitter_card":"summary_large_image","twitter_misc":{"\u00c9crit par":"R\u00e9dac. NEWS","Dur\u00e9e de lecture estim\u00e9e":"2 minutes"},"schema":{"@context":"https:\/\/schema.org","@graph":[{"@type":"Article","@id":"https:\/\/newsestlyonnais.fr\/site\/2020\/04\/29\/interview-du-jour-decines-patrick-bonvarlet-les-activites-sportives-manquent-beaucoup\/#article","isPartOf":{"@id":"https:\/\/newsestlyonnais.fr\/site\/2020\/04\/29\/interview-du-jour-decines-patrick-bonvarlet-les-activites-sportives-manquent-beaucoup\/"},"author":{"name":"R\u00e9dac. NEWS","@id":"https:\/\/newsestlyonnais.fr\/site\/#\/schema\/person\/3230d5615f390bb808365d673001e887"},"headline":"DECINES &gt; Patrick Bonvarlet \u00ab les activit\u00e9s sportives manquent beaucoup \u00bb","datePublished":"2020-04-29T05:28:30+00:00","dateModified":"2020-11-11T10:12:33+00:00","mainEntityOfPage":{"@id":"https:\/\/newsestlyonnais.fr\/site\/2020\/04\/29\/interview-du-jour-decines-patrick-bonvarlet-les-activites-sportives-manquent-beaucoup\/"},"wordCount":418,"commentCount":0,"publisher":{"@id":"https:\/\/newsestlyonnais.fr\/site\/#organization"},"image":{"@id":"https:\/\/newsestlyonnais.fr\/site\/2020\/04\/29\/interview-du-jour-decines-patrick-bonvarlet-les-activites-sportives-manquent-beaucoup\/#primaryimage"},"thumbnailUrl":"https:\/\/newsestlyonnais.fr\/site\/wp-content\/uploads\/2020\/04\/NEWSESTLYONNAIS-PATRICK-BONVARLET.jpg","keywords":["DECINES","marche athl\u00e9tique","Patrick BONVARLET"],"articleSection":["Athl\u00e9 | Course pied | Marche","Confinement (interviews)","D\u00e9cines-Charpieu"],"inLanguage":"fr-FR","potentialAction":[{"@type":"CommentAction","name":"Comment","target":["https:\/\/newsestlyonnais.fr\/site\/2020\/04\/29\/interview-du-jour-decines-patrick-bonvarlet-les-activites-sportives-manquent-beaucoup\/#respond"]}]},{"@type":"WebPage","@id":"https:\/\/newsestlyonnais.fr\/site\/2020\/04\/29\/interview-du-jour-decines-patrick-bonvarlet-les-activites-sportives-manquent-beaucoup\/","url":"https:\/\/newsestlyonnais.fr\/site\/2020\/04\/29\/interview-du-jour-decines-patrick-bonvarlet-les-activites-sportives-manquent-beaucoup\/","name":"DECINES &gt; Patrick Bonvarlet \u00ab les activit\u00e9s sportives manquent beaucoup \u00bb - News Est Lyonnais","isPartOf":{"@id":"https:\/\/newsestlyonnais.fr\/site\/#website"},"primaryImageOfPage":{"@id":"https:\/\/newsestlyonnais.fr\/site\/2020\/04\/29\/interview-du-jour-decines-patrick-bonvarlet-les-activites-sportives-manquent-beaucoup\/#primaryimage"},"image":{"@id":"https:\/\/newsestlyonnais.fr\/site\/2020\/04\/29\/interview-du-jour-decines-patrick-bonvarlet-les-activites-sportives-manquent-beaucoup\/#primaryimage"},"thumbnailUrl":"https:\/\/newsestlyonnais.fr\/site\/wp-content\/uploads\/2020\/04\/NEWSESTLYONNAIS-PATRICK-BONVARLET.jpg","datePublished":"2020-04-29T05:28:30+00:00","dateModified":"2020-11-11T10:12:33+00:00","description":"INTERVIEW DU JOUR : DECINES > Patrick Bonvarlet \u00ab les activit\u00e9s sportives manquent beaucoup \u00bb","breadcrumb":{"@id":"https:\/\/newsestlyonnais.fr\/site\/2020\/04\/29\/interview-du-jour-decines-patrick-bonvarlet-les-activites-sportives-manquent-beaucoup\/#breadcrumb"},"inLanguage":"fr-FR","potentialAction":[{"@type":"ReadAction","target":["https:\/\/newsestlyonnais.fr\/site\/2020\/04\/29\/interview-du-jour-decines-patrick-bonvarlet-les-activites-sportives-manquent-beaucoup\/"]}]},{"@type":"ImageObject","inLanguage":"fr-FR","@id":"https:\/\/newsestlyonnais.fr\/site\/2020\/04\/29\/interview-du-jour-decines-patrick-bonvarlet-les-activites-sportives-manquent-beaucoup\/#primaryimage","url":"https:\/\/newsestlyonnais.fr\/site\/wp-content\/uploads\/2020\/04\/NEWSESTLYONNAIS-PATRICK-BONVARLET.jpg","contentUrl":"https:\/\/newsestlyonnais.fr\/site\/wp-content\/uploads\/2020\/04\/NEWSESTLYONNAIS-PATRICK-BONVARLET.jpg","width":1200,"height":800},{"@type":"BreadcrumbList","@id":"https:\/\/newsestlyonnais.fr\/site\/2020\/04\/29\/interview-du-jour-decines-patrick-bonvarlet-les-activites-sportives-manquent-beaucoup\/#breadcrumb","itemListElement":[{"@type":"ListItem","position":1,"name":"Accueil","item":"https:\/\/newsestlyonnais.fr\/site\/"},{"@type":"ListItem","position":2,"name":"DECINES &gt; Patrick Bonvarlet \u00ab les activit\u00e9s sportives manquent beaucoup \u00bb"}]},{"@type":"WebSite","@id":"https:\/\/newsestlyonnais.fr\/site\/#website","url":"https:\/\/newsestlyonnais.fr\/site\/","name":"News Est Lyonnais","description":"L&#039;actualit\u00e9 au plus pr\u00e8s","publisher":{"@id":"https:\/\/newsestlyonnais.fr\/site\/#organization"},"potentialAction":[{"@type":"SearchAction","target":{"@type":"EntryPoint","urlTemplate":"https:\/\/newsestlyonnais.fr\/site\/?s={search_term_string}"},"query-input":{"@type":"PropertyValueSpecification","valueRequired":true,"valueName":"search_term_string"}}],"inLanguage":"fr-FR"},{"@type":"Organization","@id":"https:\/\/newsestlyonnais.fr\/site\/#organization","name":"News EST LYONNAIS","url":"https:\/\/newsestlyonnais.fr\/site\/","logo":{"@type":"ImageObject","inLanguage":"fr-FR","@id":"https:\/\/newsestlyonnais.fr\/site\/#\/schema\/logo\/image\/","url":"","contentUrl":"","caption":"News EST LYONNAIS"},"image":{"@id":"https:\/\/newsestlyonnais.fr\/site\/#\/schema\/logo\/image\/"}},{"@type":"Person","@id":"https:\/\/newsestlyonnais.fr\/site\/#\/schema\/person\/3230d5615f390bb808365d673001e887","name":"R\u00e9dac. NEWS","sameAs":["http:\/\/www.newsestlyonnais.fr","https:\/\/www.facebook.com\/pascal.oberson.1?fref=ts","https:\/\/fr.linkedin.com\/in\/pascal-oberson-b17045113"],"url":"https:\/\/newsestlyonnais.fr\/site\/author\/nel\/"}]}},"_links":{"self":[{"href":"https:\/\/newsestlyonnais.fr\/site\/wp-json\/wp\/v2\/posts\/100526","targetHints":{"allow":["GET"]}}],"collection":[{"href":"https:\/\/newsestlyonnais.fr\/site\/wp-json\/wp\/v2\/posts"}],"about":[{"href":"https:\/\/newsestlyonnais.fr\/site\/wp-json\/wp\/v2\/types\/post"}],"author":[{"embeddable":true,"href":"https:\/\/newsestlyonnais.fr\/site\/wp-json\/wp\/v2\/users\/4"}],"replies":[{"embeddable":true,"href":"https:\/\/newsestlyonnais.fr\/site\/wp-json\/wp\/v2\/comments?post=100526"}],"version-history":[{"count":0,"href":"https:\/\/newsestlyonnais.fr\/site\/wp-json\/wp\/v2\/posts\/100526\/revisions"}],"wp:featuredmedia":[{"embeddable":true,"href":"https:\/\/newsestlyonnais.fr\/site\/wp-json\/wp\/v2\/media\/100528"}],"wp:attachment":[{"href":"https:\/\/newsestlyonnais.fr\/site\/wp-json\/wp\/v2\/media?parent=100526"}],"wp:term":[{"taxonomy":"category","embeddable":true,"href":"https:\/\/newsestlyonnais.fr\/site\/wp-json\/wp\/v2\/categories?post=100526"},{"taxonomy":"post_tag","embeddable":true,"href":"https:\/\/newsestlyonnais.fr\/site\/wp-json\/wp\/v2\/tags?post=100526"}],"curies":[{"name":"wp","href":"https:\/\/api.w.org\/{rel}","templated":true}]}}