{"id":101087,"date":"2020-05-06T06:48:56","date_gmt":"2020-05-06T05:48:56","guid":{"rendered":"http:\/\/newsestlyonnais.fr\/site\/?p=101087"},"modified":"2020-05-13T14:07:58","modified_gmt":"2020-05-13T13:07:58","slug":"interview-du-jour-meyzieu-eric-bernet-je-le-vis-comme-une-solidarite-nationale","status":"publish","type":"post","link":"https:\/\/newsestlyonnais.fr\/site\/2020\/05\/06\/interview-du-jour-meyzieu-eric-bernet-je-le-vis-comme-une-solidarite-nationale\/","title":{"rendered":"MEYZIEU &gt; Eric Bernet \u00ab Je le vis comme une solidarit\u00e9 nationale \u00ab"},"content":{"rendered":"<p><strong>Pr\u00e9sentez-vous<\/strong> : <strong>Eric Bernet, n\u00e9gociateur immobilier <span style=\"color: #0000ff\"><a style=\"color: #0000ff\" href=\"https:\/\/www.laforet.com\/agence-immobiliere\/meyzieu?utm_source=google&amp;utm_medium=mybusiness&amp;utm_campaign=Laforet-meyzieu\">Lafor\u00eat<\/a><\/span>.<\/strong> _____________________________________________________________________<\/p>\n<p><strong>Comment vivez vous votre confinement ? <\/strong>Je le vis comme une solidarit\u00e9 Nationale avant tout, \u00e0 Meyzieu au bord du Grand Large.<\/p>\n<p><strong>Quel livre avez vous lu en priorit\u00e9 ? \u00ab\u00a0<\/strong>Sur le bout de la langue\u00a0\u00bb de Bertrand P\u00e9rier et \u00ab\u00a0Coupables\u00a0\u00bb de Ferdinand von SChirac &#8230;. Deux bons moments de lecture !<strong>\u00a0<\/strong><\/p>\n<p><strong>Quel DVD avez vous regard\u00e9 et \u00e9cout\u00e9 comme CD ?\u00a0 <\/strong>Aucuns.<\/p>\n<p><strong>Quel site internet d\u00e9couvert ?<\/strong> Sur la PNL. <strong><br \/>\n<\/strong><\/p>\n<p><strong>Quelle passion pouvez vous enfin assouvir avec plus de temps pour vous ? <\/strong>Lecture et musique Harmonica.<strong><br \/>\n<\/strong><\/p>\n<p><strong>Professionnellement, travaillez vous en t\u00e9l\u00e9travail ? <\/strong>Tr\u00e8s peu, simplement de la formation digitale.<strong><br \/>\n<\/strong><\/p>\n<p><strong>Au niveau associatif, comment se passe cette coupure forc\u00e9e ? <\/strong>Ma salle de sport ART Fitness \u00e0 Genas est ferm\u00e9e. <strong><br \/>\n<\/strong><\/p>\n<p><strong>Vos priorit\u00e9s, une fois le confinement termin\u00e9 ? <\/strong>Reprendre le sport de mani\u00e8re quotidienne en salle et course \u00e0 pied. Un bon m\u00e2chon de la Lib\u00e9ration avec les copains, lire sans discontinuer et prendre des cours de musique.<\/p>\n<p><strong>Vos projets d\u2019ici fin d\u2019ann\u00e9e ? <\/strong>D\u00e9velopper mon activit\u00e9 professionnelle. ________________________________________________________________________________<\/p>\n<p><strong>Et pour conclure ? Une citation : \u00ab\u00a0<em> la meilleure fa\u00e7on de pr\u00e9dire l\u2019avenir est de le cr\u00e9er \u00a0\u00bb <\/em><\/strong><em>d&rsquo;Abraham Lincoln.\u00a0 <\/em><\/p>\n<p>______________________________________________________________________<\/p>\n<p><strong><em> \u00a0 &gt; JEUDI : Interview de S\u00e9bastien Perrier-David, joueur et arbitre de p\u00e9tanque.<br \/>\n<\/em><\/strong><\/p>\n<div><\/div>\n<div><\/div>\n","protected":false},"excerpt":{"rendered":"<p>Chaque jour, un habitant de l&rsquo;Est Lyonnais nous raconte comment il s&rsquo;occupe au quotidien durant cette p\u00e9riode particuli\u00e8re.<\/p>\n","protected":false},"author":4,"featured_media":101096,"comment_status":"open","ping_status":"open","sticky":false,"template":"","format":"standard","meta":{"footnotes":""},"categories":[3323,11,24,18],"tags":[3310,2081],"class_list":["post-101087","post","type-post","status-publish","format-standard","has-post-thumbnail","hentry","category-confinement-interviews","category-immobilier-logement","category-meyzieu","category-sante-bien-etre-solidarite","tag-eric-bernet","tag-meyzieu"],"yoast_head":"<!-- This site is optimized with the Yoast SEO plugin v27.2 - https:\/\/yoast.com\/product\/yoast-seo-wordpress\/ -->\n<title>MEYZIEU &gt; Eric Bernet \u00ab Je le vis comme une solidarit\u00e9 nationale \u00ab - News Est Lyonnais<\/title>\n<meta name=\"description\" content=\"nterview du jour : MEYZIEU ; Eric Bernet \u00ab Je le vis comme une solidarit\u00e9 nationale \u00ab\" \/>\n<meta name=\"robots\" content=\"index, follow, max-snippet:-1, max-image-preview:large, max-video-preview:-1\" \/>\n<link rel=\"canonical\" href=\"https:\/\/newsestlyonnais.fr\/site\/2020\/05\/06\/interview-du-jour-meyzieu-eric-bernet-je-le-vis-comme-une-solidarite-nationale\/\" \/>\n<meta property=\"og:locale\" content=\"fr_FR\" \/>\n<meta property=\"og:type\" content=\"article\" \/>\n<meta property=\"og:title\" content=\"MEYZIEU &gt; Eric Bernet \u00ab Je le vis comme une solidarit\u00e9 nationale \u00ab - News Est Lyonnais\" \/>\n<meta property=\"og:description\" content=\"nterview du jour : MEYZIEU ; Eric Bernet \u00ab Je le vis comme une solidarit\u00e9 nationale \u00ab\" \/>\n<meta property=\"og:url\" content=\"https:\/\/newsestlyonnais.fr\/site\/2020\/05\/06\/interview-du-jour-meyzieu-eric-bernet-je-le-vis-comme-une-solidarite-nationale\/\" \/>\n<meta property=\"og:site_name\" content=\"News Est Lyonnais\" \/>\n<meta property=\"article:author\" content=\"https:\/\/www.facebook.com\/pascal.oberson.1?fref=ts\" \/>\n<meta property=\"article:published_time\" content=\"2020-05-06T05:48:56+00:00\" \/>\n<meta property=\"article:modified_time\" content=\"2020-05-13T13:07:58+00:00\" \/>\n<meta property=\"og:image\" content=\"https:\/\/i0.wp.com\/newsestlyonnais.fr\/site\/wp-content\/uploads\/2020\/05\/NEWSESTLYONANIS-ERIC-BERNET.jpg?fit=1200%2C800&ssl=1\" \/>\n\t<meta property=\"og:image:width\" content=\"1200\" \/>\n\t<meta property=\"og:image:height\" content=\"800\" \/>\n\t<meta property=\"og:image:type\" content=\"image\/jpeg\" \/>\n<meta name=\"author\" content=\"R\u00e9dac. NEWS\" \/>\n<meta name=\"twitter:card\" content=\"summary_large_image\" \/>\n<meta name=\"twitter:label1\" content=\"\u00c9crit par\" \/>\n\t<meta name=\"twitter:data1\" content=\"R\u00e9dac. NEWS\" \/>\n\t<meta name=\"twitter:label2\" content=\"Dur\u00e9e de lecture estim\u00e9e\" \/>\n\t<meta name=\"twitter:data2\" content=\"1 minute\" \/>\n<script type=\"application\/ld+json\" class=\"yoast-schema-graph\">{\"@context\":\"https:\/\/schema.org\",\"@graph\":[{\"@type\":\"Article\",\"@id\":\"https:\/\/newsestlyonnais.fr\/site\/2020\/05\/06\/interview-du-jour-meyzieu-eric-bernet-je-le-vis-comme-une-solidarite-nationale\/#article\",\"isPartOf\":{\"@id\":\"https:\/\/newsestlyonnais.fr\/site\/2020\/05\/06\/interview-du-jour-meyzieu-eric-bernet-je-le-vis-comme-une-solidarite-nationale\/\"},\"author\":{\"name\":\"R\u00e9dac. NEWS\",\"@id\":\"https:\/\/newsestlyonnais.fr\/site\/#\/schema\/person\/3230d5615f390bb808365d673001e887\"},\"headline\":\"MEYZIEU &gt; Eric Bernet \u00ab Je le vis comme une solidarit\u00e9 nationale \u00ab\",\"datePublished\":\"2020-05-06T05:48:56+00:00\",\"dateModified\":\"2020-05-13T13:07:58+00:00\",\"mainEntityOfPage\":{\"@id\":\"https:\/\/newsestlyonnais.fr\/site\/2020\/05\/06\/interview-du-jour-meyzieu-eric-bernet-je-le-vis-comme-une-solidarite-nationale\/\"},\"wordCount\":225,\"commentCount\":0,\"publisher\":{\"@id\":\"https:\/\/newsestlyonnais.fr\/site\/#organization\"},\"image\":{\"@id\":\"https:\/\/newsestlyonnais.fr\/site\/2020\/05\/06\/interview-du-jour-meyzieu-eric-bernet-je-le-vis-comme-une-solidarite-nationale\/#primaryimage\"},\"thumbnailUrl\":\"https:\/\/newsestlyonnais.fr\/site\/wp-content\/uploads\/2020\/05\/NEWSESTLYONANIS-ERIC-BERNET.jpg\",\"keywords\":[\"Eric Bernet\",\"MEYZIEU\"],\"articleSection\":[\"Confinement (interviews)\",\"Immobilier | Logement\",\"Meyzieu\",\"Sant\u00e9 | Bien Etre | Solidarit\u00e9\"],\"inLanguage\":\"fr-FR\",\"potentialAction\":[{\"@type\":\"CommentAction\",\"name\":\"Comment\",\"target\":[\"https:\/\/newsestlyonnais.fr\/site\/2020\/05\/06\/interview-du-jour-meyzieu-eric-bernet-je-le-vis-comme-une-solidarite-nationale\/#respond\"]}]},{\"@type\":\"WebPage\",\"@id\":\"https:\/\/newsestlyonnais.fr\/site\/2020\/05\/06\/interview-du-jour-meyzieu-eric-bernet-je-le-vis-comme-une-solidarite-nationale\/\",\"url\":\"https:\/\/newsestlyonnais.fr\/site\/2020\/05\/06\/interview-du-jour-meyzieu-eric-bernet-je-le-vis-comme-une-solidarite-nationale\/\",\"name\":\"MEYZIEU &gt; Eric Bernet \u00ab Je le vis comme une solidarit\u00e9 nationale \u00ab - News Est Lyonnais\",\"isPartOf\":{\"@id\":\"https:\/\/newsestlyonnais.fr\/site\/#website\"},\"primaryImageOfPage\":{\"@id\":\"https:\/\/newsestlyonnais.fr\/site\/2020\/05\/06\/interview-du-jour-meyzieu-eric-bernet-je-le-vis-comme-une-solidarite-nationale\/#primaryimage\"},\"image\":{\"@id\":\"https:\/\/newsestlyonnais.fr\/site\/2020\/05\/06\/interview-du-jour-meyzieu-eric-bernet-je-le-vis-comme-une-solidarite-nationale\/#primaryimage\"},\"thumbnailUrl\":\"https:\/\/newsestlyonnais.fr\/site\/wp-content\/uploads\/2020\/05\/NEWSESTLYONANIS-ERIC-BERNET.jpg\",\"datePublished\":\"2020-05-06T05:48:56+00:00\",\"dateModified\":\"2020-05-13T13:07:58+00:00\",\"description\":\"nterview du jour : MEYZIEU ; Eric Bernet \u00ab Je le vis comme une solidarit\u00e9 nationale \u00ab\",\"breadcrumb\":{\"@id\":\"https:\/\/newsestlyonnais.fr\/site\/2020\/05\/06\/interview-du-jour-meyzieu-eric-bernet-je-le-vis-comme-une-solidarite-nationale\/#breadcrumb\"},\"inLanguage\":\"fr-FR\",\"potentialAction\":[{\"@type\":\"ReadAction\",\"target\":[\"https:\/\/newsestlyonnais.fr\/site\/2020\/05\/06\/interview-du-jour-meyzieu-eric-bernet-je-le-vis-comme-une-solidarite-nationale\/\"]}]},{\"@type\":\"ImageObject\",\"inLanguage\":\"fr-FR\",\"@id\":\"https:\/\/newsestlyonnais.fr\/site\/2020\/05\/06\/interview-du-jour-meyzieu-eric-bernet-je-le-vis-comme-une-solidarite-nationale\/#primaryimage\",\"url\":\"https:\/\/newsestlyonnais.fr\/site\/wp-content\/uploads\/2020\/05\/NEWSESTLYONANIS-ERIC-BERNET.jpg\",\"contentUrl\":\"https:\/\/newsestlyonnais.fr\/site\/wp-content\/uploads\/2020\/05\/NEWSESTLYONANIS-ERIC-BERNET.jpg\",\"width\":1200,\"height\":800},{\"@type\":\"BreadcrumbList\",\"@id\":\"https:\/\/newsestlyonnais.fr\/site\/2020\/05\/06\/interview-du-jour-meyzieu-eric-bernet-je-le-vis-comme-une-solidarite-nationale\/#breadcrumb\",\"itemListElement\":[{\"@type\":\"ListItem\",\"position\":1,\"name\":\"Accueil\",\"item\":\"https:\/\/newsestlyonnais.fr\/site\/\"},{\"@type\":\"ListItem\",\"position\":2,\"name\":\"MEYZIEU &gt; Eric Bernet \u00ab Je le vis comme une solidarit\u00e9 nationale \u00ab\"}]},{\"@type\":\"WebSite\",\"@id\":\"https:\/\/newsestlyonnais.fr\/site\/#website\",\"url\":\"https:\/\/newsestlyonnais.fr\/site\/\",\"name\":\"News Est Lyonnais\",\"description\":\"L&#039;actualit\u00e9 au plus pr\u00e8s\",\"publisher\":{\"@id\":\"https:\/\/newsestlyonnais.fr\/site\/#organization\"},\"potentialAction\":[{\"@type\":\"SearchAction\",\"target\":{\"@type\":\"EntryPoint\",\"urlTemplate\":\"https:\/\/newsestlyonnais.fr\/site\/?s={search_term_string}\"},\"query-input\":{\"@type\":\"PropertyValueSpecification\",\"valueRequired\":true,\"valueName\":\"search_term_string\"}}],\"inLanguage\":\"fr-FR\"},{\"@type\":\"Organization\",\"@id\":\"https:\/\/newsestlyonnais.fr\/site\/#organization\",\"name\":\"News EST LYONNAIS\",\"url\":\"https:\/\/newsestlyonnais.fr\/site\/\",\"logo\":{\"@type\":\"ImageObject\",\"inLanguage\":\"fr-FR\",\"@id\":\"https:\/\/newsestlyonnais.fr\/site\/#\/schema\/logo\/image\/\",\"url\":\"\",\"contentUrl\":\"\",\"caption\":\"News EST LYONNAIS\"},\"image\":{\"@id\":\"https:\/\/newsestlyonnais.fr\/site\/#\/schema\/logo\/image\/\"}},{\"@type\":\"Person\",\"@id\":\"https:\/\/newsestlyonnais.fr\/site\/#\/schema\/person\/3230d5615f390bb808365d673001e887\",\"name\":\"R\u00e9dac. NEWS\",\"sameAs\":[\"http:\/\/www.newsestlyonnais.fr\",\"https:\/\/www.facebook.com\/pascal.oberson.1?fref=ts\",\"https:\/\/fr.linkedin.com\/in\/pascal-oberson-b17045113\"],\"url\":\"https:\/\/newsestlyonnais.fr\/site\/author\/nel\/\"}]}<\/script>\n<!-- \/ Yoast SEO plugin. -->","yoast_head_json":{"title":"MEYZIEU &gt; Eric Bernet \u00ab Je le vis comme une solidarit\u00e9 nationale \u00ab - News Est Lyonnais","description":"nterview du jour : MEYZIEU ; Eric Bernet \u00ab Je le vis comme une solidarit\u00e9 nationale \u00ab","robots":{"index":"index","follow":"follow","max-snippet":"max-snippet:-1","max-image-preview":"max-image-preview:large","max-video-preview":"max-video-preview:-1"},"canonical":"https:\/\/newsestlyonnais.fr\/site\/2020\/05\/06\/interview-du-jour-meyzieu-eric-bernet-je-le-vis-comme-une-solidarite-nationale\/","og_locale":"fr_FR","og_type":"article","og_title":"MEYZIEU &gt; Eric Bernet \u00ab Je le vis comme une solidarit\u00e9 nationale \u00ab - News Est Lyonnais","og_description":"nterview du jour : MEYZIEU ; Eric Bernet \u00ab Je le vis comme une solidarit\u00e9 nationale \u00ab","og_url":"https:\/\/newsestlyonnais.fr\/site\/2020\/05\/06\/interview-du-jour-meyzieu-eric-bernet-je-le-vis-comme-une-solidarite-nationale\/","og_site_name":"News Est Lyonnais","article_author":"https:\/\/www.facebook.com\/pascal.oberson.1?fref=ts","article_published_time":"2020-05-06T05:48:56+00:00","article_modified_time":"2020-05-13T13:07:58+00:00","og_image":[{"width":1200,"height":800,"url":"https:\/\/i0.wp.com\/newsestlyonnais.fr\/site\/wp-content\/uploads\/2020\/05\/NEWSESTLYONANIS-ERIC-BERNET.jpg?fit=1200%2C800&ssl=1","type":"image\/jpeg"}],"author":"R\u00e9dac. NEWS","twitter_card":"summary_large_image","twitter_misc":{"\u00c9crit par":"R\u00e9dac. NEWS","Dur\u00e9e de lecture estim\u00e9e":"1 minute"},"schema":{"@context":"https:\/\/schema.org","@graph":[{"@type":"Article","@id":"https:\/\/newsestlyonnais.fr\/site\/2020\/05\/06\/interview-du-jour-meyzieu-eric-bernet-je-le-vis-comme-une-solidarite-nationale\/#article","isPartOf":{"@id":"https:\/\/newsestlyonnais.fr\/site\/2020\/05\/06\/interview-du-jour-meyzieu-eric-bernet-je-le-vis-comme-une-solidarite-nationale\/"},"author":{"name":"R\u00e9dac. NEWS","@id":"https:\/\/newsestlyonnais.fr\/site\/#\/schema\/person\/3230d5615f390bb808365d673001e887"},"headline":"MEYZIEU &gt; Eric Bernet \u00ab Je le vis comme une solidarit\u00e9 nationale \u00ab","datePublished":"2020-05-06T05:48:56+00:00","dateModified":"2020-05-13T13:07:58+00:00","mainEntityOfPage":{"@id":"https:\/\/newsestlyonnais.fr\/site\/2020\/05\/06\/interview-du-jour-meyzieu-eric-bernet-je-le-vis-comme-une-solidarite-nationale\/"},"wordCount":225,"commentCount":0,"publisher":{"@id":"https:\/\/newsestlyonnais.fr\/site\/#organization"},"image":{"@id":"https:\/\/newsestlyonnais.fr\/site\/2020\/05\/06\/interview-du-jour-meyzieu-eric-bernet-je-le-vis-comme-une-solidarite-nationale\/#primaryimage"},"thumbnailUrl":"https:\/\/newsestlyonnais.fr\/site\/wp-content\/uploads\/2020\/05\/NEWSESTLYONANIS-ERIC-BERNET.jpg","keywords":["Eric Bernet","MEYZIEU"],"articleSection":["Confinement (interviews)","Immobilier | Logement","Meyzieu","Sant\u00e9 | Bien Etre | Solidarit\u00e9"],"inLanguage":"fr-FR","potentialAction":[{"@type":"CommentAction","name":"Comment","target":["https:\/\/newsestlyonnais.fr\/site\/2020\/05\/06\/interview-du-jour-meyzieu-eric-bernet-je-le-vis-comme-une-solidarite-nationale\/#respond"]}]},{"@type":"WebPage","@id":"https:\/\/newsestlyonnais.fr\/site\/2020\/05\/06\/interview-du-jour-meyzieu-eric-bernet-je-le-vis-comme-une-solidarite-nationale\/","url":"https:\/\/newsestlyonnais.fr\/site\/2020\/05\/06\/interview-du-jour-meyzieu-eric-bernet-je-le-vis-comme-une-solidarite-nationale\/","name":"MEYZIEU &gt; Eric Bernet \u00ab Je le vis comme une solidarit\u00e9 nationale \u00ab - News Est Lyonnais","isPartOf":{"@id":"https:\/\/newsestlyonnais.fr\/site\/#website"},"primaryImageOfPage":{"@id":"https:\/\/newsestlyonnais.fr\/site\/2020\/05\/06\/interview-du-jour-meyzieu-eric-bernet-je-le-vis-comme-une-solidarite-nationale\/#primaryimage"},"image":{"@id":"https:\/\/newsestlyonnais.fr\/site\/2020\/05\/06\/interview-du-jour-meyzieu-eric-bernet-je-le-vis-comme-une-solidarite-nationale\/#primaryimage"},"thumbnailUrl":"https:\/\/newsestlyonnais.fr\/site\/wp-content\/uploads\/2020\/05\/NEWSESTLYONANIS-ERIC-BERNET.jpg","datePublished":"2020-05-06T05:48:56+00:00","dateModified":"2020-05-13T13:07:58+00:00","description":"nterview du jour : MEYZIEU ; Eric Bernet \u00ab Je le vis comme une solidarit\u00e9 nationale \u00ab","breadcrumb":{"@id":"https:\/\/newsestlyonnais.fr\/site\/2020\/05\/06\/interview-du-jour-meyzieu-eric-bernet-je-le-vis-comme-une-solidarite-nationale\/#breadcrumb"},"inLanguage":"fr-FR","potentialAction":[{"@type":"ReadAction","target":["https:\/\/newsestlyonnais.fr\/site\/2020\/05\/06\/interview-du-jour-meyzieu-eric-bernet-je-le-vis-comme-une-solidarite-nationale\/"]}]},{"@type":"ImageObject","inLanguage":"fr-FR","@id":"https:\/\/newsestlyonnais.fr\/site\/2020\/05\/06\/interview-du-jour-meyzieu-eric-bernet-je-le-vis-comme-une-solidarite-nationale\/#primaryimage","url":"https:\/\/newsestlyonnais.fr\/site\/wp-content\/uploads\/2020\/05\/NEWSESTLYONANIS-ERIC-BERNET.jpg","contentUrl":"https:\/\/newsestlyonnais.fr\/site\/wp-content\/uploads\/2020\/05\/NEWSESTLYONANIS-ERIC-BERNET.jpg","width":1200,"height":800},{"@type":"BreadcrumbList","@id":"https:\/\/newsestlyonnais.fr\/site\/2020\/05\/06\/interview-du-jour-meyzieu-eric-bernet-je-le-vis-comme-une-solidarite-nationale\/#breadcrumb","itemListElement":[{"@type":"ListItem","position":1,"name":"Accueil","item":"https:\/\/newsestlyonnais.fr\/site\/"},{"@type":"ListItem","position":2,"name":"MEYZIEU &gt; Eric Bernet \u00ab Je le vis comme une solidarit\u00e9 nationale \u00ab"}]},{"@type":"WebSite","@id":"https:\/\/newsestlyonnais.fr\/site\/#website","url":"https:\/\/newsestlyonnais.fr\/site\/","name":"News Est Lyonnais","description":"L&#039;actualit\u00e9 au plus pr\u00e8s","publisher":{"@id":"https:\/\/newsestlyonnais.fr\/site\/#organization"},"potentialAction":[{"@type":"SearchAction","target":{"@type":"EntryPoint","urlTemplate":"https:\/\/newsestlyonnais.fr\/site\/?s={search_term_string}"},"query-input":{"@type":"PropertyValueSpecification","valueRequired":true,"valueName":"search_term_string"}}],"inLanguage":"fr-FR"},{"@type":"Organization","@id":"https:\/\/newsestlyonnais.fr\/site\/#organization","name":"News EST LYONNAIS","url":"https:\/\/newsestlyonnais.fr\/site\/","logo":{"@type":"ImageObject","inLanguage":"fr-FR","@id":"https:\/\/newsestlyonnais.fr\/site\/#\/schema\/logo\/image\/","url":"","contentUrl":"","caption":"News EST LYONNAIS"},"image":{"@id":"https:\/\/newsestlyonnais.fr\/site\/#\/schema\/logo\/image\/"}},{"@type":"Person","@id":"https:\/\/newsestlyonnais.fr\/site\/#\/schema\/person\/3230d5615f390bb808365d673001e887","name":"R\u00e9dac. NEWS","sameAs":["http:\/\/www.newsestlyonnais.fr","https:\/\/www.facebook.com\/pascal.oberson.1?fref=ts","https:\/\/fr.linkedin.com\/in\/pascal-oberson-b17045113"],"url":"https:\/\/newsestlyonnais.fr\/site\/author\/nel\/"}]}},"_links":{"self":[{"href":"https:\/\/newsestlyonnais.fr\/site\/wp-json\/wp\/v2\/posts\/101087","targetHints":{"allow":["GET"]}}],"collection":[{"href":"https:\/\/newsestlyonnais.fr\/site\/wp-json\/wp\/v2\/posts"}],"about":[{"href":"https:\/\/newsestlyonnais.fr\/site\/wp-json\/wp\/v2\/types\/post"}],"author":[{"embeddable":true,"href":"https:\/\/newsestlyonnais.fr\/site\/wp-json\/wp\/v2\/users\/4"}],"replies":[{"embeddable":true,"href":"https:\/\/newsestlyonnais.fr\/site\/wp-json\/wp\/v2\/comments?post=101087"}],"version-history":[{"count":0,"href":"https:\/\/newsestlyonnais.fr\/site\/wp-json\/wp\/v2\/posts\/101087\/revisions"}],"wp:featuredmedia":[{"embeddable":true,"href":"https:\/\/newsestlyonnais.fr\/site\/wp-json\/wp\/v2\/media\/101096"}],"wp:attachment":[{"href":"https:\/\/newsestlyonnais.fr\/site\/wp-json\/wp\/v2\/media?parent=101087"}],"wp:term":[{"taxonomy":"category","embeddable":true,"href":"https:\/\/newsestlyonnais.fr\/site\/wp-json\/wp\/v2\/categories?post=101087"},{"taxonomy":"post_tag","embeddable":true,"href":"https:\/\/newsestlyonnais.fr\/site\/wp-json\/wp\/v2\/tags?post=101087"}],"curies":[{"name":"wp","href":"https:\/\/api.w.org\/{rel}","templated":true}]}}