{"id":101451,"date":"2020-05-09T07:32:46","date_gmt":"2020-05-09T06:32:46","guid":{"rendered":"http:\/\/newsestlyonnais.fr\/site\/?p=101451"},"modified":"2020-05-21T15:11:19","modified_gmt":"2020-05-21T14:11:19","slug":"corbas-distribution-de-masques-de-protection","status":"publish","type":"post","link":"https:\/\/newsestlyonnais.fr\/site\/2020\/05\/09\/corbas-distribution-de-masques-de-protection\/","title":{"rendered":"CORBAS | Masques protection &lt; distribution"},"content":{"rendered":"<p>Apr\u00e8s avoir \u00e9quip\u00e9 les personnes les plus vuln\u00e9rables de la commune, la Ville de Corbas \u00e9tend la distribution de masques en tissus au reste de ses habitants. Pour cette deuxi\u00e8me phase, pr\u00e8s de 8.000 masques de protection ont \u00e9t\u00e9 confectionn\u00e9s par des b\u00e9n\u00e9voles.<br \/>\nCette seconde phase a d\u00e9but\u00e9 jeudi 7 mai \u00e0 14 h avec la mise en place d&rsquo;un \u00ab\u00a0point retrait\u00a0\u00bb sur le parking de l&rsquo;\u00e9cole Jacques Pr\u00e9vert (accessible depuis la rue des Lilas).<\/p>\n<p>_______________________________________________________________________________<br \/>\nPour \u00e9viter les rassemblements trop importants, cette <strong>distribution se d\u00e9roule sur 3 jours, jusqu&rsquo;au samedi 9 mai<\/strong> inclus et s&rsquo;organise selon les modalit\u00e9s suivantes :<\/p>\n<ul>\n<li><strong>jeudi 7 apr\u00e8s-midi et le vendredi 8 mai de 9 h \u00e0 17 h<\/strong> : ouverts uniquement aux Corbasiens qui se sont pr\u00e9alablement inscrits en ligne ou par t\u00e9l\u00e9phone entre le 1er et le 4 mai inclus et qui ont re\u00e7u un mail ou un SMS de confirmation.<\/li>\n<li><strong>samedi 9 mai de 9 h \u00e0 16 h<\/strong> ouvert au reste des Corbasiens soit : ceux qui se ceux ont inscrits en ligne ou par t\u00e9l\u00e9phone depuis le 5 mai, ceux qui n&rsquo;ont pas pu r\u00e9cup\u00e9rer leur masque au cr\u00e9neau horaire propos\u00e9 par la commune et ceux qui ne se sont pas inscrits.<\/li>\n<\/ul>\n<p><strong>Pour pouvoir retirer leurs masques, les habitants doivent se munir des pi\u00e8ces suivantes<\/strong> :<br \/>\n&gt; une attestation de d\u00e9placement d\u00e9rogatoire<br \/>\n&gt; une pi\u00e8ce d&rsquo;identit\u00e9<br \/>\n&gt; un livret de famille s&rsquo;ils ont des enfants.<\/p>\n<p>________________________________________________________________________________<\/p>\n<p>&gt;&gt;&gt; <strong>Pour en savoir plus<\/strong> : <span style=\"color: #0000ff\"><a style=\"color: #0000ff\" href=\"https:\/\/www.ville-corbas.fr\/Actualites\/Coronavirus-la-distribution-de-masques-barriere-a-tous-les-corbasiens-est-lancee\">https:\/\/www.ville-corbas.fr\/Actualites\/Coronavirus-la-distribution-de-masques-barriere-a-tous-les-corbasiens-est-lancee<\/a><\/span><\/p>\n","protected":false},"excerpt":{"rendered":"<p>Pour cette deuxi\u00e8me phase, pr\u00e8s de 8.000 masques de protection ont \u00e9t\u00e9 confectionn\u00e9s par des b\u00e9n\u00e9voles.<\/p>\n","protected":false},"author":4,"featured_media":81384,"comment_status":"open","ping_status":"open","sticky":false,"template":"","format":"standard","meta":{"footnotes":""},"categories":[1287,18],"tags":[2700,3228],"class_list":["post-101451","post","type-post","status-publish","format-standard","has-post-thumbnail","hentry","category-corbas-feyzin","category-sante-bien-etre-solidarite","tag-corbas","tag-covid-19"],"yoast_head":"<!-- This site is optimized with the Yoast SEO plugin v27.2 - https:\/\/yoast.com\/product\/yoast-seo-wordpress\/ -->\n<title>CORBAS | Masques protection &lt; distribution - News Est Lyonnais<\/title>\n<meta name=\"description\" content=\"CORBAS | Distribution de masques de protection\" \/>\n<meta name=\"robots\" content=\"index, follow, max-snippet:-1, max-image-preview:large, max-video-preview:-1\" \/>\n<link rel=\"canonical\" href=\"https:\/\/newsestlyonnais.fr\/site\/2020\/05\/09\/corbas-distribution-de-masques-de-protection\/\" \/>\n<meta property=\"og:locale\" content=\"fr_FR\" \/>\n<meta property=\"og:type\" content=\"article\" \/>\n<meta property=\"og:title\" content=\"CORBAS | Masques protection &lt; distribution - News Est Lyonnais\" \/>\n<meta property=\"og:description\" content=\"CORBAS | Distribution de masques de protection\" \/>\n<meta property=\"og:url\" content=\"https:\/\/newsestlyonnais.fr\/site\/2020\/05\/09\/corbas-distribution-de-masques-de-protection\/\" \/>\n<meta property=\"og:site_name\" content=\"News Est Lyonnais\" \/>\n<meta property=\"article:author\" content=\"https:\/\/www.facebook.com\/pascal.oberson.1?fref=ts\" \/>\n<meta property=\"article:published_time\" content=\"2020-05-09T06:32:46+00:00\" \/>\n<meta property=\"article:modified_time\" content=\"2020-05-21T14:11:19+00:00\" \/>\n<meta property=\"og:image\" content=\"https:\/\/i0.wp.com\/newsestlyonnais.fr\/site\/wp-content\/uploads\/2019\/08\/NEWSESTLYONNAIS-LOGO-VILLE.png?fit=1000%2C750&ssl=1\" \/>\n\t<meta property=\"og:image:width\" content=\"1000\" \/>\n\t<meta property=\"og:image:height\" content=\"750\" \/>\n\t<meta property=\"og:image:type\" content=\"image\/png\" \/>\n<meta name=\"author\" content=\"R\u00e9dac. NEWS\" \/>\n<meta name=\"twitter:card\" content=\"summary_large_image\" \/>\n<meta name=\"twitter:label1\" content=\"\u00c9crit par\" \/>\n\t<meta name=\"twitter:data1\" content=\"R\u00e9dac. NEWS\" \/>\n\t<meta name=\"twitter:label2\" content=\"Dur\u00e9e de lecture estim\u00e9e\" \/>\n\t<meta name=\"twitter:data2\" content=\"1 minute\" \/>\n<script type=\"application\/ld+json\" class=\"yoast-schema-graph\">{\"@context\":\"https:\/\/schema.org\",\"@graph\":[{\"@type\":\"Article\",\"@id\":\"https:\/\/newsestlyonnais.fr\/site\/2020\/05\/09\/corbas-distribution-de-masques-de-protection\/#article\",\"isPartOf\":{\"@id\":\"https:\/\/newsestlyonnais.fr\/site\/2020\/05\/09\/corbas-distribution-de-masques-de-protection\/\"},\"author\":{\"name\":\"R\u00e9dac. NEWS\",\"@id\":\"https:\/\/newsestlyonnais.fr\/site\/#\/schema\/person\/3230d5615f390bb808365d673001e887\"},\"headline\":\"CORBAS | Masques protection &lt; distribution\",\"datePublished\":\"2020-05-09T06:32:46+00:00\",\"dateModified\":\"2020-05-21T14:11:19+00:00\",\"mainEntityOfPage\":{\"@id\":\"https:\/\/newsestlyonnais.fr\/site\/2020\/05\/09\/corbas-distribution-de-masques-de-protection\/\"},\"wordCount\":264,\"commentCount\":0,\"publisher\":{\"@id\":\"https:\/\/newsestlyonnais.fr\/site\/#organization\"},\"image\":{\"@id\":\"https:\/\/newsestlyonnais.fr\/site\/2020\/05\/09\/corbas-distribution-de-masques-de-protection\/#primaryimage\"},\"thumbnailUrl\":\"https:\/\/newsestlyonnais.fr\/site\/wp-content\/uploads\/2019\/08\/NEWSESTLYONNAIS-LOGO-VILLE.png\",\"keywords\":[\"CORBAS\",\"COVID-19\"],\"articleSection\":[\"Corbas | Feyzin\",\"Sant\u00e9 | Bien Etre | Solidarit\u00e9\"],\"inLanguage\":\"fr-FR\",\"potentialAction\":[{\"@type\":\"CommentAction\",\"name\":\"Comment\",\"target\":[\"https:\/\/newsestlyonnais.fr\/site\/2020\/05\/09\/corbas-distribution-de-masques-de-protection\/#respond\"]}]},{\"@type\":\"WebPage\",\"@id\":\"https:\/\/newsestlyonnais.fr\/site\/2020\/05\/09\/corbas-distribution-de-masques-de-protection\/\",\"url\":\"https:\/\/newsestlyonnais.fr\/site\/2020\/05\/09\/corbas-distribution-de-masques-de-protection\/\",\"name\":\"CORBAS | Masques protection &lt; distribution - News Est Lyonnais\",\"isPartOf\":{\"@id\":\"https:\/\/newsestlyonnais.fr\/site\/#website\"},\"primaryImageOfPage\":{\"@id\":\"https:\/\/newsestlyonnais.fr\/site\/2020\/05\/09\/corbas-distribution-de-masques-de-protection\/#primaryimage\"},\"image\":{\"@id\":\"https:\/\/newsestlyonnais.fr\/site\/2020\/05\/09\/corbas-distribution-de-masques-de-protection\/#primaryimage\"},\"thumbnailUrl\":\"https:\/\/newsestlyonnais.fr\/site\/wp-content\/uploads\/2019\/08\/NEWSESTLYONNAIS-LOGO-VILLE.png\",\"datePublished\":\"2020-05-09T06:32:46+00:00\",\"dateModified\":\"2020-05-21T14:11:19+00:00\",\"description\":\"CORBAS | Distribution de masques de protection\",\"breadcrumb\":{\"@id\":\"https:\/\/newsestlyonnais.fr\/site\/2020\/05\/09\/corbas-distribution-de-masques-de-protection\/#breadcrumb\"},\"inLanguage\":\"fr-FR\",\"potentialAction\":[{\"@type\":\"ReadAction\",\"target\":[\"https:\/\/newsestlyonnais.fr\/site\/2020\/05\/09\/corbas-distribution-de-masques-de-protection\/\"]}]},{\"@type\":\"ImageObject\",\"inLanguage\":\"fr-FR\",\"@id\":\"https:\/\/newsestlyonnais.fr\/site\/2020\/05\/09\/corbas-distribution-de-masques-de-protection\/#primaryimage\",\"url\":\"https:\/\/newsestlyonnais.fr\/site\/wp-content\/uploads\/2019\/08\/NEWSESTLYONNAIS-LOGO-VILLE.png\",\"contentUrl\":\"https:\/\/newsestlyonnais.fr\/site\/wp-content\/uploads\/2019\/08\/NEWSESTLYONNAIS-LOGO-VILLE.png\",\"width\":1000,\"height\":750},{\"@type\":\"BreadcrumbList\",\"@id\":\"https:\/\/newsestlyonnais.fr\/site\/2020\/05\/09\/corbas-distribution-de-masques-de-protection\/#breadcrumb\",\"itemListElement\":[{\"@type\":\"ListItem\",\"position\":1,\"name\":\"Accueil\",\"item\":\"https:\/\/newsestlyonnais.fr\/site\/\"},{\"@type\":\"ListItem\",\"position\":2,\"name\":\"CORBAS | Masques protection &lt; distribution\"}]},{\"@type\":\"WebSite\",\"@id\":\"https:\/\/newsestlyonnais.fr\/site\/#website\",\"url\":\"https:\/\/newsestlyonnais.fr\/site\/\",\"name\":\"News Est Lyonnais\",\"description\":\"L&#039;actualit\u00e9 au plus pr\u00e8s\",\"publisher\":{\"@id\":\"https:\/\/newsestlyonnais.fr\/site\/#organization\"},\"potentialAction\":[{\"@type\":\"SearchAction\",\"target\":{\"@type\":\"EntryPoint\",\"urlTemplate\":\"https:\/\/newsestlyonnais.fr\/site\/?s={search_term_string}\"},\"query-input\":{\"@type\":\"PropertyValueSpecification\",\"valueRequired\":true,\"valueName\":\"search_term_string\"}}],\"inLanguage\":\"fr-FR\"},{\"@type\":\"Organization\",\"@id\":\"https:\/\/newsestlyonnais.fr\/site\/#organization\",\"name\":\"News EST LYONNAIS\",\"url\":\"https:\/\/newsestlyonnais.fr\/site\/\",\"logo\":{\"@type\":\"ImageObject\",\"inLanguage\":\"fr-FR\",\"@id\":\"https:\/\/newsestlyonnais.fr\/site\/#\/schema\/logo\/image\/\",\"url\":\"\",\"contentUrl\":\"\",\"caption\":\"News EST LYONNAIS\"},\"image\":{\"@id\":\"https:\/\/newsestlyonnais.fr\/site\/#\/schema\/logo\/image\/\"}},{\"@type\":\"Person\",\"@id\":\"https:\/\/newsestlyonnais.fr\/site\/#\/schema\/person\/3230d5615f390bb808365d673001e887\",\"name\":\"R\u00e9dac. NEWS\",\"sameAs\":[\"http:\/\/www.newsestlyonnais.fr\",\"https:\/\/www.facebook.com\/pascal.oberson.1?fref=ts\",\"https:\/\/fr.linkedin.com\/in\/pascal-oberson-b17045113\"],\"url\":\"https:\/\/newsestlyonnais.fr\/site\/author\/nel\/\"}]}<\/script>\n<!-- \/ Yoast SEO plugin. -->","yoast_head_json":{"title":"CORBAS | Masques protection &lt; distribution - News Est Lyonnais","description":"CORBAS | Distribution de masques de protection","robots":{"index":"index","follow":"follow","max-snippet":"max-snippet:-1","max-image-preview":"max-image-preview:large","max-video-preview":"max-video-preview:-1"},"canonical":"https:\/\/newsestlyonnais.fr\/site\/2020\/05\/09\/corbas-distribution-de-masques-de-protection\/","og_locale":"fr_FR","og_type":"article","og_title":"CORBAS | Masques protection &lt; distribution - News Est Lyonnais","og_description":"CORBAS | Distribution de masques de protection","og_url":"https:\/\/newsestlyonnais.fr\/site\/2020\/05\/09\/corbas-distribution-de-masques-de-protection\/","og_site_name":"News Est Lyonnais","article_author":"https:\/\/www.facebook.com\/pascal.oberson.1?fref=ts","article_published_time":"2020-05-09T06:32:46+00:00","article_modified_time":"2020-05-21T14:11:19+00:00","og_image":[{"width":1000,"height":750,"url":"https:\/\/i0.wp.com\/newsestlyonnais.fr\/site\/wp-content\/uploads\/2019\/08\/NEWSESTLYONNAIS-LOGO-VILLE.png?fit=1000%2C750&ssl=1","type":"image\/png"}],"author":"R\u00e9dac. NEWS","twitter_card":"summary_large_image","twitter_misc":{"\u00c9crit par":"R\u00e9dac. NEWS","Dur\u00e9e de lecture estim\u00e9e":"1 minute"},"schema":{"@context":"https:\/\/schema.org","@graph":[{"@type":"Article","@id":"https:\/\/newsestlyonnais.fr\/site\/2020\/05\/09\/corbas-distribution-de-masques-de-protection\/#article","isPartOf":{"@id":"https:\/\/newsestlyonnais.fr\/site\/2020\/05\/09\/corbas-distribution-de-masques-de-protection\/"},"author":{"name":"R\u00e9dac. NEWS","@id":"https:\/\/newsestlyonnais.fr\/site\/#\/schema\/person\/3230d5615f390bb808365d673001e887"},"headline":"CORBAS | Masques protection &lt; distribution","datePublished":"2020-05-09T06:32:46+00:00","dateModified":"2020-05-21T14:11:19+00:00","mainEntityOfPage":{"@id":"https:\/\/newsestlyonnais.fr\/site\/2020\/05\/09\/corbas-distribution-de-masques-de-protection\/"},"wordCount":264,"commentCount":0,"publisher":{"@id":"https:\/\/newsestlyonnais.fr\/site\/#organization"},"image":{"@id":"https:\/\/newsestlyonnais.fr\/site\/2020\/05\/09\/corbas-distribution-de-masques-de-protection\/#primaryimage"},"thumbnailUrl":"https:\/\/newsestlyonnais.fr\/site\/wp-content\/uploads\/2019\/08\/NEWSESTLYONNAIS-LOGO-VILLE.png","keywords":["CORBAS","COVID-19"],"articleSection":["Corbas | Feyzin","Sant\u00e9 | Bien Etre | Solidarit\u00e9"],"inLanguage":"fr-FR","potentialAction":[{"@type":"CommentAction","name":"Comment","target":["https:\/\/newsestlyonnais.fr\/site\/2020\/05\/09\/corbas-distribution-de-masques-de-protection\/#respond"]}]},{"@type":"WebPage","@id":"https:\/\/newsestlyonnais.fr\/site\/2020\/05\/09\/corbas-distribution-de-masques-de-protection\/","url":"https:\/\/newsestlyonnais.fr\/site\/2020\/05\/09\/corbas-distribution-de-masques-de-protection\/","name":"CORBAS | Masques protection &lt; distribution - News Est Lyonnais","isPartOf":{"@id":"https:\/\/newsestlyonnais.fr\/site\/#website"},"primaryImageOfPage":{"@id":"https:\/\/newsestlyonnais.fr\/site\/2020\/05\/09\/corbas-distribution-de-masques-de-protection\/#primaryimage"},"image":{"@id":"https:\/\/newsestlyonnais.fr\/site\/2020\/05\/09\/corbas-distribution-de-masques-de-protection\/#primaryimage"},"thumbnailUrl":"https:\/\/newsestlyonnais.fr\/site\/wp-content\/uploads\/2019\/08\/NEWSESTLYONNAIS-LOGO-VILLE.png","datePublished":"2020-05-09T06:32:46+00:00","dateModified":"2020-05-21T14:11:19+00:00","description":"CORBAS | Distribution de masques de protection","breadcrumb":{"@id":"https:\/\/newsestlyonnais.fr\/site\/2020\/05\/09\/corbas-distribution-de-masques-de-protection\/#breadcrumb"},"inLanguage":"fr-FR","potentialAction":[{"@type":"ReadAction","target":["https:\/\/newsestlyonnais.fr\/site\/2020\/05\/09\/corbas-distribution-de-masques-de-protection\/"]}]},{"@type":"ImageObject","inLanguage":"fr-FR","@id":"https:\/\/newsestlyonnais.fr\/site\/2020\/05\/09\/corbas-distribution-de-masques-de-protection\/#primaryimage","url":"https:\/\/newsestlyonnais.fr\/site\/wp-content\/uploads\/2019\/08\/NEWSESTLYONNAIS-LOGO-VILLE.png","contentUrl":"https:\/\/newsestlyonnais.fr\/site\/wp-content\/uploads\/2019\/08\/NEWSESTLYONNAIS-LOGO-VILLE.png","width":1000,"height":750},{"@type":"BreadcrumbList","@id":"https:\/\/newsestlyonnais.fr\/site\/2020\/05\/09\/corbas-distribution-de-masques-de-protection\/#breadcrumb","itemListElement":[{"@type":"ListItem","position":1,"name":"Accueil","item":"https:\/\/newsestlyonnais.fr\/site\/"},{"@type":"ListItem","position":2,"name":"CORBAS | Masques protection &lt; distribution"}]},{"@type":"WebSite","@id":"https:\/\/newsestlyonnais.fr\/site\/#website","url":"https:\/\/newsestlyonnais.fr\/site\/","name":"News Est Lyonnais","description":"L&#039;actualit\u00e9 au plus pr\u00e8s","publisher":{"@id":"https:\/\/newsestlyonnais.fr\/site\/#organization"},"potentialAction":[{"@type":"SearchAction","target":{"@type":"EntryPoint","urlTemplate":"https:\/\/newsestlyonnais.fr\/site\/?s={search_term_string}"},"query-input":{"@type":"PropertyValueSpecification","valueRequired":true,"valueName":"search_term_string"}}],"inLanguage":"fr-FR"},{"@type":"Organization","@id":"https:\/\/newsestlyonnais.fr\/site\/#organization","name":"News EST LYONNAIS","url":"https:\/\/newsestlyonnais.fr\/site\/","logo":{"@type":"ImageObject","inLanguage":"fr-FR","@id":"https:\/\/newsestlyonnais.fr\/site\/#\/schema\/logo\/image\/","url":"","contentUrl":"","caption":"News EST LYONNAIS"},"image":{"@id":"https:\/\/newsestlyonnais.fr\/site\/#\/schema\/logo\/image\/"}},{"@type":"Person","@id":"https:\/\/newsestlyonnais.fr\/site\/#\/schema\/person\/3230d5615f390bb808365d673001e887","name":"R\u00e9dac. NEWS","sameAs":["http:\/\/www.newsestlyonnais.fr","https:\/\/www.facebook.com\/pascal.oberson.1?fref=ts","https:\/\/fr.linkedin.com\/in\/pascal-oberson-b17045113"],"url":"https:\/\/newsestlyonnais.fr\/site\/author\/nel\/"}]}},"_links":{"self":[{"href":"https:\/\/newsestlyonnais.fr\/site\/wp-json\/wp\/v2\/posts\/101451","targetHints":{"allow":["GET"]}}],"collection":[{"href":"https:\/\/newsestlyonnais.fr\/site\/wp-json\/wp\/v2\/posts"}],"about":[{"href":"https:\/\/newsestlyonnais.fr\/site\/wp-json\/wp\/v2\/types\/post"}],"author":[{"embeddable":true,"href":"https:\/\/newsestlyonnais.fr\/site\/wp-json\/wp\/v2\/users\/4"}],"replies":[{"embeddable":true,"href":"https:\/\/newsestlyonnais.fr\/site\/wp-json\/wp\/v2\/comments?post=101451"}],"version-history":[{"count":0,"href":"https:\/\/newsestlyonnais.fr\/site\/wp-json\/wp\/v2\/posts\/101451\/revisions"}],"wp:featuredmedia":[{"embeddable":true,"href":"https:\/\/newsestlyonnais.fr\/site\/wp-json\/wp\/v2\/media\/81384"}],"wp:attachment":[{"href":"https:\/\/newsestlyonnais.fr\/site\/wp-json\/wp\/v2\/media?parent=101451"}],"wp:term":[{"taxonomy":"category","embeddable":true,"href":"https:\/\/newsestlyonnais.fr\/site\/wp-json\/wp\/v2\/categories?post=101451"},{"taxonomy":"post_tag","embeddable":true,"href":"https:\/\/newsestlyonnais.fr\/site\/wp-json\/wp\/v2\/tags?post=101451"}],"curies":[{"name":"wp","href":"https:\/\/api.w.org\/{rel}","templated":true}]}}