{"id":101461,"date":"2020-05-09T08:45:56","date_gmt":"2020-05-09T07:45:56","guid":{"rendered":"http:\/\/newsestlyonnais.fr\/site\/?p=101461"},"modified":"2020-05-27T08:05:54","modified_gmt":"2020-05-27T07:05:54","slug":"villeurbanne-distribution-de-masques-organisation-des-services-et-equipements-publics","status":"publish","type":"post","link":"https:\/\/newsestlyonnais.fr\/site\/2020\/05\/09\/villeurbanne-distribution-de-masques-organisation-des-services-et-equipements-publics\/","title":{"rendered":"VILLEURBANNE | Masques et services publics"},"content":{"rendered":"<p>________________________________________________________________________________<\/p>\n<p><em>Egalement pour la r\u00e9ouverture de certains \u00e9quipements municipaux dans le respect des r\u00e8gles sanitaires requises. <\/em><\/p>\n<p><strong><span style=\"text-decoration: underline\">Accueil de l\u2019h\u00f4tel de ville et services \u00e0 la Population<\/span> :<br \/>\n<\/strong><\/p>\n<p>L\u2019h\u00f4tel de ville sera ouvert du lundi au vendredi de 9 h \u00e0 17 h :<\/p>\n<ul>\n<li>A partir du 11 mai, les habitants pourront venir retirer leurs <strong>titres d\u2019identit\u00e9<\/strong> r\u00e9alis\u00e9s et envoy\u00e9s par la pr\u00e9fecture (d\u00e8s r\u00e9ception du SMS de confirmation de la disponibilit\u00e9 du titre). A partir du 18 mai, les rendez-vous reprendront pour d\u00e9poser une nouvelle demande de carte d\u2019identit\u00e9 ou de passeport (selon des crit\u00e8res de priorisation d\u00e9finis par la pr\u00e9fecture).<\/li>\n<li>Selon les annonces du gouvernement, la <strong>c\u00e9l\u00e9bration des mariages<\/strong> ne pourra pas reprendre avant le 2 juin. La signature de certificats de <strong>Pacs<\/strong> sera possible en mairie \u00e0 partir du 18 mai (sans c\u00e9r\u00e9monie).<\/li>\n<li>Les <strong>cimeti\u00e8res<\/strong> seront \u00e0 nouveau accessibles au public \u00e0 partir du 11 mai sur les cr\u00e9neaux habituels (8h-17h30 sauf le jeudi \u00e0 partir de 9h). Les c\u00e9r\u00e9monies de fun\u00e9railles pourront se d\u00e9rouler en pr\u00e9sence de 20 personnes maximum.<\/li>\n<\/ul>\n<p>Le service r\u00e8glementation-concession continuera de fonctionner mais sans accueil du public. Il peut \u00eatre joint par t\u00e9l\u00e9phone au 04 72 81 21 03.<\/p>\n<ul>\n<li>L\u2019instruction des <strong>permis de construire<\/strong> se poursuit. A partir du 11 mai, les habitants pourront d\u00e9poser leur demande dans une urne install\u00e9e \u00e0 l\u2019accueil de l\u2019h\u00f4tel de ville.<\/li>\n<\/ul>\n<p><em>NB\u00a0: Pour toutes les formalit\u00e9s, les habitants sont invit\u00e9s \u00e0 venir avec leur propre stylo. Les guichets sont \u00e9quip\u00e9s de parois en plexiglass mobile. <\/em><\/p>\n<p><strong><span style=\"text-decoration: underline\">Cr\u00e8ches et relais d\u2019assistantes maternelles<\/span> :<br \/>\n<\/strong><\/p>\n<p>Les <strong>cr\u00e8ches<\/strong> rouvriront le 2 juin dans le respect de r\u00e8gles sanitaires strictes. Les groupes ne devront pas exc\u00e9der plus de 10 enfants.<\/p>\n<p>A partir du 11 mai, les <strong>Relais d\u2019assistantes maternelles <\/strong>proposeront un accueil t\u00e9l\u00e9phonique uniquement. Les rendez-vous physiques reprendront dans un second temps.<\/p>\n<p><span style=\"text-decoration: underline\"><strong>Parcs, jardins et terrains sportifs de proximit\u00e9: <\/strong><\/span>Les parcs, jardins et terrains sportifs de proximit\u00e9 rouvriront progressivement \u00e0 partir du 12 mai. La liste sera publi\u00e9e sur le site villeurbanne.fr. Le parc naturel urbain de la Feyssine sera \u00e0 nouveau libre d\u2019acc\u00e8s.<\/p>\n<p><strong><span style=\"text-decoration: underline\">Les \u00e9quipement culturels et sportifs<\/span> : <\/strong>Les <strong>m\u00e9diath\u00e8ques de Villeurbanne<\/strong> maintiennent leur fermeture au public jusqu\u2019\u00e0 nouvel ordre. L\u2019accueil se fera ensuite en trois phases : d\u2019abord un retour et la d\u00e9sinfection des ouvrages emprunt\u00e9s, dans un second temps les habitants auront la possibilit\u00e9 de r\u00e9server des documents qui pourront \u00eatre retir\u00e9s sur place (syst\u00e8me de \u00ab click&amp;collect \u00bb). Dans cet intervalle, les \u00e9quipes mettent tout en \u0153uvre pour permettre, d\u2019ici quelques semaines, la reprise d\u2019un fonctionnement classique avec une organisation sp\u00e9cifique (am\u00e9nagement des locaux, gestion des flux, adaptation des banques d\u2019accueil et de pr\u00eat\u2026). Les <strong>bibliobus <\/strong>ne reprennent pas leur service pour le moment. La pratique du sport dans des lieux couverts n\u2019\u00e9tant pas autoris\u00e9e et les championnats suspendus, tous les <strong>\u00e9quipements sportifs et les piscines<\/strong> restent ferm\u00e9s jusqu\u2019\u00e0 nouvel ordre.<\/p>\n<p><strong><span style=\"text-decoration: underline\">D\u00e9placements urbains<\/span> : <\/strong>Le <strong>stationnement reste gratuit<\/strong> pour tous (r\u00e9sidents ou non) jusqu&rsquo;au 31 ao\u00fbt 2020. Cette mesure est justifi\u00e9e par les incertitudes concernant la reprise de l\u2019activit\u00e9 d\u2019une part et, d\u2019autre part, par le maintien du t\u00e9l\u00e9travail quand cela est possible.<\/p>\n<p>La Ville a par ailleurs engag\u00e9 un travail avec la M\u00e9tropole de Lyon sur \u00ab\u00a0<strong>l&rsquo;urbanisme tactique<\/strong>\u00ab\u00a0, les usages de la ville dans une logique de respect des gestes barri\u00e8res.<\/p>\n<p>Des <strong>voies cyclables<\/strong> sont ainsi am\u00e9nag\u00e9es temporairement sur certains axes (cours Andr\u00e9-Philip et boulevard du 11-Novembre-1918 par exemple). Un <strong>\u00e9largissement des trottoirs<\/strong> sur des places de stationnement a pour objectif de faciliter l\u2019attente devant les magasins.<\/p>\n<p><strong><span style=\"text-decoration: underline\">March\u00e9s <\/span>: <\/strong>A partir du 12 mai, les <strong>march\u00e9s alimentaires<\/strong> de Villeurbanne reprendront aux jours et horaires habituels avec un fonctionnement et une organisation adapt\u00e9s aux mesures de s\u00e9curit\u00e9 et de distanciation physique. Pour les grands march\u00e9s (avenue Leclerc, places Chanoine-Boursier et Wilson), un p\u00e9rim\u00e8tre et un sens de circulation seront mis en place avec la pr\u00e9sence d\u2019agents de s\u00e9curit\u00e9. Les march\u00e9s de la place Wilson et Leclerc ne pourront pas se tenir les dimanches en raison du manque d\u2019espacement des \u00e9tals. La vente de produits manufactur\u00e9s ne reprendra que dans un second temps.<\/p>\n<p>________________________________________________________________________________<\/p>\n<p><span style=\"font-size: 18pt\"><span style=\"text-decoration: underline\"><b>Covid 19 \u2013 Distribution des masques grand public <\/b><\/span>:<\/span><\/p>\n<p>La ville de Villeurbanne, la r\u00e9gion Auvergne-Rh\u00f4ne-Alpes et la M\u00e9tropole de Lyon ont command\u00e9 des masques grand public en tissu lavable. <strong>Leur livraison est encore conditionn\u00e9e aux difficult\u00e9s de production<\/strong>.<\/p>\n<ul>\n<li>Les Villeurbannais \u00e2g\u00e9s de <strong>+ de 65 ans recevront, directement \u00e0 leur domicile<\/strong>, un masque grand public en tissu command\u00e9 par la Ville (\u00e0 partir du 20 mai*).<\/li>\n<li>La Ville mettra \u00e0 la disposition de chaque m\u00e9decin g\u00e9n\u00e9raliste plusieurs centaines de masques en tissu pour leurs patients fragiles, souffrant d\u2019une affection de longue dur\u00e9e (\u00e0 partir du 20 mai*).<\/li>\n<li>Le Centre communal d\u2019action sociale coordonne la distribution de masques aux personnes sans domicile ou en situation de grande pr\u00e9carit\u00e9, soit directement, soit par l\u2019interm\u00e9diaire des associations qui interviennent dans le domaine de la solidarit\u00e9.<\/li>\n<\/ul>\n<p>La Ville est par ailleurs charg\u00e9e d\u2019organiser la distribution des masques de la R\u00e9gion et de la M\u00e9tropole mais est d\u00e9pendante des conditions et d\u00e9lais de leur mise \u00e0 disposition.<\/p>\n<ul>\n<li>Les Villeurbannaises et Villeurbannais qui souhaitent b\u00e9n\u00e9ficier d\u2019un masque grand public en tissu doivent pr\u00e9alablement remplir le formulaire mis en ligne sur <a href=\"http:\/\/www.villeurbanne.fr\/masques\">www.villeurbanne.fr\/masques<\/a> en indiquant leur nom, pr\u00e9nom, \u00e2ge, adresse et nombre de personnes au sein du foyer (<strong>\u00e0 partir du 12 mai<\/strong>).<\/li>\n<li>Pour les personnes qui n\u2019ont pas d\u2019acc\u00e8s \u00e0 internet ou pour toute autre question relative aux masques (points de vente, fourchette de prix, consignes pour les porter), la Ville ouvre un centre d\u2019appel au 04 78 79 48 60 &#8211; du lundi au vendredi de 9h \u00e0 12h (<strong>\u00e0 partir du 12 mai<\/strong>).<\/li>\n<\/ul>\n<p>Lorsque la commande aura \u00e9t\u00e9 enregistr\u00e9e, les masques seront envoy\u00e9s gratuitement par la Ville \u00e0 l\u2019adresse indiqu\u00e9e sur le formulaire (r\u00e9ception dans un d\u00e9lai de 5 jours ouvr\u00e9s). <strong>Attention, aucun masque ne sera distribu\u00e9 en mairie.<\/strong><\/p>\n<p>* sous r\u00e9serve des d\u00e9lais postaux et de livraison des fournisseurs.<\/p>\n<p><em><strong>NB\u00a0<\/strong>: Par solidarit\u00e9, les habitants de Villeurbanne qui seraient d\u00e9j\u00e0 dot\u00e9s de masques \u2013 faits main, achet\u00e9s en pharmacie, atelier de confection ou grande surface, fournis par leur employeur \u2013 sont invit\u00e9s \u00e0 ne pas solliciter les masques distribu\u00e9s par la Ville. Cela permettra d\u2019en fournir davantage ou sur une plus longue dur\u00e9e, aux personnes vuln\u00e9rables : personnes \u00e2g\u00e9es, souffrant de maladie chronique, en difficult\u00e9s financi\u00e8res, en situation de pr\u00e9carit\u00e9\u2026\u00a0\u00a0<\/em><\/p>\n<p>________________________________________________________________________________<\/p>\n","protected":false},"excerpt":{"rendered":"<p>En vue de la sortie progressive du confinement, la ville met en place une organisation sp\u00e9cifique pour garantir continuit\u00e9 ou reprise de certains services publics.<\/p>\n","protected":false},"author":4,"featured_media":93755,"comment_status":"open","ping_status":"open","sticky":false,"template":"","format":"standard","meta":{"footnotes":""},"categories":[18,29],"tags":[3228,2091],"class_list":["post-101461","post","type-post","status-publish","format-standard","has-post-thumbnail","hentry","category-sante-bien-etre-solidarite","category-villeurbanne","tag-covid-19","tag-villeurbanne"],"yoast_head":"<!-- This site is optimized with the Yoast SEO plugin v27.2 - https:\/\/yoast.com\/product\/yoast-seo-wordpress\/ -->\n<title>VILLEURBANNE | Masques et services publics - News Est Lyonnais<\/title>\n<meta name=\"description\" content=\"VILLEURBANNE | Distribution de masques, organisation des services et \u00e9quipements publics\" \/>\n<meta name=\"robots\" content=\"index, follow, max-snippet:-1, max-image-preview:large, max-video-preview:-1\" \/>\n<link rel=\"canonical\" href=\"https:\/\/newsestlyonnais.fr\/site\/2020\/05\/09\/villeurbanne-distribution-de-masques-organisation-des-services-et-equipements-publics\/\" \/>\n<meta property=\"og:locale\" content=\"fr_FR\" \/>\n<meta property=\"og:type\" content=\"article\" \/>\n<meta property=\"og:title\" content=\"VILLEURBANNE | Masques et services publics - News Est Lyonnais\" \/>\n<meta property=\"og:description\" content=\"VILLEURBANNE | Distribution de masques, organisation des services et \u00e9quipements publics\" \/>\n<meta property=\"og:url\" content=\"https:\/\/newsestlyonnais.fr\/site\/2020\/05\/09\/villeurbanne-distribution-de-masques-organisation-des-services-et-equipements-publics\/\" \/>\n<meta property=\"og:site_name\" content=\"News Est Lyonnais\" \/>\n<meta property=\"article:author\" content=\"https:\/\/www.facebook.com\/pascal.oberson.1?fref=ts\" \/>\n<meta property=\"article:published_time\" content=\"2020-05-09T07:45:56+00:00\" \/>\n<meta property=\"article:modified_time\" content=\"2020-05-27T07:05:54+00:00\" \/>\n<meta property=\"og:image\" content=\"https:\/\/i1.wp.com\/newsestlyonnais.fr\/site\/wp-content\/uploads\/2020\/01\/NEWSESTLYONNAIS-GRATTE-CIEL-BIS-.jpg?fit=1200%2C800&ssl=1\" \/>\n\t<meta property=\"og:image:width\" content=\"1200\" \/>\n\t<meta property=\"og:image:height\" content=\"800\" \/>\n\t<meta property=\"og:image:type\" content=\"image\/jpeg\" \/>\n<meta name=\"author\" content=\"R\u00e9dac. NEWS\" \/>\n<meta name=\"twitter:card\" content=\"summary_large_image\" \/>\n<meta name=\"twitter:label1\" content=\"\u00c9crit par\" \/>\n\t<meta name=\"twitter:data1\" content=\"R\u00e9dac. NEWS\" \/>\n\t<meta name=\"twitter:label2\" content=\"Dur\u00e9e de lecture estim\u00e9e\" \/>\n\t<meta name=\"twitter:data2\" content=\"6 minutes\" \/>\n<script type=\"application\/ld+json\" class=\"yoast-schema-graph\">{\"@context\":\"https:\/\/schema.org\",\"@graph\":[{\"@type\":\"Article\",\"@id\":\"https:\/\/newsestlyonnais.fr\/site\/2020\/05\/09\/villeurbanne-distribution-de-masques-organisation-des-services-et-equipements-publics\/#article\",\"isPartOf\":{\"@id\":\"https:\/\/newsestlyonnais.fr\/site\/2020\/05\/09\/villeurbanne-distribution-de-masques-organisation-des-services-et-equipements-publics\/\"},\"author\":{\"name\":\"R\u00e9dac. NEWS\",\"@id\":\"https:\/\/newsestlyonnais.fr\/site\/#\/schema\/person\/3230d5615f390bb808365d673001e887\"},\"headline\":\"VILLEURBANNE | Masques et services publics\",\"datePublished\":\"2020-05-09T07:45:56+00:00\",\"dateModified\":\"2020-05-27T07:05:54+00:00\",\"mainEntityOfPage\":{\"@id\":\"https:\/\/newsestlyonnais.fr\/site\/2020\/05\/09\/villeurbanne-distribution-de-masques-organisation-des-services-et-equipements-publics\/\"},\"wordCount\":1142,\"commentCount\":0,\"publisher\":{\"@id\":\"https:\/\/newsestlyonnais.fr\/site\/#organization\"},\"image\":{\"@id\":\"https:\/\/newsestlyonnais.fr\/site\/2020\/05\/09\/villeurbanne-distribution-de-masques-organisation-des-services-et-equipements-publics\/#primaryimage\"},\"thumbnailUrl\":\"https:\/\/newsestlyonnais.fr\/site\/wp-content\/uploads\/2020\/01\/NEWSESTLYONNAIS-GRATTE-CIEL-BIS-.jpg\",\"keywords\":[\"COVID-19\",\"VILLEURBANNE\"],\"articleSection\":[\"Sant\u00e9 | Bien Etre | Solidarit\u00e9\",\"Villeurbanne\"],\"inLanguage\":\"fr-FR\",\"potentialAction\":[{\"@type\":\"CommentAction\",\"name\":\"Comment\",\"target\":[\"https:\/\/newsestlyonnais.fr\/site\/2020\/05\/09\/villeurbanne-distribution-de-masques-organisation-des-services-et-equipements-publics\/#respond\"]}]},{\"@type\":\"WebPage\",\"@id\":\"https:\/\/newsestlyonnais.fr\/site\/2020\/05\/09\/villeurbanne-distribution-de-masques-organisation-des-services-et-equipements-publics\/\",\"url\":\"https:\/\/newsestlyonnais.fr\/site\/2020\/05\/09\/villeurbanne-distribution-de-masques-organisation-des-services-et-equipements-publics\/\",\"name\":\"VILLEURBANNE | Masques et services publics - News Est Lyonnais\",\"isPartOf\":{\"@id\":\"https:\/\/newsestlyonnais.fr\/site\/#website\"},\"primaryImageOfPage\":{\"@id\":\"https:\/\/newsestlyonnais.fr\/site\/2020\/05\/09\/villeurbanne-distribution-de-masques-organisation-des-services-et-equipements-publics\/#primaryimage\"},\"image\":{\"@id\":\"https:\/\/newsestlyonnais.fr\/site\/2020\/05\/09\/villeurbanne-distribution-de-masques-organisation-des-services-et-equipements-publics\/#primaryimage\"},\"thumbnailUrl\":\"https:\/\/newsestlyonnais.fr\/site\/wp-content\/uploads\/2020\/01\/NEWSESTLYONNAIS-GRATTE-CIEL-BIS-.jpg\",\"datePublished\":\"2020-05-09T07:45:56+00:00\",\"dateModified\":\"2020-05-27T07:05:54+00:00\",\"description\":\"VILLEURBANNE | Distribution de masques, organisation des services et \u00e9quipements publics\",\"breadcrumb\":{\"@id\":\"https:\/\/newsestlyonnais.fr\/site\/2020\/05\/09\/villeurbanne-distribution-de-masques-organisation-des-services-et-equipements-publics\/#breadcrumb\"},\"inLanguage\":\"fr-FR\",\"potentialAction\":[{\"@type\":\"ReadAction\",\"target\":[\"https:\/\/newsestlyonnais.fr\/site\/2020\/05\/09\/villeurbanne-distribution-de-masques-organisation-des-services-et-equipements-publics\/\"]}]},{\"@type\":\"ImageObject\",\"inLanguage\":\"fr-FR\",\"@id\":\"https:\/\/newsestlyonnais.fr\/site\/2020\/05\/09\/villeurbanne-distribution-de-masques-organisation-des-services-et-equipements-publics\/#primaryimage\",\"url\":\"https:\/\/newsestlyonnais.fr\/site\/wp-content\/uploads\/2020\/01\/NEWSESTLYONNAIS-GRATTE-CIEL-BIS-.jpg\",\"contentUrl\":\"https:\/\/newsestlyonnais.fr\/site\/wp-content\/uploads\/2020\/01\/NEWSESTLYONNAIS-GRATTE-CIEL-BIS-.jpg\",\"width\":1200,\"height\":800},{\"@type\":\"BreadcrumbList\",\"@id\":\"https:\/\/newsestlyonnais.fr\/site\/2020\/05\/09\/villeurbanne-distribution-de-masques-organisation-des-services-et-equipements-publics\/#breadcrumb\",\"itemListElement\":[{\"@type\":\"ListItem\",\"position\":1,\"name\":\"Accueil\",\"item\":\"https:\/\/newsestlyonnais.fr\/site\/\"},{\"@type\":\"ListItem\",\"position\":2,\"name\":\"VILLEURBANNE | Masques et services publics\"}]},{\"@type\":\"WebSite\",\"@id\":\"https:\/\/newsestlyonnais.fr\/site\/#website\",\"url\":\"https:\/\/newsestlyonnais.fr\/site\/\",\"name\":\"News Est Lyonnais\",\"description\":\"L&#039;actualit\u00e9 au plus pr\u00e8s\",\"publisher\":{\"@id\":\"https:\/\/newsestlyonnais.fr\/site\/#organization\"},\"potentialAction\":[{\"@type\":\"SearchAction\",\"target\":{\"@type\":\"EntryPoint\",\"urlTemplate\":\"https:\/\/newsestlyonnais.fr\/site\/?s={search_term_string}\"},\"query-input\":{\"@type\":\"PropertyValueSpecification\",\"valueRequired\":true,\"valueName\":\"search_term_string\"}}],\"inLanguage\":\"fr-FR\"},{\"@type\":\"Organization\",\"@id\":\"https:\/\/newsestlyonnais.fr\/site\/#organization\",\"name\":\"News EST LYONNAIS\",\"url\":\"https:\/\/newsestlyonnais.fr\/site\/\",\"logo\":{\"@type\":\"ImageObject\",\"inLanguage\":\"fr-FR\",\"@id\":\"https:\/\/newsestlyonnais.fr\/site\/#\/schema\/logo\/image\/\",\"url\":\"\",\"contentUrl\":\"\",\"caption\":\"News EST LYONNAIS\"},\"image\":{\"@id\":\"https:\/\/newsestlyonnais.fr\/site\/#\/schema\/logo\/image\/\"}},{\"@type\":\"Person\",\"@id\":\"https:\/\/newsestlyonnais.fr\/site\/#\/schema\/person\/3230d5615f390bb808365d673001e887\",\"name\":\"R\u00e9dac. NEWS\",\"sameAs\":[\"http:\/\/www.newsestlyonnais.fr\",\"https:\/\/www.facebook.com\/pascal.oberson.1?fref=ts\",\"https:\/\/fr.linkedin.com\/in\/pascal-oberson-b17045113\"],\"url\":\"https:\/\/newsestlyonnais.fr\/site\/author\/nel\/\"}]}<\/script>\n<!-- \/ Yoast SEO plugin. -->","yoast_head_json":{"title":"VILLEURBANNE | Masques et services publics - News Est Lyonnais","description":"VILLEURBANNE | Distribution de masques, organisation des services et \u00e9quipements publics","robots":{"index":"index","follow":"follow","max-snippet":"max-snippet:-1","max-image-preview":"max-image-preview:large","max-video-preview":"max-video-preview:-1"},"canonical":"https:\/\/newsestlyonnais.fr\/site\/2020\/05\/09\/villeurbanne-distribution-de-masques-organisation-des-services-et-equipements-publics\/","og_locale":"fr_FR","og_type":"article","og_title":"VILLEURBANNE | Masques et services publics - News Est Lyonnais","og_description":"VILLEURBANNE | Distribution de masques, organisation des services et \u00e9quipements publics","og_url":"https:\/\/newsestlyonnais.fr\/site\/2020\/05\/09\/villeurbanne-distribution-de-masques-organisation-des-services-et-equipements-publics\/","og_site_name":"News Est Lyonnais","article_author":"https:\/\/www.facebook.com\/pascal.oberson.1?fref=ts","article_published_time":"2020-05-09T07:45:56+00:00","article_modified_time":"2020-05-27T07:05:54+00:00","og_image":[{"width":1200,"height":800,"url":"https:\/\/i1.wp.com\/newsestlyonnais.fr\/site\/wp-content\/uploads\/2020\/01\/NEWSESTLYONNAIS-GRATTE-CIEL-BIS-.jpg?fit=1200%2C800&ssl=1","type":"image\/jpeg"}],"author":"R\u00e9dac. NEWS","twitter_card":"summary_large_image","twitter_misc":{"\u00c9crit par":"R\u00e9dac. NEWS","Dur\u00e9e de lecture estim\u00e9e":"6 minutes"},"schema":{"@context":"https:\/\/schema.org","@graph":[{"@type":"Article","@id":"https:\/\/newsestlyonnais.fr\/site\/2020\/05\/09\/villeurbanne-distribution-de-masques-organisation-des-services-et-equipements-publics\/#article","isPartOf":{"@id":"https:\/\/newsestlyonnais.fr\/site\/2020\/05\/09\/villeurbanne-distribution-de-masques-organisation-des-services-et-equipements-publics\/"},"author":{"name":"R\u00e9dac. NEWS","@id":"https:\/\/newsestlyonnais.fr\/site\/#\/schema\/person\/3230d5615f390bb808365d673001e887"},"headline":"VILLEURBANNE | Masques et services publics","datePublished":"2020-05-09T07:45:56+00:00","dateModified":"2020-05-27T07:05:54+00:00","mainEntityOfPage":{"@id":"https:\/\/newsestlyonnais.fr\/site\/2020\/05\/09\/villeurbanne-distribution-de-masques-organisation-des-services-et-equipements-publics\/"},"wordCount":1142,"commentCount":0,"publisher":{"@id":"https:\/\/newsestlyonnais.fr\/site\/#organization"},"image":{"@id":"https:\/\/newsestlyonnais.fr\/site\/2020\/05\/09\/villeurbanne-distribution-de-masques-organisation-des-services-et-equipements-publics\/#primaryimage"},"thumbnailUrl":"https:\/\/newsestlyonnais.fr\/site\/wp-content\/uploads\/2020\/01\/NEWSESTLYONNAIS-GRATTE-CIEL-BIS-.jpg","keywords":["COVID-19","VILLEURBANNE"],"articleSection":["Sant\u00e9 | Bien Etre | Solidarit\u00e9","Villeurbanne"],"inLanguage":"fr-FR","potentialAction":[{"@type":"CommentAction","name":"Comment","target":["https:\/\/newsestlyonnais.fr\/site\/2020\/05\/09\/villeurbanne-distribution-de-masques-organisation-des-services-et-equipements-publics\/#respond"]}]},{"@type":"WebPage","@id":"https:\/\/newsestlyonnais.fr\/site\/2020\/05\/09\/villeurbanne-distribution-de-masques-organisation-des-services-et-equipements-publics\/","url":"https:\/\/newsestlyonnais.fr\/site\/2020\/05\/09\/villeurbanne-distribution-de-masques-organisation-des-services-et-equipements-publics\/","name":"VILLEURBANNE | Masques et services publics - News Est Lyonnais","isPartOf":{"@id":"https:\/\/newsestlyonnais.fr\/site\/#website"},"primaryImageOfPage":{"@id":"https:\/\/newsestlyonnais.fr\/site\/2020\/05\/09\/villeurbanne-distribution-de-masques-organisation-des-services-et-equipements-publics\/#primaryimage"},"image":{"@id":"https:\/\/newsestlyonnais.fr\/site\/2020\/05\/09\/villeurbanne-distribution-de-masques-organisation-des-services-et-equipements-publics\/#primaryimage"},"thumbnailUrl":"https:\/\/newsestlyonnais.fr\/site\/wp-content\/uploads\/2020\/01\/NEWSESTLYONNAIS-GRATTE-CIEL-BIS-.jpg","datePublished":"2020-05-09T07:45:56+00:00","dateModified":"2020-05-27T07:05:54+00:00","description":"VILLEURBANNE | Distribution de masques, organisation des services et \u00e9quipements publics","breadcrumb":{"@id":"https:\/\/newsestlyonnais.fr\/site\/2020\/05\/09\/villeurbanne-distribution-de-masques-organisation-des-services-et-equipements-publics\/#breadcrumb"},"inLanguage":"fr-FR","potentialAction":[{"@type":"ReadAction","target":["https:\/\/newsestlyonnais.fr\/site\/2020\/05\/09\/villeurbanne-distribution-de-masques-organisation-des-services-et-equipements-publics\/"]}]},{"@type":"ImageObject","inLanguage":"fr-FR","@id":"https:\/\/newsestlyonnais.fr\/site\/2020\/05\/09\/villeurbanne-distribution-de-masques-organisation-des-services-et-equipements-publics\/#primaryimage","url":"https:\/\/newsestlyonnais.fr\/site\/wp-content\/uploads\/2020\/01\/NEWSESTLYONNAIS-GRATTE-CIEL-BIS-.jpg","contentUrl":"https:\/\/newsestlyonnais.fr\/site\/wp-content\/uploads\/2020\/01\/NEWSESTLYONNAIS-GRATTE-CIEL-BIS-.jpg","width":1200,"height":800},{"@type":"BreadcrumbList","@id":"https:\/\/newsestlyonnais.fr\/site\/2020\/05\/09\/villeurbanne-distribution-de-masques-organisation-des-services-et-equipements-publics\/#breadcrumb","itemListElement":[{"@type":"ListItem","position":1,"name":"Accueil","item":"https:\/\/newsestlyonnais.fr\/site\/"},{"@type":"ListItem","position":2,"name":"VILLEURBANNE | Masques et services publics"}]},{"@type":"WebSite","@id":"https:\/\/newsestlyonnais.fr\/site\/#website","url":"https:\/\/newsestlyonnais.fr\/site\/","name":"News Est Lyonnais","description":"L&#039;actualit\u00e9 au plus pr\u00e8s","publisher":{"@id":"https:\/\/newsestlyonnais.fr\/site\/#organization"},"potentialAction":[{"@type":"SearchAction","target":{"@type":"EntryPoint","urlTemplate":"https:\/\/newsestlyonnais.fr\/site\/?s={search_term_string}"},"query-input":{"@type":"PropertyValueSpecification","valueRequired":true,"valueName":"search_term_string"}}],"inLanguage":"fr-FR"},{"@type":"Organization","@id":"https:\/\/newsestlyonnais.fr\/site\/#organization","name":"News EST LYONNAIS","url":"https:\/\/newsestlyonnais.fr\/site\/","logo":{"@type":"ImageObject","inLanguage":"fr-FR","@id":"https:\/\/newsestlyonnais.fr\/site\/#\/schema\/logo\/image\/","url":"","contentUrl":"","caption":"News EST LYONNAIS"},"image":{"@id":"https:\/\/newsestlyonnais.fr\/site\/#\/schema\/logo\/image\/"}},{"@type":"Person","@id":"https:\/\/newsestlyonnais.fr\/site\/#\/schema\/person\/3230d5615f390bb808365d673001e887","name":"R\u00e9dac. NEWS","sameAs":["http:\/\/www.newsestlyonnais.fr","https:\/\/www.facebook.com\/pascal.oberson.1?fref=ts","https:\/\/fr.linkedin.com\/in\/pascal-oberson-b17045113"],"url":"https:\/\/newsestlyonnais.fr\/site\/author\/nel\/"}]}},"_links":{"self":[{"href":"https:\/\/newsestlyonnais.fr\/site\/wp-json\/wp\/v2\/posts\/101461","targetHints":{"allow":["GET"]}}],"collection":[{"href":"https:\/\/newsestlyonnais.fr\/site\/wp-json\/wp\/v2\/posts"}],"about":[{"href":"https:\/\/newsestlyonnais.fr\/site\/wp-json\/wp\/v2\/types\/post"}],"author":[{"embeddable":true,"href":"https:\/\/newsestlyonnais.fr\/site\/wp-json\/wp\/v2\/users\/4"}],"replies":[{"embeddable":true,"href":"https:\/\/newsestlyonnais.fr\/site\/wp-json\/wp\/v2\/comments?post=101461"}],"version-history":[{"count":0,"href":"https:\/\/newsestlyonnais.fr\/site\/wp-json\/wp\/v2\/posts\/101461\/revisions"}],"wp:featuredmedia":[{"embeddable":true,"href":"https:\/\/newsestlyonnais.fr\/site\/wp-json\/wp\/v2\/media\/93755"}],"wp:attachment":[{"href":"https:\/\/newsestlyonnais.fr\/site\/wp-json\/wp\/v2\/media?parent=101461"}],"wp:term":[{"taxonomy":"category","embeddable":true,"href":"https:\/\/newsestlyonnais.fr\/site\/wp-json\/wp\/v2\/categories?post=101461"},{"taxonomy":"post_tag","embeddable":true,"href":"https:\/\/newsestlyonnais.fr\/site\/wp-json\/wp\/v2\/tags?post=101461"}],"curies":[{"name":"wp","href":"https:\/\/api.w.org\/{rel}","templated":true}]}}