{"id":101468,"date":"2020-05-09T09:36:35","date_gmt":"2020-05-09T08:36:35","guid":{"rendered":"http:\/\/newsestlyonnais.fr\/site\/?p=101468"},"modified":"2020-05-28T13:43:29","modified_gmt":"2020-05-28T12:43:29","slug":"saint-bonnet-de-mure-annulation-de-la-run-in-2-mure","status":"publish","type":"post","link":"https:\/\/newsestlyonnais.fr\/site\/2020\/05\/09\/saint-bonnet-de-mure-annulation-de-la-run-in-2-mure\/","title":{"rendered":"SAINT-BONNET-DE-MURE | Annulation de \u00a0\u00bb Run In 2 Mure \u00ab\u00a0"},"content":{"rendered":"<p>Le club pr\u00e9sid\u00e9 par Christophe Bourgeois a en effet communiqu\u00e9 en ce vendredi f\u00e9ri\u00e9 sur sa page FB, l&rsquo;information suivante :<\/p>\n<p>\u00a0\u00bb Au vu du contexte sanitaire de ces derni\u00e8res semaines, de nombreux \u00e9l\u00e9ments essentiels \u00e0 l&rsquo;organisation de la Ri2M en terme de s\u00e9curit\u00e9, de proc\u00e9dures administratives, de sponsoring, de mobilisation des b\u00e9n\u00e9voles, de communication, etc. ne peuvent pas \u00eatre mis en place. Ces \u00e9l\u00e9ments et le manque de visibilit\u00e9 sur l&rsquo;\u00e9volution de la situation ont oblig\u00e9 le bureau de la Foul\u00e9e Muroise \u00e0 prendre la d\u00e9cision d&rsquo;annuler l&rsquo;\u00e9dition 2020 de la Ri2M pr\u00e9vue initialement le 20 septembre.<br \/>\nNous remercions les b\u00e9n\u00e9voles et les partenaires qui avaient d\u00e9j\u00e0 r\u00e9pondu pr\u00e9sents. Nous vous donnons rendez-vous en septembre 2021 pour une nouvelle \u00e9dition toujours sportive, conviviale et solidaire ! \u00a0\u00bb<\/p>\n<p>________________________________________________________________________________<\/p>\n<p>Ci-dessous l&rsquo;affiche de cet \u00e9v\u00e8nement dont <a href=\"http:\/\/newsestlyonnais.fr\">http:\/\/newsestlyonnais.fr <\/a>\u00a0\u00e9tait partenaire .<\/p>\n<p>________________________________________________________________________________<\/p>\n<ul>\n<li><strong>Toute l&rsquo;ACTU de la Foul\u00e9e Muroise est sur<\/strong> : <span style=\"color: #0000ff\"><a style=\"color: #0000ff\" href=\"https:\/\/www.lafouleemuroise.com\/\">https:\/\/www.lafouleemuroise.com<\/a><\/span><\/li>\n<\/ul>\n<p><img loading=\"lazy\" decoding=\"async\" class=\"aligncenter size-large wp-image-95710\" src=\"https:\/\/newsestlyonnais.fr\/site\/medias\/2020\/02\/NEWSESTLYONNAIS-RUNIN2MURE-2020-650x433.jpg\" alt=\"\" width=\"650\" height=\"433\" srcset=\"https:\/\/newsestlyonnais.fr\/site\/wp-content\/uploads\/2020\/02\/NEWSESTLYONNAIS-RUNIN2MURE-2020-650x433.jpg 650w, https:\/\/newsestlyonnais.fr\/site\/wp-content\/uploads\/2020\/02\/NEWSESTLYONNAIS-RUNIN2MURE-2020-400x267.jpg 400w, https:\/\/newsestlyonnais.fr\/site\/wp-content\/uploads\/2020\/02\/NEWSESTLYONNAIS-RUNIN2MURE-2020-250x167.jpg 250w, https:\/\/newsestlyonnais.fr\/site\/wp-content\/uploads\/2020\/02\/NEWSESTLYONNAIS-RUNIN2MURE-2020-768x512.jpg 768w, https:\/\/newsestlyonnais.fr\/site\/wp-content\/uploads\/2020\/02\/NEWSESTLYONNAIS-RUNIN2MURE-2020-150x100.jpg 150w, https:\/\/newsestlyonnais.fr\/site\/wp-content\/uploads\/2020\/02\/NEWSESTLYONNAIS-RUNIN2MURE-2020-50x33.jpg 50w, https:\/\/newsestlyonnais.fr\/site\/wp-content\/uploads\/2020\/02\/NEWSESTLYONNAIS-RUNIN2MURE-2020-100x67.jpg 100w, https:\/\/newsestlyonnais.fr\/site\/wp-content\/uploads\/2020\/02\/NEWSESTLYONNAIS-RUNIN2MURE-2020-200x133.jpg 200w, https:\/\/newsestlyonnais.fr\/site\/wp-content\/uploads\/2020\/02\/NEWSESTLYONNAIS-RUNIN2MURE-2020-300x200.jpg 300w, https:\/\/newsestlyonnais.fr\/site\/wp-content\/uploads\/2020\/02\/NEWSESTLYONNAIS-RUNIN2MURE-2020-350x233.jpg 350w, https:\/\/newsestlyonnais.fr\/site\/wp-content\/uploads\/2020\/02\/NEWSESTLYONNAIS-RUNIN2MURE-2020-450x300.jpg 450w, https:\/\/newsestlyonnais.fr\/site\/wp-content\/uploads\/2020\/02\/NEWSESTLYONNAIS-RUNIN2MURE-2020-500x333.jpg 500w, https:\/\/newsestlyonnais.fr\/site\/wp-content\/uploads\/2020\/02\/NEWSESTLYONNAIS-RUNIN2MURE-2020-550x367.jpg 550w, https:\/\/newsestlyonnais.fr\/site\/wp-content\/uploads\/2020\/02\/NEWSESTLYONNAIS-RUNIN2MURE-2020-800x533.jpg 800w, https:\/\/newsestlyonnais.fr\/site\/wp-content\/uploads\/2020\/02\/NEWSESTLYONNAIS-RUNIN2MURE-2020.jpg 1200w\" sizes=\"auto, (max-width: 650px) 100vw, 650px\" \/><\/p>\n","protected":false},"excerpt":{"rendered":"<p>La 6\u00b0 \u00e9dition de cette course p\u00e9destre organis\u00e9e par le Foul\u00e9e Muroise \u00e9tait pr\u00e9vue le dimanche 20 septembre prochain.<\/p>\n","protected":false},"author":4,"featured_media":101469,"comment_status":"open","ping_status":"open","sticky":false,"template":"","format":"standard","meta":{"footnotes":""},"categories":[2968,270,1282],"tags":[2862,2861,2167,2346],"class_list":["post-101468","post","type-post","status-publish","format-standard","has-post-thumbnail","hentry","category-athle-course-pied-marche","category-cte-de-communes-c-c-e-l","category-st-bonnet-st-laurent-de-mure","tag-foulee-muroise","tag-run-in-2-mure","tag-saint-bonnet-de-mure","tag-saint-laurent-de-mure"],"yoast_head":"<!-- This site is optimized with the Yoast SEO plugin v27.2 - https:\/\/yoast.com\/product\/yoast-seo-wordpress\/ -->\n<title>SAINT-BONNET-DE-MURE | Annulation de &quot; Run In 2 Mure &quot; - News Est Lyonnais<\/title>\n<meta name=\"description\" content=\"SAINT-BONNET-DE MURE | Annulation de la &quot; Run In 2 Mure &quot;\" \/>\n<meta name=\"robots\" content=\"index, follow, max-snippet:-1, max-image-preview:large, max-video-preview:-1\" \/>\n<link rel=\"canonical\" href=\"https:\/\/newsestlyonnais.fr\/site\/2020\/05\/09\/saint-bonnet-de-mure-annulation-de-la-run-in-2-mure\/\" \/>\n<meta property=\"og:locale\" content=\"fr_FR\" \/>\n<meta property=\"og:type\" content=\"article\" \/>\n<meta property=\"og:title\" content=\"SAINT-BONNET-DE-MURE | Annulation de &quot; Run In 2 Mure &quot; - News Est Lyonnais\" \/>\n<meta property=\"og:description\" content=\"SAINT-BONNET-DE MURE | Annulation de la &quot; Run In 2 Mure &quot;\" \/>\n<meta property=\"og:url\" content=\"https:\/\/newsestlyonnais.fr\/site\/2020\/05\/09\/saint-bonnet-de-mure-annulation-de-la-run-in-2-mure\/\" \/>\n<meta property=\"og:site_name\" content=\"News Est Lyonnais\" \/>\n<meta property=\"article:author\" content=\"https:\/\/www.facebook.com\/pascal.oberson.1?fref=ts\" \/>\n<meta property=\"article:published_time\" content=\"2020-05-09T08:36:35+00:00\" \/>\n<meta property=\"article:modified_time\" content=\"2020-05-28T12:43:29+00:00\" \/>\n<meta property=\"og:image\" content=\"https:\/\/i0.wp.com\/newsestlyonnais.fr\/site\/wp-content\/uploads\/2020\/05\/NEWSESTLYONANIS-RUN-IN-2-MURE-2019.jpg?fit=1200%2C800&ssl=1\" \/>\n\t<meta property=\"og:image:width\" content=\"1200\" \/>\n\t<meta property=\"og:image:height\" content=\"800\" \/>\n\t<meta property=\"og:image:type\" content=\"image\/jpeg\" \/>\n<meta name=\"author\" content=\"R\u00e9dac. NEWS\" \/>\n<meta name=\"twitter:card\" content=\"summary_large_image\" \/>\n<meta name=\"twitter:label1\" content=\"\u00c9crit par\" \/>\n\t<meta name=\"twitter:data1\" content=\"R\u00e9dac. NEWS\" \/>\n\t<meta name=\"twitter:label2\" content=\"Dur\u00e9e de lecture estim\u00e9e\" \/>\n\t<meta name=\"twitter:data2\" content=\"1 minute\" \/>\n<script type=\"application\/ld+json\" class=\"yoast-schema-graph\">{\"@context\":\"https:\/\/schema.org\",\"@graph\":[{\"@type\":\"Article\",\"@id\":\"https:\/\/newsestlyonnais.fr\/site\/2020\/05\/09\/saint-bonnet-de-mure-annulation-de-la-run-in-2-mure\/#article\",\"isPartOf\":{\"@id\":\"https:\/\/newsestlyonnais.fr\/site\/2020\/05\/09\/saint-bonnet-de-mure-annulation-de-la-run-in-2-mure\/\"},\"author\":{\"name\":\"R\u00e9dac. NEWS\",\"@id\":\"https:\/\/newsestlyonnais.fr\/site\/#\/schema\/person\/3230d5615f390bb808365d673001e887\"},\"headline\":\"SAINT-BONNET-DE-MURE | Annulation de \u00a0\u00bb Run In 2 Mure \u00ab\u00a0\",\"datePublished\":\"2020-05-09T08:36:35+00:00\",\"dateModified\":\"2020-05-28T12:43:29+00:00\",\"mainEntityOfPage\":{\"@id\":\"https:\/\/newsestlyonnais.fr\/site\/2020\/05\/09\/saint-bonnet-de-mure-annulation-de-la-run-in-2-mure\/\"},\"wordCount\":176,\"commentCount\":0,\"publisher\":{\"@id\":\"https:\/\/newsestlyonnais.fr\/site\/#organization\"},\"image\":{\"@id\":\"https:\/\/newsestlyonnais.fr\/site\/2020\/05\/09\/saint-bonnet-de-mure-annulation-de-la-run-in-2-mure\/#primaryimage\"},\"thumbnailUrl\":\"https:\/\/newsestlyonnais.fr\/site\/wp-content\/uploads\/2020\/05\/NEWSESTLYONANIS-RUN-IN-2-MURE-2019.jpg\",\"keywords\":[\"FOULEE MUROISE\",\"RUN IN 2 MURE\",\"SAINT BONNET DE MURE\",\"SAINT LAURENT DE MURE\"],\"articleSection\":[\"Athl\u00e9 | Course pied | Marche\",\"CCEL | Communes\",\"St Bonnet | St Laurent de Mure\"],\"inLanguage\":\"fr-FR\",\"potentialAction\":[{\"@type\":\"CommentAction\",\"name\":\"Comment\",\"target\":[\"https:\/\/newsestlyonnais.fr\/site\/2020\/05\/09\/saint-bonnet-de-mure-annulation-de-la-run-in-2-mure\/#respond\"]}]},{\"@type\":\"WebPage\",\"@id\":\"https:\/\/newsestlyonnais.fr\/site\/2020\/05\/09\/saint-bonnet-de-mure-annulation-de-la-run-in-2-mure\/\",\"url\":\"https:\/\/newsestlyonnais.fr\/site\/2020\/05\/09\/saint-bonnet-de-mure-annulation-de-la-run-in-2-mure\/\",\"name\":\"SAINT-BONNET-DE-MURE | Annulation de \\\" Run In 2 Mure \\\" - News Est Lyonnais\",\"isPartOf\":{\"@id\":\"https:\/\/newsestlyonnais.fr\/site\/#website\"},\"primaryImageOfPage\":{\"@id\":\"https:\/\/newsestlyonnais.fr\/site\/2020\/05\/09\/saint-bonnet-de-mure-annulation-de-la-run-in-2-mure\/#primaryimage\"},\"image\":{\"@id\":\"https:\/\/newsestlyonnais.fr\/site\/2020\/05\/09\/saint-bonnet-de-mure-annulation-de-la-run-in-2-mure\/#primaryimage\"},\"thumbnailUrl\":\"https:\/\/newsestlyonnais.fr\/site\/wp-content\/uploads\/2020\/05\/NEWSESTLYONANIS-RUN-IN-2-MURE-2019.jpg\",\"datePublished\":\"2020-05-09T08:36:35+00:00\",\"dateModified\":\"2020-05-28T12:43:29+00:00\",\"description\":\"SAINT-BONNET-DE MURE | Annulation de la \\\" Run In 2 Mure \\\"\",\"breadcrumb\":{\"@id\":\"https:\/\/newsestlyonnais.fr\/site\/2020\/05\/09\/saint-bonnet-de-mure-annulation-de-la-run-in-2-mure\/#breadcrumb\"},\"inLanguage\":\"fr-FR\",\"potentialAction\":[{\"@type\":\"ReadAction\",\"target\":[\"https:\/\/newsestlyonnais.fr\/site\/2020\/05\/09\/saint-bonnet-de-mure-annulation-de-la-run-in-2-mure\/\"]}]},{\"@type\":\"ImageObject\",\"inLanguage\":\"fr-FR\",\"@id\":\"https:\/\/newsestlyonnais.fr\/site\/2020\/05\/09\/saint-bonnet-de-mure-annulation-de-la-run-in-2-mure\/#primaryimage\",\"url\":\"https:\/\/newsestlyonnais.fr\/site\/wp-content\/uploads\/2020\/05\/NEWSESTLYONANIS-RUN-IN-2-MURE-2019.jpg\",\"contentUrl\":\"https:\/\/newsestlyonnais.fr\/site\/wp-content\/uploads\/2020\/05\/NEWSESTLYONANIS-RUN-IN-2-MURE-2019.jpg\",\"width\":1200,\"height\":800},{\"@type\":\"BreadcrumbList\",\"@id\":\"https:\/\/newsestlyonnais.fr\/site\/2020\/05\/09\/saint-bonnet-de-mure-annulation-de-la-run-in-2-mure\/#breadcrumb\",\"itemListElement\":[{\"@type\":\"ListItem\",\"position\":1,\"name\":\"Accueil\",\"item\":\"https:\/\/newsestlyonnais.fr\/site\/\"},{\"@type\":\"ListItem\",\"position\":2,\"name\":\"SAINT-BONNET-DE-MURE | Annulation de \u00a0\u00bb Run In 2 Mure \u00ab\u00a0\"}]},{\"@type\":\"WebSite\",\"@id\":\"https:\/\/newsestlyonnais.fr\/site\/#website\",\"url\":\"https:\/\/newsestlyonnais.fr\/site\/\",\"name\":\"News Est Lyonnais\",\"description\":\"L&#039;actualit\u00e9 au plus pr\u00e8s\",\"publisher\":{\"@id\":\"https:\/\/newsestlyonnais.fr\/site\/#organization\"},\"potentialAction\":[{\"@type\":\"SearchAction\",\"target\":{\"@type\":\"EntryPoint\",\"urlTemplate\":\"https:\/\/newsestlyonnais.fr\/site\/?s={search_term_string}\"},\"query-input\":{\"@type\":\"PropertyValueSpecification\",\"valueRequired\":true,\"valueName\":\"search_term_string\"}}],\"inLanguage\":\"fr-FR\"},{\"@type\":\"Organization\",\"@id\":\"https:\/\/newsestlyonnais.fr\/site\/#organization\",\"name\":\"News EST LYONNAIS\",\"url\":\"https:\/\/newsestlyonnais.fr\/site\/\",\"logo\":{\"@type\":\"ImageObject\",\"inLanguage\":\"fr-FR\",\"@id\":\"https:\/\/newsestlyonnais.fr\/site\/#\/schema\/logo\/image\/\",\"url\":\"\",\"contentUrl\":\"\",\"caption\":\"News EST LYONNAIS\"},\"image\":{\"@id\":\"https:\/\/newsestlyonnais.fr\/site\/#\/schema\/logo\/image\/\"}},{\"@type\":\"Person\",\"@id\":\"https:\/\/newsestlyonnais.fr\/site\/#\/schema\/person\/3230d5615f390bb808365d673001e887\",\"name\":\"R\u00e9dac. NEWS\",\"sameAs\":[\"http:\/\/www.newsestlyonnais.fr\",\"https:\/\/www.facebook.com\/pascal.oberson.1?fref=ts\",\"https:\/\/fr.linkedin.com\/in\/pascal-oberson-b17045113\"],\"url\":\"https:\/\/newsestlyonnais.fr\/site\/author\/nel\/\"}]}<\/script>\n<!-- \/ Yoast SEO plugin. -->","yoast_head_json":{"title":"SAINT-BONNET-DE-MURE | Annulation de \" Run In 2 Mure \" - News Est Lyonnais","description":"SAINT-BONNET-DE MURE | Annulation de la \" Run In 2 Mure \"","robots":{"index":"index","follow":"follow","max-snippet":"max-snippet:-1","max-image-preview":"max-image-preview:large","max-video-preview":"max-video-preview:-1"},"canonical":"https:\/\/newsestlyonnais.fr\/site\/2020\/05\/09\/saint-bonnet-de-mure-annulation-de-la-run-in-2-mure\/","og_locale":"fr_FR","og_type":"article","og_title":"SAINT-BONNET-DE-MURE | Annulation de \" Run In 2 Mure \" - News Est Lyonnais","og_description":"SAINT-BONNET-DE MURE | Annulation de la \" Run In 2 Mure \"","og_url":"https:\/\/newsestlyonnais.fr\/site\/2020\/05\/09\/saint-bonnet-de-mure-annulation-de-la-run-in-2-mure\/","og_site_name":"News Est Lyonnais","article_author":"https:\/\/www.facebook.com\/pascal.oberson.1?fref=ts","article_published_time":"2020-05-09T08:36:35+00:00","article_modified_time":"2020-05-28T12:43:29+00:00","og_image":[{"width":1200,"height":800,"url":"https:\/\/i0.wp.com\/newsestlyonnais.fr\/site\/wp-content\/uploads\/2020\/05\/NEWSESTLYONANIS-RUN-IN-2-MURE-2019.jpg?fit=1200%2C800&ssl=1","type":"image\/jpeg"}],"author":"R\u00e9dac. NEWS","twitter_card":"summary_large_image","twitter_misc":{"\u00c9crit par":"R\u00e9dac. NEWS","Dur\u00e9e de lecture estim\u00e9e":"1 minute"},"schema":{"@context":"https:\/\/schema.org","@graph":[{"@type":"Article","@id":"https:\/\/newsestlyonnais.fr\/site\/2020\/05\/09\/saint-bonnet-de-mure-annulation-de-la-run-in-2-mure\/#article","isPartOf":{"@id":"https:\/\/newsestlyonnais.fr\/site\/2020\/05\/09\/saint-bonnet-de-mure-annulation-de-la-run-in-2-mure\/"},"author":{"name":"R\u00e9dac. NEWS","@id":"https:\/\/newsestlyonnais.fr\/site\/#\/schema\/person\/3230d5615f390bb808365d673001e887"},"headline":"SAINT-BONNET-DE-MURE | Annulation de \u00a0\u00bb Run In 2 Mure \u00ab\u00a0","datePublished":"2020-05-09T08:36:35+00:00","dateModified":"2020-05-28T12:43:29+00:00","mainEntityOfPage":{"@id":"https:\/\/newsestlyonnais.fr\/site\/2020\/05\/09\/saint-bonnet-de-mure-annulation-de-la-run-in-2-mure\/"},"wordCount":176,"commentCount":0,"publisher":{"@id":"https:\/\/newsestlyonnais.fr\/site\/#organization"},"image":{"@id":"https:\/\/newsestlyonnais.fr\/site\/2020\/05\/09\/saint-bonnet-de-mure-annulation-de-la-run-in-2-mure\/#primaryimage"},"thumbnailUrl":"https:\/\/newsestlyonnais.fr\/site\/wp-content\/uploads\/2020\/05\/NEWSESTLYONANIS-RUN-IN-2-MURE-2019.jpg","keywords":["FOULEE MUROISE","RUN IN 2 MURE","SAINT BONNET DE MURE","SAINT LAURENT DE MURE"],"articleSection":["Athl\u00e9 | Course pied | Marche","CCEL | Communes","St Bonnet | St Laurent de Mure"],"inLanguage":"fr-FR","potentialAction":[{"@type":"CommentAction","name":"Comment","target":["https:\/\/newsestlyonnais.fr\/site\/2020\/05\/09\/saint-bonnet-de-mure-annulation-de-la-run-in-2-mure\/#respond"]}]},{"@type":"WebPage","@id":"https:\/\/newsestlyonnais.fr\/site\/2020\/05\/09\/saint-bonnet-de-mure-annulation-de-la-run-in-2-mure\/","url":"https:\/\/newsestlyonnais.fr\/site\/2020\/05\/09\/saint-bonnet-de-mure-annulation-de-la-run-in-2-mure\/","name":"SAINT-BONNET-DE-MURE | Annulation de \" Run In 2 Mure \" - News Est Lyonnais","isPartOf":{"@id":"https:\/\/newsestlyonnais.fr\/site\/#website"},"primaryImageOfPage":{"@id":"https:\/\/newsestlyonnais.fr\/site\/2020\/05\/09\/saint-bonnet-de-mure-annulation-de-la-run-in-2-mure\/#primaryimage"},"image":{"@id":"https:\/\/newsestlyonnais.fr\/site\/2020\/05\/09\/saint-bonnet-de-mure-annulation-de-la-run-in-2-mure\/#primaryimage"},"thumbnailUrl":"https:\/\/newsestlyonnais.fr\/site\/wp-content\/uploads\/2020\/05\/NEWSESTLYONANIS-RUN-IN-2-MURE-2019.jpg","datePublished":"2020-05-09T08:36:35+00:00","dateModified":"2020-05-28T12:43:29+00:00","description":"SAINT-BONNET-DE MURE | Annulation de la \" Run In 2 Mure \"","breadcrumb":{"@id":"https:\/\/newsestlyonnais.fr\/site\/2020\/05\/09\/saint-bonnet-de-mure-annulation-de-la-run-in-2-mure\/#breadcrumb"},"inLanguage":"fr-FR","potentialAction":[{"@type":"ReadAction","target":["https:\/\/newsestlyonnais.fr\/site\/2020\/05\/09\/saint-bonnet-de-mure-annulation-de-la-run-in-2-mure\/"]}]},{"@type":"ImageObject","inLanguage":"fr-FR","@id":"https:\/\/newsestlyonnais.fr\/site\/2020\/05\/09\/saint-bonnet-de-mure-annulation-de-la-run-in-2-mure\/#primaryimage","url":"https:\/\/newsestlyonnais.fr\/site\/wp-content\/uploads\/2020\/05\/NEWSESTLYONANIS-RUN-IN-2-MURE-2019.jpg","contentUrl":"https:\/\/newsestlyonnais.fr\/site\/wp-content\/uploads\/2020\/05\/NEWSESTLYONANIS-RUN-IN-2-MURE-2019.jpg","width":1200,"height":800},{"@type":"BreadcrumbList","@id":"https:\/\/newsestlyonnais.fr\/site\/2020\/05\/09\/saint-bonnet-de-mure-annulation-de-la-run-in-2-mure\/#breadcrumb","itemListElement":[{"@type":"ListItem","position":1,"name":"Accueil","item":"https:\/\/newsestlyonnais.fr\/site\/"},{"@type":"ListItem","position":2,"name":"SAINT-BONNET-DE-MURE | Annulation de \u00a0\u00bb Run In 2 Mure \u00ab\u00a0"}]},{"@type":"WebSite","@id":"https:\/\/newsestlyonnais.fr\/site\/#website","url":"https:\/\/newsestlyonnais.fr\/site\/","name":"News Est Lyonnais","description":"L&#039;actualit\u00e9 au plus pr\u00e8s","publisher":{"@id":"https:\/\/newsestlyonnais.fr\/site\/#organization"},"potentialAction":[{"@type":"SearchAction","target":{"@type":"EntryPoint","urlTemplate":"https:\/\/newsestlyonnais.fr\/site\/?s={search_term_string}"},"query-input":{"@type":"PropertyValueSpecification","valueRequired":true,"valueName":"search_term_string"}}],"inLanguage":"fr-FR"},{"@type":"Organization","@id":"https:\/\/newsestlyonnais.fr\/site\/#organization","name":"News EST LYONNAIS","url":"https:\/\/newsestlyonnais.fr\/site\/","logo":{"@type":"ImageObject","inLanguage":"fr-FR","@id":"https:\/\/newsestlyonnais.fr\/site\/#\/schema\/logo\/image\/","url":"","contentUrl":"","caption":"News EST LYONNAIS"},"image":{"@id":"https:\/\/newsestlyonnais.fr\/site\/#\/schema\/logo\/image\/"}},{"@type":"Person","@id":"https:\/\/newsestlyonnais.fr\/site\/#\/schema\/person\/3230d5615f390bb808365d673001e887","name":"R\u00e9dac. NEWS","sameAs":["http:\/\/www.newsestlyonnais.fr","https:\/\/www.facebook.com\/pascal.oberson.1?fref=ts","https:\/\/fr.linkedin.com\/in\/pascal-oberson-b17045113"],"url":"https:\/\/newsestlyonnais.fr\/site\/author\/nel\/"}]}},"_links":{"self":[{"href":"https:\/\/newsestlyonnais.fr\/site\/wp-json\/wp\/v2\/posts\/101468","targetHints":{"allow":["GET"]}}],"collection":[{"href":"https:\/\/newsestlyonnais.fr\/site\/wp-json\/wp\/v2\/posts"}],"about":[{"href":"https:\/\/newsestlyonnais.fr\/site\/wp-json\/wp\/v2\/types\/post"}],"author":[{"embeddable":true,"href":"https:\/\/newsestlyonnais.fr\/site\/wp-json\/wp\/v2\/users\/4"}],"replies":[{"embeddable":true,"href":"https:\/\/newsestlyonnais.fr\/site\/wp-json\/wp\/v2\/comments?post=101468"}],"version-history":[{"count":0,"href":"https:\/\/newsestlyonnais.fr\/site\/wp-json\/wp\/v2\/posts\/101468\/revisions"}],"wp:featuredmedia":[{"embeddable":true,"href":"https:\/\/newsestlyonnais.fr\/site\/wp-json\/wp\/v2\/media\/101469"}],"wp:attachment":[{"href":"https:\/\/newsestlyonnais.fr\/site\/wp-json\/wp\/v2\/media?parent=101468"}],"wp:term":[{"taxonomy":"category","embeddable":true,"href":"https:\/\/newsestlyonnais.fr\/site\/wp-json\/wp\/v2\/categories?post=101468"},{"taxonomy":"post_tag","embeddable":true,"href":"https:\/\/newsestlyonnais.fr\/site\/wp-json\/wp\/v2\/tags?post=101468"}],"curies":[{"name":"wp","href":"https:\/\/api.w.org\/{rel}","templated":true}]}}