{"id":102043,"date":"2020-05-21T15:05:05","date_gmt":"2020-05-21T14:05:05","guid":{"rendered":"http:\/\/newsestlyonnais.fr\/site\/?p=102043"},"modified":"2021-09-16T07:15:14","modified_gmt":"2021-09-16T06:15:14","slug":"est-lyonnais-installation-des-conseils-municipaux","status":"publish","type":"post","link":"https:\/\/newsestlyonnais.fr\/site\/2020\/05\/21\/est-lyonnais-installation-des-conseils-municipaux\/","title":{"rendered":"Est-Lyonnais | Les conseils municipaux"},"content":{"rendered":"<div id=\"news\">\n<div class=\"content\">\n<p>Le d\u00e9cret autorisant l&rsquo;i<span class=\"field field--name-title field--type-string field--label-hidden\">nstallation des conseils municipaux \u00e9lus au premier tour a \u00e9t\u00e9 publi\u00e9 en date du 15 mai, voici une liste de communes de ce secteur concern\u00e9es par ces conseils sp\u00e9cifiques :<br \/>\n<\/span><\/p>\n<p>_________________________________________________________________________<\/p>\n<p><span style=\"text-decoration: underline;\"><strong>COLOMBIER-SAUGNIEU <\/strong><\/span>: <strong>Samedi 23 mai \u00e0 10 h en mairie<\/strong>. Ce conseil se tiendra \u00e0 huis clos, mais sera retransmise en direct en <span style=\"color: #0000ff;\"><a style=\"color: #0000ff;\" href=\"https:\/\/www.facebook.com\/communedecolombiersaugnieu\">Facebook<\/a><\/span> live. <strong>Ordre du jour<\/strong> (Election du Maire, d\u00e9signation du nombre d\u2019adjoint.e.s, \u00e9lections des adjoint.e.s, d\u00e9termination du montant des indemnit\u00e9s des \u00e9lu.e.s, d\u00e9termination du montant des frais de repr\u00e9sentation du Maire, pr\u00e9sentation de 2 demandes d\u2019autorisation de d\u00e9p\u00f4t de dossiers de subvention, lecture de la charte de l\u2019\u00e9lu.e local.e.).<\/p>\n<p><span style=\"text-decoration: underline;\"><strong>CORBAS<\/strong> <\/span>: <strong>Lundi 25 Mai \u00e0 19 heures 30<\/strong>, salle du conseil municipal. S\u00e9ance sans public qui sera retransmis sur les r\u00e9seaux sociaux. <strong>Ordre du jour<\/strong> (Installation du conseil municipal, \u00e9lection du maire, fixation du nombre d\u2019adjoints, \u00e9lection des adjoints, charte de l\u2019\u00e9lu local, pouvoir du maire, d\u00e9l\u00e9gation du conseil municipal).<\/p>\n<p><span style=\"text-decoration: underline;\"><strong>DECINES*<\/strong><\/span>:<strong> Samedi 23 mai \u00e0 10 heures aux Halles D\u00e9cinoises<\/strong>. Conseil non ouvert au public mais retransmis en direct sur la chaine <span style=\"color: #0000ff;\"><a style=\"color: #0000ff;\" href=\"https:\/\/www.youtube.com\/channel\/UCNFWV1WUJeUrjbaM1mbukXA\">YouTube<\/a><\/span> ou sur le<span style=\"color: #0000ff;\"><a style=\"color: #0000ff;\" href=\"https:\/\/www.decines-charpieu.fr\"> site<\/a><\/span> de la ville.<\/p>\n<p><strong><span style=\"text-decoration: underline;\">GENAS<\/span><strong> : L<\/strong>undi 25 mai \u00e0 19 h, dans l\u2019Atrium de l\u2019h\u00f4tel de ville<\/strong>. Une soixantaine de personnes environ pourra \u00eatre admise pour ce conseil qui sera diffus\u00e9 en direct sur la page <span style=\"color: #0000ff;\"><a style=\"color: #0000ff;\" href=\"https:\/\/www.facebook.com\/VilledeGenas\">Facebook<\/a><\/span> et le <a href=\"https:\/\/genas.fr\"><span style=\"color: #0000ff;\">site internet<\/span>.<\/a><\/p>\n<p><span style=\"text-decoration: underline;\"><strong>JONAGE<\/strong><\/span><strong> : Dimanche 24 mai \u00e0 11 heures \u00e0 l&rsquo;Agora. <\/strong>S\u00e9ance en public sur invitation. <span style=\"text-decoration: underline;\"><strong><br \/>\n<\/strong><\/span><\/p>\n<p><strong><span style=\"text-decoration: underline;\">JONS<\/span><\/strong> : <strong>Dimanche 24 mai \u00e0 10 heures en plein air, sur le parvis de la Mairie<\/strong>. Ordre du jour (Election du Maire, d\u00e9signation du nombre d\u2019adjoints, \u00e9lections des adjoints, lecture de la charte de l&rsquo;\u00e9lu local, adoption des d\u00e9l\u00e9gations du conseil municipal au Maire, vote des taux d&rsquo;imp\u00f4ts locaux, conclusion d&rsquo;un bail commercial avec l&rsquo;entreprise S.M.D, conclusion d&rsquo;un bail commercial avec l&rsquo;Association CARACOES DO MINHO et tirage au sort du jury d&rsquo;assise).<\/p>\n<p class=\"subTitle\"><strong><span style=\"text-decoration: underline;\">RILLIEUX LA PAPE<\/span><\/strong> : L<span class=\"blackhead\"><span class=\"title\"><strong>undi 25 mai 2020 \u00e0 19 heures<\/strong>. S\u00e9ance diffus\u00e9e en direct sur le <span style=\"color: #0000ff;\"><a style=\"color: #0000ff;\" href=\"http:\/\/www.rillieuxlapape.fr\">site internet<\/a> <\/span>et <span style=\"color: #0000ff;\"><a style=\"color: #0000ff;\" href=\"https:\/\/www.facebook.com\/villederillieuxlapape\">page Facebook<\/a><\/span>.<\/span><\/span><\/p>\n<p><strong><span style=\"text-decoration: underline;\">SAINT-BONNET DE MURE<\/span> : Mardi 26 mai \u00e0 19 h 30, salle de la Charpenterie. <\/strong>Le conseil sera en s\u00e9ance publique, mais avec public restreint compte tenu de la crise sanitaire. <strong>Ordre du jour<\/strong> (\u00e9lection du maire, d\u00e9finition du nombre d\u2019adjoints au maire, \u00e9lection des adjoints, lecture de la charte d\u2019\u00e9lu local, d\u00e9termination des indemnit\u00e9s, d\u00e9l\u00e9gations du conseil municipal au maire).<\/p>\n<p><span style=\"text-decoration: underline;\"><strong>SAINT-LAURENT DE MURE<\/strong><\/span><strong> : Mardi 26 mai \u00e0 18 heures en salle du Cercle<\/strong>. Cette s\u00e9ance ne sera pas ouverte au public et sera retransmise en direct sur la <span style=\"color: #0000ff;\"><a style=\"color: #0000ff;\" href=\"https:\/\/www.facebook.com\/MairieStLaurentdeMure\/\">page Facebook<\/a><\/span>. <strong>Ordre du jour<\/strong> (Installation des conseillers municipaux, \u00e9lection du Maire, d\u00e9termination du nombre d&rsquo;adjoints, \u00e9lection des adjoints, lecture et remise de la charte de l&rsquo;\u00e9lu local).<\/p>\n<p><span style=\"text-decoration: underline;\"><strong>SAINT-PIERRE DE CHANDIEU<\/strong><\/span><strong> : Mardi 26 mai 2020 \u00e0 19 h<\/strong>,<strong> salle \u00e0 Vocation Pluraliste (Espace Deslyres, rue du Stade).<\/strong> Le nombre maximal de personnes autoris\u00e9es \u00e0 y assister est fixer \u00e0 80 personnes. <strong>Ordre du jour<\/strong> (Installation du Conseil Municipal, \u00e9lection du Maire, d\u00e9termination du nombre des Adjoints, \u00e9lection des Adjoints).<\/p>\n<p><span style=\"text-decoration: underline;\"><strong>SAINT-PRIEST<\/strong><\/span><strong> : Lundi 25 mai \u00e0 la salle Mosaique. <\/strong>S\u00e9ance \u00e0 huit clos.<span style=\"text-decoration: underline;\"><strong><br \/>\n<\/strong><\/span><\/p>\n<p><strong><span style=\"text-decoration: underline;\">TOUSSIEU<\/span> : Samedi 23 mai \u00e0 11 heures, salle des f\u00eates. <\/strong>S\u00e9ance \u00e0 huit clos.<strong><br \/>\n<\/strong><\/p>\n<p>________________________________________________________________________<\/p>\n<p><strong>NOTA<\/strong> : Malgr\u00e9 notre demande, nous n&rsquo;avons pas eu de retour des communes de <strong>CALUIRE &amp; CHAPONNAY.<br \/>\n<\/strong><\/p>\n<p><em>\u00a0* D&rsquo;autre part la r\u00e9daction de <\/em><span style=\"color: #0000ff;\"><em><a style=\"color: #0000ff;\" href=\"https:\/\/newsestlyonnais.fr\">newsestlyonnais.fr<\/a> <\/em><span style=\"color: #808080;\"><em><strong><span style=\"color: #333333;\">sera pr\u00e9sente \u00e0 certains conseils municipaux pour couvrir ces installations <span style=\"text-decoration: underline;\">mais pas \u00e0 celui de D\u00e9cines ce samedi matin<\/span>, la municipalit\u00e9, malgr\u00e9 nos demandes, n&rsquo;ayant pas souhait\u00e9 notre couverture de cet \u00e9v\u00e8nement !<\/span><\/strong><\/em><\/span><\/span><\/p>\n<\/div>\n<\/div>\n","protected":false},"excerpt":{"rendered":"<p>Suite au premier tour d\u00e9roul\u00e9 le dimanche 15 mars dernier, de nombreuses listes ont \u00e9t\u00e9 \u00e9lues \u00e0 l&rsquo;issue du scrutin.<\/p>\n","protected":false},"author":4,"featured_media":102395,"comment_status":"open","ping_status":"open","sticky":false,"template":"","format":"standard","meta":{"footnotes":""},"categories":[270,1280,3334,21,1598,1303,1296,1282,1293],"tags":[2116],"class_list":["post-102043","post","type-post","status-publish","format-standard","has-post-thumbnail","hentry","category-cte-de-communes-c-c-e-l","category-colombier-saugnieu","category-conseils-municipaux-elections-voeux","category-decines-charpieu","category-genas","category-jonage","category-sain-priest","category-st-bonnet-st-laurent-de-mure","category-st-pierre-de-chandieu-toussieu","tag-decines"],"yoast_head":"<!-- This site is optimized with the Yoast SEO plugin v27.2 - https:\/\/yoast.com\/product\/yoast-seo-wordpress\/ -->\n<title>Est-Lyonnais | Les conseils municipaux - News Est Lyonnais<\/title>\n<meta name=\"description\" content=\"Est-Lyonnais &gt; Installation des conseils municipaux\" \/>\n<meta name=\"robots\" content=\"index, follow, max-snippet:-1, max-image-preview:large, max-video-preview:-1\" \/>\n<link rel=\"canonical\" href=\"https:\/\/newsestlyonnais.fr\/site\/2020\/05\/21\/est-lyonnais-installation-des-conseils-municipaux\/\" \/>\n<meta property=\"og:locale\" content=\"fr_FR\" \/>\n<meta property=\"og:type\" content=\"article\" \/>\n<meta property=\"og:title\" content=\"Est-Lyonnais | Les conseils municipaux - News Est Lyonnais\" \/>\n<meta property=\"og:description\" content=\"Est-Lyonnais &gt; Installation des conseils municipaux\" \/>\n<meta property=\"og:url\" content=\"https:\/\/newsestlyonnais.fr\/site\/2020\/05\/21\/est-lyonnais-installation-des-conseils-municipaux\/\" \/>\n<meta property=\"og:site_name\" content=\"News Est Lyonnais\" \/>\n<meta property=\"article:author\" content=\"https:\/\/www.facebook.com\/pascal.oberson.1?fref=ts\" \/>\n<meta property=\"article:published_time\" content=\"2020-05-21T14:05:05+00:00\" \/>\n<meta property=\"article:modified_time\" content=\"2021-09-16T06:15:14+00:00\" \/>\n<meta property=\"og:image\" content=\"https:\/\/i0.wp.com\/newsestlyonnais.fr\/site\/wp-content\/uploads\/2020\/05\/NEWSESTLYONNAIS-CONSEIL-MUNICI1PAL.jpg?fit=1200%2C800&ssl=1\" \/>\n\t<meta property=\"og:image:width\" content=\"1200\" \/>\n\t<meta property=\"og:image:height\" content=\"800\" \/>\n\t<meta property=\"og:image:type\" content=\"image\/jpeg\" \/>\n<meta name=\"author\" content=\"R\u00e9dac. NEWS\" \/>\n<meta name=\"twitter:card\" content=\"summary_large_image\" \/>\n<meta name=\"twitter:label1\" content=\"\u00c9crit par\" \/>\n\t<meta name=\"twitter:data1\" content=\"R\u00e9dac. NEWS\" \/>\n\t<meta name=\"twitter:label2\" content=\"Dur\u00e9e de lecture estim\u00e9e\" \/>\n\t<meta name=\"twitter:data2\" content=\"3 minutes\" \/>\n<script type=\"application\/ld+json\" class=\"yoast-schema-graph\">{\"@context\":\"https:\/\/schema.org\",\"@graph\":[{\"@type\":\"Article\",\"@id\":\"https:\/\/newsestlyonnais.fr\/site\/2020\/05\/21\/est-lyonnais-installation-des-conseils-municipaux\/#article\",\"isPartOf\":{\"@id\":\"https:\/\/newsestlyonnais.fr\/site\/2020\/05\/21\/est-lyonnais-installation-des-conseils-municipaux\/\"},\"author\":{\"name\":\"R\u00e9dac. NEWS\",\"@id\":\"https:\/\/newsestlyonnais.fr\/site\/#\/schema\/person\/3230d5615f390bb808365d673001e887\"},\"headline\":\"Est-Lyonnais | Les conseils municipaux\",\"datePublished\":\"2020-05-21T14:05:05+00:00\",\"dateModified\":\"2021-09-16T06:15:14+00:00\",\"mainEntityOfPage\":{\"@id\":\"https:\/\/newsestlyonnais.fr\/site\/2020\/05\/21\/est-lyonnais-installation-des-conseils-municipaux\/\"},\"wordCount\":604,\"commentCount\":0,\"publisher\":{\"@id\":\"https:\/\/newsestlyonnais.fr\/site\/#organization\"},\"image\":{\"@id\":\"https:\/\/newsestlyonnais.fr\/site\/2020\/05\/21\/est-lyonnais-installation-des-conseils-municipaux\/#primaryimage\"},\"thumbnailUrl\":\"https:\/\/newsestlyonnais.fr\/site\/wp-content\/uploads\/2020\/05\/NEWSESTLYONNAIS-CONSEIL-MUNICI1PAL.jpg\",\"keywords\":[\"DECINES\"],\"articleSection\":[\"CCEL | Communes\",\"Colombier-Saugnieu\",\"Conseils Municipaux | Elections | Voeux\",\"D\u00e9cines-Charpieu\",\"Genas\",\"Jonage\",\"Saint-Priest\",\"St Bonnet | St Laurent de Mure\",\"St Pierre de Chandieu | Toussieu\"],\"inLanguage\":\"fr-FR\",\"potentialAction\":[{\"@type\":\"CommentAction\",\"name\":\"Comment\",\"target\":[\"https:\/\/newsestlyonnais.fr\/site\/2020\/05\/21\/est-lyonnais-installation-des-conseils-municipaux\/#respond\"]}]},{\"@type\":\"WebPage\",\"@id\":\"https:\/\/newsestlyonnais.fr\/site\/2020\/05\/21\/est-lyonnais-installation-des-conseils-municipaux\/\",\"url\":\"https:\/\/newsestlyonnais.fr\/site\/2020\/05\/21\/est-lyonnais-installation-des-conseils-municipaux\/\",\"name\":\"Est-Lyonnais | Les conseils municipaux - News Est Lyonnais\",\"isPartOf\":{\"@id\":\"https:\/\/newsestlyonnais.fr\/site\/#website\"},\"primaryImageOfPage\":{\"@id\":\"https:\/\/newsestlyonnais.fr\/site\/2020\/05\/21\/est-lyonnais-installation-des-conseils-municipaux\/#primaryimage\"},\"image\":{\"@id\":\"https:\/\/newsestlyonnais.fr\/site\/2020\/05\/21\/est-lyonnais-installation-des-conseils-municipaux\/#primaryimage\"},\"thumbnailUrl\":\"https:\/\/newsestlyonnais.fr\/site\/wp-content\/uploads\/2020\/05\/NEWSESTLYONNAIS-CONSEIL-MUNICI1PAL.jpg\",\"datePublished\":\"2020-05-21T14:05:05+00:00\",\"dateModified\":\"2021-09-16T06:15:14+00:00\",\"description\":\"Est-Lyonnais > Installation des conseils municipaux\",\"breadcrumb\":{\"@id\":\"https:\/\/newsestlyonnais.fr\/site\/2020\/05\/21\/est-lyonnais-installation-des-conseils-municipaux\/#breadcrumb\"},\"inLanguage\":\"fr-FR\",\"potentialAction\":[{\"@type\":\"ReadAction\",\"target\":[\"https:\/\/newsestlyonnais.fr\/site\/2020\/05\/21\/est-lyonnais-installation-des-conseils-municipaux\/\"]}]},{\"@type\":\"ImageObject\",\"inLanguage\":\"fr-FR\",\"@id\":\"https:\/\/newsestlyonnais.fr\/site\/2020\/05\/21\/est-lyonnais-installation-des-conseils-municipaux\/#primaryimage\",\"url\":\"https:\/\/newsestlyonnais.fr\/site\/wp-content\/uploads\/2020\/05\/NEWSESTLYONNAIS-CONSEIL-MUNICI1PAL.jpg\",\"contentUrl\":\"https:\/\/newsestlyonnais.fr\/site\/wp-content\/uploads\/2020\/05\/NEWSESTLYONNAIS-CONSEIL-MUNICI1PAL.jpg\",\"width\":1200,\"height\":800},{\"@type\":\"BreadcrumbList\",\"@id\":\"https:\/\/newsestlyonnais.fr\/site\/2020\/05\/21\/est-lyonnais-installation-des-conseils-municipaux\/#breadcrumb\",\"itemListElement\":[{\"@type\":\"ListItem\",\"position\":1,\"name\":\"Accueil\",\"item\":\"https:\/\/newsestlyonnais.fr\/site\/\"},{\"@type\":\"ListItem\",\"position\":2,\"name\":\"Est-Lyonnais | Les conseils municipaux\"}]},{\"@type\":\"WebSite\",\"@id\":\"https:\/\/newsestlyonnais.fr\/site\/#website\",\"url\":\"https:\/\/newsestlyonnais.fr\/site\/\",\"name\":\"News Est Lyonnais\",\"description\":\"L&#039;actualit\u00e9 au plus pr\u00e8s\",\"publisher\":{\"@id\":\"https:\/\/newsestlyonnais.fr\/site\/#organization\"},\"potentialAction\":[{\"@type\":\"SearchAction\",\"target\":{\"@type\":\"EntryPoint\",\"urlTemplate\":\"https:\/\/newsestlyonnais.fr\/site\/?s={search_term_string}\"},\"query-input\":{\"@type\":\"PropertyValueSpecification\",\"valueRequired\":true,\"valueName\":\"search_term_string\"}}],\"inLanguage\":\"fr-FR\"},{\"@type\":\"Organization\",\"@id\":\"https:\/\/newsestlyonnais.fr\/site\/#organization\",\"name\":\"News EST LYONNAIS\",\"url\":\"https:\/\/newsestlyonnais.fr\/site\/\",\"logo\":{\"@type\":\"ImageObject\",\"inLanguage\":\"fr-FR\",\"@id\":\"https:\/\/newsestlyonnais.fr\/site\/#\/schema\/logo\/image\/\",\"url\":\"\",\"contentUrl\":\"\",\"caption\":\"News EST LYONNAIS\"},\"image\":{\"@id\":\"https:\/\/newsestlyonnais.fr\/site\/#\/schema\/logo\/image\/\"}},{\"@type\":\"Person\",\"@id\":\"https:\/\/newsestlyonnais.fr\/site\/#\/schema\/person\/3230d5615f390bb808365d673001e887\",\"name\":\"R\u00e9dac. NEWS\",\"sameAs\":[\"http:\/\/www.newsestlyonnais.fr\",\"https:\/\/www.facebook.com\/pascal.oberson.1?fref=ts\",\"https:\/\/fr.linkedin.com\/in\/pascal-oberson-b17045113\"],\"url\":\"https:\/\/newsestlyonnais.fr\/site\/author\/nel\/\"}]}<\/script>\n<!-- \/ Yoast SEO plugin. -->","yoast_head_json":{"title":"Est-Lyonnais | Les conseils municipaux - News Est Lyonnais","description":"Est-Lyonnais > Installation des conseils municipaux","robots":{"index":"index","follow":"follow","max-snippet":"max-snippet:-1","max-image-preview":"max-image-preview:large","max-video-preview":"max-video-preview:-1"},"canonical":"https:\/\/newsestlyonnais.fr\/site\/2020\/05\/21\/est-lyonnais-installation-des-conseils-municipaux\/","og_locale":"fr_FR","og_type":"article","og_title":"Est-Lyonnais | Les conseils municipaux - News Est Lyonnais","og_description":"Est-Lyonnais > Installation des conseils municipaux","og_url":"https:\/\/newsestlyonnais.fr\/site\/2020\/05\/21\/est-lyonnais-installation-des-conseils-municipaux\/","og_site_name":"News Est Lyonnais","article_author":"https:\/\/www.facebook.com\/pascal.oberson.1?fref=ts","article_published_time":"2020-05-21T14:05:05+00:00","article_modified_time":"2021-09-16T06:15:14+00:00","og_image":[{"width":1200,"height":800,"url":"https:\/\/i0.wp.com\/newsestlyonnais.fr\/site\/wp-content\/uploads\/2020\/05\/NEWSESTLYONNAIS-CONSEIL-MUNICI1PAL.jpg?fit=1200%2C800&ssl=1","type":"image\/jpeg"}],"author":"R\u00e9dac. NEWS","twitter_card":"summary_large_image","twitter_misc":{"\u00c9crit par":"R\u00e9dac. NEWS","Dur\u00e9e de lecture estim\u00e9e":"3 minutes"},"schema":{"@context":"https:\/\/schema.org","@graph":[{"@type":"Article","@id":"https:\/\/newsestlyonnais.fr\/site\/2020\/05\/21\/est-lyonnais-installation-des-conseils-municipaux\/#article","isPartOf":{"@id":"https:\/\/newsestlyonnais.fr\/site\/2020\/05\/21\/est-lyonnais-installation-des-conseils-municipaux\/"},"author":{"name":"R\u00e9dac. NEWS","@id":"https:\/\/newsestlyonnais.fr\/site\/#\/schema\/person\/3230d5615f390bb808365d673001e887"},"headline":"Est-Lyonnais | Les conseils municipaux","datePublished":"2020-05-21T14:05:05+00:00","dateModified":"2021-09-16T06:15:14+00:00","mainEntityOfPage":{"@id":"https:\/\/newsestlyonnais.fr\/site\/2020\/05\/21\/est-lyonnais-installation-des-conseils-municipaux\/"},"wordCount":604,"commentCount":0,"publisher":{"@id":"https:\/\/newsestlyonnais.fr\/site\/#organization"},"image":{"@id":"https:\/\/newsestlyonnais.fr\/site\/2020\/05\/21\/est-lyonnais-installation-des-conseils-municipaux\/#primaryimage"},"thumbnailUrl":"https:\/\/newsestlyonnais.fr\/site\/wp-content\/uploads\/2020\/05\/NEWSESTLYONNAIS-CONSEIL-MUNICI1PAL.jpg","keywords":["DECINES"],"articleSection":["CCEL | Communes","Colombier-Saugnieu","Conseils Municipaux | Elections | Voeux","D\u00e9cines-Charpieu","Genas","Jonage","Saint-Priest","St Bonnet | St Laurent de Mure","St Pierre de Chandieu | Toussieu"],"inLanguage":"fr-FR","potentialAction":[{"@type":"CommentAction","name":"Comment","target":["https:\/\/newsestlyonnais.fr\/site\/2020\/05\/21\/est-lyonnais-installation-des-conseils-municipaux\/#respond"]}]},{"@type":"WebPage","@id":"https:\/\/newsestlyonnais.fr\/site\/2020\/05\/21\/est-lyonnais-installation-des-conseils-municipaux\/","url":"https:\/\/newsestlyonnais.fr\/site\/2020\/05\/21\/est-lyonnais-installation-des-conseils-municipaux\/","name":"Est-Lyonnais | Les conseils municipaux - News Est Lyonnais","isPartOf":{"@id":"https:\/\/newsestlyonnais.fr\/site\/#website"},"primaryImageOfPage":{"@id":"https:\/\/newsestlyonnais.fr\/site\/2020\/05\/21\/est-lyonnais-installation-des-conseils-municipaux\/#primaryimage"},"image":{"@id":"https:\/\/newsestlyonnais.fr\/site\/2020\/05\/21\/est-lyonnais-installation-des-conseils-municipaux\/#primaryimage"},"thumbnailUrl":"https:\/\/newsestlyonnais.fr\/site\/wp-content\/uploads\/2020\/05\/NEWSESTLYONNAIS-CONSEIL-MUNICI1PAL.jpg","datePublished":"2020-05-21T14:05:05+00:00","dateModified":"2021-09-16T06:15:14+00:00","description":"Est-Lyonnais > Installation des conseils municipaux","breadcrumb":{"@id":"https:\/\/newsestlyonnais.fr\/site\/2020\/05\/21\/est-lyonnais-installation-des-conseils-municipaux\/#breadcrumb"},"inLanguage":"fr-FR","potentialAction":[{"@type":"ReadAction","target":["https:\/\/newsestlyonnais.fr\/site\/2020\/05\/21\/est-lyonnais-installation-des-conseils-municipaux\/"]}]},{"@type":"ImageObject","inLanguage":"fr-FR","@id":"https:\/\/newsestlyonnais.fr\/site\/2020\/05\/21\/est-lyonnais-installation-des-conseils-municipaux\/#primaryimage","url":"https:\/\/newsestlyonnais.fr\/site\/wp-content\/uploads\/2020\/05\/NEWSESTLYONNAIS-CONSEIL-MUNICI1PAL.jpg","contentUrl":"https:\/\/newsestlyonnais.fr\/site\/wp-content\/uploads\/2020\/05\/NEWSESTLYONNAIS-CONSEIL-MUNICI1PAL.jpg","width":1200,"height":800},{"@type":"BreadcrumbList","@id":"https:\/\/newsestlyonnais.fr\/site\/2020\/05\/21\/est-lyonnais-installation-des-conseils-municipaux\/#breadcrumb","itemListElement":[{"@type":"ListItem","position":1,"name":"Accueil","item":"https:\/\/newsestlyonnais.fr\/site\/"},{"@type":"ListItem","position":2,"name":"Est-Lyonnais | Les conseils municipaux"}]},{"@type":"WebSite","@id":"https:\/\/newsestlyonnais.fr\/site\/#website","url":"https:\/\/newsestlyonnais.fr\/site\/","name":"News Est Lyonnais","description":"L&#039;actualit\u00e9 au plus pr\u00e8s","publisher":{"@id":"https:\/\/newsestlyonnais.fr\/site\/#organization"},"potentialAction":[{"@type":"SearchAction","target":{"@type":"EntryPoint","urlTemplate":"https:\/\/newsestlyonnais.fr\/site\/?s={search_term_string}"},"query-input":{"@type":"PropertyValueSpecification","valueRequired":true,"valueName":"search_term_string"}}],"inLanguage":"fr-FR"},{"@type":"Organization","@id":"https:\/\/newsestlyonnais.fr\/site\/#organization","name":"News EST LYONNAIS","url":"https:\/\/newsestlyonnais.fr\/site\/","logo":{"@type":"ImageObject","inLanguage":"fr-FR","@id":"https:\/\/newsestlyonnais.fr\/site\/#\/schema\/logo\/image\/","url":"","contentUrl":"","caption":"News EST LYONNAIS"},"image":{"@id":"https:\/\/newsestlyonnais.fr\/site\/#\/schema\/logo\/image\/"}},{"@type":"Person","@id":"https:\/\/newsestlyonnais.fr\/site\/#\/schema\/person\/3230d5615f390bb808365d673001e887","name":"R\u00e9dac. NEWS","sameAs":["http:\/\/www.newsestlyonnais.fr","https:\/\/www.facebook.com\/pascal.oberson.1?fref=ts","https:\/\/fr.linkedin.com\/in\/pascal-oberson-b17045113"],"url":"https:\/\/newsestlyonnais.fr\/site\/author\/nel\/"}]}},"_links":{"self":[{"href":"https:\/\/newsestlyonnais.fr\/site\/wp-json\/wp\/v2\/posts\/102043","targetHints":{"allow":["GET"]}}],"collection":[{"href":"https:\/\/newsestlyonnais.fr\/site\/wp-json\/wp\/v2\/posts"}],"about":[{"href":"https:\/\/newsestlyonnais.fr\/site\/wp-json\/wp\/v2\/types\/post"}],"author":[{"embeddable":true,"href":"https:\/\/newsestlyonnais.fr\/site\/wp-json\/wp\/v2\/users\/4"}],"replies":[{"embeddable":true,"href":"https:\/\/newsestlyonnais.fr\/site\/wp-json\/wp\/v2\/comments?post=102043"}],"version-history":[{"count":0,"href":"https:\/\/newsestlyonnais.fr\/site\/wp-json\/wp\/v2\/posts\/102043\/revisions"}],"wp:featuredmedia":[{"embeddable":true,"href":"https:\/\/newsestlyonnais.fr\/site\/wp-json\/wp\/v2\/media\/102395"}],"wp:attachment":[{"href":"https:\/\/newsestlyonnais.fr\/site\/wp-json\/wp\/v2\/media?parent=102043"}],"wp:term":[{"taxonomy":"category","embeddable":true,"href":"https:\/\/newsestlyonnais.fr\/site\/wp-json\/wp\/v2\/categories?post=102043"},{"taxonomy":"post_tag","embeddable":true,"href":"https:\/\/newsestlyonnais.fr\/site\/wp-json\/wp\/v2\/tags?post=102043"}],"curies":[{"name":"wp","href":"https:\/\/api.w.org\/{rel}","templated":true}]}}