{"id":102974,"date":"2020-05-25T14:51:12","date_gmt":"2020-05-25T13:51:12","guid":{"rendered":"http:\/\/newsestlyonnais.fr\/site\/?p=102974"},"modified":"2020-06-24T13:52:55","modified_gmt":"2020-06-24T12:52:55","slug":"transports-nouveaux-services-au-sytral","status":"publish","type":"post","link":"https:\/\/newsestlyonnais.fr\/site\/2020\/05\/25\/transports-nouveaux-services-au-sytral\/","title":{"rendered":"TRANSPORTS | Nouveaux services au Sytral"},"content":{"rendered":"<p>\u00ab Afin d\u2019anticiper la reprise progressive sur le r\u00e9seau, nous poursuivons nos efforts en proposant aux voyageurs des services toujours plus nombreux et efficaces: un nouveau titre d\u00e9mat\u00e9rialis\u00e9, un service ambulant de d\u00e9sinfection inventif, des innovations en mati\u00e8re de d\u00e9sinfection&#8230; Autant de mesures qui participent au regain de confiance dans les transports en commun \u00bb <strong>pr\u00e9cise Fouziya Bouzerda, la pr\u00e9sidente du SYTRAL. <\/strong>____________________________________________________________________________<\/p>\n<p><strong>Le \u00abticket SMS\u00bb disponible d\u00e8s mercredi sur le r\u00e9seau bus<\/strong><\/p>\n<p>Le SYTRAL propose un nouveau dispositif d\u2019achat de titres de transport d\u00e9mat\u00e9rialis\u00e9 pour voyager \u00e0 bord des bus du r\u00e9seau TCL : le \u00abticket SMS\u00bb. Cet outil, qui utilise la technologie du paiement par SMS ne n\u00e9cessite ni smartphone connect\u00e9 ni carte de cr\u00e9dit.\u00ab En mettant en place cette nouvelle mesure barri\u00e8re qui permet de pallier la suspension de la vente de ticket \u00e0 bord des bus, nous apportons une r\u00e9ponse simple,\u00e0 la port\u00e9e de nos voyageurs occasionnels \u00bb,ajoute Fouziya Bouzerda.<\/p>\n<p><strong>Comment \u00e7a marche ?<\/strong> <strong>Les usagers envoient le mot \u00abBUS\u00bb au 93030<\/strong> et re\u00e7oivent en retour un ticket sous forme de SMS, d\u00e9bit\u00e9 directement sur leur facture de t\u00e9l\u00e9phone mobile.Le titre, au prix de 1,90 \u20ac est valable une heure sur l\u2019ensemble du r\u00e9seau de bus.<\/p>\n<p><strong>Le \u00abticket SMS\u00bb<\/strong> vient compl\u00e9ter l\u2019offre existante :<\/p>\n<ul>\n<li>le titre d\u00e9mat\u00e9rialis\u00e9 disponible sur l\u2019application E-Ticket<\/li>\n<li>les 447 distributeurs automatiques du r\u00e9seau<\/li>\n<\/ul>\n<p>Les voyageurs des r\u00e9seaux Cars du Rh\u00f4ne et Libellule pourront \u00e9galement b\u00e9n\u00e9ficier de ce nouveau service \u00e0 partir du mois de juin. ____________________________________________________________________________<\/p>\n<p><strong>De nouveaux \u00e9quipements sanitaires dans le m\u00e9tro et tramway<\/strong><\/p>\n<p>Le SYTRAL propose un nouveau service ambulant de d\u00e9sinfection qui vient compl\u00e9ter les bornes sans contact install\u00e9es sur le r\u00e9seau.D\u00e8s jeudi, une vingtaine d\u2019agents \u00e9quip\u00e9s de bonbonnes portatives sillonneront le r\u00e9seau pour aller \u00e0 la rencontre des voyageurs et assurer la distribution de lotion d\u00e9sinfectante par pulv\u00e9risation. <strong>Ce nouveau dispositif, exp\u00e9riment\u00e9 jusqu\u2019au 31 juillet<\/strong> sera d\u00e9ploy\u00e9 dans les principaux p\u00f4les d\u2019\u00e9changes multimodaux. Muni d\u2019un r\u00e9servoir de 5L, chaque agent permettra la d\u00e9sinfection des mains de plus de 140.000 personnes chaque semaine. La borne d\u00e9sinfectante sans contact install\u00e9e \u00e0 la station Part-Dieu ayant d\u00e9montr\u00e9 son efficacit\u00e9, le SYTRAL poursuit actuellement le d\u00e9ploiement de <strong>9 nouvelles bornes<\/strong> dans les principales stations de m\u00e9tro. En parall\u00e8le, <strong>une exp\u00e9rimentation est men\u00e9e \u00e0 bord de deux rames de tramway<\/strong>. 10 distributeurs de solution hydro-alcoolique, sans contact et connect\u00e9s sont en cours d\u2019installation. __________________________________________________________________________<\/p>\n<p><strong>Le SYTRAL exp\u00e9rimente de nouvelles solutions innovantes de d\u00e9sinfection des v\u00e9hicules<\/strong><\/p>\n<p>Le nettoyage des v\u00e9hicules, des assises en stations, des valideurs et des distributeurs se poursuit quotidiennement avec des produits d\u00e9sinfectants et virucides. Depuis le 11 mai, des \u00e9quipes mobiles sont \u00e9galement d\u00e9ploy\u00e9es sur l\u2019ensemble du r\u00e9seau afin d\u2019assurer un nettoyage en lignes deux fois par jour dans les bus et les rames de m\u00e9tro et de tramway. En parall\u00e8le, le SYTRAL explore diff\u00e9rentes m\u00e9thodes, techniques et produits innovants. Si des exp\u00e9rimentations de d\u00e9sinfection \u00e0 la vapeur s\u00e8che et aux rayons UV sont encore \u00e0 l\u2019\u00e9tude, le SYTRAL a d\u2019ores et d\u00e9j\u00e0 d\u00e9ploy\u00e9 avec son d\u00e9l\u00e9gataire Berthelet, l\u2019usage de d\u00e9sinfectants virucides r\u00e9manent par n\u00e9bulisation (https:\/\/youtu.be\/xYTtDzh9xpE).<\/p>\n<p>Cette m\u00e9thode innovante dont l\u2019effet persiste longtemps apr\u00e8s l\u2019application permet une d\u00e9sinfection homog\u00e8ne sur toutes les surfaces en moins de 3 minutes. <strong>Cette exp\u00e9rimentation est men\u00e9e sur plus de 40 lignes de bus du territoire de la Communaut\u00e9 de l\u2019Est Lyonnais.<\/strong><\/p>\n<p>&nbsp;<\/p>\n","protected":false},"excerpt":{"rendered":"<p>Le SYTRAL d\u00e9multiplie les dispositifs permettant d\u2019assurer la s\u00e9curit\u00e9 des voyageurs et faciliter leurs d\u00e9placements.<\/p>\n","protected":false},"author":4,"featured_media":84714,"comment_status":"open","ping_status":"open","sticky":false,"template":"","format":"standard","meta":{"footnotes":""},"categories":[18,13],"tags":[],"class_list":["post-102974","post","type-post","status-publish","format-standard","has-post-thumbnail","hentry","category-sante-bien-etre-solidarite","category-transports-circulation"],"yoast_head":"<!-- This site is optimized with the Yoast SEO plugin v27.2 - https:\/\/yoast.com\/product\/yoast-seo-wordpress\/ -->\n<title>TRANSPORTS | Nouveaux services au Sytral - News Est Lyonnais<\/title>\n<meta name=\"description\" content=\"TRANSPORTS | D\u00e9confinement &gt; de nouveaux services au Sytral pour les voyageurs\" \/>\n<meta name=\"robots\" content=\"index, follow, max-snippet:-1, max-image-preview:large, max-video-preview:-1\" \/>\n<link rel=\"canonical\" href=\"https:\/\/newsestlyonnais.fr\/site\/2020\/05\/25\/transports-nouveaux-services-au-sytral\/\" \/>\n<meta property=\"og:locale\" content=\"fr_FR\" \/>\n<meta property=\"og:type\" content=\"article\" \/>\n<meta property=\"og:title\" content=\"TRANSPORTS | Nouveaux services au Sytral - News Est Lyonnais\" \/>\n<meta property=\"og:description\" content=\"TRANSPORTS | D\u00e9confinement &gt; de nouveaux services au Sytral pour les voyageurs\" \/>\n<meta property=\"og:url\" content=\"https:\/\/newsestlyonnais.fr\/site\/2020\/05\/25\/transports-nouveaux-services-au-sytral\/\" \/>\n<meta property=\"og:site_name\" content=\"News Est Lyonnais\" \/>\n<meta property=\"article:author\" content=\"https:\/\/www.facebook.com\/pascal.oberson.1?fref=ts\" \/>\n<meta property=\"article:published_time\" content=\"2020-05-25T13:51:12+00:00\" \/>\n<meta property=\"article:modified_time\" content=\"2020-06-24T12:52:55+00:00\" \/>\n<meta property=\"og:image\" content=\"https:\/\/i0.wp.com\/newsestlyonnais.fr\/site\/wp-content\/uploads\/2019\/10\/NEWSESTLYONNAIS-BUS-TCL-BIS.jpg?fit=1200%2C800&ssl=1\" \/>\n\t<meta property=\"og:image:width\" content=\"1200\" \/>\n\t<meta property=\"og:image:height\" content=\"800\" \/>\n\t<meta property=\"og:image:type\" content=\"image\/jpeg\" \/>\n<meta name=\"author\" content=\"R\u00e9dac. NEWS\" \/>\n<meta name=\"twitter:card\" content=\"summary_large_image\" \/>\n<meta name=\"twitter:label1\" content=\"\u00c9crit par\" \/>\n\t<meta name=\"twitter:data1\" content=\"R\u00e9dac. NEWS\" \/>\n\t<meta name=\"twitter:label2\" content=\"Dur\u00e9e de lecture estim\u00e9e\" \/>\n\t<meta name=\"twitter:data2\" content=\"3 minutes\" \/>\n<script type=\"application\/ld+json\" class=\"yoast-schema-graph\">{\"@context\":\"https:\/\/schema.org\",\"@graph\":[{\"@type\":\"Article\",\"@id\":\"https:\/\/newsestlyonnais.fr\/site\/2020\/05\/25\/transports-nouveaux-services-au-sytral\/#article\",\"isPartOf\":{\"@id\":\"https:\/\/newsestlyonnais.fr\/site\/2020\/05\/25\/transports-nouveaux-services-au-sytral\/\"},\"author\":{\"name\":\"R\u00e9dac. NEWS\",\"@id\":\"https:\/\/newsestlyonnais.fr\/site\/#\/schema\/person\/3230d5615f390bb808365d673001e887\"},\"headline\":\"TRANSPORTS | Nouveaux services au Sytral\",\"datePublished\":\"2020-05-25T13:51:12+00:00\",\"dateModified\":\"2020-06-24T12:52:55+00:00\",\"mainEntityOfPage\":{\"@id\":\"https:\/\/newsestlyonnais.fr\/site\/2020\/05\/25\/transports-nouveaux-services-au-sytral\/\"},\"wordCount\":633,\"commentCount\":0,\"publisher\":{\"@id\":\"https:\/\/newsestlyonnais.fr\/site\/#organization\"},\"image\":{\"@id\":\"https:\/\/newsestlyonnais.fr\/site\/2020\/05\/25\/transports-nouveaux-services-au-sytral\/#primaryimage\"},\"thumbnailUrl\":\"https:\/\/newsestlyonnais.fr\/site\/wp-content\/uploads\/2019\/10\/NEWSESTLYONNAIS-BUS-TCL-BIS.jpg\",\"articleSection\":[\"Sant\u00e9 | Bien Etre | Solidarit\u00e9\",\"Transports | Circulation\"],\"inLanguage\":\"fr-FR\",\"potentialAction\":[{\"@type\":\"CommentAction\",\"name\":\"Comment\",\"target\":[\"https:\/\/newsestlyonnais.fr\/site\/2020\/05\/25\/transports-nouveaux-services-au-sytral\/#respond\"]}]},{\"@type\":\"WebPage\",\"@id\":\"https:\/\/newsestlyonnais.fr\/site\/2020\/05\/25\/transports-nouveaux-services-au-sytral\/\",\"url\":\"https:\/\/newsestlyonnais.fr\/site\/2020\/05\/25\/transports-nouveaux-services-au-sytral\/\",\"name\":\"TRANSPORTS | Nouveaux services au Sytral - News Est Lyonnais\",\"isPartOf\":{\"@id\":\"https:\/\/newsestlyonnais.fr\/site\/#website\"},\"primaryImageOfPage\":{\"@id\":\"https:\/\/newsestlyonnais.fr\/site\/2020\/05\/25\/transports-nouveaux-services-au-sytral\/#primaryimage\"},\"image\":{\"@id\":\"https:\/\/newsestlyonnais.fr\/site\/2020\/05\/25\/transports-nouveaux-services-au-sytral\/#primaryimage\"},\"thumbnailUrl\":\"https:\/\/newsestlyonnais.fr\/site\/wp-content\/uploads\/2019\/10\/NEWSESTLYONNAIS-BUS-TCL-BIS.jpg\",\"datePublished\":\"2020-05-25T13:51:12+00:00\",\"dateModified\":\"2020-06-24T12:52:55+00:00\",\"description\":\"TRANSPORTS | D\u00e9confinement > de nouveaux services au Sytral pour les voyageurs\",\"breadcrumb\":{\"@id\":\"https:\/\/newsestlyonnais.fr\/site\/2020\/05\/25\/transports-nouveaux-services-au-sytral\/#breadcrumb\"},\"inLanguage\":\"fr-FR\",\"potentialAction\":[{\"@type\":\"ReadAction\",\"target\":[\"https:\/\/newsestlyonnais.fr\/site\/2020\/05\/25\/transports-nouveaux-services-au-sytral\/\"]}]},{\"@type\":\"ImageObject\",\"inLanguage\":\"fr-FR\",\"@id\":\"https:\/\/newsestlyonnais.fr\/site\/2020\/05\/25\/transports-nouveaux-services-au-sytral\/#primaryimage\",\"url\":\"https:\/\/newsestlyonnais.fr\/site\/wp-content\/uploads\/2019\/10\/NEWSESTLYONNAIS-BUS-TCL-BIS.jpg\",\"contentUrl\":\"https:\/\/newsestlyonnais.fr\/site\/wp-content\/uploads\/2019\/10\/NEWSESTLYONNAIS-BUS-TCL-BIS.jpg\",\"width\":1200,\"height\":800},{\"@type\":\"BreadcrumbList\",\"@id\":\"https:\/\/newsestlyonnais.fr\/site\/2020\/05\/25\/transports-nouveaux-services-au-sytral\/#breadcrumb\",\"itemListElement\":[{\"@type\":\"ListItem\",\"position\":1,\"name\":\"Accueil\",\"item\":\"https:\/\/newsestlyonnais.fr\/site\/\"},{\"@type\":\"ListItem\",\"position\":2,\"name\":\"TRANSPORTS | Nouveaux services au Sytral\"}]},{\"@type\":\"WebSite\",\"@id\":\"https:\/\/newsestlyonnais.fr\/site\/#website\",\"url\":\"https:\/\/newsestlyonnais.fr\/site\/\",\"name\":\"News Est Lyonnais\",\"description\":\"L&#039;actualit\u00e9 au plus pr\u00e8s\",\"publisher\":{\"@id\":\"https:\/\/newsestlyonnais.fr\/site\/#organization\"},\"potentialAction\":[{\"@type\":\"SearchAction\",\"target\":{\"@type\":\"EntryPoint\",\"urlTemplate\":\"https:\/\/newsestlyonnais.fr\/site\/?s={search_term_string}\"},\"query-input\":{\"@type\":\"PropertyValueSpecification\",\"valueRequired\":true,\"valueName\":\"search_term_string\"}}],\"inLanguage\":\"fr-FR\"},{\"@type\":\"Organization\",\"@id\":\"https:\/\/newsestlyonnais.fr\/site\/#organization\",\"name\":\"News EST LYONNAIS\",\"url\":\"https:\/\/newsestlyonnais.fr\/site\/\",\"logo\":{\"@type\":\"ImageObject\",\"inLanguage\":\"fr-FR\",\"@id\":\"https:\/\/newsestlyonnais.fr\/site\/#\/schema\/logo\/image\/\",\"url\":\"\",\"contentUrl\":\"\",\"caption\":\"News EST LYONNAIS\"},\"image\":{\"@id\":\"https:\/\/newsestlyonnais.fr\/site\/#\/schema\/logo\/image\/\"}},{\"@type\":\"Person\",\"@id\":\"https:\/\/newsestlyonnais.fr\/site\/#\/schema\/person\/3230d5615f390bb808365d673001e887\",\"name\":\"R\u00e9dac. NEWS\",\"sameAs\":[\"http:\/\/www.newsestlyonnais.fr\",\"https:\/\/www.facebook.com\/pascal.oberson.1?fref=ts\",\"https:\/\/fr.linkedin.com\/in\/pascal-oberson-b17045113\"],\"url\":\"https:\/\/newsestlyonnais.fr\/site\/author\/nel\/\"}]}<\/script>\n<!-- \/ Yoast SEO plugin. -->","yoast_head_json":{"title":"TRANSPORTS | Nouveaux services au Sytral - News Est Lyonnais","description":"TRANSPORTS | D\u00e9confinement > de nouveaux services au Sytral pour les voyageurs","robots":{"index":"index","follow":"follow","max-snippet":"max-snippet:-1","max-image-preview":"max-image-preview:large","max-video-preview":"max-video-preview:-1"},"canonical":"https:\/\/newsestlyonnais.fr\/site\/2020\/05\/25\/transports-nouveaux-services-au-sytral\/","og_locale":"fr_FR","og_type":"article","og_title":"TRANSPORTS | Nouveaux services au Sytral - News Est Lyonnais","og_description":"TRANSPORTS | D\u00e9confinement > de nouveaux services au Sytral pour les voyageurs","og_url":"https:\/\/newsestlyonnais.fr\/site\/2020\/05\/25\/transports-nouveaux-services-au-sytral\/","og_site_name":"News Est Lyonnais","article_author":"https:\/\/www.facebook.com\/pascal.oberson.1?fref=ts","article_published_time":"2020-05-25T13:51:12+00:00","article_modified_time":"2020-06-24T12:52:55+00:00","og_image":[{"width":1200,"height":800,"url":"https:\/\/i0.wp.com\/newsestlyonnais.fr\/site\/wp-content\/uploads\/2019\/10\/NEWSESTLYONNAIS-BUS-TCL-BIS.jpg?fit=1200%2C800&ssl=1","type":"image\/jpeg"}],"author":"R\u00e9dac. NEWS","twitter_card":"summary_large_image","twitter_misc":{"\u00c9crit par":"R\u00e9dac. NEWS","Dur\u00e9e de lecture estim\u00e9e":"3 minutes"},"schema":{"@context":"https:\/\/schema.org","@graph":[{"@type":"Article","@id":"https:\/\/newsestlyonnais.fr\/site\/2020\/05\/25\/transports-nouveaux-services-au-sytral\/#article","isPartOf":{"@id":"https:\/\/newsestlyonnais.fr\/site\/2020\/05\/25\/transports-nouveaux-services-au-sytral\/"},"author":{"name":"R\u00e9dac. NEWS","@id":"https:\/\/newsestlyonnais.fr\/site\/#\/schema\/person\/3230d5615f390bb808365d673001e887"},"headline":"TRANSPORTS | Nouveaux services au Sytral","datePublished":"2020-05-25T13:51:12+00:00","dateModified":"2020-06-24T12:52:55+00:00","mainEntityOfPage":{"@id":"https:\/\/newsestlyonnais.fr\/site\/2020\/05\/25\/transports-nouveaux-services-au-sytral\/"},"wordCount":633,"commentCount":0,"publisher":{"@id":"https:\/\/newsestlyonnais.fr\/site\/#organization"},"image":{"@id":"https:\/\/newsestlyonnais.fr\/site\/2020\/05\/25\/transports-nouveaux-services-au-sytral\/#primaryimage"},"thumbnailUrl":"https:\/\/newsestlyonnais.fr\/site\/wp-content\/uploads\/2019\/10\/NEWSESTLYONNAIS-BUS-TCL-BIS.jpg","articleSection":["Sant\u00e9 | Bien Etre | Solidarit\u00e9","Transports | Circulation"],"inLanguage":"fr-FR","potentialAction":[{"@type":"CommentAction","name":"Comment","target":["https:\/\/newsestlyonnais.fr\/site\/2020\/05\/25\/transports-nouveaux-services-au-sytral\/#respond"]}]},{"@type":"WebPage","@id":"https:\/\/newsestlyonnais.fr\/site\/2020\/05\/25\/transports-nouveaux-services-au-sytral\/","url":"https:\/\/newsestlyonnais.fr\/site\/2020\/05\/25\/transports-nouveaux-services-au-sytral\/","name":"TRANSPORTS | Nouveaux services au Sytral - News Est Lyonnais","isPartOf":{"@id":"https:\/\/newsestlyonnais.fr\/site\/#website"},"primaryImageOfPage":{"@id":"https:\/\/newsestlyonnais.fr\/site\/2020\/05\/25\/transports-nouveaux-services-au-sytral\/#primaryimage"},"image":{"@id":"https:\/\/newsestlyonnais.fr\/site\/2020\/05\/25\/transports-nouveaux-services-au-sytral\/#primaryimage"},"thumbnailUrl":"https:\/\/newsestlyonnais.fr\/site\/wp-content\/uploads\/2019\/10\/NEWSESTLYONNAIS-BUS-TCL-BIS.jpg","datePublished":"2020-05-25T13:51:12+00:00","dateModified":"2020-06-24T12:52:55+00:00","description":"TRANSPORTS | D\u00e9confinement > de nouveaux services au Sytral pour les voyageurs","breadcrumb":{"@id":"https:\/\/newsestlyonnais.fr\/site\/2020\/05\/25\/transports-nouveaux-services-au-sytral\/#breadcrumb"},"inLanguage":"fr-FR","potentialAction":[{"@type":"ReadAction","target":["https:\/\/newsestlyonnais.fr\/site\/2020\/05\/25\/transports-nouveaux-services-au-sytral\/"]}]},{"@type":"ImageObject","inLanguage":"fr-FR","@id":"https:\/\/newsestlyonnais.fr\/site\/2020\/05\/25\/transports-nouveaux-services-au-sytral\/#primaryimage","url":"https:\/\/newsestlyonnais.fr\/site\/wp-content\/uploads\/2019\/10\/NEWSESTLYONNAIS-BUS-TCL-BIS.jpg","contentUrl":"https:\/\/newsestlyonnais.fr\/site\/wp-content\/uploads\/2019\/10\/NEWSESTLYONNAIS-BUS-TCL-BIS.jpg","width":1200,"height":800},{"@type":"BreadcrumbList","@id":"https:\/\/newsestlyonnais.fr\/site\/2020\/05\/25\/transports-nouveaux-services-au-sytral\/#breadcrumb","itemListElement":[{"@type":"ListItem","position":1,"name":"Accueil","item":"https:\/\/newsestlyonnais.fr\/site\/"},{"@type":"ListItem","position":2,"name":"TRANSPORTS | Nouveaux services au Sytral"}]},{"@type":"WebSite","@id":"https:\/\/newsestlyonnais.fr\/site\/#website","url":"https:\/\/newsestlyonnais.fr\/site\/","name":"News Est Lyonnais","description":"L&#039;actualit\u00e9 au plus pr\u00e8s","publisher":{"@id":"https:\/\/newsestlyonnais.fr\/site\/#organization"},"potentialAction":[{"@type":"SearchAction","target":{"@type":"EntryPoint","urlTemplate":"https:\/\/newsestlyonnais.fr\/site\/?s={search_term_string}"},"query-input":{"@type":"PropertyValueSpecification","valueRequired":true,"valueName":"search_term_string"}}],"inLanguage":"fr-FR"},{"@type":"Organization","@id":"https:\/\/newsestlyonnais.fr\/site\/#organization","name":"News EST LYONNAIS","url":"https:\/\/newsestlyonnais.fr\/site\/","logo":{"@type":"ImageObject","inLanguage":"fr-FR","@id":"https:\/\/newsestlyonnais.fr\/site\/#\/schema\/logo\/image\/","url":"","contentUrl":"","caption":"News EST LYONNAIS"},"image":{"@id":"https:\/\/newsestlyonnais.fr\/site\/#\/schema\/logo\/image\/"}},{"@type":"Person","@id":"https:\/\/newsestlyonnais.fr\/site\/#\/schema\/person\/3230d5615f390bb808365d673001e887","name":"R\u00e9dac. NEWS","sameAs":["http:\/\/www.newsestlyonnais.fr","https:\/\/www.facebook.com\/pascal.oberson.1?fref=ts","https:\/\/fr.linkedin.com\/in\/pascal-oberson-b17045113"],"url":"https:\/\/newsestlyonnais.fr\/site\/author\/nel\/"}]}},"_links":{"self":[{"href":"https:\/\/newsestlyonnais.fr\/site\/wp-json\/wp\/v2\/posts\/102974","targetHints":{"allow":["GET"]}}],"collection":[{"href":"https:\/\/newsestlyonnais.fr\/site\/wp-json\/wp\/v2\/posts"}],"about":[{"href":"https:\/\/newsestlyonnais.fr\/site\/wp-json\/wp\/v2\/types\/post"}],"author":[{"embeddable":true,"href":"https:\/\/newsestlyonnais.fr\/site\/wp-json\/wp\/v2\/users\/4"}],"replies":[{"embeddable":true,"href":"https:\/\/newsestlyonnais.fr\/site\/wp-json\/wp\/v2\/comments?post=102974"}],"version-history":[{"count":0,"href":"https:\/\/newsestlyonnais.fr\/site\/wp-json\/wp\/v2\/posts\/102974\/revisions"}],"wp:featuredmedia":[{"embeddable":true,"href":"https:\/\/newsestlyonnais.fr\/site\/wp-json\/wp\/v2\/media\/84714"}],"wp:attachment":[{"href":"https:\/\/newsestlyonnais.fr\/site\/wp-json\/wp\/v2\/media?parent=102974"}],"wp:term":[{"taxonomy":"category","embeddable":true,"href":"https:\/\/newsestlyonnais.fr\/site\/wp-json\/wp\/v2\/categories?post=102974"},{"taxonomy":"post_tag","embeddable":true,"href":"https:\/\/newsestlyonnais.fr\/site\/wp-json\/wp\/v2\/tags?post=102974"}],"curies":[{"name":"wp","href":"https:\/\/api.w.org\/{rel}","templated":true}]}}