{"id":103478,"date":"2020-05-31T06:49:30","date_gmt":"2020-05-31T05:49:30","guid":{"rendered":"http:\/\/newsestlyonnais.fr\/site\/?p=103478"},"modified":"2020-11-08T07:39:52","modified_gmt":"2020-11-08T06:39:52","slug":"genas-inscriptions-pour-le-programme-jeunesse-cest-lete","status":"publish","type":"post","link":"https:\/\/newsestlyonnais.fr\/site\/2020\/05\/31\/genas-inscriptions-pour-le-programme-jeunesse-cest-lete\/","title":{"rendered":"GENAS | Inscriptions programme \u00a0\u00bb C&rsquo;est l&rsquo;\u00e9t\u00e9 \u00ab\u00a0"},"content":{"rendered":"<p>\u00a0\u00bb Concernant les<strong> s\u00e9jours courts<\/strong> : en raison de la situation sanitaire que nous traversons actuellement et des pr\u00e9conisations gouvernementales qui restent \u00e0 d\u00e9finir pour ce type d\u2019accueil, nous sommes contraints de \u00ab modifier \u00bb la date de d\u00e9but des inscriptions. Sous r\u00e9serve de pouvoir les maintenir, les inscriptions du s\u00e9jour \u00ab d\u00e9tente \u00bb et du s\u00e9jour \u00ab Cap vers les sommets \u00bb commenceront en ligne :<\/p>\n<ul>\n<li>pour les genassiens le lundi 15\/6 d\u00e8s 17 h (et <strong><u>non le mercredi 3 juin \u00e0 19 h<\/u><\/strong>)<\/li>\n<li>pour les ext\u00e9rieurs \u00e0 partir du lundi 22 juin. ____________________________________________________________________________<\/li>\n<\/ul>\n<p><u>Concernant <strong>les 11-17 ans<\/strong> ( accueil \u00e0 la semaine : Summer Jeun&rsquo;s et stages d\u00e9couvertes (hors accueil \u00e0 la journ\u00e9e<\/u><u>)<\/u> :<\/p>\n<ul>\n<li>Inscription en ligne, avec paiement en ligne, d\u00e9but \u00e0 19 h, le <strong>mercredi 3 juin 2020<\/strong> pour les Genassiens<\/li>\n<\/ul>\n<ul>\n<li>D\u00e9but des inscriptions en mairie, ou \u00e0 la Maison Daniel QUANTIN, <strong>jeudi 4 juin<\/strong>, (sur rendez-vous avec le guichet unique : <a href=\"mailto:guichet.unique@ville-genas.fr\">guichet.unique@ville-genas.fr<\/a> ou 04 72 47 11 11 \/ ou aux horaires d\u2019ouverture de la Maison Daniel QUANTIN) pour les Genassiens.<\/li>\n<li>Pour les ext\u00e9rieurs, <strong>lundi 15 juin<\/strong> &#8211; guichet unique, maison Daniel QUANTIN et en ligne). ____________________________________________________________________________<\/li>\n<\/ul>\n<p><strong>NOTA : <\/strong>Concernant <strong>les premi\u00e8res inscriptions sur le portail famille de Genas<\/strong>, il y a un d\u00e9lai de traitement des services municipaux. Merci d\u2019anticiper la cr\u00e9ation du dossier administratif 2019\/2020. _______________________________________________________________________________<\/p>\n<p><strong><em>Source : communiqu\u00e9 du Secteur Jeunesse de la Direction de la Politique \u00c9ducative Locale.<\/em><\/strong><\/p>\n","protected":false},"excerpt":{"rendered":"<p>Un programme estival pour les 11 \u00e0 17 ans avec au choix, accueil \u00e0 la semaine (Summer Jeun&rsquo;s), stages et s\u00e9jours.<\/p>\n","protected":false},"author":4,"featured_media":84784,"comment_status":"open","ping_status":"open","sticky":false,"template":"","format":"standard","meta":{"footnotes":""},"categories":[270,171,1598],"tags":[2005,2037],"class_list":["post-103478","post","type-post","status-publish","format-standard","has-post-thumbnail","hentry","category-cte-de-communes-c-c-e-l","category-enfance-jeunesse","category-genas","tag-genas","tag-jeunesse"],"yoast_head":"<!-- This site is optimized with the Yoast SEO plugin v27.2 - https:\/\/yoast.com\/product\/yoast-seo-wordpress\/ -->\n<title>GENAS | Inscriptions programme &quot; C&#039;est l&#039;\u00e9t\u00e9 &quot; - News Est Lyonnais<\/title>\n<meta name=\"description\" content=\"GENAS | Inscriptions pour le programme jeunesse &quot; C&#039;est l&#039;\u00e9t\u00e9 &quot;\" \/>\n<meta name=\"robots\" content=\"index, follow, max-snippet:-1, max-image-preview:large, max-video-preview:-1\" \/>\n<link rel=\"canonical\" href=\"https:\/\/newsestlyonnais.fr\/site\/2020\/05\/31\/genas-inscriptions-pour-le-programme-jeunesse-cest-lete\/\" \/>\n<meta property=\"og:locale\" content=\"fr_FR\" \/>\n<meta property=\"og:type\" content=\"article\" \/>\n<meta property=\"og:title\" content=\"GENAS | Inscriptions programme &quot; C&#039;est l&#039;\u00e9t\u00e9 &quot; - News Est Lyonnais\" \/>\n<meta property=\"og:description\" content=\"GENAS | Inscriptions pour le programme jeunesse &quot; C&#039;est l&#039;\u00e9t\u00e9 &quot;\" \/>\n<meta property=\"og:url\" content=\"https:\/\/newsestlyonnais.fr\/site\/2020\/05\/31\/genas-inscriptions-pour-le-programme-jeunesse-cest-lete\/\" \/>\n<meta property=\"og:site_name\" content=\"News Est Lyonnais\" \/>\n<meta property=\"article:author\" content=\"https:\/\/www.facebook.com\/pascal.oberson.1?fref=ts\" \/>\n<meta property=\"article:published_time\" content=\"2020-05-31T05:49:30+00:00\" \/>\n<meta property=\"article:modified_time\" content=\"2020-11-08T06:39:52+00:00\" \/>\n<meta property=\"og:image\" content=\"https:\/\/i2.wp.com\/newsestlyonnais.fr\/site\/wp-content\/uploads\/2019\/10\/NEWSESTLYONNAIS-HV-GENAS.jpg?fit=445%2C250&ssl=1\" \/>\n\t<meta property=\"og:image:width\" content=\"445\" \/>\n\t<meta property=\"og:image:height\" content=\"250\" \/>\n\t<meta property=\"og:image:type\" content=\"image\/jpeg\" \/>\n<meta name=\"author\" content=\"R\u00e9dac. NEWS\" \/>\n<meta name=\"twitter:card\" content=\"summary_large_image\" \/>\n<meta name=\"twitter:label1\" content=\"\u00c9crit par\" \/>\n\t<meta name=\"twitter:data1\" content=\"R\u00e9dac. NEWS\" \/>\n\t<meta name=\"twitter:label2\" content=\"Dur\u00e9e de lecture estim\u00e9e\" \/>\n\t<meta name=\"twitter:data2\" content=\"1 minute\" \/>\n<script type=\"application\/ld+json\" class=\"yoast-schema-graph\">{\"@context\":\"https:\/\/schema.org\",\"@graph\":[{\"@type\":\"Article\",\"@id\":\"https:\/\/newsestlyonnais.fr\/site\/2020\/05\/31\/genas-inscriptions-pour-le-programme-jeunesse-cest-lete\/#article\",\"isPartOf\":{\"@id\":\"https:\/\/newsestlyonnais.fr\/site\/2020\/05\/31\/genas-inscriptions-pour-le-programme-jeunesse-cest-lete\/\"},\"author\":{\"name\":\"R\u00e9dac. NEWS\",\"@id\":\"https:\/\/newsestlyonnais.fr\/site\/#\/schema\/person\/3230d5615f390bb808365d673001e887\"},\"headline\":\"GENAS | Inscriptions programme \u00a0\u00bb C&rsquo;est l&rsquo;\u00e9t\u00e9 \u00ab\u00a0\",\"datePublished\":\"2020-05-31T05:49:30+00:00\",\"dateModified\":\"2020-11-08T06:39:52+00:00\",\"mainEntityOfPage\":{\"@id\":\"https:\/\/newsestlyonnais.fr\/site\/2020\/05\/31\/genas-inscriptions-pour-le-programme-jeunesse-cest-lete\/\"},\"wordCount\":227,\"commentCount\":0,\"publisher\":{\"@id\":\"https:\/\/newsestlyonnais.fr\/site\/#organization\"},\"image\":{\"@id\":\"https:\/\/newsestlyonnais.fr\/site\/2020\/05\/31\/genas-inscriptions-pour-le-programme-jeunesse-cest-lete\/#primaryimage\"},\"thumbnailUrl\":\"https:\/\/newsestlyonnais.fr\/site\/wp-content\/uploads\/2019\/10\/NEWSESTLYONNAIS-HV-GENAS.jpg\",\"keywords\":[\"GENAS\",\"JEUNESSE\"],\"articleSection\":[\"CCEL | Communes\",\"Enfance | Jeunesse\",\"Genas\"],\"inLanguage\":\"fr-FR\",\"potentialAction\":[{\"@type\":\"CommentAction\",\"name\":\"Comment\",\"target\":[\"https:\/\/newsestlyonnais.fr\/site\/2020\/05\/31\/genas-inscriptions-pour-le-programme-jeunesse-cest-lete\/#respond\"]}]},{\"@type\":\"WebPage\",\"@id\":\"https:\/\/newsestlyonnais.fr\/site\/2020\/05\/31\/genas-inscriptions-pour-le-programme-jeunesse-cest-lete\/\",\"url\":\"https:\/\/newsestlyonnais.fr\/site\/2020\/05\/31\/genas-inscriptions-pour-le-programme-jeunesse-cest-lete\/\",\"name\":\"GENAS | Inscriptions programme \\\" C'est l'\u00e9t\u00e9 \\\" - News Est Lyonnais\",\"isPartOf\":{\"@id\":\"https:\/\/newsestlyonnais.fr\/site\/#website\"},\"primaryImageOfPage\":{\"@id\":\"https:\/\/newsestlyonnais.fr\/site\/2020\/05\/31\/genas-inscriptions-pour-le-programme-jeunesse-cest-lete\/#primaryimage\"},\"image\":{\"@id\":\"https:\/\/newsestlyonnais.fr\/site\/2020\/05\/31\/genas-inscriptions-pour-le-programme-jeunesse-cest-lete\/#primaryimage\"},\"thumbnailUrl\":\"https:\/\/newsestlyonnais.fr\/site\/wp-content\/uploads\/2019\/10\/NEWSESTLYONNAIS-HV-GENAS.jpg\",\"datePublished\":\"2020-05-31T05:49:30+00:00\",\"dateModified\":\"2020-11-08T06:39:52+00:00\",\"description\":\"GENAS | Inscriptions pour le programme jeunesse \\\" C'est l'\u00e9t\u00e9 \\\"\",\"breadcrumb\":{\"@id\":\"https:\/\/newsestlyonnais.fr\/site\/2020\/05\/31\/genas-inscriptions-pour-le-programme-jeunesse-cest-lete\/#breadcrumb\"},\"inLanguage\":\"fr-FR\",\"potentialAction\":[{\"@type\":\"ReadAction\",\"target\":[\"https:\/\/newsestlyonnais.fr\/site\/2020\/05\/31\/genas-inscriptions-pour-le-programme-jeunesse-cest-lete\/\"]}]},{\"@type\":\"ImageObject\",\"inLanguage\":\"fr-FR\",\"@id\":\"https:\/\/newsestlyonnais.fr\/site\/2020\/05\/31\/genas-inscriptions-pour-le-programme-jeunesse-cest-lete\/#primaryimage\",\"url\":\"https:\/\/newsestlyonnais.fr\/site\/wp-content\/uploads\/2019\/10\/NEWSESTLYONNAIS-HV-GENAS.jpg\",\"contentUrl\":\"https:\/\/newsestlyonnais.fr\/site\/wp-content\/uploads\/2019\/10\/NEWSESTLYONNAIS-HV-GENAS.jpg\",\"width\":445,\"height\":250},{\"@type\":\"BreadcrumbList\",\"@id\":\"https:\/\/newsestlyonnais.fr\/site\/2020\/05\/31\/genas-inscriptions-pour-le-programme-jeunesse-cest-lete\/#breadcrumb\",\"itemListElement\":[{\"@type\":\"ListItem\",\"position\":1,\"name\":\"Accueil\",\"item\":\"https:\/\/newsestlyonnais.fr\/site\/\"},{\"@type\":\"ListItem\",\"position\":2,\"name\":\"GENAS | Inscriptions programme \u00a0\u00bb C&rsquo;est l&rsquo;\u00e9t\u00e9 \u00ab\u00a0\"}]},{\"@type\":\"WebSite\",\"@id\":\"https:\/\/newsestlyonnais.fr\/site\/#website\",\"url\":\"https:\/\/newsestlyonnais.fr\/site\/\",\"name\":\"News Est Lyonnais\",\"description\":\"L&#039;actualit\u00e9 au plus pr\u00e8s\",\"publisher\":{\"@id\":\"https:\/\/newsestlyonnais.fr\/site\/#organization\"},\"potentialAction\":[{\"@type\":\"SearchAction\",\"target\":{\"@type\":\"EntryPoint\",\"urlTemplate\":\"https:\/\/newsestlyonnais.fr\/site\/?s={search_term_string}\"},\"query-input\":{\"@type\":\"PropertyValueSpecification\",\"valueRequired\":true,\"valueName\":\"search_term_string\"}}],\"inLanguage\":\"fr-FR\"},{\"@type\":\"Organization\",\"@id\":\"https:\/\/newsestlyonnais.fr\/site\/#organization\",\"name\":\"News EST LYONNAIS\",\"url\":\"https:\/\/newsestlyonnais.fr\/site\/\",\"logo\":{\"@type\":\"ImageObject\",\"inLanguage\":\"fr-FR\",\"@id\":\"https:\/\/newsestlyonnais.fr\/site\/#\/schema\/logo\/image\/\",\"url\":\"\",\"contentUrl\":\"\",\"caption\":\"News EST LYONNAIS\"},\"image\":{\"@id\":\"https:\/\/newsestlyonnais.fr\/site\/#\/schema\/logo\/image\/\"}},{\"@type\":\"Person\",\"@id\":\"https:\/\/newsestlyonnais.fr\/site\/#\/schema\/person\/3230d5615f390bb808365d673001e887\",\"name\":\"R\u00e9dac. NEWS\",\"sameAs\":[\"http:\/\/www.newsestlyonnais.fr\",\"https:\/\/www.facebook.com\/pascal.oberson.1?fref=ts\",\"https:\/\/fr.linkedin.com\/in\/pascal-oberson-b17045113\"],\"url\":\"https:\/\/newsestlyonnais.fr\/site\/author\/nel\/\"}]}<\/script>\n<!-- \/ Yoast SEO plugin. -->","yoast_head_json":{"title":"GENAS | Inscriptions programme \" C'est l'\u00e9t\u00e9 \" - News Est Lyonnais","description":"GENAS | Inscriptions pour le programme jeunesse \" C'est l'\u00e9t\u00e9 \"","robots":{"index":"index","follow":"follow","max-snippet":"max-snippet:-1","max-image-preview":"max-image-preview:large","max-video-preview":"max-video-preview:-1"},"canonical":"https:\/\/newsestlyonnais.fr\/site\/2020\/05\/31\/genas-inscriptions-pour-le-programme-jeunesse-cest-lete\/","og_locale":"fr_FR","og_type":"article","og_title":"GENAS | Inscriptions programme \" C'est l'\u00e9t\u00e9 \" - News Est Lyonnais","og_description":"GENAS | Inscriptions pour le programme jeunesse \" C'est l'\u00e9t\u00e9 \"","og_url":"https:\/\/newsestlyonnais.fr\/site\/2020\/05\/31\/genas-inscriptions-pour-le-programme-jeunesse-cest-lete\/","og_site_name":"News Est Lyonnais","article_author":"https:\/\/www.facebook.com\/pascal.oberson.1?fref=ts","article_published_time":"2020-05-31T05:49:30+00:00","article_modified_time":"2020-11-08T06:39:52+00:00","og_image":[{"width":445,"height":250,"url":"https:\/\/i2.wp.com\/newsestlyonnais.fr\/site\/wp-content\/uploads\/2019\/10\/NEWSESTLYONNAIS-HV-GENAS.jpg?fit=445%2C250&ssl=1","type":"image\/jpeg"}],"author":"R\u00e9dac. NEWS","twitter_card":"summary_large_image","twitter_misc":{"\u00c9crit par":"R\u00e9dac. NEWS","Dur\u00e9e de lecture estim\u00e9e":"1 minute"},"schema":{"@context":"https:\/\/schema.org","@graph":[{"@type":"Article","@id":"https:\/\/newsestlyonnais.fr\/site\/2020\/05\/31\/genas-inscriptions-pour-le-programme-jeunesse-cest-lete\/#article","isPartOf":{"@id":"https:\/\/newsestlyonnais.fr\/site\/2020\/05\/31\/genas-inscriptions-pour-le-programme-jeunesse-cest-lete\/"},"author":{"name":"R\u00e9dac. NEWS","@id":"https:\/\/newsestlyonnais.fr\/site\/#\/schema\/person\/3230d5615f390bb808365d673001e887"},"headline":"GENAS | Inscriptions programme \u00a0\u00bb C&rsquo;est l&rsquo;\u00e9t\u00e9 \u00ab\u00a0","datePublished":"2020-05-31T05:49:30+00:00","dateModified":"2020-11-08T06:39:52+00:00","mainEntityOfPage":{"@id":"https:\/\/newsestlyonnais.fr\/site\/2020\/05\/31\/genas-inscriptions-pour-le-programme-jeunesse-cest-lete\/"},"wordCount":227,"commentCount":0,"publisher":{"@id":"https:\/\/newsestlyonnais.fr\/site\/#organization"},"image":{"@id":"https:\/\/newsestlyonnais.fr\/site\/2020\/05\/31\/genas-inscriptions-pour-le-programme-jeunesse-cest-lete\/#primaryimage"},"thumbnailUrl":"https:\/\/newsestlyonnais.fr\/site\/wp-content\/uploads\/2019\/10\/NEWSESTLYONNAIS-HV-GENAS.jpg","keywords":["GENAS","JEUNESSE"],"articleSection":["CCEL | Communes","Enfance | Jeunesse","Genas"],"inLanguage":"fr-FR","potentialAction":[{"@type":"CommentAction","name":"Comment","target":["https:\/\/newsestlyonnais.fr\/site\/2020\/05\/31\/genas-inscriptions-pour-le-programme-jeunesse-cest-lete\/#respond"]}]},{"@type":"WebPage","@id":"https:\/\/newsestlyonnais.fr\/site\/2020\/05\/31\/genas-inscriptions-pour-le-programme-jeunesse-cest-lete\/","url":"https:\/\/newsestlyonnais.fr\/site\/2020\/05\/31\/genas-inscriptions-pour-le-programme-jeunesse-cest-lete\/","name":"GENAS | Inscriptions programme \" C'est l'\u00e9t\u00e9 \" - News Est Lyonnais","isPartOf":{"@id":"https:\/\/newsestlyonnais.fr\/site\/#website"},"primaryImageOfPage":{"@id":"https:\/\/newsestlyonnais.fr\/site\/2020\/05\/31\/genas-inscriptions-pour-le-programme-jeunesse-cest-lete\/#primaryimage"},"image":{"@id":"https:\/\/newsestlyonnais.fr\/site\/2020\/05\/31\/genas-inscriptions-pour-le-programme-jeunesse-cest-lete\/#primaryimage"},"thumbnailUrl":"https:\/\/newsestlyonnais.fr\/site\/wp-content\/uploads\/2019\/10\/NEWSESTLYONNAIS-HV-GENAS.jpg","datePublished":"2020-05-31T05:49:30+00:00","dateModified":"2020-11-08T06:39:52+00:00","description":"GENAS | Inscriptions pour le programme jeunesse \" C'est l'\u00e9t\u00e9 \"","breadcrumb":{"@id":"https:\/\/newsestlyonnais.fr\/site\/2020\/05\/31\/genas-inscriptions-pour-le-programme-jeunesse-cest-lete\/#breadcrumb"},"inLanguage":"fr-FR","potentialAction":[{"@type":"ReadAction","target":["https:\/\/newsestlyonnais.fr\/site\/2020\/05\/31\/genas-inscriptions-pour-le-programme-jeunesse-cest-lete\/"]}]},{"@type":"ImageObject","inLanguage":"fr-FR","@id":"https:\/\/newsestlyonnais.fr\/site\/2020\/05\/31\/genas-inscriptions-pour-le-programme-jeunesse-cest-lete\/#primaryimage","url":"https:\/\/newsestlyonnais.fr\/site\/wp-content\/uploads\/2019\/10\/NEWSESTLYONNAIS-HV-GENAS.jpg","contentUrl":"https:\/\/newsestlyonnais.fr\/site\/wp-content\/uploads\/2019\/10\/NEWSESTLYONNAIS-HV-GENAS.jpg","width":445,"height":250},{"@type":"BreadcrumbList","@id":"https:\/\/newsestlyonnais.fr\/site\/2020\/05\/31\/genas-inscriptions-pour-le-programme-jeunesse-cest-lete\/#breadcrumb","itemListElement":[{"@type":"ListItem","position":1,"name":"Accueil","item":"https:\/\/newsestlyonnais.fr\/site\/"},{"@type":"ListItem","position":2,"name":"GENAS | Inscriptions programme \u00a0\u00bb C&rsquo;est l&rsquo;\u00e9t\u00e9 \u00ab\u00a0"}]},{"@type":"WebSite","@id":"https:\/\/newsestlyonnais.fr\/site\/#website","url":"https:\/\/newsestlyonnais.fr\/site\/","name":"News Est Lyonnais","description":"L&#039;actualit\u00e9 au plus pr\u00e8s","publisher":{"@id":"https:\/\/newsestlyonnais.fr\/site\/#organization"},"potentialAction":[{"@type":"SearchAction","target":{"@type":"EntryPoint","urlTemplate":"https:\/\/newsestlyonnais.fr\/site\/?s={search_term_string}"},"query-input":{"@type":"PropertyValueSpecification","valueRequired":true,"valueName":"search_term_string"}}],"inLanguage":"fr-FR"},{"@type":"Organization","@id":"https:\/\/newsestlyonnais.fr\/site\/#organization","name":"News EST LYONNAIS","url":"https:\/\/newsestlyonnais.fr\/site\/","logo":{"@type":"ImageObject","inLanguage":"fr-FR","@id":"https:\/\/newsestlyonnais.fr\/site\/#\/schema\/logo\/image\/","url":"","contentUrl":"","caption":"News EST LYONNAIS"},"image":{"@id":"https:\/\/newsestlyonnais.fr\/site\/#\/schema\/logo\/image\/"}},{"@type":"Person","@id":"https:\/\/newsestlyonnais.fr\/site\/#\/schema\/person\/3230d5615f390bb808365d673001e887","name":"R\u00e9dac. NEWS","sameAs":["http:\/\/www.newsestlyonnais.fr","https:\/\/www.facebook.com\/pascal.oberson.1?fref=ts","https:\/\/fr.linkedin.com\/in\/pascal-oberson-b17045113"],"url":"https:\/\/newsestlyonnais.fr\/site\/author\/nel\/"}]}},"_links":{"self":[{"href":"https:\/\/newsestlyonnais.fr\/site\/wp-json\/wp\/v2\/posts\/103478","targetHints":{"allow":["GET"]}}],"collection":[{"href":"https:\/\/newsestlyonnais.fr\/site\/wp-json\/wp\/v2\/posts"}],"about":[{"href":"https:\/\/newsestlyonnais.fr\/site\/wp-json\/wp\/v2\/types\/post"}],"author":[{"embeddable":true,"href":"https:\/\/newsestlyonnais.fr\/site\/wp-json\/wp\/v2\/users\/4"}],"replies":[{"embeddable":true,"href":"https:\/\/newsestlyonnais.fr\/site\/wp-json\/wp\/v2\/comments?post=103478"}],"version-history":[{"count":0,"href":"https:\/\/newsestlyonnais.fr\/site\/wp-json\/wp\/v2\/posts\/103478\/revisions"}],"wp:featuredmedia":[{"embeddable":true,"href":"https:\/\/newsestlyonnais.fr\/site\/wp-json\/wp\/v2\/media\/84784"}],"wp:attachment":[{"href":"https:\/\/newsestlyonnais.fr\/site\/wp-json\/wp\/v2\/media?parent=103478"}],"wp:term":[{"taxonomy":"category","embeddable":true,"href":"https:\/\/newsestlyonnais.fr\/site\/wp-json\/wp\/v2\/categories?post=103478"},{"taxonomy":"post_tag","embeddable":true,"href":"https:\/\/newsestlyonnais.fr\/site\/wp-json\/wp\/v2\/tags?post=103478"}],"curies":[{"name":"wp","href":"https:\/\/api.w.org\/{rel}","templated":true}]}}