{"id":103759,"date":"2020-06-05T08:54:20","date_gmt":"2020-06-05T07:54:20","guid":{"rendered":"http:\/\/newsestlyonnais.fr\/site\/?p=103759"},"modified":"2020-06-05T15:44:07","modified_gmt":"2020-06-05T14:44:07","slug":"colombier-saugnieu-la-5-course-nature-des-3-etangs-aura-bien-lieu","status":"publish","type":"post","link":"https:\/\/newsestlyonnais.fr\/site\/2020\/06\/05\/colombier-saugnieu-la-5-course-nature-des-3-etangs-aura-bien-lieu\/","title":{"rendered":"Colombier-Saugnieu | La 5\u00b0 Course Nature des 3 Etangs aura bien lieu"},"content":{"rendered":"<p>L&rsquo;\u00e9preuve tant attendue par ses fid\u00e8les participants qui ont bien appr\u00e9ci\u00e9 les \u00e9ditions pr\u00e9c\u00e9dentes se d\u00e9roulera donc <strong>le dernier dimanche d&rsquo;octobre 2020<\/strong>.<\/p>\n<p>Retrouvez en int\u00e9gralit\u00e9 leur message d&rsquo;annonce :<\/p>\n<p>\u00ab\u00a0Et voil\u00e0 une bonne nouvelle !!!, c&rsquo;est reparti pour la 5\u00b0 \u00e9dition de la Course Nature des 3 Etangs. Apr\u00e8s quelques interrogations sur l&rsquo;organisation, l&rsquo;\u00e9quipe a d\u00e9cid\u00e9 de maintenir la course et vous apporter encore plus de joie d&rsquo;y participer.<br \/>\nBien s\u00fbr, tout sera mis en oeuvre par l&rsquo;organisation pour pr\u00e9server la s\u00e9curit\u00e9 de toutes et tous. L&rsquo;\u00e9quipe course est en train de travailler dur sur ce point.<br \/>\nEn attendant, nous sommes heureux de vous faire part de la naissance de l<span class=\"text_exposed_show\">a nouvelle page facebook de la course avec son nouveau logo: CN3E. <\/span><\/p>\n<p><span class=\"text_exposed_show\"><strong>Toutes les infos de la course seront sur cette nouvelle page<\/strong> :<br \/>\n<a class=\"profileLink\" href=\"https:\/\/www.facebook.com\/CN3E-Course-Nature-Des-3-Etangs-102031508201566\/?__tn__=K-R&amp;eid=ARDNlGKpCzyWX9fMWWZAsCdbCQIRAH86GxcxskXmMpOBRCPbZPakwlkOuNzNqlJZpm-RcSRIYlYAvzGH&amp;fref=mentions&amp;__xts__%5B0%5D=68.ARCZ1Kz2YWUILnB8vX7V08Jys8j0aTbeRkkCrQpH7sdapx6c-r5E6--cZF-95zLmR9g70Bv88IP8ViVXIFf-x6Ht_xMIChYMF1ZrCZY3hJ1hani1wmMf-Sc3prDdWKZ7tuiYWmHKf20-YTD_IUvV8YFhOvzpNfU2IKF7gtd_bl1_9wOfsQuRwHU--i-OfcpjUfaz5LKNPnicoW4mqQ78JssDFSgdp-Vp3JdvB4udFIopGsVUVelrNxca05cxn2INuRTFIbpuKpEB0wNdsuOEc7zUBQoOnhQBNqwuR3FmBKv2VkscZj4LJ3ljYr3V6w5X4oO5jQAzPHrqpF-0vmPJCabzzg\" data-hovercard=\"\/ajax\/hovercard\/page.php?id=102031508201566&amp;extragetparams=%7B%22__tn__%22%3A%22%2CdK-R-R%22%2C%22eid%22%3A%22ARDNlGKpCzyWX9fMWWZAsCdbCQIRAH86GxcxskXmMpOBRCPbZPakwlkOuNzNqlJZpm-RcSRIYlYAvzGH%22%2C%22fref%22%3A%22mentions%22%7D\" data-hovercard-prefer-more-content-show=\"1\">https:\/\/www.facebook.com\/CN3E-Course-Nature-Des-3-Etangs-102031508201566\/?eid=ARCHEtHslhkHVBCXauvJYawKcBE7HgvwTVjt9FFvaoUdaU3ep_9L1-FvOKEaQy_M8SAwKR3eV1g0KAhS<\/a><\/span><\/p>\n<p><span class=\"text_exposed_show\">ainsi que sur la nouvelle page instagram : @cn3e_cs : <a href=\"https:\/\/l.facebook.com\/l.php?u=https%3A%2F%2Fwww.instagram.com%2Fcn3e_cs%2F%3Ffbclid%3DIwAR0t9nltLSgPifkRySlRGYdTpTFjU4WYvgA4Zsy7jkZeV0fAjusIBkA-X88&amp;h=AT2XAClIGBZVB_KgdyVr_6TJnZhE8TjFWKHupUBfrnlEXdfClz928xXFr5nUNTTcfUEz0U2C-nvoLW2Q3d1nX5zVCc3L5ZCggzIj-Qmnfg9_Ws8Bnma8ZQ5aM6GReqr0mDao1qpVg6JMqS4aF5TXhAc0NqbBEGv56jre4lVSm2TvoTTH4IoGLqCuSVq81nB8KNQ8Fqjmppe8oue5B1MjknNjoH1DHByviL7v5ZK1DKECQf0olAjhXV-Uuod0kfG9MXu1H-gS2eilpzUGredp5pYDFsIMn5pMha0-19SB6BKsy0ir6Tc4Tz5iPUBNmRhLPJzXIfLckxMpET6C-48CwewjJQAeO8ug9W47vp3qe9bkpCzSnAAh5op1nWT3oZdxfmaWmOhnjJNKbjMcHx7rQsKiK-k2p4Dxfld7sOdpCwvs_-NVQLBLMdrS11F-vOkxZIChSMwzVMhJ1pQrwYWT5m0BpnG5cHKdbRANyf2PqX5D-r6tY0sHKaWqyzvVPsUMm3Dpa18NO4xmvFTwAR-onHtfxTAFY0wAe7705PLhjYnjq9IVEFaWiYP29pbNn69MzcADZ2rczlNsLUo3rLS_a2nVZk-xHypqALsl8ARUpDuCKbNzLqNss2JfqQB2a6HIrrZOykZhELDgLL7diQKn\" target=\"_blank\" rel=\"noopener nofollow noreferrer\" data-ft=\"{&quot;tn&quot;:&quot;-U&quot;}\" data-lynx-mode=\"async\">https:\/\/www.instagram.com\/cn3e_cs\/<\/a>. <\/span><\/p>\n<div class=\"text_exposed_show\">\n<p><img loading=\"lazy\" decoding=\"async\" class=\"aligncenter size-full wp-image-103762\" src=\"https:\/\/newsestlyonnais.fr\/site\/medias\/2020\/06\/NEWSESTLYONNAIS-CN3E.png\" alt=\"\" width=\"590\" height=\"573\" srcset=\"https:\/\/newsestlyonnais.fr\/site\/wp-content\/uploads\/2020\/06\/NEWSESTLYONNAIS-CN3E.png 590w, https:\/\/newsestlyonnais.fr\/site\/wp-content\/uploads\/2020\/06\/NEWSESTLYONNAIS-CN3E-400x388.png 400w, https:\/\/newsestlyonnais.fr\/site\/wp-content\/uploads\/2020\/06\/NEWSESTLYONNAIS-CN3E-250x243.png 250w, https:\/\/newsestlyonnais.fr\/site\/wp-content\/uploads\/2020\/06\/NEWSESTLYONNAIS-CN3E-150x146.png 150w, https:\/\/newsestlyonnais.fr\/site\/wp-content\/uploads\/2020\/06\/NEWSESTLYONNAIS-CN3E-50x49.png 50w, https:\/\/newsestlyonnais.fr\/site\/wp-content\/uploads\/2020\/06\/NEWSESTLYONNAIS-CN3E-100x97.png 100w, https:\/\/newsestlyonnais.fr\/site\/wp-content\/uploads\/2020\/06\/NEWSESTLYONNAIS-CN3E-200x194.png 200w, https:\/\/newsestlyonnais.fr\/site\/wp-content\/uploads\/2020\/06\/NEWSESTLYONNAIS-CN3E-300x291.png 300w, https:\/\/newsestlyonnais.fr\/site\/wp-content\/uploads\/2020\/06\/NEWSESTLYONNAIS-CN3E-350x340.png 350w, https:\/\/newsestlyonnais.fr\/site\/wp-content\/uploads\/2020\/06\/NEWSESTLYONNAIS-CN3E-450x437.png 450w, https:\/\/newsestlyonnais.fr\/site\/wp-content\/uploads\/2020\/06\/NEWSESTLYONNAIS-CN3E-500x486.png 500w, https:\/\/newsestlyonnais.fr\/site\/wp-content\/uploads\/2020\/06\/NEWSESTLYONNAIS-CN3E-550x534.png 550w\" sizes=\"auto, (max-width: 590px) 100vw, 590px\" \/><\/p>\n<\/div>\n","protected":false},"excerpt":{"rendered":"<p>Le Running Club de Colombier-Saugnieu, organisateur de l&rsquo;\u00e9v\u00e8nement l&rsquo;a officiellement confirm\u00e9.  <\/p>\n","protected":false},"author":4,"featured_media":97276,"comment_status":"open","ping_status":"open","sticky":false,"template":"","format":"standard","meta":{"footnotes":""},"categories":[2968,270,1280,2],"tags":[2194,2283],"class_list":["post-103759","post","type-post","status-publish","format-standard","has-post-thumbnail","hentry","category-athle-course-pied-marche","category-cte-de-communes-c-c-e-l","category-colombier-saugnieu","category-sports","tag-colombier-saugnieu","tag-course-pedestre"],"yoast_head":"<!-- This site is optimized with the Yoast SEO plugin v27.2 - https:\/\/yoast.com\/product\/yoast-seo-wordpress\/ -->\n<title>Colombier-Saugnieu | La 5\u00b0 Course Nature des 3 Etangs aura bien lieu - News Est Lyonnais<\/title>\n<meta name=\"description\" content=\"COLOMBIER-SAUGNIEU | La 5\u00b0 Course Nature des 3 Etangs aura bien lieu !\" \/>\n<meta name=\"robots\" content=\"index, follow, max-snippet:-1, max-image-preview:large, max-video-preview:-1\" \/>\n<link rel=\"canonical\" href=\"https:\/\/newsestlyonnais.fr\/site\/2020\/06\/05\/colombier-saugnieu-la-5-course-nature-des-3-etangs-aura-bien-lieu\/\" \/>\n<meta property=\"og:locale\" content=\"fr_FR\" \/>\n<meta property=\"og:type\" content=\"article\" \/>\n<meta property=\"og:title\" content=\"Colombier-Saugnieu | La 5\u00b0 Course Nature des 3 Etangs aura bien lieu - News Est Lyonnais\" \/>\n<meta property=\"og:description\" content=\"COLOMBIER-SAUGNIEU | La 5\u00b0 Course Nature des 3 Etangs aura bien lieu !\" \/>\n<meta property=\"og:url\" content=\"https:\/\/newsestlyonnais.fr\/site\/2020\/06\/05\/colombier-saugnieu-la-5-course-nature-des-3-etangs-aura-bien-lieu\/\" \/>\n<meta property=\"og:site_name\" content=\"News Est Lyonnais\" \/>\n<meta property=\"article:author\" content=\"https:\/\/www.facebook.com\/pascal.oberson.1?fref=ts\" \/>\n<meta property=\"article:published_time\" content=\"2020-06-05T07:54:20+00:00\" \/>\n<meta property=\"article:modified_time\" content=\"2020-06-05T14:44:07+00:00\" \/>\n<meta property=\"og:image\" content=\"https:\/\/i1.wp.com\/newsestlyonnais.fr\/site\/wp-content\/uploads\/2020\/03\/NEWSESTLYONNAIS-COURSE-NATURE-2020.jpg?fit=960%2C960&ssl=1\" \/>\n\t<meta property=\"og:image:width\" content=\"960\" \/>\n\t<meta property=\"og:image:height\" content=\"960\" \/>\n\t<meta property=\"og:image:type\" content=\"image\/jpeg\" \/>\n<meta name=\"author\" content=\"R\u00e9dac. NEWS\" \/>\n<meta name=\"twitter:card\" content=\"summary_large_image\" \/>\n<meta name=\"twitter:label1\" content=\"\u00c9crit par\" \/>\n\t<meta name=\"twitter:data1\" content=\"R\u00e9dac. NEWS\" \/>\n\t<meta name=\"twitter:label2\" content=\"Dur\u00e9e de lecture estim\u00e9e\" \/>\n\t<meta name=\"twitter:data2\" content=\"1 minute\" \/>\n<script type=\"application\/ld+json\" class=\"yoast-schema-graph\">{\"@context\":\"https:\/\/schema.org\",\"@graph\":[{\"@type\":\"Article\",\"@id\":\"https:\/\/newsestlyonnais.fr\/site\/2020\/06\/05\/colombier-saugnieu-la-5-course-nature-des-3-etangs-aura-bien-lieu\/#article\",\"isPartOf\":{\"@id\":\"https:\/\/newsestlyonnais.fr\/site\/2020\/06\/05\/colombier-saugnieu-la-5-course-nature-des-3-etangs-aura-bien-lieu\/\"},\"author\":{\"name\":\"R\u00e9dac. NEWS\",\"@id\":\"https:\/\/newsestlyonnais.fr\/site\/#\/schema\/person\/3230d5615f390bb808365d673001e887\"},\"headline\":\"Colombier-Saugnieu | La 5\u00b0 Course Nature des 3 Etangs aura bien lieu\",\"datePublished\":\"2020-06-05T07:54:20+00:00\",\"dateModified\":\"2020-06-05T14:44:07+00:00\",\"mainEntityOfPage\":{\"@id\":\"https:\/\/newsestlyonnais.fr\/site\/2020\/06\/05\/colombier-saugnieu-la-5-course-nature-des-3-etangs-aura-bien-lieu\/\"},\"wordCount\":194,\"commentCount\":0,\"publisher\":{\"@id\":\"https:\/\/newsestlyonnais.fr\/site\/#organization\"},\"image\":{\"@id\":\"https:\/\/newsestlyonnais.fr\/site\/2020\/06\/05\/colombier-saugnieu-la-5-course-nature-des-3-etangs-aura-bien-lieu\/#primaryimage\"},\"thumbnailUrl\":\"https:\/\/newsestlyonnais.fr\/site\/wp-content\/uploads\/2020\/03\/NEWSESTLYONNAIS-COURSE-NATURE-2020.jpg\",\"keywords\":[\"COLOMBIER SAUGNIEU\",\"course p\u00e9destre\"],\"articleSection\":[\"Athl\u00e9 | Course pied | Marche\",\"CCEL | Communes\",\"Colombier-Saugnieu\",\"Sports\"],\"inLanguage\":\"fr-FR\",\"potentialAction\":[{\"@type\":\"CommentAction\",\"name\":\"Comment\",\"target\":[\"https:\/\/newsestlyonnais.fr\/site\/2020\/06\/05\/colombier-saugnieu-la-5-course-nature-des-3-etangs-aura-bien-lieu\/#respond\"]}]},{\"@type\":\"WebPage\",\"@id\":\"https:\/\/newsestlyonnais.fr\/site\/2020\/06\/05\/colombier-saugnieu-la-5-course-nature-des-3-etangs-aura-bien-lieu\/\",\"url\":\"https:\/\/newsestlyonnais.fr\/site\/2020\/06\/05\/colombier-saugnieu-la-5-course-nature-des-3-etangs-aura-bien-lieu\/\",\"name\":\"Colombier-Saugnieu | La 5\u00b0 Course Nature des 3 Etangs aura bien lieu - News Est Lyonnais\",\"isPartOf\":{\"@id\":\"https:\/\/newsestlyonnais.fr\/site\/#website\"},\"primaryImageOfPage\":{\"@id\":\"https:\/\/newsestlyonnais.fr\/site\/2020\/06\/05\/colombier-saugnieu-la-5-course-nature-des-3-etangs-aura-bien-lieu\/#primaryimage\"},\"image\":{\"@id\":\"https:\/\/newsestlyonnais.fr\/site\/2020\/06\/05\/colombier-saugnieu-la-5-course-nature-des-3-etangs-aura-bien-lieu\/#primaryimage\"},\"thumbnailUrl\":\"https:\/\/newsestlyonnais.fr\/site\/wp-content\/uploads\/2020\/03\/NEWSESTLYONNAIS-COURSE-NATURE-2020.jpg\",\"datePublished\":\"2020-06-05T07:54:20+00:00\",\"dateModified\":\"2020-06-05T14:44:07+00:00\",\"description\":\"COLOMBIER-SAUGNIEU | La 5\u00b0 Course Nature des 3 Etangs aura bien lieu !\",\"breadcrumb\":{\"@id\":\"https:\/\/newsestlyonnais.fr\/site\/2020\/06\/05\/colombier-saugnieu-la-5-course-nature-des-3-etangs-aura-bien-lieu\/#breadcrumb\"},\"inLanguage\":\"fr-FR\",\"potentialAction\":[{\"@type\":\"ReadAction\",\"target\":[\"https:\/\/newsestlyonnais.fr\/site\/2020\/06\/05\/colombier-saugnieu-la-5-course-nature-des-3-etangs-aura-bien-lieu\/\"]}]},{\"@type\":\"ImageObject\",\"inLanguage\":\"fr-FR\",\"@id\":\"https:\/\/newsestlyonnais.fr\/site\/2020\/06\/05\/colombier-saugnieu-la-5-course-nature-des-3-etangs-aura-bien-lieu\/#primaryimage\",\"url\":\"https:\/\/newsestlyonnais.fr\/site\/wp-content\/uploads\/2020\/03\/NEWSESTLYONNAIS-COURSE-NATURE-2020.jpg\",\"contentUrl\":\"https:\/\/newsestlyonnais.fr\/site\/wp-content\/uploads\/2020\/03\/NEWSESTLYONNAIS-COURSE-NATURE-2020.jpg\",\"width\":960,\"height\":960},{\"@type\":\"BreadcrumbList\",\"@id\":\"https:\/\/newsestlyonnais.fr\/site\/2020\/06\/05\/colombier-saugnieu-la-5-course-nature-des-3-etangs-aura-bien-lieu\/#breadcrumb\",\"itemListElement\":[{\"@type\":\"ListItem\",\"position\":1,\"name\":\"Accueil\",\"item\":\"https:\/\/newsestlyonnais.fr\/site\/\"},{\"@type\":\"ListItem\",\"position\":2,\"name\":\"Colombier-Saugnieu | La 5\u00b0 Course Nature des 3 Etangs aura bien lieu\"}]},{\"@type\":\"WebSite\",\"@id\":\"https:\/\/newsestlyonnais.fr\/site\/#website\",\"url\":\"https:\/\/newsestlyonnais.fr\/site\/\",\"name\":\"News Est Lyonnais\",\"description\":\"L&#039;actualit\u00e9 au plus pr\u00e8s\",\"publisher\":{\"@id\":\"https:\/\/newsestlyonnais.fr\/site\/#organization\"},\"potentialAction\":[{\"@type\":\"SearchAction\",\"target\":{\"@type\":\"EntryPoint\",\"urlTemplate\":\"https:\/\/newsestlyonnais.fr\/site\/?s={search_term_string}\"},\"query-input\":{\"@type\":\"PropertyValueSpecification\",\"valueRequired\":true,\"valueName\":\"search_term_string\"}}],\"inLanguage\":\"fr-FR\"},{\"@type\":\"Organization\",\"@id\":\"https:\/\/newsestlyonnais.fr\/site\/#organization\",\"name\":\"News EST LYONNAIS\",\"url\":\"https:\/\/newsestlyonnais.fr\/site\/\",\"logo\":{\"@type\":\"ImageObject\",\"inLanguage\":\"fr-FR\",\"@id\":\"https:\/\/newsestlyonnais.fr\/site\/#\/schema\/logo\/image\/\",\"url\":\"\",\"contentUrl\":\"\",\"caption\":\"News EST LYONNAIS\"},\"image\":{\"@id\":\"https:\/\/newsestlyonnais.fr\/site\/#\/schema\/logo\/image\/\"}},{\"@type\":\"Person\",\"@id\":\"https:\/\/newsestlyonnais.fr\/site\/#\/schema\/person\/3230d5615f390bb808365d673001e887\",\"name\":\"R\u00e9dac. NEWS\",\"sameAs\":[\"http:\/\/www.newsestlyonnais.fr\",\"https:\/\/www.facebook.com\/pascal.oberson.1?fref=ts\",\"https:\/\/fr.linkedin.com\/in\/pascal-oberson-b17045113\"],\"url\":\"https:\/\/newsestlyonnais.fr\/site\/author\/nel\/\"}]}<\/script>\n<!-- \/ Yoast SEO plugin. -->","yoast_head_json":{"title":"Colombier-Saugnieu | La 5\u00b0 Course Nature des 3 Etangs aura bien lieu - News Est Lyonnais","description":"COLOMBIER-SAUGNIEU | La 5\u00b0 Course Nature des 3 Etangs aura bien lieu !","robots":{"index":"index","follow":"follow","max-snippet":"max-snippet:-1","max-image-preview":"max-image-preview:large","max-video-preview":"max-video-preview:-1"},"canonical":"https:\/\/newsestlyonnais.fr\/site\/2020\/06\/05\/colombier-saugnieu-la-5-course-nature-des-3-etangs-aura-bien-lieu\/","og_locale":"fr_FR","og_type":"article","og_title":"Colombier-Saugnieu | La 5\u00b0 Course Nature des 3 Etangs aura bien lieu - News Est Lyonnais","og_description":"COLOMBIER-SAUGNIEU | La 5\u00b0 Course Nature des 3 Etangs aura bien lieu !","og_url":"https:\/\/newsestlyonnais.fr\/site\/2020\/06\/05\/colombier-saugnieu-la-5-course-nature-des-3-etangs-aura-bien-lieu\/","og_site_name":"News Est Lyonnais","article_author":"https:\/\/www.facebook.com\/pascal.oberson.1?fref=ts","article_published_time":"2020-06-05T07:54:20+00:00","article_modified_time":"2020-06-05T14:44:07+00:00","og_image":[{"width":960,"height":960,"url":"https:\/\/i1.wp.com\/newsestlyonnais.fr\/site\/wp-content\/uploads\/2020\/03\/NEWSESTLYONNAIS-COURSE-NATURE-2020.jpg?fit=960%2C960&ssl=1","type":"image\/jpeg"}],"author":"R\u00e9dac. NEWS","twitter_card":"summary_large_image","twitter_misc":{"\u00c9crit par":"R\u00e9dac. NEWS","Dur\u00e9e de lecture estim\u00e9e":"1 minute"},"schema":{"@context":"https:\/\/schema.org","@graph":[{"@type":"Article","@id":"https:\/\/newsestlyonnais.fr\/site\/2020\/06\/05\/colombier-saugnieu-la-5-course-nature-des-3-etangs-aura-bien-lieu\/#article","isPartOf":{"@id":"https:\/\/newsestlyonnais.fr\/site\/2020\/06\/05\/colombier-saugnieu-la-5-course-nature-des-3-etangs-aura-bien-lieu\/"},"author":{"name":"R\u00e9dac. NEWS","@id":"https:\/\/newsestlyonnais.fr\/site\/#\/schema\/person\/3230d5615f390bb808365d673001e887"},"headline":"Colombier-Saugnieu | La 5\u00b0 Course Nature des 3 Etangs aura bien lieu","datePublished":"2020-06-05T07:54:20+00:00","dateModified":"2020-06-05T14:44:07+00:00","mainEntityOfPage":{"@id":"https:\/\/newsestlyonnais.fr\/site\/2020\/06\/05\/colombier-saugnieu-la-5-course-nature-des-3-etangs-aura-bien-lieu\/"},"wordCount":194,"commentCount":0,"publisher":{"@id":"https:\/\/newsestlyonnais.fr\/site\/#organization"},"image":{"@id":"https:\/\/newsestlyonnais.fr\/site\/2020\/06\/05\/colombier-saugnieu-la-5-course-nature-des-3-etangs-aura-bien-lieu\/#primaryimage"},"thumbnailUrl":"https:\/\/newsestlyonnais.fr\/site\/wp-content\/uploads\/2020\/03\/NEWSESTLYONNAIS-COURSE-NATURE-2020.jpg","keywords":["COLOMBIER SAUGNIEU","course p\u00e9destre"],"articleSection":["Athl\u00e9 | Course pied | Marche","CCEL | Communes","Colombier-Saugnieu","Sports"],"inLanguage":"fr-FR","potentialAction":[{"@type":"CommentAction","name":"Comment","target":["https:\/\/newsestlyonnais.fr\/site\/2020\/06\/05\/colombier-saugnieu-la-5-course-nature-des-3-etangs-aura-bien-lieu\/#respond"]}]},{"@type":"WebPage","@id":"https:\/\/newsestlyonnais.fr\/site\/2020\/06\/05\/colombier-saugnieu-la-5-course-nature-des-3-etangs-aura-bien-lieu\/","url":"https:\/\/newsestlyonnais.fr\/site\/2020\/06\/05\/colombier-saugnieu-la-5-course-nature-des-3-etangs-aura-bien-lieu\/","name":"Colombier-Saugnieu | La 5\u00b0 Course Nature des 3 Etangs aura bien lieu - News Est Lyonnais","isPartOf":{"@id":"https:\/\/newsestlyonnais.fr\/site\/#website"},"primaryImageOfPage":{"@id":"https:\/\/newsestlyonnais.fr\/site\/2020\/06\/05\/colombier-saugnieu-la-5-course-nature-des-3-etangs-aura-bien-lieu\/#primaryimage"},"image":{"@id":"https:\/\/newsestlyonnais.fr\/site\/2020\/06\/05\/colombier-saugnieu-la-5-course-nature-des-3-etangs-aura-bien-lieu\/#primaryimage"},"thumbnailUrl":"https:\/\/newsestlyonnais.fr\/site\/wp-content\/uploads\/2020\/03\/NEWSESTLYONNAIS-COURSE-NATURE-2020.jpg","datePublished":"2020-06-05T07:54:20+00:00","dateModified":"2020-06-05T14:44:07+00:00","description":"COLOMBIER-SAUGNIEU | La 5\u00b0 Course Nature des 3 Etangs aura bien lieu !","breadcrumb":{"@id":"https:\/\/newsestlyonnais.fr\/site\/2020\/06\/05\/colombier-saugnieu-la-5-course-nature-des-3-etangs-aura-bien-lieu\/#breadcrumb"},"inLanguage":"fr-FR","potentialAction":[{"@type":"ReadAction","target":["https:\/\/newsestlyonnais.fr\/site\/2020\/06\/05\/colombier-saugnieu-la-5-course-nature-des-3-etangs-aura-bien-lieu\/"]}]},{"@type":"ImageObject","inLanguage":"fr-FR","@id":"https:\/\/newsestlyonnais.fr\/site\/2020\/06\/05\/colombier-saugnieu-la-5-course-nature-des-3-etangs-aura-bien-lieu\/#primaryimage","url":"https:\/\/newsestlyonnais.fr\/site\/wp-content\/uploads\/2020\/03\/NEWSESTLYONNAIS-COURSE-NATURE-2020.jpg","contentUrl":"https:\/\/newsestlyonnais.fr\/site\/wp-content\/uploads\/2020\/03\/NEWSESTLYONNAIS-COURSE-NATURE-2020.jpg","width":960,"height":960},{"@type":"BreadcrumbList","@id":"https:\/\/newsestlyonnais.fr\/site\/2020\/06\/05\/colombier-saugnieu-la-5-course-nature-des-3-etangs-aura-bien-lieu\/#breadcrumb","itemListElement":[{"@type":"ListItem","position":1,"name":"Accueil","item":"https:\/\/newsestlyonnais.fr\/site\/"},{"@type":"ListItem","position":2,"name":"Colombier-Saugnieu | La 5\u00b0 Course Nature des 3 Etangs aura bien lieu"}]},{"@type":"WebSite","@id":"https:\/\/newsestlyonnais.fr\/site\/#website","url":"https:\/\/newsestlyonnais.fr\/site\/","name":"News Est Lyonnais","description":"L&#039;actualit\u00e9 au plus pr\u00e8s","publisher":{"@id":"https:\/\/newsestlyonnais.fr\/site\/#organization"},"potentialAction":[{"@type":"SearchAction","target":{"@type":"EntryPoint","urlTemplate":"https:\/\/newsestlyonnais.fr\/site\/?s={search_term_string}"},"query-input":{"@type":"PropertyValueSpecification","valueRequired":true,"valueName":"search_term_string"}}],"inLanguage":"fr-FR"},{"@type":"Organization","@id":"https:\/\/newsestlyonnais.fr\/site\/#organization","name":"News EST LYONNAIS","url":"https:\/\/newsestlyonnais.fr\/site\/","logo":{"@type":"ImageObject","inLanguage":"fr-FR","@id":"https:\/\/newsestlyonnais.fr\/site\/#\/schema\/logo\/image\/","url":"","contentUrl":"","caption":"News EST LYONNAIS"},"image":{"@id":"https:\/\/newsestlyonnais.fr\/site\/#\/schema\/logo\/image\/"}},{"@type":"Person","@id":"https:\/\/newsestlyonnais.fr\/site\/#\/schema\/person\/3230d5615f390bb808365d673001e887","name":"R\u00e9dac. NEWS","sameAs":["http:\/\/www.newsestlyonnais.fr","https:\/\/www.facebook.com\/pascal.oberson.1?fref=ts","https:\/\/fr.linkedin.com\/in\/pascal-oberson-b17045113"],"url":"https:\/\/newsestlyonnais.fr\/site\/author\/nel\/"}]}},"_links":{"self":[{"href":"https:\/\/newsestlyonnais.fr\/site\/wp-json\/wp\/v2\/posts\/103759","targetHints":{"allow":["GET"]}}],"collection":[{"href":"https:\/\/newsestlyonnais.fr\/site\/wp-json\/wp\/v2\/posts"}],"about":[{"href":"https:\/\/newsestlyonnais.fr\/site\/wp-json\/wp\/v2\/types\/post"}],"author":[{"embeddable":true,"href":"https:\/\/newsestlyonnais.fr\/site\/wp-json\/wp\/v2\/users\/4"}],"replies":[{"embeddable":true,"href":"https:\/\/newsestlyonnais.fr\/site\/wp-json\/wp\/v2\/comments?post=103759"}],"version-history":[{"count":0,"href":"https:\/\/newsestlyonnais.fr\/site\/wp-json\/wp\/v2\/posts\/103759\/revisions"}],"wp:featuredmedia":[{"embeddable":true,"href":"https:\/\/newsestlyonnais.fr\/site\/wp-json\/wp\/v2\/media\/97276"}],"wp:attachment":[{"href":"https:\/\/newsestlyonnais.fr\/site\/wp-json\/wp\/v2\/media?parent=103759"}],"wp:term":[{"taxonomy":"category","embeddable":true,"href":"https:\/\/newsestlyonnais.fr\/site\/wp-json\/wp\/v2\/categories?post=103759"},{"taxonomy":"post_tag","embeddable":true,"href":"https:\/\/newsestlyonnais.fr\/site\/wp-json\/wp\/v2\/tags?post=103759"}],"curies":[{"name":"wp","href":"https:\/\/api.w.org\/{rel}","templated":true}]}}