{"id":103841,"date":"2020-06-06T11:53:40","date_gmt":"2020-06-06T10:53:40","guid":{"rendered":"http:\/\/newsestlyonnais.fr\/site\/?p=103841"},"modified":"2020-06-06T13:46:44","modified_gmt":"2020-06-06T12:46:44","slug":"chassieu-fermeture-de-rues-a-venir-pour-travaux-centre-ville","status":"publish","type":"post","link":"https:\/\/newsestlyonnais.fr\/site\/2020\/06\/06\/chassieu-fermeture-de-rues-a-venir-pour-travaux-centre-ville\/","title":{"rendered":"CHASSIEU | Fermeture de rues \u00e0 venir pour travaux centre ville"},"content":{"rendered":"<p align=\"left\">La reprise des travaux a pu se faire gr\u00e2ce \u00e0 la mise en place de nouvelles r\u00e8gles sanitaires strictes. Afin d&rsquo;avancer dans les travaux de la rue de la R\u00e9publique, deux rues vont \u00eatre ferm\u00e9es.<\/p>\n<p align=\"left\">______________________________________________________________________________<\/p>\n<h2>Fermeture des rues Pergaud et des Acacias<\/h2>\n<p>L\u2019am\u00e9nagement de la rue de la R\u00e9publique (c\u00f4t\u00e9 Est) a repris le 18 mai. Le trottoir va \u00eatre \u00e9largi pour garantir une meilleure accessibilit\u00e9 et deux passages pi\u00e9tons, sous forme de plateaux traversants, seront cr\u00e9\u00e9s.<br \/>\nAfin de r\u00e9aliser le rev\u00eatement de la chauss\u00e9e, <strong>la rue Louis-Pergaud, entre la rue de la R\u00e9publique et la Poste va \u00eatre ferm\u00e9e \u00e0 la circulation entre le 8 et le 11 juin<\/strong>. L&rsquo;acc\u00e8s aux commerces, aux \u00e9quipements et aux riverains sera maintenu en passant par la route de Genas.<\/p>\n<p>&gt; Pour d\u00e9couvrir le sch\u00e9ma de circulation pendant la fermeture de la voie, <a href=\"https:\/\/www.chassieu.fr\/a5_fermeturerue_pergaud_1.pdf\">cliquez ici.<\/a><\/p>\n<ul>\n<li><strong>Le 10 juin, la rue des Acacias sera elle aussi ferm\u00e9e.<\/strong><\/li>\n<li><strong>La rue de la R\u00e9publique sera \u00e9galement ferm\u00e9e une nuit<\/strong>, entre la rue Pergaud et la rue des Sports fin juin \/ d\u00e9but juillet. La date exacte sera communiqu\u00e9e prochainement.<\/li>\n<\/ul>\n<p>Enfin, <strong>la rue de la R\u00e9publique devrait de nouveau \u00eatre accessible dans les deux sens de circulation d\u00e9but juillet<\/strong>.<\/p>\n<p align=\"left\">________________________________________________________________________________<\/p>\n<h2>Poursuite du chantier place Coponat<\/h2>\n<p>Les engins sont revenus sur la place le 11 mai pour poursuivre les travaux de gros oeuvre. Il s\u2019agit dans un premier temps de creuser les fondations des deux b\u00e2timents annexes et de la halle. La pose des poteaux et de la charpente est, quant \u00e0 elle, programm\u00e9e mi-juillet.<\/p>\n<p>________________________________________________________________________________<\/p>\n<p>Source : communiqu\u00e9 de la Ville de Chassieu. \/ Photo A LA UNE : travaux rue de la r\u00e9publique (Octobre 2019).<\/p>\n<p>&nbsp;<\/p>\n","protected":false},"excerpt":{"rendered":"<p>Apr\u00e8s deux mois d\u2019arr\u00eat, les chantiers de la ville ont recommenc\u00e9 mi-mai.<\/p>\n","protected":false},"author":4,"featured_media":103844,"comment_status":"open","ping_status":"open","sticky":false,"template":"","format":"standard","meta":{"footnotes":""},"categories":[2217,1283,172],"tags":[],"class_list":["post-103841","post","type-post","status-publish","format-standard","has-post-thumbnail","hentry","category-breves-de-lest-lyonnais","category-chassieu-communes-diverses","category-travaux-amenagements"],"yoast_head":"<!-- This site is optimized with the Yoast SEO plugin v27.2 - https:\/\/yoast.com\/product\/yoast-seo-wordpress\/ -->\n<title>CHASSIEU | Fermeture de rues \u00e0 venir pour travaux centre ville - News Est Lyonnais<\/title>\n<meta name=\"description\" content=\"CHASSIEU | Fermeture de rues \u00e0 venir pour travaux centre ville\" \/>\n<meta name=\"robots\" content=\"index, follow, max-snippet:-1, max-image-preview:large, max-video-preview:-1\" \/>\n<link rel=\"canonical\" href=\"https:\/\/newsestlyonnais.fr\/site\/2020\/06\/06\/chassieu-fermeture-de-rues-a-venir-pour-travaux-centre-ville\/\" \/>\n<meta property=\"og:locale\" content=\"fr_FR\" \/>\n<meta property=\"og:type\" content=\"article\" \/>\n<meta property=\"og:title\" content=\"CHASSIEU | Fermeture de rues \u00e0 venir pour travaux centre ville - News Est Lyonnais\" \/>\n<meta property=\"og:description\" content=\"CHASSIEU | Fermeture de rues \u00e0 venir pour travaux centre ville\" \/>\n<meta property=\"og:url\" content=\"https:\/\/newsestlyonnais.fr\/site\/2020\/06\/06\/chassieu-fermeture-de-rues-a-venir-pour-travaux-centre-ville\/\" \/>\n<meta property=\"og:site_name\" content=\"News Est Lyonnais\" \/>\n<meta property=\"article:author\" content=\"https:\/\/www.facebook.com\/pascal.oberson.1?fref=ts\" \/>\n<meta property=\"article:published_time\" content=\"2020-06-06T10:53:40+00:00\" \/>\n<meta property=\"article:modified_time\" content=\"2020-06-06T12:46:44+00:00\" \/>\n<meta property=\"og:image\" content=\"https:\/\/i2.wp.com\/newsestlyonnais.fr\/site\/wp-content\/uploads\/2020\/06\/NEWSESTLYONNAIS-TRAV-CHASSIEU.jpg?fit=1200%2C800&ssl=1\" \/>\n\t<meta property=\"og:image:width\" content=\"1200\" \/>\n\t<meta property=\"og:image:height\" content=\"800\" \/>\n\t<meta property=\"og:image:type\" content=\"image\/jpeg\" \/>\n<meta name=\"author\" content=\"R\u00e9dac. NEWS\" \/>\n<meta name=\"twitter:card\" content=\"summary_large_image\" \/>\n<meta name=\"twitter:label1\" content=\"\u00c9crit par\" \/>\n\t<meta name=\"twitter:data1\" content=\"R\u00e9dac. NEWS\" \/>\n\t<meta name=\"twitter:label2\" content=\"Dur\u00e9e de lecture estim\u00e9e\" \/>\n\t<meta name=\"twitter:data2\" content=\"1 minute\" \/>\n<script type=\"application\/ld+json\" class=\"yoast-schema-graph\">{\"@context\":\"https:\/\/schema.org\",\"@graph\":[{\"@type\":\"Article\",\"@id\":\"https:\/\/newsestlyonnais.fr\/site\/2020\/06\/06\/chassieu-fermeture-de-rues-a-venir-pour-travaux-centre-ville\/#article\",\"isPartOf\":{\"@id\":\"https:\/\/newsestlyonnais.fr\/site\/2020\/06\/06\/chassieu-fermeture-de-rues-a-venir-pour-travaux-centre-ville\/\"},\"author\":{\"name\":\"R\u00e9dac. NEWS\",\"@id\":\"https:\/\/newsestlyonnais.fr\/site\/#\/schema\/person\/3230d5615f390bb808365d673001e887\"},\"headline\":\"CHASSIEU | Fermeture de rues \u00e0 venir pour travaux centre ville\",\"datePublished\":\"2020-06-06T10:53:40+00:00\",\"dateModified\":\"2020-06-06T12:46:44+00:00\",\"mainEntityOfPage\":{\"@id\":\"https:\/\/newsestlyonnais.fr\/site\/2020\/06\/06\/chassieu-fermeture-de-rues-a-venir-pour-travaux-centre-ville\/\"},\"wordCount\":305,\"commentCount\":0,\"publisher\":{\"@id\":\"https:\/\/newsestlyonnais.fr\/site\/#organization\"},\"image\":{\"@id\":\"https:\/\/newsestlyonnais.fr\/site\/2020\/06\/06\/chassieu-fermeture-de-rues-a-venir-pour-travaux-centre-ville\/#primaryimage\"},\"thumbnailUrl\":\"https:\/\/newsestlyonnais.fr\/site\/wp-content\/uploads\/2020\/06\/NEWSESTLYONNAIS-TRAV-CHASSIEU.jpg\",\"articleSection\":[\"Br\u00e8ves de l'Est lyonnais\",\"Chassieu | Communes diverses\",\"Travaux | Am\u00e9nagements\"],\"inLanguage\":\"fr-FR\",\"potentialAction\":[{\"@type\":\"CommentAction\",\"name\":\"Comment\",\"target\":[\"https:\/\/newsestlyonnais.fr\/site\/2020\/06\/06\/chassieu-fermeture-de-rues-a-venir-pour-travaux-centre-ville\/#respond\"]}]},{\"@type\":\"WebPage\",\"@id\":\"https:\/\/newsestlyonnais.fr\/site\/2020\/06\/06\/chassieu-fermeture-de-rues-a-venir-pour-travaux-centre-ville\/\",\"url\":\"https:\/\/newsestlyonnais.fr\/site\/2020\/06\/06\/chassieu-fermeture-de-rues-a-venir-pour-travaux-centre-ville\/\",\"name\":\"CHASSIEU | Fermeture de rues \u00e0 venir pour travaux centre ville - News Est Lyonnais\",\"isPartOf\":{\"@id\":\"https:\/\/newsestlyonnais.fr\/site\/#website\"},\"primaryImageOfPage\":{\"@id\":\"https:\/\/newsestlyonnais.fr\/site\/2020\/06\/06\/chassieu-fermeture-de-rues-a-venir-pour-travaux-centre-ville\/#primaryimage\"},\"image\":{\"@id\":\"https:\/\/newsestlyonnais.fr\/site\/2020\/06\/06\/chassieu-fermeture-de-rues-a-venir-pour-travaux-centre-ville\/#primaryimage\"},\"thumbnailUrl\":\"https:\/\/newsestlyonnais.fr\/site\/wp-content\/uploads\/2020\/06\/NEWSESTLYONNAIS-TRAV-CHASSIEU.jpg\",\"datePublished\":\"2020-06-06T10:53:40+00:00\",\"dateModified\":\"2020-06-06T12:46:44+00:00\",\"description\":\"CHASSIEU | Fermeture de rues \u00e0 venir pour travaux centre ville\",\"breadcrumb\":{\"@id\":\"https:\/\/newsestlyonnais.fr\/site\/2020\/06\/06\/chassieu-fermeture-de-rues-a-venir-pour-travaux-centre-ville\/#breadcrumb\"},\"inLanguage\":\"fr-FR\",\"potentialAction\":[{\"@type\":\"ReadAction\",\"target\":[\"https:\/\/newsestlyonnais.fr\/site\/2020\/06\/06\/chassieu-fermeture-de-rues-a-venir-pour-travaux-centre-ville\/\"]}]},{\"@type\":\"ImageObject\",\"inLanguage\":\"fr-FR\",\"@id\":\"https:\/\/newsestlyonnais.fr\/site\/2020\/06\/06\/chassieu-fermeture-de-rues-a-venir-pour-travaux-centre-ville\/#primaryimage\",\"url\":\"https:\/\/newsestlyonnais.fr\/site\/wp-content\/uploads\/2020\/06\/NEWSESTLYONNAIS-TRAV-CHASSIEU.jpg\",\"contentUrl\":\"https:\/\/newsestlyonnais.fr\/site\/wp-content\/uploads\/2020\/06\/NEWSESTLYONNAIS-TRAV-CHASSIEU.jpg\",\"width\":1200,\"height\":800},{\"@type\":\"BreadcrumbList\",\"@id\":\"https:\/\/newsestlyonnais.fr\/site\/2020\/06\/06\/chassieu-fermeture-de-rues-a-venir-pour-travaux-centre-ville\/#breadcrumb\",\"itemListElement\":[{\"@type\":\"ListItem\",\"position\":1,\"name\":\"Accueil\",\"item\":\"https:\/\/newsestlyonnais.fr\/site\/\"},{\"@type\":\"ListItem\",\"position\":2,\"name\":\"CHASSIEU | Fermeture de rues \u00e0 venir pour travaux centre ville\"}]},{\"@type\":\"WebSite\",\"@id\":\"https:\/\/newsestlyonnais.fr\/site\/#website\",\"url\":\"https:\/\/newsestlyonnais.fr\/site\/\",\"name\":\"News Est Lyonnais\",\"description\":\"L&#039;actualit\u00e9 au plus pr\u00e8s\",\"publisher\":{\"@id\":\"https:\/\/newsestlyonnais.fr\/site\/#organization\"},\"potentialAction\":[{\"@type\":\"SearchAction\",\"target\":{\"@type\":\"EntryPoint\",\"urlTemplate\":\"https:\/\/newsestlyonnais.fr\/site\/?s={search_term_string}\"},\"query-input\":{\"@type\":\"PropertyValueSpecification\",\"valueRequired\":true,\"valueName\":\"search_term_string\"}}],\"inLanguage\":\"fr-FR\"},{\"@type\":\"Organization\",\"@id\":\"https:\/\/newsestlyonnais.fr\/site\/#organization\",\"name\":\"News EST LYONNAIS\",\"url\":\"https:\/\/newsestlyonnais.fr\/site\/\",\"logo\":{\"@type\":\"ImageObject\",\"inLanguage\":\"fr-FR\",\"@id\":\"https:\/\/newsestlyonnais.fr\/site\/#\/schema\/logo\/image\/\",\"url\":\"\",\"contentUrl\":\"\",\"caption\":\"News EST LYONNAIS\"},\"image\":{\"@id\":\"https:\/\/newsestlyonnais.fr\/site\/#\/schema\/logo\/image\/\"}},{\"@type\":\"Person\",\"@id\":\"https:\/\/newsestlyonnais.fr\/site\/#\/schema\/person\/3230d5615f390bb808365d673001e887\",\"name\":\"R\u00e9dac. NEWS\",\"sameAs\":[\"http:\/\/www.newsestlyonnais.fr\",\"https:\/\/www.facebook.com\/pascal.oberson.1?fref=ts\",\"https:\/\/fr.linkedin.com\/in\/pascal-oberson-b17045113\"],\"url\":\"https:\/\/newsestlyonnais.fr\/site\/author\/nel\/\"}]}<\/script>\n<!-- \/ Yoast SEO plugin. -->","yoast_head_json":{"title":"CHASSIEU | Fermeture de rues \u00e0 venir pour travaux centre ville - News Est Lyonnais","description":"CHASSIEU | Fermeture de rues \u00e0 venir pour travaux centre ville","robots":{"index":"index","follow":"follow","max-snippet":"max-snippet:-1","max-image-preview":"max-image-preview:large","max-video-preview":"max-video-preview:-1"},"canonical":"https:\/\/newsestlyonnais.fr\/site\/2020\/06\/06\/chassieu-fermeture-de-rues-a-venir-pour-travaux-centre-ville\/","og_locale":"fr_FR","og_type":"article","og_title":"CHASSIEU | Fermeture de rues \u00e0 venir pour travaux centre ville - News Est Lyonnais","og_description":"CHASSIEU | Fermeture de rues \u00e0 venir pour travaux centre ville","og_url":"https:\/\/newsestlyonnais.fr\/site\/2020\/06\/06\/chassieu-fermeture-de-rues-a-venir-pour-travaux-centre-ville\/","og_site_name":"News Est Lyonnais","article_author":"https:\/\/www.facebook.com\/pascal.oberson.1?fref=ts","article_published_time":"2020-06-06T10:53:40+00:00","article_modified_time":"2020-06-06T12:46:44+00:00","og_image":[{"width":1200,"height":800,"url":"https:\/\/i2.wp.com\/newsestlyonnais.fr\/site\/wp-content\/uploads\/2020\/06\/NEWSESTLYONNAIS-TRAV-CHASSIEU.jpg?fit=1200%2C800&ssl=1","type":"image\/jpeg"}],"author":"R\u00e9dac. NEWS","twitter_card":"summary_large_image","twitter_misc":{"\u00c9crit par":"R\u00e9dac. NEWS","Dur\u00e9e de lecture estim\u00e9e":"1 minute"},"schema":{"@context":"https:\/\/schema.org","@graph":[{"@type":"Article","@id":"https:\/\/newsestlyonnais.fr\/site\/2020\/06\/06\/chassieu-fermeture-de-rues-a-venir-pour-travaux-centre-ville\/#article","isPartOf":{"@id":"https:\/\/newsestlyonnais.fr\/site\/2020\/06\/06\/chassieu-fermeture-de-rues-a-venir-pour-travaux-centre-ville\/"},"author":{"name":"R\u00e9dac. NEWS","@id":"https:\/\/newsestlyonnais.fr\/site\/#\/schema\/person\/3230d5615f390bb808365d673001e887"},"headline":"CHASSIEU | Fermeture de rues \u00e0 venir pour travaux centre ville","datePublished":"2020-06-06T10:53:40+00:00","dateModified":"2020-06-06T12:46:44+00:00","mainEntityOfPage":{"@id":"https:\/\/newsestlyonnais.fr\/site\/2020\/06\/06\/chassieu-fermeture-de-rues-a-venir-pour-travaux-centre-ville\/"},"wordCount":305,"commentCount":0,"publisher":{"@id":"https:\/\/newsestlyonnais.fr\/site\/#organization"},"image":{"@id":"https:\/\/newsestlyonnais.fr\/site\/2020\/06\/06\/chassieu-fermeture-de-rues-a-venir-pour-travaux-centre-ville\/#primaryimage"},"thumbnailUrl":"https:\/\/newsestlyonnais.fr\/site\/wp-content\/uploads\/2020\/06\/NEWSESTLYONNAIS-TRAV-CHASSIEU.jpg","articleSection":["Br\u00e8ves de l'Est lyonnais","Chassieu | Communes diverses","Travaux | Am\u00e9nagements"],"inLanguage":"fr-FR","potentialAction":[{"@type":"CommentAction","name":"Comment","target":["https:\/\/newsestlyonnais.fr\/site\/2020\/06\/06\/chassieu-fermeture-de-rues-a-venir-pour-travaux-centre-ville\/#respond"]}]},{"@type":"WebPage","@id":"https:\/\/newsestlyonnais.fr\/site\/2020\/06\/06\/chassieu-fermeture-de-rues-a-venir-pour-travaux-centre-ville\/","url":"https:\/\/newsestlyonnais.fr\/site\/2020\/06\/06\/chassieu-fermeture-de-rues-a-venir-pour-travaux-centre-ville\/","name":"CHASSIEU | Fermeture de rues \u00e0 venir pour travaux centre ville - News Est Lyonnais","isPartOf":{"@id":"https:\/\/newsestlyonnais.fr\/site\/#website"},"primaryImageOfPage":{"@id":"https:\/\/newsestlyonnais.fr\/site\/2020\/06\/06\/chassieu-fermeture-de-rues-a-venir-pour-travaux-centre-ville\/#primaryimage"},"image":{"@id":"https:\/\/newsestlyonnais.fr\/site\/2020\/06\/06\/chassieu-fermeture-de-rues-a-venir-pour-travaux-centre-ville\/#primaryimage"},"thumbnailUrl":"https:\/\/newsestlyonnais.fr\/site\/wp-content\/uploads\/2020\/06\/NEWSESTLYONNAIS-TRAV-CHASSIEU.jpg","datePublished":"2020-06-06T10:53:40+00:00","dateModified":"2020-06-06T12:46:44+00:00","description":"CHASSIEU | Fermeture de rues \u00e0 venir pour travaux centre ville","breadcrumb":{"@id":"https:\/\/newsestlyonnais.fr\/site\/2020\/06\/06\/chassieu-fermeture-de-rues-a-venir-pour-travaux-centre-ville\/#breadcrumb"},"inLanguage":"fr-FR","potentialAction":[{"@type":"ReadAction","target":["https:\/\/newsestlyonnais.fr\/site\/2020\/06\/06\/chassieu-fermeture-de-rues-a-venir-pour-travaux-centre-ville\/"]}]},{"@type":"ImageObject","inLanguage":"fr-FR","@id":"https:\/\/newsestlyonnais.fr\/site\/2020\/06\/06\/chassieu-fermeture-de-rues-a-venir-pour-travaux-centre-ville\/#primaryimage","url":"https:\/\/newsestlyonnais.fr\/site\/wp-content\/uploads\/2020\/06\/NEWSESTLYONNAIS-TRAV-CHASSIEU.jpg","contentUrl":"https:\/\/newsestlyonnais.fr\/site\/wp-content\/uploads\/2020\/06\/NEWSESTLYONNAIS-TRAV-CHASSIEU.jpg","width":1200,"height":800},{"@type":"BreadcrumbList","@id":"https:\/\/newsestlyonnais.fr\/site\/2020\/06\/06\/chassieu-fermeture-de-rues-a-venir-pour-travaux-centre-ville\/#breadcrumb","itemListElement":[{"@type":"ListItem","position":1,"name":"Accueil","item":"https:\/\/newsestlyonnais.fr\/site\/"},{"@type":"ListItem","position":2,"name":"CHASSIEU | Fermeture de rues \u00e0 venir pour travaux centre ville"}]},{"@type":"WebSite","@id":"https:\/\/newsestlyonnais.fr\/site\/#website","url":"https:\/\/newsestlyonnais.fr\/site\/","name":"News Est Lyonnais","description":"L&#039;actualit\u00e9 au plus pr\u00e8s","publisher":{"@id":"https:\/\/newsestlyonnais.fr\/site\/#organization"},"potentialAction":[{"@type":"SearchAction","target":{"@type":"EntryPoint","urlTemplate":"https:\/\/newsestlyonnais.fr\/site\/?s={search_term_string}"},"query-input":{"@type":"PropertyValueSpecification","valueRequired":true,"valueName":"search_term_string"}}],"inLanguage":"fr-FR"},{"@type":"Organization","@id":"https:\/\/newsestlyonnais.fr\/site\/#organization","name":"News EST LYONNAIS","url":"https:\/\/newsestlyonnais.fr\/site\/","logo":{"@type":"ImageObject","inLanguage":"fr-FR","@id":"https:\/\/newsestlyonnais.fr\/site\/#\/schema\/logo\/image\/","url":"","contentUrl":"","caption":"News EST LYONNAIS"},"image":{"@id":"https:\/\/newsestlyonnais.fr\/site\/#\/schema\/logo\/image\/"}},{"@type":"Person","@id":"https:\/\/newsestlyonnais.fr\/site\/#\/schema\/person\/3230d5615f390bb808365d673001e887","name":"R\u00e9dac. NEWS","sameAs":["http:\/\/www.newsestlyonnais.fr","https:\/\/www.facebook.com\/pascal.oberson.1?fref=ts","https:\/\/fr.linkedin.com\/in\/pascal-oberson-b17045113"],"url":"https:\/\/newsestlyonnais.fr\/site\/author\/nel\/"}]}},"_links":{"self":[{"href":"https:\/\/newsestlyonnais.fr\/site\/wp-json\/wp\/v2\/posts\/103841","targetHints":{"allow":["GET"]}}],"collection":[{"href":"https:\/\/newsestlyonnais.fr\/site\/wp-json\/wp\/v2\/posts"}],"about":[{"href":"https:\/\/newsestlyonnais.fr\/site\/wp-json\/wp\/v2\/types\/post"}],"author":[{"embeddable":true,"href":"https:\/\/newsestlyonnais.fr\/site\/wp-json\/wp\/v2\/users\/4"}],"replies":[{"embeddable":true,"href":"https:\/\/newsestlyonnais.fr\/site\/wp-json\/wp\/v2\/comments?post=103841"}],"version-history":[{"count":0,"href":"https:\/\/newsestlyonnais.fr\/site\/wp-json\/wp\/v2\/posts\/103841\/revisions"}],"wp:featuredmedia":[{"embeddable":true,"href":"https:\/\/newsestlyonnais.fr\/site\/wp-json\/wp\/v2\/media\/103844"}],"wp:attachment":[{"href":"https:\/\/newsestlyonnais.fr\/site\/wp-json\/wp\/v2\/media?parent=103841"}],"wp:term":[{"taxonomy":"category","embeddable":true,"href":"https:\/\/newsestlyonnais.fr\/site\/wp-json\/wp\/v2\/categories?post=103841"},{"taxonomy":"post_tag","embeddable":true,"href":"https:\/\/newsestlyonnais.fr\/site\/wp-json\/wp\/v2\/tags?post=103841"}],"curies":[{"name":"wp","href":"https:\/\/api.w.org\/{rel}","templated":true}]}}