{"id":104037,"date":"2020-06-10T17:53:41","date_gmt":"2020-06-10T16:53:41","guid":{"rendered":"http:\/\/newsestlyonnais.fr\/site\/?p=104037"},"modified":"2020-10-22T07:32:28","modified_gmt":"2020-10-22T06:32:28","slug":"genas-presentation-du-projet-despace-museal-de-gandil","status":"publish","type":"post","link":"https:\/\/newsestlyonnais.fr\/site\/2020\/06\/10\/genas-presentation-du-projet-despace-museal-de-gandil\/","title":{"rendered":"GENAS | Pr\u00e9sentation du projet d\u2019espace mus\u00e9al de Gandil"},"content":{"rendered":"<p>Un r\u00e9am\u00e9nagement de la ferme de Gandil en un espace mus\u00e9al d\u00e9di\u00e9 \u00e0 la vie agricole qui a suscit\u00e9 l\u2019int\u00e9r\u00eat des habitants, r\u00e9unis dans le strict respect des barri\u00e8res sanitaires en vigueur.<\/p>\n<p>Riche lieu de m\u00e9moire, la ferme de Gandil retrouvera prochainement sa splendeur dans le cadre du projet d\u2019am\u00e9nagement d\u2019un espace mus\u00e9al. Imagin\u00e9 comme un pont entre les g\u00e9n\u00e9rations d\u2019hier et d\u2019aujourd\u2019hui, ce futur espace est un concept in\u00e9dit qui allie la reconstitution du pass\u00e9 agraire de Genas aux nouvelles technologies de r\u00e9alit\u00e9 augment\u00e9e. Visiblesuniquementdepuisl\u2019ext\u00e9rieurgr\u00e2ce\u00e0delargesbaiesvitr\u00e9essansreflet,quatresalles,reconstituantquatreunivers(lacour,l\u2019appentis,l\u2019\u00e9table,l\u2019int\u00e9rieur),serontam\u00e9nag\u00e9es\u00e0l\u2019int\u00e9rieurdub\u00e2timentdel\u2019ancienneferme.Ellesmettrontensc\u00e8nedesobjetsetdespersonnagessousformededioramas.<\/p>\n<p>Ainsi <strong>cette mus\u00e9ographie r\u00e9pond \u00e0 plusieurs objectifs<\/strong> :<\/p>\n<ul>\n<li>Raconter l\u2019histoire agricole de Genas<\/li>\n<li>Cr\u00e9er du lien afin de faire dialoguer les g\u00e9n\u00e9rations et promouvoir la m\u00e9moire et la transmission<\/li>\n<li>Rendre la pr\u00e9sentation des objets vivante et anim\u00e9e<\/li>\n<li>Montrer l\u2019\u00e9volution technique de l\u2019agriculture<\/li>\n<\/ul>\n<p>________________________________________________________________________________<\/p>\n<p>V\u00e9ritable <strong>vitrine de la vie agricole genassienne depuis 1950<\/strong>, l\u2019espace mus\u00e9al de Gandil exposera de nombreux outils et autres objets agricoles g\u00e9n\u00e9reusement offerts par des agriculteurs de la commune. <strong>Les travaux, d\u2019un co\u00fbt de 505.526,52euros, s\u2019\u00e9taleront de juin \u00e0 ao\u00fbt pour une ouverture pr\u00e9vue au public en septembre<\/strong>.<\/p>\n<p>_______________________________________________________________________________<\/p>\n<p><em><strong>NOTA<\/strong><\/em> : <strong>Durant toute la dur\u00e9e du chantier, l\u2019acc\u00e8s \u00e0 l\u2019aire de jeux et aux jardins de Gandil reste ouvert<\/strong>.<\/p>\n<p>________________________________________________________________________________<\/p>\n<p><em><strong>PHOTO A LA UNE<\/strong><\/em> \/ Esquisse du futur espace mus\u00e9al de Gandil \/ Droits r\u00e9serv\u00e9s Ville de Genas.<\/p>\n","protected":false},"excerpt":{"rendered":"<p>Un projet de r\u00e9am\u00e9nagement de la ferme de Gandil d\u00e9voil\u00e9 par la Ville lors de la r\u00e9union publique de mardi \u00e0 l\u2019h\u00f4tel de ville.<\/p>\n","protected":false},"author":4,"featured_media":104048,"comment_status":"open","ping_status":"open","sticky":false,"template":"","format":"standard","meta":{"footnotes":""},"categories":[30,1598,3348,3010,172],"tags":[2631,2005,2127],"class_list":["post-104037","post","type-post","status-publish","format-standard","has-post-thumbnail","hentry","category-a-la-une","category-genas","category-histoire-patrimoine","category-nature-environnement-culture-et-loisirs","category-travaux-amenagements","tag-amenagement","tag-genas","tag-travaux"],"yoast_head":"<!-- This site is optimized with the Yoast SEO plugin v27.2 - https:\/\/yoast.com\/product\/yoast-seo-wordpress\/ -->\n<title>GENAS | Pr\u00e9sentation du projet d\u2019espace mus\u00e9al de Gandil - News Est Lyonnais<\/title>\n<meta name=\"description\" content=\"GENAS | Pr\u00e9sentation du projet d\u2019espace mus\u00e9al de Gandil\" \/>\n<meta name=\"robots\" content=\"index, follow, max-snippet:-1, max-image-preview:large, max-video-preview:-1\" \/>\n<link rel=\"canonical\" href=\"https:\/\/newsestlyonnais.fr\/site\/2020\/06\/10\/genas-presentation-du-projet-despace-museal-de-gandil\/\" \/>\n<meta property=\"og:locale\" content=\"fr_FR\" \/>\n<meta property=\"og:type\" content=\"article\" \/>\n<meta property=\"og:title\" content=\"GENAS | Pr\u00e9sentation du projet d\u2019espace mus\u00e9al de Gandil - News Est Lyonnais\" \/>\n<meta property=\"og:description\" content=\"GENAS | Pr\u00e9sentation du projet d\u2019espace mus\u00e9al de Gandil\" \/>\n<meta property=\"og:url\" content=\"https:\/\/newsestlyonnais.fr\/site\/2020\/06\/10\/genas-presentation-du-projet-despace-museal-de-gandil\/\" \/>\n<meta property=\"og:site_name\" content=\"News Est Lyonnais\" \/>\n<meta property=\"article:author\" content=\"https:\/\/www.facebook.com\/pascal.oberson.1?fref=ts\" \/>\n<meta property=\"article:published_time\" content=\"2020-06-10T16:53:41+00:00\" \/>\n<meta property=\"article:modified_time\" content=\"2020-10-22T06:32:28+00:00\" \/>\n<meta property=\"og:image\" content=\"https:\/\/i2.wp.com\/newsestlyonnais.fr\/site\/wp-content\/uploads\/2020\/06\/Projet-espace-mus\u00e9al-Gandil.png?fit=928%2C522&ssl=1\" \/>\n\t<meta property=\"og:image:width\" content=\"928\" \/>\n\t<meta property=\"og:image:height\" content=\"522\" \/>\n\t<meta property=\"og:image:type\" content=\"image\/png\" \/>\n<meta name=\"author\" content=\"R\u00e9dac. NEWS\" \/>\n<meta name=\"twitter:card\" content=\"summary_large_image\" \/>\n<meta name=\"twitter:label1\" content=\"\u00c9crit par\" \/>\n\t<meta name=\"twitter:data1\" content=\"R\u00e9dac. NEWS\" \/>\n\t<meta name=\"twitter:label2\" content=\"Dur\u00e9e de lecture estim\u00e9e\" \/>\n\t<meta name=\"twitter:data2\" content=\"1 minute\" \/>\n<script type=\"application\/ld+json\" class=\"yoast-schema-graph\">{\"@context\":\"https:\/\/schema.org\",\"@graph\":[{\"@type\":\"Article\",\"@id\":\"https:\/\/newsestlyonnais.fr\/site\/2020\/06\/10\/genas-presentation-du-projet-despace-museal-de-gandil\/#article\",\"isPartOf\":{\"@id\":\"https:\/\/newsestlyonnais.fr\/site\/2020\/06\/10\/genas-presentation-du-projet-despace-museal-de-gandil\/\"},\"author\":{\"name\":\"R\u00e9dac. NEWS\",\"@id\":\"https:\/\/newsestlyonnais.fr\/site\/#\/schema\/person\/3230d5615f390bb808365d673001e887\"},\"headline\":\"GENAS | Pr\u00e9sentation du projet d\u2019espace mus\u00e9al de Gandil\",\"datePublished\":\"2020-06-10T16:53:41+00:00\",\"dateModified\":\"2020-10-22T06:32:28+00:00\",\"mainEntityOfPage\":{\"@id\":\"https:\/\/newsestlyonnais.fr\/site\/2020\/06\/10\/genas-presentation-du-projet-despace-museal-de-gandil\/\"},\"wordCount\":291,\"commentCount\":0,\"publisher\":{\"@id\":\"https:\/\/newsestlyonnais.fr\/site\/#organization\"},\"image\":{\"@id\":\"https:\/\/newsestlyonnais.fr\/site\/2020\/06\/10\/genas-presentation-du-projet-despace-museal-de-gandil\/#primaryimage\"},\"thumbnailUrl\":\"https:\/\/newsestlyonnais.fr\/site\/wp-content\/uploads\/2020\/06\/Projet-espace-mus\u00e9al-Gandil.png\",\"keywords\":[\"AMENAGEMENT\",\"GENAS\",\"TRAVAUX\"],\"articleSection\":[\"\u00e0 la une\",\"Genas\",\"Histoire | Patrimoine\",\"Nature | Environnement | Chasse\",\"Travaux | Am\u00e9nagements\"],\"inLanguage\":\"fr-FR\",\"potentialAction\":[{\"@type\":\"CommentAction\",\"name\":\"Comment\",\"target\":[\"https:\/\/newsestlyonnais.fr\/site\/2020\/06\/10\/genas-presentation-du-projet-despace-museal-de-gandil\/#respond\"]}]},{\"@type\":\"WebPage\",\"@id\":\"https:\/\/newsestlyonnais.fr\/site\/2020\/06\/10\/genas-presentation-du-projet-despace-museal-de-gandil\/\",\"url\":\"https:\/\/newsestlyonnais.fr\/site\/2020\/06\/10\/genas-presentation-du-projet-despace-museal-de-gandil\/\",\"name\":\"GENAS | Pr\u00e9sentation du projet d\u2019espace mus\u00e9al de Gandil - News Est Lyonnais\",\"isPartOf\":{\"@id\":\"https:\/\/newsestlyonnais.fr\/site\/#website\"},\"primaryImageOfPage\":{\"@id\":\"https:\/\/newsestlyonnais.fr\/site\/2020\/06\/10\/genas-presentation-du-projet-despace-museal-de-gandil\/#primaryimage\"},\"image\":{\"@id\":\"https:\/\/newsestlyonnais.fr\/site\/2020\/06\/10\/genas-presentation-du-projet-despace-museal-de-gandil\/#primaryimage\"},\"thumbnailUrl\":\"https:\/\/newsestlyonnais.fr\/site\/wp-content\/uploads\/2020\/06\/Projet-espace-mus\u00e9al-Gandil.png\",\"datePublished\":\"2020-06-10T16:53:41+00:00\",\"dateModified\":\"2020-10-22T06:32:28+00:00\",\"description\":\"GENAS | Pr\u00e9sentation du projet d\u2019espace mus\u00e9al de Gandil\",\"breadcrumb\":{\"@id\":\"https:\/\/newsestlyonnais.fr\/site\/2020\/06\/10\/genas-presentation-du-projet-despace-museal-de-gandil\/#breadcrumb\"},\"inLanguage\":\"fr-FR\",\"potentialAction\":[{\"@type\":\"ReadAction\",\"target\":[\"https:\/\/newsestlyonnais.fr\/site\/2020\/06\/10\/genas-presentation-du-projet-despace-museal-de-gandil\/\"]}]},{\"@type\":\"ImageObject\",\"inLanguage\":\"fr-FR\",\"@id\":\"https:\/\/newsestlyonnais.fr\/site\/2020\/06\/10\/genas-presentation-du-projet-despace-museal-de-gandil\/#primaryimage\",\"url\":\"https:\/\/newsestlyonnais.fr\/site\/wp-content\/uploads\/2020\/06\/Projet-espace-mus\u00e9al-Gandil.png\",\"contentUrl\":\"https:\/\/newsestlyonnais.fr\/site\/wp-content\/uploads\/2020\/06\/Projet-espace-mus\u00e9al-Gandil.png\",\"width\":928,\"height\":522},{\"@type\":\"BreadcrumbList\",\"@id\":\"https:\/\/newsestlyonnais.fr\/site\/2020\/06\/10\/genas-presentation-du-projet-despace-museal-de-gandil\/#breadcrumb\",\"itemListElement\":[{\"@type\":\"ListItem\",\"position\":1,\"name\":\"Accueil\",\"item\":\"https:\/\/newsestlyonnais.fr\/site\/\"},{\"@type\":\"ListItem\",\"position\":2,\"name\":\"GENAS | Pr\u00e9sentation du projet d\u2019espace mus\u00e9al de Gandil\"}]},{\"@type\":\"WebSite\",\"@id\":\"https:\/\/newsestlyonnais.fr\/site\/#website\",\"url\":\"https:\/\/newsestlyonnais.fr\/site\/\",\"name\":\"News Est Lyonnais\",\"description\":\"L&#039;actualit\u00e9 au plus pr\u00e8s\",\"publisher\":{\"@id\":\"https:\/\/newsestlyonnais.fr\/site\/#organization\"},\"potentialAction\":[{\"@type\":\"SearchAction\",\"target\":{\"@type\":\"EntryPoint\",\"urlTemplate\":\"https:\/\/newsestlyonnais.fr\/site\/?s={search_term_string}\"},\"query-input\":{\"@type\":\"PropertyValueSpecification\",\"valueRequired\":true,\"valueName\":\"search_term_string\"}}],\"inLanguage\":\"fr-FR\"},{\"@type\":\"Organization\",\"@id\":\"https:\/\/newsestlyonnais.fr\/site\/#organization\",\"name\":\"News EST LYONNAIS\",\"url\":\"https:\/\/newsestlyonnais.fr\/site\/\",\"logo\":{\"@type\":\"ImageObject\",\"inLanguage\":\"fr-FR\",\"@id\":\"https:\/\/newsestlyonnais.fr\/site\/#\/schema\/logo\/image\/\",\"url\":\"\",\"contentUrl\":\"\",\"caption\":\"News EST LYONNAIS\"},\"image\":{\"@id\":\"https:\/\/newsestlyonnais.fr\/site\/#\/schema\/logo\/image\/\"}},{\"@type\":\"Person\",\"@id\":\"https:\/\/newsestlyonnais.fr\/site\/#\/schema\/person\/3230d5615f390bb808365d673001e887\",\"name\":\"R\u00e9dac. NEWS\",\"sameAs\":[\"http:\/\/www.newsestlyonnais.fr\",\"https:\/\/www.facebook.com\/pascal.oberson.1?fref=ts\",\"https:\/\/fr.linkedin.com\/in\/pascal-oberson-b17045113\"],\"url\":\"https:\/\/newsestlyonnais.fr\/site\/author\/nel\/\"}]}<\/script>\n<!-- \/ Yoast SEO plugin. -->","yoast_head_json":{"title":"GENAS | Pr\u00e9sentation du projet d\u2019espace mus\u00e9al de Gandil - News Est Lyonnais","description":"GENAS | Pr\u00e9sentation du projet d\u2019espace mus\u00e9al de Gandil","robots":{"index":"index","follow":"follow","max-snippet":"max-snippet:-1","max-image-preview":"max-image-preview:large","max-video-preview":"max-video-preview:-1"},"canonical":"https:\/\/newsestlyonnais.fr\/site\/2020\/06\/10\/genas-presentation-du-projet-despace-museal-de-gandil\/","og_locale":"fr_FR","og_type":"article","og_title":"GENAS | Pr\u00e9sentation du projet d\u2019espace mus\u00e9al de Gandil - News Est Lyonnais","og_description":"GENAS | Pr\u00e9sentation du projet d\u2019espace mus\u00e9al de Gandil","og_url":"https:\/\/newsestlyonnais.fr\/site\/2020\/06\/10\/genas-presentation-du-projet-despace-museal-de-gandil\/","og_site_name":"News Est Lyonnais","article_author":"https:\/\/www.facebook.com\/pascal.oberson.1?fref=ts","article_published_time":"2020-06-10T16:53:41+00:00","article_modified_time":"2020-10-22T06:32:28+00:00","og_image":[{"width":928,"height":522,"url":"https:\/\/i2.wp.com\/newsestlyonnais.fr\/site\/wp-content\/uploads\/2020\/06\/Projet-espace-mus\u00e9al-Gandil.png?fit=928%2C522&ssl=1","type":"image\/png"}],"author":"R\u00e9dac. NEWS","twitter_card":"summary_large_image","twitter_misc":{"\u00c9crit par":"R\u00e9dac. NEWS","Dur\u00e9e de lecture estim\u00e9e":"1 minute"},"schema":{"@context":"https:\/\/schema.org","@graph":[{"@type":"Article","@id":"https:\/\/newsestlyonnais.fr\/site\/2020\/06\/10\/genas-presentation-du-projet-despace-museal-de-gandil\/#article","isPartOf":{"@id":"https:\/\/newsestlyonnais.fr\/site\/2020\/06\/10\/genas-presentation-du-projet-despace-museal-de-gandil\/"},"author":{"name":"R\u00e9dac. NEWS","@id":"https:\/\/newsestlyonnais.fr\/site\/#\/schema\/person\/3230d5615f390bb808365d673001e887"},"headline":"GENAS | Pr\u00e9sentation du projet d\u2019espace mus\u00e9al de Gandil","datePublished":"2020-06-10T16:53:41+00:00","dateModified":"2020-10-22T06:32:28+00:00","mainEntityOfPage":{"@id":"https:\/\/newsestlyonnais.fr\/site\/2020\/06\/10\/genas-presentation-du-projet-despace-museal-de-gandil\/"},"wordCount":291,"commentCount":0,"publisher":{"@id":"https:\/\/newsestlyonnais.fr\/site\/#organization"},"image":{"@id":"https:\/\/newsestlyonnais.fr\/site\/2020\/06\/10\/genas-presentation-du-projet-despace-museal-de-gandil\/#primaryimage"},"thumbnailUrl":"https:\/\/newsestlyonnais.fr\/site\/wp-content\/uploads\/2020\/06\/Projet-espace-mus\u00e9al-Gandil.png","keywords":["AMENAGEMENT","GENAS","TRAVAUX"],"articleSection":["\u00e0 la une","Genas","Histoire | Patrimoine","Nature | Environnement | Chasse","Travaux | Am\u00e9nagements"],"inLanguage":"fr-FR","potentialAction":[{"@type":"CommentAction","name":"Comment","target":["https:\/\/newsestlyonnais.fr\/site\/2020\/06\/10\/genas-presentation-du-projet-despace-museal-de-gandil\/#respond"]}]},{"@type":"WebPage","@id":"https:\/\/newsestlyonnais.fr\/site\/2020\/06\/10\/genas-presentation-du-projet-despace-museal-de-gandil\/","url":"https:\/\/newsestlyonnais.fr\/site\/2020\/06\/10\/genas-presentation-du-projet-despace-museal-de-gandil\/","name":"GENAS | Pr\u00e9sentation du projet d\u2019espace mus\u00e9al de Gandil - News Est Lyonnais","isPartOf":{"@id":"https:\/\/newsestlyonnais.fr\/site\/#website"},"primaryImageOfPage":{"@id":"https:\/\/newsestlyonnais.fr\/site\/2020\/06\/10\/genas-presentation-du-projet-despace-museal-de-gandil\/#primaryimage"},"image":{"@id":"https:\/\/newsestlyonnais.fr\/site\/2020\/06\/10\/genas-presentation-du-projet-despace-museal-de-gandil\/#primaryimage"},"thumbnailUrl":"https:\/\/newsestlyonnais.fr\/site\/wp-content\/uploads\/2020\/06\/Projet-espace-mus\u00e9al-Gandil.png","datePublished":"2020-06-10T16:53:41+00:00","dateModified":"2020-10-22T06:32:28+00:00","description":"GENAS | Pr\u00e9sentation du projet d\u2019espace mus\u00e9al de Gandil","breadcrumb":{"@id":"https:\/\/newsestlyonnais.fr\/site\/2020\/06\/10\/genas-presentation-du-projet-despace-museal-de-gandil\/#breadcrumb"},"inLanguage":"fr-FR","potentialAction":[{"@type":"ReadAction","target":["https:\/\/newsestlyonnais.fr\/site\/2020\/06\/10\/genas-presentation-du-projet-despace-museal-de-gandil\/"]}]},{"@type":"ImageObject","inLanguage":"fr-FR","@id":"https:\/\/newsestlyonnais.fr\/site\/2020\/06\/10\/genas-presentation-du-projet-despace-museal-de-gandil\/#primaryimage","url":"https:\/\/newsestlyonnais.fr\/site\/wp-content\/uploads\/2020\/06\/Projet-espace-mus\u00e9al-Gandil.png","contentUrl":"https:\/\/newsestlyonnais.fr\/site\/wp-content\/uploads\/2020\/06\/Projet-espace-mus\u00e9al-Gandil.png","width":928,"height":522},{"@type":"BreadcrumbList","@id":"https:\/\/newsestlyonnais.fr\/site\/2020\/06\/10\/genas-presentation-du-projet-despace-museal-de-gandil\/#breadcrumb","itemListElement":[{"@type":"ListItem","position":1,"name":"Accueil","item":"https:\/\/newsestlyonnais.fr\/site\/"},{"@type":"ListItem","position":2,"name":"GENAS | Pr\u00e9sentation du projet d\u2019espace mus\u00e9al de Gandil"}]},{"@type":"WebSite","@id":"https:\/\/newsestlyonnais.fr\/site\/#website","url":"https:\/\/newsestlyonnais.fr\/site\/","name":"News Est Lyonnais","description":"L&#039;actualit\u00e9 au plus pr\u00e8s","publisher":{"@id":"https:\/\/newsestlyonnais.fr\/site\/#organization"},"potentialAction":[{"@type":"SearchAction","target":{"@type":"EntryPoint","urlTemplate":"https:\/\/newsestlyonnais.fr\/site\/?s={search_term_string}"},"query-input":{"@type":"PropertyValueSpecification","valueRequired":true,"valueName":"search_term_string"}}],"inLanguage":"fr-FR"},{"@type":"Organization","@id":"https:\/\/newsestlyonnais.fr\/site\/#organization","name":"News EST LYONNAIS","url":"https:\/\/newsestlyonnais.fr\/site\/","logo":{"@type":"ImageObject","inLanguage":"fr-FR","@id":"https:\/\/newsestlyonnais.fr\/site\/#\/schema\/logo\/image\/","url":"","contentUrl":"","caption":"News EST LYONNAIS"},"image":{"@id":"https:\/\/newsestlyonnais.fr\/site\/#\/schema\/logo\/image\/"}},{"@type":"Person","@id":"https:\/\/newsestlyonnais.fr\/site\/#\/schema\/person\/3230d5615f390bb808365d673001e887","name":"R\u00e9dac. NEWS","sameAs":["http:\/\/www.newsestlyonnais.fr","https:\/\/www.facebook.com\/pascal.oberson.1?fref=ts","https:\/\/fr.linkedin.com\/in\/pascal-oberson-b17045113"],"url":"https:\/\/newsestlyonnais.fr\/site\/author\/nel\/"}]}},"_links":{"self":[{"href":"https:\/\/newsestlyonnais.fr\/site\/wp-json\/wp\/v2\/posts\/104037","targetHints":{"allow":["GET"]}}],"collection":[{"href":"https:\/\/newsestlyonnais.fr\/site\/wp-json\/wp\/v2\/posts"}],"about":[{"href":"https:\/\/newsestlyonnais.fr\/site\/wp-json\/wp\/v2\/types\/post"}],"author":[{"embeddable":true,"href":"https:\/\/newsestlyonnais.fr\/site\/wp-json\/wp\/v2\/users\/4"}],"replies":[{"embeddable":true,"href":"https:\/\/newsestlyonnais.fr\/site\/wp-json\/wp\/v2\/comments?post=104037"}],"version-history":[{"count":0,"href":"https:\/\/newsestlyonnais.fr\/site\/wp-json\/wp\/v2\/posts\/104037\/revisions"}],"wp:featuredmedia":[{"embeddable":true,"href":"https:\/\/newsestlyonnais.fr\/site\/wp-json\/wp\/v2\/media\/104048"}],"wp:attachment":[{"href":"https:\/\/newsestlyonnais.fr\/site\/wp-json\/wp\/v2\/media?parent=104037"}],"wp:term":[{"taxonomy":"category","embeddable":true,"href":"https:\/\/newsestlyonnais.fr\/site\/wp-json\/wp\/v2\/categories?post=104037"},{"taxonomy":"post_tag","embeddable":true,"href":"https:\/\/newsestlyonnais.fr\/site\/wp-json\/wp\/v2\/tags?post=104037"}],"curies":[{"name":"wp","href":"https:\/\/api.w.org\/{rel}","templated":true}]}}