{"id":104055,"date":"2020-06-11T10:27:29","date_gmt":"2020-06-11T09:27:29","guid":{"rendered":"http:\/\/newsestlyonnais.fr\/site\/?p=104055"},"modified":"2020-06-14T06:34:42","modified_gmt":"2020-06-14T05:34:42","slug":"bron-des-seances-dessai-a-lasul-bron-athletisme","status":"publish","type":"post","link":"https:\/\/newsestlyonnais.fr\/site\/2020\/06\/11\/bron-des-seances-dessai-a-lasul-bron-athletisme\/","title":{"rendered":"BRON | Des s\u00e9ances d&rsquo;essai \u00e0 l&rsquo;ASUL Bron athl\u00e9tisme"},"content":{"rendered":"<p><span style=\"text-decoration: underline\"><strong>Ecole d&rsquo;Athl\u00e9tisme<\/strong><\/span><strong> : <\/strong><strong>(PHOTO A LA UNE) :\u00a0<\/strong><\/p>\n<p><img loading=\"lazy\" decoding=\"async\" class=\"size-thumbnail wp-image-104096 alignleft\" src=\"https:\/\/newsestlyonnais.fr\/site\/medias\/2020\/06\/NEWSESTLYONNAIS-ASUL-ECOLE-ATHLE01-250x167.jpg\" alt=\"\" width=\"150\" height=\"100\" srcset=\"https:\/\/newsestlyonnais.fr\/site\/wp-content\/uploads\/2020\/06\/NEWSESTLYONNAIS-ASUL-ECOLE-ATHLE01-250x167.jpg 250w, https:\/\/newsestlyonnais.fr\/site\/wp-content\/uploads\/2020\/06\/NEWSESTLYONNAIS-ASUL-ECOLE-ATHLE01-400x267.jpg 400w, https:\/\/newsestlyonnais.fr\/site\/wp-content\/uploads\/2020\/06\/NEWSESTLYONNAIS-ASUL-ECOLE-ATHLE01-650x433.jpg 650w, https:\/\/newsestlyonnais.fr\/site\/wp-content\/uploads\/2020\/06\/NEWSESTLYONNAIS-ASUL-ECOLE-ATHLE01-768x512.jpg 768w, https:\/\/newsestlyonnais.fr\/site\/wp-content\/uploads\/2020\/06\/NEWSESTLYONNAIS-ASUL-ECOLE-ATHLE01-150x100.jpg 150w, https:\/\/newsestlyonnais.fr\/site\/wp-content\/uploads\/2020\/06\/NEWSESTLYONNAIS-ASUL-ECOLE-ATHLE01-50x33.jpg 50w, https:\/\/newsestlyonnais.fr\/site\/wp-content\/uploads\/2020\/06\/NEWSESTLYONNAIS-ASUL-ECOLE-ATHLE01-100x67.jpg 100w, https:\/\/newsestlyonnais.fr\/site\/wp-content\/uploads\/2020\/06\/NEWSESTLYONNAIS-ASUL-ECOLE-ATHLE01-200x133.jpg 200w, https:\/\/newsestlyonnais.fr\/site\/wp-content\/uploads\/2020\/06\/NEWSESTLYONNAIS-ASUL-ECOLE-ATHLE01-300x200.jpg 300w, https:\/\/newsestlyonnais.fr\/site\/wp-content\/uploads\/2020\/06\/NEWSESTLYONNAIS-ASUL-ECOLE-ATHLE01-350x233.jpg 350w, https:\/\/newsestlyonnais.fr\/site\/wp-content\/uploads\/2020\/06\/NEWSESTLYONNAIS-ASUL-ECOLE-ATHLE01-450x300.jpg 450w, https:\/\/newsestlyonnais.fr\/site\/wp-content\/uploads\/2020\/06\/NEWSESTLYONNAIS-ASUL-ECOLE-ATHLE01-500x333.jpg 500w, https:\/\/newsestlyonnais.fr\/site\/wp-content\/uploads\/2020\/06\/NEWSESTLYONNAIS-ASUL-ECOLE-ATHLE01-550x367.jpg 550w, https:\/\/newsestlyonnais.fr\/site\/wp-content\/uploads\/2020\/06\/NEWSESTLYONNAIS-ASUL-ECOLE-ATHLE01-800x533.jpg 800w, https:\/\/newsestlyonnais.fr\/site\/wp-content\/uploads\/2020\/06\/NEWSESTLYONNAIS-ASUL-ECOLE-ATHLE01.jpg 1200w\" sizes=\"auto, (max-width: 150px) 100vw, 150px\" \/>En raison des conditions sanitaires en vigueur en France, le club n&rsquo;a pas pu effectuer de s\u00e9ances d&rsquo;essai pour son \u00e9cole d&rsquo;athl\u00e9tisme (enfants n\u00e9s entre 2006 et 2014) au mois de juin comme c&rsquo;est le cas chaque ann\u00e9e. En revanche apr\u00e8s une reprise en respectant les r\u00e8gles sanitaires donn\u00e9es par la F\u00e9d\u00e9ration et la mairie de Bron, il y a une possibilit\u00e9 d&rsquo;inclure quelques enfants pour un essai sur les dates et horaires figurant sur les affiches ci-dessous.<\/p>\n<p><strong>R\u00e9servations obligatoires par mail ou t\u00e9l\u00e9phone aupr\u00e8s de David<\/strong>. <strong>Places limit\u00e9es<\/strong>. D&rsquo;autres s\u00e9ances d&rsquo;essai auront lieu au mois de septembre au moment de la reprise de la saison.<\/p>\n<div id='gallery-1' class='gallery galleryid-104055 gallery-columns-2 gallery-size-medium'><figure class='gallery-item'>\n\t\t\t<div class='gallery-icon landscape'>\n\t\t\t\t<a href='https:\/\/newsestlyonnais.fr\/site\/2020\/06\/11\/bron-des-seances-dessai-a-lasul-bron-athletisme\/seances_essai_ecole_d_athle-page-001\/'><img loading=\"lazy\" decoding=\"async\" width=\"400\" height=\"267\" src=\"https:\/\/newsestlyonnais.fr\/site\/wp-content\/uploads\/2020\/06\/seances_essai_ecole_d_athle-page-001-400x267.jpg\" class=\"attachment-medium size-medium\" alt=\"\" srcset=\"https:\/\/newsestlyonnais.fr\/site\/wp-content\/uploads\/2020\/06\/seances_essai_ecole_d_athle-page-001-400x267.jpg 400w, https:\/\/newsestlyonnais.fr\/site\/wp-content\/uploads\/2020\/06\/seances_essai_ecole_d_athle-page-001-650x433.jpg 650w, https:\/\/newsestlyonnais.fr\/site\/wp-content\/uploads\/2020\/06\/seances_essai_ecole_d_athle-page-001-250x167.jpg 250w, https:\/\/newsestlyonnais.fr\/site\/wp-content\/uploads\/2020\/06\/seances_essai_ecole_d_athle-page-001-768x512.jpg 768w, https:\/\/newsestlyonnais.fr\/site\/wp-content\/uploads\/2020\/06\/seances_essai_ecole_d_athle-page-001-150x100.jpg 150w, https:\/\/newsestlyonnais.fr\/site\/wp-content\/uploads\/2020\/06\/seances_essai_ecole_d_athle-page-001-50x33.jpg 50w, https:\/\/newsestlyonnais.fr\/site\/wp-content\/uploads\/2020\/06\/seances_essai_ecole_d_athle-page-001-100x67.jpg 100w, https:\/\/newsestlyonnais.fr\/site\/wp-content\/uploads\/2020\/06\/seances_essai_ecole_d_athle-page-001-200x133.jpg 200w, https:\/\/newsestlyonnais.fr\/site\/wp-content\/uploads\/2020\/06\/seances_essai_ecole_d_athle-page-001-300x200.jpg 300w, https:\/\/newsestlyonnais.fr\/site\/wp-content\/uploads\/2020\/06\/seances_essai_ecole_d_athle-page-001-350x233.jpg 350w, https:\/\/newsestlyonnais.fr\/site\/wp-content\/uploads\/2020\/06\/seances_essai_ecole_d_athle-page-001-450x300.jpg 450w, https:\/\/newsestlyonnais.fr\/site\/wp-content\/uploads\/2020\/06\/seances_essai_ecole_d_athle-page-001-500x333.jpg 500w, https:\/\/newsestlyonnais.fr\/site\/wp-content\/uploads\/2020\/06\/seances_essai_ecole_d_athle-page-001-550x367.jpg 550w, https:\/\/newsestlyonnais.fr\/site\/wp-content\/uploads\/2020\/06\/seances_essai_ecole_d_athle-page-001-800x533.jpg 800w, https:\/\/newsestlyonnais.fr\/site\/wp-content\/uploads\/2020\/06\/seances_essai_ecole_d_athle-page-001.jpg 1200w\" sizes=\"auto, (max-width: 400px) 100vw, 400px\" \/><\/a>\n\t\t\t<\/div><\/figure><figure class='gallery-item'>\n\t\t\t<div class='gallery-icon landscape'>\n\t\t\t\t<a href='https:\/\/newsestlyonnais.fr\/site\/2020\/06\/11\/bron-des-seances-dessai-a-lasul-bron-athletisme\/seances_essai_ecole_d_athle-page-002\/'><img loading=\"lazy\" decoding=\"async\" width=\"400\" height=\"267\" src=\"https:\/\/newsestlyonnais.fr\/site\/wp-content\/uploads\/2020\/06\/seances_essai_ecole_d_athle-page-002-400x267.jpg\" class=\"attachment-medium size-medium\" alt=\"\" srcset=\"https:\/\/newsestlyonnais.fr\/site\/wp-content\/uploads\/2020\/06\/seances_essai_ecole_d_athle-page-002-400x267.jpg 400w, https:\/\/newsestlyonnais.fr\/site\/wp-content\/uploads\/2020\/06\/seances_essai_ecole_d_athle-page-002-650x433.jpg 650w, https:\/\/newsestlyonnais.fr\/site\/wp-content\/uploads\/2020\/06\/seances_essai_ecole_d_athle-page-002-250x167.jpg 250w, https:\/\/newsestlyonnais.fr\/site\/wp-content\/uploads\/2020\/06\/seances_essai_ecole_d_athle-page-002-768x512.jpg 768w, https:\/\/newsestlyonnais.fr\/site\/wp-content\/uploads\/2020\/06\/seances_essai_ecole_d_athle-page-002-150x100.jpg 150w, https:\/\/newsestlyonnais.fr\/site\/wp-content\/uploads\/2020\/06\/seances_essai_ecole_d_athle-page-002-50x33.jpg 50w, https:\/\/newsestlyonnais.fr\/site\/wp-content\/uploads\/2020\/06\/seances_essai_ecole_d_athle-page-002-100x67.jpg 100w, https:\/\/newsestlyonnais.fr\/site\/wp-content\/uploads\/2020\/06\/seances_essai_ecole_d_athle-page-002-200x133.jpg 200w, https:\/\/newsestlyonnais.fr\/site\/wp-content\/uploads\/2020\/06\/seances_essai_ecole_d_athle-page-002-300x200.jpg 300w, https:\/\/newsestlyonnais.fr\/site\/wp-content\/uploads\/2020\/06\/seances_essai_ecole_d_athle-page-002-350x233.jpg 350w, https:\/\/newsestlyonnais.fr\/site\/wp-content\/uploads\/2020\/06\/seances_essai_ecole_d_athle-page-002-450x300.jpg 450w, https:\/\/newsestlyonnais.fr\/site\/wp-content\/uploads\/2020\/06\/seances_essai_ecole_d_athle-page-002-500x333.jpg 500w, https:\/\/newsestlyonnais.fr\/site\/wp-content\/uploads\/2020\/06\/seances_essai_ecole_d_athle-page-002-550x367.jpg 550w, https:\/\/newsestlyonnais.fr\/site\/wp-content\/uploads\/2020\/06\/seances_essai_ecole_d_athle-page-002-800x533.jpg 800w, https:\/\/newsestlyonnais.fr\/site\/wp-content\/uploads\/2020\/06\/seances_essai_ecole_d_athle-page-002.jpg 1200w\" sizes=\"auto, (max-width: 400px) 100vw, 400px\" \/><\/a>\n\t\t\t<\/div><\/figure>\n\t\t<\/div>\n\n<p>______________________________________________________________________________<\/p>\n<p><span style=\"text-decoration: underline\"><strong>Baby Athl\u00e9tisme<\/strong><\/span> :<\/p>\n<p><img loading=\"lazy\" decoding=\"async\" class=\"alignleft size-thumbnail wp-image-104098\" src=\"https:\/\/newsestlyonnais.fr\/site\/medias\/2020\/06\/NEWSESTLYONNAIS-ATHLE-ASUL--250x167.jpg\" alt=\"\" width=\"150\" height=\"100\" srcset=\"https:\/\/newsestlyonnais.fr\/site\/wp-content\/uploads\/2020\/06\/NEWSESTLYONNAIS-ATHLE-ASUL--250x167.jpg 250w, https:\/\/newsestlyonnais.fr\/site\/wp-content\/uploads\/2020\/06\/NEWSESTLYONNAIS-ATHLE-ASUL--400x267.jpg 400w, https:\/\/newsestlyonnais.fr\/site\/wp-content\/uploads\/2020\/06\/NEWSESTLYONNAIS-ATHLE-ASUL--650x433.jpg 650w, https:\/\/newsestlyonnais.fr\/site\/wp-content\/uploads\/2020\/06\/NEWSESTLYONNAIS-ATHLE-ASUL--768x512.jpg 768w, https:\/\/newsestlyonnais.fr\/site\/wp-content\/uploads\/2020\/06\/NEWSESTLYONNAIS-ATHLE-ASUL--150x100.jpg 150w, https:\/\/newsestlyonnais.fr\/site\/wp-content\/uploads\/2020\/06\/NEWSESTLYONNAIS-ATHLE-ASUL--50x33.jpg 50w, https:\/\/newsestlyonnais.fr\/site\/wp-content\/uploads\/2020\/06\/NEWSESTLYONNAIS-ATHLE-ASUL--100x67.jpg 100w, https:\/\/newsestlyonnais.fr\/site\/wp-content\/uploads\/2020\/06\/NEWSESTLYONNAIS-ATHLE-ASUL--200x133.jpg 200w, https:\/\/newsestlyonnais.fr\/site\/wp-content\/uploads\/2020\/06\/NEWSESTLYONNAIS-ATHLE-ASUL--300x200.jpg 300w, https:\/\/newsestlyonnais.fr\/site\/wp-content\/uploads\/2020\/06\/NEWSESTLYONNAIS-ATHLE-ASUL--350x233.jpg 350w, https:\/\/newsestlyonnais.fr\/site\/wp-content\/uploads\/2020\/06\/NEWSESTLYONNAIS-ATHLE-ASUL--450x300.jpg 450w, https:\/\/newsestlyonnais.fr\/site\/wp-content\/uploads\/2020\/06\/NEWSESTLYONNAIS-ATHLE-ASUL--500x333.jpg 500w, https:\/\/newsestlyonnais.fr\/site\/wp-content\/uploads\/2020\/06\/NEWSESTLYONNAIS-ATHLE-ASUL--550x367.jpg 550w, https:\/\/newsestlyonnais.fr\/site\/wp-content\/uploads\/2020\/06\/NEWSESTLYONNAIS-ATHLE-ASUL--800x533.jpg 800w, https:\/\/newsestlyonnais.fr\/site\/wp-content\/uploads\/2020\/06\/NEWSESTLYONNAIS-ATHLE-ASUL-.jpg 1200w\" sizes=\"auto, (max-width: 150px) 100vw, 150px\" \/>Pour cette cat\u00e9gorie d&rsquo;enfants (n\u00e9s en 2015, 2016 et 2017), les <strong>tests d&rsquo;activit\u00e9<\/strong> auront lieu <strong>en septembre<\/strong> car pas de reprise sur cette fin de saison.<\/p>\n<p>_______________________________________________________________________________<\/p>\n<p><span style=\"text-decoration: underline\"><strong>Marche Nordique<\/strong><\/span> :<\/p>\n<p><img loading=\"lazy\" decoding=\"async\" class=\"alignleft size-thumbnail wp-image-104100\" src=\"https:\/\/newsestlyonnais.fr\/site\/medias\/2020\/06\/NEWSESTLYONNAIS-ASUL-ATHLE-02-250x375.jpg\" alt=\"\" width=\"100\" height=\"150\" srcset=\"https:\/\/newsestlyonnais.fr\/site\/wp-content\/uploads\/2020\/06\/NEWSESTLYONNAIS-ASUL-ATHLE-02-250x375.jpg 250w, https:\/\/newsestlyonnais.fr\/site\/wp-content\/uploads\/2020\/06\/NEWSESTLYONNAIS-ASUL-ATHLE-02-400x600.jpg 400w, https:\/\/newsestlyonnais.fr\/site\/wp-content\/uploads\/2020\/06\/NEWSESTLYONNAIS-ASUL-ATHLE-02-650x975.jpg 650w, https:\/\/newsestlyonnais.fr\/site\/wp-content\/uploads\/2020\/06\/NEWSESTLYONNAIS-ASUL-ATHLE-02-768x1152.jpg 768w, https:\/\/newsestlyonnais.fr\/site\/wp-content\/uploads\/2020\/06\/NEWSESTLYONNAIS-ASUL-ATHLE-02-150x225.jpg 150w, https:\/\/newsestlyonnais.fr\/site\/wp-content\/uploads\/2020\/06\/NEWSESTLYONNAIS-ASUL-ATHLE-02-50x75.jpg 50w, https:\/\/newsestlyonnais.fr\/site\/wp-content\/uploads\/2020\/06\/NEWSESTLYONNAIS-ASUL-ATHLE-02-100x150.jpg 100w, https:\/\/newsestlyonnais.fr\/site\/wp-content\/uploads\/2020\/06\/NEWSESTLYONNAIS-ASUL-ATHLE-02-200x300.jpg 200w, https:\/\/newsestlyonnais.fr\/site\/wp-content\/uploads\/2020\/06\/NEWSESTLYONNAIS-ASUL-ATHLE-02-300x450.jpg 300w, https:\/\/newsestlyonnais.fr\/site\/wp-content\/uploads\/2020\/06\/NEWSESTLYONNAIS-ASUL-ATHLE-02-350x525.jpg 350w, https:\/\/newsestlyonnais.fr\/site\/wp-content\/uploads\/2020\/06\/NEWSESTLYONNAIS-ASUL-ATHLE-02-450x675.jpg 450w, https:\/\/newsestlyonnais.fr\/site\/wp-content\/uploads\/2020\/06\/NEWSESTLYONNAIS-ASUL-ATHLE-02-500x750.jpg 500w, https:\/\/newsestlyonnais.fr\/site\/wp-content\/uploads\/2020\/06\/NEWSESTLYONNAIS-ASUL-ATHLE-02-550x825.jpg 550w, https:\/\/newsestlyonnais.fr\/site\/wp-content\/uploads\/2020\/06\/NEWSESTLYONNAIS-ASUL-ATHLE-02.jpg 800w\" sizes=\"auto, (max-width: 100px) 100vw, 100px\" \/><\/p>\n<p>&nbsp;<\/p>\n<p>Venez tester la discipline avec le club <strong>entre le lundi 15 juin et le mercredi 8 juillet<\/strong>.<img loading=\"lazy\" decoding=\"async\" class=\"aligncenter wp-image-104103 size-large\" src=\"https:\/\/newsestlyonnais.fr\/site\/medias\/2020\/06\/NEWSESTLYONNAIS-MARC-NOR-ASUL-650x433.jpg\" alt=\"\" width=\"650\" height=\"433\" srcset=\"https:\/\/newsestlyonnais.fr\/site\/wp-content\/uploads\/2020\/06\/NEWSESTLYONNAIS-MARC-NOR-ASUL-650x433.jpg 650w, https:\/\/newsestlyonnais.fr\/site\/wp-content\/uploads\/2020\/06\/NEWSESTLYONNAIS-MARC-NOR-ASUL-400x267.jpg 400w, https:\/\/newsestlyonnais.fr\/site\/wp-content\/uploads\/2020\/06\/NEWSESTLYONNAIS-MARC-NOR-ASUL-250x167.jpg 250w, https:\/\/newsestlyonnais.fr\/site\/wp-content\/uploads\/2020\/06\/NEWSESTLYONNAIS-MARC-NOR-ASUL-768x512.jpg 768w, https:\/\/newsestlyonnais.fr\/site\/wp-content\/uploads\/2020\/06\/NEWSESTLYONNAIS-MARC-NOR-ASUL-150x100.jpg 150w, https:\/\/newsestlyonnais.fr\/site\/wp-content\/uploads\/2020\/06\/NEWSESTLYONNAIS-MARC-NOR-ASUL-50x33.jpg 50w, https:\/\/newsestlyonnais.fr\/site\/wp-content\/uploads\/2020\/06\/NEWSESTLYONNAIS-MARC-NOR-ASUL-100x67.jpg 100w, https:\/\/newsestlyonnais.fr\/site\/wp-content\/uploads\/2020\/06\/NEWSESTLYONNAIS-MARC-NOR-ASUL-200x133.jpg 200w, https:\/\/newsestlyonnais.fr\/site\/wp-content\/uploads\/2020\/06\/NEWSESTLYONNAIS-MARC-NOR-ASUL-300x200.jpg 300w, https:\/\/newsestlyonnais.fr\/site\/wp-content\/uploads\/2020\/06\/NEWSESTLYONNAIS-MARC-NOR-ASUL-350x233.jpg 350w, https:\/\/newsestlyonnais.fr\/site\/wp-content\/uploads\/2020\/06\/NEWSESTLYONNAIS-MARC-NOR-ASUL-450x300.jpg 450w, https:\/\/newsestlyonnais.fr\/site\/wp-content\/uploads\/2020\/06\/NEWSESTLYONNAIS-MARC-NOR-ASUL-500x333.jpg 500w, https:\/\/newsestlyonnais.fr\/site\/wp-content\/uploads\/2020\/06\/NEWSESTLYONNAIS-MARC-NOR-ASUL-550x367.jpg 550w, https:\/\/newsestlyonnais.fr\/site\/wp-content\/uploads\/2020\/06\/NEWSESTLYONNAIS-MARC-NOR-ASUL-800x533.jpg 800w, https:\/\/newsestlyonnais.fr\/site\/wp-content\/uploads\/2020\/06\/NEWSESTLYONNAIS-MARC-NOR-ASUL.jpg 1200w\" sizes=\"auto, (max-width: 650px) 100vw, 650px\" \/><\/p>\n<p>_______________________________________________________________________________<\/p>\n<p><span style=\"font-size: 14pt\"><strong>C<\/strong><strong>ontact : David Lemoine : 06.64.33.33.71 \/ davidlemoine@yahoo.com<\/strong>\u00a0<\/span> ______________________________________________________________________________<\/p>\n<p><em><strong>&gt; Toute l&rsquo;ACTU du club est sur : <a href=\"http:\/\/asubron.athle.com\">http:\/\/asubron.athle.com<\/a><\/strong><\/em><\/p>\n","protected":false},"excerpt":{"rendered":"<p>Apr\u00e8s avoir \u00e9t\u00e9 contraint d&rsquo;annuler son meeting et la BrondiMarche Nordique le club a programm\u00e9 des s\u00e9ances d&rsquo;essai pour ces sections.<\/p>\n","protected":false},"author":4,"featured_media":104094,"comment_status":"open","ping_status":"open","sticky":false,"template":"","format":"standard","meta":{"footnotes":""},"categories":[2968,19,2],"tags":[2712,2162,2072],"class_list":["post-104055","post","type-post","status-publish","format-standard","has-post-thumbnail","hentry","category-athle-course-pied-marche","category-bron","category-sports","tag-asul-bron","tag-athletisme","tag-bron"],"yoast_head":"<!-- This site is optimized with the Yoast SEO plugin v27.2 - https:\/\/yoast.com\/product\/yoast-seo-wordpress\/ -->\n<title>BRON | Des s\u00e9ances d&#039;essai \u00e0 l&#039;ASUL Bron athl\u00e9tisme - News Est Lyonnais<\/title>\n<meta name=\"description\" content=\"BRON | Des s\u00e9ances d&#039;essai \u00e0 l&#039;ASUL Bron athl\u00e9tisme\" \/>\n<meta name=\"robots\" content=\"index, follow, max-snippet:-1, max-image-preview:large, max-video-preview:-1\" \/>\n<link rel=\"canonical\" href=\"https:\/\/newsestlyonnais.fr\/site\/2020\/06\/11\/bron-des-seances-dessai-a-lasul-bron-athletisme\/\" \/>\n<meta property=\"og:locale\" content=\"fr_FR\" \/>\n<meta property=\"og:type\" content=\"article\" \/>\n<meta property=\"og:title\" content=\"BRON | Des s\u00e9ances d&#039;essai \u00e0 l&#039;ASUL Bron athl\u00e9tisme - News Est Lyonnais\" \/>\n<meta property=\"og:description\" content=\"BRON | Des s\u00e9ances d&#039;essai \u00e0 l&#039;ASUL Bron athl\u00e9tisme\" \/>\n<meta property=\"og:url\" content=\"https:\/\/newsestlyonnais.fr\/site\/2020\/06\/11\/bron-des-seances-dessai-a-lasul-bron-athletisme\/\" \/>\n<meta property=\"og:site_name\" content=\"News Est Lyonnais\" \/>\n<meta property=\"article:author\" content=\"https:\/\/www.facebook.com\/pascal.oberson.1?fref=ts\" \/>\n<meta property=\"article:published_time\" content=\"2020-06-11T09:27:29+00:00\" \/>\n<meta property=\"article:modified_time\" content=\"2020-06-14T05:34:42+00:00\" \/>\n<meta property=\"og:image\" content=\"https:\/\/i0.wp.com\/newsestlyonnais.fr\/site\/wp-content\/uploads\/2020\/06\/NEWSESTLYONNAIS-ASUL-BRON.jpg?fit=1200%2C800&ssl=1\" \/>\n\t<meta property=\"og:image:width\" content=\"1200\" \/>\n\t<meta property=\"og:image:height\" content=\"800\" \/>\n\t<meta property=\"og:image:type\" content=\"image\/jpeg\" \/>\n<meta name=\"author\" content=\"R\u00e9dac. NEWS\" \/>\n<meta name=\"twitter:card\" content=\"summary_large_image\" \/>\n<meta name=\"twitter:label1\" content=\"\u00c9crit par\" \/>\n\t<meta name=\"twitter:data1\" content=\"R\u00e9dac. NEWS\" \/>\n\t<meta name=\"twitter:label2\" content=\"Dur\u00e9e de lecture estim\u00e9e\" \/>\n\t<meta name=\"twitter:data2\" content=\"1 minute\" \/>\n<script type=\"application\/ld+json\" class=\"yoast-schema-graph\">{\"@context\":\"https:\/\/schema.org\",\"@graph\":[{\"@type\":\"Article\",\"@id\":\"https:\/\/newsestlyonnais.fr\/site\/2020\/06\/11\/bron-des-seances-dessai-a-lasul-bron-athletisme\/#article\",\"isPartOf\":{\"@id\":\"https:\/\/newsestlyonnais.fr\/site\/2020\/06\/11\/bron-des-seances-dessai-a-lasul-bron-athletisme\/\"},\"author\":{\"name\":\"R\u00e9dac. NEWS\",\"@id\":\"https:\/\/newsestlyonnais.fr\/site\/#\/schema\/person\/3230d5615f390bb808365d673001e887\"},\"headline\":\"BRON | Des s\u00e9ances d&rsquo;essai \u00e0 l&rsquo;ASUL Bron athl\u00e9tisme\",\"datePublished\":\"2020-06-11T09:27:29+00:00\",\"dateModified\":\"2020-06-14T05:34:42+00:00\",\"mainEntityOfPage\":{\"@id\":\"https:\/\/newsestlyonnais.fr\/site\/2020\/06\/11\/bron-des-seances-dessai-a-lasul-bron-athletisme\/\"},\"wordCount\":219,\"commentCount\":0,\"publisher\":{\"@id\":\"https:\/\/newsestlyonnais.fr\/site\/#organization\"},\"image\":{\"@id\":\"https:\/\/newsestlyonnais.fr\/site\/2020\/06\/11\/bron-des-seances-dessai-a-lasul-bron-athletisme\/#primaryimage\"},\"thumbnailUrl\":\"https:\/\/newsestlyonnais.fr\/site\/wp-content\/uploads\/2020\/06\/NEWSESTLYONNAIS-ASUL-BRON.jpg\",\"keywords\":[\"ASUL BRON\",\"ATHLETISME\",\"BRON\"],\"articleSection\":[\"Athl\u00e9 | Course pied | Marche\",\"Bron\",\"Sports\"],\"inLanguage\":\"fr-FR\",\"potentialAction\":[{\"@type\":\"CommentAction\",\"name\":\"Comment\",\"target\":[\"https:\/\/newsestlyonnais.fr\/site\/2020\/06\/11\/bron-des-seances-dessai-a-lasul-bron-athletisme\/#respond\"]}]},{\"@type\":\"WebPage\",\"@id\":\"https:\/\/newsestlyonnais.fr\/site\/2020\/06\/11\/bron-des-seances-dessai-a-lasul-bron-athletisme\/\",\"url\":\"https:\/\/newsestlyonnais.fr\/site\/2020\/06\/11\/bron-des-seances-dessai-a-lasul-bron-athletisme\/\",\"name\":\"BRON | Des s\u00e9ances d'essai \u00e0 l'ASUL Bron athl\u00e9tisme - News Est Lyonnais\",\"isPartOf\":{\"@id\":\"https:\/\/newsestlyonnais.fr\/site\/#website\"},\"primaryImageOfPage\":{\"@id\":\"https:\/\/newsestlyonnais.fr\/site\/2020\/06\/11\/bron-des-seances-dessai-a-lasul-bron-athletisme\/#primaryimage\"},\"image\":{\"@id\":\"https:\/\/newsestlyonnais.fr\/site\/2020\/06\/11\/bron-des-seances-dessai-a-lasul-bron-athletisme\/#primaryimage\"},\"thumbnailUrl\":\"https:\/\/newsestlyonnais.fr\/site\/wp-content\/uploads\/2020\/06\/NEWSESTLYONNAIS-ASUL-BRON.jpg\",\"datePublished\":\"2020-06-11T09:27:29+00:00\",\"dateModified\":\"2020-06-14T05:34:42+00:00\",\"description\":\"BRON | Des s\u00e9ances d'essai \u00e0 l'ASUL Bron athl\u00e9tisme\",\"breadcrumb\":{\"@id\":\"https:\/\/newsestlyonnais.fr\/site\/2020\/06\/11\/bron-des-seances-dessai-a-lasul-bron-athletisme\/#breadcrumb\"},\"inLanguage\":\"fr-FR\",\"potentialAction\":[{\"@type\":\"ReadAction\",\"target\":[\"https:\/\/newsestlyonnais.fr\/site\/2020\/06\/11\/bron-des-seances-dessai-a-lasul-bron-athletisme\/\"]}]},{\"@type\":\"ImageObject\",\"inLanguage\":\"fr-FR\",\"@id\":\"https:\/\/newsestlyonnais.fr\/site\/2020\/06\/11\/bron-des-seances-dessai-a-lasul-bron-athletisme\/#primaryimage\",\"url\":\"https:\/\/newsestlyonnais.fr\/site\/wp-content\/uploads\/2020\/06\/NEWSESTLYONNAIS-ASUL-BRON.jpg\",\"contentUrl\":\"https:\/\/newsestlyonnais.fr\/site\/wp-content\/uploads\/2020\/06\/NEWSESTLYONNAIS-ASUL-BRON.jpg\",\"width\":1200,\"height\":800},{\"@type\":\"BreadcrumbList\",\"@id\":\"https:\/\/newsestlyonnais.fr\/site\/2020\/06\/11\/bron-des-seances-dessai-a-lasul-bron-athletisme\/#breadcrumb\",\"itemListElement\":[{\"@type\":\"ListItem\",\"position\":1,\"name\":\"Accueil\",\"item\":\"https:\/\/newsestlyonnais.fr\/site\/\"},{\"@type\":\"ListItem\",\"position\":2,\"name\":\"BRON | Des s\u00e9ances d&rsquo;essai \u00e0 l&rsquo;ASUL Bron athl\u00e9tisme\"}]},{\"@type\":\"WebSite\",\"@id\":\"https:\/\/newsestlyonnais.fr\/site\/#website\",\"url\":\"https:\/\/newsestlyonnais.fr\/site\/\",\"name\":\"News Est Lyonnais\",\"description\":\"L&#039;actualit\u00e9 au plus pr\u00e8s\",\"publisher\":{\"@id\":\"https:\/\/newsestlyonnais.fr\/site\/#organization\"},\"potentialAction\":[{\"@type\":\"SearchAction\",\"target\":{\"@type\":\"EntryPoint\",\"urlTemplate\":\"https:\/\/newsestlyonnais.fr\/site\/?s={search_term_string}\"},\"query-input\":{\"@type\":\"PropertyValueSpecification\",\"valueRequired\":true,\"valueName\":\"search_term_string\"}}],\"inLanguage\":\"fr-FR\"},{\"@type\":\"Organization\",\"@id\":\"https:\/\/newsestlyonnais.fr\/site\/#organization\",\"name\":\"News EST LYONNAIS\",\"url\":\"https:\/\/newsestlyonnais.fr\/site\/\",\"logo\":{\"@type\":\"ImageObject\",\"inLanguage\":\"fr-FR\",\"@id\":\"https:\/\/newsestlyonnais.fr\/site\/#\/schema\/logo\/image\/\",\"url\":\"\",\"contentUrl\":\"\",\"caption\":\"News EST LYONNAIS\"},\"image\":{\"@id\":\"https:\/\/newsestlyonnais.fr\/site\/#\/schema\/logo\/image\/\"}},{\"@type\":\"Person\",\"@id\":\"https:\/\/newsestlyonnais.fr\/site\/#\/schema\/person\/3230d5615f390bb808365d673001e887\",\"name\":\"R\u00e9dac. NEWS\",\"sameAs\":[\"http:\/\/www.newsestlyonnais.fr\",\"https:\/\/www.facebook.com\/pascal.oberson.1?fref=ts\",\"https:\/\/fr.linkedin.com\/in\/pascal-oberson-b17045113\"],\"url\":\"https:\/\/newsestlyonnais.fr\/site\/author\/nel\/\"}]}<\/script>\n<!-- \/ Yoast SEO plugin. -->","yoast_head_json":{"title":"BRON | Des s\u00e9ances d'essai \u00e0 l'ASUL Bron athl\u00e9tisme - News Est Lyonnais","description":"BRON | Des s\u00e9ances d'essai \u00e0 l'ASUL Bron athl\u00e9tisme","robots":{"index":"index","follow":"follow","max-snippet":"max-snippet:-1","max-image-preview":"max-image-preview:large","max-video-preview":"max-video-preview:-1"},"canonical":"https:\/\/newsestlyonnais.fr\/site\/2020\/06\/11\/bron-des-seances-dessai-a-lasul-bron-athletisme\/","og_locale":"fr_FR","og_type":"article","og_title":"BRON | Des s\u00e9ances d'essai \u00e0 l'ASUL Bron athl\u00e9tisme - News Est Lyonnais","og_description":"BRON | Des s\u00e9ances d'essai \u00e0 l'ASUL Bron athl\u00e9tisme","og_url":"https:\/\/newsestlyonnais.fr\/site\/2020\/06\/11\/bron-des-seances-dessai-a-lasul-bron-athletisme\/","og_site_name":"News Est Lyonnais","article_author":"https:\/\/www.facebook.com\/pascal.oberson.1?fref=ts","article_published_time":"2020-06-11T09:27:29+00:00","article_modified_time":"2020-06-14T05:34:42+00:00","og_image":[{"width":1200,"height":800,"url":"https:\/\/i0.wp.com\/newsestlyonnais.fr\/site\/wp-content\/uploads\/2020\/06\/NEWSESTLYONNAIS-ASUL-BRON.jpg?fit=1200%2C800&ssl=1","type":"image\/jpeg"}],"author":"R\u00e9dac. NEWS","twitter_card":"summary_large_image","twitter_misc":{"\u00c9crit par":"R\u00e9dac. NEWS","Dur\u00e9e de lecture estim\u00e9e":"1 minute"},"schema":{"@context":"https:\/\/schema.org","@graph":[{"@type":"Article","@id":"https:\/\/newsestlyonnais.fr\/site\/2020\/06\/11\/bron-des-seances-dessai-a-lasul-bron-athletisme\/#article","isPartOf":{"@id":"https:\/\/newsestlyonnais.fr\/site\/2020\/06\/11\/bron-des-seances-dessai-a-lasul-bron-athletisme\/"},"author":{"name":"R\u00e9dac. NEWS","@id":"https:\/\/newsestlyonnais.fr\/site\/#\/schema\/person\/3230d5615f390bb808365d673001e887"},"headline":"BRON | Des s\u00e9ances d&rsquo;essai \u00e0 l&rsquo;ASUL Bron athl\u00e9tisme","datePublished":"2020-06-11T09:27:29+00:00","dateModified":"2020-06-14T05:34:42+00:00","mainEntityOfPage":{"@id":"https:\/\/newsestlyonnais.fr\/site\/2020\/06\/11\/bron-des-seances-dessai-a-lasul-bron-athletisme\/"},"wordCount":219,"commentCount":0,"publisher":{"@id":"https:\/\/newsestlyonnais.fr\/site\/#organization"},"image":{"@id":"https:\/\/newsestlyonnais.fr\/site\/2020\/06\/11\/bron-des-seances-dessai-a-lasul-bron-athletisme\/#primaryimage"},"thumbnailUrl":"https:\/\/newsestlyonnais.fr\/site\/wp-content\/uploads\/2020\/06\/NEWSESTLYONNAIS-ASUL-BRON.jpg","keywords":["ASUL BRON","ATHLETISME","BRON"],"articleSection":["Athl\u00e9 | Course pied | Marche","Bron","Sports"],"inLanguage":"fr-FR","potentialAction":[{"@type":"CommentAction","name":"Comment","target":["https:\/\/newsestlyonnais.fr\/site\/2020\/06\/11\/bron-des-seances-dessai-a-lasul-bron-athletisme\/#respond"]}]},{"@type":"WebPage","@id":"https:\/\/newsestlyonnais.fr\/site\/2020\/06\/11\/bron-des-seances-dessai-a-lasul-bron-athletisme\/","url":"https:\/\/newsestlyonnais.fr\/site\/2020\/06\/11\/bron-des-seances-dessai-a-lasul-bron-athletisme\/","name":"BRON | Des s\u00e9ances d'essai \u00e0 l'ASUL Bron athl\u00e9tisme - News Est Lyonnais","isPartOf":{"@id":"https:\/\/newsestlyonnais.fr\/site\/#website"},"primaryImageOfPage":{"@id":"https:\/\/newsestlyonnais.fr\/site\/2020\/06\/11\/bron-des-seances-dessai-a-lasul-bron-athletisme\/#primaryimage"},"image":{"@id":"https:\/\/newsestlyonnais.fr\/site\/2020\/06\/11\/bron-des-seances-dessai-a-lasul-bron-athletisme\/#primaryimage"},"thumbnailUrl":"https:\/\/newsestlyonnais.fr\/site\/wp-content\/uploads\/2020\/06\/NEWSESTLYONNAIS-ASUL-BRON.jpg","datePublished":"2020-06-11T09:27:29+00:00","dateModified":"2020-06-14T05:34:42+00:00","description":"BRON | Des s\u00e9ances d'essai \u00e0 l'ASUL Bron athl\u00e9tisme","breadcrumb":{"@id":"https:\/\/newsestlyonnais.fr\/site\/2020\/06\/11\/bron-des-seances-dessai-a-lasul-bron-athletisme\/#breadcrumb"},"inLanguage":"fr-FR","potentialAction":[{"@type":"ReadAction","target":["https:\/\/newsestlyonnais.fr\/site\/2020\/06\/11\/bron-des-seances-dessai-a-lasul-bron-athletisme\/"]}]},{"@type":"ImageObject","inLanguage":"fr-FR","@id":"https:\/\/newsestlyonnais.fr\/site\/2020\/06\/11\/bron-des-seances-dessai-a-lasul-bron-athletisme\/#primaryimage","url":"https:\/\/newsestlyonnais.fr\/site\/wp-content\/uploads\/2020\/06\/NEWSESTLYONNAIS-ASUL-BRON.jpg","contentUrl":"https:\/\/newsestlyonnais.fr\/site\/wp-content\/uploads\/2020\/06\/NEWSESTLYONNAIS-ASUL-BRON.jpg","width":1200,"height":800},{"@type":"BreadcrumbList","@id":"https:\/\/newsestlyonnais.fr\/site\/2020\/06\/11\/bron-des-seances-dessai-a-lasul-bron-athletisme\/#breadcrumb","itemListElement":[{"@type":"ListItem","position":1,"name":"Accueil","item":"https:\/\/newsestlyonnais.fr\/site\/"},{"@type":"ListItem","position":2,"name":"BRON | Des s\u00e9ances d&rsquo;essai \u00e0 l&rsquo;ASUL Bron athl\u00e9tisme"}]},{"@type":"WebSite","@id":"https:\/\/newsestlyonnais.fr\/site\/#website","url":"https:\/\/newsestlyonnais.fr\/site\/","name":"News Est Lyonnais","description":"L&#039;actualit\u00e9 au plus pr\u00e8s","publisher":{"@id":"https:\/\/newsestlyonnais.fr\/site\/#organization"},"potentialAction":[{"@type":"SearchAction","target":{"@type":"EntryPoint","urlTemplate":"https:\/\/newsestlyonnais.fr\/site\/?s={search_term_string}"},"query-input":{"@type":"PropertyValueSpecification","valueRequired":true,"valueName":"search_term_string"}}],"inLanguage":"fr-FR"},{"@type":"Organization","@id":"https:\/\/newsestlyonnais.fr\/site\/#organization","name":"News EST LYONNAIS","url":"https:\/\/newsestlyonnais.fr\/site\/","logo":{"@type":"ImageObject","inLanguage":"fr-FR","@id":"https:\/\/newsestlyonnais.fr\/site\/#\/schema\/logo\/image\/","url":"","contentUrl":"","caption":"News EST LYONNAIS"},"image":{"@id":"https:\/\/newsestlyonnais.fr\/site\/#\/schema\/logo\/image\/"}},{"@type":"Person","@id":"https:\/\/newsestlyonnais.fr\/site\/#\/schema\/person\/3230d5615f390bb808365d673001e887","name":"R\u00e9dac. NEWS","sameAs":["http:\/\/www.newsestlyonnais.fr","https:\/\/www.facebook.com\/pascal.oberson.1?fref=ts","https:\/\/fr.linkedin.com\/in\/pascal-oberson-b17045113"],"url":"https:\/\/newsestlyonnais.fr\/site\/author\/nel\/"}]}},"_links":{"self":[{"href":"https:\/\/newsestlyonnais.fr\/site\/wp-json\/wp\/v2\/posts\/104055","targetHints":{"allow":["GET"]}}],"collection":[{"href":"https:\/\/newsestlyonnais.fr\/site\/wp-json\/wp\/v2\/posts"}],"about":[{"href":"https:\/\/newsestlyonnais.fr\/site\/wp-json\/wp\/v2\/types\/post"}],"author":[{"embeddable":true,"href":"https:\/\/newsestlyonnais.fr\/site\/wp-json\/wp\/v2\/users\/4"}],"replies":[{"embeddable":true,"href":"https:\/\/newsestlyonnais.fr\/site\/wp-json\/wp\/v2\/comments?post=104055"}],"version-history":[{"count":0,"href":"https:\/\/newsestlyonnais.fr\/site\/wp-json\/wp\/v2\/posts\/104055\/revisions"}],"wp:featuredmedia":[{"embeddable":true,"href":"https:\/\/newsestlyonnais.fr\/site\/wp-json\/wp\/v2\/media\/104094"}],"wp:attachment":[{"href":"https:\/\/newsestlyonnais.fr\/site\/wp-json\/wp\/v2\/media?parent=104055"}],"wp:term":[{"taxonomy":"category","embeddable":true,"href":"https:\/\/newsestlyonnais.fr\/site\/wp-json\/wp\/v2\/categories?post=104055"},{"taxonomy":"post_tag","embeddable":true,"href":"https:\/\/newsestlyonnais.fr\/site\/wp-json\/wp\/v2\/tags?post=104055"}],"curies":[{"name":"wp","href":"https:\/\/api.w.org\/{rel}","templated":true}]}}