{"id":104475,"date":"2020-06-19T11:17:07","date_gmt":"2020-06-19T10:17:07","guid":{"rendered":"http:\/\/newsestlyonnais.fr\/site\/?p=104475"},"modified":"2020-06-19T11:17:07","modified_gmt":"2020-06-19T10:17:07","slug":"genas-retour-sur-la-commemoration-de-lappel-du-general-de-gaulle","status":"publish","type":"post","link":"https:\/\/newsestlyonnais.fr\/site\/2020\/06\/19\/genas-retour-sur-la-commemoration-de-lappel-du-general-de-gaulle\/","title":{"rendered":"GENAS | Retour sur la comm\u00e9moration de l&rsquo;appel du G\u00e9n\u00e9ral de Gaulle"},"content":{"rendered":"<p>Ceci \u00e0 l&rsquo;occasion de la journ\u00e9e nationale comm\u00e9morative de l&rsquo;appel historique du G\u00e9n\u00e9ral de Gaulle \u00e0 refuser la d\u00e9faite et \u00e0 poursuivre le combat contre l&rsquo;ennemi.<\/p>\n<p>Etaient pr\u00e9sents en comit\u00e9 restreint et au Monument aux morts, Pascal Mailhos (Pr\u00e9fet de la r\u00e9gion Auvergne-Rh\u00f4ne-Alpes, Pr\u00e9fet du Rh\u00f4ne), Dani\u00e8le Cazarian (d\u00e9put\u00e9e 13\u00b0 circonscription), Christophe Guilloteau (Pr\u00e9sident du D\u00e9partement du Rh\u00f4ne), des \u00e9lus locaux, plusieurs associations d\u2019anciens combattants, des jeunes \u00e9lus du Conseil Municipal d\u2019Enfants, des \u00e9l\u00e8ves du coll\u00e8ge Louis Leprince-Ringuet et des membres de l\u2019\u00c9cole de Musique de Genas qui ont jou\u00e9 la Marseillaise. ________________________________________________________________________________<\/p>\n<p><img loading=\"lazy\" decoding=\"async\" class=\"alignleft wp-image-23750 ui-sortable-handle\" src=\"https:\/\/newsestlyonnais.fr\/site\/medias\/2017\/03\/NEWSESTLYONNAIS-MICRO-150x150.png\" alt=\"NEWSESTLYONNAIS MICRO\" width=\"110\" height=\"66\" \/>\u00a0\u00bb Une v\u00e9ritable \u00ab ann\u00e9e De Gaulle \u00bb puisque c\u2019est le 130\u00b0 anniversaire de sa naissance, le 80\u00b0 anniversaire de l\u2019appel du 18 juin, et aussi le 50\u00b0 anniversaire de la disparition du premier des Fran\u00e7ais\u2026 libres \u00a0\u00bb a d\u00e9clar\u00e9 le maire Daniel Val\u00e9ro lors de son discours d&rsquo;accueil. (PHOTO A LA UNE). ________________________________________________________________________________<\/p>\n<p>Un lieu symbolique o\u00f9 sont tomb\u00e9s le 22 juillet 1944, sous les balles, 22 fran\u00e7ais dont parmi eux figurait <strong class=\"ui-sortable-handle\">Henri Debiez<\/strong> auquel un hommage a \u00e9t\u00e9 rendu ce jeudi apr\u00e8s-midi lorsque une plaque comm\u00e9morative, au nom de ce compagnon de la lib\u00e9ration a \u00e9t\u00e9 d\u00e9voil\u00e9e.<\/p>\n<p>Retour en images sur cette \u00e9mouvante comm\u00e9moration, \u00e0 laquelle assistait la r\u00e9daction de newsestlyonnais.fr, des 80 ans de <strong>l\u2019Appel du 18 juin 1940 .\u00a0<\/strong><\/p>\n<div id='gallery-1' class='gallery galleryid-104475 gallery-columns-3 gallery-size-thumbnail'><figure class='gallery-item'>\n\t\t\t<div class='gallery-icon landscape'>\n\t\t\t\t<a href='https:\/\/newsestlyonnais.fr\/site\/2020\/06\/19\/genas-retour-sur-la-commemoration-de-lappel-du-general-de-gaulle\/newsestlyonnais-cerem-genas-18-juin-1\/'><img loading=\"lazy\" decoding=\"async\" width=\"150\" height=\"100\" src=\"https:\/\/newsestlyonnais.fr\/site\/wp-content\/uploads\/2020\/06\/NEWSESTLYONNAIS-CEREM-GENAS-18-JUIN-1-250x167.jpg\" class=\"attachment-thumbnail size-thumbnail\" alt=\"\" aria-describedby=\"gallery-1-104550\" srcset=\"https:\/\/newsestlyonnais.fr\/site\/wp-content\/uploads\/2020\/06\/NEWSESTLYONNAIS-CEREM-GENAS-18-JUIN-1-250x167.jpg 250w, https:\/\/newsestlyonnais.fr\/site\/wp-content\/uploads\/2020\/06\/NEWSESTLYONNAIS-CEREM-GENAS-18-JUIN-1-400x267.jpg 400w, https:\/\/newsestlyonnais.fr\/site\/wp-content\/uploads\/2020\/06\/NEWSESTLYONNAIS-CEREM-GENAS-18-JUIN-1-650x433.jpg 650w, https:\/\/newsestlyonnais.fr\/site\/wp-content\/uploads\/2020\/06\/NEWSESTLYONNAIS-CEREM-GENAS-18-JUIN-1-768x512.jpg 768w, https:\/\/newsestlyonnais.fr\/site\/wp-content\/uploads\/2020\/06\/NEWSESTLYONNAIS-CEREM-GENAS-18-JUIN-1-150x100.jpg 150w, https:\/\/newsestlyonnais.fr\/site\/wp-content\/uploads\/2020\/06\/NEWSESTLYONNAIS-CEREM-GENAS-18-JUIN-1-50x33.jpg 50w, https:\/\/newsestlyonnais.fr\/site\/wp-content\/uploads\/2020\/06\/NEWSESTLYONNAIS-CEREM-GENAS-18-JUIN-1-100x67.jpg 100w, https:\/\/newsestlyonnais.fr\/site\/wp-content\/uploads\/2020\/06\/NEWSESTLYONNAIS-CEREM-GENAS-18-JUIN-1-200x133.jpg 200w, https:\/\/newsestlyonnais.fr\/site\/wp-content\/uploads\/2020\/06\/NEWSESTLYONNAIS-CEREM-GENAS-18-JUIN-1-300x200.jpg 300w, https:\/\/newsestlyonnais.fr\/site\/wp-content\/uploads\/2020\/06\/NEWSESTLYONNAIS-CEREM-GENAS-18-JUIN-1-350x233.jpg 350w, https:\/\/newsestlyonnais.fr\/site\/wp-content\/uploads\/2020\/06\/NEWSESTLYONNAIS-CEREM-GENAS-18-JUIN-1-450x300.jpg 450w, https:\/\/newsestlyonnais.fr\/site\/wp-content\/uploads\/2020\/06\/NEWSESTLYONNAIS-CEREM-GENAS-18-JUIN-1-500x333.jpg 500w, https:\/\/newsestlyonnais.fr\/site\/wp-content\/uploads\/2020\/06\/NEWSESTLYONNAIS-CEREM-GENAS-18-JUIN-1-550x367.jpg 550w, https:\/\/newsestlyonnais.fr\/site\/wp-content\/uploads\/2020\/06\/NEWSESTLYONNAIS-CEREM-GENAS-18-JUIN-1-800x533.jpg 800w, https:\/\/newsestlyonnais.fr\/site\/wp-content\/uploads\/2020\/06\/NEWSESTLYONNAIS-CEREM-GENAS-18-JUIN-1.jpg 1200w\" sizes=\"auto, (max-width: 150px) 100vw, 150px\" \/><\/a>\n\t\t\t<\/div>\n\t\t\t\t<figcaption class='wp-caption-text gallery-caption' id='gallery-1-104550'>\n\t\t\t\tLes personnalit\u00e9s pr\u00e9sentes \u00e0 cette c\u00e9r\u00e9monie\n\t\t\t\t<\/figcaption><\/figure><figure class='gallery-item'>\n\t\t\t<div class='gallery-icon landscape'>\n\t\t\t\t<a href='https:\/\/newsestlyonnais.fr\/site\/2020\/06\/19\/genas-retour-sur-la-commemoration-de-lappel-du-general-de-gaulle\/newsestlyonnais-cerem-genas-18-juin-6\/'><img loading=\"lazy\" decoding=\"async\" width=\"150\" height=\"100\" src=\"https:\/\/newsestlyonnais.fr\/site\/wp-content\/uploads\/2020\/06\/NEWSESTLYONNAIS-CEREM-GENAS-18-JUIN-6-250x167.jpg\" class=\"attachment-thumbnail size-thumbnail\" alt=\"\" aria-describedby=\"gallery-1-104561\" srcset=\"https:\/\/newsestlyonnais.fr\/site\/wp-content\/uploads\/2020\/06\/NEWSESTLYONNAIS-CEREM-GENAS-18-JUIN-6-250x167.jpg 250w, https:\/\/newsestlyonnais.fr\/site\/wp-content\/uploads\/2020\/06\/NEWSESTLYONNAIS-CEREM-GENAS-18-JUIN-6-400x267.jpg 400w, https:\/\/newsestlyonnais.fr\/site\/wp-content\/uploads\/2020\/06\/NEWSESTLYONNAIS-CEREM-GENAS-18-JUIN-6-650x433.jpg 650w, https:\/\/newsestlyonnais.fr\/site\/wp-content\/uploads\/2020\/06\/NEWSESTLYONNAIS-CEREM-GENAS-18-JUIN-6-768x512.jpg 768w, https:\/\/newsestlyonnais.fr\/site\/wp-content\/uploads\/2020\/06\/NEWSESTLYONNAIS-CEREM-GENAS-18-JUIN-6-150x100.jpg 150w, https:\/\/newsestlyonnais.fr\/site\/wp-content\/uploads\/2020\/06\/NEWSESTLYONNAIS-CEREM-GENAS-18-JUIN-6-50x33.jpg 50w, https:\/\/newsestlyonnais.fr\/site\/wp-content\/uploads\/2020\/06\/NEWSESTLYONNAIS-CEREM-GENAS-18-JUIN-6-100x67.jpg 100w, https:\/\/newsestlyonnais.fr\/site\/wp-content\/uploads\/2020\/06\/NEWSESTLYONNAIS-CEREM-GENAS-18-JUIN-6-200x133.jpg 200w, https:\/\/newsestlyonnais.fr\/site\/wp-content\/uploads\/2020\/06\/NEWSESTLYONNAIS-CEREM-GENAS-18-JUIN-6-300x200.jpg 300w, https:\/\/newsestlyonnais.fr\/site\/wp-content\/uploads\/2020\/06\/NEWSESTLYONNAIS-CEREM-GENAS-18-JUIN-6-350x233.jpg 350w, https:\/\/newsestlyonnais.fr\/site\/wp-content\/uploads\/2020\/06\/NEWSESTLYONNAIS-CEREM-GENAS-18-JUIN-6-450x300.jpg 450w, https:\/\/newsestlyonnais.fr\/site\/wp-content\/uploads\/2020\/06\/NEWSESTLYONNAIS-CEREM-GENAS-18-JUIN-6-500x333.jpg 500w, https:\/\/newsestlyonnais.fr\/site\/wp-content\/uploads\/2020\/06\/NEWSESTLYONNAIS-CEREM-GENAS-18-JUIN-6-550x367.jpg 550w, https:\/\/newsestlyonnais.fr\/site\/wp-content\/uploads\/2020\/06\/NEWSESTLYONNAIS-CEREM-GENAS-18-JUIN-6-800x533.jpg 800w, https:\/\/newsestlyonnais.fr\/site\/wp-content\/uploads\/2020\/06\/NEWSESTLYONNAIS-CEREM-GENAS-18-JUIN-6.jpg 1200w\" sizes=\"auto, (max-width: 150px) 100vw, 150px\" \/><\/a>\n\t\t\t<\/div>\n\t\t\t\t<figcaption class='wp-caption-text gallery-caption' id='gallery-1-104561'>\n\t\t\t\tLa plaque comm\u00e9morative vient d&rsquo;\u00eatre d\u00e9voil\u00e9e\n\t\t\t\t<\/figcaption><\/figure><figure class='gallery-item'>\n\t\t\t<div class='gallery-icon landscape'>\n\t\t\t\t<a href='https:\/\/newsestlyonnais.fr\/site\/2020\/06\/19\/genas-retour-sur-la-commemoration-de-lappel-du-general-de-gaulle\/newsestlyonnais-cerem-genas-18-juin-5\/'><img loading=\"lazy\" decoding=\"async\" width=\"150\" height=\"100\" src=\"https:\/\/newsestlyonnais.fr\/site\/wp-content\/uploads\/2020\/06\/NEWSESTLYONNAIS-CEREM-GENAS-18-JUIN-5-250x167.jpg\" class=\"attachment-thumbnail size-thumbnail\" alt=\"\" aria-describedby=\"gallery-1-104560\" srcset=\"https:\/\/newsestlyonnais.fr\/site\/wp-content\/uploads\/2020\/06\/NEWSESTLYONNAIS-CEREM-GENAS-18-JUIN-5-250x167.jpg 250w, https:\/\/newsestlyonnais.fr\/site\/wp-content\/uploads\/2020\/06\/NEWSESTLYONNAIS-CEREM-GENAS-18-JUIN-5-400x267.jpg 400w, https:\/\/newsestlyonnais.fr\/site\/wp-content\/uploads\/2020\/06\/NEWSESTLYONNAIS-CEREM-GENAS-18-JUIN-5-650x433.jpg 650w, https:\/\/newsestlyonnais.fr\/site\/wp-content\/uploads\/2020\/06\/NEWSESTLYONNAIS-CEREM-GENAS-18-JUIN-5-768x512.jpg 768w, https:\/\/newsestlyonnais.fr\/site\/wp-content\/uploads\/2020\/06\/NEWSESTLYONNAIS-CEREM-GENAS-18-JUIN-5-150x100.jpg 150w, https:\/\/newsestlyonnais.fr\/site\/wp-content\/uploads\/2020\/06\/NEWSESTLYONNAIS-CEREM-GENAS-18-JUIN-5-50x33.jpg 50w, https:\/\/newsestlyonnais.fr\/site\/wp-content\/uploads\/2020\/06\/NEWSESTLYONNAIS-CEREM-GENAS-18-JUIN-5-100x67.jpg 100w, https:\/\/newsestlyonnais.fr\/site\/wp-content\/uploads\/2020\/06\/NEWSESTLYONNAIS-CEREM-GENAS-18-JUIN-5-200x133.jpg 200w, https:\/\/newsestlyonnais.fr\/site\/wp-content\/uploads\/2020\/06\/NEWSESTLYONNAIS-CEREM-GENAS-18-JUIN-5-300x200.jpg 300w, https:\/\/newsestlyonnais.fr\/site\/wp-content\/uploads\/2020\/06\/NEWSESTLYONNAIS-CEREM-GENAS-18-JUIN-5-350x233.jpg 350w, https:\/\/newsestlyonnais.fr\/site\/wp-content\/uploads\/2020\/06\/NEWSESTLYONNAIS-CEREM-GENAS-18-JUIN-5-450x300.jpg 450w, https:\/\/newsestlyonnais.fr\/site\/wp-content\/uploads\/2020\/06\/NEWSESTLYONNAIS-CEREM-GENAS-18-JUIN-5-500x333.jpg 500w, https:\/\/newsestlyonnais.fr\/site\/wp-content\/uploads\/2020\/06\/NEWSESTLYONNAIS-CEREM-GENAS-18-JUIN-5-550x367.jpg 550w, https:\/\/newsestlyonnais.fr\/site\/wp-content\/uploads\/2020\/06\/NEWSESTLYONNAIS-CEREM-GENAS-18-JUIN-5-800x533.jpg 800w, https:\/\/newsestlyonnais.fr\/site\/wp-content\/uploads\/2020\/06\/NEWSESTLYONNAIS-CEREM-GENAS-18-JUIN-5.jpg 1200w\" sizes=\"auto, (max-width: 150px) 100vw, 150px\" \/><\/a>\n\t\t\t<\/div>\n\t\t\t\t<figcaption class='wp-caption-text gallery-caption' id='gallery-1-104560'>\n\t\t\t\tLe pr\u00e9fet de r\u00e9gion Pascal Mailhos \u00e9tait pr\u00e9sent, prmei\u00e8re visite d&rsquo;un pr\u00e9fet depuis fort longtemps  \n\t\t\t\t<\/figcaption><\/figure><figure class='gallery-item'>\n\t\t\t<div class='gallery-icon landscape'>\n\t\t\t\t<a href='https:\/\/newsestlyonnais.fr\/site\/2020\/06\/19\/genas-retour-sur-la-commemoration-de-lappel-du-general-de-gaulle\/newsestlyonnais-cerem-genas-18-juin-2\/'><img loading=\"lazy\" decoding=\"async\" width=\"150\" height=\"100\" src=\"https:\/\/newsestlyonnais.fr\/site\/wp-content\/uploads\/2020\/06\/NEWSESTLYONNAIS-CEREM-GENAS-18-JUIN-2-250x167.jpg\" class=\"attachment-thumbnail size-thumbnail\" alt=\"\" aria-describedby=\"gallery-1-104552\" srcset=\"https:\/\/newsestlyonnais.fr\/site\/wp-content\/uploads\/2020\/06\/NEWSESTLYONNAIS-CEREM-GENAS-18-JUIN-2-250x167.jpg 250w, https:\/\/newsestlyonnais.fr\/site\/wp-content\/uploads\/2020\/06\/NEWSESTLYONNAIS-CEREM-GENAS-18-JUIN-2-400x267.jpg 400w, https:\/\/newsestlyonnais.fr\/site\/wp-content\/uploads\/2020\/06\/NEWSESTLYONNAIS-CEREM-GENAS-18-JUIN-2-650x433.jpg 650w, https:\/\/newsestlyonnais.fr\/site\/wp-content\/uploads\/2020\/06\/NEWSESTLYONNAIS-CEREM-GENAS-18-JUIN-2-768x512.jpg 768w, https:\/\/newsestlyonnais.fr\/site\/wp-content\/uploads\/2020\/06\/NEWSESTLYONNAIS-CEREM-GENAS-18-JUIN-2-150x100.jpg 150w, https:\/\/newsestlyonnais.fr\/site\/wp-content\/uploads\/2020\/06\/NEWSESTLYONNAIS-CEREM-GENAS-18-JUIN-2-50x33.jpg 50w, https:\/\/newsestlyonnais.fr\/site\/wp-content\/uploads\/2020\/06\/NEWSESTLYONNAIS-CEREM-GENAS-18-JUIN-2-100x67.jpg 100w, https:\/\/newsestlyonnais.fr\/site\/wp-content\/uploads\/2020\/06\/NEWSESTLYONNAIS-CEREM-GENAS-18-JUIN-2-200x133.jpg 200w, https:\/\/newsestlyonnais.fr\/site\/wp-content\/uploads\/2020\/06\/NEWSESTLYONNAIS-CEREM-GENAS-18-JUIN-2-300x200.jpg 300w, https:\/\/newsestlyonnais.fr\/site\/wp-content\/uploads\/2020\/06\/NEWSESTLYONNAIS-CEREM-GENAS-18-JUIN-2-350x233.jpg 350w, https:\/\/newsestlyonnais.fr\/site\/wp-content\/uploads\/2020\/06\/NEWSESTLYONNAIS-CEREM-GENAS-18-JUIN-2-450x300.jpg 450w, https:\/\/newsestlyonnais.fr\/site\/wp-content\/uploads\/2020\/06\/NEWSESTLYONNAIS-CEREM-GENAS-18-JUIN-2-500x333.jpg 500w, https:\/\/newsestlyonnais.fr\/site\/wp-content\/uploads\/2020\/06\/NEWSESTLYONNAIS-CEREM-GENAS-18-JUIN-2-550x367.jpg 550w, https:\/\/newsestlyonnais.fr\/site\/wp-content\/uploads\/2020\/06\/NEWSESTLYONNAIS-CEREM-GENAS-18-JUIN-2-800x533.jpg 800w, https:\/\/newsestlyonnais.fr\/site\/wp-content\/uploads\/2020\/06\/NEWSESTLYONNAIS-CEREM-GENAS-18-JUIN-2.jpg 1200w\" sizes=\"auto, (max-width: 150px) 100vw, 150px\" \/><\/a>\n\t\t\t<\/div>\n\t\t\t\t<figcaption class='wp-caption-text gallery-caption' id='gallery-1-104552'>\n\t\t\t\tRemise par le pr\u00e9fet aux jeunes \u00e9lus du CME du dipl\u00f4me de veilleur de la m\u00e9moire\n\t\t\t\t<\/figcaption><\/figure><figure class='gallery-item'>\n\t\t\t<div class='gallery-icon landscape'>\n\t\t\t\t<a href='https:\/\/newsestlyonnais.fr\/site\/2020\/06\/19\/genas-retour-sur-la-commemoration-de-lappel-du-general-de-gaulle\/newsestlyonnais-cerem-genas-18-juin-7\/'><img loading=\"lazy\" decoding=\"async\" width=\"150\" height=\"100\" src=\"https:\/\/newsestlyonnais.fr\/site\/wp-content\/uploads\/2020\/06\/NEWSESTLYONNAIS-CEREM-GENAS-18-JUIN-7-250x167.jpg\" class=\"attachment-thumbnail size-thumbnail\" alt=\"\" aria-describedby=\"gallery-1-104562\" srcset=\"https:\/\/newsestlyonnais.fr\/site\/wp-content\/uploads\/2020\/06\/NEWSESTLYONNAIS-CEREM-GENAS-18-JUIN-7-250x167.jpg 250w, https:\/\/newsestlyonnais.fr\/site\/wp-content\/uploads\/2020\/06\/NEWSESTLYONNAIS-CEREM-GENAS-18-JUIN-7-400x267.jpg 400w, https:\/\/newsestlyonnais.fr\/site\/wp-content\/uploads\/2020\/06\/NEWSESTLYONNAIS-CEREM-GENAS-18-JUIN-7-650x433.jpg 650w, https:\/\/newsestlyonnais.fr\/site\/wp-content\/uploads\/2020\/06\/NEWSESTLYONNAIS-CEREM-GENAS-18-JUIN-7-768x512.jpg 768w, https:\/\/newsestlyonnais.fr\/site\/wp-content\/uploads\/2020\/06\/NEWSESTLYONNAIS-CEREM-GENAS-18-JUIN-7-150x100.jpg 150w, https:\/\/newsestlyonnais.fr\/site\/wp-content\/uploads\/2020\/06\/NEWSESTLYONNAIS-CEREM-GENAS-18-JUIN-7-50x33.jpg 50w, https:\/\/newsestlyonnais.fr\/site\/wp-content\/uploads\/2020\/06\/NEWSESTLYONNAIS-CEREM-GENAS-18-JUIN-7-100x67.jpg 100w, https:\/\/newsestlyonnais.fr\/site\/wp-content\/uploads\/2020\/06\/NEWSESTLYONNAIS-CEREM-GENAS-18-JUIN-7-200x133.jpg 200w, https:\/\/newsestlyonnais.fr\/site\/wp-content\/uploads\/2020\/06\/NEWSESTLYONNAIS-CEREM-GENAS-18-JUIN-7-300x200.jpg 300w, https:\/\/newsestlyonnais.fr\/site\/wp-content\/uploads\/2020\/06\/NEWSESTLYONNAIS-CEREM-GENAS-18-JUIN-7-350x233.jpg 350w, https:\/\/newsestlyonnais.fr\/site\/wp-content\/uploads\/2020\/06\/NEWSESTLYONNAIS-CEREM-GENAS-18-JUIN-7-450x300.jpg 450w, https:\/\/newsestlyonnais.fr\/site\/wp-content\/uploads\/2020\/06\/NEWSESTLYONNAIS-CEREM-GENAS-18-JUIN-7-500x333.jpg 500w, https:\/\/newsestlyonnais.fr\/site\/wp-content\/uploads\/2020\/06\/NEWSESTLYONNAIS-CEREM-GENAS-18-JUIN-7-550x367.jpg 550w, https:\/\/newsestlyonnais.fr\/site\/wp-content\/uploads\/2020\/06\/NEWSESTLYONNAIS-CEREM-GENAS-18-JUIN-7-800x533.jpg 800w, https:\/\/newsestlyonnais.fr\/site\/wp-content\/uploads\/2020\/06\/NEWSESTLYONNAIS-CEREM-GENAS-18-JUIN-7.jpg 1200w\" sizes=\"auto, (max-width: 150px) 100vw, 150px\" \/><\/a>\n\t\t\t<\/div>\n\t\t\t\t<figcaption class='wp-caption-text gallery-caption' id='gallery-1-104562'>\n\t\t\t\tC\u00e9r\u00e9monie en pr\u00e9sence d&rsquo;associations d&rsquo;anciens combattants\n\t\t\t\t<\/figcaption><\/figure><figure class='gallery-item'>\n\t\t\t<div class='gallery-icon landscape'>\n\t\t\t\t<a href='https:\/\/newsestlyonnais.fr\/site\/2020\/06\/19\/genas-retour-sur-la-commemoration-de-lappel-du-general-de-gaulle\/newsestlyonnais-cerem-genas-18-juin-4\/'><img loading=\"lazy\" decoding=\"async\" width=\"150\" height=\"100\" src=\"https:\/\/newsestlyonnais.fr\/site\/wp-content\/uploads\/2020\/06\/NEWSESTLYONNAIS-CEREM-GENAS-18-JUIN-4-250x167.jpg\" class=\"attachment-thumbnail size-thumbnail\" alt=\"\" aria-describedby=\"gallery-1-104558\" srcset=\"https:\/\/newsestlyonnais.fr\/site\/wp-content\/uploads\/2020\/06\/NEWSESTLYONNAIS-CEREM-GENAS-18-JUIN-4-250x167.jpg 250w, https:\/\/newsestlyonnais.fr\/site\/wp-content\/uploads\/2020\/06\/NEWSESTLYONNAIS-CEREM-GENAS-18-JUIN-4-400x267.jpg 400w, https:\/\/newsestlyonnais.fr\/site\/wp-content\/uploads\/2020\/06\/NEWSESTLYONNAIS-CEREM-GENAS-18-JUIN-4-650x433.jpg 650w, https:\/\/newsestlyonnais.fr\/site\/wp-content\/uploads\/2020\/06\/NEWSESTLYONNAIS-CEREM-GENAS-18-JUIN-4-768x512.jpg 768w, https:\/\/newsestlyonnais.fr\/site\/wp-content\/uploads\/2020\/06\/NEWSESTLYONNAIS-CEREM-GENAS-18-JUIN-4-150x100.jpg 150w, https:\/\/newsestlyonnais.fr\/site\/wp-content\/uploads\/2020\/06\/NEWSESTLYONNAIS-CEREM-GENAS-18-JUIN-4-50x33.jpg 50w, https:\/\/newsestlyonnais.fr\/site\/wp-content\/uploads\/2020\/06\/NEWSESTLYONNAIS-CEREM-GENAS-18-JUIN-4-100x67.jpg 100w, https:\/\/newsestlyonnais.fr\/site\/wp-content\/uploads\/2020\/06\/NEWSESTLYONNAIS-CEREM-GENAS-18-JUIN-4-200x133.jpg 200w, https:\/\/newsestlyonnais.fr\/site\/wp-content\/uploads\/2020\/06\/NEWSESTLYONNAIS-CEREM-GENAS-18-JUIN-4-300x200.jpg 300w, https:\/\/newsestlyonnais.fr\/site\/wp-content\/uploads\/2020\/06\/NEWSESTLYONNAIS-CEREM-GENAS-18-JUIN-4-350x233.jpg 350w, https:\/\/newsestlyonnais.fr\/site\/wp-content\/uploads\/2020\/06\/NEWSESTLYONNAIS-CEREM-GENAS-18-JUIN-4-450x300.jpg 450w, https:\/\/newsestlyonnais.fr\/site\/wp-content\/uploads\/2020\/06\/NEWSESTLYONNAIS-CEREM-GENAS-18-JUIN-4-500x333.jpg 500w, https:\/\/newsestlyonnais.fr\/site\/wp-content\/uploads\/2020\/06\/NEWSESTLYONNAIS-CEREM-GENAS-18-JUIN-4-550x367.jpg 550w, https:\/\/newsestlyonnais.fr\/site\/wp-content\/uploads\/2020\/06\/NEWSESTLYONNAIS-CEREM-GENAS-18-JUIN-4-800x533.jpg 800w, https:\/\/newsestlyonnais.fr\/site\/wp-content\/uploads\/2020\/06\/NEWSESTLYONNAIS-CEREM-GENAS-18-JUIN-4.jpg 1200w\" sizes=\"auto, (max-width: 150px) 100vw, 150px\" \/><\/a>\n\t\t\t<\/div>\n\t\t\t\t<figcaption class='wp-caption-text gallery-caption' id='gallery-1-104558'>\n\t\t\t\tMoment de recueillement pour le maire et les 2 jeunes \u00e9lus du CME\n\t\t\t\t<\/figcaption><\/figure><figure class='gallery-item'>\n\t\t\t<div class='gallery-icon landscape'>\n\t\t\t\t<a href='https:\/\/newsestlyonnais.fr\/site\/2020\/06\/19\/genas-retour-sur-la-commemoration-de-lappel-du-general-de-gaulle\/newsestlyonnais-cerem-genas-18-juin-3\/'><img loading=\"lazy\" decoding=\"async\" width=\"150\" height=\"100\" src=\"https:\/\/newsestlyonnais.fr\/site\/wp-content\/uploads\/2020\/06\/NEWSESTLYONNAIS-CEREM-GENAS-18-JUIN-3-250x167.jpg\" class=\"attachment-thumbnail size-thumbnail\" alt=\"\" aria-describedby=\"gallery-1-104555\" srcset=\"https:\/\/newsestlyonnais.fr\/site\/wp-content\/uploads\/2020\/06\/NEWSESTLYONNAIS-CEREM-GENAS-18-JUIN-3-250x167.jpg 250w, https:\/\/newsestlyonnais.fr\/site\/wp-content\/uploads\/2020\/06\/NEWSESTLYONNAIS-CEREM-GENAS-18-JUIN-3-400x267.jpg 400w, https:\/\/newsestlyonnais.fr\/site\/wp-content\/uploads\/2020\/06\/NEWSESTLYONNAIS-CEREM-GENAS-18-JUIN-3-650x433.jpg 650w, https:\/\/newsestlyonnais.fr\/site\/wp-content\/uploads\/2020\/06\/NEWSESTLYONNAIS-CEREM-GENAS-18-JUIN-3-768x512.jpg 768w, https:\/\/newsestlyonnais.fr\/site\/wp-content\/uploads\/2020\/06\/NEWSESTLYONNAIS-CEREM-GENAS-18-JUIN-3-150x100.jpg 150w, https:\/\/newsestlyonnais.fr\/site\/wp-content\/uploads\/2020\/06\/NEWSESTLYONNAIS-CEREM-GENAS-18-JUIN-3-50x33.jpg 50w, https:\/\/newsestlyonnais.fr\/site\/wp-content\/uploads\/2020\/06\/NEWSESTLYONNAIS-CEREM-GENAS-18-JUIN-3-100x67.jpg 100w, https:\/\/newsestlyonnais.fr\/site\/wp-content\/uploads\/2020\/06\/NEWSESTLYONNAIS-CEREM-GENAS-18-JUIN-3-200x133.jpg 200w, https:\/\/newsestlyonnais.fr\/site\/wp-content\/uploads\/2020\/06\/NEWSESTLYONNAIS-CEREM-GENAS-18-JUIN-3-300x200.jpg 300w, https:\/\/newsestlyonnais.fr\/site\/wp-content\/uploads\/2020\/06\/NEWSESTLYONNAIS-CEREM-GENAS-18-JUIN-3-350x233.jpg 350w, https:\/\/newsestlyonnais.fr\/site\/wp-content\/uploads\/2020\/06\/NEWSESTLYONNAIS-CEREM-GENAS-18-JUIN-3-450x300.jpg 450w, https:\/\/newsestlyonnais.fr\/site\/wp-content\/uploads\/2020\/06\/NEWSESTLYONNAIS-CEREM-GENAS-18-JUIN-3-500x333.jpg 500w, https:\/\/newsestlyonnais.fr\/site\/wp-content\/uploads\/2020\/06\/NEWSESTLYONNAIS-CEREM-GENAS-18-JUIN-3-550x367.jpg 550w, https:\/\/newsestlyonnais.fr\/site\/wp-content\/uploads\/2020\/06\/NEWSESTLYONNAIS-CEREM-GENAS-18-JUIN-3-800x533.jpg 800w, https:\/\/newsestlyonnais.fr\/site\/wp-content\/uploads\/2020\/06\/NEWSESTLYONNAIS-CEREM-GENAS-18-JUIN-3.jpg 1200w\" sizes=\"auto, (max-width: 150px) 100vw, 150px\" \/><\/a>\n\t\t\t<\/div>\n\t\t\t\t<figcaption class='wp-caption-text gallery-caption' id='gallery-1-104555'>\n\t\t\t\tLa Marseillaise jou\u00e9e par l&rsquo;Ecole de Musique de Genas\n\t\t\t\t<\/figcaption><\/figure>\n\t\t<\/div>\n\n<p>&nbsp;<\/p>\n<p>&nbsp;<\/p>\n","protected":false},"excerpt":{"rendered":"<p>Une c\u00e9r\u00e9monie organis\u00e9e jeudi sur tout le territoire national et qui a eu lieu localement chemin des Fusill\u00e9s \u00e0 Azieu. <\/p>\n","protected":false},"author":4,"featured_media":104541,"comment_status":"open","ping_status":"open","sticky":false,"template":"","format":"standard","meta":{"footnotes":""},"categories":[30,270,1598,3348,1219],"tags":[2607,2005],"class_list":["post-104475","post","type-post","status-publish","format-standard","has-post-thumbnail","hentry","category-a-la-une","category-cte-de-communes-c-c-e-l","category-genas","category-histoire-patrimoine","category-religion-seniors-souvenir","tag-commemoration","tag-genas"],"yoast_head":"<!-- This site is optimized with the Yoast SEO plugin v27.2 - https:\/\/yoast.com\/product\/yoast-seo-wordpress\/ -->\n<title>GENAS | Retour sur la comm\u00e9moration de l&#039;appel du G\u00e9n\u00e9ral de Gaulle - News Est Lyonnais<\/title>\n<meta name=\"description\" content=\"GENAS | Retour sur la comm\u00e9moration de l&#039;appel du G\u00e9n\u00e9ral de Gaulle\" \/>\n<meta name=\"robots\" content=\"index, follow, max-snippet:-1, max-image-preview:large, max-video-preview:-1\" \/>\n<link rel=\"canonical\" href=\"https:\/\/newsestlyonnais.fr\/site\/2020\/06\/19\/genas-retour-sur-la-commemoration-de-lappel-du-general-de-gaulle\/\" \/>\n<meta property=\"og:locale\" content=\"fr_FR\" \/>\n<meta property=\"og:type\" content=\"article\" \/>\n<meta property=\"og:title\" content=\"GENAS | Retour sur la comm\u00e9moration de l&#039;appel du G\u00e9n\u00e9ral de Gaulle - News Est Lyonnais\" \/>\n<meta property=\"og:description\" content=\"GENAS | Retour sur la comm\u00e9moration de l&#039;appel du G\u00e9n\u00e9ral de Gaulle\" \/>\n<meta property=\"og:url\" content=\"https:\/\/newsestlyonnais.fr\/site\/2020\/06\/19\/genas-retour-sur-la-commemoration-de-lappel-du-general-de-gaulle\/\" \/>\n<meta property=\"og:site_name\" content=\"News Est Lyonnais\" \/>\n<meta property=\"article:author\" content=\"https:\/\/www.facebook.com\/pascal.oberson.1?fref=ts\" \/>\n<meta property=\"article:published_time\" content=\"2020-06-19T10:17:07+00:00\" \/>\n<meta property=\"og:image\" content=\"https:\/\/i2.wp.com\/newsestlyonnais.fr\/site\/wp-content\/uploads\/2020\/06\/NEWSESTLYONANIS-CEREM-GENAS01.jpg?fit=1200%2C800&ssl=1\" \/>\n\t<meta property=\"og:image:width\" content=\"1200\" \/>\n\t<meta property=\"og:image:height\" content=\"800\" \/>\n\t<meta property=\"og:image:type\" content=\"image\/jpeg\" \/>\n<meta name=\"author\" content=\"R\u00e9dac. NEWS\" \/>\n<meta name=\"twitter:card\" content=\"summary_large_image\" \/>\n<meta name=\"twitter:label1\" content=\"\u00c9crit par\" \/>\n\t<meta name=\"twitter:data1\" content=\"R\u00e9dac. NEWS\" \/>\n\t<meta name=\"twitter:label2\" content=\"Dur\u00e9e de lecture estim\u00e9e\" \/>\n\t<meta name=\"twitter:data2\" content=\"1 minute\" \/>\n<script type=\"application\/ld+json\" class=\"yoast-schema-graph\">{\"@context\":\"https:\/\/schema.org\",\"@graph\":[{\"@type\":\"Article\",\"@id\":\"https:\/\/newsestlyonnais.fr\/site\/2020\/06\/19\/genas-retour-sur-la-commemoration-de-lappel-du-general-de-gaulle\/#article\",\"isPartOf\":{\"@id\":\"https:\/\/newsestlyonnais.fr\/site\/2020\/06\/19\/genas-retour-sur-la-commemoration-de-lappel-du-general-de-gaulle\/\"},\"author\":{\"name\":\"R\u00e9dac. NEWS\",\"@id\":\"https:\/\/newsestlyonnais.fr\/site\/#\/schema\/person\/3230d5615f390bb808365d673001e887\"},\"headline\":\"GENAS | Retour sur la comm\u00e9moration de l&rsquo;appel du G\u00e9n\u00e9ral de Gaulle\",\"datePublished\":\"2020-06-19T10:17:07+00:00\",\"mainEntityOfPage\":{\"@id\":\"https:\/\/newsestlyonnais.fr\/site\/2020\/06\/19\/genas-retour-sur-la-commemoration-de-lappel-du-general-de-gaulle\/\"},\"wordCount\":259,\"commentCount\":0,\"publisher\":{\"@id\":\"https:\/\/newsestlyonnais.fr\/site\/#organization\"},\"image\":{\"@id\":\"https:\/\/newsestlyonnais.fr\/site\/2020\/06\/19\/genas-retour-sur-la-commemoration-de-lappel-du-general-de-gaulle\/#primaryimage\"},\"thumbnailUrl\":\"https:\/\/newsestlyonnais.fr\/site\/wp-content\/uploads\/2020\/06\/NEWSESTLYONANIS-CEREM-GENAS01.jpg\",\"keywords\":[\"COMMEMORATION\",\"GENAS\"],\"articleSection\":[\"\u00e0 la une\",\"CCEL | Communes\",\"Genas\",\"Histoire | Patrimoine\",\"Religion | Seniors | Souvenir\"],\"inLanguage\":\"fr-FR\",\"potentialAction\":[{\"@type\":\"CommentAction\",\"name\":\"Comment\",\"target\":[\"https:\/\/newsestlyonnais.fr\/site\/2020\/06\/19\/genas-retour-sur-la-commemoration-de-lappel-du-general-de-gaulle\/#respond\"]}]},{\"@type\":\"WebPage\",\"@id\":\"https:\/\/newsestlyonnais.fr\/site\/2020\/06\/19\/genas-retour-sur-la-commemoration-de-lappel-du-general-de-gaulle\/\",\"url\":\"https:\/\/newsestlyonnais.fr\/site\/2020\/06\/19\/genas-retour-sur-la-commemoration-de-lappel-du-general-de-gaulle\/\",\"name\":\"GENAS | Retour sur la comm\u00e9moration de l'appel du G\u00e9n\u00e9ral de Gaulle - News Est Lyonnais\",\"isPartOf\":{\"@id\":\"https:\/\/newsestlyonnais.fr\/site\/#website\"},\"primaryImageOfPage\":{\"@id\":\"https:\/\/newsestlyonnais.fr\/site\/2020\/06\/19\/genas-retour-sur-la-commemoration-de-lappel-du-general-de-gaulle\/#primaryimage\"},\"image\":{\"@id\":\"https:\/\/newsestlyonnais.fr\/site\/2020\/06\/19\/genas-retour-sur-la-commemoration-de-lappel-du-general-de-gaulle\/#primaryimage\"},\"thumbnailUrl\":\"https:\/\/newsestlyonnais.fr\/site\/wp-content\/uploads\/2020\/06\/NEWSESTLYONANIS-CEREM-GENAS01.jpg\",\"datePublished\":\"2020-06-19T10:17:07+00:00\",\"description\":\"GENAS | Retour sur la comm\u00e9moration de l'appel du G\u00e9n\u00e9ral de Gaulle\",\"breadcrumb\":{\"@id\":\"https:\/\/newsestlyonnais.fr\/site\/2020\/06\/19\/genas-retour-sur-la-commemoration-de-lappel-du-general-de-gaulle\/#breadcrumb\"},\"inLanguage\":\"fr-FR\",\"potentialAction\":[{\"@type\":\"ReadAction\",\"target\":[\"https:\/\/newsestlyonnais.fr\/site\/2020\/06\/19\/genas-retour-sur-la-commemoration-de-lappel-du-general-de-gaulle\/\"]}]},{\"@type\":\"ImageObject\",\"inLanguage\":\"fr-FR\",\"@id\":\"https:\/\/newsestlyonnais.fr\/site\/2020\/06\/19\/genas-retour-sur-la-commemoration-de-lappel-du-general-de-gaulle\/#primaryimage\",\"url\":\"https:\/\/newsestlyonnais.fr\/site\/wp-content\/uploads\/2020\/06\/NEWSESTLYONANIS-CEREM-GENAS01.jpg\",\"contentUrl\":\"https:\/\/newsestlyonnais.fr\/site\/wp-content\/uploads\/2020\/06\/NEWSESTLYONANIS-CEREM-GENAS01.jpg\",\"width\":1200,\"height\":800},{\"@type\":\"BreadcrumbList\",\"@id\":\"https:\/\/newsestlyonnais.fr\/site\/2020\/06\/19\/genas-retour-sur-la-commemoration-de-lappel-du-general-de-gaulle\/#breadcrumb\",\"itemListElement\":[{\"@type\":\"ListItem\",\"position\":1,\"name\":\"Accueil\",\"item\":\"https:\/\/newsestlyonnais.fr\/site\/\"},{\"@type\":\"ListItem\",\"position\":2,\"name\":\"GENAS | Retour sur la comm\u00e9moration de l&rsquo;appel du G\u00e9n\u00e9ral de Gaulle\"}]},{\"@type\":\"WebSite\",\"@id\":\"https:\/\/newsestlyonnais.fr\/site\/#website\",\"url\":\"https:\/\/newsestlyonnais.fr\/site\/\",\"name\":\"News Est Lyonnais\",\"description\":\"L&#039;actualit\u00e9 au plus pr\u00e8s\",\"publisher\":{\"@id\":\"https:\/\/newsestlyonnais.fr\/site\/#organization\"},\"potentialAction\":[{\"@type\":\"SearchAction\",\"target\":{\"@type\":\"EntryPoint\",\"urlTemplate\":\"https:\/\/newsestlyonnais.fr\/site\/?s={search_term_string}\"},\"query-input\":{\"@type\":\"PropertyValueSpecification\",\"valueRequired\":true,\"valueName\":\"search_term_string\"}}],\"inLanguage\":\"fr-FR\"},{\"@type\":\"Organization\",\"@id\":\"https:\/\/newsestlyonnais.fr\/site\/#organization\",\"name\":\"News EST LYONNAIS\",\"url\":\"https:\/\/newsestlyonnais.fr\/site\/\",\"logo\":{\"@type\":\"ImageObject\",\"inLanguage\":\"fr-FR\",\"@id\":\"https:\/\/newsestlyonnais.fr\/site\/#\/schema\/logo\/image\/\",\"url\":\"\",\"contentUrl\":\"\",\"caption\":\"News EST LYONNAIS\"},\"image\":{\"@id\":\"https:\/\/newsestlyonnais.fr\/site\/#\/schema\/logo\/image\/\"}},{\"@type\":\"Person\",\"@id\":\"https:\/\/newsestlyonnais.fr\/site\/#\/schema\/person\/3230d5615f390bb808365d673001e887\",\"name\":\"R\u00e9dac. NEWS\",\"sameAs\":[\"http:\/\/www.newsestlyonnais.fr\",\"https:\/\/www.facebook.com\/pascal.oberson.1?fref=ts\",\"https:\/\/fr.linkedin.com\/in\/pascal-oberson-b17045113\"],\"url\":\"https:\/\/newsestlyonnais.fr\/site\/author\/nel\/\"}]}<\/script>\n<!-- \/ Yoast SEO plugin. -->","yoast_head_json":{"title":"GENAS | Retour sur la comm\u00e9moration de l'appel du G\u00e9n\u00e9ral de Gaulle - News Est Lyonnais","description":"GENAS | Retour sur la comm\u00e9moration de l'appel du G\u00e9n\u00e9ral de Gaulle","robots":{"index":"index","follow":"follow","max-snippet":"max-snippet:-1","max-image-preview":"max-image-preview:large","max-video-preview":"max-video-preview:-1"},"canonical":"https:\/\/newsestlyonnais.fr\/site\/2020\/06\/19\/genas-retour-sur-la-commemoration-de-lappel-du-general-de-gaulle\/","og_locale":"fr_FR","og_type":"article","og_title":"GENAS | Retour sur la comm\u00e9moration de l'appel du G\u00e9n\u00e9ral de Gaulle - News Est Lyonnais","og_description":"GENAS | Retour sur la comm\u00e9moration de l'appel du G\u00e9n\u00e9ral de Gaulle","og_url":"https:\/\/newsestlyonnais.fr\/site\/2020\/06\/19\/genas-retour-sur-la-commemoration-de-lappel-du-general-de-gaulle\/","og_site_name":"News Est Lyonnais","article_author":"https:\/\/www.facebook.com\/pascal.oberson.1?fref=ts","article_published_time":"2020-06-19T10:17:07+00:00","og_image":[{"width":1200,"height":800,"url":"https:\/\/i2.wp.com\/newsestlyonnais.fr\/site\/wp-content\/uploads\/2020\/06\/NEWSESTLYONANIS-CEREM-GENAS01.jpg?fit=1200%2C800&ssl=1","type":"image\/jpeg"}],"author":"R\u00e9dac. NEWS","twitter_card":"summary_large_image","twitter_misc":{"\u00c9crit par":"R\u00e9dac. NEWS","Dur\u00e9e de lecture estim\u00e9e":"1 minute"},"schema":{"@context":"https:\/\/schema.org","@graph":[{"@type":"Article","@id":"https:\/\/newsestlyonnais.fr\/site\/2020\/06\/19\/genas-retour-sur-la-commemoration-de-lappel-du-general-de-gaulle\/#article","isPartOf":{"@id":"https:\/\/newsestlyonnais.fr\/site\/2020\/06\/19\/genas-retour-sur-la-commemoration-de-lappel-du-general-de-gaulle\/"},"author":{"name":"R\u00e9dac. NEWS","@id":"https:\/\/newsestlyonnais.fr\/site\/#\/schema\/person\/3230d5615f390bb808365d673001e887"},"headline":"GENAS | Retour sur la comm\u00e9moration de l&rsquo;appel du G\u00e9n\u00e9ral de Gaulle","datePublished":"2020-06-19T10:17:07+00:00","mainEntityOfPage":{"@id":"https:\/\/newsestlyonnais.fr\/site\/2020\/06\/19\/genas-retour-sur-la-commemoration-de-lappel-du-general-de-gaulle\/"},"wordCount":259,"commentCount":0,"publisher":{"@id":"https:\/\/newsestlyonnais.fr\/site\/#organization"},"image":{"@id":"https:\/\/newsestlyonnais.fr\/site\/2020\/06\/19\/genas-retour-sur-la-commemoration-de-lappel-du-general-de-gaulle\/#primaryimage"},"thumbnailUrl":"https:\/\/newsestlyonnais.fr\/site\/wp-content\/uploads\/2020\/06\/NEWSESTLYONANIS-CEREM-GENAS01.jpg","keywords":["COMMEMORATION","GENAS"],"articleSection":["\u00e0 la une","CCEL | Communes","Genas","Histoire | Patrimoine","Religion | Seniors | Souvenir"],"inLanguage":"fr-FR","potentialAction":[{"@type":"CommentAction","name":"Comment","target":["https:\/\/newsestlyonnais.fr\/site\/2020\/06\/19\/genas-retour-sur-la-commemoration-de-lappel-du-general-de-gaulle\/#respond"]}]},{"@type":"WebPage","@id":"https:\/\/newsestlyonnais.fr\/site\/2020\/06\/19\/genas-retour-sur-la-commemoration-de-lappel-du-general-de-gaulle\/","url":"https:\/\/newsestlyonnais.fr\/site\/2020\/06\/19\/genas-retour-sur-la-commemoration-de-lappel-du-general-de-gaulle\/","name":"GENAS | Retour sur la comm\u00e9moration de l'appel du G\u00e9n\u00e9ral de Gaulle - News Est Lyonnais","isPartOf":{"@id":"https:\/\/newsestlyonnais.fr\/site\/#website"},"primaryImageOfPage":{"@id":"https:\/\/newsestlyonnais.fr\/site\/2020\/06\/19\/genas-retour-sur-la-commemoration-de-lappel-du-general-de-gaulle\/#primaryimage"},"image":{"@id":"https:\/\/newsestlyonnais.fr\/site\/2020\/06\/19\/genas-retour-sur-la-commemoration-de-lappel-du-general-de-gaulle\/#primaryimage"},"thumbnailUrl":"https:\/\/newsestlyonnais.fr\/site\/wp-content\/uploads\/2020\/06\/NEWSESTLYONANIS-CEREM-GENAS01.jpg","datePublished":"2020-06-19T10:17:07+00:00","description":"GENAS | Retour sur la comm\u00e9moration de l'appel du G\u00e9n\u00e9ral de Gaulle","breadcrumb":{"@id":"https:\/\/newsestlyonnais.fr\/site\/2020\/06\/19\/genas-retour-sur-la-commemoration-de-lappel-du-general-de-gaulle\/#breadcrumb"},"inLanguage":"fr-FR","potentialAction":[{"@type":"ReadAction","target":["https:\/\/newsestlyonnais.fr\/site\/2020\/06\/19\/genas-retour-sur-la-commemoration-de-lappel-du-general-de-gaulle\/"]}]},{"@type":"ImageObject","inLanguage":"fr-FR","@id":"https:\/\/newsestlyonnais.fr\/site\/2020\/06\/19\/genas-retour-sur-la-commemoration-de-lappel-du-general-de-gaulle\/#primaryimage","url":"https:\/\/newsestlyonnais.fr\/site\/wp-content\/uploads\/2020\/06\/NEWSESTLYONANIS-CEREM-GENAS01.jpg","contentUrl":"https:\/\/newsestlyonnais.fr\/site\/wp-content\/uploads\/2020\/06\/NEWSESTLYONANIS-CEREM-GENAS01.jpg","width":1200,"height":800},{"@type":"BreadcrumbList","@id":"https:\/\/newsestlyonnais.fr\/site\/2020\/06\/19\/genas-retour-sur-la-commemoration-de-lappel-du-general-de-gaulle\/#breadcrumb","itemListElement":[{"@type":"ListItem","position":1,"name":"Accueil","item":"https:\/\/newsestlyonnais.fr\/site\/"},{"@type":"ListItem","position":2,"name":"GENAS | Retour sur la comm\u00e9moration de l&rsquo;appel du G\u00e9n\u00e9ral de Gaulle"}]},{"@type":"WebSite","@id":"https:\/\/newsestlyonnais.fr\/site\/#website","url":"https:\/\/newsestlyonnais.fr\/site\/","name":"News Est Lyonnais","description":"L&#039;actualit\u00e9 au plus pr\u00e8s","publisher":{"@id":"https:\/\/newsestlyonnais.fr\/site\/#organization"},"potentialAction":[{"@type":"SearchAction","target":{"@type":"EntryPoint","urlTemplate":"https:\/\/newsestlyonnais.fr\/site\/?s={search_term_string}"},"query-input":{"@type":"PropertyValueSpecification","valueRequired":true,"valueName":"search_term_string"}}],"inLanguage":"fr-FR"},{"@type":"Organization","@id":"https:\/\/newsestlyonnais.fr\/site\/#organization","name":"News EST LYONNAIS","url":"https:\/\/newsestlyonnais.fr\/site\/","logo":{"@type":"ImageObject","inLanguage":"fr-FR","@id":"https:\/\/newsestlyonnais.fr\/site\/#\/schema\/logo\/image\/","url":"","contentUrl":"","caption":"News EST LYONNAIS"},"image":{"@id":"https:\/\/newsestlyonnais.fr\/site\/#\/schema\/logo\/image\/"}},{"@type":"Person","@id":"https:\/\/newsestlyonnais.fr\/site\/#\/schema\/person\/3230d5615f390bb808365d673001e887","name":"R\u00e9dac. NEWS","sameAs":["http:\/\/www.newsestlyonnais.fr","https:\/\/www.facebook.com\/pascal.oberson.1?fref=ts","https:\/\/fr.linkedin.com\/in\/pascal-oberson-b17045113"],"url":"https:\/\/newsestlyonnais.fr\/site\/author\/nel\/"}]}},"_links":{"self":[{"href":"https:\/\/newsestlyonnais.fr\/site\/wp-json\/wp\/v2\/posts\/104475","targetHints":{"allow":["GET"]}}],"collection":[{"href":"https:\/\/newsestlyonnais.fr\/site\/wp-json\/wp\/v2\/posts"}],"about":[{"href":"https:\/\/newsestlyonnais.fr\/site\/wp-json\/wp\/v2\/types\/post"}],"author":[{"embeddable":true,"href":"https:\/\/newsestlyonnais.fr\/site\/wp-json\/wp\/v2\/users\/4"}],"replies":[{"embeddable":true,"href":"https:\/\/newsestlyonnais.fr\/site\/wp-json\/wp\/v2\/comments?post=104475"}],"version-history":[{"count":0,"href":"https:\/\/newsestlyonnais.fr\/site\/wp-json\/wp\/v2\/posts\/104475\/revisions"}],"wp:featuredmedia":[{"embeddable":true,"href":"https:\/\/newsestlyonnais.fr\/site\/wp-json\/wp\/v2\/media\/104541"}],"wp:attachment":[{"href":"https:\/\/newsestlyonnais.fr\/site\/wp-json\/wp\/v2\/media?parent=104475"}],"wp:term":[{"taxonomy":"category","embeddable":true,"href":"https:\/\/newsestlyonnais.fr\/site\/wp-json\/wp\/v2\/categories?post=104475"},{"taxonomy":"post_tag","embeddable":true,"href":"https:\/\/newsestlyonnais.fr\/site\/wp-json\/wp\/v2\/tags?post=104475"}],"curies":[{"name":"wp","href":"https:\/\/api.w.org\/{rel}","templated":true}]}}