{"id":104727,"date":"2020-06-22T06:57:34","date_gmt":"2020-06-22T05:57:34","guid":{"rendered":"http:\/\/newsestlyonnais.fr\/site\/?p=104727"},"modified":"2020-10-22T07:31:41","modified_gmt":"2020-10-22T06:31:41","slug":"venissieux-avis-denquete-publique-usin","status":"publish","type":"post","link":"https:\/\/newsestlyonnais.fr\/site\/2020\/06\/22\/venissieux-avis-denquete-publique-usin\/","title":{"rendered":"VENISSIEUX | Avis d&rsquo;enqu\u00eate publique Usin"},"content":{"rendered":"<p>Par<strong> arr\u00eat\u00e9 du 2 juin 2020<\/strong>, Madame le Maire de la Commune de V\u00e9nissieux a prescrit l\u2019ouverture d\u2019une enqu\u00eate publique ayant pour objet le permis d\u2019am\u00e9nager portant sur l\u2019am\u00e9nagement du site USIN LYON PARILLY, ancien site industriel de BOSCH (41 Boulevard Marcel Sembat) en <strong>un parc d\u2019activit\u00e9s industrielles et de bureaux d\u2019une surface de 10.5 ha et 62 000 m\u00b2 de b\u00e2timents<\/strong>.<\/p>\n<p>A cet effet, Madame Karine Buffat Piquet, en qualit\u00e9 de commissaire enqu\u00eateur, a \u00e9t\u00e9 d\u00e9sign\u00e9e par le Pr\u00e9sident du Tribunal Administratif, par d\u00e9cision en date du 26 mai 2020. ________________________________________________________________________________<\/p>\n<p><em><strong>L&rsquo;enqu\u00eate se d\u00e9roulera \u00e0 l&rsquo;H\u00f4tel de Ville de V\u00e9nissieux, pendant 30 jours cons\u00e9cutifs, du lundi 22 juin (9 h) au mardi 21 juillet 2020 (17 h). <\/strong><\/em>________________________________________________________________________________<\/p>\n<p>Durant toute la p\u00e9riode de l\u2019enqu\u00eate publique, les pi\u00e8ces du dossier, notamment l\u2019\u00e9tude d\u2019impact et l\u2019avis de l\u2019autorit\u00e9 environnementale, ainsi qu\u2019un registre d\u2019enqu\u00eate seront \u00e0 la disposition du public :<\/p>\n<ul>\n<li>en version papier et en version num\u00e9rique sur un poste informatique \u00e0 l\u2019H\u00f4tel de Ville, 5 avenue Marcel-Hou\u00ebl V\u00e9nissieux (Direction Urbanisme, 5\u00b0\u00a0 \u00e9tage) (du lundi au vendredi 9 h\/12 h &amp; 14 h\/17 h).<\/li>\n<li>en version num\u00e9rique, dossier \u00e0 t\u00e9l\u00e9charger.<\/li>\n<\/ul>\n<p><strong>Le commissaire enqu\u00eateur se tiendra \u00e0 la disposition du public<\/strong> \u00e0 l\u2019H\u00f4tel de Ville de V\u00e9nissieux, pendant les permanences, aux jours et heures suivants :<\/p>\n<ul>\n<li><strong>jeudi 25 juin<\/strong> 2020 de 16 h \u00e0 19 h<\/li>\n<li><strong>vendredi 10 juillet<\/strong> 2020 de 14 h \u00e0 17 h<\/li>\n<li><strong>mardi 21 juillet<\/strong> 2020 de 14 h \u00e0 17 h<\/li>\n<\/ul>\n<p><strong>Les observations du public<\/strong> pourront \u00eatre consign\u00e9es sur le registre d\u2019enqu\u00eate \u00e0 feuillets non mobiles, c\u00f4t\u00e9 et paraph\u00e9 par le commissaire enqu\u00eateur ouvert \u00e0 l\u2019H\u00f4tel de Ville (Direction de l\u2019Urbanisme, 5\u00b0 \u00e9tage) du lundi au vendredi (9 h \u00e0 12 h &amp; 14 h \u00e0 17 h) . Elles pourront \u00e9galement \u00eatre adress\u00e9es :<\/p>\n<ul>\n<li>par courrier \u00e0 Madame le commissaire enqu\u00eateur, Karine Buffat Piquet, \u00e0 l\u2019H\u00f4tel de Ville, Direction Urbanisme, 5 Avenue Marcel Hou\u00ebl, 69200 V\u00e9nissieux<\/li>\n<li>par courriel \u00e0 : epusin@ville-venissieux.fr<\/li>\n<li>sur le registre d\u00e9mat\u00e9rialis\u00e9 accessible \u00e0 partir du d\u00e9but de l&rsquo;enqu\u00eate publique<\/li>\n<\/ul>\n<p><em><strong>Ces observations devront parvenir avant la date de cl\u00f4ture de l\u2019enqu\u00eate<\/strong><\/em>. _______________________________________________________________________________<\/p>\n<p>Le rapport et les conclusions motiv\u00e9es du commissaire enqu\u00eateur seront adress\u00e9s \u00e0 Madame le Maire dans le d\u00e9lai d\u2019un mois apr\u00e8s la date de la cl\u00f4ture de l\u2019enqu\u00eate. Ils seront tenus \u00e0 la disposition du public sur le site et \u00e0 la mairie de V\u00e9nissieux pendant un an \u00e0 compter de la cl\u00f4ture de l\u2019enqu\u00eate.<\/p>\n<p>Au terme de l\u2019enqu\u00eate, Madame le Maire de V\u00e9nissieux, autorit\u00e9 comp\u00e9tente pour d\u00e9livrer le permis d\u2019am\u00e9nager, devra statuer pour accorder ou refuser le permis d\u2019am\u00e9nager.<\/p>\n<p>&gt; <strong><em>Source : communiqu\u00e9 de la Ville de V\u00e9nissieux.<\/em><\/strong><\/p>\n","protected":false},"excerpt":{"rendered":"<p>Une enqu\u00eate relative au permis d&rsquo;am\u00e9nager sur le site USIN Lyon Parilly portant sur l&rsquo;am\u00e9nagement d&rsquo;un parc d&rsquo;activit\u00e9s mixtes. <\/p>\n","protected":false},"author":4,"featured_media":95972,"comment_status":"open","ping_status":"open","sticky":false,"template":"","format":"standard","meta":{"footnotes":""},"categories":[2217,12,3010,1298],"tags":[3364,2067],"class_list":["post-104727","post","type-post","status-publish","format-standard","has-post-thumbnail","hentry","category-breves-de-lest-lyonnais","category-entreprises","category-nature-environnement-culture-et-loisirs","category-venissieux","tag-enquete","tag-venissieux"],"yoast_head":"<!-- This site is optimized with the Yoast SEO plugin v27.2 - https:\/\/yoast.com\/product\/yoast-seo-wordpress\/ -->\n<title>VENISSIEUX | Avis d&#039;enqu\u00eate publique Usin - News Est Lyonnais<\/title>\n<meta name=\"description\" content=\"VENISSIEUX | Avis d&#039;enqu\u00eate publique Usin\" \/>\n<meta name=\"robots\" content=\"index, follow, max-snippet:-1, max-image-preview:large, max-video-preview:-1\" \/>\n<link rel=\"canonical\" href=\"https:\/\/newsestlyonnais.fr\/site\/2020\/06\/22\/venissieux-avis-denquete-publique-usin\/\" \/>\n<meta property=\"og:locale\" content=\"fr_FR\" \/>\n<meta property=\"og:type\" content=\"article\" \/>\n<meta property=\"og:title\" content=\"VENISSIEUX | Avis d&#039;enqu\u00eate publique Usin - News Est Lyonnais\" \/>\n<meta property=\"og:description\" content=\"VENISSIEUX | Avis d&#039;enqu\u00eate publique Usin\" \/>\n<meta property=\"og:url\" content=\"https:\/\/newsestlyonnais.fr\/site\/2020\/06\/22\/venissieux-avis-denquete-publique-usin\/\" \/>\n<meta property=\"og:site_name\" content=\"News Est Lyonnais\" \/>\n<meta property=\"article:author\" content=\"https:\/\/www.facebook.com\/pascal.oberson.1?fref=ts\" \/>\n<meta property=\"article:published_time\" content=\"2020-06-22T05:57:34+00:00\" \/>\n<meta property=\"article:modified_time\" content=\"2020-10-22T06:31:41+00:00\" \/>\n<meta property=\"og:image\" content=\"https:\/\/i2.wp.com\/newsestlyonnais.fr\/site\/wp-content\/uploads\/2019\/11\/NEWSESTLYONNAIS-MAIRIE-VENX.jpg?fit=1200%2C800&ssl=1\" \/>\n\t<meta property=\"og:image:width\" content=\"1200\" \/>\n\t<meta property=\"og:image:height\" content=\"800\" \/>\n\t<meta property=\"og:image:type\" content=\"image\/jpeg\" \/>\n<meta name=\"author\" content=\"R\u00e9dac. NEWS\" \/>\n<meta name=\"twitter:card\" content=\"summary_large_image\" \/>\n<meta name=\"twitter:label1\" content=\"\u00c9crit par\" \/>\n\t<meta name=\"twitter:data1\" content=\"R\u00e9dac. NEWS\" \/>\n\t<meta name=\"twitter:label2\" content=\"Dur\u00e9e de lecture estim\u00e9e\" \/>\n\t<meta name=\"twitter:data2\" content=\"2 minutes\" \/>\n<script type=\"application\/ld+json\" class=\"yoast-schema-graph\">{\"@context\":\"https:\/\/schema.org\",\"@graph\":[{\"@type\":\"Article\",\"@id\":\"https:\/\/newsestlyonnais.fr\/site\/2020\/06\/22\/venissieux-avis-denquete-publique-usin\/#article\",\"isPartOf\":{\"@id\":\"https:\/\/newsestlyonnais.fr\/site\/2020\/06\/22\/venissieux-avis-denquete-publique-usin\/\"},\"author\":{\"name\":\"R\u00e9dac. NEWS\",\"@id\":\"https:\/\/newsestlyonnais.fr\/site\/#\/schema\/person\/3230d5615f390bb808365d673001e887\"},\"headline\":\"VENISSIEUX | Avis d&rsquo;enqu\u00eate publique Usin\",\"datePublished\":\"2020-06-22T05:57:34+00:00\",\"dateModified\":\"2020-10-22T06:31:41+00:00\",\"mainEntityOfPage\":{\"@id\":\"https:\/\/newsestlyonnais.fr\/site\/2020\/06\/22\/venissieux-avis-denquete-publique-usin\/\"},\"wordCount\":473,\"commentCount\":0,\"publisher\":{\"@id\":\"https:\/\/newsestlyonnais.fr\/site\/#organization\"},\"image\":{\"@id\":\"https:\/\/newsestlyonnais.fr\/site\/2020\/06\/22\/venissieux-avis-denquete-publique-usin\/#primaryimage\"},\"thumbnailUrl\":\"https:\/\/newsestlyonnais.fr\/site\/wp-content\/uploads\/2019\/11\/NEWSESTLYONNAIS-MAIRIE-VENX.jpg\",\"keywords\":[\"ENQUETE\",\"VENISSIEUX\"],\"articleSection\":[\"Br\u00e8ves de l'Est lyonnais\",\"Entreprises\",\"Nature | Environnement | Chasse\",\"V\u00e9nissieux\"],\"inLanguage\":\"fr-FR\",\"potentialAction\":[{\"@type\":\"CommentAction\",\"name\":\"Comment\",\"target\":[\"https:\/\/newsestlyonnais.fr\/site\/2020\/06\/22\/venissieux-avis-denquete-publique-usin\/#respond\"]}]},{\"@type\":\"WebPage\",\"@id\":\"https:\/\/newsestlyonnais.fr\/site\/2020\/06\/22\/venissieux-avis-denquete-publique-usin\/\",\"url\":\"https:\/\/newsestlyonnais.fr\/site\/2020\/06\/22\/venissieux-avis-denquete-publique-usin\/\",\"name\":\"VENISSIEUX | Avis d'enqu\u00eate publique Usin - News Est Lyonnais\",\"isPartOf\":{\"@id\":\"https:\/\/newsestlyonnais.fr\/site\/#website\"},\"primaryImageOfPage\":{\"@id\":\"https:\/\/newsestlyonnais.fr\/site\/2020\/06\/22\/venissieux-avis-denquete-publique-usin\/#primaryimage\"},\"image\":{\"@id\":\"https:\/\/newsestlyonnais.fr\/site\/2020\/06\/22\/venissieux-avis-denquete-publique-usin\/#primaryimage\"},\"thumbnailUrl\":\"https:\/\/newsestlyonnais.fr\/site\/wp-content\/uploads\/2019\/11\/NEWSESTLYONNAIS-MAIRIE-VENX.jpg\",\"datePublished\":\"2020-06-22T05:57:34+00:00\",\"dateModified\":\"2020-10-22T06:31:41+00:00\",\"description\":\"VENISSIEUX | Avis d'enqu\u00eate publique Usin\",\"breadcrumb\":{\"@id\":\"https:\/\/newsestlyonnais.fr\/site\/2020\/06\/22\/venissieux-avis-denquete-publique-usin\/#breadcrumb\"},\"inLanguage\":\"fr-FR\",\"potentialAction\":[{\"@type\":\"ReadAction\",\"target\":[\"https:\/\/newsestlyonnais.fr\/site\/2020\/06\/22\/venissieux-avis-denquete-publique-usin\/\"]}]},{\"@type\":\"ImageObject\",\"inLanguage\":\"fr-FR\",\"@id\":\"https:\/\/newsestlyonnais.fr\/site\/2020\/06\/22\/venissieux-avis-denquete-publique-usin\/#primaryimage\",\"url\":\"https:\/\/newsestlyonnais.fr\/site\/wp-content\/uploads\/2019\/11\/NEWSESTLYONNAIS-MAIRIE-VENX.jpg\",\"contentUrl\":\"https:\/\/newsestlyonnais.fr\/site\/wp-content\/uploads\/2019\/11\/NEWSESTLYONNAIS-MAIRIE-VENX.jpg\",\"width\":1200,\"height\":800},{\"@type\":\"BreadcrumbList\",\"@id\":\"https:\/\/newsestlyonnais.fr\/site\/2020\/06\/22\/venissieux-avis-denquete-publique-usin\/#breadcrumb\",\"itemListElement\":[{\"@type\":\"ListItem\",\"position\":1,\"name\":\"Accueil\",\"item\":\"https:\/\/newsestlyonnais.fr\/site\/\"},{\"@type\":\"ListItem\",\"position\":2,\"name\":\"VENISSIEUX | Avis d&rsquo;enqu\u00eate publique Usin\"}]},{\"@type\":\"WebSite\",\"@id\":\"https:\/\/newsestlyonnais.fr\/site\/#website\",\"url\":\"https:\/\/newsestlyonnais.fr\/site\/\",\"name\":\"News Est Lyonnais\",\"description\":\"L&#039;actualit\u00e9 au plus pr\u00e8s\",\"publisher\":{\"@id\":\"https:\/\/newsestlyonnais.fr\/site\/#organization\"},\"potentialAction\":[{\"@type\":\"SearchAction\",\"target\":{\"@type\":\"EntryPoint\",\"urlTemplate\":\"https:\/\/newsestlyonnais.fr\/site\/?s={search_term_string}\"},\"query-input\":{\"@type\":\"PropertyValueSpecification\",\"valueRequired\":true,\"valueName\":\"search_term_string\"}}],\"inLanguage\":\"fr-FR\"},{\"@type\":\"Organization\",\"@id\":\"https:\/\/newsestlyonnais.fr\/site\/#organization\",\"name\":\"News EST LYONNAIS\",\"url\":\"https:\/\/newsestlyonnais.fr\/site\/\",\"logo\":{\"@type\":\"ImageObject\",\"inLanguage\":\"fr-FR\",\"@id\":\"https:\/\/newsestlyonnais.fr\/site\/#\/schema\/logo\/image\/\",\"url\":\"\",\"contentUrl\":\"\",\"caption\":\"News EST LYONNAIS\"},\"image\":{\"@id\":\"https:\/\/newsestlyonnais.fr\/site\/#\/schema\/logo\/image\/\"}},{\"@type\":\"Person\",\"@id\":\"https:\/\/newsestlyonnais.fr\/site\/#\/schema\/person\/3230d5615f390bb808365d673001e887\",\"name\":\"R\u00e9dac. NEWS\",\"sameAs\":[\"http:\/\/www.newsestlyonnais.fr\",\"https:\/\/www.facebook.com\/pascal.oberson.1?fref=ts\",\"https:\/\/fr.linkedin.com\/in\/pascal-oberson-b17045113\"],\"url\":\"https:\/\/newsestlyonnais.fr\/site\/author\/nel\/\"}]}<\/script>\n<!-- \/ Yoast SEO plugin. -->","yoast_head_json":{"title":"VENISSIEUX | Avis d'enqu\u00eate publique Usin - News Est Lyonnais","description":"VENISSIEUX | Avis d'enqu\u00eate publique Usin","robots":{"index":"index","follow":"follow","max-snippet":"max-snippet:-1","max-image-preview":"max-image-preview:large","max-video-preview":"max-video-preview:-1"},"canonical":"https:\/\/newsestlyonnais.fr\/site\/2020\/06\/22\/venissieux-avis-denquete-publique-usin\/","og_locale":"fr_FR","og_type":"article","og_title":"VENISSIEUX | Avis d'enqu\u00eate publique Usin - News Est Lyonnais","og_description":"VENISSIEUX | Avis d'enqu\u00eate publique Usin","og_url":"https:\/\/newsestlyonnais.fr\/site\/2020\/06\/22\/venissieux-avis-denquete-publique-usin\/","og_site_name":"News Est Lyonnais","article_author":"https:\/\/www.facebook.com\/pascal.oberson.1?fref=ts","article_published_time":"2020-06-22T05:57:34+00:00","article_modified_time":"2020-10-22T06:31:41+00:00","og_image":[{"width":1200,"height":800,"url":"https:\/\/i2.wp.com\/newsestlyonnais.fr\/site\/wp-content\/uploads\/2019\/11\/NEWSESTLYONNAIS-MAIRIE-VENX.jpg?fit=1200%2C800&ssl=1","type":"image\/jpeg"}],"author":"R\u00e9dac. NEWS","twitter_card":"summary_large_image","twitter_misc":{"\u00c9crit par":"R\u00e9dac. NEWS","Dur\u00e9e de lecture estim\u00e9e":"2 minutes"},"schema":{"@context":"https:\/\/schema.org","@graph":[{"@type":"Article","@id":"https:\/\/newsestlyonnais.fr\/site\/2020\/06\/22\/venissieux-avis-denquete-publique-usin\/#article","isPartOf":{"@id":"https:\/\/newsestlyonnais.fr\/site\/2020\/06\/22\/venissieux-avis-denquete-publique-usin\/"},"author":{"name":"R\u00e9dac. NEWS","@id":"https:\/\/newsestlyonnais.fr\/site\/#\/schema\/person\/3230d5615f390bb808365d673001e887"},"headline":"VENISSIEUX | Avis d&rsquo;enqu\u00eate publique Usin","datePublished":"2020-06-22T05:57:34+00:00","dateModified":"2020-10-22T06:31:41+00:00","mainEntityOfPage":{"@id":"https:\/\/newsestlyonnais.fr\/site\/2020\/06\/22\/venissieux-avis-denquete-publique-usin\/"},"wordCount":473,"commentCount":0,"publisher":{"@id":"https:\/\/newsestlyonnais.fr\/site\/#organization"},"image":{"@id":"https:\/\/newsestlyonnais.fr\/site\/2020\/06\/22\/venissieux-avis-denquete-publique-usin\/#primaryimage"},"thumbnailUrl":"https:\/\/newsestlyonnais.fr\/site\/wp-content\/uploads\/2019\/11\/NEWSESTLYONNAIS-MAIRIE-VENX.jpg","keywords":["ENQUETE","VENISSIEUX"],"articleSection":["Br\u00e8ves de l'Est lyonnais","Entreprises","Nature | Environnement | Chasse","V\u00e9nissieux"],"inLanguage":"fr-FR","potentialAction":[{"@type":"CommentAction","name":"Comment","target":["https:\/\/newsestlyonnais.fr\/site\/2020\/06\/22\/venissieux-avis-denquete-publique-usin\/#respond"]}]},{"@type":"WebPage","@id":"https:\/\/newsestlyonnais.fr\/site\/2020\/06\/22\/venissieux-avis-denquete-publique-usin\/","url":"https:\/\/newsestlyonnais.fr\/site\/2020\/06\/22\/venissieux-avis-denquete-publique-usin\/","name":"VENISSIEUX | Avis d'enqu\u00eate publique Usin - News Est Lyonnais","isPartOf":{"@id":"https:\/\/newsestlyonnais.fr\/site\/#website"},"primaryImageOfPage":{"@id":"https:\/\/newsestlyonnais.fr\/site\/2020\/06\/22\/venissieux-avis-denquete-publique-usin\/#primaryimage"},"image":{"@id":"https:\/\/newsestlyonnais.fr\/site\/2020\/06\/22\/venissieux-avis-denquete-publique-usin\/#primaryimage"},"thumbnailUrl":"https:\/\/newsestlyonnais.fr\/site\/wp-content\/uploads\/2019\/11\/NEWSESTLYONNAIS-MAIRIE-VENX.jpg","datePublished":"2020-06-22T05:57:34+00:00","dateModified":"2020-10-22T06:31:41+00:00","description":"VENISSIEUX | Avis d'enqu\u00eate publique Usin","breadcrumb":{"@id":"https:\/\/newsestlyonnais.fr\/site\/2020\/06\/22\/venissieux-avis-denquete-publique-usin\/#breadcrumb"},"inLanguage":"fr-FR","potentialAction":[{"@type":"ReadAction","target":["https:\/\/newsestlyonnais.fr\/site\/2020\/06\/22\/venissieux-avis-denquete-publique-usin\/"]}]},{"@type":"ImageObject","inLanguage":"fr-FR","@id":"https:\/\/newsestlyonnais.fr\/site\/2020\/06\/22\/venissieux-avis-denquete-publique-usin\/#primaryimage","url":"https:\/\/newsestlyonnais.fr\/site\/wp-content\/uploads\/2019\/11\/NEWSESTLYONNAIS-MAIRIE-VENX.jpg","contentUrl":"https:\/\/newsestlyonnais.fr\/site\/wp-content\/uploads\/2019\/11\/NEWSESTLYONNAIS-MAIRIE-VENX.jpg","width":1200,"height":800},{"@type":"BreadcrumbList","@id":"https:\/\/newsestlyonnais.fr\/site\/2020\/06\/22\/venissieux-avis-denquete-publique-usin\/#breadcrumb","itemListElement":[{"@type":"ListItem","position":1,"name":"Accueil","item":"https:\/\/newsestlyonnais.fr\/site\/"},{"@type":"ListItem","position":2,"name":"VENISSIEUX | Avis d&rsquo;enqu\u00eate publique Usin"}]},{"@type":"WebSite","@id":"https:\/\/newsestlyonnais.fr\/site\/#website","url":"https:\/\/newsestlyonnais.fr\/site\/","name":"News Est Lyonnais","description":"L&#039;actualit\u00e9 au plus pr\u00e8s","publisher":{"@id":"https:\/\/newsestlyonnais.fr\/site\/#organization"},"potentialAction":[{"@type":"SearchAction","target":{"@type":"EntryPoint","urlTemplate":"https:\/\/newsestlyonnais.fr\/site\/?s={search_term_string}"},"query-input":{"@type":"PropertyValueSpecification","valueRequired":true,"valueName":"search_term_string"}}],"inLanguage":"fr-FR"},{"@type":"Organization","@id":"https:\/\/newsestlyonnais.fr\/site\/#organization","name":"News EST LYONNAIS","url":"https:\/\/newsestlyonnais.fr\/site\/","logo":{"@type":"ImageObject","inLanguage":"fr-FR","@id":"https:\/\/newsestlyonnais.fr\/site\/#\/schema\/logo\/image\/","url":"","contentUrl":"","caption":"News EST LYONNAIS"},"image":{"@id":"https:\/\/newsestlyonnais.fr\/site\/#\/schema\/logo\/image\/"}},{"@type":"Person","@id":"https:\/\/newsestlyonnais.fr\/site\/#\/schema\/person\/3230d5615f390bb808365d673001e887","name":"R\u00e9dac. NEWS","sameAs":["http:\/\/www.newsestlyonnais.fr","https:\/\/www.facebook.com\/pascal.oberson.1?fref=ts","https:\/\/fr.linkedin.com\/in\/pascal-oberson-b17045113"],"url":"https:\/\/newsestlyonnais.fr\/site\/author\/nel\/"}]}},"_links":{"self":[{"href":"https:\/\/newsestlyonnais.fr\/site\/wp-json\/wp\/v2\/posts\/104727","targetHints":{"allow":["GET"]}}],"collection":[{"href":"https:\/\/newsestlyonnais.fr\/site\/wp-json\/wp\/v2\/posts"}],"about":[{"href":"https:\/\/newsestlyonnais.fr\/site\/wp-json\/wp\/v2\/types\/post"}],"author":[{"embeddable":true,"href":"https:\/\/newsestlyonnais.fr\/site\/wp-json\/wp\/v2\/users\/4"}],"replies":[{"embeddable":true,"href":"https:\/\/newsestlyonnais.fr\/site\/wp-json\/wp\/v2\/comments?post=104727"}],"version-history":[{"count":0,"href":"https:\/\/newsestlyonnais.fr\/site\/wp-json\/wp\/v2\/posts\/104727\/revisions"}],"wp:featuredmedia":[{"embeddable":true,"href":"https:\/\/newsestlyonnais.fr\/site\/wp-json\/wp\/v2\/media\/95972"}],"wp:attachment":[{"href":"https:\/\/newsestlyonnais.fr\/site\/wp-json\/wp\/v2\/media?parent=104727"}],"wp:term":[{"taxonomy":"category","embeddable":true,"href":"https:\/\/newsestlyonnais.fr\/site\/wp-json\/wp\/v2\/categories?post=104727"},{"taxonomy":"post_tag","embeddable":true,"href":"https:\/\/newsestlyonnais.fr\/site\/wp-json\/wp\/v2\/tags?post=104727"}],"curies":[{"name":"wp","href":"https:\/\/api.w.org\/{rel}","templated":true}]}}