{"id":105127,"date":"2020-06-27T15:56:08","date_gmt":"2020-06-27T14:56:08","guid":{"rendered":"http:\/\/newsestlyonnais.fr\/site\/?p=105127"},"modified":"2022-02-18T14:21:08","modified_gmt":"2022-02-18T13:21:08","slug":"don-du-sang-collectes-de-juillet-et-aout-en-region-lyonnaise","status":"publish","type":"post","link":"https:\/\/newsestlyonnais.fr\/site\/2020\/06\/27\/don-du-sang-collectes-de-juillet-et-aout-en-region-lyonnaise\/","title":{"rendered":"Don du sang | Collectes de juillet et ao\u00fbt en r\u00e9gion lyonnaise"},"content":{"rendered":"<p><span style=\"text-decoration: underline;\"><em><strong>Les collectes de l\u2019E.F.S. pr\u00e9vues en juillet et ao\u00fbt 2020 dans l\u2019Est Lyonnais<\/strong> <\/em><\/span>:<\/p>\n<p><span style=\"background-color: #000000; color: #ffffff;\"><em><span style=\"text-decoration: underline;\"><strong>JUILLET<\/strong><\/span><\/em> :<\/span><\/p>\n<ul>\n<li><strong><span class=\"date\">Mercredi 1\u00b0 juillet <\/span><\/strong> <span class=\"schedule\"> de 15 h \u00e0 19 h \u00e0 <strong>Chaponnay<\/strong> (Espace Jean Gabin, Salle Plantier, rue du Stade) *.<br \/>\n<\/span><\/li>\n<li><strong><span class=\"date\">Jeudi 2 juillet <\/span><\/strong> <span class=\"schedule\"><span class=\"schedule\"> de 15 h \u00e0 19 h \u00e0 <\/span><\/span><strong>Miribel<\/strong> (Salle Allegro, 34 avenue Jos\u00e9phine Guillon) * .<\/li>\n<li><strong><span class=\"date\">Mercredi 8 juillet <\/span><\/strong> <span class=\"schedule\"><span class=\"schedule\"> de 15 h 15 \u00e0 19 h 15 \u00e0 <\/span><\/span><strong>St Quentin Fallavier<\/strong> (Le M\u00e9dian, Salle de l&rsquo; Amphith\u00e9\u00e2tre, rue de Tharabie) * &amp; <span class=\"schedule\">de 14 h 30 \u00e0 19 h \u00e0 <strong>Montluel <\/strong>(Salle Polyvalente, Cours de la Portelle) * .<\/span><\/li>\n<li><span class=\"date\"><strong>Vendredi 10 juillet<\/strong> <\/span> <span class=\"schedule\"><span class=\"schedule\"> de 15 h \u00e0 19 h \u00e0 <\/span><\/span><strong>La Verpilli\u00e8re<\/strong> (Salle Polyvalente Jean Rabilloud, 193 rue de Picardie) * &amp; <span class=\"schedule\"><span class=\"schedule\">de 15 h 45 \u00e0 19 h 15 \u00e0 <\/span><\/span><strong>Chassieu<\/strong> (Salle des F\u00eates, 66 rue Oreste Zenezini) *.<\/li>\n<li><strong><span class=\"date\">Lundi 13 juillet <\/span><\/strong> <span class=\"schedule\"><span class=\"schedule\"> de 15 h \u00e0 19 h \u00e0 <\/span><\/span><strong>Caluire et Cuire<\/strong> (Salle F\u00eates, 1 avenue Barthelemy Thimonnier) *.<\/li>\n<li><strong><span class=\"date\">Jeudi 16 juillet <\/span><\/strong> <span class=\"schedule\"><span class=\"schedule\"><span class=\"schedule\"> de 9 h \u00e0 12 h &amp; de 14 h 30 \u00e0 18 h \u00e0 <strong>Villeurbanne <\/strong>(Centre Culturel et de la Vie Associative, 234 Cours Emile Zola) * &amp; de 15 h 15 \u00e0 19 h 15 <strong>\u00e0 <\/strong><\/span><\/span><\/span><strong>Saint-Laurent de Mure<\/strong> (Salle Andr\u00e9 Malraux, 7 rue\u00a0 Andr\u00e9 Malraux) *.<\/li>\n<li><strong><span class=\"date\">Lundi 20 juillet <\/span><\/strong> <span class=\"schedule\"><span class=\"schedule\"> de 15 h \u00e0 19 h <strong>\u00e0 <\/strong><\/span><\/span><strong>Saint-Pries<\/strong>t (<strong>2 bus<\/strong> sur la Place Ferdinand Buisson).<\/li>\n<li><strong><span class=\"date\">Mercredi 22 juillet <\/span><\/strong> <span class=\"schedule\"><span class=\"schedule\"> de 15 h 30 \u00e0 19 h \u00e0 <\/span><\/span><strong>Bron<\/strong> (Espace Roger Pestourie, Place du 11 Novembre) *.<\/li>\n<li><span class=\"date\"><strong>Jeudi 23 juillet<\/strong> <\/span> <span class=\"schedule\"><span class=\"schedule\"> de 8 h 45 \u00e0 12 h 45 \u00e0 <\/span><\/span><strong>Villeurbanne <\/strong>(ALSTOM Transport, Salles Cardinal Nord &amp; Est, 19 rue\u00a0 Alfred de Musset).<\/li>\n<li><strong><span class=\"date\">Vendredi 24 juillet <\/span><\/strong> <span class=\"schedule\"><span class=\"schedule\"> de 14 h 30 \u00e0 19 h \u00e0 <\/span><\/span><strong>Lyon 8\u00b0<\/strong> (Mairie du 8\u00b0, Espace Citoyen, 12 avenue Jean Mermoz).<\/li>\n<li>\n<div class=\"dates\">\n<div class=\"date-item\"><strong><span class=\"date\">Mardi 28 juillet <\/span><\/strong> <span class=\"schedule\"> de 15 h 15 \u00e0 19 h 15 \u00e0 <strong>Genas<\/strong> sur <strong>2 sites<\/strong> (Salle St Andr\u00e9, 3 rue du Pensionnat &amp; Salle Marius Berliet, 14 rue de l&rsquo;Avenir). <\/span>____________________________________________________________________________<\/div>\n<\/div>\n<\/li>\n<\/ul>\n<p><span style=\"background-color: #000000; color: #ffffff;\"><span style=\"text-decoration: underline;\"><em><strong>AOUT<\/strong><\/em><\/span> :<\/span><\/p>\n<ul>\n<li><strong><span class=\"date\">Jeudi 6 ao\u00fbt <\/span><\/strong> <span class=\"schedule\"><span class=\"schedule\"> de 14 h 30 \u00e0 19 h \u00e0 <\/span><\/span><strong>D\u00e9cines-Charpieu<\/strong> (Salle des F\u00eates, Place Roger Salengro).<\/li>\n<li><span class=\"date\"><strong>Jeudi 13 ao\u00fbt<\/strong> <\/span> <span class=\"schedule\"><span class=\"schedule\"> de 15 h \u00e0 19 h \u00e0 <\/span><\/span><strong>St Bonnet de Mure<\/strong> (Salle de la Charpenterie, Place Joann\u00e8s Marius Ferlet) *<\/li>\n<li><strong><span class=\"date\">Mercredi 26 ao\u00fbt <\/span><\/strong> <span class=\"schedule\"> de 15 h \u00e0 19 h \u00e0 <strong>Villeurbanne <\/strong>(Centre Culturel et de la Vie Associative, 234 Cours Emile Zola) * &amp; de 16 h 15 \u00e0 19 h 15 \u00e0 <strong>Heyrieux <\/strong>(Foyer Rural, 61 avenue G\u00e9n\u00e9ral Leclerc).<\/span><\/li>\n<\/ul>\n<p>________________________________________________________________________________<\/p>\n<p><strong>* Inscription<\/strong> sur : <a href=\"http:\/\/r\u00e9sadon.fr\">http:\/\/r\u00e9sadon.fr<\/a><\/p>\n<ul>\n<li><strong>P<span style=\"font-size: 14pt;\">lus d\u2019infos sur : <a href=\"https:\/\/dondesang.efs.sante.fr\">https:\/\/dondesang.efs.sante.fr<\/a><\/span><\/strong><\/li>\n<\/ul>\n<p>________________________________________________________________________________<\/p>\n<p>&nbsp;<\/p>\n","protected":false},"excerpt":{"rendered":"<p>La situation est aujourd\u2019hui pr\u00e9occupante, les r\u00e9serves de sang sont d\u00e9sormais en dessous du seuil d\u2019alerte et elles continuent de baisser.<\/p>\n","protected":false},"author":4,"featured_media":92203,"comment_status":"open","ping_status":"open","sticky":false,"template":"","format":"standard","meta":{"footnotes":""},"categories":[156,19,1620,270,4148,1295,1283,21,1598,164,1625,1296,18,1282,29],"tags":[2169],"class_list":["post-105127","post","type-post","status-publish","format-standard","has-post-thumbnail","hentry","category-ain","category-bron","category-caluire","category-cte-de-communes-c-c-e-l","category-chaponnay","category-chaponnay-ternay-pays-dozon","category-chassieu-communes-diverses","category-decines-charpieu","category-genas","category-isere","category-lyon","category-sain-priest","category-sante-bien-etre-solidarite","category-st-bonnet-st-laurent-de-mure","category-villeurbanne","tag-don-du-sang"],"yoast_head":"<!-- This site is optimized with the Yoast SEO plugin v27.2 - https:\/\/yoast.com\/product\/yoast-seo-wordpress\/ -->\n<title>Don du sang | Collectes de juillet et ao\u00fbt en r\u00e9gion lyonnaise - News Est Lyonnais<\/title>\n<meta name=\"description\" content=\"Don du sang | Collectes de juillet et ao\u00fbt en r\u00e9gion lyonnaise\" \/>\n<meta name=\"robots\" content=\"index, follow, max-snippet:-1, max-image-preview:large, max-video-preview:-1\" \/>\n<link rel=\"canonical\" href=\"https:\/\/newsestlyonnais.fr\/site\/2020\/06\/27\/don-du-sang-collectes-de-juillet-et-aout-en-region-lyonnaise\/\" \/>\n<meta property=\"og:locale\" content=\"fr_FR\" \/>\n<meta property=\"og:type\" content=\"article\" \/>\n<meta property=\"og:title\" content=\"Don du sang | Collectes de juillet et ao\u00fbt en r\u00e9gion lyonnaise - News Est Lyonnais\" \/>\n<meta property=\"og:description\" content=\"Don du sang | Collectes de juillet et ao\u00fbt en r\u00e9gion lyonnaise\" \/>\n<meta property=\"og:url\" content=\"https:\/\/newsestlyonnais.fr\/site\/2020\/06\/27\/don-du-sang-collectes-de-juillet-et-aout-en-region-lyonnaise\/\" \/>\n<meta property=\"og:site_name\" content=\"News Est Lyonnais\" \/>\n<meta property=\"article:author\" content=\"https:\/\/www.facebook.com\/pascal.oberson.1?fref=ts\" \/>\n<meta property=\"article:published_time\" content=\"2020-06-27T14:56:08+00:00\" \/>\n<meta property=\"article:modified_time\" content=\"2022-02-18T13:21:08+00:00\" \/>\n<meta property=\"og:image\" content=\"https:\/\/newsestlyonnais.fr\/site\/wp-content\/uploads\/2019\/12\/NEWSESTLYONNAIS-DON-DE-SANG.jpg\" \/>\n\t<meta property=\"og:image:width\" content=\"960\" \/>\n\t<meta property=\"og:image:height\" content=\"720\" \/>\n\t<meta property=\"og:image:type\" content=\"image\/jpeg\" \/>\n<meta name=\"author\" content=\"R\u00e9dac. NEWS\" \/>\n<meta name=\"twitter:card\" content=\"summary_large_image\" \/>\n<meta name=\"twitter:label1\" content=\"\u00c9crit par\" \/>\n\t<meta name=\"twitter:data1\" content=\"R\u00e9dac. NEWS\" \/>\n\t<meta name=\"twitter:label2\" content=\"Dur\u00e9e de lecture estim\u00e9e\" \/>\n\t<meta name=\"twitter:data2\" content=\"3 minutes\" \/>\n<script type=\"application\/ld+json\" class=\"yoast-schema-graph\">{\"@context\":\"https:\/\/schema.org\",\"@graph\":[{\"@type\":\"Article\",\"@id\":\"https:\/\/newsestlyonnais.fr\/site\/2020\/06\/27\/don-du-sang-collectes-de-juillet-et-aout-en-region-lyonnaise\/#article\",\"isPartOf\":{\"@id\":\"https:\/\/newsestlyonnais.fr\/site\/2020\/06\/27\/don-du-sang-collectes-de-juillet-et-aout-en-region-lyonnaise\/\"},\"author\":{\"name\":\"R\u00e9dac. NEWS\",\"@id\":\"https:\/\/newsestlyonnais.fr\/site\/#\/schema\/person\/3230d5615f390bb808365d673001e887\"},\"headline\":\"Don du sang | Collectes de juillet et ao\u00fbt en r\u00e9gion lyonnaise\",\"datePublished\":\"2020-06-27T14:56:08+00:00\",\"dateModified\":\"2022-02-18T13:21:08+00:00\",\"mainEntityOfPage\":{\"@id\":\"https:\/\/newsestlyonnais.fr\/site\/2020\/06\/27\/don-du-sang-collectes-de-juillet-et-aout-en-region-lyonnaise\/\"},\"wordCount\":318,\"commentCount\":0,\"publisher\":{\"@id\":\"https:\/\/newsestlyonnais.fr\/site\/#organization\"},\"image\":{\"@id\":\"https:\/\/newsestlyonnais.fr\/site\/2020\/06\/27\/don-du-sang-collectes-de-juillet-et-aout-en-region-lyonnaise\/#primaryimage\"},\"thumbnailUrl\":\"https:\/\/newsestlyonnais.fr\/site\/wp-content\/uploads\/2019\/12\/NEWSESTLYONNAIS-DON-DE-SANG.jpg\",\"keywords\":[\"DON DU SANG\"],\"articleSection\":[\"Ain (01)\",\"Bron\",\"Caluire\",\"CCEL | Communes\",\"Chaponnay\",\"Chaponnay | Ternay | Pays d'Ozon\",\"Chassieu | Communes diverses\",\"D\u00e9cines-Charpieu\",\"Genas\",\"Is\u00e8re (38)\",\"Lyon\",\"Saint-Priest\",\"Sant\u00e9 | Bien Etre | Solidarit\u00e9\",\"St Bonnet | St Laurent de Mure\",\"Villeurbanne\"],\"inLanguage\":\"fr-FR\",\"potentialAction\":[{\"@type\":\"CommentAction\",\"name\":\"Comment\",\"target\":[\"https:\/\/newsestlyonnais.fr\/site\/2020\/06\/27\/don-du-sang-collectes-de-juillet-et-aout-en-region-lyonnaise\/#respond\"]}]},{\"@type\":\"WebPage\",\"@id\":\"https:\/\/newsestlyonnais.fr\/site\/2020\/06\/27\/don-du-sang-collectes-de-juillet-et-aout-en-region-lyonnaise\/\",\"url\":\"https:\/\/newsestlyonnais.fr\/site\/2020\/06\/27\/don-du-sang-collectes-de-juillet-et-aout-en-region-lyonnaise\/\",\"name\":\"Don du sang | Collectes de juillet et ao\u00fbt en r\u00e9gion lyonnaise - News Est Lyonnais\",\"isPartOf\":{\"@id\":\"https:\/\/newsestlyonnais.fr\/site\/#website\"},\"primaryImageOfPage\":{\"@id\":\"https:\/\/newsestlyonnais.fr\/site\/2020\/06\/27\/don-du-sang-collectes-de-juillet-et-aout-en-region-lyonnaise\/#primaryimage\"},\"image\":{\"@id\":\"https:\/\/newsestlyonnais.fr\/site\/2020\/06\/27\/don-du-sang-collectes-de-juillet-et-aout-en-region-lyonnaise\/#primaryimage\"},\"thumbnailUrl\":\"https:\/\/newsestlyonnais.fr\/site\/wp-content\/uploads\/2019\/12\/NEWSESTLYONNAIS-DON-DE-SANG.jpg\",\"datePublished\":\"2020-06-27T14:56:08+00:00\",\"dateModified\":\"2022-02-18T13:21:08+00:00\",\"description\":\"Don du sang | Collectes de juillet et ao\u00fbt en r\u00e9gion lyonnaise\",\"breadcrumb\":{\"@id\":\"https:\/\/newsestlyonnais.fr\/site\/2020\/06\/27\/don-du-sang-collectes-de-juillet-et-aout-en-region-lyonnaise\/#breadcrumb\"},\"inLanguage\":\"fr-FR\",\"potentialAction\":[{\"@type\":\"ReadAction\",\"target\":[\"https:\/\/newsestlyonnais.fr\/site\/2020\/06\/27\/don-du-sang-collectes-de-juillet-et-aout-en-region-lyonnaise\/\"]}]},{\"@type\":\"ImageObject\",\"inLanguage\":\"fr-FR\",\"@id\":\"https:\/\/newsestlyonnais.fr\/site\/2020\/06\/27\/don-du-sang-collectes-de-juillet-et-aout-en-region-lyonnaise\/#primaryimage\",\"url\":\"https:\/\/newsestlyonnais.fr\/site\/wp-content\/uploads\/2019\/12\/NEWSESTLYONNAIS-DON-DE-SANG.jpg\",\"contentUrl\":\"https:\/\/newsestlyonnais.fr\/site\/wp-content\/uploads\/2019\/12\/NEWSESTLYONNAIS-DON-DE-SANG.jpg\",\"width\":960,\"height\":720},{\"@type\":\"BreadcrumbList\",\"@id\":\"https:\/\/newsestlyonnais.fr\/site\/2020\/06\/27\/don-du-sang-collectes-de-juillet-et-aout-en-region-lyonnaise\/#breadcrumb\",\"itemListElement\":[{\"@type\":\"ListItem\",\"position\":1,\"name\":\"Accueil\",\"item\":\"https:\/\/newsestlyonnais.fr\/site\/\"},{\"@type\":\"ListItem\",\"position\":2,\"name\":\"Don du sang | Collectes de juillet et ao\u00fbt en r\u00e9gion lyonnaise\"}]},{\"@type\":\"WebSite\",\"@id\":\"https:\/\/newsestlyonnais.fr\/site\/#website\",\"url\":\"https:\/\/newsestlyonnais.fr\/site\/\",\"name\":\"News Est Lyonnais\",\"description\":\"L&#039;actualit\u00e9 au plus pr\u00e8s\",\"publisher\":{\"@id\":\"https:\/\/newsestlyonnais.fr\/site\/#organization\"},\"potentialAction\":[{\"@type\":\"SearchAction\",\"target\":{\"@type\":\"EntryPoint\",\"urlTemplate\":\"https:\/\/newsestlyonnais.fr\/site\/?s={search_term_string}\"},\"query-input\":{\"@type\":\"PropertyValueSpecification\",\"valueRequired\":true,\"valueName\":\"search_term_string\"}}],\"inLanguage\":\"fr-FR\"},{\"@type\":\"Organization\",\"@id\":\"https:\/\/newsestlyonnais.fr\/site\/#organization\",\"name\":\"News EST LYONNAIS\",\"url\":\"https:\/\/newsestlyonnais.fr\/site\/\",\"logo\":{\"@type\":\"ImageObject\",\"inLanguage\":\"fr-FR\",\"@id\":\"https:\/\/newsestlyonnais.fr\/site\/#\/schema\/logo\/image\/\",\"url\":\"\",\"contentUrl\":\"\",\"caption\":\"News EST LYONNAIS\"},\"image\":{\"@id\":\"https:\/\/newsestlyonnais.fr\/site\/#\/schema\/logo\/image\/\"}},{\"@type\":\"Person\",\"@id\":\"https:\/\/newsestlyonnais.fr\/site\/#\/schema\/person\/3230d5615f390bb808365d673001e887\",\"name\":\"R\u00e9dac. NEWS\",\"sameAs\":[\"http:\/\/www.newsestlyonnais.fr\",\"https:\/\/www.facebook.com\/pascal.oberson.1?fref=ts\",\"https:\/\/fr.linkedin.com\/in\/pascal-oberson-b17045113\"],\"url\":\"https:\/\/newsestlyonnais.fr\/site\/author\/nel\/\"}]}<\/script>\n<!-- \/ Yoast SEO plugin. -->","yoast_head_json":{"title":"Don du sang | Collectes de juillet et ao\u00fbt en r\u00e9gion lyonnaise - News Est Lyonnais","description":"Don du sang | Collectes de juillet et ao\u00fbt en r\u00e9gion lyonnaise","robots":{"index":"index","follow":"follow","max-snippet":"max-snippet:-1","max-image-preview":"max-image-preview:large","max-video-preview":"max-video-preview:-1"},"canonical":"https:\/\/newsestlyonnais.fr\/site\/2020\/06\/27\/don-du-sang-collectes-de-juillet-et-aout-en-region-lyonnaise\/","og_locale":"fr_FR","og_type":"article","og_title":"Don du sang | Collectes de juillet et ao\u00fbt en r\u00e9gion lyonnaise - News Est Lyonnais","og_description":"Don du sang | Collectes de juillet et ao\u00fbt en r\u00e9gion lyonnaise","og_url":"https:\/\/newsestlyonnais.fr\/site\/2020\/06\/27\/don-du-sang-collectes-de-juillet-et-aout-en-region-lyonnaise\/","og_site_name":"News Est Lyonnais","article_author":"https:\/\/www.facebook.com\/pascal.oberson.1?fref=ts","article_published_time":"2020-06-27T14:56:08+00:00","article_modified_time":"2022-02-18T13:21:08+00:00","og_image":[{"width":960,"height":720,"url":"https:\/\/newsestlyonnais.fr\/site\/wp-content\/uploads\/2019\/12\/NEWSESTLYONNAIS-DON-DE-SANG.jpg","type":"image\/jpeg"}],"author":"R\u00e9dac. NEWS","twitter_card":"summary_large_image","twitter_misc":{"\u00c9crit par":"R\u00e9dac. NEWS","Dur\u00e9e de lecture estim\u00e9e":"3 minutes"},"schema":{"@context":"https:\/\/schema.org","@graph":[{"@type":"Article","@id":"https:\/\/newsestlyonnais.fr\/site\/2020\/06\/27\/don-du-sang-collectes-de-juillet-et-aout-en-region-lyonnaise\/#article","isPartOf":{"@id":"https:\/\/newsestlyonnais.fr\/site\/2020\/06\/27\/don-du-sang-collectes-de-juillet-et-aout-en-region-lyonnaise\/"},"author":{"name":"R\u00e9dac. NEWS","@id":"https:\/\/newsestlyonnais.fr\/site\/#\/schema\/person\/3230d5615f390bb808365d673001e887"},"headline":"Don du sang | Collectes de juillet et ao\u00fbt en r\u00e9gion lyonnaise","datePublished":"2020-06-27T14:56:08+00:00","dateModified":"2022-02-18T13:21:08+00:00","mainEntityOfPage":{"@id":"https:\/\/newsestlyonnais.fr\/site\/2020\/06\/27\/don-du-sang-collectes-de-juillet-et-aout-en-region-lyonnaise\/"},"wordCount":318,"commentCount":0,"publisher":{"@id":"https:\/\/newsestlyonnais.fr\/site\/#organization"},"image":{"@id":"https:\/\/newsestlyonnais.fr\/site\/2020\/06\/27\/don-du-sang-collectes-de-juillet-et-aout-en-region-lyonnaise\/#primaryimage"},"thumbnailUrl":"https:\/\/newsestlyonnais.fr\/site\/wp-content\/uploads\/2019\/12\/NEWSESTLYONNAIS-DON-DE-SANG.jpg","keywords":["DON DU SANG"],"articleSection":["Ain (01)","Bron","Caluire","CCEL | Communes","Chaponnay","Chaponnay | Ternay | Pays d'Ozon","Chassieu | Communes diverses","D\u00e9cines-Charpieu","Genas","Is\u00e8re (38)","Lyon","Saint-Priest","Sant\u00e9 | Bien Etre | Solidarit\u00e9","St Bonnet | St Laurent de Mure","Villeurbanne"],"inLanguage":"fr-FR","potentialAction":[{"@type":"CommentAction","name":"Comment","target":["https:\/\/newsestlyonnais.fr\/site\/2020\/06\/27\/don-du-sang-collectes-de-juillet-et-aout-en-region-lyonnaise\/#respond"]}]},{"@type":"WebPage","@id":"https:\/\/newsestlyonnais.fr\/site\/2020\/06\/27\/don-du-sang-collectes-de-juillet-et-aout-en-region-lyonnaise\/","url":"https:\/\/newsestlyonnais.fr\/site\/2020\/06\/27\/don-du-sang-collectes-de-juillet-et-aout-en-region-lyonnaise\/","name":"Don du sang | Collectes de juillet et ao\u00fbt en r\u00e9gion lyonnaise - News Est Lyonnais","isPartOf":{"@id":"https:\/\/newsestlyonnais.fr\/site\/#website"},"primaryImageOfPage":{"@id":"https:\/\/newsestlyonnais.fr\/site\/2020\/06\/27\/don-du-sang-collectes-de-juillet-et-aout-en-region-lyonnaise\/#primaryimage"},"image":{"@id":"https:\/\/newsestlyonnais.fr\/site\/2020\/06\/27\/don-du-sang-collectes-de-juillet-et-aout-en-region-lyonnaise\/#primaryimage"},"thumbnailUrl":"https:\/\/newsestlyonnais.fr\/site\/wp-content\/uploads\/2019\/12\/NEWSESTLYONNAIS-DON-DE-SANG.jpg","datePublished":"2020-06-27T14:56:08+00:00","dateModified":"2022-02-18T13:21:08+00:00","description":"Don du sang | Collectes de juillet et ao\u00fbt en r\u00e9gion lyonnaise","breadcrumb":{"@id":"https:\/\/newsestlyonnais.fr\/site\/2020\/06\/27\/don-du-sang-collectes-de-juillet-et-aout-en-region-lyonnaise\/#breadcrumb"},"inLanguage":"fr-FR","potentialAction":[{"@type":"ReadAction","target":["https:\/\/newsestlyonnais.fr\/site\/2020\/06\/27\/don-du-sang-collectes-de-juillet-et-aout-en-region-lyonnaise\/"]}]},{"@type":"ImageObject","inLanguage":"fr-FR","@id":"https:\/\/newsestlyonnais.fr\/site\/2020\/06\/27\/don-du-sang-collectes-de-juillet-et-aout-en-region-lyonnaise\/#primaryimage","url":"https:\/\/newsestlyonnais.fr\/site\/wp-content\/uploads\/2019\/12\/NEWSESTLYONNAIS-DON-DE-SANG.jpg","contentUrl":"https:\/\/newsestlyonnais.fr\/site\/wp-content\/uploads\/2019\/12\/NEWSESTLYONNAIS-DON-DE-SANG.jpg","width":960,"height":720},{"@type":"BreadcrumbList","@id":"https:\/\/newsestlyonnais.fr\/site\/2020\/06\/27\/don-du-sang-collectes-de-juillet-et-aout-en-region-lyonnaise\/#breadcrumb","itemListElement":[{"@type":"ListItem","position":1,"name":"Accueil","item":"https:\/\/newsestlyonnais.fr\/site\/"},{"@type":"ListItem","position":2,"name":"Don du sang | Collectes de juillet et ao\u00fbt en r\u00e9gion lyonnaise"}]},{"@type":"WebSite","@id":"https:\/\/newsestlyonnais.fr\/site\/#website","url":"https:\/\/newsestlyonnais.fr\/site\/","name":"News Est Lyonnais","description":"L&#039;actualit\u00e9 au plus pr\u00e8s","publisher":{"@id":"https:\/\/newsestlyonnais.fr\/site\/#organization"},"potentialAction":[{"@type":"SearchAction","target":{"@type":"EntryPoint","urlTemplate":"https:\/\/newsestlyonnais.fr\/site\/?s={search_term_string}"},"query-input":{"@type":"PropertyValueSpecification","valueRequired":true,"valueName":"search_term_string"}}],"inLanguage":"fr-FR"},{"@type":"Organization","@id":"https:\/\/newsestlyonnais.fr\/site\/#organization","name":"News EST LYONNAIS","url":"https:\/\/newsestlyonnais.fr\/site\/","logo":{"@type":"ImageObject","inLanguage":"fr-FR","@id":"https:\/\/newsestlyonnais.fr\/site\/#\/schema\/logo\/image\/","url":"","contentUrl":"","caption":"News EST LYONNAIS"},"image":{"@id":"https:\/\/newsestlyonnais.fr\/site\/#\/schema\/logo\/image\/"}},{"@type":"Person","@id":"https:\/\/newsestlyonnais.fr\/site\/#\/schema\/person\/3230d5615f390bb808365d673001e887","name":"R\u00e9dac. NEWS","sameAs":["http:\/\/www.newsestlyonnais.fr","https:\/\/www.facebook.com\/pascal.oberson.1?fref=ts","https:\/\/fr.linkedin.com\/in\/pascal-oberson-b17045113"],"url":"https:\/\/newsestlyonnais.fr\/site\/author\/nel\/"}]}},"_links":{"self":[{"href":"https:\/\/newsestlyonnais.fr\/site\/wp-json\/wp\/v2\/posts\/105127","targetHints":{"allow":["GET"]}}],"collection":[{"href":"https:\/\/newsestlyonnais.fr\/site\/wp-json\/wp\/v2\/posts"}],"about":[{"href":"https:\/\/newsestlyonnais.fr\/site\/wp-json\/wp\/v2\/types\/post"}],"author":[{"embeddable":true,"href":"https:\/\/newsestlyonnais.fr\/site\/wp-json\/wp\/v2\/users\/4"}],"replies":[{"embeddable":true,"href":"https:\/\/newsestlyonnais.fr\/site\/wp-json\/wp\/v2\/comments?post=105127"}],"version-history":[{"count":0,"href":"https:\/\/newsestlyonnais.fr\/site\/wp-json\/wp\/v2\/posts\/105127\/revisions"}],"wp:featuredmedia":[{"embeddable":true,"href":"https:\/\/newsestlyonnais.fr\/site\/wp-json\/wp\/v2\/media\/92203"}],"wp:attachment":[{"href":"https:\/\/newsestlyonnais.fr\/site\/wp-json\/wp\/v2\/media?parent=105127"}],"wp:term":[{"taxonomy":"category","embeddable":true,"href":"https:\/\/newsestlyonnais.fr\/site\/wp-json\/wp\/v2\/categories?post=105127"},{"taxonomy":"post_tag","embeddable":true,"href":"https:\/\/newsestlyonnais.fr\/site\/wp-json\/wp\/v2\/tags?post=105127"}],"curies":[{"name":"wp","href":"https:\/\/api.w.org\/{rel}","templated":true}]}}