{"id":105359,"date":"2020-06-29T12:59:58","date_gmt":"2020-06-29T11:59:58","guid":{"rendered":"http:\/\/newsestlyonnais.fr\/site\/?p=105359"},"modified":"2020-06-29T12:59:58","modified_gmt":"2020-06-29T11:59:58","slug":"venissieux-pique-nique-republicain-du-14-juillet","status":"publish","type":"post","link":"https:\/\/newsestlyonnais.fr\/site\/2020\/06\/29\/venissieux-pique-nique-republicain-du-14-juillet\/","title":{"rendered":"VENISSIEUX | Pique-nique r\u00e9publicain du 14 juillet"},"content":{"rendered":"<p>Ceci malgr\u00e9 l\u2019annulation des F\u00eates Escales et dans le respect des consignes sanitaires en vigueur.<\/p>\n<h4 class=\" text-justify\"><strong>De midi jusqu\u2019\u00e0 19 heures, venez d\u00e9couvrir dans le Parc Louis-Dupic :<\/strong><\/h4>\n<ul>\n<li><strong>la fanfare Eric le Rouge, <\/strong><\/li>\n<li><strong>la Compagnie Traction Avant,<\/strong><\/li>\n<li><strong> la fanfare Boumtchak de l\u2018\u00c9cole de Musique Jean-Wiener, <\/strong><\/li>\n<li><strong>le DJ Zajazza <\/strong><\/li>\n<li><strong>la traditionnelle dict\u00e9e r\u00e9publicaine \u00e9nonc\u00e9e par Thierry Renard de l\u2019Espace Pandora.<\/strong><\/li>\n<\/ul>\n<h4 class=\" text-justify\">Cette journ\u00e9e d&rsquo;\u00e9changes et de partage sera cl\u00f4tur\u00e9e autour de l&rsquo;ap\u00e9ritif r\u00e9publicain du Maire.<\/h4>\n<p>&#8212;&#8212;&#8212;&#8212;&#8212;&#8212;&#8212;&#8212;&#8212;&#8212;&#8212;&#8212;&#8212;&#8212;&#8212;&#8212;&#8212;&#8212;&#8212;&#8212;&#8212;&#8212;&#8212;&#8212;&#8212;&#8212;&#8212;&#8212;&#8212;&#8212;&#8212;&#8212;&#8212;&#8212;&#8212;&#8212;&#8212;&#8212;&#8212;&#8212;&#8212;&#8212;&#8212;&#8212;&#8212;<\/p>\n<p class=\" text-justify\"><strong>NOTA<\/strong> : Attentifs \u00e0 la s\u00e9curit\u00e9 de tous, le site sera adapt\u00e9 au respect des gestes barri\u00e8re. Les interventions artistiques seront r\u00e9parties sur 3 espaces sc\u00e9niques distincts afin de mieux r\u00e9partir les spectateurs et ainsi \u00e9viter les effets d\u2019attroupements. Deux points d\u2019eau, des toilettes et du gel hydroalcoolique seront mis \u00e0 la disposition des spectateurs.<\/p>\n<p class=\" text-justify\">Il est conseill\u00e9 d&rsquo;apporter son pique nique et une restauration l\u00e9g\u00e8re sera \u00e9galement propos\u00e9e sur place gr\u00e2ce \u00e0 un foodtruck.<\/p>\n<p class=\" text-justify\">Il est important de ne pas oublier la situation actuelle et de continuer \u00e0 maintenir les gestes barri\u00e8res. C\u2019est en restant prudent que nous nous prot\u00e9geons et prot\u00e9geons notre entourage. _______________________________________________________________________________<\/p>\n<p class=\" text-justify\"><strong><u>Pour rappel<\/u><\/strong> : le festival F\u00eates Escales devait avoir lieu cette ann\u00e9e du 13 au 15 juillet et a d\u00fb \u00eatre annul\u00e9 en raison de la crise sanitaire et suite aux mesures gouvernementales interdisant les festivals de l&rsquo;\u00e9t\u00e9. Les artistes programm\u00e9s cette ann\u00e9e r\u00e9servent des surprises avec des contenus \u00e0 retrouver sur les r\u00e9seaux sociaux du Festival F\u00eates Escales et de la Ville de V\u00e9nissieux aux dates initialement pr\u00e9vues. ________________________________________________________________________________<\/p>\n<h4 class=\" text-justify\">Rendez-vous pour notre pique-nique r\u00e9publicain, mardi 14 juillet 2020 de 12 h \u00e0 19 h au parc Louis-Dupic.<\/h4>\n<hr \/>\n<ul>\n<li>Source \/ Communiqu\u00e9 de presse &amp; PHOTO A LA UNE : droits r\u00e9serv\u00e9s \/ Ville de V\u00e9nissieux<\/li>\n<\/ul>\n","protected":false},"excerpt":{"rendered":"<p>La Ville de V\u00e9nissieux et les \u00e9quipes du festival ont mis tout en \u0153uvre pour maintenir ce rendez-vous annuel et garder son esprit convivial.<\/p>\n","protected":false},"author":4,"featured_media":105367,"comment_status":"open","ping_status":"open","sticky":false,"template":"","format":"standard","meta":{"footnotes":""},"categories":[2217,18,1298],"tags":[2067],"class_list":["post-105359","post","type-post","status-publish","format-standard","has-post-thumbnail","hentry","category-breves-de-lest-lyonnais","category-sante-bien-etre-solidarite","category-venissieux","tag-venissieux"],"yoast_head":"<!-- This site is optimized with the Yoast SEO plugin v27.2 - https:\/\/yoast.com\/product\/yoast-seo-wordpress\/ -->\n<title>VENISSIEUX | Pique-nique r\u00e9publicain du 14 juillet - News Est Lyonnais<\/title>\n<meta name=\"description\" content=\"VENISSIEUX | Pique-nique r\u00e9publicain du 14 juillet\" \/>\n<meta name=\"robots\" content=\"index, follow, max-snippet:-1, max-image-preview:large, max-video-preview:-1\" \/>\n<link rel=\"canonical\" href=\"https:\/\/newsestlyonnais.fr\/site\/2020\/06\/29\/venissieux-pique-nique-republicain-du-14-juillet\/\" \/>\n<meta property=\"og:locale\" content=\"fr_FR\" \/>\n<meta property=\"og:type\" content=\"article\" \/>\n<meta property=\"og:title\" content=\"VENISSIEUX | Pique-nique r\u00e9publicain du 14 juillet - News Est Lyonnais\" \/>\n<meta property=\"og:description\" content=\"VENISSIEUX | Pique-nique r\u00e9publicain du 14 juillet\" \/>\n<meta property=\"og:url\" content=\"https:\/\/newsestlyonnais.fr\/site\/2020\/06\/29\/venissieux-pique-nique-republicain-du-14-juillet\/\" \/>\n<meta property=\"og:site_name\" content=\"News Est Lyonnais\" \/>\n<meta property=\"article:author\" content=\"https:\/\/www.facebook.com\/pascal.oberson.1?fref=ts\" \/>\n<meta property=\"article:published_time\" content=\"2020-06-29T11:59:58+00:00\" \/>\n<meta property=\"og:image\" content=\"https:\/\/i2.wp.com\/newsestlyonnais.fr\/site\/wp-content\/uploads\/2020\/06\/COVID19-Pique-nique-republicain-du-14-juillet-2020_pressrelease.jpg?fit=642%2C374&ssl=1\" \/>\n\t<meta property=\"og:image:width\" content=\"642\" \/>\n\t<meta property=\"og:image:height\" content=\"374\" \/>\n\t<meta property=\"og:image:type\" content=\"image\/jpeg\" \/>\n<meta name=\"author\" content=\"R\u00e9dac. NEWS\" \/>\n<meta name=\"twitter:card\" content=\"summary_large_image\" \/>\n<meta name=\"twitter:label1\" content=\"\u00c9crit par\" \/>\n\t<meta name=\"twitter:data1\" content=\"R\u00e9dac. NEWS\" \/>\n\t<meta name=\"twitter:label2\" content=\"Dur\u00e9e de lecture estim\u00e9e\" \/>\n\t<meta name=\"twitter:data2\" content=\"2 minutes\" \/>\n<script type=\"application\/ld+json\" class=\"yoast-schema-graph\">{\"@context\":\"https:\/\/schema.org\",\"@graph\":[{\"@type\":\"Article\",\"@id\":\"https:\/\/newsestlyonnais.fr\/site\/2020\/06\/29\/venissieux-pique-nique-republicain-du-14-juillet\/#article\",\"isPartOf\":{\"@id\":\"https:\/\/newsestlyonnais.fr\/site\/2020\/06\/29\/venissieux-pique-nique-republicain-du-14-juillet\/\"},\"author\":{\"name\":\"R\u00e9dac. NEWS\",\"@id\":\"https:\/\/newsestlyonnais.fr\/site\/#\/schema\/person\/3230d5615f390bb808365d673001e887\"},\"headline\":\"VENISSIEUX | Pique-nique r\u00e9publicain du 14 juillet\",\"datePublished\":\"2020-06-29T11:59:58+00:00\",\"mainEntityOfPage\":{\"@id\":\"https:\/\/newsestlyonnais.fr\/site\/2020\/06\/29\/venissieux-pique-nique-republicain-du-14-juillet\/\"},\"wordCount\":313,\"commentCount\":0,\"publisher\":{\"@id\":\"https:\/\/newsestlyonnais.fr\/site\/#organization\"},\"image\":{\"@id\":\"https:\/\/newsestlyonnais.fr\/site\/2020\/06\/29\/venissieux-pique-nique-republicain-du-14-juillet\/#primaryimage\"},\"thumbnailUrl\":\"https:\/\/newsestlyonnais.fr\/site\/wp-content\/uploads\/2020\/06\/COVID19-Pique-nique-republicain-du-14-juillet-2020_pressrelease.jpg\",\"keywords\":[\"VENISSIEUX\"],\"articleSection\":[\"Br\u00e8ves de l'Est lyonnais\",\"Sant\u00e9 | Bien Etre | Solidarit\u00e9\",\"V\u00e9nissieux\"],\"inLanguage\":\"fr-FR\",\"potentialAction\":[{\"@type\":\"CommentAction\",\"name\":\"Comment\",\"target\":[\"https:\/\/newsestlyonnais.fr\/site\/2020\/06\/29\/venissieux-pique-nique-republicain-du-14-juillet\/#respond\"]}]},{\"@type\":\"WebPage\",\"@id\":\"https:\/\/newsestlyonnais.fr\/site\/2020\/06\/29\/venissieux-pique-nique-republicain-du-14-juillet\/\",\"url\":\"https:\/\/newsestlyonnais.fr\/site\/2020\/06\/29\/venissieux-pique-nique-republicain-du-14-juillet\/\",\"name\":\"VENISSIEUX | Pique-nique r\u00e9publicain du 14 juillet - News Est Lyonnais\",\"isPartOf\":{\"@id\":\"https:\/\/newsestlyonnais.fr\/site\/#website\"},\"primaryImageOfPage\":{\"@id\":\"https:\/\/newsestlyonnais.fr\/site\/2020\/06\/29\/venissieux-pique-nique-republicain-du-14-juillet\/#primaryimage\"},\"image\":{\"@id\":\"https:\/\/newsestlyonnais.fr\/site\/2020\/06\/29\/venissieux-pique-nique-republicain-du-14-juillet\/#primaryimage\"},\"thumbnailUrl\":\"https:\/\/newsestlyonnais.fr\/site\/wp-content\/uploads\/2020\/06\/COVID19-Pique-nique-republicain-du-14-juillet-2020_pressrelease.jpg\",\"datePublished\":\"2020-06-29T11:59:58+00:00\",\"description\":\"VENISSIEUX | Pique-nique r\u00e9publicain du 14 juillet\",\"breadcrumb\":{\"@id\":\"https:\/\/newsestlyonnais.fr\/site\/2020\/06\/29\/venissieux-pique-nique-republicain-du-14-juillet\/#breadcrumb\"},\"inLanguage\":\"fr-FR\",\"potentialAction\":[{\"@type\":\"ReadAction\",\"target\":[\"https:\/\/newsestlyonnais.fr\/site\/2020\/06\/29\/venissieux-pique-nique-republicain-du-14-juillet\/\"]}]},{\"@type\":\"ImageObject\",\"inLanguage\":\"fr-FR\",\"@id\":\"https:\/\/newsestlyonnais.fr\/site\/2020\/06\/29\/venissieux-pique-nique-republicain-du-14-juillet\/#primaryimage\",\"url\":\"https:\/\/newsestlyonnais.fr\/site\/wp-content\/uploads\/2020\/06\/COVID19-Pique-nique-republicain-du-14-juillet-2020_pressrelease.jpg\",\"contentUrl\":\"https:\/\/newsestlyonnais.fr\/site\/wp-content\/uploads\/2020\/06\/COVID19-Pique-nique-republicain-du-14-juillet-2020_pressrelease.jpg\",\"width\":642,\"height\":374},{\"@type\":\"BreadcrumbList\",\"@id\":\"https:\/\/newsestlyonnais.fr\/site\/2020\/06\/29\/venissieux-pique-nique-republicain-du-14-juillet\/#breadcrumb\",\"itemListElement\":[{\"@type\":\"ListItem\",\"position\":1,\"name\":\"Accueil\",\"item\":\"https:\/\/newsestlyonnais.fr\/site\/\"},{\"@type\":\"ListItem\",\"position\":2,\"name\":\"VENISSIEUX | Pique-nique r\u00e9publicain du 14 juillet\"}]},{\"@type\":\"WebSite\",\"@id\":\"https:\/\/newsestlyonnais.fr\/site\/#website\",\"url\":\"https:\/\/newsestlyonnais.fr\/site\/\",\"name\":\"News Est Lyonnais\",\"description\":\"L&#039;actualit\u00e9 au plus pr\u00e8s\",\"publisher\":{\"@id\":\"https:\/\/newsestlyonnais.fr\/site\/#organization\"},\"potentialAction\":[{\"@type\":\"SearchAction\",\"target\":{\"@type\":\"EntryPoint\",\"urlTemplate\":\"https:\/\/newsestlyonnais.fr\/site\/?s={search_term_string}\"},\"query-input\":{\"@type\":\"PropertyValueSpecification\",\"valueRequired\":true,\"valueName\":\"search_term_string\"}}],\"inLanguage\":\"fr-FR\"},{\"@type\":\"Organization\",\"@id\":\"https:\/\/newsestlyonnais.fr\/site\/#organization\",\"name\":\"News EST LYONNAIS\",\"url\":\"https:\/\/newsestlyonnais.fr\/site\/\",\"logo\":{\"@type\":\"ImageObject\",\"inLanguage\":\"fr-FR\",\"@id\":\"https:\/\/newsestlyonnais.fr\/site\/#\/schema\/logo\/image\/\",\"url\":\"\",\"contentUrl\":\"\",\"caption\":\"News EST LYONNAIS\"},\"image\":{\"@id\":\"https:\/\/newsestlyonnais.fr\/site\/#\/schema\/logo\/image\/\"}},{\"@type\":\"Person\",\"@id\":\"https:\/\/newsestlyonnais.fr\/site\/#\/schema\/person\/3230d5615f390bb808365d673001e887\",\"name\":\"R\u00e9dac. NEWS\",\"sameAs\":[\"http:\/\/www.newsestlyonnais.fr\",\"https:\/\/www.facebook.com\/pascal.oberson.1?fref=ts\",\"https:\/\/fr.linkedin.com\/in\/pascal-oberson-b17045113\"],\"url\":\"https:\/\/newsestlyonnais.fr\/site\/author\/nel\/\"}]}<\/script>\n<!-- \/ Yoast SEO plugin. -->","yoast_head_json":{"title":"VENISSIEUX | Pique-nique r\u00e9publicain du 14 juillet - News Est Lyonnais","description":"VENISSIEUX | Pique-nique r\u00e9publicain du 14 juillet","robots":{"index":"index","follow":"follow","max-snippet":"max-snippet:-1","max-image-preview":"max-image-preview:large","max-video-preview":"max-video-preview:-1"},"canonical":"https:\/\/newsestlyonnais.fr\/site\/2020\/06\/29\/venissieux-pique-nique-republicain-du-14-juillet\/","og_locale":"fr_FR","og_type":"article","og_title":"VENISSIEUX | Pique-nique r\u00e9publicain du 14 juillet - News Est Lyonnais","og_description":"VENISSIEUX | Pique-nique r\u00e9publicain du 14 juillet","og_url":"https:\/\/newsestlyonnais.fr\/site\/2020\/06\/29\/venissieux-pique-nique-republicain-du-14-juillet\/","og_site_name":"News Est Lyonnais","article_author":"https:\/\/www.facebook.com\/pascal.oberson.1?fref=ts","article_published_time":"2020-06-29T11:59:58+00:00","og_image":[{"width":642,"height":374,"url":"https:\/\/i2.wp.com\/newsestlyonnais.fr\/site\/wp-content\/uploads\/2020\/06\/COVID19-Pique-nique-republicain-du-14-juillet-2020_pressrelease.jpg?fit=642%2C374&ssl=1","type":"image\/jpeg"}],"author":"R\u00e9dac. NEWS","twitter_card":"summary_large_image","twitter_misc":{"\u00c9crit par":"R\u00e9dac. NEWS","Dur\u00e9e de lecture estim\u00e9e":"2 minutes"},"schema":{"@context":"https:\/\/schema.org","@graph":[{"@type":"Article","@id":"https:\/\/newsestlyonnais.fr\/site\/2020\/06\/29\/venissieux-pique-nique-republicain-du-14-juillet\/#article","isPartOf":{"@id":"https:\/\/newsestlyonnais.fr\/site\/2020\/06\/29\/venissieux-pique-nique-republicain-du-14-juillet\/"},"author":{"name":"R\u00e9dac. NEWS","@id":"https:\/\/newsestlyonnais.fr\/site\/#\/schema\/person\/3230d5615f390bb808365d673001e887"},"headline":"VENISSIEUX | Pique-nique r\u00e9publicain du 14 juillet","datePublished":"2020-06-29T11:59:58+00:00","mainEntityOfPage":{"@id":"https:\/\/newsestlyonnais.fr\/site\/2020\/06\/29\/venissieux-pique-nique-republicain-du-14-juillet\/"},"wordCount":313,"commentCount":0,"publisher":{"@id":"https:\/\/newsestlyonnais.fr\/site\/#organization"},"image":{"@id":"https:\/\/newsestlyonnais.fr\/site\/2020\/06\/29\/venissieux-pique-nique-republicain-du-14-juillet\/#primaryimage"},"thumbnailUrl":"https:\/\/newsestlyonnais.fr\/site\/wp-content\/uploads\/2020\/06\/COVID19-Pique-nique-republicain-du-14-juillet-2020_pressrelease.jpg","keywords":["VENISSIEUX"],"articleSection":["Br\u00e8ves de l'Est lyonnais","Sant\u00e9 | Bien Etre | Solidarit\u00e9","V\u00e9nissieux"],"inLanguage":"fr-FR","potentialAction":[{"@type":"CommentAction","name":"Comment","target":["https:\/\/newsestlyonnais.fr\/site\/2020\/06\/29\/venissieux-pique-nique-republicain-du-14-juillet\/#respond"]}]},{"@type":"WebPage","@id":"https:\/\/newsestlyonnais.fr\/site\/2020\/06\/29\/venissieux-pique-nique-republicain-du-14-juillet\/","url":"https:\/\/newsestlyonnais.fr\/site\/2020\/06\/29\/venissieux-pique-nique-republicain-du-14-juillet\/","name":"VENISSIEUX | Pique-nique r\u00e9publicain du 14 juillet - News Est Lyonnais","isPartOf":{"@id":"https:\/\/newsestlyonnais.fr\/site\/#website"},"primaryImageOfPage":{"@id":"https:\/\/newsestlyonnais.fr\/site\/2020\/06\/29\/venissieux-pique-nique-republicain-du-14-juillet\/#primaryimage"},"image":{"@id":"https:\/\/newsestlyonnais.fr\/site\/2020\/06\/29\/venissieux-pique-nique-republicain-du-14-juillet\/#primaryimage"},"thumbnailUrl":"https:\/\/newsestlyonnais.fr\/site\/wp-content\/uploads\/2020\/06\/COVID19-Pique-nique-republicain-du-14-juillet-2020_pressrelease.jpg","datePublished":"2020-06-29T11:59:58+00:00","description":"VENISSIEUX | Pique-nique r\u00e9publicain du 14 juillet","breadcrumb":{"@id":"https:\/\/newsestlyonnais.fr\/site\/2020\/06\/29\/venissieux-pique-nique-republicain-du-14-juillet\/#breadcrumb"},"inLanguage":"fr-FR","potentialAction":[{"@type":"ReadAction","target":["https:\/\/newsestlyonnais.fr\/site\/2020\/06\/29\/venissieux-pique-nique-republicain-du-14-juillet\/"]}]},{"@type":"ImageObject","inLanguage":"fr-FR","@id":"https:\/\/newsestlyonnais.fr\/site\/2020\/06\/29\/venissieux-pique-nique-republicain-du-14-juillet\/#primaryimage","url":"https:\/\/newsestlyonnais.fr\/site\/wp-content\/uploads\/2020\/06\/COVID19-Pique-nique-republicain-du-14-juillet-2020_pressrelease.jpg","contentUrl":"https:\/\/newsestlyonnais.fr\/site\/wp-content\/uploads\/2020\/06\/COVID19-Pique-nique-republicain-du-14-juillet-2020_pressrelease.jpg","width":642,"height":374},{"@type":"BreadcrumbList","@id":"https:\/\/newsestlyonnais.fr\/site\/2020\/06\/29\/venissieux-pique-nique-republicain-du-14-juillet\/#breadcrumb","itemListElement":[{"@type":"ListItem","position":1,"name":"Accueil","item":"https:\/\/newsestlyonnais.fr\/site\/"},{"@type":"ListItem","position":2,"name":"VENISSIEUX | Pique-nique r\u00e9publicain du 14 juillet"}]},{"@type":"WebSite","@id":"https:\/\/newsestlyonnais.fr\/site\/#website","url":"https:\/\/newsestlyonnais.fr\/site\/","name":"News Est Lyonnais","description":"L&#039;actualit\u00e9 au plus pr\u00e8s","publisher":{"@id":"https:\/\/newsestlyonnais.fr\/site\/#organization"},"potentialAction":[{"@type":"SearchAction","target":{"@type":"EntryPoint","urlTemplate":"https:\/\/newsestlyonnais.fr\/site\/?s={search_term_string}"},"query-input":{"@type":"PropertyValueSpecification","valueRequired":true,"valueName":"search_term_string"}}],"inLanguage":"fr-FR"},{"@type":"Organization","@id":"https:\/\/newsestlyonnais.fr\/site\/#organization","name":"News EST LYONNAIS","url":"https:\/\/newsestlyonnais.fr\/site\/","logo":{"@type":"ImageObject","inLanguage":"fr-FR","@id":"https:\/\/newsestlyonnais.fr\/site\/#\/schema\/logo\/image\/","url":"","contentUrl":"","caption":"News EST LYONNAIS"},"image":{"@id":"https:\/\/newsestlyonnais.fr\/site\/#\/schema\/logo\/image\/"}},{"@type":"Person","@id":"https:\/\/newsestlyonnais.fr\/site\/#\/schema\/person\/3230d5615f390bb808365d673001e887","name":"R\u00e9dac. NEWS","sameAs":["http:\/\/www.newsestlyonnais.fr","https:\/\/www.facebook.com\/pascal.oberson.1?fref=ts","https:\/\/fr.linkedin.com\/in\/pascal-oberson-b17045113"],"url":"https:\/\/newsestlyonnais.fr\/site\/author\/nel\/"}]}},"_links":{"self":[{"href":"https:\/\/newsestlyonnais.fr\/site\/wp-json\/wp\/v2\/posts\/105359","targetHints":{"allow":["GET"]}}],"collection":[{"href":"https:\/\/newsestlyonnais.fr\/site\/wp-json\/wp\/v2\/posts"}],"about":[{"href":"https:\/\/newsestlyonnais.fr\/site\/wp-json\/wp\/v2\/types\/post"}],"author":[{"embeddable":true,"href":"https:\/\/newsestlyonnais.fr\/site\/wp-json\/wp\/v2\/users\/4"}],"replies":[{"embeddable":true,"href":"https:\/\/newsestlyonnais.fr\/site\/wp-json\/wp\/v2\/comments?post=105359"}],"version-history":[{"count":0,"href":"https:\/\/newsestlyonnais.fr\/site\/wp-json\/wp\/v2\/posts\/105359\/revisions"}],"wp:featuredmedia":[{"embeddable":true,"href":"https:\/\/newsestlyonnais.fr\/site\/wp-json\/wp\/v2\/media\/105367"}],"wp:attachment":[{"href":"https:\/\/newsestlyonnais.fr\/site\/wp-json\/wp\/v2\/media?parent=105359"}],"wp:term":[{"taxonomy":"category","embeddable":true,"href":"https:\/\/newsestlyonnais.fr\/site\/wp-json\/wp\/v2\/categories?post=105359"},{"taxonomy":"post_tag","embeddable":true,"href":"https:\/\/newsestlyonnais.fr\/site\/wp-json\/wp\/v2\/tags?post=105359"}],"curies":[{"name":"wp","href":"https:\/\/api.w.org\/{rel}","templated":true}]}}