{"id":105467,"date":"2020-06-30T15:38:27","date_gmt":"2020-06-30T14:38:27","guid":{"rendered":"http:\/\/newsestlyonnais.fr\/site\/?p=105467"},"modified":"2020-11-07T09:08:30","modified_gmt":"2020-11-07T08:08:30","slug":"saint-fons-1-2-3-soleil","status":"publish","type":"post","link":"https:\/\/newsestlyonnais.fr\/site\/2020\/06\/30\/saint-fons-1-2-3-soleil\/","title":{"rendered":"SAINT-FONS | 1..2..3..SOLEIL !"},"content":{"rendered":"<div class=\"detail\">\n<p>Et si vous bougiez cet \u00e9t\u00e9 ! ? La ville de Saint-Fons vous propose diff\u00e9rentes activit\u00e9s \u00e0 pratiquer en famille, entre amis ou seul, durant les 2 prochains mois.<\/p>\n<p>Venez <strong>faire du sport<\/strong> (boxe, gym douce, marche nordique), <strong>assister \u00e0 des spectacles<\/strong> (th\u00e9\u00e2tre, musique) ou tout simplement <strong>parler autour d\u2019un caf\u00e9<\/strong> (m\u00e9diation nomade).<\/p>\n<p>En partenariat avec le COSF, les Centres Sociaux Arc-en-ciel, l\u2019Espace cr\u00e9ateur de solidarit\u00e9s, Gym Boxing et le MAN. ________________________________________________________________________________<\/p>\n<ul>\n<li><strong>Programme des activit\u00e9s propos\u00e9es en juillet &amp; ao\u00fbt 2020<\/strong> :\u00a0 <a href=\"https:\/\/www.saint-fons.fr\/download\/Education\/1_2_3_soleil_complets.pdf\">https:\/\/www.saint-fons.fr\/download\/Education\/1_2_3_soleil_complets.pdf<\/a><\/li>\n<li><strong>Lieux des diverses animations et contact<\/strong> <em>:\u00a0<a href=\"https:\/\/www.saint-fons.fr\/download\/Education\/1__2_3_soleil_a3_lieux_web_2020.pdf\">https:\/\/www.saint-fons.fr\/download\/Education\/1__2_3_soleil_a3_lieux_web_2020.pdf<\/a><\/em> ____________________________________________________________________________<\/li>\n<\/ul>\n<\/div>\n","protected":false},"excerpt":{"rendered":"<p>Animations estivales et gratuites, activit\u00e9s \u00e0 pratiquer en famille, entre amis ou seul, durant les 2 prochains mois.<\/p>\n","protected":false},"author":4,"featured_media":105468,"comment_status":"open","ping_status":"open","sticky":false,"template":"","format":"standard","meta":{"footnotes":""},"categories":[2217,171,1297],"tags":[2188],"class_list":["post-105467","post","type-post","status-publish","format-standard","has-post-thumbnail","hentry","category-breves-de-lest-lyonnais","category-enfance-jeunesse","category-saint-fons","tag-saint-fons"],"yoast_head":"<!-- This site is optimized with the Yoast SEO plugin v27.2 - https:\/\/yoast.com\/product\/yoast-seo-wordpress\/ -->\n<title>SAINT-FONS | 1..2..3..SOLEIL ! - News Est Lyonnais<\/title>\n<meta name=\"description\" content=\"SAINT-FONS | 1..2..3..SOLEIL !\" \/>\n<meta name=\"robots\" content=\"index, follow, max-snippet:-1, max-image-preview:large, max-video-preview:-1\" \/>\n<link rel=\"canonical\" href=\"https:\/\/newsestlyonnais.fr\/site\/2020\/06\/30\/saint-fons-1-2-3-soleil\/\" \/>\n<meta property=\"og:locale\" content=\"fr_FR\" \/>\n<meta property=\"og:type\" content=\"article\" \/>\n<meta property=\"og:title\" content=\"SAINT-FONS | 1..2..3..SOLEIL ! - News Est Lyonnais\" \/>\n<meta property=\"og:description\" content=\"SAINT-FONS | 1..2..3..SOLEIL !\" \/>\n<meta property=\"og:url\" content=\"https:\/\/newsestlyonnais.fr\/site\/2020\/06\/30\/saint-fons-1-2-3-soleil\/\" \/>\n<meta property=\"og:site_name\" content=\"News Est Lyonnais\" \/>\n<meta property=\"article:author\" content=\"https:\/\/www.facebook.com\/pascal.oberson.1?fref=ts\" \/>\n<meta property=\"article:published_time\" content=\"2020-06-30T14:38:27+00:00\" \/>\n<meta property=\"article:modified_time\" content=\"2020-11-07T08:08:30+00:00\" \/>\n<meta property=\"og:image\" content=\"https:\/\/i0.wp.com\/newsestlyonnais.fr\/site\/wp-content\/uploads\/2020\/06\/NEWSESTLYONNAIS-1-22-3-SOLEIL-ST-FONS.jpg?fit=845%2C390&ssl=1\" \/>\n\t<meta property=\"og:image:width\" content=\"845\" \/>\n\t<meta property=\"og:image:height\" content=\"390\" \/>\n\t<meta property=\"og:image:type\" content=\"image\/jpeg\" \/>\n<meta name=\"author\" content=\"R\u00e9dac. NEWS\" \/>\n<meta name=\"twitter:card\" content=\"summary_large_image\" \/>\n<meta name=\"twitter:label1\" content=\"\u00c9crit par\" \/>\n\t<meta name=\"twitter:data1\" content=\"R\u00e9dac. NEWS\" \/>\n\t<meta name=\"twitter:label2\" content=\"Dur\u00e9e de lecture estim\u00e9e\" \/>\n\t<meta name=\"twitter:data2\" content=\"1 minute\" \/>\n<script type=\"application\/ld+json\" class=\"yoast-schema-graph\">{\"@context\":\"https:\/\/schema.org\",\"@graph\":[{\"@type\":\"Article\",\"@id\":\"https:\/\/newsestlyonnais.fr\/site\/2020\/06\/30\/saint-fons-1-2-3-soleil\/#article\",\"isPartOf\":{\"@id\":\"https:\/\/newsestlyonnais.fr\/site\/2020\/06\/30\/saint-fons-1-2-3-soleil\/\"},\"author\":{\"name\":\"R\u00e9dac. NEWS\",\"@id\":\"https:\/\/newsestlyonnais.fr\/site\/#\/schema\/person\/3230d5615f390bb808365d673001e887\"},\"headline\":\"SAINT-FONS | 1..2..3..SOLEIL !\",\"datePublished\":\"2020-06-30T14:38:27+00:00\",\"dateModified\":\"2020-11-07T08:08:30+00:00\",\"mainEntityOfPage\":{\"@id\":\"https:\/\/newsestlyonnais.fr\/site\/2020\/06\/30\/saint-fons-1-2-3-soleil\/\"},\"wordCount\":113,\"commentCount\":0,\"publisher\":{\"@id\":\"https:\/\/newsestlyonnais.fr\/site\/#organization\"},\"image\":{\"@id\":\"https:\/\/newsestlyonnais.fr\/site\/2020\/06\/30\/saint-fons-1-2-3-soleil\/#primaryimage\"},\"thumbnailUrl\":\"https:\/\/newsestlyonnais.fr\/site\/wp-content\/uploads\/2020\/06\/NEWSESTLYONNAIS-1-22-3-SOLEIL-ST-FONS.jpg\",\"keywords\":[\"SAINT FONS\"],\"articleSection\":[\"Br\u00e8ves de l'Est lyonnais\",\"Enfance | Jeunesse\",\"Saint-Fons\"],\"inLanguage\":\"fr-FR\",\"potentialAction\":[{\"@type\":\"CommentAction\",\"name\":\"Comment\",\"target\":[\"https:\/\/newsestlyonnais.fr\/site\/2020\/06\/30\/saint-fons-1-2-3-soleil\/#respond\"]}]},{\"@type\":\"WebPage\",\"@id\":\"https:\/\/newsestlyonnais.fr\/site\/2020\/06\/30\/saint-fons-1-2-3-soleil\/\",\"url\":\"https:\/\/newsestlyonnais.fr\/site\/2020\/06\/30\/saint-fons-1-2-3-soleil\/\",\"name\":\"SAINT-FONS | 1..2..3..SOLEIL ! - News Est Lyonnais\",\"isPartOf\":{\"@id\":\"https:\/\/newsestlyonnais.fr\/site\/#website\"},\"primaryImageOfPage\":{\"@id\":\"https:\/\/newsestlyonnais.fr\/site\/2020\/06\/30\/saint-fons-1-2-3-soleil\/#primaryimage\"},\"image\":{\"@id\":\"https:\/\/newsestlyonnais.fr\/site\/2020\/06\/30\/saint-fons-1-2-3-soleil\/#primaryimage\"},\"thumbnailUrl\":\"https:\/\/newsestlyonnais.fr\/site\/wp-content\/uploads\/2020\/06\/NEWSESTLYONNAIS-1-22-3-SOLEIL-ST-FONS.jpg\",\"datePublished\":\"2020-06-30T14:38:27+00:00\",\"dateModified\":\"2020-11-07T08:08:30+00:00\",\"description\":\"SAINT-FONS | 1..2..3..SOLEIL !\",\"breadcrumb\":{\"@id\":\"https:\/\/newsestlyonnais.fr\/site\/2020\/06\/30\/saint-fons-1-2-3-soleil\/#breadcrumb\"},\"inLanguage\":\"fr-FR\",\"potentialAction\":[{\"@type\":\"ReadAction\",\"target\":[\"https:\/\/newsestlyonnais.fr\/site\/2020\/06\/30\/saint-fons-1-2-3-soleil\/\"]}]},{\"@type\":\"ImageObject\",\"inLanguage\":\"fr-FR\",\"@id\":\"https:\/\/newsestlyonnais.fr\/site\/2020\/06\/30\/saint-fons-1-2-3-soleil\/#primaryimage\",\"url\":\"https:\/\/newsestlyonnais.fr\/site\/wp-content\/uploads\/2020\/06\/NEWSESTLYONNAIS-1-22-3-SOLEIL-ST-FONS.jpg\",\"contentUrl\":\"https:\/\/newsestlyonnais.fr\/site\/wp-content\/uploads\/2020\/06\/NEWSESTLYONNAIS-1-22-3-SOLEIL-ST-FONS.jpg\",\"width\":845,\"height\":390},{\"@type\":\"BreadcrumbList\",\"@id\":\"https:\/\/newsestlyonnais.fr\/site\/2020\/06\/30\/saint-fons-1-2-3-soleil\/#breadcrumb\",\"itemListElement\":[{\"@type\":\"ListItem\",\"position\":1,\"name\":\"Accueil\",\"item\":\"https:\/\/newsestlyonnais.fr\/site\/\"},{\"@type\":\"ListItem\",\"position\":2,\"name\":\"SAINT-FONS | 1..2..3..SOLEIL !\"}]},{\"@type\":\"WebSite\",\"@id\":\"https:\/\/newsestlyonnais.fr\/site\/#website\",\"url\":\"https:\/\/newsestlyonnais.fr\/site\/\",\"name\":\"News Est Lyonnais\",\"description\":\"L&#039;actualit\u00e9 au plus pr\u00e8s\",\"publisher\":{\"@id\":\"https:\/\/newsestlyonnais.fr\/site\/#organization\"},\"potentialAction\":[{\"@type\":\"SearchAction\",\"target\":{\"@type\":\"EntryPoint\",\"urlTemplate\":\"https:\/\/newsestlyonnais.fr\/site\/?s={search_term_string}\"},\"query-input\":{\"@type\":\"PropertyValueSpecification\",\"valueRequired\":true,\"valueName\":\"search_term_string\"}}],\"inLanguage\":\"fr-FR\"},{\"@type\":\"Organization\",\"@id\":\"https:\/\/newsestlyonnais.fr\/site\/#organization\",\"name\":\"News EST LYONNAIS\",\"url\":\"https:\/\/newsestlyonnais.fr\/site\/\",\"logo\":{\"@type\":\"ImageObject\",\"inLanguage\":\"fr-FR\",\"@id\":\"https:\/\/newsestlyonnais.fr\/site\/#\/schema\/logo\/image\/\",\"url\":\"\",\"contentUrl\":\"\",\"caption\":\"News EST LYONNAIS\"},\"image\":{\"@id\":\"https:\/\/newsestlyonnais.fr\/site\/#\/schema\/logo\/image\/\"}},{\"@type\":\"Person\",\"@id\":\"https:\/\/newsestlyonnais.fr\/site\/#\/schema\/person\/3230d5615f390bb808365d673001e887\",\"name\":\"R\u00e9dac. NEWS\",\"sameAs\":[\"http:\/\/www.newsestlyonnais.fr\",\"https:\/\/www.facebook.com\/pascal.oberson.1?fref=ts\",\"https:\/\/fr.linkedin.com\/in\/pascal-oberson-b17045113\"],\"url\":\"https:\/\/newsestlyonnais.fr\/site\/author\/nel\/\"}]}<\/script>\n<!-- \/ Yoast SEO plugin. -->","yoast_head_json":{"title":"SAINT-FONS | 1..2..3..SOLEIL ! - News Est Lyonnais","description":"SAINT-FONS | 1..2..3..SOLEIL !","robots":{"index":"index","follow":"follow","max-snippet":"max-snippet:-1","max-image-preview":"max-image-preview:large","max-video-preview":"max-video-preview:-1"},"canonical":"https:\/\/newsestlyonnais.fr\/site\/2020\/06\/30\/saint-fons-1-2-3-soleil\/","og_locale":"fr_FR","og_type":"article","og_title":"SAINT-FONS | 1..2..3..SOLEIL ! - News Est Lyonnais","og_description":"SAINT-FONS | 1..2..3..SOLEIL !","og_url":"https:\/\/newsestlyonnais.fr\/site\/2020\/06\/30\/saint-fons-1-2-3-soleil\/","og_site_name":"News Est Lyonnais","article_author":"https:\/\/www.facebook.com\/pascal.oberson.1?fref=ts","article_published_time":"2020-06-30T14:38:27+00:00","article_modified_time":"2020-11-07T08:08:30+00:00","og_image":[{"width":845,"height":390,"url":"https:\/\/i0.wp.com\/newsestlyonnais.fr\/site\/wp-content\/uploads\/2020\/06\/NEWSESTLYONNAIS-1-22-3-SOLEIL-ST-FONS.jpg?fit=845%2C390&ssl=1","type":"image\/jpeg"}],"author":"R\u00e9dac. NEWS","twitter_card":"summary_large_image","twitter_misc":{"\u00c9crit par":"R\u00e9dac. NEWS","Dur\u00e9e de lecture estim\u00e9e":"1 minute"},"schema":{"@context":"https:\/\/schema.org","@graph":[{"@type":"Article","@id":"https:\/\/newsestlyonnais.fr\/site\/2020\/06\/30\/saint-fons-1-2-3-soleil\/#article","isPartOf":{"@id":"https:\/\/newsestlyonnais.fr\/site\/2020\/06\/30\/saint-fons-1-2-3-soleil\/"},"author":{"name":"R\u00e9dac. NEWS","@id":"https:\/\/newsestlyonnais.fr\/site\/#\/schema\/person\/3230d5615f390bb808365d673001e887"},"headline":"SAINT-FONS | 1..2..3..SOLEIL !","datePublished":"2020-06-30T14:38:27+00:00","dateModified":"2020-11-07T08:08:30+00:00","mainEntityOfPage":{"@id":"https:\/\/newsestlyonnais.fr\/site\/2020\/06\/30\/saint-fons-1-2-3-soleil\/"},"wordCount":113,"commentCount":0,"publisher":{"@id":"https:\/\/newsestlyonnais.fr\/site\/#organization"},"image":{"@id":"https:\/\/newsestlyonnais.fr\/site\/2020\/06\/30\/saint-fons-1-2-3-soleil\/#primaryimage"},"thumbnailUrl":"https:\/\/newsestlyonnais.fr\/site\/wp-content\/uploads\/2020\/06\/NEWSESTLYONNAIS-1-22-3-SOLEIL-ST-FONS.jpg","keywords":["SAINT FONS"],"articleSection":["Br\u00e8ves de l'Est lyonnais","Enfance | Jeunesse","Saint-Fons"],"inLanguage":"fr-FR","potentialAction":[{"@type":"CommentAction","name":"Comment","target":["https:\/\/newsestlyonnais.fr\/site\/2020\/06\/30\/saint-fons-1-2-3-soleil\/#respond"]}]},{"@type":"WebPage","@id":"https:\/\/newsestlyonnais.fr\/site\/2020\/06\/30\/saint-fons-1-2-3-soleil\/","url":"https:\/\/newsestlyonnais.fr\/site\/2020\/06\/30\/saint-fons-1-2-3-soleil\/","name":"SAINT-FONS | 1..2..3..SOLEIL ! - News Est Lyonnais","isPartOf":{"@id":"https:\/\/newsestlyonnais.fr\/site\/#website"},"primaryImageOfPage":{"@id":"https:\/\/newsestlyonnais.fr\/site\/2020\/06\/30\/saint-fons-1-2-3-soleil\/#primaryimage"},"image":{"@id":"https:\/\/newsestlyonnais.fr\/site\/2020\/06\/30\/saint-fons-1-2-3-soleil\/#primaryimage"},"thumbnailUrl":"https:\/\/newsestlyonnais.fr\/site\/wp-content\/uploads\/2020\/06\/NEWSESTLYONNAIS-1-22-3-SOLEIL-ST-FONS.jpg","datePublished":"2020-06-30T14:38:27+00:00","dateModified":"2020-11-07T08:08:30+00:00","description":"SAINT-FONS | 1..2..3..SOLEIL !","breadcrumb":{"@id":"https:\/\/newsestlyonnais.fr\/site\/2020\/06\/30\/saint-fons-1-2-3-soleil\/#breadcrumb"},"inLanguage":"fr-FR","potentialAction":[{"@type":"ReadAction","target":["https:\/\/newsestlyonnais.fr\/site\/2020\/06\/30\/saint-fons-1-2-3-soleil\/"]}]},{"@type":"ImageObject","inLanguage":"fr-FR","@id":"https:\/\/newsestlyonnais.fr\/site\/2020\/06\/30\/saint-fons-1-2-3-soleil\/#primaryimage","url":"https:\/\/newsestlyonnais.fr\/site\/wp-content\/uploads\/2020\/06\/NEWSESTLYONNAIS-1-22-3-SOLEIL-ST-FONS.jpg","contentUrl":"https:\/\/newsestlyonnais.fr\/site\/wp-content\/uploads\/2020\/06\/NEWSESTLYONNAIS-1-22-3-SOLEIL-ST-FONS.jpg","width":845,"height":390},{"@type":"BreadcrumbList","@id":"https:\/\/newsestlyonnais.fr\/site\/2020\/06\/30\/saint-fons-1-2-3-soleil\/#breadcrumb","itemListElement":[{"@type":"ListItem","position":1,"name":"Accueil","item":"https:\/\/newsestlyonnais.fr\/site\/"},{"@type":"ListItem","position":2,"name":"SAINT-FONS | 1..2..3..SOLEIL !"}]},{"@type":"WebSite","@id":"https:\/\/newsestlyonnais.fr\/site\/#website","url":"https:\/\/newsestlyonnais.fr\/site\/","name":"News Est Lyonnais","description":"L&#039;actualit\u00e9 au plus pr\u00e8s","publisher":{"@id":"https:\/\/newsestlyonnais.fr\/site\/#organization"},"potentialAction":[{"@type":"SearchAction","target":{"@type":"EntryPoint","urlTemplate":"https:\/\/newsestlyonnais.fr\/site\/?s={search_term_string}"},"query-input":{"@type":"PropertyValueSpecification","valueRequired":true,"valueName":"search_term_string"}}],"inLanguage":"fr-FR"},{"@type":"Organization","@id":"https:\/\/newsestlyonnais.fr\/site\/#organization","name":"News EST LYONNAIS","url":"https:\/\/newsestlyonnais.fr\/site\/","logo":{"@type":"ImageObject","inLanguage":"fr-FR","@id":"https:\/\/newsestlyonnais.fr\/site\/#\/schema\/logo\/image\/","url":"","contentUrl":"","caption":"News EST LYONNAIS"},"image":{"@id":"https:\/\/newsestlyonnais.fr\/site\/#\/schema\/logo\/image\/"}},{"@type":"Person","@id":"https:\/\/newsestlyonnais.fr\/site\/#\/schema\/person\/3230d5615f390bb808365d673001e887","name":"R\u00e9dac. NEWS","sameAs":["http:\/\/www.newsestlyonnais.fr","https:\/\/www.facebook.com\/pascal.oberson.1?fref=ts","https:\/\/fr.linkedin.com\/in\/pascal-oberson-b17045113"],"url":"https:\/\/newsestlyonnais.fr\/site\/author\/nel\/"}]}},"_links":{"self":[{"href":"https:\/\/newsestlyonnais.fr\/site\/wp-json\/wp\/v2\/posts\/105467","targetHints":{"allow":["GET"]}}],"collection":[{"href":"https:\/\/newsestlyonnais.fr\/site\/wp-json\/wp\/v2\/posts"}],"about":[{"href":"https:\/\/newsestlyonnais.fr\/site\/wp-json\/wp\/v2\/types\/post"}],"author":[{"embeddable":true,"href":"https:\/\/newsestlyonnais.fr\/site\/wp-json\/wp\/v2\/users\/4"}],"replies":[{"embeddable":true,"href":"https:\/\/newsestlyonnais.fr\/site\/wp-json\/wp\/v2\/comments?post=105467"}],"version-history":[{"count":0,"href":"https:\/\/newsestlyonnais.fr\/site\/wp-json\/wp\/v2\/posts\/105467\/revisions"}],"wp:featuredmedia":[{"embeddable":true,"href":"https:\/\/newsestlyonnais.fr\/site\/wp-json\/wp\/v2\/media\/105468"}],"wp:attachment":[{"href":"https:\/\/newsestlyonnais.fr\/site\/wp-json\/wp\/v2\/media?parent=105467"}],"wp:term":[{"taxonomy":"category","embeddable":true,"href":"https:\/\/newsestlyonnais.fr\/site\/wp-json\/wp\/v2\/categories?post=105467"},{"taxonomy":"post_tag","embeddable":true,"href":"https:\/\/newsestlyonnais.fr\/site\/wp-json\/wp\/v2\/tags?post=105467"}],"curies":[{"name":"wp","href":"https:\/\/api.w.org\/{rel}","templated":true}]}}