{"id":105517,"date":"2020-07-04T06:26:11","date_gmt":"2020-07-04T05:26:11","guid":{"rendered":"http:\/\/newsestlyonnais.fr\/site\/?p=105517"},"modified":"2020-07-05T05:53:07","modified_gmt":"2020-07-05T04:53:07","slug":"pusignan-les-falcons-changent-de-president","status":"publish","type":"post","link":"https:\/\/newsestlyonnais.fr\/site\/2020\/07\/04\/pusignan-les-falcons-changent-de-president\/","title":{"rendered":"PUSIGNAN | Les Falcons changent de pr\u00e9sident"},"content":{"rendered":"<p><img loading=\"lazy\" decoding=\"async\" class=\"alignleft wp-image-105606 size-thumbnail\" src=\"https:\/\/newsestlyonnais.fr\/site\/medias\/2020\/07\/20200630_194944-250x444.jpg\" alt=\"\" width=\"84\" height=\"150\" srcset=\"https:\/\/newsestlyonnais.fr\/site\/wp-content\/uploads\/2020\/07\/20200630_194944-250x444.jpg 250w, https:\/\/newsestlyonnais.fr\/site\/wp-content\/uploads\/2020\/07\/20200630_194944-400x711.jpg 400w, https:\/\/newsestlyonnais.fr\/site\/wp-content\/uploads\/2020\/07\/20200630_194944-650x1156.jpg 650w, https:\/\/newsestlyonnais.fr\/site\/wp-content\/uploads\/2020\/07\/20200630_194944-768x1365.jpg 768w, https:\/\/newsestlyonnais.fr\/site\/wp-content\/uploads\/2020\/07\/20200630_194944-864x1536.jpg 864w, https:\/\/newsestlyonnais.fr\/site\/wp-content\/uploads\/2020\/07\/20200630_194944-1152x2048.jpg 1152w, https:\/\/newsestlyonnais.fr\/site\/wp-content\/uploads\/2020\/07\/20200630_194944-150x267.jpg 150w, https:\/\/newsestlyonnais.fr\/site\/wp-content\/uploads\/2020\/07\/20200630_194944-50x89.jpg 50w, https:\/\/newsestlyonnais.fr\/site\/wp-content\/uploads\/2020\/07\/20200630_194944-100x178.jpg 100w, https:\/\/newsestlyonnais.fr\/site\/wp-content\/uploads\/2020\/07\/20200630_194944-200x356.jpg 200w, https:\/\/newsestlyonnais.fr\/site\/wp-content\/uploads\/2020\/07\/20200630_194944-300x533.jpg 300w, https:\/\/newsestlyonnais.fr\/site\/wp-content\/uploads\/2020\/07\/20200630_194944-350x622.jpg 350w, https:\/\/newsestlyonnais.fr\/site\/wp-content\/uploads\/2020\/07\/20200630_194944-450x800.jpg 450w, https:\/\/newsestlyonnais.fr\/site\/wp-content\/uploads\/2020\/07\/20200630_194944-500x889.jpg 500w, https:\/\/newsestlyonnais.fr\/site\/wp-content\/uploads\/2020\/07\/20200630_194944-550x978.jpg 550w, https:\/\/newsestlyonnais.fr\/site\/wp-content\/uploads\/2020\/07\/20200630_194944-800x1422.jpg 800w, https:\/\/newsestlyonnais.fr\/site\/wp-content\/uploads\/2020\/07\/20200630_194944-1200x2133.jpg 1200w, https:\/\/newsestlyonnais.fr\/site\/wp-content\/uploads\/2020\/07\/20200630_194944-1600x2844.jpg 1600w, https:\/\/newsestlyonnais.fr\/site\/wp-content\/uploads\/2020\/07\/20200630_194944-1320x2347.jpg 1320w, https:\/\/newsestlyonnais.fr\/site\/wp-content\/uploads\/2020\/07\/20200630_194944-scaled.jpg 1440w\" sizes=\"auto, (max-width: 84px) 100vw, 84px\" \/><\/p>\n<p>\u00a0\u00bb Il \u00e9tait clair et je l&rsquo;avais dit du d\u00e9part, que je ne resterais pas plus longtemps que ces 2 ann\u00e9es \u00e0 la pr\u00e9sidence. Cela a \u00e9t\u00e9 au del\u00e0 de mes esp\u00e9rances, avec notamment 51 gamins inscrits dont 50 de la commune. Je me suis rendu compte que je ne suis plus fait pour g\u00e9rer un club (il a auparavant pr\u00e9sid\u00e9 l&rsquo;AL Meyzieu Basket durant 15 ans), c&rsquo;est compliqu\u00e9 avec beaucoup de contraintes. Je reviendrais comme simple supporter, c&rsquo;est mon temp\u00e9rament. Il faut savoir passer la main et puis Christopher s&rsquo;est propos\u00e9 et cela me va tr\u00e8s bien. Je sais comment il voit le basket et on est sur la m\u00eame longueur d&rsquo;ondes ! \u00a0\u00bb conclut <strong>Eric Patton <\/strong>(\u00e0 gauche sur la photo avec le joueur Lionel Cinato) \u00e0 l&rsquo;issue de cette saison sp\u00e9ciale. ________________________________________________________________________________<\/p>\n<p><strong>Son jeune successeur (31 ans) Christopher Fournier<\/strong> connait parfaitement la maison puisque ce pusignanais a fait partie de l&rsquo;\u00e9quipe qui a port\u00e9 les premi\u00e8res couleurs du club, avec une triple casquette (joueur, membre du bureau et coach des U11) ! \u00a0\u00bb J&rsquo;\u00e9tais sur la politique d&rsquo;Eric et on y restera sur la suite. Le but n&rsquo;est pas de tout chambouler, cela s&rsquo;est bien pass\u00e9 et on a \u00e9t\u00e9 bien suivi par la mairie. De nouveaux joueurs vont arriver et int\u00e9grer l&rsquo;\u00e9quipe 2 en doublant avec la une. Dans les petites cat\u00e9gories, on va essayer de se structurer au niveau des encadrants et l&rsquo;<strong>on recherche d&rsquo;ailleurs des \u00e9ducateurs en U9 et U13<\/strong> ! Nos jeunes sont tous des d\u00e9butants et il faut trouver un syst\u00e8me pour les faire progresser. On a comme projet d&rsquo;organiser des C.T.C. et comme objectifs sportifs pour les seniors d&rsquo;arriver \u00e0 monter au plus haut niveau d\u00e9partemental et jouer les coupes \u00e0 fond. Et le plus gros objectif \u00e9tant de gagner la coupe du Rh\u00f4ne. L&rsquo;effectif des seniors ne devrait pas changer m\u00eame s&rsquo;il demeure des interrogations sur ses joueurs par rapport \u00e0 leur situation professionnelle ou voulant arr\u00eater le basket apr\u00e8s une longue carri\u00e8re comme Lionel Cinato\u00a0\u00bb. _______________________________________________________________________________<\/p>\n<p><img loading=\"lazy\" decoding=\"async\" class=\"alignleft wp-image-23750 size-thumbnail\" src=\"https:\/\/newsestlyonnais.fr\/site\/medias\/2017\/03\/NEWSESTLYONNAIS-MICRO-150x150.png\" alt=\"NEWSESTLYONNAIS MICRO\" width=\"150\" height=\"150\" \/>Une transition qui s&rsquo;est faite en coulisses d\u00e9but juin et qui sera officialis\u00e9e en AG d\u00e9but septembre. Ancien et nouveau pr\u00e9sidents se rejoignent pour nous dresser un bilan global et sportif d&rsquo;un exercice 2019\/2020 qui restera \u00e0 tout jamais comme in\u00e9dit : \u00ab\u00a0notre \u00e9quipe 1 devait monter en DM1 et on a un sentiment d&rsquo;inachev\u00e9 par rapport aux gars. Un groupe super qu&rsquo;on avait plaisir \u00e0 voir jouer et qui m\u00e9ritait d&rsquo;\u00eatre au plus haut niveau d\u00e9partemental. Il y plus de positif que de n\u00e9gatif, c&rsquo;est clair ! L&rsquo;effectif cette saison \u00e9tait compos\u00e9 de 79 licenci\u00e9s dont une cinquantaine de jeunes, tous de la commune. Au d\u00e9part en montant une \u00e9quipe seniors 1 on \u00e9tait certain de cr\u00e9er de l&rsquo;engouement et \u00e0 pr\u00e9sent on a 6 \u00e9quipes. 2 en seniors, 4 chez les jeunes, en U7 (qui joue des plateaux), en U9,U11 et U13 (lanc\u00e9e cette ann\u00e9e). Suite au confinement, on a stopp\u00e9 l&rsquo;activit\u00e9 et les liens sur le terrain entre les \u00e9quipes et nous n&rsquo;avons pas de salari\u00e9. Cela nous a emp\u00e8ch\u00e9 de tenir notre AG et notre journ\u00e9e club o\u00f9 l&rsquo;on voulait joindre l&rsquo;utile et l&rsquo;agr\u00e9able en ins\u00e9rant notre remise de r\u00e9compenses. Une saison inachev\u00e9e o\u00f9 ont \u00e9t\u00e9 annul\u00e9es toutes les mont\u00e9es et descentes sauf cas exceptionnel d&rsquo;\u00e9quipes ne se r\u00e9engageant pas. On \u00e9tait en t\u00eate de la poule (avec une seule d\u00e9faite), demi-finaliste de la Coupe du Rh\u00f4ne interrompue et on a \u00e9t\u00e9 \u00e9limin\u00e9 en 1\/4 de finale de la Coupe du Lyonnais. On avait un groupe de plus de 10 joueurs dont 5 \u00e0 6 de niveaux sup\u00e9rieurs, le but \u00e9tant de faire plaisir \u00e0 tout le monde. Un ranking a \u00e9t\u00e9 mis en place avec un classement des 4 poules de DM21 en tenant compte du nombre de d\u00e9faites et des points average. On a perdu un match dans des conditions compliqu\u00e9es, on est compl\u00e8tement frustr\u00e9 et on a d\u00e9pos\u00e9 une r\u00e9clamation sur ce match-l\u00e0. On a \u00e9t\u00e9 fair-play mais il n&rsquo; y avait pas d&rsquo;arbitre officiel. Notre bureau dirigeant s&rsquo;agrandit et va passer de 5 \u00e0 8 membres ave l&rsquo;arriv\u00e9e de nouveaux b\u00e9n\u00e9voles investis. Sportivement la saison reprendra mi-septembre avec la Coupe du Lyonnais puis le dernier week-end pour le championnat \u00ab\u00a0. ________________________________________________________________________________<\/p>\n<p><strong>PHOTO A LA UNE<\/strong> (de gauche \u00e0 droite) : Eric Patton et son jeune successeur Christopher Fournier. ________________________________________________________________________________<\/p>\n<ul>\n<li><em><strong>NOTA<\/strong> <\/em>: Les Falcons participeront au Forum des associations de la commune (5 septembre \u00e0 l&rsquo;Odyss\u00e9e), tiendront leur AG d\u00e9but septembre et organiseront une brocante (en novembre) et un loto (d\u00e9but 2021).<\/li>\n<li>Toute l\u2019ACTU du club sur : <a href=\"https:\/\/www.facebook.com\/FalconsPusignan\">https:\/\/www.facebook.com\/FalconsPusignan<\/a> ____________________________________________________________________________<\/li>\n<\/ul>\n","protected":false},"excerpt":{"rendered":"<p>Fondateur du club de basket en 2018, Eric Patton avait annonc\u00e9 qu&rsquo;il resterait deux ann\u00e9es afin de lancer la section.  <\/p>\n","protected":false},"author":4,"featured_media":105574,"comment_status":"open","ping_status":"open","sticky":false,"template":"","format":"standard","meta":{"footnotes":""},"categories":[1357,2975,270,1279,2],"tags":[2060,2710,2062],"class_list":["post-105517","post","type-post","status-publish","format-standard","has-post-thumbnail","hentry","category-basket","category-basket-hand-volley-sports","category-cte-de-communes-c-c-e-l","category-jons-pusignan","category-sports","tag-basket","tag-les-falcons","tag-pusignan"],"yoast_head":"<!-- This site is optimized with the Yoast SEO plugin v27.2 - https:\/\/yoast.com\/product\/yoast-seo-wordpress\/ -->\n<title>PUSIGNAN | Les Falcons changent de pr\u00e9sident - News Est Lyonnais<\/title>\n<meta name=\"description\" content=\"PUSIGNAN | Les Falcons changent de pr\u00e9sident\" \/>\n<meta name=\"robots\" content=\"index, follow, max-snippet:-1, max-image-preview:large, max-video-preview:-1\" \/>\n<link rel=\"canonical\" href=\"https:\/\/newsestlyonnais.fr\/site\/2020\/07\/04\/pusignan-les-falcons-changent-de-president\/\" \/>\n<meta property=\"og:locale\" content=\"fr_FR\" \/>\n<meta property=\"og:type\" content=\"article\" \/>\n<meta property=\"og:title\" content=\"PUSIGNAN | Les Falcons changent de pr\u00e9sident - News Est Lyonnais\" \/>\n<meta property=\"og:description\" content=\"PUSIGNAN | Les Falcons changent de pr\u00e9sident\" \/>\n<meta property=\"og:url\" content=\"https:\/\/newsestlyonnais.fr\/site\/2020\/07\/04\/pusignan-les-falcons-changent-de-president\/\" \/>\n<meta property=\"og:site_name\" content=\"News Est Lyonnais\" \/>\n<meta property=\"article:author\" content=\"https:\/\/www.facebook.com\/pascal.oberson.1?fref=ts\" \/>\n<meta property=\"article:published_time\" content=\"2020-07-04T05:26:11+00:00\" \/>\n<meta property=\"article:modified_time\" content=\"2020-07-05T04:53:07+00:00\" \/>\n<meta property=\"og:image\" content=\"https:\/\/i0.wp.com\/newsestlyonnais.fr\/site\/wp-content\/uploads\/2020\/07\/20200630_194850.jpg?fit=1200%2C800&ssl=1\" \/>\n\t<meta property=\"og:image:width\" content=\"1200\" \/>\n\t<meta property=\"og:image:height\" content=\"800\" \/>\n\t<meta property=\"og:image:type\" content=\"image\/jpeg\" \/>\n<meta name=\"author\" content=\"R\u00e9dac. NEWS\" \/>\n<meta name=\"twitter:card\" content=\"summary_large_image\" \/>\n<meta name=\"twitter:label1\" content=\"\u00c9crit par\" \/>\n\t<meta name=\"twitter:data1\" content=\"R\u00e9dac. NEWS\" \/>\n\t<meta name=\"twitter:label2\" content=\"Dur\u00e9e de lecture estim\u00e9e\" \/>\n\t<meta name=\"twitter:data2\" content=\"4 minutes\" \/>\n<script type=\"application\/ld+json\" class=\"yoast-schema-graph\">{\"@context\":\"https:\/\/schema.org\",\"@graph\":[{\"@type\":\"Article\",\"@id\":\"https:\/\/newsestlyonnais.fr\/site\/2020\/07\/04\/pusignan-les-falcons-changent-de-president\/#article\",\"isPartOf\":{\"@id\":\"https:\/\/newsestlyonnais.fr\/site\/2020\/07\/04\/pusignan-les-falcons-changent-de-president\/\"},\"author\":{\"name\":\"R\u00e9dac. NEWS\",\"@id\":\"https:\/\/newsestlyonnais.fr\/site\/#\/schema\/person\/3230d5615f390bb808365d673001e887\"},\"headline\":\"PUSIGNAN | Les Falcons changent de pr\u00e9sident\",\"datePublished\":\"2020-07-04T05:26:11+00:00\",\"dateModified\":\"2020-07-05T04:53:07+00:00\",\"mainEntityOfPage\":{\"@id\":\"https:\/\/newsestlyonnais.fr\/site\/2020\/07\/04\/pusignan-les-falcons-changent-de-president\/\"},\"wordCount\":822,\"commentCount\":0,\"publisher\":{\"@id\":\"https:\/\/newsestlyonnais.fr\/site\/#organization\"},\"image\":{\"@id\":\"https:\/\/newsestlyonnais.fr\/site\/2020\/07\/04\/pusignan-les-falcons-changent-de-president\/#primaryimage\"},\"thumbnailUrl\":\"https:\/\/newsestlyonnais.fr\/site\/wp-content\/uploads\/2020\/07\/20200630_194850.jpg\",\"keywords\":[\"BASKET\",\"LES FALCONS\",\"PUSIGNAN\"],\"articleSection\":[\"Basket\",\"Basket | Hand | Volley\",\"CCEL | Communes\",\"Jons | Pusignan\",\"Sports\"],\"inLanguage\":\"fr-FR\",\"potentialAction\":[{\"@type\":\"CommentAction\",\"name\":\"Comment\",\"target\":[\"https:\/\/newsestlyonnais.fr\/site\/2020\/07\/04\/pusignan-les-falcons-changent-de-president\/#respond\"]}]},{\"@type\":\"WebPage\",\"@id\":\"https:\/\/newsestlyonnais.fr\/site\/2020\/07\/04\/pusignan-les-falcons-changent-de-president\/\",\"url\":\"https:\/\/newsestlyonnais.fr\/site\/2020\/07\/04\/pusignan-les-falcons-changent-de-president\/\",\"name\":\"PUSIGNAN | Les Falcons changent de pr\u00e9sident - News Est Lyonnais\",\"isPartOf\":{\"@id\":\"https:\/\/newsestlyonnais.fr\/site\/#website\"},\"primaryImageOfPage\":{\"@id\":\"https:\/\/newsestlyonnais.fr\/site\/2020\/07\/04\/pusignan-les-falcons-changent-de-president\/#primaryimage\"},\"image\":{\"@id\":\"https:\/\/newsestlyonnais.fr\/site\/2020\/07\/04\/pusignan-les-falcons-changent-de-president\/#primaryimage\"},\"thumbnailUrl\":\"https:\/\/newsestlyonnais.fr\/site\/wp-content\/uploads\/2020\/07\/20200630_194850.jpg\",\"datePublished\":\"2020-07-04T05:26:11+00:00\",\"dateModified\":\"2020-07-05T04:53:07+00:00\",\"description\":\"PUSIGNAN | Les Falcons changent de pr\u00e9sident\",\"breadcrumb\":{\"@id\":\"https:\/\/newsestlyonnais.fr\/site\/2020\/07\/04\/pusignan-les-falcons-changent-de-president\/#breadcrumb\"},\"inLanguage\":\"fr-FR\",\"potentialAction\":[{\"@type\":\"ReadAction\",\"target\":[\"https:\/\/newsestlyonnais.fr\/site\/2020\/07\/04\/pusignan-les-falcons-changent-de-president\/\"]}]},{\"@type\":\"ImageObject\",\"inLanguage\":\"fr-FR\",\"@id\":\"https:\/\/newsestlyonnais.fr\/site\/2020\/07\/04\/pusignan-les-falcons-changent-de-president\/#primaryimage\",\"url\":\"https:\/\/newsestlyonnais.fr\/site\/wp-content\/uploads\/2020\/07\/20200630_194850.jpg\",\"contentUrl\":\"https:\/\/newsestlyonnais.fr\/site\/wp-content\/uploads\/2020\/07\/20200630_194850.jpg\",\"width\":1200,\"height\":800},{\"@type\":\"BreadcrumbList\",\"@id\":\"https:\/\/newsestlyonnais.fr\/site\/2020\/07\/04\/pusignan-les-falcons-changent-de-president\/#breadcrumb\",\"itemListElement\":[{\"@type\":\"ListItem\",\"position\":1,\"name\":\"Accueil\",\"item\":\"https:\/\/newsestlyonnais.fr\/site\/\"},{\"@type\":\"ListItem\",\"position\":2,\"name\":\"PUSIGNAN | Les Falcons changent de pr\u00e9sident\"}]},{\"@type\":\"WebSite\",\"@id\":\"https:\/\/newsestlyonnais.fr\/site\/#website\",\"url\":\"https:\/\/newsestlyonnais.fr\/site\/\",\"name\":\"News Est Lyonnais\",\"description\":\"L&#039;actualit\u00e9 au plus pr\u00e8s\",\"publisher\":{\"@id\":\"https:\/\/newsestlyonnais.fr\/site\/#organization\"},\"potentialAction\":[{\"@type\":\"SearchAction\",\"target\":{\"@type\":\"EntryPoint\",\"urlTemplate\":\"https:\/\/newsestlyonnais.fr\/site\/?s={search_term_string}\"},\"query-input\":{\"@type\":\"PropertyValueSpecification\",\"valueRequired\":true,\"valueName\":\"search_term_string\"}}],\"inLanguage\":\"fr-FR\"},{\"@type\":\"Organization\",\"@id\":\"https:\/\/newsestlyonnais.fr\/site\/#organization\",\"name\":\"News EST LYONNAIS\",\"url\":\"https:\/\/newsestlyonnais.fr\/site\/\",\"logo\":{\"@type\":\"ImageObject\",\"inLanguage\":\"fr-FR\",\"@id\":\"https:\/\/newsestlyonnais.fr\/site\/#\/schema\/logo\/image\/\",\"url\":\"\",\"contentUrl\":\"\",\"caption\":\"News EST LYONNAIS\"},\"image\":{\"@id\":\"https:\/\/newsestlyonnais.fr\/site\/#\/schema\/logo\/image\/\"}},{\"@type\":\"Person\",\"@id\":\"https:\/\/newsestlyonnais.fr\/site\/#\/schema\/person\/3230d5615f390bb808365d673001e887\",\"name\":\"R\u00e9dac. NEWS\",\"sameAs\":[\"http:\/\/www.newsestlyonnais.fr\",\"https:\/\/www.facebook.com\/pascal.oberson.1?fref=ts\",\"https:\/\/fr.linkedin.com\/in\/pascal-oberson-b17045113\"],\"url\":\"https:\/\/newsestlyonnais.fr\/site\/author\/nel\/\"}]}<\/script>\n<!-- \/ Yoast SEO plugin. -->","yoast_head_json":{"title":"PUSIGNAN | Les Falcons changent de pr\u00e9sident - News Est Lyonnais","description":"PUSIGNAN | Les Falcons changent de pr\u00e9sident","robots":{"index":"index","follow":"follow","max-snippet":"max-snippet:-1","max-image-preview":"max-image-preview:large","max-video-preview":"max-video-preview:-1"},"canonical":"https:\/\/newsestlyonnais.fr\/site\/2020\/07\/04\/pusignan-les-falcons-changent-de-president\/","og_locale":"fr_FR","og_type":"article","og_title":"PUSIGNAN | Les Falcons changent de pr\u00e9sident - News Est Lyonnais","og_description":"PUSIGNAN | Les Falcons changent de pr\u00e9sident","og_url":"https:\/\/newsestlyonnais.fr\/site\/2020\/07\/04\/pusignan-les-falcons-changent-de-president\/","og_site_name":"News Est Lyonnais","article_author":"https:\/\/www.facebook.com\/pascal.oberson.1?fref=ts","article_published_time":"2020-07-04T05:26:11+00:00","article_modified_time":"2020-07-05T04:53:07+00:00","og_image":[{"width":1200,"height":800,"url":"https:\/\/i0.wp.com\/newsestlyonnais.fr\/site\/wp-content\/uploads\/2020\/07\/20200630_194850.jpg?fit=1200%2C800&ssl=1","type":"image\/jpeg"}],"author":"R\u00e9dac. NEWS","twitter_card":"summary_large_image","twitter_misc":{"\u00c9crit par":"R\u00e9dac. NEWS","Dur\u00e9e de lecture estim\u00e9e":"4 minutes"},"schema":{"@context":"https:\/\/schema.org","@graph":[{"@type":"Article","@id":"https:\/\/newsestlyonnais.fr\/site\/2020\/07\/04\/pusignan-les-falcons-changent-de-president\/#article","isPartOf":{"@id":"https:\/\/newsestlyonnais.fr\/site\/2020\/07\/04\/pusignan-les-falcons-changent-de-president\/"},"author":{"name":"R\u00e9dac. NEWS","@id":"https:\/\/newsestlyonnais.fr\/site\/#\/schema\/person\/3230d5615f390bb808365d673001e887"},"headline":"PUSIGNAN | Les Falcons changent de pr\u00e9sident","datePublished":"2020-07-04T05:26:11+00:00","dateModified":"2020-07-05T04:53:07+00:00","mainEntityOfPage":{"@id":"https:\/\/newsestlyonnais.fr\/site\/2020\/07\/04\/pusignan-les-falcons-changent-de-president\/"},"wordCount":822,"commentCount":0,"publisher":{"@id":"https:\/\/newsestlyonnais.fr\/site\/#organization"},"image":{"@id":"https:\/\/newsestlyonnais.fr\/site\/2020\/07\/04\/pusignan-les-falcons-changent-de-president\/#primaryimage"},"thumbnailUrl":"https:\/\/newsestlyonnais.fr\/site\/wp-content\/uploads\/2020\/07\/20200630_194850.jpg","keywords":["BASKET","LES FALCONS","PUSIGNAN"],"articleSection":["Basket","Basket | Hand | Volley","CCEL | Communes","Jons | Pusignan","Sports"],"inLanguage":"fr-FR","potentialAction":[{"@type":"CommentAction","name":"Comment","target":["https:\/\/newsestlyonnais.fr\/site\/2020\/07\/04\/pusignan-les-falcons-changent-de-president\/#respond"]}]},{"@type":"WebPage","@id":"https:\/\/newsestlyonnais.fr\/site\/2020\/07\/04\/pusignan-les-falcons-changent-de-president\/","url":"https:\/\/newsestlyonnais.fr\/site\/2020\/07\/04\/pusignan-les-falcons-changent-de-president\/","name":"PUSIGNAN | Les Falcons changent de pr\u00e9sident - News Est Lyonnais","isPartOf":{"@id":"https:\/\/newsestlyonnais.fr\/site\/#website"},"primaryImageOfPage":{"@id":"https:\/\/newsestlyonnais.fr\/site\/2020\/07\/04\/pusignan-les-falcons-changent-de-president\/#primaryimage"},"image":{"@id":"https:\/\/newsestlyonnais.fr\/site\/2020\/07\/04\/pusignan-les-falcons-changent-de-president\/#primaryimage"},"thumbnailUrl":"https:\/\/newsestlyonnais.fr\/site\/wp-content\/uploads\/2020\/07\/20200630_194850.jpg","datePublished":"2020-07-04T05:26:11+00:00","dateModified":"2020-07-05T04:53:07+00:00","description":"PUSIGNAN | Les Falcons changent de pr\u00e9sident","breadcrumb":{"@id":"https:\/\/newsestlyonnais.fr\/site\/2020\/07\/04\/pusignan-les-falcons-changent-de-president\/#breadcrumb"},"inLanguage":"fr-FR","potentialAction":[{"@type":"ReadAction","target":["https:\/\/newsestlyonnais.fr\/site\/2020\/07\/04\/pusignan-les-falcons-changent-de-president\/"]}]},{"@type":"ImageObject","inLanguage":"fr-FR","@id":"https:\/\/newsestlyonnais.fr\/site\/2020\/07\/04\/pusignan-les-falcons-changent-de-president\/#primaryimage","url":"https:\/\/newsestlyonnais.fr\/site\/wp-content\/uploads\/2020\/07\/20200630_194850.jpg","contentUrl":"https:\/\/newsestlyonnais.fr\/site\/wp-content\/uploads\/2020\/07\/20200630_194850.jpg","width":1200,"height":800},{"@type":"BreadcrumbList","@id":"https:\/\/newsestlyonnais.fr\/site\/2020\/07\/04\/pusignan-les-falcons-changent-de-president\/#breadcrumb","itemListElement":[{"@type":"ListItem","position":1,"name":"Accueil","item":"https:\/\/newsestlyonnais.fr\/site\/"},{"@type":"ListItem","position":2,"name":"PUSIGNAN | Les Falcons changent de pr\u00e9sident"}]},{"@type":"WebSite","@id":"https:\/\/newsestlyonnais.fr\/site\/#website","url":"https:\/\/newsestlyonnais.fr\/site\/","name":"News Est Lyonnais","description":"L&#039;actualit\u00e9 au plus pr\u00e8s","publisher":{"@id":"https:\/\/newsestlyonnais.fr\/site\/#organization"},"potentialAction":[{"@type":"SearchAction","target":{"@type":"EntryPoint","urlTemplate":"https:\/\/newsestlyonnais.fr\/site\/?s={search_term_string}"},"query-input":{"@type":"PropertyValueSpecification","valueRequired":true,"valueName":"search_term_string"}}],"inLanguage":"fr-FR"},{"@type":"Organization","@id":"https:\/\/newsestlyonnais.fr\/site\/#organization","name":"News EST LYONNAIS","url":"https:\/\/newsestlyonnais.fr\/site\/","logo":{"@type":"ImageObject","inLanguage":"fr-FR","@id":"https:\/\/newsestlyonnais.fr\/site\/#\/schema\/logo\/image\/","url":"","contentUrl":"","caption":"News EST LYONNAIS"},"image":{"@id":"https:\/\/newsestlyonnais.fr\/site\/#\/schema\/logo\/image\/"}},{"@type":"Person","@id":"https:\/\/newsestlyonnais.fr\/site\/#\/schema\/person\/3230d5615f390bb808365d673001e887","name":"R\u00e9dac. NEWS","sameAs":["http:\/\/www.newsestlyonnais.fr","https:\/\/www.facebook.com\/pascal.oberson.1?fref=ts","https:\/\/fr.linkedin.com\/in\/pascal-oberson-b17045113"],"url":"https:\/\/newsestlyonnais.fr\/site\/author\/nel\/"}]}},"_links":{"self":[{"href":"https:\/\/newsestlyonnais.fr\/site\/wp-json\/wp\/v2\/posts\/105517","targetHints":{"allow":["GET"]}}],"collection":[{"href":"https:\/\/newsestlyonnais.fr\/site\/wp-json\/wp\/v2\/posts"}],"about":[{"href":"https:\/\/newsestlyonnais.fr\/site\/wp-json\/wp\/v2\/types\/post"}],"author":[{"embeddable":true,"href":"https:\/\/newsestlyonnais.fr\/site\/wp-json\/wp\/v2\/users\/4"}],"replies":[{"embeddable":true,"href":"https:\/\/newsestlyonnais.fr\/site\/wp-json\/wp\/v2\/comments?post=105517"}],"version-history":[{"count":0,"href":"https:\/\/newsestlyonnais.fr\/site\/wp-json\/wp\/v2\/posts\/105517\/revisions"}],"wp:featuredmedia":[{"embeddable":true,"href":"https:\/\/newsestlyonnais.fr\/site\/wp-json\/wp\/v2\/media\/105574"}],"wp:attachment":[{"href":"https:\/\/newsestlyonnais.fr\/site\/wp-json\/wp\/v2\/media?parent=105517"}],"wp:term":[{"taxonomy":"category","embeddable":true,"href":"https:\/\/newsestlyonnais.fr\/site\/wp-json\/wp\/v2\/categories?post=105517"},{"taxonomy":"post_tag","embeddable":true,"href":"https:\/\/newsestlyonnais.fr\/site\/wp-json\/wp\/v2\/tags?post=105517"}],"curies":[{"name":"wp","href":"https:\/\/api.w.org\/{rel}","templated":true}]}}