{"id":105881,"date":"2020-07-08T07:52:16","date_gmt":"2020-07-08T06:52:16","guid":{"rendered":"http:\/\/newsestlyonnais.fr\/site\/?p=105881"},"modified":"2020-08-24T14:50:55","modified_gmt":"2020-08-24T13:50:55","slug":"villeurbanne-lavenue-est-a-vous","status":"publish","type":"post","link":"https:\/\/newsestlyonnais.fr\/site\/2020\/07\/08\/villeurbanne-lavenue-est-a-vous\/","title":{"rendered":"VILLEURBANNE | L&rsquo;avenue est \u00e0 vous !"},"content":{"rendered":"<p>Diverses animations (danses, concerts, activit\u00e9s sportives, initiations\u2026) et des ateliers (th\u00e9\u00e2tre, cirque, retouche photo, couture, chant\u2026) qui seront <strong>propos\u00e9s gratuitement en juillet et en ao\u00fbt<\/strong> sur l\u2019avenue Henri-Barbusse, dans le cadre de <strong>Vivez l\u2019\u00e9t\u00e9.<\/strong><\/p>\n<ul>\n<li><em><strong>Plus d&rsquo;infos sur :\u00a0<a href=\"https:\/\/ete.villeurbanne.fr\">https:\/\/ete.villeurbanne.fr<\/a> \u00a0 \u00a0<\/strong> <\/em><\/li>\n<\/ul>\n<p><img loading=\"lazy\" decoding=\"async\" class=\"size-medium wp-image-105884 aligncenter\" src=\"https:\/\/newsestlyonnais.fr\/site\/medias\/2020\/07\/Flyer-PIETONISATION_A3_Vivez-l-ete_BD-page-007-400x566.jpg\" alt=\"\" width=\"212\" height=\"300\" srcset=\"https:\/\/newsestlyonnais.fr\/site\/wp-content\/uploads\/2020\/07\/Flyer-PIETONISATION_A3_Vivez-l-ete_BD-page-007-400x566.jpg 400w, https:\/\/newsestlyonnais.fr\/site\/wp-content\/uploads\/2020\/07\/Flyer-PIETONISATION_A3_Vivez-l-ete_BD-page-007-650x919.jpg 650w, https:\/\/newsestlyonnais.fr\/site\/wp-content\/uploads\/2020\/07\/Flyer-PIETONISATION_A3_Vivez-l-ete_BD-page-007-250x353.jpg 250w, https:\/\/newsestlyonnais.fr\/site\/wp-content\/uploads\/2020\/07\/Flyer-PIETONISATION_A3_Vivez-l-ete_BD-page-007-768x1086.jpg 768w, https:\/\/newsestlyonnais.fr\/site\/wp-content\/uploads\/2020\/07\/Flyer-PIETONISATION_A3_Vivez-l-ete_BD-page-007-150x212.jpg 150w, https:\/\/newsestlyonnais.fr\/site\/wp-content\/uploads\/2020\/07\/Flyer-PIETONISATION_A3_Vivez-l-ete_BD-page-007-50x71.jpg 50w, https:\/\/newsestlyonnais.fr\/site\/wp-content\/uploads\/2020\/07\/Flyer-PIETONISATION_A3_Vivez-l-ete_BD-page-007-100x141.jpg 100w, https:\/\/newsestlyonnais.fr\/site\/wp-content\/uploads\/2020\/07\/Flyer-PIETONISATION_A3_Vivez-l-ete_BD-page-007-200x283.jpg 200w, https:\/\/newsestlyonnais.fr\/site\/wp-content\/uploads\/2020\/07\/Flyer-PIETONISATION_A3_Vivez-l-ete_BD-page-007-300x424.jpg 300w, https:\/\/newsestlyonnais.fr\/site\/wp-content\/uploads\/2020\/07\/Flyer-PIETONISATION_A3_Vivez-l-ete_BD-page-007-350x495.jpg 350w, https:\/\/newsestlyonnais.fr\/site\/wp-content\/uploads\/2020\/07\/Flyer-PIETONISATION_A3_Vivez-l-ete_BD-page-007-450x636.jpg 450w, https:\/\/newsestlyonnais.fr\/site\/wp-content\/uploads\/2020\/07\/Flyer-PIETONISATION_A3_Vivez-l-ete_BD-page-007-500x707.jpg 500w, https:\/\/newsestlyonnais.fr\/site\/wp-content\/uploads\/2020\/07\/Flyer-PIETONISATION_A3_Vivez-l-ete_BD-page-007-550x778.jpg 550w, https:\/\/newsestlyonnais.fr\/site\/wp-content\/uploads\/2020\/07\/Flyer-PIETONISATION_A3_Vivez-l-ete_BD-page-007.jpg 800w\" sizes=\"auto, (max-width: 212px) 100vw, 212px\" \/><\/p>\n","protected":false},"excerpt":{"rendered":"<p>Du 4 juillet au 29 ao\u00fbt, tout un programme d&rsquo;animations, ateliers et spectacles \u00e0 partager sur l&rsquo;avenue Henri Barbusse. <\/p>\n","protected":false},"author":4,"featured_media":105883,"comment_status":"open","ping_status":"open","sticky":false,"template":"","format":"standard","meta":{"footnotes":""},"categories":[29],"tags":[2091],"class_list":["post-105881","post","type-post","status-publish","format-standard","has-post-thumbnail","hentry","category-villeurbanne","tag-villeurbanne"],"yoast_head":"<!-- This site is optimized with the Yoast SEO plugin v27.2 - https:\/\/yoast.com\/product\/yoast-seo-wordpress\/ -->\n<title>VILLEURBANNE | L&#039;avenue est \u00e0 vous ! - News Est Lyonnais<\/title>\n<meta name=\"description\" content=\"VILLEURBANNE | L&#039;avenue est \u00e0 vous !\" \/>\n<meta name=\"robots\" content=\"index, follow, max-snippet:-1, max-image-preview:large, max-video-preview:-1\" \/>\n<link rel=\"canonical\" href=\"https:\/\/newsestlyonnais.fr\/site\/2020\/07\/08\/villeurbanne-lavenue-est-a-vous\/\" \/>\n<meta property=\"og:locale\" content=\"fr_FR\" \/>\n<meta property=\"og:type\" content=\"article\" \/>\n<meta property=\"og:title\" content=\"VILLEURBANNE | L&#039;avenue est \u00e0 vous ! - News Est Lyonnais\" \/>\n<meta property=\"og:description\" content=\"VILLEURBANNE | L&#039;avenue est \u00e0 vous !\" \/>\n<meta property=\"og:url\" content=\"https:\/\/newsestlyonnais.fr\/site\/2020\/07\/08\/villeurbanne-lavenue-est-a-vous\/\" \/>\n<meta property=\"og:site_name\" content=\"News Est Lyonnais\" \/>\n<meta property=\"article:author\" content=\"https:\/\/www.facebook.com\/pascal.oberson.1?fref=ts\" \/>\n<meta property=\"article:published_time\" content=\"2020-07-08T06:52:16+00:00\" \/>\n<meta property=\"article:modified_time\" content=\"2020-08-24T13:50:55+00:00\" \/>\n<meta property=\"og:image\" content=\"https:\/\/i2.wp.com\/newsestlyonnais.fr\/site\/wp-content\/uploads\/2020\/07\/Flyer-PIETONISATION_A3_Vivez-l-ete_BD-page-001.jpg?fit=800%2C1131&ssl=1\" \/>\n\t<meta property=\"og:image:width\" content=\"800\" \/>\n\t<meta property=\"og:image:height\" content=\"1131\" \/>\n\t<meta property=\"og:image:type\" content=\"image\/jpeg\" \/>\n<meta name=\"author\" content=\"R\u00e9dac. NEWS\" \/>\n<meta name=\"twitter:card\" content=\"summary_large_image\" \/>\n<meta name=\"twitter:label1\" content=\"\u00c9crit par\" \/>\n\t<meta name=\"twitter:data1\" content=\"R\u00e9dac. NEWS\" \/>\n<script type=\"application\/ld+json\" class=\"yoast-schema-graph\">{\"@context\":\"https:\/\/schema.org\",\"@graph\":[{\"@type\":\"Article\",\"@id\":\"https:\/\/newsestlyonnais.fr\/site\/2020\/07\/08\/villeurbanne-lavenue-est-a-vous\/#article\",\"isPartOf\":{\"@id\":\"https:\/\/newsestlyonnais.fr\/site\/2020\/07\/08\/villeurbanne-lavenue-est-a-vous\/\"},\"author\":{\"name\":\"R\u00e9dac. NEWS\",\"@id\":\"https:\/\/newsestlyonnais.fr\/site\/#\/schema\/person\/3230d5615f390bb808365d673001e887\"},\"headline\":\"VILLEURBANNE | L&rsquo;avenue est \u00e0 vous !\",\"datePublished\":\"2020-07-08T06:52:16+00:00\",\"dateModified\":\"2020-08-24T13:50:55+00:00\",\"mainEntityOfPage\":{\"@id\":\"https:\/\/newsestlyonnais.fr\/site\/2020\/07\/08\/villeurbanne-lavenue-est-a-vous\/\"},\"wordCount\":53,\"commentCount\":0,\"publisher\":{\"@id\":\"https:\/\/newsestlyonnais.fr\/site\/#organization\"},\"image\":{\"@id\":\"https:\/\/newsestlyonnais.fr\/site\/2020\/07\/08\/villeurbanne-lavenue-est-a-vous\/#primaryimage\"},\"thumbnailUrl\":\"https:\/\/newsestlyonnais.fr\/site\/wp-content\/uploads\/2020\/07\/Flyer-PIETONISATION_A3_Vivez-l-ete_BD-page-001.jpg\",\"keywords\":[\"VILLEURBANNE\"],\"articleSection\":[\"Villeurbanne\"],\"inLanguage\":\"fr-FR\",\"potentialAction\":[{\"@type\":\"CommentAction\",\"name\":\"Comment\",\"target\":[\"https:\/\/newsestlyonnais.fr\/site\/2020\/07\/08\/villeurbanne-lavenue-est-a-vous\/#respond\"]}]},{\"@type\":\"WebPage\",\"@id\":\"https:\/\/newsestlyonnais.fr\/site\/2020\/07\/08\/villeurbanne-lavenue-est-a-vous\/\",\"url\":\"https:\/\/newsestlyonnais.fr\/site\/2020\/07\/08\/villeurbanne-lavenue-est-a-vous\/\",\"name\":\"VILLEURBANNE | L'avenue est \u00e0 vous ! - News Est Lyonnais\",\"isPartOf\":{\"@id\":\"https:\/\/newsestlyonnais.fr\/site\/#website\"},\"primaryImageOfPage\":{\"@id\":\"https:\/\/newsestlyonnais.fr\/site\/2020\/07\/08\/villeurbanne-lavenue-est-a-vous\/#primaryimage\"},\"image\":{\"@id\":\"https:\/\/newsestlyonnais.fr\/site\/2020\/07\/08\/villeurbanne-lavenue-est-a-vous\/#primaryimage\"},\"thumbnailUrl\":\"https:\/\/newsestlyonnais.fr\/site\/wp-content\/uploads\/2020\/07\/Flyer-PIETONISATION_A3_Vivez-l-ete_BD-page-001.jpg\",\"datePublished\":\"2020-07-08T06:52:16+00:00\",\"dateModified\":\"2020-08-24T13:50:55+00:00\",\"description\":\"VILLEURBANNE | L'avenue est \u00e0 vous !\",\"breadcrumb\":{\"@id\":\"https:\/\/newsestlyonnais.fr\/site\/2020\/07\/08\/villeurbanne-lavenue-est-a-vous\/#breadcrumb\"},\"inLanguage\":\"fr-FR\",\"potentialAction\":[{\"@type\":\"ReadAction\",\"target\":[\"https:\/\/newsestlyonnais.fr\/site\/2020\/07\/08\/villeurbanne-lavenue-est-a-vous\/\"]}]},{\"@type\":\"ImageObject\",\"inLanguage\":\"fr-FR\",\"@id\":\"https:\/\/newsestlyonnais.fr\/site\/2020\/07\/08\/villeurbanne-lavenue-est-a-vous\/#primaryimage\",\"url\":\"https:\/\/newsestlyonnais.fr\/site\/wp-content\/uploads\/2020\/07\/Flyer-PIETONISATION_A3_Vivez-l-ete_BD-page-001.jpg\",\"contentUrl\":\"https:\/\/newsestlyonnais.fr\/site\/wp-content\/uploads\/2020\/07\/Flyer-PIETONISATION_A3_Vivez-l-ete_BD-page-001.jpg\",\"width\":800,\"height\":1131},{\"@type\":\"BreadcrumbList\",\"@id\":\"https:\/\/newsestlyonnais.fr\/site\/2020\/07\/08\/villeurbanne-lavenue-est-a-vous\/#breadcrumb\",\"itemListElement\":[{\"@type\":\"ListItem\",\"position\":1,\"name\":\"Accueil\",\"item\":\"https:\/\/newsestlyonnais.fr\/site\/\"},{\"@type\":\"ListItem\",\"position\":2,\"name\":\"VILLEURBANNE | L&rsquo;avenue est \u00e0 vous !\"}]},{\"@type\":\"WebSite\",\"@id\":\"https:\/\/newsestlyonnais.fr\/site\/#website\",\"url\":\"https:\/\/newsestlyonnais.fr\/site\/\",\"name\":\"News Est Lyonnais\",\"description\":\"L&#039;actualit\u00e9 au plus pr\u00e8s\",\"publisher\":{\"@id\":\"https:\/\/newsestlyonnais.fr\/site\/#organization\"},\"potentialAction\":[{\"@type\":\"SearchAction\",\"target\":{\"@type\":\"EntryPoint\",\"urlTemplate\":\"https:\/\/newsestlyonnais.fr\/site\/?s={search_term_string}\"},\"query-input\":{\"@type\":\"PropertyValueSpecification\",\"valueRequired\":true,\"valueName\":\"search_term_string\"}}],\"inLanguage\":\"fr-FR\"},{\"@type\":\"Organization\",\"@id\":\"https:\/\/newsestlyonnais.fr\/site\/#organization\",\"name\":\"News EST LYONNAIS\",\"url\":\"https:\/\/newsestlyonnais.fr\/site\/\",\"logo\":{\"@type\":\"ImageObject\",\"inLanguage\":\"fr-FR\",\"@id\":\"https:\/\/newsestlyonnais.fr\/site\/#\/schema\/logo\/image\/\",\"url\":\"\",\"contentUrl\":\"\",\"caption\":\"News EST LYONNAIS\"},\"image\":{\"@id\":\"https:\/\/newsestlyonnais.fr\/site\/#\/schema\/logo\/image\/\"}},{\"@type\":\"Person\",\"@id\":\"https:\/\/newsestlyonnais.fr\/site\/#\/schema\/person\/3230d5615f390bb808365d673001e887\",\"name\":\"R\u00e9dac. NEWS\",\"sameAs\":[\"http:\/\/www.newsestlyonnais.fr\",\"https:\/\/www.facebook.com\/pascal.oberson.1?fref=ts\",\"https:\/\/fr.linkedin.com\/in\/pascal-oberson-b17045113\"],\"url\":\"https:\/\/newsestlyonnais.fr\/site\/author\/nel\/\"}]}<\/script>\n<!-- \/ Yoast SEO plugin. -->","yoast_head_json":{"title":"VILLEURBANNE | L'avenue est \u00e0 vous ! - News Est Lyonnais","description":"VILLEURBANNE | L'avenue est \u00e0 vous !","robots":{"index":"index","follow":"follow","max-snippet":"max-snippet:-1","max-image-preview":"max-image-preview:large","max-video-preview":"max-video-preview:-1"},"canonical":"https:\/\/newsestlyonnais.fr\/site\/2020\/07\/08\/villeurbanne-lavenue-est-a-vous\/","og_locale":"fr_FR","og_type":"article","og_title":"VILLEURBANNE | L'avenue est \u00e0 vous ! - News Est Lyonnais","og_description":"VILLEURBANNE | L'avenue est \u00e0 vous !","og_url":"https:\/\/newsestlyonnais.fr\/site\/2020\/07\/08\/villeurbanne-lavenue-est-a-vous\/","og_site_name":"News Est Lyonnais","article_author":"https:\/\/www.facebook.com\/pascal.oberson.1?fref=ts","article_published_time":"2020-07-08T06:52:16+00:00","article_modified_time":"2020-08-24T13:50:55+00:00","og_image":[{"width":800,"height":1131,"url":"https:\/\/i2.wp.com\/newsestlyonnais.fr\/site\/wp-content\/uploads\/2020\/07\/Flyer-PIETONISATION_A3_Vivez-l-ete_BD-page-001.jpg?fit=800%2C1131&ssl=1","type":"image\/jpeg"}],"author":"R\u00e9dac. NEWS","twitter_card":"summary_large_image","twitter_misc":{"\u00c9crit par":"R\u00e9dac. NEWS"},"schema":{"@context":"https:\/\/schema.org","@graph":[{"@type":"Article","@id":"https:\/\/newsestlyonnais.fr\/site\/2020\/07\/08\/villeurbanne-lavenue-est-a-vous\/#article","isPartOf":{"@id":"https:\/\/newsestlyonnais.fr\/site\/2020\/07\/08\/villeurbanne-lavenue-est-a-vous\/"},"author":{"name":"R\u00e9dac. NEWS","@id":"https:\/\/newsestlyonnais.fr\/site\/#\/schema\/person\/3230d5615f390bb808365d673001e887"},"headline":"VILLEURBANNE | L&rsquo;avenue est \u00e0 vous !","datePublished":"2020-07-08T06:52:16+00:00","dateModified":"2020-08-24T13:50:55+00:00","mainEntityOfPage":{"@id":"https:\/\/newsestlyonnais.fr\/site\/2020\/07\/08\/villeurbanne-lavenue-est-a-vous\/"},"wordCount":53,"commentCount":0,"publisher":{"@id":"https:\/\/newsestlyonnais.fr\/site\/#organization"},"image":{"@id":"https:\/\/newsestlyonnais.fr\/site\/2020\/07\/08\/villeurbanne-lavenue-est-a-vous\/#primaryimage"},"thumbnailUrl":"https:\/\/newsestlyonnais.fr\/site\/wp-content\/uploads\/2020\/07\/Flyer-PIETONISATION_A3_Vivez-l-ete_BD-page-001.jpg","keywords":["VILLEURBANNE"],"articleSection":["Villeurbanne"],"inLanguage":"fr-FR","potentialAction":[{"@type":"CommentAction","name":"Comment","target":["https:\/\/newsestlyonnais.fr\/site\/2020\/07\/08\/villeurbanne-lavenue-est-a-vous\/#respond"]}]},{"@type":"WebPage","@id":"https:\/\/newsestlyonnais.fr\/site\/2020\/07\/08\/villeurbanne-lavenue-est-a-vous\/","url":"https:\/\/newsestlyonnais.fr\/site\/2020\/07\/08\/villeurbanne-lavenue-est-a-vous\/","name":"VILLEURBANNE | L'avenue est \u00e0 vous ! - News Est Lyonnais","isPartOf":{"@id":"https:\/\/newsestlyonnais.fr\/site\/#website"},"primaryImageOfPage":{"@id":"https:\/\/newsestlyonnais.fr\/site\/2020\/07\/08\/villeurbanne-lavenue-est-a-vous\/#primaryimage"},"image":{"@id":"https:\/\/newsestlyonnais.fr\/site\/2020\/07\/08\/villeurbanne-lavenue-est-a-vous\/#primaryimage"},"thumbnailUrl":"https:\/\/newsestlyonnais.fr\/site\/wp-content\/uploads\/2020\/07\/Flyer-PIETONISATION_A3_Vivez-l-ete_BD-page-001.jpg","datePublished":"2020-07-08T06:52:16+00:00","dateModified":"2020-08-24T13:50:55+00:00","description":"VILLEURBANNE | L'avenue est \u00e0 vous !","breadcrumb":{"@id":"https:\/\/newsestlyonnais.fr\/site\/2020\/07\/08\/villeurbanne-lavenue-est-a-vous\/#breadcrumb"},"inLanguage":"fr-FR","potentialAction":[{"@type":"ReadAction","target":["https:\/\/newsestlyonnais.fr\/site\/2020\/07\/08\/villeurbanne-lavenue-est-a-vous\/"]}]},{"@type":"ImageObject","inLanguage":"fr-FR","@id":"https:\/\/newsestlyonnais.fr\/site\/2020\/07\/08\/villeurbanne-lavenue-est-a-vous\/#primaryimage","url":"https:\/\/newsestlyonnais.fr\/site\/wp-content\/uploads\/2020\/07\/Flyer-PIETONISATION_A3_Vivez-l-ete_BD-page-001.jpg","contentUrl":"https:\/\/newsestlyonnais.fr\/site\/wp-content\/uploads\/2020\/07\/Flyer-PIETONISATION_A3_Vivez-l-ete_BD-page-001.jpg","width":800,"height":1131},{"@type":"BreadcrumbList","@id":"https:\/\/newsestlyonnais.fr\/site\/2020\/07\/08\/villeurbanne-lavenue-est-a-vous\/#breadcrumb","itemListElement":[{"@type":"ListItem","position":1,"name":"Accueil","item":"https:\/\/newsestlyonnais.fr\/site\/"},{"@type":"ListItem","position":2,"name":"VILLEURBANNE | L&rsquo;avenue est \u00e0 vous !"}]},{"@type":"WebSite","@id":"https:\/\/newsestlyonnais.fr\/site\/#website","url":"https:\/\/newsestlyonnais.fr\/site\/","name":"News Est Lyonnais","description":"L&#039;actualit\u00e9 au plus pr\u00e8s","publisher":{"@id":"https:\/\/newsestlyonnais.fr\/site\/#organization"},"potentialAction":[{"@type":"SearchAction","target":{"@type":"EntryPoint","urlTemplate":"https:\/\/newsestlyonnais.fr\/site\/?s={search_term_string}"},"query-input":{"@type":"PropertyValueSpecification","valueRequired":true,"valueName":"search_term_string"}}],"inLanguage":"fr-FR"},{"@type":"Organization","@id":"https:\/\/newsestlyonnais.fr\/site\/#organization","name":"News EST LYONNAIS","url":"https:\/\/newsestlyonnais.fr\/site\/","logo":{"@type":"ImageObject","inLanguage":"fr-FR","@id":"https:\/\/newsestlyonnais.fr\/site\/#\/schema\/logo\/image\/","url":"","contentUrl":"","caption":"News EST LYONNAIS"},"image":{"@id":"https:\/\/newsestlyonnais.fr\/site\/#\/schema\/logo\/image\/"}},{"@type":"Person","@id":"https:\/\/newsestlyonnais.fr\/site\/#\/schema\/person\/3230d5615f390bb808365d673001e887","name":"R\u00e9dac. NEWS","sameAs":["http:\/\/www.newsestlyonnais.fr","https:\/\/www.facebook.com\/pascal.oberson.1?fref=ts","https:\/\/fr.linkedin.com\/in\/pascal-oberson-b17045113"],"url":"https:\/\/newsestlyonnais.fr\/site\/author\/nel\/"}]}},"_links":{"self":[{"href":"https:\/\/newsestlyonnais.fr\/site\/wp-json\/wp\/v2\/posts\/105881","targetHints":{"allow":["GET"]}}],"collection":[{"href":"https:\/\/newsestlyonnais.fr\/site\/wp-json\/wp\/v2\/posts"}],"about":[{"href":"https:\/\/newsestlyonnais.fr\/site\/wp-json\/wp\/v2\/types\/post"}],"author":[{"embeddable":true,"href":"https:\/\/newsestlyonnais.fr\/site\/wp-json\/wp\/v2\/users\/4"}],"replies":[{"embeddable":true,"href":"https:\/\/newsestlyonnais.fr\/site\/wp-json\/wp\/v2\/comments?post=105881"}],"version-history":[{"count":0,"href":"https:\/\/newsestlyonnais.fr\/site\/wp-json\/wp\/v2\/posts\/105881\/revisions"}],"wp:featuredmedia":[{"embeddable":true,"href":"https:\/\/newsestlyonnais.fr\/site\/wp-json\/wp\/v2\/media\/105883"}],"wp:attachment":[{"href":"https:\/\/newsestlyonnais.fr\/site\/wp-json\/wp\/v2\/media?parent=105881"}],"wp:term":[{"taxonomy":"category","embeddable":true,"href":"https:\/\/newsestlyonnais.fr\/site\/wp-json\/wp\/v2\/categories?post=105881"},{"taxonomy":"post_tag","embeddable":true,"href":"https:\/\/newsestlyonnais.fr\/site\/wp-json\/wp\/v2\/tags?post=105881"}],"curies":[{"name":"wp","href":"https:\/\/api.w.org\/{rel}","templated":true}]}}