{"id":105989,"date":"2020-07-09T15:06:03","date_gmt":"2020-07-09T14:06:03","guid":{"rendered":"http:\/\/newsestlyonnais.fr\/site\/?p=105989"},"modified":"2020-07-09T15:06:03","modified_gmt":"2020-07-09T14:06:03","slug":"tcl-les-tickets-de-nouveau-en-vente-a-bord-des-bus","status":"publish","type":"post","link":"https:\/\/newsestlyonnais.fr\/site\/2020\/07\/09\/tcl-les-tickets-de-nouveau-en-vente-a-bord-des-bus\/","title":{"rendered":"TCL | Les tickets de nouveau en vente \u00e0 bord des bus"},"content":{"rendered":"<p>Dans le respect des mesures barri\u00e8res, des vitres de protection ont \u00e9t\u00e9 install\u00e9es entre les conducteurs.trices et les voyageurs.se qui ont l\u2019obligation de porter un masque conform\u00e9ment \u00e0 la r\u00e9glementation. Les voyageurs sont invit\u00e9s \u00e0 faire l\u2019appoint dans la mesure du possible.<\/p>\n<p>Pour limiter les contacts, il est toutefois recommand\u00e9 d\u2019<strong>anticiper l\u2019achat de titres de transport dans l\u2019un des 600 points de vente TCL<\/strong> :<\/p>\n<ul>\n<li>Les <strong>distributeurs automatique<\/strong>s situ\u00e9s aux principaux arr\u00eats de bus et aux stations de m\u00e9tro et tramway.<\/li>\n<li><strong>224 commerces de proximit\u00e9<\/strong> r\u00e9partis sur toute l\u2019agglom\u00e9ration. Recherche en fonction de sa localisation sur : <span style=\"color: #0000ff\"><a style=\"color: #0000ff\" href=\"http:\/\/www.tcl.fr\/se-deplacer\/points-services\">www.tcl.fr\/se-deplacer\/points-services<\/a><\/span>.<\/li>\n<li>Les <strong>agences TCL<\/strong> : en raison de la crise sanitaire l\u2019agence de <strong>Grange Blanche<\/strong> ouvrira ses portes le 24 ao\u00fbt et celle de <strong>Gorge de Loup<\/strong> fermera comme chaque \u00e9t\u00e9 entre le 13 juillet et le 23 ao\u00fbt.<\/li>\n<li>L\u2019<strong>application TCL E-Ticket<\/strong> disponible sur smartphone Android.<\/li>\n<li>Par <strong>SMS<\/strong> en envoyant \u00ab BUS \u00bb au 93069. Ticket valable uniquement dans les bus TCL. ____________________________________________________________________________<\/li>\n<\/ul>\n<p><em><strong>Source : communiqu\u00e9 de presse de ce jour de Keolis.<\/strong><\/em><\/p>\n","protected":false},"excerpt":{"rendered":"<p>L\u2019achat jusqu\u2019ici suspendu en raison de la crise sanitaire, sera de nouveau possible \u00e0 partir de samedi 11 juillet.<\/p>\n","protected":false},"author":4,"featured_media":84714,"comment_status":"open","ping_status":"open","sticky":false,"template":"","format":"standard","meta":{"footnotes":""},"categories":[2217,13],"tags":[2051,2050],"class_list":["post-105989","post","type-post","status-publish","format-standard","has-post-thumbnail","hentry","category-breves-de-lest-lyonnais","category-transports-circulation","tag-tcl","tag-transports"],"yoast_head":"<!-- This site is optimized with the Yoast SEO plugin v27.2 - https:\/\/yoast.com\/product\/yoast-seo-wordpress\/ -->\n<title>TCL | Les tickets de nouveau en vente \u00e0 bord des bus - News Est Lyonnais<\/title>\n<meta name=\"description\" content=\"TCL | Les tickets de nouveau en vente \u00e0 bord des bus\" \/>\n<meta name=\"robots\" content=\"index, follow, max-snippet:-1, max-image-preview:large, max-video-preview:-1\" \/>\n<link rel=\"canonical\" href=\"https:\/\/newsestlyonnais.fr\/site\/2020\/07\/09\/tcl-les-tickets-de-nouveau-en-vente-a-bord-des-bus\/\" \/>\n<meta property=\"og:locale\" content=\"fr_FR\" \/>\n<meta property=\"og:type\" content=\"article\" \/>\n<meta property=\"og:title\" content=\"TCL | Les tickets de nouveau en vente \u00e0 bord des bus - News Est Lyonnais\" \/>\n<meta property=\"og:description\" content=\"TCL | Les tickets de nouveau en vente \u00e0 bord des bus\" \/>\n<meta property=\"og:url\" content=\"https:\/\/newsestlyonnais.fr\/site\/2020\/07\/09\/tcl-les-tickets-de-nouveau-en-vente-a-bord-des-bus\/\" \/>\n<meta property=\"og:site_name\" content=\"News Est Lyonnais\" \/>\n<meta property=\"article:author\" content=\"https:\/\/www.facebook.com\/pascal.oberson.1?fref=ts\" \/>\n<meta property=\"article:published_time\" content=\"2020-07-09T14:06:03+00:00\" \/>\n<meta property=\"og:image\" content=\"https:\/\/i0.wp.com\/newsestlyonnais.fr\/site\/wp-content\/uploads\/2019\/10\/NEWSESTLYONNAIS-BUS-TCL-BIS.jpg?fit=1200%2C800&ssl=1\" \/>\n\t<meta property=\"og:image:width\" content=\"1200\" \/>\n\t<meta property=\"og:image:height\" content=\"800\" \/>\n\t<meta property=\"og:image:type\" content=\"image\/jpeg\" \/>\n<meta name=\"author\" content=\"R\u00e9dac. NEWS\" \/>\n<meta name=\"twitter:card\" content=\"summary_large_image\" \/>\n<meta name=\"twitter:label1\" content=\"\u00c9crit par\" \/>\n\t<meta name=\"twitter:data1\" content=\"R\u00e9dac. NEWS\" \/>\n\t<meta name=\"twitter:label2\" content=\"Dur\u00e9e de lecture estim\u00e9e\" \/>\n\t<meta name=\"twitter:data2\" content=\"1 minute\" \/>\n<script type=\"application\/ld+json\" class=\"yoast-schema-graph\">{\"@context\":\"https:\/\/schema.org\",\"@graph\":[{\"@type\":\"Article\",\"@id\":\"https:\/\/newsestlyonnais.fr\/site\/2020\/07\/09\/tcl-les-tickets-de-nouveau-en-vente-a-bord-des-bus\/#article\",\"isPartOf\":{\"@id\":\"https:\/\/newsestlyonnais.fr\/site\/2020\/07\/09\/tcl-les-tickets-de-nouveau-en-vente-a-bord-des-bus\/\"},\"author\":{\"name\":\"R\u00e9dac. NEWS\",\"@id\":\"https:\/\/newsestlyonnais.fr\/site\/#\/schema\/person\/3230d5615f390bb808365d673001e887\"},\"headline\":\"TCL | Les tickets de nouveau en vente \u00e0 bord des bus\",\"datePublished\":\"2020-07-09T14:06:03+00:00\",\"mainEntityOfPage\":{\"@id\":\"https:\/\/newsestlyonnais.fr\/site\/2020\/07\/09\/tcl-les-tickets-de-nouveau-en-vente-a-bord-des-bus\/\"},\"wordCount\":191,\"commentCount\":0,\"publisher\":{\"@id\":\"https:\/\/newsestlyonnais.fr\/site\/#organization\"},\"image\":{\"@id\":\"https:\/\/newsestlyonnais.fr\/site\/2020\/07\/09\/tcl-les-tickets-de-nouveau-en-vente-a-bord-des-bus\/#primaryimage\"},\"thumbnailUrl\":\"https:\/\/newsestlyonnais.fr\/site\/wp-content\/uploads\/2019\/10\/NEWSESTLYONNAIS-BUS-TCL-BIS.jpg\",\"keywords\":[\"TCL\",\"TRANSPORTS\"],\"articleSection\":[\"Br\u00e8ves de l'Est lyonnais\",\"Transports | Circulation\"],\"inLanguage\":\"fr-FR\",\"potentialAction\":[{\"@type\":\"CommentAction\",\"name\":\"Comment\",\"target\":[\"https:\/\/newsestlyonnais.fr\/site\/2020\/07\/09\/tcl-les-tickets-de-nouveau-en-vente-a-bord-des-bus\/#respond\"]}]},{\"@type\":\"WebPage\",\"@id\":\"https:\/\/newsestlyonnais.fr\/site\/2020\/07\/09\/tcl-les-tickets-de-nouveau-en-vente-a-bord-des-bus\/\",\"url\":\"https:\/\/newsestlyonnais.fr\/site\/2020\/07\/09\/tcl-les-tickets-de-nouveau-en-vente-a-bord-des-bus\/\",\"name\":\"TCL | Les tickets de nouveau en vente \u00e0 bord des bus - News Est Lyonnais\",\"isPartOf\":{\"@id\":\"https:\/\/newsestlyonnais.fr\/site\/#website\"},\"primaryImageOfPage\":{\"@id\":\"https:\/\/newsestlyonnais.fr\/site\/2020\/07\/09\/tcl-les-tickets-de-nouveau-en-vente-a-bord-des-bus\/#primaryimage\"},\"image\":{\"@id\":\"https:\/\/newsestlyonnais.fr\/site\/2020\/07\/09\/tcl-les-tickets-de-nouveau-en-vente-a-bord-des-bus\/#primaryimage\"},\"thumbnailUrl\":\"https:\/\/newsestlyonnais.fr\/site\/wp-content\/uploads\/2019\/10\/NEWSESTLYONNAIS-BUS-TCL-BIS.jpg\",\"datePublished\":\"2020-07-09T14:06:03+00:00\",\"description\":\"TCL | Les tickets de nouveau en vente \u00e0 bord des bus\",\"breadcrumb\":{\"@id\":\"https:\/\/newsestlyonnais.fr\/site\/2020\/07\/09\/tcl-les-tickets-de-nouveau-en-vente-a-bord-des-bus\/#breadcrumb\"},\"inLanguage\":\"fr-FR\",\"potentialAction\":[{\"@type\":\"ReadAction\",\"target\":[\"https:\/\/newsestlyonnais.fr\/site\/2020\/07\/09\/tcl-les-tickets-de-nouveau-en-vente-a-bord-des-bus\/\"]}]},{\"@type\":\"ImageObject\",\"inLanguage\":\"fr-FR\",\"@id\":\"https:\/\/newsestlyonnais.fr\/site\/2020\/07\/09\/tcl-les-tickets-de-nouveau-en-vente-a-bord-des-bus\/#primaryimage\",\"url\":\"https:\/\/newsestlyonnais.fr\/site\/wp-content\/uploads\/2019\/10\/NEWSESTLYONNAIS-BUS-TCL-BIS.jpg\",\"contentUrl\":\"https:\/\/newsestlyonnais.fr\/site\/wp-content\/uploads\/2019\/10\/NEWSESTLYONNAIS-BUS-TCL-BIS.jpg\",\"width\":1200,\"height\":800},{\"@type\":\"BreadcrumbList\",\"@id\":\"https:\/\/newsestlyonnais.fr\/site\/2020\/07\/09\/tcl-les-tickets-de-nouveau-en-vente-a-bord-des-bus\/#breadcrumb\",\"itemListElement\":[{\"@type\":\"ListItem\",\"position\":1,\"name\":\"Accueil\",\"item\":\"https:\/\/newsestlyonnais.fr\/site\/\"},{\"@type\":\"ListItem\",\"position\":2,\"name\":\"TCL | Les tickets de nouveau en vente \u00e0 bord des bus\"}]},{\"@type\":\"WebSite\",\"@id\":\"https:\/\/newsestlyonnais.fr\/site\/#website\",\"url\":\"https:\/\/newsestlyonnais.fr\/site\/\",\"name\":\"News Est Lyonnais\",\"description\":\"L&#039;actualit\u00e9 au plus pr\u00e8s\",\"publisher\":{\"@id\":\"https:\/\/newsestlyonnais.fr\/site\/#organization\"},\"potentialAction\":[{\"@type\":\"SearchAction\",\"target\":{\"@type\":\"EntryPoint\",\"urlTemplate\":\"https:\/\/newsestlyonnais.fr\/site\/?s={search_term_string}\"},\"query-input\":{\"@type\":\"PropertyValueSpecification\",\"valueRequired\":true,\"valueName\":\"search_term_string\"}}],\"inLanguage\":\"fr-FR\"},{\"@type\":\"Organization\",\"@id\":\"https:\/\/newsestlyonnais.fr\/site\/#organization\",\"name\":\"News EST LYONNAIS\",\"url\":\"https:\/\/newsestlyonnais.fr\/site\/\",\"logo\":{\"@type\":\"ImageObject\",\"inLanguage\":\"fr-FR\",\"@id\":\"https:\/\/newsestlyonnais.fr\/site\/#\/schema\/logo\/image\/\",\"url\":\"\",\"contentUrl\":\"\",\"caption\":\"News EST LYONNAIS\"},\"image\":{\"@id\":\"https:\/\/newsestlyonnais.fr\/site\/#\/schema\/logo\/image\/\"}},{\"@type\":\"Person\",\"@id\":\"https:\/\/newsestlyonnais.fr\/site\/#\/schema\/person\/3230d5615f390bb808365d673001e887\",\"name\":\"R\u00e9dac. NEWS\",\"sameAs\":[\"http:\/\/www.newsestlyonnais.fr\",\"https:\/\/www.facebook.com\/pascal.oberson.1?fref=ts\",\"https:\/\/fr.linkedin.com\/in\/pascal-oberson-b17045113\"],\"url\":\"https:\/\/newsestlyonnais.fr\/site\/author\/nel\/\"}]}<\/script>\n<!-- \/ Yoast SEO plugin. -->","yoast_head_json":{"title":"TCL | Les tickets de nouveau en vente \u00e0 bord des bus - News Est Lyonnais","description":"TCL | Les tickets de nouveau en vente \u00e0 bord des bus","robots":{"index":"index","follow":"follow","max-snippet":"max-snippet:-1","max-image-preview":"max-image-preview:large","max-video-preview":"max-video-preview:-1"},"canonical":"https:\/\/newsestlyonnais.fr\/site\/2020\/07\/09\/tcl-les-tickets-de-nouveau-en-vente-a-bord-des-bus\/","og_locale":"fr_FR","og_type":"article","og_title":"TCL | Les tickets de nouveau en vente \u00e0 bord des bus - News Est Lyonnais","og_description":"TCL | Les tickets de nouveau en vente \u00e0 bord des bus","og_url":"https:\/\/newsestlyonnais.fr\/site\/2020\/07\/09\/tcl-les-tickets-de-nouveau-en-vente-a-bord-des-bus\/","og_site_name":"News Est Lyonnais","article_author":"https:\/\/www.facebook.com\/pascal.oberson.1?fref=ts","article_published_time":"2020-07-09T14:06:03+00:00","og_image":[{"width":1200,"height":800,"url":"https:\/\/i0.wp.com\/newsestlyonnais.fr\/site\/wp-content\/uploads\/2019\/10\/NEWSESTLYONNAIS-BUS-TCL-BIS.jpg?fit=1200%2C800&ssl=1","type":"image\/jpeg"}],"author":"R\u00e9dac. NEWS","twitter_card":"summary_large_image","twitter_misc":{"\u00c9crit par":"R\u00e9dac. NEWS","Dur\u00e9e de lecture estim\u00e9e":"1 minute"},"schema":{"@context":"https:\/\/schema.org","@graph":[{"@type":"Article","@id":"https:\/\/newsestlyonnais.fr\/site\/2020\/07\/09\/tcl-les-tickets-de-nouveau-en-vente-a-bord-des-bus\/#article","isPartOf":{"@id":"https:\/\/newsestlyonnais.fr\/site\/2020\/07\/09\/tcl-les-tickets-de-nouveau-en-vente-a-bord-des-bus\/"},"author":{"name":"R\u00e9dac. NEWS","@id":"https:\/\/newsestlyonnais.fr\/site\/#\/schema\/person\/3230d5615f390bb808365d673001e887"},"headline":"TCL | Les tickets de nouveau en vente \u00e0 bord des bus","datePublished":"2020-07-09T14:06:03+00:00","mainEntityOfPage":{"@id":"https:\/\/newsestlyonnais.fr\/site\/2020\/07\/09\/tcl-les-tickets-de-nouveau-en-vente-a-bord-des-bus\/"},"wordCount":191,"commentCount":0,"publisher":{"@id":"https:\/\/newsestlyonnais.fr\/site\/#organization"},"image":{"@id":"https:\/\/newsestlyonnais.fr\/site\/2020\/07\/09\/tcl-les-tickets-de-nouveau-en-vente-a-bord-des-bus\/#primaryimage"},"thumbnailUrl":"https:\/\/newsestlyonnais.fr\/site\/wp-content\/uploads\/2019\/10\/NEWSESTLYONNAIS-BUS-TCL-BIS.jpg","keywords":["TCL","TRANSPORTS"],"articleSection":["Br\u00e8ves de l'Est lyonnais","Transports | Circulation"],"inLanguage":"fr-FR","potentialAction":[{"@type":"CommentAction","name":"Comment","target":["https:\/\/newsestlyonnais.fr\/site\/2020\/07\/09\/tcl-les-tickets-de-nouveau-en-vente-a-bord-des-bus\/#respond"]}]},{"@type":"WebPage","@id":"https:\/\/newsestlyonnais.fr\/site\/2020\/07\/09\/tcl-les-tickets-de-nouveau-en-vente-a-bord-des-bus\/","url":"https:\/\/newsestlyonnais.fr\/site\/2020\/07\/09\/tcl-les-tickets-de-nouveau-en-vente-a-bord-des-bus\/","name":"TCL | Les tickets de nouveau en vente \u00e0 bord des bus - News Est Lyonnais","isPartOf":{"@id":"https:\/\/newsestlyonnais.fr\/site\/#website"},"primaryImageOfPage":{"@id":"https:\/\/newsestlyonnais.fr\/site\/2020\/07\/09\/tcl-les-tickets-de-nouveau-en-vente-a-bord-des-bus\/#primaryimage"},"image":{"@id":"https:\/\/newsestlyonnais.fr\/site\/2020\/07\/09\/tcl-les-tickets-de-nouveau-en-vente-a-bord-des-bus\/#primaryimage"},"thumbnailUrl":"https:\/\/newsestlyonnais.fr\/site\/wp-content\/uploads\/2019\/10\/NEWSESTLYONNAIS-BUS-TCL-BIS.jpg","datePublished":"2020-07-09T14:06:03+00:00","description":"TCL | Les tickets de nouveau en vente \u00e0 bord des bus","breadcrumb":{"@id":"https:\/\/newsestlyonnais.fr\/site\/2020\/07\/09\/tcl-les-tickets-de-nouveau-en-vente-a-bord-des-bus\/#breadcrumb"},"inLanguage":"fr-FR","potentialAction":[{"@type":"ReadAction","target":["https:\/\/newsestlyonnais.fr\/site\/2020\/07\/09\/tcl-les-tickets-de-nouveau-en-vente-a-bord-des-bus\/"]}]},{"@type":"ImageObject","inLanguage":"fr-FR","@id":"https:\/\/newsestlyonnais.fr\/site\/2020\/07\/09\/tcl-les-tickets-de-nouveau-en-vente-a-bord-des-bus\/#primaryimage","url":"https:\/\/newsestlyonnais.fr\/site\/wp-content\/uploads\/2019\/10\/NEWSESTLYONNAIS-BUS-TCL-BIS.jpg","contentUrl":"https:\/\/newsestlyonnais.fr\/site\/wp-content\/uploads\/2019\/10\/NEWSESTLYONNAIS-BUS-TCL-BIS.jpg","width":1200,"height":800},{"@type":"BreadcrumbList","@id":"https:\/\/newsestlyonnais.fr\/site\/2020\/07\/09\/tcl-les-tickets-de-nouveau-en-vente-a-bord-des-bus\/#breadcrumb","itemListElement":[{"@type":"ListItem","position":1,"name":"Accueil","item":"https:\/\/newsestlyonnais.fr\/site\/"},{"@type":"ListItem","position":2,"name":"TCL | Les tickets de nouveau en vente \u00e0 bord des bus"}]},{"@type":"WebSite","@id":"https:\/\/newsestlyonnais.fr\/site\/#website","url":"https:\/\/newsestlyonnais.fr\/site\/","name":"News Est Lyonnais","description":"L&#039;actualit\u00e9 au plus pr\u00e8s","publisher":{"@id":"https:\/\/newsestlyonnais.fr\/site\/#organization"},"potentialAction":[{"@type":"SearchAction","target":{"@type":"EntryPoint","urlTemplate":"https:\/\/newsestlyonnais.fr\/site\/?s={search_term_string}"},"query-input":{"@type":"PropertyValueSpecification","valueRequired":true,"valueName":"search_term_string"}}],"inLanguage":"fr-FR"},{"@type":"Organization","@id":"https:\/\/newsestlyonnais.fr\/site\/#organization","name":"News EST LYONNAIS","url":"https:\/\/newsestlyonnais.fr\/site\/","logo":{"@type":"ImageObject","inLanguage":"fr-FR","@id":"https:\/\/newsestlyonnais.fr\/site\/#\/schema\/logo\/image\/","url":"","contentUrl":"","caption":"News EST LYONNAIS"},"image":{"@id":"https:\/\/newsestlyonnais.fr\/site\/#\/schema\/logo\/image\/"}},{"@type":"Person","@id":"https:\/\/newsestlyonnais.fr\/site\/#\/schema\/person\/3230d5615f390bb808365d673001e887","name":"R\u00e9dac. NEWS","sameAs":["http:\/\/www.newsestlyonnais.fr","https:\/\/www.facebook.com\/pascal.oberson.1?fref=ts","https:\/\/fr.linkedin.com\/in\/pascal-oberson-b17045113"],"url":"https:\/\/newsestlyonnais.fr\/site\/author\/nel\/"}]}},"_links":{"self":[{"href":"https:\/\/newsestlyonnais.fr\/site\/wp-json\/wp\/v2\/posts\/105989","targetHints":{"allow":["GET"]}}],"collection":[{"href":"https:\/\/newsestlyonnais.fr\/site\/wp-json\/wp\/v2\/posts"}],"about":[{"href":"https:\/\/newsestlyonnais.fr\/site\/wp-json\/wp\/v2\/types\/post"}],"author":[{"embeddable":true,"href":"https:\/\/newsestlyonnais.fr\/site\/wp-json\/wp\/v2\/users\/4"}],"replies":[{"embeddable":true,"href":"https:\/\/newsestlyonnais.fr\/site\/wp-json\/wp\/v2\/comments?post=105989"}],"version-history":[{"count":0,"href":"https:\/\/newsestlyonnais.fr\/site\/wp-json\/wp\/v2\/posts\/105989\/revisions"}],"wp:featuredmedia":[{"embeddable":true,"href":"https:\/\/newsestlyonnais.fr\/site\/wp-json\/wp\/v2\/media\/84714"}],"wp:attachment":[{"href":"https:\/\/newsestlyonnais.fr\/site\/wp-json\/wp\/v2\/media?parent=105989"}],"wp:term":[{"taxonomy":"category","embeddable":true,"href":"https:\/\/newsestlyonnais.fr\/site\/wp-json\/wp\/v2\/categories?post=105989"},{"taxonomy":"post_tag","embeddable":true,"href":"https:\/\/newsestlyonnais.fr\/site\/wp-json\/wp\/v2\/tags?post=105989"}],"curies":[{"name":"wp","href":"https:\/\/api.w.org\/{rel}","templated":true}]}}