{"id":106095,"date":"2020-07-12T13:21:40","date_gmt":"2020-07-12T12:21:40","guid":{"rendered":"http:\/\/newsestlyonnais.fr\/site\/?p=106095"},"modified":"2020-07-15T05:47:19","modified_gmt":"2020-07-15T04:47:19","slug":"lyon-5-km-athle-un-open-de-france-virtuel","status":"publish","type":"post","link":"https:\/\/newsestlyonnais.fr\/site\/2020\/07\/12\/lyon-5-km-athle-un-open-de-france-virtuel\/","title":{"rendered":"LYON | 5 km Athl\u00e9 &gt; un open de France virtuel"},"content":{"rendered":"<p>5 km, c\u2019est la distance reine lorsqu\u2019il s\u2019agit, pour les nouveaux runners d&rsquo;accrocher un premier dossard et pour les plus aguerris de viser un chrono !<br \/>\nRendez-vous <strong>du 11 au 14 juillet pour tenter votre chance avec Strava<\/strong> <strong>quel que soit l&rsquo;endroit o\u00f9 vous vous trouvez en France et sur le parcours de votre choix<\/strong>. <strong>Tout le monde peut participer, licenci\u00e9s ou non licenci\u00e9s FFA<\/strong>. ________________________________________________________________________________<br \/>\nPour les coureurs et coureuses Lyonnais(e) et rhodanien(nes), le Comit\u00e9 d&rsquo;Athl\u00e9tisme Rh\u00f4ne M\u00e9tropole de Lyon vous met au <strong>d\u00e9fi de relever ce challenge 5 km sur un parcours plat, en ligne droite sur les Berges du Rh\u00f4ne<\/strong> !<\/p>\n<p><strong> Un segment Strava intitul\u00e9 \u00ab\u00a05 km Athl\u00e9 &#8211; Comit\u00e9 Rh\u00f4ne M\u00e9tropole de Lyon\u00a0\u00bb<\/strong> sera cr\u00e9\u00e9 pour l&rsquo;occasion au <strong>d\u00e9part du pont De Lattre de Tassigny et en direction du parc de Gerland<\/strong>.<\/p>\n<p>En plus d&rsquo;int\u00e9grer le nouvel Index National Running, en participant \u00e0 cet Open de France &#8211; 5 km vous pourrez peut \u00eatre <strong>remporter un des nombreux lots attribu\u00e9s par tirage au sort<\/strong> : dossard pour le MAIF Ekiden de Paris, \u00e9quipements Asics, Pass J&rsquo;aime courir, bons d&rsquo;achats billetterie, r\u00e9duction de 30 \u20ac sur le prix de la licence&#8230;<\/p>\n<p>Et <strong>sp\u00e9cificit\u00e9 pour les coureurs du Rh\u00f4ne<\/strong>, nous <strong>ajoutons \u00e0 tous ces lots, 5 dossards pour les 10 km de V\u00e9nissieux, et 5 dossards pour les 10 km de Caluire<\/strong>, qui seront tir\u00e9s au sort parmi les participants ayant r\u00e9alis\u00e9 leur performance sur le segment 5km Athl\u00e9 &#8211; Comit\u00e9 Rh\u00f4ne M\u00e9tropole de Lyon. ________________________________________________________________________________<br \/>\n<em><strong>+ d&rsquo;infos et inscriptions sur : <a href=\"https:\/\/www.jaimecourir.fr\/evenement\/course5km.aspx\">https:\/\/www.jaimecourir.fr\/evenement\/course5km.aspx<\/a><\/strong><\/em><\/p>\n<p><strong>Comit\u00e9 d&rsquo;Athl\u00e9tisme du Rh\u00f4ne M\u00e9tropole de Lyon<\/strong> \/ Halle St\u00e9phane Diagana \/ 4 rue Victor Schoelcher \/ LYON 9\u00b0 \/ T\u00e9l. 09.75.44.71.31 \/ rhone.athletisme@wanadoo.fr \/ <a href=\"http:\/\/rhone.athle.com\">http:\/\/rhone.athle.com<\/a> ________________________________________________________________________________<\/p>\n","protected":false},"excerpt":{"rendered":"<p>La F\u00e9d\u00e9ration Fran\u00e7aise d&rsquo;Athl\u00e9tisme lance son premier Open de France virtuel du 11 au 14 juillet. <\/p>\n","protected":false},"author":4,"featured_media":106097,"comment_status":"open","ping_status":"open","sticky":false,"template":"","format":"standard","meta":{"footnotes":""},"categories":[2968,3016,1625],"tags":[2162,2283,2077],"class_list":["post-106095","post","type-post","status-publish","format-standard","has-post-thumbnail","hentry","category-athle-course-pied-marche","category-institutions-trophees-jo","category-lyon","tag-athletisme","tag-course-pedestre","tag-lyon"],"yoast_head":"<!-- This site is optimized with the Yoast SEO plugin v27.2 - https:\/\/yoast.com\/product\/yoast-seo-wordpress\/ -->\n<title>LYON | 5 km Athl\u00e9 &gt; un open de France virtuel - News Est Lyonnais<\/title>\n<meta name=\"description\" content=\"LYON | 5 km Athl\u00e9 &gt; un open de France virtuel\" \/>\n<meta name=\"robots\" content=\"index, follow, max-snippet:-1, max-image-preview:large, max-video-preview:-1\" \/>\n<link rel=\"canonical\" href=\"https:\/\/newsestlyonnais.fr\/site\/2020\/07\/12\/lyon-5-km-athle-un-open-de-france-virtuel\/\" \/>\n<meta property=\"og:locale\" content=\"fr_FR\" \/>\n<meta property=\"og:type\" content=\"article\" \/>\n<meta property=\"og:title\" content=\"LYON | 5 km Athl\u00e9 &gt; un open de France virtuel - News Est Lyonnais\" \/>\n<meta property=\"og:description\" content=\"LYON | 5 km Athl\u00e9 &gt; un open de France virtuel\" \/>\n<meta property=\"og:url\" content=\"https:\/\/newsestlyonnais.fr\/site\/2020\/07\/12\/lyon-5-km-athle-un-open-de-france-virtuel\/\" \/>\n<meta property=\"og:site_name\" content=\"News Est Lyonnais\" \/>\n<meta property=\"article:author\" content=\"https:\/\/www.facebook.com\/pascal.oberson.1?fref=ts\" \/>\n<meta property=\"article:published_time\" content=\"2020-07-12T12:21:40+00:00\" \/>\n<meta property=\"article:modified_time\" content=\"2020-07-15T04:47:19+00:00\" \/>\n<meta property=\"og:image\" content=\"https:\/\/i0.wp.com\/newsestlyonnais.fr\/site\/wp-content\/uploads\/2020\/07\/286109_small.jpg?fit=250%2C250&ssl=1\" \/>\n\t<meta property=\"og:image:width\" content=\"250\" \/>\n\t<meta property=\"og:image:height\" content=\"250\" \/>\n\t<meta property=\"og:image:type\" content=\"image\/jpeg\" \/>\n<meta name=\"author\" content=\"R\u00e9dac. NEWS\" \/>\n<meta name=\"twitter:card\" content=\"summary_large_image\" \/>\n<meta name=\"twitter:label1\" content=\"\u00c9crit par\" \/>\n\t<meta name=\"twitter:data1\" content=\"R\u00e9dac. NEWS\" \/>\n\t<meta name=\"twitter:label2\" content=\"Dur\u00e9e de lecture estim\u00e9e\" \/>\n\t<meta name=\"twitter:data2\" content=\"1 minute\" \/>\n<script type=\"application\/ld+json\" class=\"yoast-schema-graph\">{\"@context\":\"https:\/\/schema.org\",\"@graph\":[{\"@type\":\"Article\",\"@id\":\"https:\/\/newsestlyonnais.fr\/site\/2020\/07\/12\/lyon-5-km-athle-un-open-de-france-virtuel\/#article\",\"isPartOf\":{\"@id\":\"https:\/\/newsestlyonnais.fr\/site\/2020\/07\/12\/lyon-5-km-athle-un-open-de-france-virtuel\/\"},\"author\":{\"name\":\"R\u00e9dac. NEWS\",\"@id\":\"https:\/\/newsestlyonnais.fr\/site\/#\/schema\/person\/3230d5615f390bb808365d673001e887\"},\"headline\":\"LYON | 5 km Athl\u00e9 &gt; un open de France virtuel\",\"datePublished\":\"2020-07-12T12:21:40+00:00\",\"dateModified\":\"2020-07-15T04:47:19+00:00\",\"mainEntityOfPage\":{\"@id\":\"https:\/\/newsestlyonnais.fr\/site\/2020\/07\/12\/lyon-5-km-athle-un-open-de-france-virtuel\/\"},\"wordCount\":312,\"commentCount\":0,\"publisher\":{\"@id\":\"https:\/\/newsestlyonnais.fr\/site\/#organization\"},\"image\":{\"@id\":\"https:\/\/newsestlyonnais.fr\/site\/2020\/07\/12\/lyon-5-km-athle-un-open-de-france-virtuel\/#primaryimage\"},\"thumbnailUrl\":\"https:\/\/newsestlyonnais.fr\/site\/wp-content\/uploads\/2020\/07\/286109_small.jpg\",\"keywords\":[\"ATHLETISME\",\"course p\u00e9destre\",\"LYON\"],\"articleSection\":[\"Athl\u00e9 | Course pied | Marche\",\"Institutions | Troph\u00e9es | J.O.\",\"Lyon\"],\"inLanguage\":\"fr-FR\",\"potentialAction\":[{\"@type\":\"CommentAction\",\"name\":\"Comment\",\"target\":[\"https:\/\/newsestlyonnais.fr\/site\/2020\/07\/12\/lyon-5-km-athle-un-open-de-france-virtuel\/#respond\"]}]},{\"@type\":\"WebPage\",\"@id\":\"https:\/\/newsestlyonnais.fr\/site\/2020\/07\/12\/lyon-5-km-athle-un-open-de-france-virtuel\/\",\"url\":\"https:\/\/newsestlyonnais.fr\/site\/2020\/07\/12\/lyon-5-km-athle-un-open-de-france-virtuel\/\",\"name\":\"LYON | 5 km Athl\u00e9 &gt; un open de France virtuel - News Est Lyonnais\",\"isPartOf\":{\"@id\":\"https:\/\/newsestlyonnais.fr\/site\/#website\"},\"primaryImageOfPage\":{\"@id\":\"https:\/\/newsestlyonnais.fr\/site\/2020\/07\/12\/lyon-5-km-athle-un-open-de-france-virtuel\/#primaryimage\"},\"image\":{\"@id\":\"https:\/\/newsestlyonnais.fr\/site\/2020\/07\/12\/lyon-5-km-athle-un-open-de-france-virtuel\/#primaryimage\"},\"thumbnailUrl\":\"https:\/\/newsestlyonnais.fr\/site\/wp-content\/uploads\/2020\/07\/286109_small.jpg\",\"datePublished\":\"2020-07-12T12:21:40+00:00\",\"dateModified\":\"2020-07-15T04:47:19+00:00\",\"description\":\"LYON | 5 km Athl\u00e9 > un open de France virtuel\",\"breadcrumb\":{\"@id\":\"https:\/\/newsestlyonnais.fr\/site\/2020\/07\/12\/lyon-5-km-athle-un-open-de-france-virtuel\/#breadcrumb\"},\"inLanguage\":\"fr-FR\",\"potentialAction\":[{\"@type\":\"ReadAction\",\"target\":[\"https:\/\/newsestlyonnais.fr\/site\/2020\/07\/12\/lyon-5-km-athle-un-open-de-france-virtuel\/\"]}]},{\"@type\":\"ImageObject\",\"inLanguage\":\"fr-FR\",\"@id\":\"https:\/\/newsestlyonnais.fr\/site\/2020\/07\/12\/lyon-5-km-athle-un-open-de-france-virtuel\/#primaryimage\",\"url\":\"https:\/\/newsestlyonnais.fr\/site\/wp-content\/uploads\/2020\/07\/286109_small.jpg\",\"contentUrl\":\"https:\/\/newsestlyonnais.fr\/site\/wp-content\/uploads\/2020\/07\/286109_small.jpg\",\"width\":250,\"height\":250},{\"@type\":\"BreadcrumbList\",\"@id\":\"https:\/\/newsestlyonnais.fr\/site\/2020\/07\/12\/lyon-5-km-athle-un-open-de-france-virtuel\/#breadcrumb\",\"itemListElement\":[{\"@type\":\"ListItem\",\"position\":1,\"name\":\"Accueil\",\"item\":\"https:\/\/newsestlyonnais.fr\/site\/\"},{\"@type\":\"ListItem\",\"position\":2,\"name\":\"LYON | 5 km Athl\u00e9 &gt; un open de France virtuel\"}]},{\"@type\":\"WebSite\",\"@id\":\"https:\/\/newsestlyonnais.fr\/site\/#website\",\"url\":\"https:\/\/newsestlyonnais.fr\/site\/\",\"name\":\"News Est Lyonnais\",\"description\":\"L&#039;actualit\u00e9 au plus pr\u00e8s\",\"publisher\":{\"@id\":\"https:\/\/newsestlyonnais.fr\/site\/#organization\"},\"potentialAction\":[{\"@type\":\"SearchAction\",\"target\":{\"@type\":\"EntryPoint\",\"urlTemplate\":\"https:\/\/newsestlyonnais.fr\/site\/?s={search_term_string}\"},\"query-input\":{\"@type\":\"PropertyValueSpecification\",\"valueRequired\":true,\"valueName\":\"search_term_string\"}}],\"inLanguage\":\"fr-FR\"},{\"@type\":\"Organization\",\"@id\":\"https:\/\/newsestlyonnais.fr\/site\/#organization\",\"name\":\"News EST LYONNAIS\",\"url\":\"https:\/\/newsestlyonnais.fr\/site\/\",\"logo\":{\"@type\":\"ImageObject\",\"inLanguage\":\"fr-FR\",\"@id\":\"https:\/\/newsestlyonnais.fr\/site\/#\/schema\/logo\/image\/\",\"url\":\"\",\"contentUrl\":\"\",\"caption\":\"News EST LYONNAIS\"},\"image\":{\"@id\":\"https:\/\/newsestlyonnais.fr\/site\/#\/schema\/logo\/image\/\"}},{\"@type\":\"Person\",\"@id\":\"https:\/\/newsestlyonnais.fr\/site\/#\/schema\/person\/3230d5615f390bb808365d673001e887\",\"name\":\"R\u00e9dac. NEWS\",\"sameAs\":[\"http:\/\/www.newsestlyonnais.fr\",\"https:\/\/www.facebook.com\/pascal.oberson.1?fref=ts\",\"https:\/\/fr.linkedin.com\/in\/pascal-oberson-b17045113\"],\"url\":\"https:\/\/newsestlyonnais.fr\/site\/author\/nel\/\"}]}<\/script>\n<!-- \/ Yoast SEO plugin. -->","yoast_head_json":{"title":"LYON | 5 km Athl\u00e9 &gt; un open de France virtuel - News Est Lyonnais","description":"LYON | 5 km Athl\u00e9 > un open de France virtuel","robots":{"index":"index","follow":"follow","max-snippet":"max-snippet:-1","max-image-preview":"max-image-preview:large","max-video-preview":"max-video-preview:-1"},"canonical":"https:\/\/newsestlyonnais.fr\/site\/2020\/07\/12\/lyon-5-km-athle-un-open-de-france-virtuel\/","og_locale":"fr_FR","og_type":"article","og_title":"LYON | 5 km Athl\u00e9 &gt; un open de France virtuel - News Est Lyonnais","og_description":"LYON | 5 km Athl\u00e9 > un open de France virtuel","og_url":"https:\/\/newsestlyonnais.fr\/site\/2020\/07\/12\/lyon-5-km-athle-un-open-de-france-virtuel\/","og_site_name":"News Est Lyonnais","article_author":"https:\/\/www.facebook.com\/pascal.oberson.1?fref=ts","article_published_time":"2020-07-12T12:21:40+00:00","article_modified_time":"2020-07-15T04:47:19+00:00","og_image":[{"width":250,"height":250,"url":"https:\/\/i0.wp.com\/newsestlyonnais.fr\/site\/wp-content\/uploads\/2020\/07\/286109_small.jpg?fit=250%2C250&ssl=1","type":"image\/jpeg"}],"author":"R\u00e9dac. NEWS","twitter_card":"summary_large_image","twitter_misc":{"\u00c9crit par":"R\u00e9dac. NEWS","Dur\u00e9e de lecture estim\u00e9e":"1 minute"},"schema":{"@context":"https:\/\/schema.org","@graph":[{"@type":"Article","@id":"https:\/\/newsestlyonnais.fr\/site\/2020\/07\/12\/lyon-5-km-athle-un-open-de-france-virtuel\/#article","isPartOf":{"@id":"https:\/\/newsestlyonnais.fr\/site\/2020\/07\/12\/lyon-5-km-athle-un-open-de-france-virtuel\/"},"author":{"name":"R\u00e9dac. NEWS","@id":"https:\/\/newsestlyonnais.fr\/site\/#\/schema\/person\/3230d5615f390bb808365d673001e887"},"headline":"LYON | 5 km Athl\u00e9 &gt; un open de France virtuel","datePublished":"2020-07-12T12:21:40+00:00","dateModified":"2020-07-15T04:47:19+00:00","mainEntityOfPage":{"@id":"https:\/\/newsestlyonnais.fr\/site\/2020\/07\/12\/lyon-5-km-athle-un-open-de-france-virtuel\/"},"wordCount":312,"commentCount":0,"publisher":{"@id":"https:\/\/newsestlyonnais.fr\/site\/#organization"},"image":{"@id":"https:\/\/newsestlyonnais.fr\/site\/2020\/07\/12\/lyon-5-km-athle-un-open-de-france-virtuel\/#primaryimage"},"thumbnailUrl":"https:\/\/newsestlyonnais.fr\/site\/wp-content\/uploads\/2020\/07\/286109_small.jpg","keywords":["ATHLETISME","course p\u00e9destre","LYON"],"articleSection":["Athl\u00e9 | Course pied | Marche","Institutions | Troph\u00e9es | J.O.","Lyon"],"inLanguage":"fr-FR","potentialAction":[{"@type":"CommentAction","name":"Comment","target":["https:\/\/newsestlyonnais.fr\/site\/2020\/07\/12\/lyon-5-km-athle-un-open-de-france-virtuel\/#respond"]}]},{"@type":"WebPage","@id":"https:\/\/newsestlyonnais.fr\/site\/2020\/07\/12\/lyon-5-km-athle-un-open-de-france-virtuel\/","url":"https:\/\/newsestlyonnais.fr\/site\/2020\/07\/12\/lyon-5-km-athle-un-open-de-france-virtuel\/","name":"LYON | 5 km Athl\u00e9 &gt; un open de France virtuel - News Est Lyonnais","isPartOf":{"@id":"https:\/\/newsestlyonnais.fr\/site\/#website"},"primaryImageOfPage":{"@id":"https:\/\/newsestlyonnais.fr\/site\/2020\/07\/12\/lyon-5-km-athle-un-open-de-france-virtuel\/#primaryimage"},"image":{"@id":"https:\/\/newsestlyonnais.fr\/site\/2020\/07\/12\/lyon-5-km-athle-un-open-de-france-virtuel\/#primaryimage"},"thumbnailUrl":"https:\/\/newsestlyonnais.fr\/site\/wp-content\/uploads\/2020\/07\/286109_small.jpg","datePublished":"2020-07-12T12:21:40+00:00","dateModified":"2020-07-15T04:47:19+00:00","description":"LYON | 5 km Athl\u00e9 > un open de France virtuel","breadcrumb":{"@id":"https:\/\/newsestlyonnais.fr\/site\/2020\/07\/12\/lyon-5-km-athle-un-open-de-france-virtuel\/#breadcrumb"},"inLanguage":"fr-FR","potentialAction":[{"@type":"ReadAction","target":["https:\/\/newsestlyonnais.fr\/site\/2020\/07\/12\/lyon-5-km-athle-un-open-de-france-virtuel\/"]}]},{"@type":"ImageObject","inLanguage":"fr-FR","@id":"https:\/\/newsestlyonnais.fr\/site\/2020\/07\/12\/lyon-5-km-athle-un-open-de-france-virtuel\/#primaryimage","url":"https:\/\/newsestlyonnais.fr\/site\/wp-content\/uploads\/2020\/07\/286109_small.jpg","contentUrl":"https:\/\/newsestlyonnais.fr\/site\/wp-content\/uploads\/2020\/07\/286109_small.jpg","width":250,"height":250},{"@type":"BreadcrumbList","@id":"https:\/\/newsestlyonnais.fr\/site\/2020\/07\/12\/lyon-5-km-athle-un-open-de-france-virtuel\/#breadcrumb","itemListElement":[{"@type":"ListItem","position":1,"name":"Accueil","item":"https:\/\/newsestlyonnais.fr\/site\/"},{"@type":"ListItem","position":2,"name":"LYON | 5 km Athl\u00e9 &gt; un open de France virtuel"}]},{"@type":"WebSite","@id":"https:\/\/newsestlyonnais.fr\/site\/#website","url":"https:\/\/newsestlyonnais.fr\/site\/","name":"News Est Lyonnais","description":"L&#039;actualit\u00e9 au plus pr\u00e8s","publisher":{"@id":"https:\/\/newsestlyonnais.fr\/site\/#organization"},"potentialAction":[{"@type":"SearchAction","target":{"@type":"EntryPoint","urlTemplate":"https:\/\/newsestlyonnais.fr\/site\/?s={search_term_string}"},"query-input":{"@type":"PropertyValueSpecification","valueRequired":true,"valueName":"search_term_string"}}],"inLanguage":"fr-FR"},{"@type":"Organization","@id":"https:\/\/newsestlyonnais.fr\/site\/#organization","name":"News EST LYONNAIS","url":"https:\/\/newsestlyonnais.fr\/site\/","logo":{"@type":"ImageObject","inLanguage":"fr-FR","@id":"https:\/\/newsestlyonnais.fr\/site\/#\/schema\/logo\/image\/","url":"","contentUrl":"","caption":"News EST LYONNAIS"},"image":{"@id":"https:\/\/newsestlyonnais.fr\/site\/#\/schema\/logo\/image\/"}},{"@type":"Person","@id":"https:\/\/newsestlyonnais.fr\/site\/#\/schema\/person\/3230d5615f390bb808365d673001e887","name":"R\u00e9dac. NEWS","sameAs":["http:\/\/www.newsestlyonnais.fr","https:\/\/www.facebook.com\/pascal.oberson.1?fref=ts","https:\/\/fr.linkedin.com\/in\/pascal-oberson-b17045113"],"url":"https:\/\/newsestlyonnais.fr\/site\/author\/nel\/"}]}},"_links":{"self":[{"href":"https:\/\/newsestlyonnais.fr\/site\/wp-json\/wp\/v2\/posts\/106095","targetHints":{"allow":["GET"]}}],"collection":[{"href":"https:\/\/newsestlyonnais.fr\/site\/wp-json\/wp\/v2\/posts"}],"about":[{"href":"https:\/\/newsestlyonnais.fr\/site\/wp-json\/wp\/v2\/types\/post"}],"author":[{"embeddable":true,"href":"https:\/\/newsestlyonnais.fr\/site\/wp-json\/wp\/v2\/users\/4"}],"replies":[{"embeddable":true,"href":"https:\/\/newsestlyonnais.fr\/site\/wp-json\/wp\/v2\/comments?post=106095"}],"version-history":[{"count":0,"href":"https:\/\/newsestlyonnais.fr\/site\/wp-json\/wp\/v2\/posts\/106095\/revisions"}],"wp:featuredmedia":[{"embeddable":true,"href":"https:\/\/newsestlyonnais.fr\/site\/wp-json\/wp\/v2\/media\/106097"}],"wp:attachment":[{"href":"https:\/\/newsestlyonnais.fr\/site\/wp-json\/wp\/v2\/media?parent=106095"}],"wp:term":[{"taxonomy":"category","embeddable":true,"href":"https:\/\/newsestlyonnais.fr\/site\/wp-json\/wp\/v2\/categories?post=106095"},{"taxonomy":"post_tag","embeddable":true,"href":"https:\/\/newsestlyonnais.fr\/site\/wp-json\/wp\/v2\/tags?post=106095"}],"curies":[{"name":"wp","href":"https:\/\/api.w.org\/{rel}","templated":true}]}}