{"id":106270,"date":"2020-07-12T16:23:29","date_gmt":"2020-07-12T15:23:29","guid":{"rendered":"http:\/\/newsestlyonnais.fr\/site\/?p=106270"},"modified":"2020-07-14T06:06:14","modified_gmt":"2020-07-14T05:06:14","slug":"vaulx-en-velin-les-triathletes-sur-le-parcours-dune-etape-du-tour","status":"publish","type":"post","link":"https:\/\/newsestlyonnais.fr\/site\/2020\/07\/12\/vaulx-en-velin-les-triathletes-sur-le-parcours-dune-etape-du-tour\/","title":{"rendered":"VAULX-EN-VELIN | Les triathl\u00e8tes sur le parcours d&rsquo;une \u00e9tape du Tour"},"content":{"rendered":"<p>Afin de permettre au plus grand nombre de participer, le club a propos\u00e9 <strong>3 parcours avec comme objectif commun de monter au moins une fois le Grand Colombier.<\/strong><\/p>\n<p><em><strong><span style=\"font-size: 14pt\">Le pr\u00e9sident Nicolas Pournin revient sur cette journ\u00e9e :<\/span><\/strong><\/em><\/p>\n<p>\u00a0\u00bb Pour le plus grand parcours, nous sommes partis de Cr\u00e9mieu pour r\u00e9aliser les <strong>144 derniers kilom\u00e8tres de l&rsquo;\u00e9tape<\/strong> via le Grand Colombier par Virieu-le-Petit, le col de la Biche et enfin la mont\u00e9e du Grand Colombier par Culoz. (3500m de D\u00e9nivel\u00e9)<br \/>\nUn parcours interm\u00e9diaire de <strong>55 Km et 2000 .m de d\u00e9nivel\u00e9<\/strong> \u00e9tait propos\u00e9 via le col de la Biche et la mont\u00e9e du Colombier par Culoz.<br \/>\nEnfin un parcours accessible de <strong>33 Km<\/strong> permettait d&rsquo;effectuer la mythique mont\u00e9e du Grand Colombier par Culoz.<\/p>\n<p>A partir de 7 heures 30, les d\u00e9parts des groupes se sont succ\u00e8d\u00e9s et nous avons r\u00e9unis les <strong>22 participants<\/strong> au sommet du Col. Un grand bravo \u00e0 eux et \u00e0 nos <strong>7 f\u00e9minines<\/strong> qui ont \u00e9galement relev\u00e9 ce d\u00e9fi ! La sortie s&rsquo;est termin\u00e9e par un traditionnel verre de l&rsquo;amiti\u00e9 servi dans le village de Virieu-le-Petit<\/p>\n<p><strong>Cette ann\u00e9e sportive est compliqu\u00e9e et les occasions de se retrouver sont rares<\/strong>. Pendant le confinement, l&rsquo;id\u00e9e a germ\u00e9 de proposer une sortie commune et ce magnifique parcours en plein coeur du Bugey sur les traces des coureurs du Tour est apparu comme une \u00e9vidence. Le nombre de participants sur un trac\u00e9 aussi exigeant et les sourires de l&rsquo;arriv\u00e9e nous encouragent \u00e0 r\u00e9it\u00e9rer l&rsquo;exp\u00e9rience et proposer d&rsquo;autres parcours.<\/p>\n<p><strong>Certainement, que beaucoup seront sur le trac\u00e9 ou devant leur petit \u00e9cran le 13 septembre pour suivre les champions et pouvoir dire : moi aussi, je l&rsquo;ai fait !! \u00a0\u00bb <\/strong>________________________________________________________________________________<\/p>\n<ul>\n<li><em><strong>Retrouvez toute l&rsquo;ACTU du club sur : <a href=\"http:\/\/vaulx-en-velin-triathlon.org\">http:\/\/vaulx-en-velin-triathlon.org<\/a><\/strong><\/em><\/li>\n<\/ul>\n","protected":false},"excerpt":{"rendered":"<p>Le premier samedi de juillet, le Vaulx-en-Velin Triathlon a organis\u00e9 une sortie club sur la future \u00e9tape Lyon-Le Grand Colombier.<\/p>\n","protected":false},"author":4,"featured_media":106272,"comment_status":"open","ping_status":"open","sticky":false,"template":"","format":"standard","meta":{"footnotes":""},"categories":[2988,3250,2,2990,28],"tags":[2893,2006],"class_list":["post-106270","post","type-post","status-publish","format-standard","has-post-thumbnail","hentry","category-natation-triathlon","category-recits-de-course-portraits-interviews","category-sports","category-triathlon","category-vaulx-en-velin","tag-saint-priest-triathlon","tag-vaulx-en-velin"],"yoast_head":"<!-- This site is optimized with the Yoast SEO plugin v27.2 - https:\/\/yoast.com\/product\/yoast-seo-wordpress\/ -->\n<title>VAULX-EN-VELIN | Les triathl\u00e8tes sur le parcours d&#039;une \u00e9tape du Tour - News Est Lyonnais<\/title>\n<meta name=\"description\" content=\"VAULX-EN-VELIN | Les triathl\u00e8tes sur le parcours d&#039;une \u00e9tape du Tour\" \/>\n<meta name=\"robots\" content=\"index, follow, max-snippet:-1, max-image-preview:large, max-video-preview:-1\" \/>\n<link rel=\"canonical\" href=\"https:\/\/newsestlyonnais.fr\/site\/2020\/07\/12\/vaulx-en-velin-les-triathletes-sur-le-parcours-dune-etape-du-tour\/\" \/>\n<meta property=\"og:locale\" content=\"fr_FR\" \/>\n<meta property=\"og:type\" content=\"article\" \/>\n<meta property=\"og:title\" content=\"VAULX-EN-VELIN | Les triathl\u00e8tes sur le parcours d&#039;une \u00e9tape du Tour - News Est Lyonnais\" \/>\n<meta property=\"og:description\" content=\"VAULX-EN-VELIN | Les triathl\u00e8tes sur le parcours d&#039;une \u00e9tape du Tour\" \/>\n<meta property=\"og:url\" content=\"https:\/\/newsestlyonnais.fr\/site\/2020\/07\/12\/vaulx-en-velin-les-triathletes-sur-le-parcours-dune-etape-du-tour\/\" \/>\n<meta property=\"og:site_name\" content=\"News Est Lyonnais\" \/>\n<meta property=\"article:author\" content=\"https:\/\/www.facebook.com\/pascal.oberson.1?fref=ts\" \/>\n<meta property=\"article:published_time\" content=\"2020-07-12T15:23:29+00:00\" \/>\n<meta property=\"article:modified_time\" content=\"2020-07-14T05:06:14+00:00\" \/>\n<meta property=\"og:image\" content=\"https:\/\/i0.wp.com\/newsestlyonnais.fr\/site\/wp-content\/uploads\/2020\/07\/NEWSESTLYONNAIS-VAULX-TRI-ETAPE.jpg?fit=1006%2C489&ssl=1\" \/>\n\t<meta property=\"og:image:width\" content=\"1006\" \/>\n\t<meta property=\"og:image:height\" content=\"489\" \/>\n\t<meta property=\"og:image:type\" content=\"image\/jpeg\" \/>\n<meta name=\"author\" content=\"R\u00e9dac. NEWS\" \/>\n<meta name=\"twitter:card\" content=\"summary_large_image\" \/>\n<meta name=\"twitter:label1\" content=\"\u00c9crit par\" \/>\n\t<meta name=\"twitter:data1\" content=\"R\u00e9dac. NEWS\" \/>\n\t<meta name=\"twitter:label2\" content=\"Dur\u00e9e de lecture estim\u00e9e\" \/>\n\t<meta name=\"twitter:data2\" content=\"1 minute\" \/>\n<script type=\"application\/ld+json\" class=\"yoast-schema-graph\">{\"@context\":\"https:\/\/schema.org\",\"@graph\":[{\"@type\":\"Article\",\"@id\":\"https:\/\/newsestlyonnais.fr\/site\/2020\/07\/12\/vaulx-en-velin-les-triathletes-sur-le-parcours-dune-etape-du-tour\/#article\",\"isPartOf\":{\"@id\":\"https:\/\/newsestlyonnais.fr\/site\/2020\/07\/12\/vaulx-en-velin-les-triathletes-sur-le-parcours-dune-etape-du-tour\/\"},\"author\":{\"name\":\"R\u00e9dac. NEWS\",\"@id\":\"https:\/\/newsestlyonnais.fr\/site\/#\/schema\/person\/3230d5615f390bb808365d673001e887\"},\"headline\":\"VAULX-EN-VELIN | Les triathl\u00e8tes sur le parcours d&rsquo;une \u00e9tape du Tour\",\"datePublished\":\"2020-07-12T15:23:29+00:00\",\"dateModified\":\"2020-07-14T05:06:14+00:00\",\"mainEntityOfPage\":{\"@id\":\"https:\/\/newsestlyonnais.fr\/site\/2020\/07\/12\/vaulx-en-velin-les-triathletes-sur-le-parcours-dune-etape-du-tour\/\"},\"wordCount\":314,\"commentCount\":0,\"publisher\":{\"@id\":\"https:\/\/newsestlyonnais.fr\/site\/#organization\"},\"image\":{\"@id\":\"https:\/\/newsestlyonnais.fr\/site\/2020\/07\/12\/vaulx-en-velin-les-triathletes-sur-le-parcours-dune-etape-du-tour\/#primaryimage\"},\"thumbnailUrl\":\"https:\/\/newsestlyonnais.fr\/site\/wp-content\/uploads\/2020\/07\/NEWSESTLYONNAIS-VAULX-TRI-ETAPE.jpg\",\"keywords\":[\"SAINT PRIEST TRIATHLON\",\"VAULX EN VELIN\"],\"articleSection\":[\"Natation | Triathlon\",\"R\u00e9cits de course \/ Portraits \/ Interviews\",\"Sports\",\"Triathlon\",\"Vaulx-en-Velin\"],\"inLanguage\":\"fr-FR\",\"potentialAction\":[{\"@type\":\"CommentAction\",\"name\":\"Comment\",\"target\":[\"https:\/\/newsestlyonnais.fr\/site\/2020\/07\/12\/vaulx-en-velin-les-triathletes-sur-le-parcours-dune-etape-du-tour\/#respond\"]}]},{\"@type\":\"WebPage\",\"@id\":\"https:\/\/newsestlyonnais.fr\/site\/2020\/07\/12\/vaulx-en-velin-les-triathletes-sur-le-parcours-dune-etape-du-tour\/\",\"url\":\"https:\/\/newsestlyonnais.fr\/site\/2020\/07\/12\/vaulx-en-velin-les-triathletes-sur-le-parcours-dune-etape-du-tour\/\",\"name\":\"VAULX-EN-VELIN | Les triathl\u00e8tes sur le parcours d'une \u00e9tape du Tour - News Est Lyonnais\",\"isPartOf\":{\"@id\":\"https:\/\/newsestlyonnais.fr\/site\/#website\"},\"primaryImageOfPage\":{\"@id\":\"https:\/\/newsestlyonnais.fr\/site\/2020\/07\/12\/vaulx-en-velin-les-triathletes-sur-le-parcours-dune-etape-du-tour\/#primaryimage\"},\"image\":{\"@id\":\"https:\/\/newsestlyonnais.fr\/site\/2020\/07\/12\/vaulx-en-velin-les-triathletes-sur-le-parcours-dune-etape-du-tour\/#primaryimage\"},\"thumbnailUrl\":\"https:\/\/newsestlyonnais.fr\/site\/wp-content\/uploads\/2020\/07\/NEWSESTLYONNAIS-VAULX-TRI-ETAPE.jpg\",\"datePublished\":\"2020-07-12T15:23:29+00:00\",\"dateModified\":\"2020-07-14T05:06:14+00:00\",\"description\":\"VAULX-EN-VELIN | Les triathl\u00e8tes sur le parcours d'une \u00e9tape du Tour\",\"breadcrumb\":{\"@id\":\"https:\/\/newsestlyonnais.fr\/site\/2020\/07\/12\/vaulx-en-velin-les-triathletes-sur-le-parcours-dune-etape-du-tour\/#breadcrumb\"},\"inLanguage\":\"fr-FR\",\"potentialAction\":[{\"@type\":\"ReadAction\",\"target\":[\"https:\/\/newsestlyonnais.fr\/site\/2020\/07\/12\/vaulx-en-velin-les-triathletes-sur-le-parcours-dune-etape-du-tour\/\"]}]},{\"@type\":\"ImageObject\",\"inLanguage\":\"fr-FR\",\"@id\":\"https:\/\/newsestlyonnais.fr\/site\/2020\/07\/12\/vaulx-en-velin-les-triathletes-sur-le-parcours-dune-etape-du-tour\/#primaryimage\",\"url\":\"https:\/\/newsestlyonnais.fr\/site\/wp-content\/uploads\/2020\/07\/NEWSESTLYONNAIS-VAULX-TRI-ETAPE.jpg\",\"contentUrl\":\"https:\/\/newsestlyonnais.fr\/site\/wp-content\/uploads\/2020\/07\/NEWSESTLYONNAIS-VAULX-TRI-ETAPE.jpg\",\"width\":1006,\"height\":489},{\"@type\":\"BreadcrumbList\",\"@id\":\"https:\/\/newsestlyonnais.fr\/site\/2020\/07\/12\/vaulx-en-velin-les-triathletes-sur-le-parcours-dune-etape-du-tour\/#breadcrumb\",\"itemListElement\":[{\"@type\":\"ListItem\",\"position\":1,\"name\":\"Accueil\",\"item\":\"https:\/\/newsestlyonnais.fr\/site\/\"},{\"@type\":\"ListItem\",\"position\":2,\"name\":\"VAULX-EN-VELIN | Les triathl\u00e8tes sur le parcours d&rsquo;une \u00e9tape du Tour\"}]},{\"@type\":\"WebSite\",\"@id\":\"https:\/\/newsestlyonnais.fr\/site\/#website\",\"url\":\"https:\/\/newsestlyonnais.fr\/site\/\",\"name\":\"News Est Lyonnais\",\"description\":\"L&#039;actualit\u00e9 au plus pr\u00e8s\",\"publisher\":{\"@id\":\"https:\/\/newsestlyonnais.fr\/site\/#organization\"},\"potentialAction\":[{\"@type\":\"SearchAction\",\"target\":{\"@type\":\"EntryPoint\",\"urlTemplate\":\"https:\/\/newsestlyonnais.fr\/site\/?s={search_term_string}\"},\"query-input\":{\"@type\":\"PropertyValueSpecification\",\"valueRequired\":true,\"valueName\":\"search_term_string\"}}],\"inLanguage\":\"fr-FR\"},{\"@type\":\"Organization\",\"@id\":\"https:\/\/newsestlyonnais.fr\/site\/#organization\",\"name\":\"News EST LYONNAIS\",\"url\":\"https:\/\/newsestlyonnais.fr\/site\/\",\"logo\":{\"@type\":\"ImageObject\",\"inLanguage\":\"fr-FR\",\"@id\":\"https:\/\/newsestlyonnais.fr\/site\/#\/schema\/logo\/image\/\",\"url\":\"\",\"contentUrl\":\"\",\"caption\":\"News EST LYONNAIS\"},\"image\":{\"@id\":\"https:\/\/newsestlyonnais.fr\/site\/#\/schema\/logo\/image\/\"}},{\"@type\":\"Person\",\"@id\":\"https:\/\/newsestlyonnais.fr\/site\/#\/schema\/person\/3230d5615f390bb808365d673001e887\",\"name\":\"R\u00e9dac. NEWS\",\"sameAs\":[\"http:\/\/www.newsestlyonnais.fr\",\"https:\/\/www.facebook.com\/pascal.oberson.1?fref=ts\",\"https:\/\/fr.linkedin.com\/in\/pascal-oberson-b17045113\"],\"url\":\"https:\/\/newsestlyonnais.fr\/site\/author\/nel\/\"}]}<\/script>\n<!-- \/ Yoast SEO plugin. -->","yoast_head_json":{"title":"VAULX-EN-VELIN | Les triathl\u00e8tes sur le parcours d'une \u00e9tape du Tour - News Est Lyonnais","description":"VAULX-EN-VELIN | Les triathl\u00e8tes sur le parcours d'une \u00e9tape du Tour","robots":{"index":"index","follow":"follow","max-snippet":"max-snippet:-1","max-image-preview":"max-image-preview:large","max-video-preview":"max-video-preview:-1"},"canonical":"https:\/\/newsestlyonnais.fr\/site\/2020\/07\/12\/vaulx-en-velin-les-triathletes-sur-le-parcours-dune-etape-du-tour\/","og_locale":"fr_FR","og_type":"article","og_title":"VAULX-EN-VELIN | Les triathl\u00e8tes sur le parcours d'une \u00e9tape du Tour - News Est Lyonnais","og_description":"VAULX-EN-VELIN | Les triathl\u00e8tes sur le parcours d'une \u00e9tape du Tour","og_url":"https:\/\/newsestlyonnais.fr\/site\/2020\/07\/12\/vaulx-en-velin-les-triathletes-sur-le-parcours-dune-etape-du-tour\/","og_site_name":"News Est Lyonnais","article_author":"https:\/\/www.facebook.com\/pascal.oberson.1?fref=ts","article_published_time":"2020-07-12T15:23:29+00:00","article_modified_time":"2020-07-14T05:06:14+00:00","og_image":[{"width":1006,"height":489,"url":"https:\/\/i0.wp.com\/newsestlyonnais.fr\/site\/wp-content\/uploads\/2020\/07\/NEWSESTLYONNAIS-VAULX-TRI-ETAPE.jpg?fit=1006%2C489&ssl=1","type":"image\/jpeg"}],"author":"R\u00e9dac. NEWS","twitter_card":"summary_large_image","twitter_misc":{"\u00c9crit par":"R\u00e9dac. NEWS","Dur\u00e9e de lecture estim\u00e9e":"1 minute"},"schema":{"@context":"https:\/\/schema.org","@graph":[{"@type":"Article","@id":"https:\/\/newsestlyonnais.fr\/site\/2020\/07\/12\/vaulx-en-velin-les-triathletes-sur-le-parcours-dune-etape-du-tour\/#article","isPartOf":{"@id":"https:\/\/newsestlyonnais.fr\/site\/2020\/07\/12\/vaulx-en-velin-les-triathletes-sur-le-parcours-dune-etape-du-tour\/"},"author":{"name":"R\u00e9dac. NEWS","@id":"https:\/\/newsestlyonnais.fr\/site\/#\/schema\/person\/3230d5615f390bb808365d673001e887"},"headline":"VAULX-EN-VELIN | Les triathl\u00e8tes sur le parcours d&rsquo;une \u00e9tape du Tour","datePublished":"2020-07-12T15:23:29+00:00","dateModified":"2020-07-14T05:06:14+00:00","mainEntityOfPage":{"@id":"https:\/\/newsestlyonnais.fr\/site\/2020\/07\/12\/vaulx-en-velin-les-triathletes-sur-le-parcours-dune-etape-du-tour\/"},"wordCount":314,"commentCount":0,"publisher":{"@id":"https:\/\/newsestlyonnais.fr\/site\/#organization"},"image":{"@id":"https:\/\/newsestlyonnais.fr\/site\/2020\/07\/12\/vaulx-en-velin-les-triathletes-sur-le-parcours-dune-etape-du-tour\/#primaryimage"},"thumbnailUrl":"https:\/\/newsestlyonnais.fr\/site\/wp-content\/uploads\/2020\/07\/NEWSESTLYONNAIS-VAULX-TRI-ETAPE.jpg","keywords":["SAINT PRIEST TRIATHLON","VAULX EN VELIN"],"articleSection":["Natation | Triathlon","R\u00e9cits de course \/ Portraits \/ Interviews","Sports","Triathlon","Vaulx-en-Velin"],"inLanguage":"fr-FR","potentialAction":[{"@type":"CommentAction","name":"Comment","target":["https:\/\/newsestlyonnais.fr\/site\/2020\/07\/12\/vaulx-en-velin-les-triathletes-sur-le-parcours-dune-etape-du-tour\/#respond"]}]},{"@type":"WebPage","@id":"https:\/\/newsestlyonnais.fr\/site\/2020\/07\/12\/vaulx-en-velin-les-triathletes-sur-le-parcours-dune-etape-du-tour\/","url":"https:\/\/newsestlyonnais.fr\/site\/2020\/07\/12\/vaulx-en-velin-les-triathletes-sur-le-parcours-dune-etape-du-tour\/","name":"VAULX-EN-VELIN | Les triathl\u00e8tes sur le parcours d'une \u00e9tape du Tour - News Est Lyonnais","isPartOf":{"@id":"https:\/\/newsestlyonnais.fr\/site\/#website"},"primaryImageOfPage":{"@id":"https:\/\/newsestlyonnais.fr\/site\/2020\/07\/12\/vaulx-en-velin-les-triathletes-sur-le-parcours-dune-etape-du-tour\/#primaryimage"},"image":{"@id":"https:\/\/newsestlyonnais.fr\/site\/2020\/07\/12\/vaulx-en-velin-les-triathletes-sur-le-parcours-dune-etape-du-tour\/#primaryimage"},"thumbnailUrl":"https:\/\/newsestlyonnais.fr\/site\/wp-content\/uploads\/2020\/07\/NEWSESTLYONNAIS-VAULX-TRI-ETAPE.jpg","datePublished":"2020-07-12T15:23:29+00:00","dateModified":"2020-07-14T05:06:14+00:00","description":"VAULX-EN-VELIN | Les triathl\u00e8tes sur le parcours d'une \u00e9tape du Tour","breadcrumb":{"@id":"https:\/\/newsestlyonnais.fr\/site\/2020\/07\/12\/vaulx-en-velin-les-triathletes-sur-le-parcours-dune-etape-du-tour\/#breadcrumb"},"inLanguage":"fr-FR","potentialAction":[{"@type":"ReadAction","target":["https:\/\/newsestlyonnais.fr\/site\/2020\/07\/12\/vaulx-en-velin-les-triathletes-sur-le-parcours-dune-etape-du-tour\/"]}]},{"@type":"ImageObject","inLanguage":"fr-FR","@id":"https:\/\/newsestlyonnais.fr\/site\/2020\/07\/12\/vaulx-en-velin-les-triathletes-sur-le-parcours-dune-etape-du-tour\/#primaryimage","url":"https:\/\/newsestlyonnais.fr\/site\/wp-content\/uploads\/2020\/07\/NEWSESTLYONNAIS-VAULX-TRI-ETAPE.jpg","contentUrl":"https:\/\/newsestlyonnais.fr\/site\/wp-content\/uploads\/2020\/07\/NEWSESTLYONNAIS-VAULX-TRI-ETAPE.jpg","width":1006,"height":489},{"@type":"BreadcrumbList","@id":"https:\/\/newsestlyonnais.fr\/site\/2020\/07\/12\/vaulx-en-velin-les-triathletes-sur-le-parcours-dune-etape-du-tour\/#breadcrumb","itemListElement":[{"@type":"ListItem","position":1,"name":"Accueil","item":"https:\/\/newsestlyonnais.fr\/site\/"},{"@type":"ListItem","position":2,"name":"VAULX-EN-VELIN | Les triathl\u00e8tes sur le parcours d&rsquo;une \u00e9tape du Tour"}]},{"@type":"WebSite","@id":"https:\/\/newsestlyonnais.fr\/site\/#website","url":"https:\/\/newsestlyonnais.fr\/site\/","name":"News Est Lyonnais","description":"L&#039;actualit\u00e9 au plus pr\u00e8s","publisher":{"@id":"https:\/\/newsestlyonnais.fr\/site\/#organization"},"potentialAction":[{"@type":"SearchAction","target":{"@type":"EntryPoint","urlTemplate":"https:\/\/newsestlyonnais.fr\/site\/?s={search_term_string}"},"query-input":{"@type":"PropertyValueSpecification","valueRequired":true,"valueName":"search_term_string"}}],"inLanguage":"fr-FR"},{"@type":"Organization","@id":"https:\/\/newsestlyonnais.fr\/site\/#organization","name":"News EST LYONNAIS","url":"https:\/\/newsestlyonnais.fr\/site\/","logo":{"@type":"ImageObject","inLanguage":"fr-FR","@id":"https:\/\/newsestlyonnais.fr\/site\/#\/schema\/logo\/image\/","url":"","contentUrl":"","caption":"News EST LYONNAIS"},"image":{"@id":"https:\/\/newsestlyonnais.fr\/site\/#\/schema\/logo\/image\/"}},{"@type":"Person","@id":"https:\/\/newsestlyonnais.fr\/site\/#\/schema\/person\/3230d5615f390bb808365d673001e887","name":"R\u00e9dac. NEWS","sameAs":["http:\/\/www.newsestlyonnais.fr","https:\/\/www.facebook.com\/pascal.oberson.1?fref=ts","https:\/\/fr.linkedin.com\/in\/pascal-oberson-b17045113"],"url":"https:\/\/newsestlyonnais.fr\/site\/author\/nel\/"}]}},"_links":{"self":[{"href":"https:\/\/newsestlyonnais.fr\/site\/wp-json\/wp\/v2\/posts\/106270","targetHints":{"allow":["GET"]}}],"collection":[{"href":"https:\/\/newsestlyonnais.fr\/site\/wp-json\/wp\/v2\/posts"}],"about":[{"href":"https:\/\/newsestlyonnais.fr\/site\/wp-json\/wp\/v2\/types\/post"}],"author":[{"embeddable":true,"href":"https:\/\/newsestlyonnais.fr\/site\/wp-json\/wp\/v2\/users\/4"}],"replies":[{"embeddable":true,"href":"https:\/\/newsestlyonnais.fr\/site\/wp-json\/wp\/v2\/comments?post=106270"}],"version-history":[{"count":0,"href":"https:\/\/newsestlyonnais.fr\/site\/wp-json\/wp\/v2\/posts\/106270\/revisions"}],"wp:featuredmedia":[{"embeddable":true,"href":"https:\/\/newsestlyonnais.fr\/site\/wp-json\/wp\/v2\/media\/106272"}],"wp:attachment":[{"href":"https:\/\/newsestlyonnais.fr\/site\/wp-json\/wp\/v2\/media?parent=106270"}],"wp:term":[{"taxonomy":"category","embeddable":true,"href":"https:\/\/newsestlyonnais.fr\/site\/wp-json\/wp\/v2\/categories?post=106270"},{"taxonomy":"post_tag","embeddable":true,"href":"https:\/\/newsestlyonnais.fr\/site\/wp-json\/wp\/v2\/tags?post=106270"}],"curies":[{"name":"wp","href":"https:\/\/api.w.org\/{rel}","templated":true}]}}