{"id":106710,"date":"2020-07-16T15:55:22","date_gmt":"2020-07-16T14:55:22","guid":{"rendered":"http:\/\/newsestlyonnais.fr\/site\/?p=106710"},"modified":"2020-07-16T15:57:23","modified_gmt":"2020-07-16T14:57:23","slug":"venissieux-aucune-expulsion-sans-un-relogement-perenne","status":"publish","type":"post","link":"https:\/\/newsestlyonnais.fr\/site\/2020\/07\/16\/venissieux-aucune-expulsion-sans-un-relogement-perenne\/","title":{"rendered":"VENISSIEUX | Aucune expulsion sans un relogement p\u00e9renne"},"content":{"rendered":"<p class=\" text-justify\"><b>\u00a0\u00a0\u00bb Depuis 10 ans, \u00e0 chaque fin de tr\u00eave hivernale, je prends des arr\u00eat\u00e9s contre les expulsions locatives pour que la dignit\u00e9 humaine soit respect\u00e9e.<\/b> Cette ann\u00e9e, la tr\u00eave hivernale a \u00e9t\u00e9 repouss\u00e9e au 10 juillet, compte tenu du contexte sanitaire. Durant cette crise sanitaire, j\u2019ai interpell\u00e9 le premier ministre pour que soit mis fin \u00e0 ces pratiques inhumaines et demand\u00e9 un moratoire car il est inconcevable, compte tenu de la p\u00e9riode que nous traversons, de remettre \u00e0 la rue des familles.<\/p>\n<p class=\" text-justify\">Le ministre de la ville et du logement a annonc\u00e9 fin juin \u00e0 l\u2019Assembl\u00e9e nationale l\u2019envoi d\u2019une circulaire aux pr\u00e9fets pour \u00ab\u00a0que seules les proc\u00e9dures d\u2019expulsions locatives adoss\u00e9es \u00e0 des possibilit\u00e9s de relogement op\u00e9rationnel seront mises en \u0153uvre \u00e0 partir de juillet\u00a0\u00bb. <b>Conform\u00e9ment \u00e0 cette directive, la Pr\u00e9fecture nous a inform\u00e9s courant de semaine derni\u00e8re, qu\u2019aucune expulsion locative n\u2019aurait lieu sans proposition de relogement. Le Pr\u00e9fet n\u2019accordera les concours de la force publique que pour les expulsions locatives assorties d\u2019un relogement.<\/b><\/p>\n<p class=\" text-justify\">Cette d\u00e9cision\u00a0 va soulager les familles les plus modestes fortement impact\u00e9es par la crise \u00e9conomique et sociale qui s\u2019est encore amplifi\u00e9e dans le contexte sanitaire. <b>En cons\u00e9quence, je ne prendrai pas d\u2019arr\u00eat\u00e9 donnant obligation de relogement avant toute expulsion locative sur le territoire v\u00e9nissian, cette ann\u00e9e.<\/b><\/p>\n<h4 class=\" text-justify\">Je demande cependant au Pr\u00e9fet de proposer aux personnes en difficult\u00e9, qui seraient en situation d\u2019expulsion locative, un relogement p\u00e9renne.<\/h4>\n<h4 class=\" text-justify\"><b>Un logement pour tous est un droit. Je continuerai de porter ce combat essentiel pour la dignit\u00e9 humaine \u00ab\u00a0.\u00a0 <\/b>_________________________________________________________________________<\/h4>\n<h4 class=\" text-justify\"><em><strong>Source : communiqu\u00e9 de la Ville de V\u00e9nissieux de ce jour.<\/strong><\/em><\/h4>\n","protected":false},"excerpt":{"rendered":"<p>Communiqu\u00e9 de presse de la maire Mich\u00e8le Picard concernant la fin de la tr\u00eave hivernale et les expulsions locatives.<\/p>\n","protected":false},"author":4,"featured_media":95972,"comment_status":"open","ping_status":"open","sticky":false,"template":"","format":"standard","meta":{"footnotes":""},"categories":[2217,11,18,1298],"tags":[2067],"class_list":["post-106710","post","type-post","status-publish","format-standard","has-post-thumbnail","hentry","category-breves-de-lest-lyonnais","category-immobilier-logement","category-sante-bien-etre-solidarite","category-venissieux","tag-venissieux"],"yoast_head":"<!-- This site is optimized with the Yoast SEO plugin v27.2 - https:\/\/yoast.com\/product\/yoast-seo-wordpress\/ -->\n<title>VENISSIEUX | Aucune expulsion sans un relogement p\u00e9renne - News Est Lyonnais<\/title>\n<meta name=\"description\" content=\"VENISSIEUX | Aucune expulsion sans un relogement p\u00e9renne\" \/>\n<meta name=\"robots\" content=\"index, follow, max-snippet:-1, max-image-preview:large, max-video-preview:-1\" \/>\n<link rel=\"canonical\" href=\"https:\/\/newsestlyonnais.fr\/site\/2020\/07\/16\/venissieux-aucune-expulsion-sans-un-relogement-perenne\/\" \/>\n<meta property=\"og:locale\" content=\"fr_FR\" \/>\n<meta property=\"og:type\" content=\"article\" \/>\n<meta property=\"og:title\" content=\"VENISSIEUX | Aucune expulsion sans un relogement p\u00e9renne - News Est Lyonnais\" \/>\n<meta property=\"og:description\" content=\"VENISSIEUX | Aucune expulsion sans un relogement p\u00e9renne\" \/>\n<meta property=\"og:url\" content=\"https:\/\/newsestlyonnais.fr\/site\/2020\/07\/16\/venissieux-aucune-expulsion-sans-un-relogement-perenne\/\" \/>\n<meta property=\"og:site_name\" content=\"News Est Lyonnais\" \/>\n<meta property=\"article:author\" content=\"https:\/\/www.facebook.com\/pascal.oberson.1?fref=ts\" \/>\n<meta property=\"article:published_time\" content=\"2020-07-16T14:55:22+00:00\" \/>\n<meta property=\"article:modified_time\" content=\"2020-07-16T14:57:23+00:00\" \/>\n<meta property=\"og:image\" content=\"https:\/\/i2.wp.com\/newsestlyonnais.fr\/site\/wp-content\/uploads\/2019\/11\/NEWSESTLYONNAIS-MAIRIE-VENX.jpg?fit=1200%2C800&ssl=1\" \/>\n\t<meta property=\"og:image:width\" content=\"1200\" \/>\n\t<meta property=\"og:image:height\" content=\"800\" \/>\n\t<meta property=\"og:image:type\" content=\"image\/jpeg\" \/>\n<meta name=\"author\" content=\"R\u00e9dac. NEWS\" \/>\n<meta name=\"twitter:card\" content=\"summary_large_image\" \/>\n<meta name=\"twitter:label1\" content=\"\u00c9crit par\" \/>\n\t<meta name=\"twitter:data1\" content=\"R\u00e9dac. NEWS\" \/>\n\t<meta name=\"twitter:label2\" content=\"Dur\u00e9e de lecture estim\u00e9e\" \/>\n\t<meta name=\"twitter:data2\" content=\"1 minute\" \/>\n<script type=\"application\/ld+json\" class=\"yoast-schema-graph\">{\"@context\":\"https:\/\/schema.org\",\"@graph\":[{\"@type\":\"Article\",\"@id\":\"https:\/\/newsestlyonnais.fr\/site\/2020\/07\/16\/venissieux-aucune-expulsion-sans-un-relogement-perenne\/#article\",\"isPartOf\":{\"@id\":\"https:\/\/newsestlyonnais.fr\/site\/2020\/07\/16\/venissieux-aucune-expulsion-sans-un-relogement-perenne\/\"},\"author\":{\"name\":\"R\u00e9dac. NEWS\",\"@id\":\"https:\/\/newsestlyonnais.fr\/site\/#\/schema\/person\/3230d5615f390bb808365d673001e887\"},\"headline\":\"VENISSIEUX | Aucune expulsion sans un relogement p\u00e9renne\",\"datePublished\":\"2020-07-16T14:55:22+00:00\",\"dateModified\":\"2020-07-16T14:57:23+00:00\",\"mainEntityOfPage\":{\"@id\":\"https:\/\/newsestlyonnais.fr\/site\/2020\/07\/16\/venissieux-aucune-expulsion-sans-un-relogement-perenne\/\"},\"wordCount\":296,\"commentCount\":0,\"publisher\":{\"@id\":\"https:\/\/newsestlyonnais.fr\/site\/#organization\"},\"image\":{\"@id\":\"https:\/\/newsestlyonnais.fr\/site\/2020\/07\/16\/venissieux-aucune-expulsion-sans-un-relogement-perenne\/#primaryimage\"},\"thumbnailUrl\":\"https:\/\/newsestlyonnais.fr\/site\/wp-content\/uploads\/2019\/11\/NEWSESTLYONNAIS-MAIRIE-VENX.jpg\",\"keywords\":[\"VENISSIEUX\"],\"articleSection\":[\"Br\u00e8ves de l'Est lyonnais\",\"Immobilier | Logement\",\"Sant\u00e9 | Bien Etre | Solidarit\u00e9\",\"V\u00e9nissieux\"],\"inLanguage\":\"fr-FR\",\"potentialAction\":[{\"@type\":\"CommentAction\",\"name\":\"Comment\",\"target\":[\"https:\/\/newsestlyonnais.fr\/site\/2020\/07\/16\/venissieux-aucune-expulsion-sans-un-relogement-perenne\/#respond\"]}]},{\"@type\":\"WebPage\",\"@id\":\"https:\/\/newsestlyonnais.fr\/site\/2020\/07\/16\/venissieux-aucune-expulsion-sans-un-relogement-perenne\/\",\"url\":\"https:\/\/newsestlyonnais.fr\/site\/2020\/07\/16\/venissieux-aucune-expulsion-sans-un-relogement-perenne\/\",\"name\":\"VENISSIEUX | Aucune expulsion sans un relogement p\u00e9renne - News Est Lyonnais\",\"isPartOf\":{\"@id\":\"https:\/\/newsestlyonnais.fr\/site\/#website\"},\"primaryImageOfPage\":{\"@id\":\"https:\/\/newsestlyonnais.fr\/site\/2020\/07\/16\/venissieux-aucune-expulsion-sans-un-relogement-perenne\/#primaryimage\"},\"image\":{\"@id\":\"https:\/\/newsestlyonnais.fr\/site\/2020\/07\/16\/venissieux-aucune-expulsion-sans-un-relogement-perenne\/#primaryimage\"},\"thumbnailUrl\":\"https:\/\/newsestlyonnais.fr\/site\/wp-content\/uploads\/2019\/11\/NEWSESTLYONNAIS-MAIRIE-VENX.jpg\",\"datePublished\":\"2020-07-16T14:55:22+00:00\",\"dateModified\":\"2020-07-16T14:57:23+00:00\",\"description\":\"VENISSIEUX | Aucune expulsion sans un relogement p\u00e9renne\",\"breadcrumb\":{\"@id\":\"https:\/\/newsestlyonnais.fr\/site\/2020\/07\/16\/venissieux-aucune-expulsion-sans-un-relogement-perenne\/#breadcrumb\"},\"inLanguage\":\"fr-FR\",\"potentialAction\":[{\"@type\":\"ReadAction\",\"target\":[\"https:\/\/newsestlyonnais.fr\/site\/2020\/07\/16\/venissieux-aucune-expulsion-sans-un-relogement-perenne\/\"]}]},{\"@type\":\"ImageObject\",\"inLanguage\":\"fr-FR\",\"@id\":\"https:\/\/newsestlyonnais.fr\/site\/2020\/07\/16\/venissieux-aucune-expulsion-sans-un-relogement-perenne\/#primaryimage\",\"url\":\"https:\/\/newsestlyonnais.fr\/site\/wp-content\/uploads\/2019\/11\/NEWSESTLYONNAIS-MAIRIE-VENX.jpg\",\"contentUrl\":\"https:\/\/newsestlyonnais.fr\/site\/wp-content\/uploads\/2019\/11\/NEWSESTLYONNAIS-MAIRIE-VENX.jpg\",\"width\":1200,\"height\":800},{\"@type\":\"BreadcrumbList\",\"@id\":\"https:\/\/newsestlyonnais.fr\/site\/2020\/07\/16\/venissieux-aucune-expulsion-sans-un-relogement-perenne\/#breadcrumb\",\"itemListElement\":[{\"@type\":\"ListItem\",\"position\":1,\"name\":\"Accueil\",\"item\":\"https:\/\/newsestlyonnais.fr\/site\/\"},{\"@type\":\"ListItem\",\"position\":2,\"name\":\"VENISSIEUX | Aucune expulsion sans un relogement p\u00e9renne\"}]},{\"@type\":\"WebSite\",\"@id\":\"https:\/\/newsestlyonnais.fr\/site\/#website\",\"url\":\"https:\/\/newsestlyonnais.fr\/site\/\",\"name\":\"News Est Lyonnais\",\"description\":\"L&#039;actualit\u00e9 au plus pr\u00e8s\",\"publisher\":{\"@id\":\"https:\/\/newsestlyonnais.fr\/site\/#organization\"},\"potentialAction\":[{\"@type\":\"SearchAction\",\"target\":{\"@type\":\"EntryPoint\",\"urlTemplate\":\"https:\/\/newsestlyonnais.fr\/site\/?s={search_term_string}\"},\"query-input\":{\"@type\":\"PropertyValueSpecification\",\"valueRequired\":true,\"valueName\":\"search_term_string\"}}],\"inLanguage\":\"fr-FR\"},{\"@type\":\"Organization\",\"@id\":\"https:\/\/newsestlyonnais.fr\/site\/#organization\",\"name\":\"News EST LYONNAIS\",\"url\":\"https:\/\/newsestlyonnais.fr\/site\/\",\"logo\":{\"@type\":\"ImageObject\",\"inLanguage\":\"fr-FR\",\"@id\":\"https:\/\/newsestlyonnais.fr\/site\/#\/schema\/logo\/image\/\",\"url\":\"\",\"contentUrl\":\"\",\"caption\":\"News EST LYONNAIS\"},\"image\":{\"@id\":\"https:\/\/newsestlyonnais.fr\/site\/#\/schema\/logo\/image\/\"}},{\"@type\":\"Person\",\"@id\":\"https:\/\/newsestlyonnais.fr\/site\/#\/schema\/person\/3230d5615f390bb808365d673001e887\",\"name\":\"R\u00e9dac. NEWS\",\"sameAs\":[\"http:\/\/www.newsestlyonnais.fr\",\"https:\/\/www.facebook.com\/pascal.oberson.1?fref=ts\",\"https:\/\/fr.linkedin.com\/in\/pascal-oberson-b17045113\"],\"url\":\"https:\/\/newsestlyonnais.fr\/site\/author\/nel\/\"}]}<\/script>\n<!-- \/ Yoast SEO plugin. -->","yoast_head_json":{"title":"VENISSIEUX | Aucune expulsion sans un relogement p\u00e9renne - News Est Lyonnais","description":"VENISSIEUX | Aucune expulsion sans un relogement p\u00e9renne","robots":{"index":"index","follow":"follow","max-snippet":"max-snippet:-1","max-image-preview":"max-image-preview:large","max-video-preview":"max-video-preview:-1"},"canonical":"https:\/\/newsestlyonnais.fr\/site\/2020\/07\/16\/venissieux-aucune-expulsion-sans-un-relogement-perenne\/","og_locale":"fr_FR","og_type":"article","og_title":"VENISSIEUX | Aucune expulsion sans un relogement p\u00e9renne - News Est Lyonnais","og_description":"VENISSIEUX | Aucune expulsion sans un relogement p\u00e9renne","og_url":"https:\/\/newsestlyonnais.fr\/site\/2020\/07\/16\/venissieux-aucune-expulsion-sans-un-relogement-perenne\/","og_site_name":"News Est Lyonnais","article_author":"https:\/\/www.facebook.com\/pascal.oberson.1?fref=ts","article_published_time":"2020-07-16T14:55:22+00:00","article_modified_time":"2020-07-16T14:57:23+00:00","og_image":[{"width":1200,"height":800,"url":"https:\/\/i2.wp.com\/newsestlyonnais.fr\/site\/wp-content\/uploads\/2019\/11\/NEWSESTLYONNAIS-MAIRIE-VENX.jpg?fit=1200%2C800&ssl=1","type":"image\/jpeg"}],"author":"R\u00e9dac. NEWS","twitter_card":"summary_large_image","twitter_misc":{"\u00c9crit par":"R\u00e9dac. NEWS","Dur\u00e9e de lecture estim\u00e9e":"1 minute"},"schema":{"@context":"https:\/\/schema.org","@graph":[{"@type":"Article","@id":"https:\/\/newsestlyonnais.fr\/site\/2020\/07\/16\/venissieux-aucune-expulsion-sans-un-relogement-perenne\/#article","isPartOf":{"@id":"https:\/\/newsestlyonnais.fr\/site\/2020\/07\/16\/venissieux-aucune-expulsion-sans-un-relogement-perenne\/"},"author":{"name":"R\u00e9dac. NEWS","@id":"https:\/\/newsestlyonnais.fr\/site\/#\/schema\/person\/3230d5615f390bb808365d673001e887"},"headline":"VENISSIEUX | Aucune expulsion sans un relogement p\u00e9renne","datePublished":"2020-07-16T14:55:22+00:00","dateModified":"2020-07-16T14:57:23+00:00","mainEntityOfPage":{"@id":"https:\/\/newsestlyonnais.fr\/site\/2020\/07\/16\/venissieux-aucune-expulsion-sans-un-relogement-perenne\/"},"wordCount":296,"commentCount":0,"publisher":{"@id":"https:\/\/newsestlyonnais.fr\/site\/#organization"},"image":{"@id":"https:\/\/newsestlyonnais.fr\/site\/2020\/07\/16\/venissieux-aucune-expulsion-sans-un-relogement-perenne\/#primaryimage"},"thumbnailUrl":"https:\/\/newsestlyonnais.fr\/site\/wp-content\/uploads\/2019\/11\/NEWSESTLYONNAIS-MAIRIE-VENX.jpg","keywords":["VENISSIEUX"],"articleSection":["Br\u00e8ves de l'Est lyonnais","Immobilier | Logement","Sant\u00e9 | Bien Etre | Solidarit\u00e9","V\u00e9nissieux"],"inLanguage":"fr-FR","potentialAction":[{"@type":"CommentAction","name":"Comment","target":["https:\/\/newsestlyonnais.fr\/site\/2020\/07\/16\/venissieux-aucune-expulsion-sans-un-relogement-perenne\/#respond"]}]},{"@type":"WebPage","@id":"https:\/\/newsestlyonnais.fr\/site\/2020\/07\/16\/venissieux-aucune-expulsion-sans-un-relogement-perenne\/","url":"https:\/\/newsestlyonnais.fr\/site\/2020\/07\/16\/venissieux-aucune-expulsion-sans-un-relogement-perenne\/","name":"VENISSIEUX | Aucune expulsion sans un relogement p\u00e9renne - News Est Lyonnais","isPartOf":{"@id":"https:\/\/newsestlyonnais.fr\/site\/#website"},"primaryImageOfPage":{"@id":"https:\/\/newsestlyonnais.fr\/site\/2020\/07\/16\/venissieux-aucune-expulsion-sans-un-relogement-perenne\/#primaryimage"},"image":{"@id":"https:\/\/newsestlyonnais.fr\/site\/2020\/07\/16\/venissieux-aucune-expulsion-sans-un-relogement-perenne\/#primaryimage"},"thumbnailUrl":"https:\/\/newsestlyonnais.fr\/site\/wp-content\/uploads\/2019\/11\/NEWSESTLYONNAIS-MAIRIE-VENX.jpg","datePublished":"2020-07-16T14:55:22+00:00","dateModified":"2020-07-16T14:57:23+00:00","description":"VENISSIEUX | Aucune expulsion sans un relogement p\u00e9renne","breadcrumb":{"@id":"https:\/\/newsestlyonnais.fr\/site\/2020\/07\/16\/venissieux-aucune-expulsion-sans-un-relogement-perenne\/#breadcrumb"},"inLanguage":"fr-FR","potentialAction":[{"@type":"ReadAction","target":["https:\/\/newsestlyonnais.fr\/site\/2020\/07\/16\/venissieux-aucune-expulsion-sans-un-relogement-perenne\/"]}]},{"@type":"ImageObject","inLanguage":"fr-FR","@id":"https:\/\/newsestlyonnais.fr\/site\/2020\/07\/16\/venissieux-aucune-expulsion-sans-un-relogement-perenne\/#primaryimage","url":"https:\/\/newsestlyonnais.fr\/site\/wp-content\/uploads\/2019\/11\/NEWSESTLYONNAIS-MAIRIE-VENX.jpg","contentUrl":"https:\/\/newsestlyonnais.fr\/site\/wp-content\/uploads\/2019\/11\/NEWSESTLYONNAIS-MAIRIE-VENX.jpg","width":1200,"height":800},{"@type":"BreadcrumbList","@id":"https:\/\/newsestlyonnais.fr\/site\/2020\/07\/16\/venissieux-aucune-expulsion-sans-un-relogement-perenne\/#breadcrumb","itemListElement":[{"@type":"ListItem","position":1,"name":"Accueil","item":"https:\/\/newsestlyonnais.fr\/site\/"},{"@type":"ListItem","position":2,"name":"VENISSIEUX | Aucune expulsion sans un relogement p\u00e9renne"}]},{"@type":"WebSite","@id":"https:\/\/newsestlyonnais.fr\/site\/#website","url":"https:\/\/newsestlyonnais.fr\/site\/","name":"News Est Lyonnais","description":"L&#039;actualit\u00e9 au plus pr\u00e8s","publisher":{"@id":"https:\/\/newsestlyonnais.fr\/site\/#organization"},"potentialAction":[{"@type":"SearchAction","target":{"@type":"EntryPoint","urlTemplate":"https:\/\/newsestlyonnais.fr\/site\/?s={search_term_string}"},"query-input":{"@type":"PropertyValueSpecification","valueRequired":true,"valueName":"search_term_string"}}],"inLanguage":"fr-FR"},{"@type":"Organization","@id":"https:\/\/newsestlyonnais.fr\/site\/#organization","name":"News EST LYONNAIS","url":"https:\/\/newsestlyonnais.fr\/site\/","logo":{"@type":"ImageObject","inLanguage":"fr-FR","@id":"https:\/\/newsestlyonnais.fr\/site\/#\/schema\/logo\/image\/","url":"","contentUrl":"","caption":"News EST LYONNAIS"},"image":{"@id":"https:\/\/newsestlyonnais.fr\/site\/#\/schema\/logo\/image\/"}},{"@type":"Person","@id":"https:\/\/newsestlyonnais.fr\/site\/#\/schema\/person\/3230d5615f390bb808365d673001e887","name":"R\u00e9dac. NEWS","sameAs":["http:\/\/www.newsestlyonnais.fr","https:\/\/www.facebook.com\/pascal.oberson.1?fref=ts","https:\/\/fr.linkedin.com\/in\/pascal-oberson-b17045113"],"url":"https:\/\/newsestlyonnais.fr\/site\/author\/nel\/"}]}},"_links":{"self":[{"href":"https:\/\/newsestlyonnais.fr\/site\/wp-json\/wp\/v2\/posts\/106710","targetHints":{"allow":["GET"]}}],"collection":[{"href":"https:\/\/newsestlyonnais.fr\/site\/wp-json\/wp\/v2\/posts"}],"about":[{"href":"https:\/\/newsestlyonnais.fr\/site\/wp-json\/wp\/v2\/types\/post"}],"author":[{"embeddable":true,"href":"https:\/\/newsestlyonnais.fr\/site\/wp-json\/wp\/v2\/users\/4"}],"replies":[{"embeddable":true,"href":"https:\/\/newsestlyonnais.fr\/site\/wp-json\/wp\/v2\/comments?post=106710"}],"version-history":[{"count":0,"href":"https:\/\/newsestlyonnais.fr\/site\/wp-json\/wp\/v2\/posts\/106710\/revisions"}],"wp:featuredmedia":[{"embeddable":true,"href":"https:\/\/newsestlyonnais.fr\/site\/wp-json\/wp\/v2\/media\/95972"}],"wp:attachment":[{"href":"https:\/\/newsestlyonnais.fr\/site\/wp-json\/wp\/v2\/media?parent=106710"}],"wp:term":[{"taxonomy":"category","embeddable":true,"href":"https:\/\/newsestlyonnais.fr\/site\/wp-json\/wp\/v2\/categories?post=106710"},{"taxonomy":"post_tag","embeddable":true,"href":"https:\/\/newsestlyonnais.fr\/site\/wp-json\/wp\/v2\/tags?post=106710"}],"curies":[{"name":"wp","href":"https:\/\/api.w.org\/{rel}","templated":true}]}}