{"id":107552,"date":"2020-07-25T14:05:39","date_gmt":"2020-07-25T13:05:39","guid":{"rendered":"http:\/\/newsestlyonnais.fr\/site\/?p=107552"},"modified":"2020-07-26T14:08:37","modified_gmt":"2020-07-26T13:08:37","slug":"lyon-7-presentation-des-poles-executifs","status":"publish","type":"post","link":"https:\/\/newsestlyonnais.fr\/site\/2020\/07\/25\/lyon-7-presentation-des-poles-executifs\/","title":{"rendered":"LYON 7 | Pr\u00e9sentation des p\u00f4les ex\u00e9cutifs"},"content":{"rendered":"<p>L\u2019occasion pour la maire Fanny Dubot et ses adjoints et adjointes de pr\u00e9senter plus amplement l\u2019articulation des diff\u00e9rentes d\u00e9l\u00e9gations de l\u2019ex\u00e9cutif et la m\u00e9thodologie de travail retenue pour porter, durant ces six ann\u00e9es \u00e0 venir, le programme pour lequel la majorit\u00e9 a \u00e9t\u00e9 \u00e9lue par les citoyens et citoyennes.<\/p>\n<p>Afin de r\u00e9pondre au mieux \u00e0 tous les enjeux propres au 7e arrondissement les \u00e9lu.e.s de la majorit\u00e9 vont travailler en lien resserr\u00e9 avec celles et ceux d\u2019entre elles\u00b7eux dont les missions sont compl\u00e9mentaires, au sein de p\u00f4les, repr\u00e9sentants chacun un axe du programme pour l\u2019arrondissement.<\/p>\n<p>Cette organisation permettra la concertation et un travail transversal sur des th\u00e9matiques voisines afin de porter une vision d\u2019ensemble tout au long du mandat.<\/p>\n<p>Durant ce Conseil ont \u00e9galement \u00e9t\u00e9 present\u00e9s les droits des \u00e9lu.e.s de l\u2019opposition avec la mise \u00e0 disposition d\u2019un bureau au sein de la mairie du 7e, la confirmation de leur participation \u00e0 la r\u00e9daction du r\u00e8glement int\u00e9rieur du Conseil d\u2019arrondissement et une \u00e9coute disponible.<\/p>\n<p>________________________________________________________________________________<\/p>\n<p><em><strong>P\u00f4le arrondissement de demain<\/strong><\/em><br \/>\nCe p\u00f4le a pour <strong>mission de penser un 7e arrondissement respirable et agr\u00e9able \u00e0 vivre<\/strong>, un arrondissement v\u00e9g\u00e9talis\u00e9 et apais\u00e9, 100% marchable et 100% cyclable, o\u00f9 ville rime avec agriculture et alimentation de qualit\u00e9.<br \/>\n<strong>Ils et elles participent \u00e0 la r\u00e9flexion<\/strong> :<br \/>\nB\u00e9n\u00e9dicte Pasiecznick, adjointe \u00e0 la Nature en ville, r\u00e9silience et pr\u00e9vention des risques<br \/>\nBoris Miachon Debard, adjoint \u00e0 l\u2019Urbanisme et am\u00e9nagement<br \/>\nVincent Monot, conseiller d\u00e9l\u00e9gu\u00e9 \u00e0 l\u2019Arrondissement apais\u00e9, tranquillit\u00e9 publique et mobilit\u00e9s<br \/>\nBarth\u00e9l\u00e9my Chenaux, adjoint d\u00e9l\u00e9gu\u00e9 \u00e0 l\u2019Alimentation, pr\u00e9vention des d\u00e9chets, propret\u00e9<br \/>\nRapha\u00ebl Michaud, adjoint en charge de l\u2019Urbanisme, habitat, logement et am\u00e9nagement ainsi que Mohamed Chihi, adjoint en charge de la S\u00fbret\u00e9, de la s\u00e9curit\u00e9 et de la tranquillit\u00e9 sont \u00e9galement pr\u00e9sents. ________________________________________________________________________________<\/p>\n<p><em><strong>P\u00f4le arrondissement solidaire<\/strong><\/em><br \/>\nFace \u00e0 la crise \u00e9conomique et sociale, et parce que chacun.e d\u2019entre nous doit pouvoir travailler, se loger et avoir les moyens de vivre dignement, ce p\u00f4le propose <strong>des solutions pour un surcroit de solidarit\u00e9 dans le 7e arrondissement.<\/strong><br \/>\n<strong>Ils et elles participent \u00e0 la r\u00e9flexion<\/strong> :<br \/>\nLuc Voiturier, premier adjoint au Projet d\u2019arrondissement, \u00e0 l\u2019habitat et la politique de la ville<br \/>\nCaroline Ramirez, adjointe aux Solidarit\u00e9s, \u00e9galit\u00e9 des droits, vie des a\u00een\u00e9.es et affaires sociales<br \/>\nCl\u00e9ment Escaravage, adjoint \u00e0 l\u2019Emploi, \u00e0 l\u2019\u00e9conomie locale et aux commerces<br \/>\nC\u00e9line de Laurens, adjointe \u00e0 la Sant\u00e9 et pr\u00e9vention, sant\u00e9 environnementale, et Sylvie Tomic, conseill\u00e8re d\u00e9l\u00e9gu\u00e9e \u00e0 l\u2019Accueil et \u00e0 l\u2019hospitalit\u00e9, sont \u00e9galement pr\u00e9sentes. _________________________________________________________________________________<\/p>\n<p><em><strong>P\u00f4le arrondissement \u00e9mancipateur<\/strong><\/em><br \/>\nLa vie bat au rythme de l\u2019arrondissement, \u00e0 tous les \u00e2ges de la vie et \u00e0 toutes les heures du jour et de la nuit. <strong>La Mairie du 7e doit permettre \u00e0 chacun.e de s\u2019\u00e9manciper, de pratiquer et de d\u00e9couvrir, dans le respect de tous et toutes<\/strong>.<br \/>\n<strong>Ils et elles participent \u00e0 la r\u00e9flexion<\/strong> :<br \/>\nThomas Dossus, adjoint \u00e0 la Culture, aux \u00e9v\u00e9nements et au tourisme, Maire de nuit<br \/>\nAur\u00e9lie Gries, adjointe \u00e0 la Petite enfance, \u00e0 la vie associative et \u00e0 la promotion de la sant\u00e9<br \/>\nFlorence L\u00e9cluse, adjointe \u00e0 l\u2019Enfance et \u00e0 l\u2019\u00e9ducation<br \/>\nLucie Vacher, conseill\u00e8re d\u00e9l\u00e9gu\u00e9e \u00e0 la Jeunesse, \u00e0 la vie \u00e9tudiante et \u00e0 l\u2019\u00e9ducation populaire<br \/>\nEug\u00e9nie Wiber, conseill\u00e8re d\u00e9l\u00e9gu\u00e9e pour un Arrondissement \u00e0 hauteur d\u2019enfant<br \/>\nAudrey H\u00e9nocque, premi\u00e8re adjointe au Maire de Lyon en charge des Finances et de la commande publique, et Jean-Hugues La Fay, conseiller d\u2019arrondissement, sont \u00e9galement pr\u00e9sent.es. ________________________________________________________________________________<\/p>\n<p><em><strong>P\u00f4le arrondissement inclusif<\/strong><\/em><br \/>\n<strong>Permettre \u00e0 chacun et \u00e0 chacune de participer \u00e0 la vie de son quartier, avoir les moyens de conna\u00eetre son arrondissement et avoir acc\u00e8s \u00e0 l\u2019information facilement<\/strong>, ce sont des droits. Nos adjoint.es veillent \u00e0 la prise en consid\u00e9ration de chacun.e dans sa pratique ou ses propositions.<br \/>\n<strong>Ils et elles participent \u00e0 la r\u00e9flexion<\/strong> :<br \/>\nMaxence Gallice, adjointe \u00e0 la Mairie inclusive, communication, acc\u00e8s \u00e0 l\u2019information, num\u00e9rique<br \/>\nYacine Fekrane, conseiller d\u00e9l\u00e9gu\u00e9 aux Sports<br \/>\nLaurent Bosetti, conseiller d\u00e9l\u00e9gu\u00e9 \u00e0 la D\u00e9mocratie locale<br \/>\nFanny Dubot, Maire et sp\u00e9cifiquement en charge de l\u2019Egalit\u00e9 femmes-hommes et du Budget participatif, et Sophie P\u00e9court, conseill\u00e8re d\u2019arrondissement, sont \u00e9galement pr\u00e9sentes. _________________________________________________________________________________<\/p>\n<p>Source : communiqu\u00e9 de presse Mairie de Lyon\u00a0 7\u00b0 &amp; Photo \u00e0 la Une \/ Droits r\u00e9serv\u00e9s Ville de Lyon.<\/p>\n<ul>\n<li><strong>Toute l\u2019ACTU de l\u2019arrondissement est sur : <a href=\"https:\/\/mairie7.lyon.fr\">https:\/\/mairie7.lyon.fr<\/a><\/strong><\/li>\n<\/ul>\n<p>&nbsp;<\/p>\n","protected":false},"excerpt":{"rendered":"<p>Jeudi dernier, a eu lieu le premier Conseil d\u2019arrondissement de la Mairie du 7e, apr\u00e8s celui d\u2019installation.<\/p>\n","protected":false},"author":4,"featured_media":89773,"comment_status":"open","ping_status":"open","sticky":false,"template":"","format":"standard","meta":{"footnotes":""},"categories":[2217,3334,1625],"tags":[],"class_list":["post-107552","post","type-post","status-publish","format-standard","has-post-thumbnail","hentry","category-breves-de-lest-lyonnais","category-conseils-municipaux-elections-voeux","category-lyon"],"yoast_head":"<!-- This site is optimized with the Yoast SEO plugin v27.2 - https:\/\/yoast.com\/product\/yoast-seo-wordpress\/ -->\n<title>LYON 7 | Pr\u00e9sentation des p\u00f4les ex\u00e9cutifs - News Est Lyonnais<\/title>\n<meta name=\"description\" content=\"LYON 7 | Pr\u00e9sentation des p\u00f4les ex\u00e9cutifs\" \/>\n<meta name=\"robots\" content=\"index, follow, max-snippet:-1, max-image-preview:large, max-video-preview:-1\" \/>\n<link rel=\"canonical\" href=\"https:\/\/newsestlyonnais.fr\/site\/2020\/07\/25\/lyon-7-presentation-des-poles-executifs\/\" \/>\n<meta property=\"og:locale\" content=\"fr_FR\" \/>\n<meta property=\"og:type\" content=\"article\" \/>\n<meta property=\"og:title\" content=\"LYON 7 | Pr\u00e9sentation des p\u00f4les ex\u00e9cutifs - News Est Lyonnais\" \/>\n<meta property=\"og:description\" content=\"LYON 7 | Pr\u00e9sentation des p\u00f4les ex\u00e9cutifs\" \/>\n<meta property=\"og:url\" content=\"https:\/\/newsestlyonnais.fr\/site\/2020\/07\/25\/lyon-7-presentation-des-poles-executifs\/\" \/>\n<meta property=\"og:site_name\" content=\"News Est Lyonnais\" \/>\n<meta property=\"article:author\" content=\"https:\/\/www.facebook.com\/pascal.oberson.1?fref=ts\" \/>\n<meta property=\"article:published_time\" content=\"2020-07-25T13:05:39+00:00\" \/>\n<meta property=\"article:modified_time\" content=\"2020-07-26T13:08:37+00:00\" \/>\n<meta property=\"og:image\" content=\"https:\/\/i0.wp.com\/newsestlyonnais.fr\/site\/wp-content\/uploads\/2019\/11\/NEWSESTLYONNAIS-MAIRIE-LYON7.jpg?fit=1200%2C800&ssl=1\" \/>\n\t<meta property=\"og:image:width\" content=\"1200\" \/>\n\t<meta property=\"og:image:height\" content=\"800\" \/>\n\t<meta property=\"og:image:type\" content=\"image\/jpeg\" \/>\n<meta name=\"author\" content=\"R\u00e9dac. NEWS\" \/>\n<meta name=\"twitter:card\" content=\"summary_large_image\" \/>\n<meta name=\"twitter:label1\" content=\"\u00c9crit par\" \/>\n\t<meta name=\"twitter:data1\" content=\"R\u00e9dac. NEWS\" \/>\n\t<meta name=\"twitter:label2\" content=\"Dur\u00e9e de lecture estim\u00e9e\" \/>\n\t<meta name=\"twitter:data2\" content=\"4 minutes\" \/>\n<script type=\"application\/ld+json\" class=\"yoast-schema-graph\">{\"@context\":\"https:\/\/schema.org\",\"@graph\":[{\"@type\":\"Article\",\"@id\":\"https:\/\/newsestlyonnais.fr\/site\/2020\/07\/25\/lyon-7-presentation-des-poles-executifs\/#article\",\"isPartOf\":{\"@id\":\"https:\/\/newsestlyonnais.fr\/site\/2020\/07\/25\/lyon-7-presentation-des-poles-executifs\/\"},\"author\":{\"name\":\"R\u00e9dac. NEWS\",\"@id\":\"https:\/\/newsestlyonnais.fr\/site\/#\/schema\/person\/3230d5615f390bb808365d673001e887\"},\"headline\":\"LYON 7 | Pr\u00e9sentation des p\u00f4les ex\u00e9cutifs\",\"datePublished\":\"2020-07-25T13:05:39+00:00\",\"dateModified\":\"2020-07-26T13:08:37+00:00\",\"mainEntityOfPage\":{\"@id\":\"https:\/\/newsestlyonnais.fr\/site\/2020\/07\/25\/lyon-7-presentation-des-poles-executifs\/\"},\"wordCount\":774,\"commentCount\":0,\"publisher\":{\"@id\":\"https:\/\/newsestlyonnais.fr\/site\/#organization\"},\"image\":{\"@id\":\"https:\/\/newsestlyonnais.fr\/site\/2020\/07\/25\/lyon-7-presentation-des-poles-executifs\/#primaryimage\"},\"thumbnailUrl\":\"https:\/\/newsestlyonnais.fr\/site\/wp-content\/uploads\/2019\/11\/NEWSESTLYONNAIS-MAIRIE-LYON7.jpg\",\"articleSection\":[\"Br\u00e8ves de l'Est lyonnais\",\"Conseils Municipaux | Elections | Voeux\",\"Lyon\"],\"inLanguage\":\"fr-FR\",\"potentialAction\":[{\"@type\":\"CommentAction\",\"name\":\"Comment\",\"target\":[\"https:\/\/newsestlyonnais.fr\/site\/2020\/07\/25\/lyon-7-presentation-des-poles-executifs\/#respond\"]}]},{\"@type\":\"WebPage\",\"@id\":\"https:\/\/newsestlyonnais.fr\/site\/2020\/07\/25\/lyon-7-presentation-des-poles-executifs\/\",\"url\":\"https:\/\/newsestlyonnais.fr\/site\/2020\/07\/25\/lyon-7-presentation-des-poles-executifs\/\",\"name\":\"LYON 7 | Pr\u00e9sentation des p\u00f4les ex\u00e9cutifs - News Est Lyonnais\",\"isPartOf\":{\"@id\":\"https:\/\/newsestlyonnais.fr\/site\/#website\"},\"primaryImageOfPage\":{\"@id\":\"https:\/\/newsestlyonnais.fr\/site\/2020\/07\/25\/lyon-7-presentation-des-poles-executifs\/#primaryimage\"},\"image\":{\"@id\":\"https:\/\/newsestlyonnais.fr\/site\/2020\/07\/25\/lyon-7-presentation-des-poles-executifs\/#primaryimage\"},\"thumbnailUrl\":\"https:\/\/newsestlyonnais.fr\/site\/wp-content\/uploads\/2019\/11\/NEWSESTLYONNAIS-MAIRIE-LYON7.jpg\",\"datePublished\":\"2020-07-25T13:05:39+00:00\",\"dateModified\":\"2020-07-26T13:08:37+00:00\",\"description\":\"LYON 7 | Pr\u00e9sentation des p\u00f4les ex\u00e9cutifs\",\"breadcrumb\":{\"@id\":\"https:\/\/newsestlyonnais.fr\/site\/2020\/07\/25\/lyon-7-presentation-des-poles-executifs\/#breadcrumb\"},\"inLanguage\":\"fr-FR\",\"potentialAction\":[{\"@type\":\"ReadAction\",\"target\":[\"https:\/\/newsestlyonnais.fr\/site\/2020\/07\/25\/lyon-7-presentation-des-poles-executifs\/\"]}]},{\"@type\":\"ImageObject\",\"inLanguage\":\"fr-FR\",\"@id\":\"https:\/\/newsestlyonnais.fr\/site\/2020\/07\/25\/lyon-7-presentation-des-poles-executifs\/#primaryimage\",\"url\":\"https:\/\/newsestlyonnais.fr\/site\/wp-content\/uploads\/2019\/11\/NEWSESTLYONNAIS-MAIRIE-LYON7.jpg\",\"contentUrl\":\"https:\/\/newsestlyonnais.fr\/site\/wp-content\/uploads\/2019\/11\/NEWSESTLYONNAIS-MAIRIE-LYON7.jpg\",\"width\":1200,\"height\":800},{\"@type\":\"BreadcrumbList\",\"@id\":\"https:\/\/newsestlyonnais.fr\/site\/2020\/07\/25\/lyon-7-presentation-des-poles-executifs\/#breadcrumb\",\"itemListElement\":[{\"@type\":\"ListItem\",\"position\":1,\"name\":\"Accueil\",\"item\":\"https:\/\/newsestlyonnais.fr\/site\/\"},{\"@type\":\"ListItem\",\"position\":2,\"name\":\"LYON 7 | Pr\u00e9sentation des p\u00f4les ex\u00e9cutifs\"}]},{\"@type\":\"WebSite\",\"@id\":\"https:\/\/newsestlyonnais.fr\/site\/#website\",\"url\":\"https:\/\/newsestlyonnais.fr\/site\/\",\"name\":\"News Est Lyonnais\",\"description\":\"L&#039;actualit\u00e9 au plus pr\u00e8s\",\"publisher\":{\"@id\":\"https:\/\/newsestlyonnais.fr\/site\/#organization\"},\"potentialAction\":[{\"@type\":\"SearchAction\",\"target\":{\"@type\":\"EntryPoint\",\"urlTemplate\":\"https:\/\/newsestlyonnais.fr\/site\/?s={search_term_string}\"},\"query-input\":{\"@type\":\"PropertyValueSpecification\",\"valueRequired\":true,\"valueName\":\"search_term_string\"}}],\"inLanguage\":\"fr-FR\"},{\"@type\":\"Organization\",\"@id\":\"https:\/\/newsestlyonnais.fr\/site\/#organization\",\"name\":\"News EST LYONNAIS\",\"url\":\"https:\/\/newsestlyonnais.fr\/site\/\",\"logo\":{\"@type\":\"ImageObject\",\"inLanguage\":\"fr-FR\",\"@id\":\"https:\/\/newsestlyonnais.fr\/site\/#\/schema\/logo\/image\/\",\"url\":\"\",\"contentUrl\":\"\",\"caption\":\"News EST LYONNAIS\"},\"image\":{\"@id\":\"https:\/\/newsestlyonnais.fr\/site\/#\/schema\/logo\/image\/\"}},{\"@type\":\"Person\",\"@id\":\"https:\/\/newsestlyonnais.fr\/site\/#\/schema\/person\/3230d5615f390bb808365d673001e887\",\"name\":\"R\u00e9dac. NEWS\",\"sameAs\":[\"http:\/\/www.newsestlyonnais.fr\",\"https:\/\/www.facebook.com\/pascal.oberson.1?fref=ts\",\"https:\/\/fr.linkedin.com\/in\/pascal-oberson-b17045113\"],\"url\":\"https:\/\/newsestlyonnais.fr\/site\/author\/nel\/\"}]}<\/script>\n<!-- \/ Yoast SEO plugin. -->","yoast_head_json":{"title":"LYON 7 | Pr\u00e9sentation des p\u00f4les ex\u00e9cutifs - News Est Lyonnais","description":"LYON 7 | Pr\u00e9sentation des p\u00f4les ex\u00e9cutifs","robots":{"index":"index","follow":"follow","max-snippet":"max-snippet:-1","max-image-preview":"max-image-preview:large","max-video-preview":"max-video-preview:-1"},"canonical":"https:\/\/newsestlyonnais.fr\/site\/2020\/07\/25\/lyon-7-presentation-des-poles-executifs\/","og_locale":"fr_FR","og_type":"article","og_title":"LYON 7 | Pr\u00e9sentation des p\u00f4les ex\u00e9cutifs - News Est Lyonnais","og_description":"LYON 7 | Pr\u00e9sentation des p\u00f4les ex\u00e9cutifs","og_url":"https:\/\/newsestlyonnais.fr\/site\/2020\/07\/25\/lyon-7-presentation-des-poles-executifs\/","og_site_name":"News Est Lyonnais","article_author":"https:\/\/www.facebook.com\/pascal.oberson.1?fref=ts","article_published_time":"2020-07-25T13:05:39+00:00","article_modified_time":"2020-07-26T13:08:37+00:00","og_image":[{"width":1200,"height":800,"url":"https:\/\/i0.wp.com\/newsestlyonnais.fr\/site\/wp-content\/uploads\/2019\/11\/NEWSESTLYONNAIS-MAIRIE-LYON7.jpg?fit=1200%2C800&ssl=1","type":"image\/jpeg"}],"author":"R\u00e9dac. NEWS","twitter_card":"summary_large_image","twitter_misc":{"\u00c9crit par":"R\u00e9dac. NEWS","Dur\u00e9e de lecture estim\u00e9e":"4 minutes"},"schema":{"@context":"https:\/\/schema.org","@graph":[{"@type":"Article","@id":"https:\/\/newsestlyonnais.fr\/site\/2020\/07\/25\/lyon-7-presentation-des-poles-executifs\/#article","isPartOf":{"@id":"https:\/\/newsestlyonnais.fr\/site\/2020\/07\/25\/lyon-7-presentation-des-poles-executifs\/"},"author":{"name":"R\u00e9dac. NEWS","@id":"https:\/\/newsestlyonnais.fr\/site\/#\/schema\/person\/3230d5615f390bb808365d673001e887"},"headline":"LYON 7 | Pr\u00e9sentation des p\u00f4les ex\u00e9cutifs","datePublished":"2020-07-25T13:05:39+00:00","dateModified":"2020-07-26T13:08:37+00:00","mainEntityOfPage":{"@id":"https:\/\/newsestlyonnais.fr\/site\/2020\/07\/25\/lyon-7-presentation-des-poles-executifs\/"},"wordCount":774,"commentCount":0,"publisher":{"@id":"https:\/\/newsestlyonnais.fr\/site\/#organization"},"image":{"@id":"https:\/\/newsestlyonnais.fr\/site\/2020\/07\/25\/lyon-7-presentation-des-poles-executifs\/#primaryimage"},"thumbnailUrl":"https:\/\/newsestlyonnais.fr\/site\/wp-content\/uploads\/2019\/11\/NEWSESTLYONNAIS-MAIRIE-LYON7.jpg","articleSection":["Br\u00e8ves de l'Est lyonnais","Conseils Municipaux | Elections | Voeux","Lyon"],"inLanguage":"fr-FR","potentialAction":[{"@type":"CommentAction","name":"Comment","target":["https:\/\/newsestlyonnais.fr\/site\/2020\/07\/25\/lyon-7-presentation-des-poles-executifs\/#respond"]}]},{"@type":"WebPage","@id":"https:\/\/newsestlyonnais.fr\/site\/2020\/07\/25\/lyon-7-presentation-des-poles-executifs\/","url":"https:\/\/newsestlyonnais.fr\/site\/2020\/07\/25\/lyon-7-presentation-des-poles-executifs\/","name":"LYON 7 | Pr\u00e9sentation des p\u00f4les ex\u00e9cutifs - News Est Lyonnais","isPartOf":{"@id":"https:\/\/newsestlyonnais.fr\/site\/#website"},"primaryImageOfPage":{"@id":"https:\/\/newsestlyonnais.fr\/site\/2020\/07\/25\/lyon-7-presentation-des-poles-executifs\/#primaryimage"},"image":{"@id":"https:\/\/newsestlyonnais.fr\/site\/2020\/07\/25\/lyon-7-presentation-des-poles-executifs\/#primaryimage"},"thumbnailUrl":"https:\/\/newsestlyonnais.fr\/site\/wp-content\/uploads\/2019\/11\/NEWSESTLYONNAIS-MAIRIE-LYON7.jpg","datePublished":"2020-07-25T13:05:39+00:00","dateModified":"2020-07-26T13:08:37+00:00","description":"LYON 7 | Pr\u00e9sentation des p\u00f4les ex\u00e9cutifs","breadcrumb":{"@id":"https:\/\/newsestlyonnais.fr\/site\/2020\/07\/25\/lyon-7-presentation-des-poles-executifs\/#breadcrumb"},"inLanguage":"fr-FR","potentialAction":[{"@type":"ReadAction","target":["https:\/\/newsestlyonnais.fr\/site\/2020\/07\/25\/lyon-7-presentation-des-poles-executifs\/"]}]},{"@type":"ImageObject","inLanguage":"fr-FR","@id":"https:\/\/newsestlyonnais.fr\/site\/2020\/07\/25\/lyon-7-presentation-des-poles-executifs\/#primaryimage","url":"https:\/\/newsestlyonnais.fr\/site\/wp-content\/uploads\/2019\/11\/NEWSESTLYONNAIS-MAIRIE-LYON7.jpg","contentUrl":"https:\/\/newsestlyonnais.fr\/site\/wp-content\/uploads\/2019\/11\/NEWSESTLYONNAIS-MAIRIE-LYON7.jpg","width":1200,"height":800},{"@type":"BreadcrumbList","@id":"https:\/\/newsestlyonnais.fr\/site\/2020\/07\/25\/lyon-7-presentation-des-poles-executifs\/#breadcrumb","itemListElement":[{"@type":"ListItem","position":1,"name":"Accueil","item":"https:\/\/newsestlyonnais.fr\/site\/"},{"@type":"ListItem","position":2,"name":"LYON 7 | Pr\u00e9sentation des p\u00f4les ex\u00e9cutifs"}]},{"@type":"WebSite","@id":"https:\/\/newsestlyonnais.fr\/site\/#website","url":"https:\/\/newsestlyonnais.fr\/site\/","name":"News Est Lyonnais","description":"L&#039;actualit\u00e9 au plus pr\u00e8s","publisher":{"@id":"https:\/\/newsestlyonnais.fr\/site\/#organization"},"potentialAction":[{"@type":"SearchAction","target":{"@type":"EntryPoint","urlTemplate":"https:\/\/newsestlyonnais.fr\/site\/?s={search_term_string}"},"query-input":{"@type":"PropertyValueSpecification","valueRequired":true,"valueName":"search_term_string"}}],"inLanguage":"fr-FR"},{"@type":"Organization","@id":"https:\/\/newsestlyonnais.fr\/site\/#organization","name":"News EST LYONNAIS","url":"https:\/\/newsestlyonnais.fr\/site\/","logo":{"@type":"ImageObject","inLanguage":"fr-FR","@id":"https:\/\/newsestlyonnais.fr\/site\/#\/schema\/logo\/image\/","url":"","contentUrl":"","caption":"News EST LYONNAIS"},"image":{"@id":"https:\/\/newsestlyonnais.fr\/site\/#\/schema\/logo\/image\/"}},{"@type":"Person","@id":"https:\/\/newsestlyonnais.fr\/site\/#\/schema\/person\/3230d5615f390bb808365d673001e887","name":"R\u00e9dac. NEWS","sameAs":["http:\/\/www.newsestlyonnais.fr","https:\/\/www.facebook.com\/pascal.oberson.1?fref=ts","https:\/\/fr.linkedin.com\/in\/pascal-oberson-b17045113"],"url":"https:\/\/newsestlyonnais.fr\/site\/author\/nel\/"}]}},"_links":{"self":[{"href":"https:\/\/newsestlyonnais.fr\/site\/wp-json\/wp\/v2\/posts\/107552","targetHints":{"allow":["GET"]}}],"collection":[{"href":"https:\/\/newsestlyonnais.fr\/site\/wp-json\/wp\/v2\/posts"}],"about":[{"href":"https:\/\/newsestlyonnais.fr\/site\/wp-json\/wp\/v2\/types\/post"}],"author":[{"embeddable":true,"href":"https:\/\/newsestlyonnais.fr\/site\/wp-json\/wp\/v2\/users\/4"}],"replies":[{"embeddable":true,"href":"https:\/\/newsestlyonnais.fr\/site\/wp-json\/wp\/v2\/comments?post=107552"}],"version-history":[{"count":0,"href":"https:\/\/newsestlyonnais.fr\/site\/wp-json\/wp\/v2\/posts\/107552\/revisions"}],"wp:featuredmedia":[{"embeddable":true,"href":"https:\/\/newsestlyonnais.fr\/site\/wp-json\/wp\/v2\/media\/89773"}],"wp:attachment":[{"href":"https:\/\/newsestlyonnais.fr\/site\/wp-json\/wp\/v2\/media?parent=107552"}],"wp:term":[{"taxonomy":"category","embeddable":true,"href":"https:\/\/newsestlyonnais.fr\/site\/wp-json\/wp\/v2\/categories?post=107552"},{"taxonomy":"post_tag","embeddable":true,"href":"https:\/\/newsestlyonnais.fr\/site\/wp-json\/wp\/v2\/tags?post=107552"}],"curies":[{"name":"wp","href":"https:\/\/api.w.org\/{rel}","templated":true}]}}