{"id":107562,"date":"2020-07-26T08:45:54","date_gmt":"2020-07-26T07:45:54","guid":{"rendered":"http:\/\/newsestlyonnais.fr\/site\/?p=107562"},"modified":"2020-07-27T07:44:16","modified_gmt":"2020-07-27T06:44:16","slug":"bron-le-tournoi-de-tennis-a-designe-ses-vainqueurs","status":"publish","type":"post","link":"https:\/\/newsestlyonnais.fr\/site\/2020\/07\/26\/bron-le-tournoi-de-tennis-a-designe-ses-vainqueurs\/","title":{"rendered":"BRON | Le tournoi de tennis a d\u00e9sign\u00e9 ses vainqueurs"},"content":{"rendered":"<p>Apr\u00e8s les demi-finales disput\u00e9es en matin\u00e9e, les ultimes parties ont eu lieu en simultan\u00e9 \u00e0 16 heures. Tournoi supervis\u00e9 par Philippe Celerien (juge-arbitre) assist\u00e9 de S\u00e9bastien Roger et qui aura rassembl\u00e9 30 joueuses et 180 joueurs. Voici les r\u00e9sultats de la journ\u00e9e de samedi, dans les 2 tableaux :<\/p>\n<p><span style=\"text-decoration: underline\"><strong>Seniors Dames<\/strong><\/span> :<\/p>\n<ul>\n<li><span style=\"text-decoration: underline\"><strong>De<\/strong><strong>mi-Finales<\/strong><\/span> :<\/li>\n<li><strong>No\u00e9mie Oliveras <\/strong> bat Pauline Grenier (TC Bron, 3\/6) \u00a0 6\/1, 7\/5 &amp; <strong>Elisa Bourdeilletas<\/strong> bat Marthe Degeorges (TC Aix Les Bains, 1\/6)\u00a0 6\/7(5), 7\/5, 6\/3 .<\/li>\n<li><span style=\"text-decoration: underline\"><strong>Finale<\/strong> <\/span>: A l&rsquo;issue d&rsquo;un match pli\u00e9 en une petite heure et opposant 2 jeunes joueuses de 14 ans, la st\u00e9phanoise No\u00e9mie Oliveras l&rsquo;a emport\u00e9 en 2 sets. <strong>No\u00e9mie Oliveras <\/strong>(TC Michon Saint Etienne, 1\/6) bat Elisa Bourdeilletas (TCI Fronsadais, 3\/6) \u00a0 6\/2 6\/2.<\/li>\n<li><strong><span style=\"text-decoration: underline\">Meilleur parcours<\/span> : Elisa Bourdeilletas <\/strong>(TCI Fronsadais, 3\/6), finaliste, a pass\u00e9 3 tours et perd \u00e0 1\/6. __________________________________________________________________________<\/li>\n<\/ul>\n<p><span style=\"text-decoration: underline\"><strong>Seniors Hommes<\/strong><\/span> :<\/p>\n<ul>\n<li><span style=\"text-decoration: underline\"><strong>De<\/strong><strong>mi-Finales<\/strong><\/span> : <strong>Alexis Nosengo <\/strong>bat Victor Paganetti (TC Montanay (1\/6)\u00a0\u00a0 6\/4, 6\/2 &amp; <strong>Hugo Castello <\/strong>bat Valentin Dubois (TC Lyon, 1\/6) \u00a0 7\/6(5),\u00a0 4\/6, 6\/4.<\/li>\n<li><strong><span style=\"text-decoration: underline\">Finale<\/span> : <\/strong>Le dr\u00f4mois Hugo Castello s&rsquo;est impos\u00e9 apr\u00e8s plus d&rsquo;une heure trente d&rsquo;\u00e9change sur le jeune d\u00e9cinois Alexis Nosengo. \u00a0<strong>\u00a0\u00a0 Hugo Castello <\/strong>(TC Bourg les Valence, 0) bat\u00a0 Alexis Nosengo (TC D\u00e9cines, 1\/6)\u00a0\u00a0 6\/3, 6\/4.<strong><br \/>\n<\/strong><\/li>\n<li><span style=\"text-decoration: underline\"><strong>Meilleur parcours<\/strong><\/span> : <strong>Alexandre Halitim<\/strong> (TC St Priest, 15\/1) , a pass\u00e9 4 tours et perdu \u00e0 3\/6. __________________________________________________________________________<\/li>\n<\/ul>\n<p><img loading=\"lazy\" decoding=\"async\" class=\"alignleft wp-image-23750 size-thumbnail\" src=\"https:\/\/newsestlyonnais.fr\/site\/medias\/2017\/03\/NEWSESTLYONNAIS-MICRO-150x150.png\" alt=\"NEWSESTLYONNAIS MICRO\" width=\"150\" height=\"150\" \/><strong>Majd Rahmani (pr\u00e9sident du Tennis Club de Bron)<\/strong> est revenu, \u00e0 l&rsquo;issue de la remise des r\u00e9compenses, sur ces 3 semaines de tournoi : \u00a0\u00bb C&rsquo;\u00e9tait un des premiers de l&rsquo;agglom\u00e9ration et cela a \u00e9t\u00e9 une belle r\u00e9ussite. Pas beaucoup de clubs ont voulu ou pu s&rsquo;organiser depuis l&rsquo;annonce du passage en phase 3. Cela nous a amen\u00e9 beaucoup de comp\u00e9titeurs qui avaient envie de jouer. On a pu accueillir 72 joueurs de 4\u00b0 s\u00e9rie, 93 de 3\u00b0 s\u00e9rie et 41 de 2\u00b0 s\u00e9rie, ce qui est un niveau tr\u00e8s \u00e9lev\u00e9 pour nous. Les 2 finalistes filles font le circuit europ\u00e9en des 14 ans et reprennent la comp\u00e9tition en France. On a ainsi pu avoir un plateau en 2\u00b0 s\u00e9rie jamais connu auparavant. Au niveau m\u00e9t\u00e9o, mise \u00e0 part une journ\u00e9e, on n&rsquo;a pas eu de pluie ni connu de difficult\u00e9s particuli\u00e8res. Je suis aussi tr\u00e8s satisfait de la mobilisation de nos adh\u00e9rents, une vingtaine de personnes a bien jou\u00e9 le jeu pour assurer permanence et accueil. Et \u00e9galement sur le terrain puisque 2 de nos licenci\u00e9s se sont tr\u00e8s bien comport\u00e9s dans leur tableau : <strong>Pauline Grenier<\/strong> est demi-finaliste, tombant face \u00e0 la future gagnante et <strong>S\u00e9bastien Roger <\/strong>a pass\u00e9 2 tours et atteint les 1\/4 de finale s&rsquo;inclinant face au finaliste \u00ab\u00a0. ______________________________________________________________________________<\/p>\n<p><strong>PHOTO A LA UNE<\/strong> : <span style=\"text-decoration: underline\">de gauche \u00e0 droite<\/span> : Jean Pavarotti (secr\u00e9taire g\u00e9n\u00e9ral ligue AURA), Hugo Castello (vainqueur), Alexis Nosengo (finaliste), J\u00e9r\u00e9my Br\u00e9aud (maire de Bron) et Majd Rahmani (pr\u00e9sident TC Bron). ______________________________________________________________________________<\/p>\n<div id='gallery-1' class='gallery galleryid-107562 gallery-columns-3 gallery-size-thumbnail'><figure class='gallery-item'>\n\t\t\t<div class='gallery-icon landscape'>\n\t\t\t\t<a href='https:\/\/newsestlyonnais.fr\/site\/2020\/07\/26\/bron-le-tournoi-de-tennis-a-designe-ses-vainqueurs\/p1440599\/'><img loading=\"lazy\" decoding=\"async\" width=\"150\" height=\"113\" src=\"https:\/\/newsestlyonnais.fr\/site\/wp-content\/uploads\/2020\/07\/P1440599-250x188.jpg\" class=\"attachment-thumbnail size-thumbnail\" alt=\"\" aria-describedby=\"gallery-1-107601\" srcset=\"https:\/\/newsestlyonnais.fr\/site\/wp-content\/uploads\/2020\/07\/P1440599-250x188.jpg 250w, https:\/\/newsestlyonnais.fr\/site\/wp-content\/uploads\/2020\/07\/P1440599-400x300.jpg 400w, https:\/\/newsestlyonnais.fr\/site\/wp-content\/uploads\/2020\/07\/P1440599-650x488.jpg 650w, https:\/\/newsestlyonnais.fr\/site\/wp-content\/uploads\/2020\/07\/P1440599-768x576.jpg 768w, https:\/\/newsestlyonnais.fr\/site\/wp-content\/uploads\/2020\/07\/P1440599-150x113.jpg 150w, https:\/\/newsestlyonnais.fr\/site\/wp-content\/uploads\/2020\/07\/P1440599-50x38.jpg 50w, https:\/\/newsestlyonnais.fr\/site\/wp-content\/uploads\/2020\/07\/P1440599-100x75.jpg 100w, https:\/\/newsestlyonnais.fr\/site\/wp-content\/uploads\/2020\/07\/P1440599-200x150.jpg 200w, https:\/\/newsestlyonnais.fr\/site\/wp-content\/uploads\/2020\/07\/P1440599-300x225.jpg 300w, https:\/\/newsestlyonnais.fr\/site\/wp-content\/uploads\/2020\/07\/P1440599-350x263.jpg 350w, https:\/\/newsestlyonnais.fr\/site\/wp-content\/uploads\/2020\/07\/P1440599-450x338.jpg 450w, https:\/\/newsestlyonnais.fr\/site\/wp-content\/uploads\/2020\/07\/P1440599-500x375.jpg 500w, https:\/\/newsestlyonnais.fr\/site\/wp-content\/uploads\/2020\/07\/P1440599-550x413.jpg 550w, https:\/\/newsestlyonnais.fr\/site\/wp-content\/uploads\/2020\/07\/P1440599-800x600.jpg 800w, https:\/\/newsestlyonnais.fr\/site\/wp-content\/uploads\/2020\/07\/P1440599.jpg 1200w\" sizes=\"auto, (max-width: 150px) 100vw, 150px\" \/><\/a>\n\t\t\t<\/div>\n\t\t\t\t<figcaption class='wp-caption-text gallery-caption' id='gallery-1-107601'>\n\t\t\t\tJean Pavarotti (secr\u00e9taire g\u00e9n\u00e9ral Ligue) et No\u00e9mie Oliveras (vainqueur)\n\t\t\t\t<\/figcaption><\/figure><figure class='gallery-item'>\n\t\t\t<div class='gallery-icon portrait'>\n\t\t\t\t<a href='https:\/\/newsestlyonnais.fr\/site\/2020\/07\/26\/bron-le-tournoi-de-tennis-a-designe-ses-vainqueurs\/newsestlyonnais-fin-tab-dames-3\/'><img loading=\"lazy\" decoding=\"async\" width=\"113\" height=\"150\" src=\"https:\/\/newsestlyonnais.fr\/site\/wp-content\/uploads\/2020\/07\/NEWSESTLYONNAIS-FIN-TAB-DAMES-250x333.jpg\" class=\"attachment-thumbnail size-thumbnail\" alt=\"\" aria-describedby=\"gallery-1-107599\" srcset=\"https:\/\/newsestlyonnais.fr\/site\/wp-content\/uploads\/2020\/07\/NEWSESTLYONNAIS-FIN-TAB-DAMES-250x333.jpg 250w, https:\/\/newsestlyonnais.fr\/site\/wp-content\/uploads\/2020\/07\/NEWSESTLYONNAIS-FIN-TAB-DAMES-400x533.jpg 400w, https:\/\/newsestlyonnais.fr\/site\/wp-content\/uploads\/2020\/07\/NEWSESTLYONNAIS-FIN-TAB-DAMES-650x867.jpg 650w, https:\/\/newsestlyonnais.fr\/site\/wp-content\/uploads\/2020\/07\/NEWSESTLYONNAIS-FIN-TAB-DAMES-768x1024.jpg 768w, https:\/\/newsestlyonnais.fr\/site\/wp-content\/uploads\/2020\/07\/NEWSESTLYONNAIS-FIN-TAB-DAMES-150x200.jpg 150w, https:\/\/newsestlyonnais.fr\/site\/wp-content\/uploads\/2020\/07\/NEWSESTLYONNAIS-FIN-TAB-DAMES-50x67.jpg 50w, https:\/\/newsestlyonnais.fr\/site\/wp-content\/uploads\/2020\/07\/NEWSESTLYONNAIS-FIN-TAB-DAMES-100x133.jpg 100w, https:\/\/newsestlyonnais.fr\/site\/wp-content\/uploads\/2020\/07\/NEWSESTLYONNAIS-FIN-TAB-DAMES-200x267.jpg 200w, https:\/\/newsestlyonnais.fr\/site\/wp-content\/uploads\/2020\/07\/NEWSESTLYONNAIS-FIN-TAB-DAMES-300x400.jpg 300w, https:\/\/newsestlyonnais.fr\/site\/wp-content\/uploads\/2020\/07\/NEWSESTLYONNAIS-FIN-TAB-DAMES-350x467.jpg 350w, https:\/\/newsestlyonnais.fr\/site\/wp-content\/uploads\/2020\/07\/NEWSESTLYONNAIS-FIN-TAB-DAMES-450x600.jpg 450w, https:\/\/newsestlyonnais.fr\/site\/wp-content\/uploads\/2020\/07\/NEWSESTLYONNAIS-FIN-TAB-DAMES-500x667.jpg 500w, https:\/\/newsestlyonnais.fr\/site\/wp-content\/uploads\/2020\/07\/NEWSESTLYONNAIS-FIN-TAB-DAMES-550x733.jpg 550w, https:\/\/newsestlyonnais.fr\/site\/wp-content\/uploads\/2020\/07\/NEWSESTLYONNAIS-FIN-TAB-DAMES-800x1067.jpg 800w, https:\/\/newsestlyonnais.fr\/site\/wp-content\/uploads\/2020\/07\/NEWSESTLYONNAIS-FIN-TAB-DAMES.jpg 900w\" sizes=\"auto, (max-width: 113px) 100vw, 113px\" \/><\/a>\n\t\t\t<\/div>\n\t\t\t\t<figcaption class='wp-caption-text gallery-caption' id='gallery-1-107599'>\n\t\t\t\tFinalistes du tableau f\u00e9minin et organisateurs\n\t\t\t\t<\/figcaption><\/figure><figure class='gallery-item'>\n\t\t\t<div class='gallery-icon landscape'>\n\t\t\t\t<a href='https:\/\/newsestlyonnais.fr\/site\/2020\/07\/26\/bron-le-tournoi-de-tennis-a-designe-ses-vainqueurs\/newsestlyonnais-tennis-vain\/'><img loading=\"lazy\" decoding=\"async\" width=\"150\" height=\"85\" src=\"https:\/\/newsestlyonnais.fr\/site\/wp-content\/uploads\/2020\/07\/NEWSESTLYONNAIS-TENNIS-VAIN-250x141.jpg\" class=\"attachment-thumbnail size-thumbnail\" alt=\"\" aria-describedby=\"gallery-1-107597\" srcset=\"https:\/\/newsestlyonnais.fr\/site\/wp-content\/uploads\/2020\/07\/NEWSESTLYONNAIS-TENNIS-VAIN-250x141.jpg 250w, https:\/\/newsestlyonnais.fr\/site\/wp-content\/uploads\/2020\/07\/NEWSESTLYONNAIS-TENNIS-VAIN-400x225.jpg 400w, https:\/\/newsestlyonnais.fr\/site\/wp-content\/uploads\/2020\/07\/NEWSESTLYONNAIS-TENNIS-VAIN-650x366.jpg 650w, https:\/\/newsestlyonnais.fr\/site\/wp-content\/uploads\/2020\/07\/NEWSESTLYONNAIS-TENNIS-VAIN-768x432.jpg 768w, https:\/\/newsestlyonnais.fr\/site\/wp-content\/uploads\/2020\/07\/NEWSESTLYONNAIS-TENNIS-VAIN-150x84.jpg 150w, https:\/\/newsestlyonnais.fr\/site\/wp-content\/uploads\/2020\/07\/NEWSESTLYONNAIS-TENNIS-VAIN-50x28.jpg 50w, https:\/\/newsestlyonnais.fr\/site\/wp-content\/uploads\/2020\/07\/NEWSESTLYONNAIS-TENNIS-VAIN-100x56.jpg 100w, https:\/\/newsestlyonnais.fr\/site\/wp-content\/uploads\/2020\/07\/NEWSESTLYONNAIS-TENNIS-VAIN-200x113.jpg 200w, https:\/\/newsestlyonnais.fr\/site\/wp-content\/uploads\/2020\/07\/NEWSESTLYONNAIS-TENNIS-VAIN-300x169.jpg 300w, https:\/\/newsestlyonnais.fr\/site\/wp-content\/uploads\/2020\/07\/NEWSESTLYONNAIS-TENNIS-VAIN-350x197.jpg 350w, https:\/\/newsestlyonnais.fr\/site\/wp-content\/uploads\/2020\/07\/NEWSESTLYONNAIS-TENNIS-VAIN-450x253.jpg 450w, https:\/\/newsestlyonnais.fr\/site\/wp-content\/uploads\/2020\/07\/NEWSESTLYONNAIS-TENNIS-VAIN-500x281.jpg 500w, https:\/\/newsestlyonnais.fr\/site\/wp-content\/uploads\/2020\/07\/NEWSESTLYONNAIS-TENNIS-VAIN-550x309.jpg 550w, https:\/\/newsestlyonnais.fr\/site\/wp-content\/uploads\/2020\/07\/NEWSESTLYONNAIS-TENNIS-VAIN-800x450.jpg 800w, https:\/\/newsestlyonnais.fr\/site\/wp-content\/uploads\/2020\/07\/NEWSESTLYONNAIS-TENNIS-VAIN.jpg 1200w\" sizes=\"auto, (max-width: 150px) 100vw, 150px\" \/><\/a>\n\t\t\t<\/div>\n\t\t\t\t<figcaption class='wp-caption-text gallery-caption' id='gallery-1-107597'>\n\t\t\t\tLe dr\u00f4mois Castello vainqueur du tableau masculin\n\t\t\t\t<\/figcaption><\/figure><figure class='gallery-item'>\n\t\t\t<div class='gallery-icon landscape'>\n\t\t\t\t<a href='https:\/\/newsestlyonnais.fr\/site\/2020\/07\/10\/bron-cest-parti-pour-le-tournoi-de-tennis\/newsestlyonnais-tournoi-bron2020\/'><img loading=\"lazy\" decoding=\"async\" width=\"150\" height=\"113\" src=\"https:\/\/newsestlyonnais.fr\/site\/wp-content\/uploads\/2020\/07\/NEWSESTLYONNAIS-TOURNOI-BRON2020-250x188.jpg\" class=\"attachment-thumbnail size-thumbnail\" alt=\"\" aria-describedby=\"gallery-1-106007\" srcset=\"https:\/\/newsestlyonnais.fr\/site\/wp-content\/uploads\/2020\/07\/NEWSESTLYONNAIS-TOURNOI-BRON2020-250x188.jpg 250w, https:\/\/newsestlyonnais.fr\/site\/wp-content\/uploads\/2020\/07\/NEWSESTLYONNAIS-TOURNOI-BRON2020-400x300.jpg 400w, https:\/\/newsestlyonnais.fr\/site\/wp-content\/uploads\/2020\/07\/NEWSESTLYONNAIS-TOURNOI-BRON2020-650x488.jpg 650w, https:\/\/newsestlyonnais.fr\/site\/wp-content\/uploads\/2020\/07\/NEWSESTLYONNAIS-TOURNOI-BRON2020-768x576.jpg 768w, https:\/\/newsestlyonnais.fr\/site\/wp-content\/uploads\/2020\/07\/NEWSESTLYONNAIS-TOURNOI-BRON2020-150x113.jpg 150w, https:\/\/newsestlyonnais.fr\/site\/wp-content\/uploads\/2020\/07\/NEWSESTLYONNAIS-TOURNOI-BRON2020-50x38.jpg 50w, https:\/\/newsestlyonnais.fr\/site\/wp-content\/uploads\/2020\/07\/NEWSESTLYONNAIS-TOURNOI-BRON2020-100x75.jpg 100w, https:\/\/newsestlyonnais.fr\/site\/wp-content\/uploads\/2020\/07\/NEWSESTLYONNAIS-TOURNOI-BRON2020-200x150.jpg 200w, https:\/\/newsestlyonnais.fr\/site\/wp-content\/uploads\/2020\/07\/NEWSESTLYONNAIS-TOURNOI-BRON2020-300x225.jpg 300w, https:\/\/newsestlyonnais.fr\/site\/wp-content\/uploads\/2020\/07\/NEWSESTLYONNAIS-TOURNOI-BRON2020-350x263.jpg 350w, https:\/\/newsestlyonnais.fr\/site\/wp-content\/uploads\/2020\/07\/NEWSESTLYONNAIS-TOURNOI-BRON2020-450x338.jpg 450w, https:\/\/newsestlyonnais.fr\/site\/wp-content\/uploads\/2020\/07\/NEWSESTLYONNAIS-TOURNOI-BRON2020-500x375.jpg 500w, https:\/\/newsestlyonnais.fr\/site\/wp-content\/uploads\/2020\/07\/NEWSESTLYONNAIS-TOURNOI-BRON2020-550x413.jpg 550w, https:\/\/newsestlyonnais.fr\/site\/wp-content\/uploads\/2020\/07\/NEWSESTLYONNAIS-TOURNOI-BRON2020-800x600.jpg 800w, https:\/\/newsestlyonnais.fr\/site\/wp-content\/uploads\/2020\/07\/NEWSESTLYONNAIS-TOURNOI-BRON2020.jpg 1200w\" sizes=\"auto, (max-width: 150px) 100vw, 150px\" \/><\/a>\n\t\t\t<\/div>\n\t\t\t\t<figcaption class='wp-caption-text gallery-caption' id='gallery-1-106007'>\n\t\t\t\t(S. Roger (1\/4 finaliste) et Majd Rahmani (Pt TC Bron)\n\t\t\t\t<\/figcaption><\/figure><figure class='gallery-item'>\n\t\t\t<div class='gallery-icon landscape'>\n\t\t\t\t<a href='https:\/\/newsestlyonnais.fr\/site\/2020\/07\/10\/bron-cest-parti-pour-le-tournoi-de-tennis\/newsestlyonnais-tc-bron\/'><img loading=\"lazy\" decoding=\"async\" width=\"150\" height=\"113\" src=\"https:\/\/newsestlyonnais.fr\/site\/wp-content\/uploads\/2020\/07\/NEWSESTLYONNAIS-TC-BRON-250x188.jpg\" class=\"attachment-thumbnail size-thumbnail\" alt=\"\" aria-describedby=\"gallery-1-106011\" srcset=\"https:\/\/newsestlyonnais.fr\/site\/wp-content\/uploads\/2020\/07\/NEWSESTLYONNAIS-TC-BRON-250x188.jpg 250w, https:\/\/newsestlyonnais.fr\/site\/wp-content\/uploads\/2020\/07\/NEWSESTLYONNAIS-TC-BRON-400x300.jpg 400w, https:\/\/newsestlyonnais.fr\/site\/wp-content\/uploads\/2020\/07\/NEWSESTLYONNAIS-TC-BRON-650x488.jpg 650w, https:\/\/newsestlyonnais.fr\/site\/wp-content\/uploads\/2020\/07\/NEWSESTLYONNAIS-TC-BRON-768x576.jpg 768w, https:\/\/newsestlyonnais.fr\/site\/wp-content\/uploads\/2020\/07\/NEWSESTLYONNAIS-TC-BRON-150x113.jpg 150w, https:\/\/newsestlyonnais.fr\/site\/wp-content\/uploads\/2020\/07\/NEWSESTLYONNAIS-TC-BRON-50x38.jpg 50w, https:\/\/newsestlyonnais.fr\/site\/wp-content\/uploads\/2020\/07\/NEWSESTLYONNAIS-TC-BRON-100x75.jpg 100w, https:\/\/newsestlyonnais.fr\/site\/wp-content\/uploads\/2020\/07\/NEWSESTLYONNAIS-TC-BRON-200x150.jpg 200w, https:\/\/newsestlyonnais.fr\/site\/wp-content\/uploads\/2020\/07\/NEWSESTLYONNAIS-TC-BRON-300x225.jpg 300w, https:\/\/newsestlyonnais.fr\/site\/wp-content\/uploads\/2020\/07\/NEWSESTLYONNAIS-TC-BRON-350x263.jpg 350w, https:\/\/newsestlyonnais.fr\/site\/wp-content\/uploads\/2020\/07\/NEWSESTLYONNAIS-TC-BRON-450x338.jpg 450w, https:\/\/newsestlyonnais.fr\/site\/wp-content\/uploads\/2020\/07\/NEWSESTLYONNAIS-TC-BRON-500x375.jpg 500w, https:\/\/newsestlyonnais.fr\/site\/wp-content\/uploads\/2020\/07\/NEWSESTLYONNAIS-TC-BRON-550x413.jpg 550w, https:\/\/newsestlyonnais.fr\/site\/wp-content\/uploads\/2020\/07\/NEWSESTLYONNAIS-TC-BRON-800x600.jpg 800w, https:\/\/newsestlyonnais.fr\/site\/wp-content\/uploads\/2020\/07\/NEWSESTLYONNAIS-TC-BRON.jpg 1200w\" sizes=\"auto, (max-width: 150px) 100vw, 150px\" \/><\/a>\n\t\t\t<\/div>\n\t\t\t\t<figcaption class='wp-caption-text gallery-caption' id='gallery-1-106011'>\n\t\t\t\tL&rsquo;affiche du tournoi\n\t\t\t\t<\/figcaption><\/figure>\n\t\t<\/div>\n\n<p>&nbsp;<\/p>\n","protected":false},"excerpt":{"rendered":"<p>Apr\u00e8s 3 semaines de comp\u00e9tition, c&rsquo;\u00e9tait jour de finale ce samedi sur les courts ext\u00e9rieurs du TC Bron. <\/p>\n","protected":false},"author":4,"featured_media":107603,"comment_status":"open","ping_status":"open","sticky":false,"template":"","format":"standard","meta":{"footnotes":""},"categories":[19,2,2992,2991],"tags":[],"class_list":["post-107562","post","type-post","status-publish","format-standard","has-post-thumbnail","hentry","category-bron","category-sports","category-tennis-padel","category-tennis-tennis-table-sports"],"yoast_head":"<!-- This site is optimized with the Yoast SEO plugin v27.2 - https:\/\/yoast.com\/product\/yoast-seo-wordpress\/ -->\n<title>BRON | Le tournoi de tennis a d\u00e9sign\u00e9 ses vainqueurs - News Est Lyonnais<\/title>\n<meta name=\"description\" content=\"BRON | Le tournoi de tennis a d\u00e9sign\u00e9 ses vainqueurs\" \/>\n<meta name=\"robots\" content=\"index, follow, max-snippet:-1, max-image-preview:large, max-video-preview:-1\" \/>\n<link rel=\"canonical\" href=\"https:\/\/newsestlyonnais.fr\/site\/2020\/07\/26\/bron-le-tournoi-de-tennis-a-designe-ses-vainqueurs\/\" \/>\n<meta property=\"og:locale\" content=\"fr_FR\" \/>\n<meta property=\"og:type\" content=\"article\" \/>\n<meta property=\"og:title\" content=\"BRON | Le tournoi de tennis a d\u00e9sign\u00e9 ses vainqueurs - News Est Lyonnais\" \/>\n<meta property=\"og:description\" content=\"BRON | Le tournoi de tennis a d\u00e9sign\u00e9 ses vainqueurs\" \/>\n<meta property=\"og:url\" content=\"https:\/\/newsestlyonnais.fr\/site\/2020\/07\/26\/bron-le-tournoi-de-tennis-a-designe-ses-vainqueurs\/\" \/>\n<meta property=\"og:site_name\" content=\"News Est Lyonnais\" \/>\n<meta property=\"article:author\" content=\"https:\/\/www.facebook.com\/pascal.oberson.1?fref=ts\" \/>\n<meta property=\"article:published_time\" content=\"2020-07-26T07:45:54+00:00\" \/>\n<meta property=\"article:modified_time\" content=\"2020-07-27T06:44:16+00:00\" \/>\n<meta property=\"og:image\" content=\"https:\/\/i2.wp.com\/newsestlyonnais.fr\/site\/wp-content\/uploads\/2020\/07\/IMG_1040.jpg?fit=1200%2C1139&ssl=1\" \/>\n\t<meta property=\"og:image:width\" content=\"1200\" \/>\n\t<meta property=\"og:image:height\" content=\"1139\" \/>\n\t<meta property=\"og:image:type\" content=\"image\/jpeg\" \/>\n<meta name=\"author\" content=\"R\u00e9dac. NEWS\" \/>\n<meta name=\"twitter:card\" content=\"summary_large_image\" \/>\n<meta name=\"twitter:label1\" content=\"\u00c9crit par\" \/>\n\t<meta name=\"twitter:data1\" content=\"R\u00e9dac. NEWS\" \/>\n\t<meta name=\"twitter:label2\" content=\"Dur\u00e9e de lecture estim\u00e9e\" \/>\n\t<meta name=\"twitter:data2\" content=\"2 minutes\" \/>\n<script type=\"application\/ld+json\" class=\"yoast-schema-graph\">{\"@context\":\"https:\/\/schema.org\",\"@graph\":[{\"@type\":\"Article\",\"@id\":\"https:\/\/newsestlyonnais.fr\/site\/2020\/07\/26\/bron-le-tournoi-de-tennis-a-designe-ses-vainqueurs\/#article\",\"isPartOf\":{\"@id\":\"https:\/\/newsestlyonnais.fr\/site\/2020\/07\/26\/bron-le-tournoi-de-tennis-a-designe-ses-vainqueurs\/\"},\"author\":{\"name\":\"R\u00e9dac. NEWS\",\"@id\":\"https:\/\/newsestlyonnais.fr\/site\/#\/schema\/person\/3230d5615f390bb808365d673001e887\"},\"headline\":\"BRON | Le tournoi de tennis a d\u00e9sign\u00e9 ses vainqueurs\",\"datePublished\":\"2020-07-26T07:45:54+00:00\",\"dateModified\":\"2020-07-27T06:44:16+00:00\",\"mainEntityOfPage\":{\"@id\":\"https:\/\/newsestlyonnais.fr\/site\/2020\/07\/26\/bron-le-tournoi-de-tennis-a-designe-ses-vainqueurs\/\"},\"wordCount\":467,\"commentCount\":0,\"publisher\":{\"@id\":\"https:\/\/newsestlyonnais.fr\/site\/#organization\"},\"image\":{\"@id\":\"https:\/\/newsestlyonnais.fr\/site\/2020\/07\/26\/bron-le-tournoi-de-tennis-a-designe-ses-vainqueurs\/#primaryimage\"},\"thumbnailUrl\":\"https:\/\/newsestlyonnais.fr\/site\/wp-content\/uploads\/2020\/07\/IMG_1040.jpg\",\"articleSection\":[\"Bron\",\"Sports\",\"Tennis | Padel\",\"Tennis | Tennis de table\"],\"inLanguage\":\"fr-FR\",\"potentialAction\":[{\"@type\":\"CommentAction\",\"name\":\"Comment\",\"target\":[\"https:\/\/newsestlyonnais.fr\/site\/2020\/07\/26\/bron-le-tournoi-de-tennis-a-designe-ses-vainqueurs\/#respond\"]}]},{\"@type\":\"WebPage\",\"@id\":\"https:\/\/newsestlyonnais.fr\/site\/2020\/07\/26\/bron-le-tournoi-de-tennis-a-designe-ses-vainqueurs\/\",\"url\":\"https:\/\/newsestlyonnais.fr\/site\/2020\/07\/26\/bron-le-tournoi-de-tennis-a-designe-ses-vainqueurs\/\",\"name\":\"BRON | Le tournoi de tennis a d\u00e9sign\u00e9 ses vainqueurs - News Est Lyonnais\",\"isPartOf\":{\"@id\":\"https:\/\/newsestlyonnais.fr\/site\/#website\"},\"primaryImageOfPage\":{\"@id\":\"https:\/\/newsestlyonnais.fr\/site\/2020\/07\/26\/bron-le-tournoi-de-tennis-a-designe-ses-vainqueurs\/#primaryimage\"},\"image\":{\"@id\":\"https:\/\/newsestlyonnais.fr\/site\/2020\/07\/26\/bron-le-tournoi-de-tennis-a-designe-ses-vainqueurs\/#primaryimage\"},\"thumbnailUrl\":\"https:\/\/newsestlyonnais.fr\/site\/wp-content\/uploads\/2020\/07\/IMG_1040.jpg\",\"datePublished\":\"2020-07-26T07:45:54+00:00\",\"dateModified\":\"2020-07-27T06:44:16+00:00\",\"description\":\"BRON | Le tournoi de tennis a d\u00e9sign\u00e9 ses vainqueurs\",\"breadcrumb\":{\"@id\":\"https:\/\/newsestlyonnais.fr\/site\/2020\/07\/26\/bron-le-tournoi-de-tennis-a-designe-ses-vainqueurs\/#breadcrumb\"},\"inLanguage\":\"fr-FR\",\"potentialAction\":[{\"@type\":\"ReadAction\",\"target\":[\"https:\/\/newsestlyonnais.fr\/site\/2020\/07\/26\/bron-le-tournoi-de-tennis-a-designe-ses-vainqueurs\/\"]}]},{\"@type\":\"ImageObject\",\"inLanguage\":\"fr-FR\",\"@id\":\"https:\/\/newsestlyonnais.fr\/site\/2020\/07\/26\/bron-le-tournoi-de-tennis-a-designe-ses-vainqueurs\/#primaryimage\",\"url\":\"https:\/\/newsestlyonnais.fr\/site\/wp-content\/uploads\/2020\/07\/IMG_1040.jpg\",\"contentUrl\":\"https:\/\/newsestlyonnais.fr\/site\/wp-content\/uploads\/2020\/07\/IMG_1040.jpg\",\"width\":1200,\"height\":1139},{\"@type\":\"BreadcrumbList\",\"@id\":\"https:\/\/newsestlyonnais.fr\/site\/2020\/07\/26\/bron-le-tournoi-de-tennis-a-designe-ses-vainqueurs\/#breadcrumb\",\"itemListElement\":[{\"@type\":\"ListItem\",\"position\":1,\"name\":\"Accueil\",\"item\":\"https:\/\/newsestlyonnais.fr\/site\/\"},{\"@type\":\"ListItem\",\"position\":2,\"name\":\"BRON | Le tournoi de tennis a d\u00e9sign\u00e9 ses vainqueurs\"}]},{\"@type\":\"WebSite\",\"@id\":\"https:\/\/newsestlyonnais.fr\/site\/#website\",\"url\":\"https:\/\/newsestlyonnais.fr\/site\/\",\"name\":\"News Est Lyonnais\",\"description\":\"L&#039;actualit\u00e9 au plus pr\u00e8s\",\"publisher\":{\"@id\":\"https:\/\/newsestlyonnais.fr\/site\/#organization\"},\"potentialAction\":[{\"@type\":\"SearchAction\",\"target\":{\"@type\":\"EntryPoint\",\"urlTemplate\":\"https:\/\/newsestlyonnais.fr\/site\/?s={search_term_string}\"},\"query-input\":{\"@type\":\"PropertyValueSpecification\",\"valueRequired\":true,\"valueName\":\"search_term_string\"}}],\"inLanguage\":\"fr-FR\"},{\"@type\":\"Organization\",\"@id\":\"https:\/\/newsestlyonnais.fr\/site\/#organization\",\"name\":\"News EST LYONNAIS\",\"url\":\"https:\/\/newsestlyonnais.fr\/site\/\",\"logo\":{\"@type\":\"ImageObject\",\"inLanguage\":\"fr-FR\",\"@id\":\"https:\/\/newsestlyonnais.fr\/site\/#\/schema\/logo\/image\/\",\"url\":\"\",\"contentUrl\":\"\",\"caption\":\"News EST LYONNAIS\"},\"image\":{\"@id\":\"https:\/\/newsestlyonnais.fr\/site\/#\/schema\/logo\/image\/\"}},{\"@type\":\"Person\",\"@id\":\"https:\/\/newsestlyonnais.fr\/site\/#\/schema\/person\/3230d5615f390bb808365d673001e887\",\"name\":\"R\u00e9dac. NEWS\",\"sameAs\":[\"http:\/\/www.newsestlyonnais.fr\",\"https:\/\/www.facebook.com\/pascal.oberson.1?fref=ts\",\"https:\/\/fr.linkedin.com\/in\/pascal-oberson-b17045113\"],\"url\":\"https:\/\/newsestlyonnais.fr\/site\/author\/nel\/\"}]}<\/script>\n<!-- \/ Yoast SEO plugin. -->","yoast_head_json":{"title":"BRON | Le tournoi de tennis a d\u00e9sign\u00e9 ses vainqueurs - News Est Lyonnais","description":"BRON | Le tournoi de tennis a d\u00e9sign\u00e9 ses vainqueurs","robots":{"index":"index","follow":"follow","max-snippet":"max-snippet:-1","max-image-preview":"max-image-preview:large","max-video-preview":"max-video-preview:-1"},"canonical":"https:\/\/newsestlyonnais.fr\/site\/2020\/07\/26\/bron-le-tournoi-de-tennis-a-designe-ses-vainqueurs\/","og_locale":"fr_FR","og_type":"article","og_title":"BRON | Le tournoi de tennis a d\u00e9sign\u00e9 ses vainqueurs - News Est Lyonnais","og_description":"BRON | Le tournoi de tennis a d\u00e9sign\u00e9 ses vainqueurs","og_url":"https:\/\/newsestlyonnais.fr\/site\/2020\/07\/26\/bron-le-tournoi-de-tennis-a-designe-ses-vainqueurs\/","og_site_name":"News Est Lyonnais","article_author":"https:\/\/www.facebook.com\/pascal.oberson.1?fref=ts","article_published_time":"2020-07-26T07:45:54+00:00","article_modified_time":"2020-07-27T06:44:16+00:00","og_image":[{"width":1200,"height":1139,"url":"https:\/\/i2.wp.com\/newsestlyonnais.fr\/site\/wp-content\/uploads\/2020\/07\/IMG_1040.jpg?fit=1200%2C1139&ssl=1","type":"image\/jpeg"}],"author":"R\u00e9dac. NEWS","twitter_card":"summary_large_image","twitter_misc":{"\u00c9crit par":"R\u00e9dac. NEWS","Dur\u00e9e de lecture estim\u00e9e":"2 minutes"},"schema":{"@context":"https:\/\/schema.org","@graph":[{"@type":"Article","@id":"https:\/\/newsestlyonnais.fr\/site\/2020\/07\/26\/bron-le-tournoi-de-tennis-a-designe-ses-vainqueurs\/#article","isPartOf":{"@id":"https:\/\/newsestlyonnais.fr\/site\/2020\/07\/26\/bron-le-tournoi-de-tennis-a-designe-ses-vainqueurs\/"},"author":{"name":"R\u00e9dac. NEWS","@id":"https:\/\/newsestlyonnais.fr\/site\/#\/schema\/person\/3230d5615f390bb808365d673001e887"},"headline":"BRON | Le tournoi de tennis a d\u00e9sign\u00e9 ses vainqueurs","datePublished":"2020-07-26T07:45:54+00:00","dateModified":"2020-07-27T06:44:16+00:00","mainEntityOfPage":{"@id":"https:\/\/newsestlyonnais.fr\/site\/2020\/07\/26\/bron-le-tournoi-de-tennis-a-designe-ses-vainqueurs\/"},"wordCount":467,"commentCount":0,"publisher":{"@id":"https:\/\/newsestlyonnais.fr\/site\/#organization"},"image":{"@id":"https:\/\/newsestlyonnais.fr\/site\/2020\/07\/26\/bron-le-tournoi-de-tennis-a-designe-ses-vainqueurs\/#primaryimage"},"thumbnailUrl":"https:\/\/newsestlyonnais.fr\/site\/wp-content\/uploads\/2020\/07\/IMG_1040.jpg","articleSection":["Bron","Sports","Tennis | Padel","Tennis | Tennis de table"],"inLanguage":"fr-FR","potentialAction":[{"@type":"CommentAction","name":"Comment","target":["https:\/\/newsestlyonnais.fr\/site\/2020\/07\/26\/bron-le-tournoi-de-tennis-a-designe-ses-vainqueurs\/#respond"]}]},{"@type":"WebPage","@id":"https:\/\/newsestlyonnais.fr\/site\/2020\/07\/26\/bron-le-tournoi-de-tennis-a-designe-ses-vainqueurs\/","url":"https:\/\/newsestlyonnais.fr\/site\/2020\/07\/26\/bron-le-tournoi-de-tennis-a-designe-ses-vainqueurs\/","name":"BRON | Le tournoi de tennis a d\u00e9sign\u00e9 ses vainqueurs - News Est Lyonnais","isPartOf":{"@id":"https:\/\/newsestlyonnais.fr\/site\/#website"},"primaryImageOfPage":{"@id":"https:\/\/newsestlyonnais.fr\/site\/2020\/07\/26\/bron-le-tournoi-de-tennis-a-designe-ses-vainqueurs\/#primaryimage"},"image":{"@id":"https:\/\/newsestlyonnais.fr\/site\/2020\/07\/26\/bron-le-tournoi-de-tennis-a-designe-ses-vainqueurs\/#primaryimage"},"thumbnailUrl":"https:\/\/newsestlyonnais.fr\/site\/wp-content\/uploads\/2020\/07\/IMG_1040.jpg","datePublished":"2020-07-26T07:45:54+00:00","dateModified":"2020-07-27T06:44:16+00:00","description":"BRON | Le tournoi de tennis a d\u00e9sign\u00e9 ses vainqueurs","breadcrumb":{"@id":"https:\/\/newsestlyonnais.fr\/site\/2020\/07\/26\/bron-le-tournoi-de-tennis-a-designe-ses-vainqueurs\/#breadcrumb"},"inLanguage":"fr-FR","potentialAction":[{"@type":"ReadAction","target":["https:\/\/newsestlyonnais.fr\/site\/2020\/07\/26\/bron-le-tournoi-de-tennis-a-designe-ses-vainqueurs\/"]}]},{"@type":"ImageObject","inLanguage":"fr-FR","@id":"https:\/\/newsestlyonnais.fr\/site\/2020\/07\/26\/bron-le-tournoi-de-tennis-a-designe-ses-vainqueurs\/#primaryimage","url":"https:\/\/newsestlyonnais.fr\/site\/wp-content\/uploads\/2020\/07\/IMG_1040.jpg","contentUrl":"https:\/\/newsestlyonnais.fr\/site\/wp-content\/uploads\/2020\/07\/IMG_1040.jpg","width":1200,"height":1139},{"@type":"BreadcrumbList","@id":"https:\/\/newsestlyonnais.fr\/site\/2020\/07\/26\/bron-le-tournoi-de-tennis-a-designe-ses-vainqueurs\/#breadcrumb","itemListElement":[{"@type":"ListItem","position":1,"name":"Accueil","item":"https:\/\/newsestlyonnais.fr\/site\/"},{"@type":"ListItem","position":2,"name":"BRON | Le tournoi de tennis a d\u00e9sign\u00e9 ses vainqueurs"}]},{"@type":"WebSite","@id":"https:\/\/newsestlyonnais.fr\/site\/#website","url":"https:\/\/newsestlyonnais.fr\/site\/","name":"News Est Lyonnais","description":"L&#039;actualit\u00e9 au plus pr\u00e8s","publisher":{"@id":"https:\/\/newsestlyonnais.fr\/site\/#organization"},"potentialAction":[{"@type":"SearchAction","target":{"@type":"EntryPoint","urlTemplate":"https:\/\/newsestlyonnais.fr\/site\/?s={search_term_string}"},"query-input":{"@type":"PropertyValueSpecification","valueRequired":true,"valueName":"search_term_string"}}],"inLanguage":"fr-FR"},{"@type":"Organization","@id":"https:\/\/newsestlyonnais.fr\/site\/#organization","name":"News EST LYONNAIS","url":"https:\/\/newsestlyonnais.fr\/site\/","logo":{"@type":"ImageObject","inLanguage":"fr-FR","@id":"https:\/\/newsestlyonnais.fr\/site\/#\/schema\/logo\/image\/","url":"","contentUrl":"","caption":"News EST LYONNAIS"},"image":{"@id":"https:\/\/newsestlyonnais.fr\/site\/#\/schema\/logo\/image\/"}},{"@type":"Person","@id":"https:\/\/newsestlyonnais.fr\/site\/#\/schema\/person\/3230d5615f390bb808365d673001e887","name":"R\u00e9dac. NEWS","sameAs":["http:\/\/www.newsestlyonnais.fr","https:\/\/www.facebook.com\/pascal.oberson.1?fref=ts","https:\/\/fr.linkedin.com\/in\/pascal-oberson-b17045113"],"url":"https:\/\/newsestlyonnais.fr\/site\/author\/nel\/"}]}},"_links":{"self":[{"href":"https:\/\/newsestlyonnais.fr\/site\/wp-json\/wp\/v2\/posts\/107562","targetHints":{"allow":["GET"]}}],"collection":[{"href":"https:\/\/newsestlyonnais.fr\/site\/wp-json\/wp\/v2\/posts"}],"about":[{"href":"https:\/\/newsestlyonnais.fr\/site\/wp-json\/wp\/v2\/types\/post"}],"author":[{"embeddable":true,"href":"https:\/\/newsestlyonnais.fr\/site\/wp-json\/wp\/v2\/users\/4"}],"replies":[{"embeddable":true,"href":"https:\/\/newsestlyonnais.fr\/site\/wp-json\/wp\/v2\/comments?post=107562"}],"version-history":[{"count":0,"href":"https:\/\/newsestlyonnais.fr\/site\/wp-json\/wp\/v2\/posts\/107562\/revisions"}],"wp:featuredmedia":[{"embeddable":true,"href":"https:\/\/newsestlyonnais.fr\/site\/wp-json\/wp\/v2\/media\/107603"}],"wp:attachment":[{"href":"https:\/\/newsestlyonnais.fr\/site\/wp-json\/wp\/v2\/media?parent=107562"}],"wp:term":[{"taxonomy":"category","embeddable":true,"href":"https:\/\/newsestlyonnais.fr\/site\/wp-json\/wp\/v2\/categories?post=107562"},{"taxonomy":"post_tag","embeddable":true,"href":"https:\/\/newsestlyonnais.fr\/site\/wp-json\/wp\/v2\/tags?post=107562"}],"curies":[{"name":"wp","href":"https:\/\/api.w.org\/{rel}","templated":true}]}}