{"id":107655,"date":"2020-07-26T14:08:42","date_gmt":"2020-07-26T13:08:42","guid":{"rendered":"http:\/\/newsestlyonnais.fr\/site\/?p=107655"},"modified":"2020-07-27T09:54:10","modified_gmt":"2020-07-27T08:54:10","slug":"bron-terraillon-la-petanque-qualifiee-en-coupe-de-france","status":"publish","type":"post","link":"https:\/\/newsestlyonnais.fr\/site\/2020\/07\/26\/bron-terraillon-la-petanque-qualifiee-en-coupe-de-france\/","title":{"rendered":"BRON-TERRAILLON | La P\u00e9tanque qualifi\u00e9e en coupe de France"},"content":{"rendered":"<p><strong>Les Haies<\/strong>, h\u00f4tes du club brondillant pour ce 2\u00b0 tour de la Coupe de France 2021 n&rsquo;ont pas pes\u00e9 lourd en repartant avec une lourde d\u00e9faite <strong>(21 \u00e0 0)<\/strong> ! Bron-Terraillon gagnant les 6 t\u00eate \u00e0 t\u00eate et les 3 doublettes, les triplettes n&rsquo;ont pas eu lieu, le score \u00e9tant d\u00e9j\u00e0 largement acquis.<\/p>\n<p>Apr\u00e8s avoir \u00e9t\u00e9 exempt au premier tour (le 10 juillet), le C.P.B.T. attend de connaitre son adversaire du 3\u00b0 tour (4 septembre) avant de disputer un \u00e9ventuel 4\u00b0 tour (11 septembre). ____________________________________________________________________________<\/p>\n<p><strong>NOTA : <\/strong>Le club est toujours qualifi\u00e9 pour la finale de la Coupe de France 2020 qui a \u00e9t\u00e9 report\u00e9e, pour cause de crise sanitaire, aux 9 &amp; 10 Octobre prochains \u00e0 Marseille.<\/p>\n<div id='gallery-1' class='gallery galleryid-107655 gallery-columns-3 gallery-size-thumbnail'><figure class='gallery-item'>\n\t\t\t<div class='gallery-icon landscape'>\n\t\t\t\t<a href='https:\/\/newsestlyonnais.fr\/site\/2020\/07\/26\/bron-terraillon-la-petanque-qualifiee-en-coupe-de-france\/p1440573\/'><img loading=\"lazy\" decoding=\"async\" width=\"150\" height=\"113\" src=\"https:\/\/newsestlyonnais.fr\/site\/wp-content\/uploads\/2020\/07\/P1440573-250x188.jpg\" class=\"attachment-thumbnail size-thumbnail\" alt=\"\" aria-describedby=\"gallery-1-107663\" srcset=\"https:\/\/newsestlyonnais.fr\/site\/wp-content\/uploads\/2020\/07\/P1440573-250x188.jpg 250w, https:\/\/newsestlyonnais.fr\/site\/wp-content\/uploads\/2020\/07\/P1440573-400x300.jpg 400w, https:\/\/newsestlyonnais.fr\/site\/wp-content\/uploads\/2020\/07\/P1440573-650x488.jpg 650w, https:\/\/newsestlyonnais.fr\/site\/wp-content\/uploads\/2020\/07\/P1440573-768x576.jpg 768w, https:\/\/newsestlyonnais.fr\/site\/wp-content\/uploads\/2020\/07\/P1440573-150x113.jpg 150w, https:\/\/newsestlyonnais.fr\/site\/wp-content\/uploads\/2020\/07\/P1440573-50x38.jpg 50w, https:\/\/newsestlyonnais.fr\/site\/wp-content\/uploads\/2020\/07\/P1440573-100x75.jpg 100w, https:\/\/newsestlyonnais.fr\/site\/wp-content\/uploads\/2020\/07\/P1440573-200x150.jpg 200w, https:\/\/newsestlyonnais.fr\/site\/wp-content\/uploads\/2020\/07\/P1440573-300x225.jpg 300w, https:\/\/newsestlyonnais.fr\/site\/wp-content\/uploads\/2020\/07\/P1440573-350x263.jpg 350w, https:\/\/newsestlyonnais.fr\/site\/wp-content\/uploads\/2020\/07\/P1440573-450x338.jpg 450w, https:\/\/newsestlyonnais.fr\/site\/wp-content\/uploads\/2020\/07\/P1440573-500x375.jpg 500w, https:\/\/newsestlyonnais.fr\/site\/wp-content\/uploads\/2020\/07\/P1440573-550x413.jpg 550w, https:\/\/newsestlyonnais.fr\/site\/wp-content\/uploads\/2020\/07\/P1440573-800x600.jpg 800w, https:\/\/newsestlyonnais.fr\/site\/wp-content\/uploads\/2020\/07\/P1440573.jpg 1200w\" sizes=\"auto, (max-width: 150px) 100vw, 150px\" \/><\/a>\n\t\t\t<\/div>\n\t\t\t\t<figcaption class='wp-caption-text gallery-caption' id='gallery-1-107663'>\n\t\t\t\tLes 2 \u00e9quipes r\u00e9unies avant la rencontre\n\t\t\t\t<\/figcaption><\/figure><figure class='gallery-item'>\n\t\t\t<div class='gallery-icon landscape'>\n\t\t\t\t<a href='https:\/\/newsestlyonnais.fr\/site\/2020\/07\/26\/bron-terraillon-la-petanque-qualifiee-en-coupe-de-france\/p1440571\/'><img loading=\"lazy\" decoding=\"async\" width=\"150\" height=\"113\" src=\"https:\/\/newsestlyonnais.fr\/site\/wp-content\/uploads\/2020\/07\/P1440571-250x188.jpg\" class=\"attachment-thumbnail size-thumbnail\" alt=\"\" aria-describedby=\"gallery-1-107661\" srcset=\"https:\/\/newsestlyonnais.fr\/site\/wp-content\/uploads\/2020\/07\/P1440571-250x188.jpg 250w, https:\/\/newsestlyonnais.fr\/site\/wp-content\/uploads\/2020\/07\/P1440571-400x300.jpg 400w, https:\/\/newsestlyonnais.fr\/site\/wp-content\/uploads\/2020\/07\/P1440571-650x488.jpg 650w, https:\/\/newsestlyonnais.fr\/site\/wp-content\/uploads\/2020\/07\/P1440571-768x576.jpg 768w, https:\/\/newsestlyonnais.fr\/site\/wp-content\/uploads\/2020\/07\/P1440571-150x113.jpg 150w, https:\/\/newsestlyonnais.fr\/site\/wp-content\/uploads\/2020\/07\/P1440571-50x38.jpg 50w, https:\/\/newsestlyonnais.fr\/site\/wp-content\/uploads\/2020\/07\/P1440571-100x75.jpg 100w, https:\/\/newsestlyonnais.fr\/site\/wp-content\/uploads\/2020\/07\/P1440571-200x150.jpg 200w, https:\/\/newsestlyonnais.fr\/site\/wp-content\/uploads\/2020\/07\/P1440571-300x225.jpg 300w, https:\/\/newsestlyonnais.fr\/site\/wp-content\/uploads\/2020\/07\/P1440571-350x263.jpg 350w, https:\/\/newsestlyonnais.fr\/site\/wp-content\/uploads\/2020\/07\/P1440571-450x338.jpg 450w, https:\/\/newsestlyonnais.fr\/site\/wp-content\/uploads\/2020\/07\/P1440571-500x375.jpg 500w, https:\/\/newsestlyonnais.fr\/site\/wp-content\/uploads\/2020\/07\/P1440571-550x413.jpg 550w, https:\/\/newsestlyonnais.fr\/site\/wp-content\/uploads\/2020\/07\/P1440571-800x600.jpg 800w, https:\/\/newsestlyonnais.fr\/site\/wp-content\/uploads\/2020\/07\/P1440571.jpg 1200w\" sizes=\"auto, (max-width: 150px) 100vw, 150px\" \/><\/a>\n\t\t\t<\/div>\n\t\t\t\t<figcaption class='wp-caption-text gallery-caption' id='gallery-1-107661'>\n\t\t\t\tLes Haies, adversaire de ce 2\u00b0 tour d\u00e9partemental\n\t\t\t\t<\/figcaption><\/figure><figure class='gallery-item'>\n\t\t\t<div class='gallery-icon landscape'>\n\t\t\t\t<a href='https:\/\/newsestlyonnais.fr\/site\/2020\/07\/26\/bron-terraillon-la-petanque-qualifiee-en-coupe-de-france\/p1440576\/'><img loading=\"lazy\" decoding=\"async\" width=\"150\" height=\"113\" src=\"https:\/\/newsestlyonnais.fr\/site\/wp-content\/uploads\/2020\/07\/P1440576-250x188.jpg\" class=\"attachment-thumbnail size-thumbnail\" alt=\"\" aria-describedby=\"gallery-1-107666\" srcset=\"https:\/\/newsestlyonnais.fr\/site\/wp-content\/uploads\/2020\/07\/P1440576-250x188.jpg 250w, https:\/\/newsestlyonnais.fr\/site\/wp-content\/uploads\/2020\/07\/P1440576-400x300.jpg 400w, https:\/\/newsestlyonnais.fr\/site\/wp-content\/uploads\/2020\/07\/P1440576-650x488.jpg 650w, https:\/\/newsestlyonnais.fr\/site\/wp-content\/uploads\/2020\/07\/P1440576-768x576.jpg 768w, https:\/\/newsestlyonnais.fr\/site\/wp-content\/uploads\/2020\/07\/P1440576-150x113.jpg 150w, https:\/\/newsestlyonnais.fr\/site\/wp-content\/uploads\/2020\/07\/P1440576-50x38.jpg 50w, https:\/\/newsestlyonnais.fr\/site\/wp-content\/uploads\/2020\/07\/P1440576-100x75.jpg 100w, https:\/\/newsestlyonnais.fr\/site\/wp-content\/uploads\/2020\/07\/P1440576-200x150.jpg 200w, https:\/\/newsestlyonnais.fr\/site\/wp-content\/uploads\/2020\/07\/P1440576-300x225.jpg 300w, https:\/\/newsestlyonnais.fr\/site\/wp-content\/uploads\/2020\/07\/P1440576-350x263.jpg 350w, https:\/\/newsestlyonnais.fr\/site\/wp-content\/uploads\/2020\/07\/P1440576-450x338.jpg 450w, https:\/\/newsestlyonnais.fr\/site\/wp-content\/uploads\/2020\/07\/P1440576-500x375.jpg 500w, https:\/\/newsestlyonnais.fr\/site\/wp-content\/uploads\/2020\/07\/P1440576-550x413.jpg 550w, https:\/\/newsestlyonnais.fr\/site\/wp-content\/uploads\/2020\/07\/P1440576-800x600.jpg 800w, https:\/\/newsestlyonnais.fr\/site\/wp-content\/uploads\/2020\/07\/P1440576.jpg 1200w\" sizes=\"auto, (max-width: 150px) 100vw, 150px\" \/><\/a>\n\t\t\t<\/div>\n\t\t\t\t<figcaption class='wp-caption-text gallery-caption' id='gallery-1-107666'>\n\t\t\t\tC. Gorini, C. Sarrio, D. Ruiz \n\t\t\t\t<\/figcaption><\/figure><figure class='gallery-item'>\n\t\t\t<div class='gallery-icon landscape'>\n\t\t\t\t<a href='https:\/\/newsestlyonnais.fr\/site\/2020\/07\/26\/bron-terraillon-la-petanque-qualifiee-en-coupe-de-france\/p1440578\/'><img loading=\"lazy\" decoding=\"async\" width=\"150\" height=\"113\" src=\"https:\/\/newsestlyonnais.fr\/site\/wp-content\/uploads\/2020\/07\/P1440578-250x188.jpg\" class=\"attachment-thumbnail size-thumbnail\" alt=\"\" aria-describedby=\"gallery-1-107668\" srcset=\"https:\/\/newsestlyonnais.fr\/site\/wp-content\/uploads\/2020\/07\/P1440578-250x188.jpg 250w, https:\/\/newsestlyonnais.fr\/site\/wp-content\/uploads\/2020\/07\/P1440578-400x300.jpg 400w, https:\/\/newsestlyonnais.fr\/site\/wp-content\/uploads\/2020\/07\/P1440578-650x488.jpg 650w, https:\/\/newsestlyonnais.fr\/site\/wp-content\/uploads\/2020\/07\/P1440578-768x576.jpg 768w, https:\/\/newsestlyonnais.fr\/site\/wp-content\/uploads\/2020\/07\/P1440578-150x113.jpg 150w, https:\/\/newsestlyonnais.fr\/site\/wp-content\/uploads\/2020\/07\/P1440578-50x38.jpg 50w, https:\/\/newsestlyonnais.fr\/site\/wp-content\/uploads\/2020\/07\/P1440578-100x75.jpg 100w, https:\/\/newsestlyonnais.fr\/site\/wp-content\/uploads\/2020\/07\/P1440578-200x150.jpg 200w, https:\/\/newsestlyonnais.fr\/site\/wp-content\/uploads\/2020\/07\/P1440578-300x225.jpg 300w, https:\/\/newsestlyonnais.fr\/site\/wp-content\/uploads\/2020\/07\/P1440578-350x263.jpg 350w, https:\/\/newsestlyonnais.fr\/site\/wp-content\/uploads\/2020\/07\/P1440578-450x338.jpg 450w, https:\/\/newsestlyonnais.fr\/site\/wp-content\/uploads\/2020\/07\/P1440578-500x375.jpg 500w, https:\/\/newsestlyonnais.fr\/site\/wp-content\/uploads\/2020\/07\/P1440578-550x413.jpg 550w, https:\/\/newsestlyonnais.fr\/site\/wp-content\/uploads\/2020\/07\/P1440578-800x600.jpg 800w, https:\/\/newsestlyonnais.fr\/site\/wp-content\/uploads\/2020\/07\/P1440578.jpg 1200w\" sizes=\"auto, (max-width: 150px) 100vw, 150px\" \/><\/a>\n\t\t\t<\/div>\n\t\t\t\t<figcaption class='wp-caption-text gallery-caption' id='gallery-1-107668'>\n\t\t\t\tUn 2\u00b0 tour disput\u00e9 vendredi soir en ext\u00e9rieur au sein du boulodrome\n\t\t\t\t<\/figcaption><\/figure>\n\t\t<\/div>\n\n<div class=\"_5wd4 _1nc7 _2cnu\">\n<div class=\"_40qi\"><\/div>\n<\/div>\n<div class=\"_5wd4 _1nc7\">\n<div class=\"._1dlq _h8t\">\n<div class=\"_5wd9 direction_ltr clearfix\">\n<div class=\"_1e-x _n4o\">\n<div class=\"_3_bl\">\n<div class=\"_3_bp\"><\/div>\n<div class=\"_5w1r _3_om _5wdf\">\n<div class=\"_4gx_\">\n<div class=\"_1aa6\"><\/div>\n<\/div>\n<\/div>\n<\/div>\n<\/div>\n<\/div>\n<\/div>\n<\/div>\n<div class=\"_5wd4 _1nc7\">\n<div class=\"._1dlq _h8t\">\n<div class=\"_5wd9 direction_ltr clearfix\">\n<div class=\"_1e-x _n4o\">\n<div class=\"_3_bl\">\n<div class=\"_5w1r _3_om _5wdf\">\n<div class=\"_4gx_\">\n<div class=\"_1aa6\">\n<div class=\"\"><\/div>\n<\/div>\n<\/div>\n<\/div>\n<\/div>\n<\/div>\n<\/div>\n<\/div>\n<\/div>\n<div class=\"_5wd4 _1nc7\">\n<div class=\"_40qi\"><\/div>\n<\/div>\n<div class=\"_5wd4 _1nc7\">\n<div class=\"._1dlq _h8t\">\n<div class=\"_5wd9 direction_ltr clearfix\">\n<div class=\"_1e-x _n4o\">\n<div class=\"_3_bl\">\n<div class=\"_3_bp\"><\/div>\n<div class=\"_5w1r _3_om _5wdf\">\n<div class=\"_4gx_\">\n<div class=\"_1aa6\"><\/div>\n<\/div>\n<\/div>\n<\/div>\n<\/div>\n<\/div>\n<\/div>\n<\/div>\n<div class=\"_4tdt _ua1\">\n<div class=\"_31o4\">\n<div class=\"_6--1\" aria-hidden=\"true\">\n<div class=\"_1gyw _55lt\"><\/div>\n<\/div>\n<\/div>\n<div class=\"_ua2\">\n<div class=\"_4tdv\">\n<div class=\"_5wd4 _1nc7\">\n<div class=\"._1dlq _h8t\">\n<div class=\"_5wd9 direction_ltr clearfix\">\n<div class=\"_1e-x _n4o\">\n<div class=\"_3_bl\">\n<div class=\"_3_bp\"><\/div>\n<div class=\"_5w1r _3_om _5wdf\">\n<div class=\"_4gx_\">\n<div class=\"_1aa6\"><\/div>\n<\/div>\n<\/div>\n<\/div>\n<\/div>\n<\/div>\n<\/div>\n<\/div>\n<\/div>\n<\/div>\n<\/div>\n<p>&nbsp;<\/p>\n","protected":false},"excerpt":{"rendered":"<p>Reprise officielle de la comp\u00e9tition vendredi soir au boulodrome Henri Bayada pour la formation emmen\u00e9e par Christophe Sarrio.  <\/p>\n","protected":false},"author":4,"featured_media":107657,"comment_status":"open","ping_status":"open","sticky":false,"template":"","format":"standard","meta":{"footnotes":""},"categories":[2977,19,2978,2],"tags":[],"class_list":["post-107655","post","type-post","status-publish","format-standard","has-post-thumbnail","hentry","category-boules-petanque-sports","category-bron","category-petanque-sports","category-sports"],"yoast_head":"<!-- This site is optimized with the Yoast SEO plugin v27.2 - https:\/\/yoast.com\/product\/yoast-seo-wordpress\/ -->\n<title>BRON-TERRAILLON | La P\u00e9tanque qualifi\u00e9e en coupe de France - News Est Lyonnais<\/title>\n<meta name=\"description\" content=\"BRON-TERRAILLON | La P\u00e9tanque qualifi\u00e9e en coupe de France\" \/>\n<meta name=\"robots\" content=\"index, follow, max-snippet:-1, max-image-preview:large, max-video-preview:-1\" \/>\n<link rel=\"canonical\" href=\"https:\/\/newsestlyonnais.fr\/site\/2020\/07\/26\/bron-terraillon-la-petanque-qualifiee-en-coupe-de-france\/\" \/>\n<meta property=\"og:locale\" content=\"fr_FR\" \/>\n<meta property=\"og:type\" content=\"article\" \/>\n<meta property=\"og:title\" content=\"BRON-TERRAILLON | La P\u00e9tanque qualifi\u00e9e en coupe de France - News Est Lyonnais\" \/>\n<meta property=\"og:description\" content=\"BRON-TERRAILLON | La P\u00e9tanque qualifi\u00e9e en coupe de France\" \/>\n<meta property=\"og:url\" content=\"https:\/\/newsestlyonnais.fr\/site\/2020\/07\/26\/bron-terraillon-la-petanque-qualifiee-en-coupe-de-france\/\" \/>\n<meta property=\"og:site_name\" content=\"News Est Lyonnais\" \/>\n<meta property=\"article:author\" content=\"https:\/\/www.facebook.com\/pascal.oberson.1?fref=ts\" \/>\n<meta property=\"article:published_time\" content=\"2020-07-26T13:08:42+00:00\" \/>\n<meta property=\"article:modified_time\" content=\"2020-07-27T08:54:10+00:00\" \/>\n<meta property=\"og:image\" content=\"https:\/\/i2.wp.com\/newsestlyonnais.fr\/site\/wp-content\/uploads\/2020\/07\/NEWSESTLYONNAIS-BRON-PETANQUECP01.jpg?fit=1200%2C900&ssl=1\" \/>\n\t<meta property=\"og:image:width\" content=\"1200\" \/>\n\t<meta property=\"og:image:height\" content=\"900\" \/>\n\t<meta property=\"og:image:type\" content=\"image\/jpeg\" \/>\n<meta name=\"author\" content=\"R\u00e9dac. NEWS\" \/>\n<meta name=\"twitter:card\" content=\"summary_large_image\" \/>\n<meta name=\"twitter:label1\" content=\"\u00c9crit par\" \/>\n\t<meta name=\"twitter:data1\" content=\"R\u00e9dac. NEWS\" \/>\n\t<meta name=\"twitter:label2\" content=\"Dur\u00e9e de lecture estim\u00e9e\" \/>\n\t<meta name=\"twitter:data2\" content=\"1 minute\" \/>\n<script type=\"application\/ld+json\" class=\"yoast-schema-graph\">{\"@context\":\"https:\/\/schema.org\",\"@graph\":[{\"@type\":\"Article\",\"@id\":\"https:\/\/newsestlyonnais.fr\/site\/2020\/07\/26\/bron-terraillon-la-petanque-qualifiee-en-coupe-de-france\/#article\",\"isPartOf\":{\"@id\":\"https:\/\/newsestlyonnais.fr\/site\/2020\/07\/26\/bron-terraillon-la-petanque-qualifiee-en-coupe-de-france\/\"},\"author\":{\"name\":\"R\u00e9dac. NEWS\",\"@id\":\"https:\/\/newsestlyonnais.fr\/site\/#\/schema\/person\/3230d5615f390bb808365d673001e887\"},\"headline\":\"BRON-TERRAILLON | La P\u00e9tanque qualifi\u00e9e en coupe de France\",\"datePublished\":\"2020-07-26T13:08:42+00:00\",\"dateModified\":\"2020-07-27T08:54:10+00:00\",\"mainEntityOfPage\":{\"@id\":\"https:\/\/newsestlyonnais.fr\/site\/2020\/07\/26\/bron-terraillon-la-petanque-qualifiee-en-coupe-de-france\/\"},\"wordCount\":125,\"commentCount\":0,\"publisher\":{\"@id\":\"https:\/\/newsestlyonnais.fr\/site\/#organization\"},\"image\":{\"@id\":\"https:\/\/newsestlyonnais.fr\/site\/2020\/07\/26\/bron-terraillon-la-petanque-qualifiee-en-coupe-de-france\/#primaryimage\"},\"thumbnailUrl\":\"https:\/\/newsestlyonnais.fr\/site\/wp-content\/uploads\/2020\/07\/NEWSESTLYONNAIS-BRON-PETANQUECP01.jpg\",\"articleSection\":[\"Boules | P\u00e9tanque\",\"Bron\",\"P\u00e9tanque\",\"Sports\"],\"inLanguage\":\"fr-FR\",\"potentialAction\":[{\"@type\":\"CommentAction\",\"name\":\"Comment\",\"target\":[\"https:\/\/newsestlyonnais.fr\/site\/2020\/07\/26\/bron-terraillon-la-petanque-qualifiee-en-coupe-de-france\/#respond\"]}]},{\"@type\":\"WebPage\",\"@id\":\"https:\/\/newsestlyonnais.fr\/site\/2020\/07\/26\/bron-terraillon-la-petanque-qualifiee-en-coupe-de-france\/\",\"url\":\"https:\/\/newsestlyonnais.fr\/site\/2020\/07\/26\/bron-terraillon-la-petanque-qualifiee-en-coupe-de-france\/\",\"name\":\"BRON-TERRAILLON | La P\u00e9tanque qualifi\u00e9e en coupe de France - News Est Lyonnais\",\"isPartOf\":{\"@id\":\"https:\/\/newsestlyonnais.fr\/site\/#website\"},\"primaryImageOfPage\":{\"@id\":\"https:\/\/newsestlyonnais.fr\/site\/2020\/07\/26\/bron-terraillon-la-petanque-qualifiee-en-coupe-de-france\/#primaryimage\"},\"image\":{\"@id\":\"https:\/\/newsestlyonnais.fr\/site\/2020\/07\/26\/bron-terraillon-la-petanque-qualifiee-en-coupe-de-france\/#primaryimage\"},\"thumbnailUrl\":\"https:\/\/newsestlyonnais.fr\/site\/wp-content\/uploads\/2020\/07\/NEWSESTLYONNAIS-BRON-PETANQUECP01.jpg\",\"datePublished\":\"2020-07-26T13:08:42+00:00\",\"dateModified\":\"2020-07-27T08:54:10+00:00\",\"description\":\"BRON-TERRAILLON | La P\u00e9tanque qualifi\u00e9e en coupe de France\",\"breadcrumb\":{\"@id\":\"https:\/\/newsestlyonnais.fr\/site\/2020\/07\/26\/bron-terraillon-la-petanque-qualifiee-en-coupe-de-france\/#breadcrumb\"},\"inLanguage\":\"fr-FR\",\"potentialAction\":[{\"@type\":\"ReadAction\",\"target\":[\"https:\/\/newsestlyonnais.fr\/site\/2020\/07\/26\/bron-terraillon-la-petanque-qualifiee-en-coupe-de-france\/\"]}]},{\"@type\":\"ImageObject\",\"inLanguage\":\"fr-FR\",\"@id\":\"https:\/\/newsestlyonnais.fr\/site\/2020\/07\/26\/bron-terraillon-la-petanque-qualifiee-en-coupe-de-france\/#primaryimage\",\"url\":\"https:\/\/newsestlyonnais.fr\/site\/wp-content\/uploads\/2020\/07\/NEWSESTLYONNAIS-BRON-PETANQUECP01.jpg\",\"contentUrl\":\"https:\/\/newsestlyonnais.fr\/site\/wp-content\/uploads\/2020\/07\/NEWSESTLYONNAIS-BRON-PETANQUECP01.jpg\",\"width\":1200,\"height\":900},{\"@type\":\"BreadcrumbList\",\"@id\":\"https:\/\/newsestlyonnais.fr\/site\/2020\/07\/26\/bron-terraillon-la-petanque-qualifiee-en-coupe-de-france\/#breadcrumb\",\"itemListElement\":[{\"@type\":\"ListItem\",\"position\":1,\"name\":\"Accueil\",\"item\":\"https:\/\/newsestlyonnais.fr\/site\/\"},{\"@type\":\"ListItem\",\"position\":2,\"name\":\"BRON-TERRAILLON | La P\u00e9tanque qualifi\u00e9e en coupe de France\"}]},{\"@type\":\"WebSite\",\"@id\":\"https:\/\/newsestlyonnais.fr\/site\/#website\",\"url\":\"https:\/\/newsestlyonnais.fr\/site\/\",\"name\":\"News Est Lyonnais\",\"description\":\"L&#039;actualit\u00e9 au plus pr\u00e8s\",\"publisher\":{\"@id\":\"https:\/\/newsestlyonnais.fr\/site\/#organization\"},\"potentialAction\":[{\"@type\":\"SearchAction\",\"target\":{\"@type\":\"EntryPoint\",\"urlTemplate\":\"https:\/\/newsestlyonnais.fr\/site\/?s={search_term_string}\"},\"query-input\":{\"@type\":\"PropertyValueSpecification\",\"valueRequired\":true,\"valueName\":\"search_term_string\"}}],\"inLanguage\":\"fr-FR\"},{\"@type\":\"Organization\",\"@id\":\"https:\/\/newsestlyonnais.fr\/site\/#organization\",\"name\":\"News EST LYONNAIS\",\"url\":\"https:\/\/newsestlyonnais.fr\/site\/\",\"logo\":{\"@type\":\"ImageObject\",\"inLanguage\":\"fr-FR\",\"@id\":\"https:\/\/newsestlyonnais.fr\/site\/#\/schema\/logo\/image\/\",\"url\":\"\",\"contentUrl\":\"\",\"caption\":\"News EST LYONNAIS\"},\"image\":{\"@id\":\"https:\/\/newsestlyonnais.fr\/site\/#\/schema\/logo\/image\/\"}},{\"@type\":\"Person\",\"@id\":\"https:\/\/newsestlyonnais.fr\/site\/#\/schema\/person\/3230d5615f390bb808365d673001e887\",\"name\":\"R\u00e9dac. NEWS\",\"sameAs\":[\"http:\/\/www.newsestlyonnais.fr\",\"https:\/\/www.facebook.com\/pascal.oberson.1?fref=ts\",\"https:\/\/fr.linkedin.com\/in\/pascal-oberson-b17045113\"],\"url\":\"https:\/\/newsestlyonnais.fr\/site\/author\/nel\/\"}]}<\/script>\n<!-- \/ Yoast SEO plugin. -->","yoast_head_json":{"title":"BRON-TERRAILLON | La P\u00e9tanque qualifi\u00e9e en coupe de France - News Est Lyonnais","description":"BRON-TERRAILLON | La P\u00e9tanque qualifi\u00e9e en coupe de France","robots":{"index":"index","follow":"follow","max-snippet":"max-snippet:-1","max-image-preview":"max-image-preview:large","max-video-preview":"max-video-preview:-1"},"canonical":"https:\/\/newsestlyonnais.fr\/site\/2020\/07\/26\/bron-terraillon-la-petanque-qualifiee-en-coupe-de-france\/","og_locale":"fr_FR","og_type":"article","og_title":"BRON-TERRAILLON | La P\u00e9tanque qualifi\u00e9e en coupe de France - News Est Lyonnais","og_description":"BRON-TERRAILLON | La P\u00e9tanque qualifi\u00e9e en coupe de France","og_url":"https:\/\/newsestlyonnais.fr\/site\/2020\/07\/26\/bron-terraillon-la-petanque-qualifiee-en-coupe-de-france\/","og_site_name":"News Est Lyonnais","article_author":"https:\/\/www.facebook.com\/pascal.oberson.1?fref=ts","article_published_time":"2020-07-26T13:08:42+00:00","article_modified_time":"2020-07-27T08:54:10+00:00","og_image":[{"width":1200,"height":900,"url":"https:\/\/i2.wp.com\/newsestlyonnais.fr\/site\/wp-content\/uploads\/2020\/07\/NEWSESTLYONNAIS-BRON-PETANQUECP01.jpg?fit=1200%2C900&ssl=1","type":"image\/jpeg"}],"author":"R\u00e9dac. NEWS","twitter_card":"summary_large_image","twitter_misc":{"\u00c9crit par":"R\u00e9dac. NEWS","Dur\u00e9e de lecture estim\u00e9e":"1 minute"},"schema":{"@context":"https:\/\/schema.org","@graph":[{"@type":"Article","@id":"https:\/\/newsestlyonnais.fr\/site\/2020\/07\/26\/bron-terraillon-la-petanque-qualifiee-en-coupe-de-france\/#article","isPartOf":{"@id":"https:\/\/newsestlyonnais.fr\/site\/2020\/07\/26\/bron-terraillon-la-petanque-qualifiee-en-coupe-de-france\/"},"author":{"name":"R\u00e9dac. NEWS","@id":"https:\/\/newsestlyonnais.fr\/site\/#\/schema\/person\/3230d5615f390bb808365d673001e887"},"headline":"BRON-TERRAILLON | La P\u00e9tanque qualifi\u00e9e en coupe de France","datePublished":"2020-07-26T13:08:42+00:00","dateModified":"2020-07-27T08:54:10+00:00","mainEntityOfPage":{"@id":"https:\/\/newsestlyonnais.fr\/site\/2020\/07\/26\/bron-terraillon-la-petanque-qualifiee-en-coupe-de-france\/"},"wordCount":125,"commentCount":0,"publisher":{"@id":"https:\/\/newsestlyonnais.fr\/site\/#organization"},"image":{"@id":"https:\/\/newsestlyonnais.fr\/site\/2020\/07\/26\/bron-terraillon-la-petanque-qualifiee-en-coupe-de-france\/#primaryimage"},"thumbnailUrl":"https:\/\/newsestlyonnais.fr\/site\/wp-content\/uploads\/2020\/07\/NEWSESTLYONNAIS-BRON-PETANQUECP01.jpg","articleSection":["Boules | P\u00e9tanque","Bron","P\u00e9tanque","Sports"],"inLanguage":"fr-FR","potentialAction":[{"@type":"CommentAction","name":"Comment","target":["https:\/\/newsestlyonnais.fr\/site\/2020\/07\/26\/bron-terraillon-la-petanque-qualifiee-en-coupe-de-france\/#respond"]}]},{"@type":"WebPage","@id":"https:\/\/newsestlyonnais.fr\/site\/2020\/07\/26\/bron-terraillon-la-petanque-qualifiee-en-coupe-de-france\/","url":"https:\/\/newsestlyonnais.fr\/site\/2020\/07\/26\/bron-terraillon-la-petanque-qualifiee-en-coupe-de-france\/","name":"BRON-TERRAILLON | La P\u00e9tanque qualifi\u00e9e en coupe de France - News Est Lyonnais","isPartOf":{"@id":"https:\/\/newsestlyonnais.fr\/site\/#website"},"primaryImageOfPage":{"@id":"https:\/\/newsestlyonnais.fr\/site\/2020\/07\/26\/bron-terraillon-la-petanque-qualifiee-en-coupe-de-france\/#primaryimage"},"image":{"@id":"https:\/\/newsestlyonnais.fr\/site\/2020\/07\/26\/bron-terraillon-la-petanque-qualifiee-en-coupe-de-france\/#primaryimage"},"thumbnailUrl":"https:\/\/newsestlyonnais.fr\/site\/wp-content\/uploads\/2020\/07\/NEWSESTLYONNAIS-BRON-PETANQUECP01.jpg","datePublished":"2020-07-26T13:08:42+00:00","dateModified":"2020-07-27T08:54:10+00:00","description":"BRON-TERRAILLON | La P\u00e9tanque qualifi\u00e9e en coupe de France","breadcrumb":{"@id":"https:\/\/newsestlyonnais.fr\/site\/2020\/07\/26\/bron-terraillon-la-petanque-qualifiee-en-coupe-de-france\/#breadcrumb"},"inLanguage":"fr-FR","potentialAction":[{"@type":"ReadAction","target":["https:\/\/newsestlyonnais.fr\/site\/2020\/07\/26\/bron-terraillon-la-petanque-qualifiee-en-coupe-de-france\/"]}]},{"@type":"ImageObject","inLanguage":"fr-FR","@id":"https:\/\/newsestlyonnais.fr\/site\/2020\/07\/26\/bron-terraillon-la-petanque-qualifiee-en-coupe-de-france\/#primaryimage","url":"https:\/\/newsestlyonnais.fr\/site\/wp-content\/uploads\/2020\/07\/NEWSESTLYONNAIS-BRON-PETANQUECP01.jpg","contentUrl":"https:\/\/newsestlyonnais.fr\/site\/wp-content\/uploads\/2020\/07\/NEWSESTLYONNAIS-BRON-PETANQUECP01.jpg","width":1200,"height":900},{"@type":"BreadcrumbList","@id":"https:\/\/newsestlyonnais.fr\/site\/2020\/07\/26\/bron-terraillon-la-petanque-qualifiee-en-coupe-de-france\/#breadcrumb","itemListElement":[{"@type":"ListItem","position":1,"name":"Accueil","item":"https:\/\/newsestlyonnais.fr\/site\/"},{"@type":"ListItem","position":2,"name":"BRON-TERRAILLON | La P\u00e9tanque qualifi\u00e9e en coupe de France"}]},{"@type":"WebSite","@id":"https:\/\/newsestlyonnais.fr\/site\/#website","url":"https:\/\/newsestlyonnais.fr\/site\/","name":"News Est Lyonnais","description":"L&#039;actualit\u00e9 au plus pr\u00e8s","publisher":{"@id":"https:\/\/newsestlyonnais.fr\/site\/#organization"},"potentialAction":[{"@type":"SearchAction","target":{"@type":"EntryPoint","urlTemplate":"https:\/\/newsestlyonnais.fr\/site\/?s={search_term_string}"},"query-input":{"@type":"PropertyValueSpecification","valueRequired":true,"valueName":"search_term_string"}}],"inLanguage":"fr-FR"},{"@type":"Organization","@id":"https:\/\/newsestlyonnais.fr\/site\/#organization","name":"News EST LYONNAIS","url":"https:\/\/newsestlyonnais.fr\/site\/","logo":{"@type":"ImageObject","inLanguage":"fr-FR","@id":"https:\/\/newsestlyonnais.fr\/site\/#\/schema\/logo\/image\/","url":"","contentUrl":"","caption":"News EST LYONNAIS"},"image":{"@id":"https:\/\/newsestlyonnais.fr\/site\/#\/schema\/logo\/image\/"}},{"@type":"Person","@id":"https:\/\/newsestlyonnais.fr\/site\/#\/schema\/person\/3230d5615f390bb808365d673001e887","name":"R\u00e9dac. NEWS","sameAs":["http:\/\/www.newsestlyonnais.fr","https:\/\/www.facebook.com\/pascal.oberson.1?fref=ts","https:\/\/fr.linkedin.com\/in\/pascal-oberson-b17045113"],"url":"https:\/\/newsestlyonnais.fr\/site\/author\/nel\/"}]}},"_links":{"self":[{"href":"https:\/\/newsestlyonnais.fr\/site\/wp-json\/wp\/v2\/posts\/107655","targetHints":{"allow":["GET"]}}],"collection":[{"href":"https:\/\/newsestlyonnais.fr\/site\/wp-json\/wp\/v2\/posts"}],"about":[{"href":"https:\/\/newsestlyonnais.fr\/site\/wp-json\/wp\/v2\/types\/post"}],"author":[{"embeddable":true,"href":"https:\/\/newsestlyonnais.fr\/site\/wp-json\/wp\/v2\/users\/4"}],"replies":[{"embeddable":true,"href":"https:\/\/newsestlyonnais.fr\/site\/wp-json\/wp\/v2\/comments?post=107655"}],"version-history":[{"count":0,"href":"https:\/\/newsestlyonnais.fr\/site\/wp-json\/wp\/v2\/posts\/107655\/revisions"}],"wp:featuredmedia":[{"embeddable":true,"href":"https:\/\/newsestlyonnais.fr\/site\/wp-json\/wp\/v2\/media\/107657"}],"wp:attachment":[{"href":"https:\/\/newsestlyonnais.fr\/site\/wp-json\/wp\/v2\/media?parent=107655"}],"wp:term":[{"taxonomy":"category","embeddable":true,"href":"https:\/\/newsestlyonnais.fr\/site\/wp-json\/wp\/v2\/categories?post=107655"},{"taxonomy":"post_tag","embeddable":true,"href":"https:\/\/newsestlyonnais.fr\/site\/wp-json\/wp\/v2\/tags?post=107655"}],"curies":[{"name":"wp","href":"https:\/\/api.w.org\/{rel}","templated":true}]}}