{"id":107748,"date":"2020-07-27T13:37:54","date_gmt":"2020-07-27T12:37:54","guid":{"rendered":"http:\/\/newsestlyonnais.fr\/site\/?p=107748"},"modified":"2020-07-27T13:46:25","modified_gmt":"2020-07-27T12:46:25","slug":"metropole-de-lyon-cet-ete-faites-recycler-ou-reconditionner-vos-telephones-usages","status":"publish","type":"post","link":"https:\/\/newsestlyonnais.fr\/site\/2020\/07\/27\/metropole-de-lyon-cet-ete-faites-recycler-ou-reconditionner-vos-telephones-usages\/","title":{"rendered":"M\u00e9tropole de Lyon | Cet \u00e9t\u00e9, faites recycler ou reconditionner vos t\u00e9l\u00e9phones usag\u00e9s"},"content":{"rendered":"<p><a class=\"profileLink\" href=\"https:\/\/www.facebook.com\/ecosystem.eco\/?__tn__=K-R&amp;eid=ARBd0Zb01fE3hgdPtGuZtyEAEDIhkcIl71B5q7kHgXvVnKmqFGa3VlerLJ3tgqe5HnPKFrAQIOEQDZPC&amp;fref=mentions&amp;__xts__%5B0%5D=68.ARA2hueAqwWwEW-A8HgkY2YJ7_hfKJV3pWdsNUkvQo-vj4kZ9uCCnLQYsn-78s87_x-XiEj1FJAqhrEyam5CpRnxPlZK9srdLBM7qex3KxCDDTBG3kSFR_BuCcfsCQ88DxX9OPO9WzCJVcFkFOlG7xFwk9-stPyfsF6vB6sglYTQHLJFHCuwtm5ZBC_wkqAsiphvCswp0w1xNALl41fWB-oRXXNmuivDVZlgiUSNiVMyiXplz2ontWHKv9PZK9Dhs-QRph_YIp0dmdOiGG3o31nwIYgtWqY4Cd02nw0XOfH1EjIZrY-QyBDYmHhHEMPvMAGuomx9ahdwExVZyJnostlgHQ\" data-hovercard=\"\/ajax\/hovercard\/page.php?id=180995598634858&amp;extragetparams=%7B%22__tn__%22%3A%22%2CdK-R-R%22%2C%22eid%22%3A%22ARBd0Zb01fE3hgdPtGuZtyEAEDIhkcIl71B5q7kHgXvVnKmqFGa3VlerLJ3tgqe5HnPKFrAQIOEQDZPC%22%2C%22fref%22%3A%22mentions%22%7D\" data-hovercard-prefer-more-content-show=\"1\">ecosystem.eco<\/a>, en partenariat avec <a class=\"profileLink\" href=\"https:\/\/www.facebook.com\/LEFOYERNOTREDAMEDESSANSABRI\/?__tn__=K-R&amp;eid=ARAKR0VO3TDsMAvp0vs5ZVF7GiFMFUJP8M7PNtGxjorR7pVet8Lh4qWtukom2BKD2diMdnqNctgDiIak&amp;fref=mentions&amp;__xts__%5B0%5D=68.ARA2hueAqwWwEW-A8HgkY2YJ7_hfKJV3pWdsNUkvQo-vj4kZ9uCCnLQYsn-78s87_x-XiEj1FJAqhrEyam5CpRnxPlZK9srdLBM7qex3KxCDDTBG3kSFR_BuCcfsCQ88DxX9OPO9WzCJVcFkFOlG7xFwk9-stPyfsF6vB6sglYTQHLJFHCuwtm5ZBC_wkqAsiphvCswp0w1xNALl41fWB-oRXXNmuivDVZlgiUSNiVMyiXplz2ontWHKv9PZK9Dhs-QRph_YIp0dmdOiGG3o31nwIYgtWqY4Cd02nw0XOfH1EjIZrY-QyBDYmHhHEMPvMAGuomx9ahdwExVZyJnostlgHQ\" data-hovercard=\"\/ajax\/hovercard\/page.php?id=145985115506083&amp;extragetparams=%7B%22__tn__%22%3A%22%2CdK-R-R%22%2C%22eid%22%3A%22ARAKR0VO3TDsMAvp0vs5ZVF7GiFMFUJP8M7PNtGxjorR7pVet8Lh4qWtukom2BKD2diMdnqNctgDiIak%22%2C%22fref%22%3A%22mentions%22%7D\" data-hovercard-prefer-more-content-show=\"1\">LE FOYER NOTRE-DAME DES SANS-ABRI<\/a>, r\u00e9cup\u00e8re vos portables inutilis\u00e9s. <strong>Objectif : les reconditionner et les revendre \u00e0 prix solidaire, ou bien les recycler.<\/strong><\/p>\n<p>En marge du Tour de France 2020 qui a lieu du 29 ao\u00fbt au 20 septembre, Ecosystem va offrir \u00e0 des associations<strong> 100 t\u00e9l\u00e9phones reconditionn\u00e9s<\/strong> dans chacune des 35 villes de la comp\u00e9tition.<\/p>\n<p>\u00c0 Lyon, c\u2019est l\u2019association du<strong> Foyer Notre Dame des Sans Abris<\/strong> qui a \u00e9t\u00e9 retenue et qui recevra ce don les 12 et 13 septembre.<\/p>\n<p>C\u2019est<strong> simple et gratuit<\/strong>, si vous avez chez vous un vieux t\u00e9l\u00e9phone usag\u00e9 que vous n\u2019utilisez plus c\u2019est le moment de lui donner un second souffle en quatre \u00e9tapes !<\/p>\n<p>____________________________________________________________________________<br \/>\n<em><strong><span class=\"_5mfr\"><span class=\"_6qdm\">+ d&rsquo;infos sur cette <\/span><\/span>op\u00e9ration<\/strong><\/em> : <a href=\"https:\/\/met.grandlyon.com\/grande-collecte-solidaire-de-telephones-a-lyon-cet-ete\/?fbclid=IwAR2Hd1fsTZvj_b8pwYoYb-GjVeEjTL7aBig4WzaJxC8U-rZMWwaJSGEe95g\" target=\"_blank\" rel=\"noopener nofollow noreferrer\" data-ft=\"{&quot;tn&quot;:&quot;-U&quot;}\" data-lynx-mode=\"async\" data-lynx-uri=\"https:\/\/l.facebook.com\/l.php?u=https%3A%2F%2Fmet.grandlyon.com%2Fgrande-collecte-solidaire-de-telephones-a-lyon-cet-ete%2F%3Ffbclid%3DIwAR2Hd1fsTZvj_b8pwYoYb-GjVeEjTL7aBig4WzaJxC8U-rZMWwaJSGEe95g&amp;h=AT1cpZUqKGSFi6MEq5b-rg5zsHiSTeQWJNt7a7LvaQpj8Ee2zYOM3fFkd4wviF-VYdHfoVTRTkJ2P-Z2JhhyTl23hpNv1gnXW2MxN0VHGq-IY7e54t89cy403YPnIW_B-o1Jvx2OmVhsGxWaDDPMONvy1pvpYw9pUDkbsNiaG9vMvjvDTrPD_CjSN_K5n9rUwP11n55WHpfuoTjqkuRiydiYwa1ZZvAaM0FGiaGapBAc9yC6wS6I7qwPYT6lJ_SmHNsG1ARtH-iUvDsmF5kcM1ZkqEVWQMiQT4z3r5iyDkn1RQDSRlwpkeQKt9bzd2P-ayQNrj7_LrC4e067HEucBStuUWN2kzSMYNt1vs69OvMwPeIO6EevIVYQNNxwu24ITN98MS1M2EViS56pTRY2OzmwoeA7TCNqrFcMLNkUn4J67U70VWN54uMYqwLKNxFZ7BLUx0OeJCGWz8U6Iy8CcxYGyP0OmroE8S-qcAq2e9kDIGJCJt6bxhRDndeIIhttVQ8eCqcinRPyRfisg9YPPx_DJCr2ptBiru0WNiAPvepXLcuZ9i0HHxuJDQMcT0RV_X-_WJdZtnalr_rTmUcusv8qXjteFH3Tq-KD-xpE6IhKqQruD_qXK0q2_GWPyYkZB1qHzWY4rrMrvXcIlpE\">\u00a0https:\/\/met.grandlyon.com\/grande-collecte-solidaire-de-tel<\/a><\/p>\n","protected":false},"excerpt":{"rendered":"<p>Si vous avez chez vous un vieux t\u00e9l\u00e9phone usag\u00e9 que vous n\u2019utilisez plus c\u2019est le moment de lui donner un second souffle en 4 \u00e9tapes\u00a0!<\/p>\n","protected":false},"author":4,"featured_media":107751,"comment_status":"open","ping_status":"open","sticky":false,"template":"","format":"standard","meta":{"footnotes":""},"categories":[2172,1625,18],"tags":[],"class_list":["post-107748","post","type-post","status-publish","format-standard","has-post-thumbnail","hentry","category-informatique-numerique","category-lyon","category-sante-bien-etre-solidarite"],"yoast_head":"<!-- This site is optimized with the Yoast SEO plugin v27.2 - https:\/\/yoast.com\/product\/yoast-seo-wordpress\/ -->\n<title>M\u00e9tropole de Lyon | Cet \u00e9t\u00e9, faites recycler ou reconditionner vos t\u00e9l\u00e9phones usag\u00e9s - News Est Lyonnais<\/title>\n<meta name=\"description\" content=\"M\u00e9tropole de Lyon | Cet \u00e9t\u00e9, faites recycler ou reconditionner vos t\u00e9l\u00e9phones usag\u00e9s\" \/>\n<meta name=\"robots\" content=\"index, follow, max-snippet:-1, max-image-preview:large, max-video-preview:-1\" \/>\n<link rel=\"canonical\" href=\"https:\/\/newsestlyonnais.fr\/site\/2020\/07\/27\/metropole-de-lyon-cet-ete-faites-recycler-ou-reconditionner-vos-telephones-usages\/\" \/>\n<meta property=\"og:locale\" content=\"fr_FR\" \/>\n<meta property=\"og:type\" content=\"article\" \/>\n<meta property=\"og:title\" content=\"M\u00e9tropole de Lyon | Cet \u00e9t\u00e9, faites recycler ou reconditionner vos t\u00e9l\u00e9phones usag\u00e9s - News Est Lyonnais\" \/>\n<meta property=\"og:description\" content=\"M\u00e9tropole de Lyon | Cet \u00e9t\u00e9, faites recycler ou reconditionner vos t\u00e9l\u00e9phones usag\u00e9s\" \/>\n<meta property=\"og:url\" content=\"https:\/\/newsestlyonnais.fr\/site\/2020\/07\/27\/metropole-de-lyon-cet-ete-faites-recycler-ou-reconditionner-vos-telephones-usages\/\" \/>\n<meta property=\"og:site_name\" content=\"News Est Lyonnais\" \/>\n<meta property=\"article:author\" content=\"https:\/\/www.facebook.com\/pascal.oberson.1?fref=ts\" \/>\n<meta property=\"article:published_time\" content=\"2020-07-27T12:37:54+00:00\" \/>\n<meta property=\"article:modified_time\" content=\"2020-07-27T12:46:25+00:00\" \/>\n<meta property=\"og:image\" content=\"https:\/\/i1.wp.com\/newsestlyonnais.fr\/site\/wp-content\/uploads\/2020\/07\/safe_image.php-Copie.jpg?fit=540%2C281&ssl=1\" \/>\n\t<meta property=\"og:image:width\" content=\"540\" \/>\n\t<meta property=\"og:image:height\" content=\"281\" \/>\n\t<meta property=\"og:image:type\" content=\"image\/jpeg\" \/>\n<meta name=\"author\" content=\"R\u00e9dac. NEWS\" \/>\n<meta name=\"twitter:card\" content=\"summary_large_image\" \/>\n<meta name=\"twitter:label1\" content=\"\u00c9crit par\" \/>\n\t<meta name=\"twitter:data1\" content=\"R\u00e9dac. NEWS\" \/>\n\t<meta name=\"twitter:label2\" content=\"Dur\u00e9e de lecture estim\u00e9e\" \/>\n\t<meta name=\"twitter:data2\" content=\"1 minute\" \/>\n<script type=\"application\/ld+json\" class=\"yoast-schema-graph\">{\"@context\":\"https:\/\/schema.org\",\"@graph\":[{\"@type\":\"Article\",\"@id\":\"https:\/\/newsestlyonnais.fr\/site\/2020\/07\/27\/metropole-de-lyon-cet-ete-faites-recycler-ou-reconditionner-vos-telephones-usages\/#article\",\"isPartOf\":{\"@id\":\"https:\/\/newsestlyonnais.fr\/site\/2020\/07\/27\/metropole-de-lyon-cet-ete-faites-recycler-ou-reconditionner-vos-telephones-usages\/\"},\"author\":{\"name\":\"R\u00e9dac. NEWS\",\"@id\":\"https:\/\/newsestlyonnais.fr\/site\/#\/schema\/person\/3230d5615f390bb808365d673001e887\"},\"headline\":\"M\u00e9tropole de Lyon | Cet \u00e9t\u00e9, faites recycler ou reconditionner vos t\u00e9l\u00e9phones usag\u00e9s\",\"datePublished\":\"2020-07-27T12:37:54+00:00\",\"dateModified\":\"2020-07-27T12:46:25+00:00\",\"mainEntityOfPage\":{\"@id\":\"https:\/\/newsestlyonnais.fr\/site\/2020\/07\/27\/metropole-de-lyon-cet-ete-faites-recycler-ou-reconditionner-vos-telephones-usages\/\"},\"wordCount\":146,\"commentCount\":0,\"publisher\":{\"@id\":\"https:\/\/newsestlyonnais.fr\/site\/#organization\"},\"image\":{\"@id\":\"https:\/\/newsestlyonnais.fr\/site\/2020\/07\/27\/metropole-de-lyon-cet-ete-faites-recycler-ou-reconditionner-vos-telephones-usages\/#primaryimage\"},\"thumbnailUrl\":\"https:\/\/newsestlyonnais.fr\/site\/wp-content\/uploads\/2020\/07\/safe_image.php-Copie.jpg\",\"articleSection\":[\"Informatique | Num\u00e9rique\",\"Lyon\",\"Sant\u00e9 | Bien Etre | Solidarit\u00e9\"],\"inLanguage\":\"fr-FR\",\"potentialAction\":[{\"@type\":\"CommentAction\",\"name\":\"Comment\",\"target\":[\"https:\/\/newsestlyonnais.fr\/site\/2020\/07\/27\/metropole-de-lyon-cet-ete-faites-recycler-ou-reconditionner-vos-telephones-usages\/#respond\"]}]},{\"@type\":\"WebPage\",\"@id\":\"https:\/\/newsestlyonnais.fr\/site\/2020\/07\/27\/metropole-de-lyon-cet-ete-faites-recycler-ou-reconditionner-vos-telephones-usages\/\",\"url\":\"https:\/\/newsestlyonnais.fr\/site\/2020\/07\/27\/metropole-de-lyon-cet-ete-faites-recycler-ou-reconditionner-vos-telephones-usages\/\",\"name\":\"M\u00e9tropole de Lyon | Cet \u00e9t\u00e9, faites recycler ou reconditionner vos t\u00e9l\u00e9phones usag\u00e9s - News Est Lyonnais\",\"isPartOf\":{\"@id\":\"https:\/\/newsestlyonnais.fr\/site\/#website\"},\"primaryImageOfPage\":{\"@id\":\"https:\/\/newsestlyonnais.fr\/site\/2020\/07\/27\/metropole-de-lyon-cet-ete-faites-recycler-ou-reconditionner-vos-telephones-usages\/#primaryimage\"},\"image\":{\"@id\":\"https:\/\/newsestlyonnais.fr\/site\/2020\/07\/27\/metropole-de-lyon-cet-ete-faites-recycler-ou-reconditionner-vos-telephones-usages\/#primaryimage\"},\"thumbnailUrl\":\"https:\/\/newsestlyonnais.fr\/site\/wp-content\/uploads\/2020\/07\/safe_image.php-Copie.jpg\",\"datePublished\":\"2020-07-27T12:37:54+00:00\",\"dateModified\":\"2020-07-27T12:46:25+00:00\",\"description\":\"M\u00e9tropole de Lyon | Cet \u00e9t\u00e9, faites recycler ou reconditionner vos t\u00e9l\u00e9phones usag\u00e9s\",\"breadcrumb\":{\"@id\":\"https:\/\/newsestlyonnais.fr\/site\/2020\/07\/27\/metropole-de-lyon-cet-ete-faites-recycler-ou-reconditionner-vos-telephones-usages\/#breadcrumb\"},\"inLanguage\":\"fr-FR\",\"potentialAction\":[{\"@type\":\"ReadAction\",\"target\":[\"https:\/\/newsestlyonnais.fr\/site\/2020\/07\/27\/metropole-de-lyon-cet-ete-faites-recycler-ou-reconditionner-vos-telephones-usages\/\"]}]},{\"@type\":\"ImageObject\",\"inLanguage\":\"fr-FR\",\"@id\":\"https:\/\/newsestlyonnais.fr\/site\/2020\/07\/27\/metropole-de-lyon-cet-ete-faites-recycler-ou-reconditionner-vos-telephones-usages\/#primaryimage\",\"url\":\"https:\/\/newsestlyonnais.fr\/site\/wp-content\/uploads\/2020\/07\/safe_image.php-Copie.jpg\",\"contentUrl\":\"https:\/\/newsestlyonnais.fr\/site\/wp-content\/uploads\/2020\/07\/safe_image.php-Copie.jpg\",\"width\":540,\"height\":281},{\"@type\":\"BreadcrumbList\",\"@id\":\"https:\/\/newsestlyonnais.fr\/site\/2020\/07\/27\/metropole-de-lyon-cet-ete-faites-recycler-ou-reconditionner-vos-telephones-usages\/#breadcrumb\",\"itemListElement\":[{\"@type\":\"ListItem\",\"position\":1,\"name\":\"Accueil\",\"item\":\"https:\/\/newsestlyonnais.fr\/site\/\"},{\"@type\":\"ListItem\",\"position\":2,\"name\":\"M\u00e9tropole de Lyon | Cet \u00e9t\u00e9, faites recycler ou reconditionner vos t\u00e9l\u00e9phones usag\u00e9s\"}]},{\"@type\":\"WebSite\",\"@id\":\"https:\/\/newsestlyonnais.fr\/site\/#website\",\"url\":\"https:\/\/newsestlyonnais.fr\/site\/\",\"name\":\"News Est Lyonnais\",\"description\":\"L&#039;actualit\u00e9 au plus pr\u00e8s\",\"publisher\":{\"@id\":\"https:\/\/newsestlyonnais.fr\/site\/#organization\"},\"potentialAction\":[{\"@type\":\"SearchAction\",\"target\":{\"@type\":\"EntryPoint\",\"urlTemplate\":\"https:\/\/newsestlyonnais.fr\/site\/?s={search_term_string}\"},\"query-input\":{\"@type\":\"PropertyValueSpecification\",\"valueRequired\":true,\"valueName\":\"search_term_string\"}}],\"inLanguage\":\"fr-FR\"},{\"@type\":\"Organization\",\"@id\":\"https:\/\/newsestlyonnais.fr\/site\/#organization\",\"name\":\"News EST LYONNAIS\",\"url\":\"https:\/\/newsestlyonnais.fr\/site\/\",\"logo\":{\"@type\":\"ImageObject\",\"inLanguage\":\"fr-FR\",\"@id\":\"https:\/\/newsestlyonnais.fr\/site\/#\/schema\/logo\/image\/\",\"url\":\"\",\"contentUrl\":\"\",\"caption\":\"News EST LYONNAIS\"},\"image\":{\"@id\":\"https:\/\/newsestlyonnais.fr\/site\/#\/schema\/logo\/image\/\"}},{\"@type\":\"Person\",\"@id\":\"https:\/\/newsestlyonnais.fr\/site\/#\/schema\/person\/3230d5615f390bb808365d673001e887\",\"name\":\"R\u00e9dac. NEWS\",\"sameAs\":[\"http:\/\/www.newsestlyonnais.fr\",\"https:\/\/www.facebook.com\/pascal.oberson.1?fref=ts\",\"https:\/\/fr.linkedin.com\/in\/pascal-oberson-b17045113\"],\"url\":\"https:\/\/newsestlyonnais.fr\/site\/author\/nel\/\"}]}<\/script>\n<!-- \/ Yoast SEO plugin. -->","yoast_head_json":{"title":"M\u00e9tropole de Lyon | Cet \u00e9t\u00e9, faites recycler ou reconditionner vos t\u00e9l\u00e9phones usag\u00e9s - News Est Lyonnais","description":"M\u00e9tropole de Lyon | Cet \u00e9t\u00e9, faites recycler ou reconditionner vos t\u00e9l\u00e9phones usag\u00e9s","robots":{"index":"index","follow":"follow","max-snippet":"max-snippet:-1","max-image-preview":"max-image-preview:large","max-video-preview":"max-video-preview:-1"},"canonical":"https:\/\/newsestlyonnais.fr\/site\/2020\/07\/27\/metropole-de-lyon-cet-ete-faites-recycler-ou-reconditionner-vos-telephones-usages\/","og_locale":"fr_FR","og_type":"article","og_title":"M\u00e9tropole de Lyon | Cet \u00e9t\u00e9, faites recycler ou reconditionner vos t\u00e9l\u00e9phones usag\u00e9s - News Est Lyonnais","og_description":"M\u00e9tropole de Lyon | Cet \u00e9t\u00e9, faites recycler ou reconditionner vos t\u00e9l\u00e9phones usag\u00e9s","og_url":"https:\/\/newsestlyonnais.fr\/site\/2020\/07\/27\/metropole-de-lyon-cet-ete-faites-recycler-ou-reconditionner-vos-telephones-usages\/","og_site_name":"News Est Lyonnais","article_author":"https:\/\/www.facebook.com\/pascal.oberson.1?fref=ts","article_published_time":"2020-07-27T12:37:54+00:00","article_modified_time":"2020-07-27T12:46:25+00:00","og_image":[{"width":540,"height":281,"url":"https:\/\/i1.wp.com\/newsestlyonnais.fr\/site\/wp-content\/uploads\/2020\/07\/safe_image.php-Copie.jpg?fit=540%2C281&ssl=1","type":"image\/jpeg"}],"author":"R\u00e9dac. NEWS","twitter_card":"summary_large_image","twitter_misc":{"\u00c9crit par":"R\u00e9dac. NEWS","Dur\u00e9e de lecture estim\u00e9e":"1 minute"},"schema":{"@context":"https:\/\/schema.org","@graph":[{"@type":"Article","@id":"https:\/\/newsestlyonnais.fr\/site\/2020\/07\/27\/metropole-de-lyon-cet-ete-faites-recycler-ou-reconditionner-vos-telephones-usages\/#article","isPartOf":{"@id":"https:\/\/newsestlyonnais.fr\/site\/2020\/07\/27\/metropole-de-lyon-cet-ete-faites-recycler-ou-reconditionner-vos-telephones-usages\/"},"author":{"name":"R\u00e9dac. NEWS","@id":"https:\/\/newsestlyonnais.fr\/site\/#\/schema\/person\/3230d5615f390bb808365d673001e887"},"headline":"M\u00e9tropole de Lyon | Cet \u00e9t\u00e9, faites recycler ou reconditionner vos t\u00e9l\u00e9phones usag\u00e9s","datePublished":"2020-07-27T12:37:54+00:00","dateModified":"2020-07-27T12:46:25+00:00","mainEntityOfPage":{"@id":"https:\/\/newsestlyonnais.fr\/site\/2020\/07\/27\/metropole-de-lyon-cet-ete-faites-recycler-ou-reconditionner-vos-telephones-usages\/"},"wordCount":146,"commentCount":0,"publisher":{"@id":"https:\/\/newsestlyonnais.fr\/site\/#organization"},"image":{"@id":"https:\/\/newsestlyonnais.fr\/site\/2020\/07\/27\/metropole-de-lyon-cet-ete-faites-recycler-ou-reconditionner-vos-telephones-usages\/#primaryimage"},"thumbnailUrl":"https:\/\/newsestlyonnais.fr\/site\/wp-content\/uploads\/2020\/07\/safe_image.php-Copie.jpg","articleSection":["Informatique | Num\u00e9rique","Lyon","Sant\u00e9 | Bien Etre | Solidarit\u00e9"],"inLanguage":"fr-FR","potentialAction":[{"@type":"CommentAction","name":"Comment","target":["https:\/\/newsestlyonnais.fr\/site\/2020\/07\/27\/metropole-de-lyon-cet-ete-faites-recycler-ou-reconditionner-vos-telephones-usages\/#respond"]}]},{"@type":"WebPage","@id":"https:\/\/newsestlyonnais.fr\/site\/2020\/07\/27\/metropole-de-lyon-cet-ete-faites-recycler-ou-reconditionner-vos-telephones-usages\/","url":"https:\/\/newsestlyonnais.fr\/site\/2020\/07\/27\/metropole-de-lyon-cet-ete-faites-recycler-ou-reconditionner-vos-telephones-usages\/","name":"M\u00e9tropole de Lyon | Cet \u00e9t\u00e9, faites recycler ou reconditionner vos t\u00e9l\u00e9phones usag\u00e9s - News Est Lyonnais","isPartOf":{"@id":"https:\/\/newsestlyonnais.fr\/site\/#website"},"primaryImageOfPage":{"@id":"https:\/\/newsestlyonnais.fr\/site\/2020\/07\/27\/metropole-de-lyon-cet-ete-faites-recycler-ou-reconditionner-vos-telephones-usages\/#primaryimage"},"image":{"@id":"https:\/\/newsestlyonnais.fr\/site\/2020\/07\/27\/metropole-de-lyon-cet-ete-faites-recycler-ou-reconditionner-vos-telephones-usages\/#primaryimage"},"thumbnailUrl":"https:\/\/newsestlyonnais.fr\/site\/wp-content\/uploads\/2020\/07\/safe_image.php-Copie.jpg","datePublished":"2020-07-27T12:37:54+00:00","dateModified":"2020-07-27T12:46:25+00:00","description":"M\u00e9tropole de Lyon | Cet \u00e9t\u00e9, faites recycler ou reconditionner vos t\u00e9l\u00e9phones usag\u00e9s","breadcrumb":{"@id":"https:\/\/newsestlyonnais.fr\/site\/2020\/07\/27\/metropole-de-lyon-cet-ete-faites-recycler-ou-reconditionner-vos-telephones-usages\/#breadcrumb"},"inLanguage":"fr-FR","potentialAction":[{"@type":"ReadAction","target":["https:\/\/newsestlyonnais.fr\/site\/2020\/07\/27\/metropole-de-lyon-cet-ete-faites-recycler-ou-reconditionner-vos-telephones-usages\/"]}]},{"@type":"ImageObject","inLanguage":"fr-FR","@id":"https:\/\/newsestlyonnais.fr\/site\/2020\/07\/27\/metropole-de-lyon-cet-ete-faites-recycler-ou-reconditionner-vos-telephones-usages\/#primaryimage","url":"https:\/\/newsestlyonnais.fr\/site\/wp-content\/uploads\/2020\/07\/safe_image.php-Copie.jpg","contentUrl":"https:\/\/newsestlyonnais.fr\/site\/wp-content\/uploads\/2020\/07\/safe_image.php-Copie.jpg","width":540,"height":281},{"@type":"BreadcrumbList","@id":"https:\/\/newsestlyonnais.fr\/site\/2020\/07\/27\/metropole-de-lyon-cet-ete-faites-recycler-ou-reconditionner-vos-telephones-usages\/#breadcrumb","itemListElement":[{"@type":"ListItem","position":1,"name":"Accueil","item":"https:\/\/newsestlyonnais.fr\/site\/"},{"@type":"ListItem","position":2,"name":"M\u00e9tropole de Lyon | Cet \u00e9t\u00e9, faites recycler ou reconditionner vos t\u00e9l\u00e9phones usag\u00e9s"}]},{"@type":"WebSite","@id":"https:\/\/newsestlyonnais.fr\/site\/#website","url":"https:\/\/newsestlyonnais.fr\/site\/","name":"News Est Lyonnais","description":"L&#039;actualit\u00e9 au plus pr\u00e8s","publisher":{"@id":"https:\/\/newsestlyonnais.fr\/site\/#organization"},"potentialAction":[{"@type":"SearchAction","target":{"@type":"EntryPoint","urlTemplate":"https:\/\/newsestlyonnais.fr\/site\/?s={search_term_string}"},"query-input":{"@type":"PropertyValueSpecification","valueRequired":true,"valueName":"search_term_string"}}],"inLanguage":"fr-FR"},{"@type":"Organization","@id":"https:\/\/newsestlyonnais.fr\/site\/#organization","name":"News EST LYONNAIS","url":"https:\/\/newsestlyonnais.fr\/site\/","logo":{"@type":"ImageObject","inLanguage":"fr-FR","@id":"https:\/\/newsestlyonnais.fr\/site\/#\/schema\/logo\/image\/","url":"","contentUrl":"","caption":"News EST LYONNAIS"},"image":{"@id":"https:\/\/newsestlyonnais.fr\/site\/#\/schema\/logo\/image\/"}},{"@type":"Person","@id":"https:\/\/newsestlyonnais.fr\/site\/#\/schema\/person\/3230d5615f390bb808365d673001e887","name":"R\u00e9dac. NEWS","sameAs":["http:\/\/www.newsestlyonnais.fr","https:\/\/www.facebook.com\/pascal.oberson.1?fref=ts","https:\/\/fr.linkedin.com\/in\/pascal-oberson-b17045113"],"url":"https:\/\/newsestlyonnais.fr\/site\/author\/nel\/"}]}},"_links":{"self":[{"href":"https:\/\/newsestlyonnais.fr\/site\/wp-json\/wp\/v2\/posts\/107748","targetHints":{"allow":["GET"]}}],"collection":[{"href":"https:\/\/newsestlyonnais.fr\/site\/wp-json\/wp\/v2\/posts"}],"about":[{"href":"https:\/\/newsestlyonnais.fr\/site\/wp-json\/wp\/v2\/types\/post"}],"author":[{"embeddable":true,"href":"https:\/\/newsestlyonnais.fr\/site\/wp-json\/wp\/v2\/users\/4"}],"replies":[{"embeddable":true,"href":"https:\/\/newsestlyonnais.fr\/site\/wp-json\/wp\/v2\/comments?post=107748"}],"version-history":[{"count":0,"href":"https:\/\/newsestlyonnais.fr\/site\/wp-json\/wp\/v2\/posts\/107748\/revisions"}],"wp:featuredmedia":[{"embeddable":true,"href":"https:\/\/newsestlyonnais.fr\/site\/wp-json\/wp\/v2\/media\/107751"}],"wp:attachment":[{"href":"https:\/\/newsestlyonnais.fr\/site\/wp-json\/wp\/v2\/media?parent=107748"}],"wp:term":[{"taxonomy":"category","embeddable":true,"href":"https:\/\/newsestlyonnais.fr\/site\/wp-json\/wp\/v2\/categories?post=107748"},{"taxonomy":"post_tag","embeddable":true,"href":"https:\/\/newsestlyonnais.fr\/site\/wp-json\/wp\/v2\/tags?post=107748"}],"curies":[{"name":"wp","href":"https:\/\/api.w.org\/{rel}","templated":true}]}}