{"id":107755,"date":"2020-07-28T06:55:16","date_gmt":"2020-07-28T05:55:16","guid":{"rendered":"http:\/\/newsestlyonnais.fr\/site\/?p=107755"},"modified":"2022-03-01T06:54:40","modified_gmt":"2022-03-01T05:54:40","slug":"christophe-bourgeois-president-de-la-foulee-muroise","status":"publish","type":"post","link":"https:\/\/newsestlyonnais.fr\/site\/2020\/07\/28\/christophe-bourgeois-president-de-la-foulee-muroise\/","title":{"rendered":"Christophe Bourgeois &gt; pr\u00e9sident de la \u00ab\u00a0Foul\u00e9e Muroise\u00a0\u00bb"},"content":{"rendered":"<p><strong>A combien se monte l&rsquo;effectif cette ann\u00e9e ? <\/strong>\u00a0\u00bb On \u00e9tait 182 adh\u00e9rents (d\u00e9nomm\u00e9s les tortues !) avec 40 % de f\u00e9minines. On a limit\u00e9 la capacit\u00e9 d&rsquo;accueil et on est au taquet. On va mettre une limite et ne pas la d\u00e9passer car on est une association et pas un club. On ne veut pas avoir de contraintes !\u00a0\u00bb<\/p>\n<p><strong><img loading=\"lazy\" decoding=\"async\" class=\"alignleft size-thumbnail wp-image-107804\" src=\"https:\/\/newsestlyonnais.fr\/site\/medias\/2020\/07\/NEWSESTLYONNAIS-FOULEE-RUN-IN-2-MURE-2-250x188.jpg\" alt=\"\" width=\"150\" height=\"113\" srcset=\"https:\/\/newsestlyonnais.fr\/site\/wp-content\/uploads\/2020\/07\/NEWSESTLYONNAIS-FOULEE-RUN-IN-2-MURE-2-250x188.jpg 250w, https:\/\/newsestlyonnais.fr\/site\/wp-content\/uploads\/2020\/07\/NEWSESTLYONNAIS-FOULEE-RUN-IN-2-MURE-2-400x300.jpg 400w, https:\/\/newsestlyonnais.fr\/site\/wp-content\/uploads\/2020\/07\/NEWSESTLYONNAIS-FOULEE-RUN-IN-2-MURE-2-650x488.jpg 650w, https:\/\/newsestlyonnais.fr\/site\/wp-content\/uploads\/2020\/07\/NEWSESTLYONNAIS-FOULEE-RUN-IN-2-MURE-2-768x576.jpg 768w, https:\/\/newsestlyonnais.fr\/site\/wp-content\/uploads\/2020\/07\/NEWSESTLYONNAIS-FOULEE-RUN-IN-2-MURE-2-150x113.jpg 150w, https:\/\/newsestlyonnais.fr\/site\/wp-content\/uploads\/2020\/07\/NEWSESTLYONNAIS-FOULEE-RUN-IN-2-MURE-2-50x38.jpg 50w, https:\/\/newsestlyonnais.fr\/site\/wp-content\/uploads\/2020\/07\/NEWSESTLYONNAIS-FOULEE-RUN-IN-2-MURE-2-100x75.jpg 100w, https:\/\/newsestlyonnais.fr\/site\/wp-content\/uploads\/2020\/07\/NEWSESTLYONNAIS-FOULEE-RUN-IN-2-MURE-2-200x150.jpg 200w, https:\/\/newsestlyonnais.fr\/site\/wp-content\/uploads\/2020\/07\/NEWSESTLYONNAIS-FOULEE-RUN-IN-2-MURE-2-300x225.jpg 300w, https:\/\/newsestlyonnais.fr\/site\/wp-content\/uploads\/2020\/07\/NEWSESTLYONNAIS-FOULEE-RUN-IN-2-MURE-2-350x263.jpg 350w, https:\/\/newsestlyonnais.fr\/site\/wp-content\/uploads\/2020\/07\/NEWSESTLYONNAIS-FOULEE-RUN-IN-2-MURE-2-450x338.jpg 450w, https:\/\/newsestlyonnais.fr\/site\/wp-content\/uploads\/2020\/07\/NEWSESTLYONNAIS-FOULEE-RUN-IN-2-MURE-2-500x375.jpg 500w, https:\/\/newsestlyonnais.fr\/site\/wp-content\/uploads\/2020\/07\/NEWSESTLYONNAIS-FOULEE-RUN-IN-2-MURE-2-550x413.jpg 550w, https:\/\/newsestlyonnais.fr\/site\/wp-content\/uploads\/2020\/07\/NEWSESTLYONNAIS-FOULEE-RUN-IN-2-MURE-2-800x600.jpg 800w, https:\/\/newsestlyonnais.fr\/site\/wp-content\/uploads\/2020\/07\/NEWSESTLYONNAIS-FOULEE-RUN-IN-2-MURE-2.jpg 1000w\" sizes=\"auto, (max-width: 150px) 100vw, 150px\" \/>Et vous proposez quel type de pratique de course \u00e0 pied ? <\/strong>\u00a0\u00bb Au d\u00e9part on \u00e9tait assez route et on a mis l&rsquo;accent depuis quelques ann\u00e9es sur le trail. On programme chaque ann\u00e9e des courses f\u00e9d\u00e9ratrices, cette ann\u00e9e on devait participer mi-mars au Marathon de Barcelone et au Trail de Fortcalquier d\u00e9but juin. On tient aussi \u00e0 \u00eatre pr\u00e9sent sur des courses locales \u00e0 travers la r\u00e9gion (D\u00e9ci-Jogg, Course Nature des 3 \u00e9tangs, etc). On s&rsquo;entraine sur la piste d&rsquo;athl\u00e9 du stade de Saint Bonnet de Mure en formant 3 groupes en soir\u00e9e (2 le mercredi et un le jeudi) \u00ab\u00a0.<\/p>\n<p><strong>Comment s&rsquo;est pass\u00e9 ce confinement pour la Foul\u00e9e ? <\/strong>\u00a0\u00bb On n&#8217;emploie pas de personnel on n&rsquo;a donc pas eu de probl\u00e8me de ce c\u00f4t\u00e9-l\u00e0. On a arr\u00eat\u00e9 tout entrainement collectif, depuis le d\u00e9confinement, on respecte le cahier des charges gouvernementales et f\u00e9d\u00e9rales (FFA). Comme on ne peut faire de regroupement de plus de 10 personnes, cela ne nous permet pas de rouvrir la piste pour un entrainement collectif, suivant les pr\u00e9conisations de la mairie. Les entrainements ne se faisant pas sous le couvert de la Foul\u00e9e, comme on est une association, ce serait consid\u00e9r\u00e9 comme un regroupement. Le complexe a \u00e9t\u00e9 ferm\u00e9 et on est en train d&rsquo;\u00e9crire un protocole de reprise pour accueillir le maximum de gens \u00ab\u00a0.<strong><br \/>\n<\/strong><\/p>\n<p><strong><img loading=\"lazy\" decoding=\"async\" class=\"alignleft size-thumbnail wp-image-107803\" src=\"https:\/\/newsestlyonnais.fr\/site\/medias\/2020\/07\/NEWSESTLYONNAIS-RUN-IN-2-MURE-2019-B-250x188.jpg\" alt=\"\" width=\"150\" height=\"113\" srcset=\"https:\/\/newsestlyonnais.fr\/site\/wp-content\/uploads\/2020\/07\/NEWSESTLYONNAIS-RUN-IN-2-MURE-2019-B-250x188.jpg 250w, https:\/\/newsestlyonnais.fr\/site\/wp-content\/uploads\/2020\/07\/NEWSESTLYONNAIS-RUN-IN-2-MURE-2019-B-400x300.jpg 400w, https:\/\/newsestlyonnais.fr\/site\/wp-content\/uploads\/2020\/07\/NEWSESTLYONNAIS-RUN-IN-2-MURE-2019-B-650x488.jpg 650w, https:\/\/newsestlyonnais.fr\/site\/wp-content\/uploads\/2020\/07\/NEWSESTLYONNAIS-RUN-IN-2-MURE-2019-B-768x576.jpg 768w, https:\/\/newsestlyonnais.fr\/site\/wp-content\/uploads\/2020\/07\/NEWSESTLYONNAIS-RUN-IN-2-MURE-2019-B-1536x1152.jpg 1536w, https:\/\/newsestlyonnais.fr\/site\/wp-content\/uploads\/2020\/07\/NEWSESTLYONNAIS-RUN-IN-2-MURE-2019-B-150x113.jpg 150w, https:\/\/newsestlyonnais.fr\/site\/wp-content\/uploads\/2020\/07\/NEWSESTLYONNAIS-RUN-IN-2-MURE-2019-B-50x38.jpg 50w, https:\/\/newsestlyonnais.fr\/site\/wp-content\/uploads\/2020\/07\/NEWSESTLYONNAIS-RUN-IN-2-MURE-2019-B-100x75.jpg 100w, https:\/\/newsestlyonnais.fr\/site\/wp-content\/uploads\/2020\/07\/NEWSESTLYONNAIS-RUN-IN-2-MURE-2019-B-200x150.jpg 200w, https:\/\/newsestlyonnais.fr\/site\/wp-content\/uploads\/2020\/07\/NEWSESTLYONNAIS-RUN-IN-2-MURE-2019-B-300x225.jpg 300w, https:\/\/newsestlyonnais.fr\/site\/wp-content\/uploads\/2020\/07\/NEWSESTLYONNAIS-RUN-IN-2-MURE-2019-B-350x263.jpg 350w, https:\/\/newsestlyonnais.fr\/site\/wp-content\/uploads\/2020\/07\/NEWSESTLYONNAIS-RUN-IN-2-MURE-2019-B-450x338.jpg 450w, https:\/\/newsestlyonnais.fr\/site\/wp-content\/uploads\/2020\/07\/NEWSESTLYONNAIS-RUN-IN-2-MURE-2019-B-500x375.jpg 500w, https:\/\/newsestlyonnais.fr\/site\/wp-content\/uploads\/2020\/07\/NEWSESTLYONNAIS-RUN-IN-2-MURE-2019-B-550x413.jpg 550w, https:\/\/newsestlyonnais.fr\/site\/wp-content\/uploads\/2020\/07\/NEWSESTLYONNAIS-RUN-IN-2-MURE-2019-B-800x600.jpg 800w, https:\/\/newsestlyonnais.fr\/site\/wp-content\/uploads\/2020\/07\/NEWSESTLYONNAIS-RUN-IN-2-MURE-2019-B-1200x900.jpg 1200w, https:\/\/newsestlyonnais.fr\/site\/wp-content\/uploads\/2020\/07\/NEWSESTLYONNAIS-RUN-IN-2-MURE-2019-B-1600x1200.jpg 1600w, https:\/\/newsestlyonnais.fr\/site\/wp-content\/uploads\/2020\/07\/NEWSESTLYONNAIS-RUN-IN-2-MURE-2019-B-2000x1500.jpg 2000w, https:\/\/newsestlyonnais.fr\/site\/wp-content\/uploads\/2020\/07\/NEWSESTLYONNAIS-RUN-IN-2-MURE-2019-B-1320x990.jpg 1320w, https:\/\/newsestlyonnais.fr\/site\/wp-content\/uploads\/2020\/07\/NEWSESTLYONNAIS-RUN-IN-2-MURE-2019-B.jpg 2048w\" sizes=\"auto, (max-width: 150px) 100vw, 150px\" \/>Et quelles en sont les cons\u00e9quences ?<\/strong> \u00a0\u00bb La premi\u00e8re a \u00e9t\u00e9 l&rsquo;arr\u00eat complet de la vie de l&rsquo;association, tout \u00e9tait suspendu. On a d&rsquo;autre part \u00e9t\u00e9 <strong>contraint d&rsquo;annuler 2 gros \u00e9v\u00e8nements pr\u00e9vus cette ann\u00e9e<\/strong>. Tout d&rsquo;abord notre soir\u00e9e de c\u00e9l\u00e9bration des 25 ans, pr\u00e9vue mi-avril et qui est report\u00e9e en septembre, mais se fera plut\u00f4t en interne. Et surtout l&rsquo;organisation de notre \u00e9preuve phare \u00ab\u00a0<strong>Run In 2 Mure<\/strong>\u00a0\u00bb qui \u00e9tait fix\u00e9e au 20 septembre pour sa 6\u00b0 \u00e9dition. On a d\u00e9cid\u00e9 fin avril de son annulation en tenant en compte les consignes du comit\u00e9 des courses hors stades. Le but de la course \u00e9tant de remettre un ch\u00e8que aux associations qu&rsquo;on soutient et compte tenu de la conjoncture actuelle, les entreprises (nos partenaires) n&rsquo;auraient pas \u00e9t\u00e9 pr\u00e9sentes cette ann\u00e9e. Il faut aussi respecter la s\u00e9curit\u00e9 de tout le monde et au vu de tous ces \u00e9l\u00e9ments on a d\u00e9cid\u00e9 de ne pas l&rsquo;organiser. Mais on sera bien pr\u00e9sent et de retour en 2021, le 3\u00b0 dimanche de septembre ! \u00a0\u00bb<\/p>\n<p><strong>Sinon quelques dates \u00e0 nous donner ?<\/strong> \u00ab\u00a0Oui, nous participerons comme chaque ann\u00e9e au Forum des Associations (le samedi 5 septembre \u00e0 Saint Laurent de Mure) et notre AG se fera mi-novembre \u00ab\u00a0.<\/p>\n<p><strong>Et pour conclure, pr\u00e9sident ? <\/strong>\u00a0\u00bb La saison a \u00e9t\u00e9 courte par la force des choses mais on va savoir rebondir. On n&rsquo;a pas engag\u00e9 de frais financiers ni fait d&rsquo;investissement sur la course. Pas de cons\u00e9quences \u00e0 en tirer, on s&rsquo;est toujours conform\u00e9 \u00e0 ce que pr\u00e9conisait la mairie ou le <a href=\"http:\/\/simurois.fr\"><span style=\"color: #0000ff;\">S.I.M<\/span><\/a>., on \u00e9tait tranquille ! \u00a0\u00bb ______________________________________________________________________________<\/p>\n<p><strong>NOTA<\/strong> : <strong>Interview r\u00e9alis\u00e9e mercredi 1\u00b0 juillet, de nouvelles mesures gouvernementales de d\u00e9confinement ont \u00e9t\u00e9 prises depuis<\/strong>. ______________________________________________________________________________<\/p>\n<ul>\n<li><em><strong>Toute l\u2019ACTU de l\u2019association sur : <a href=\"https:\/\/www.facebook.com\/LaFouleeMuroise\/\">https:\/\/www.facebook.com\/LaFouleeMuroise\/<\/a><\/strong><\/em><\/li>\n<\/ul>\n","protected":false},"excerpt":{"rendered":"<p>Celui qui a succ\u00e9d\u00e9 en 2015 \u00e0 Marc Foucard revient sans concessions sur l&rsquo;arr\u00eat des activit\u00e9s et les annulations de manifestations. <\/p>\n","protected":false},"author":4,"featured_media":107814,"comment_status":"open","ping_status":"open","sticky":false,"template":"","format":"standard","meta":{"footnotes":""},"categories":[2968,270,137,1282],"tags":[],"class_list":["post-107755","post","type-post","status-publish","format-standard","has-post-thumbnail","hentry","category-athle-course-pied-marche","category-cte-de-communes-c-c-e-l","category-interviews","category-st-bonnet-st-laurent-de-mure"],"yoast_head":"<!-- This site is optimized with the Yoast SEO plugin v27.2 - https:\/\/yoast.com\/product\/yoast-seo-wordpress\/ -->\n<title>Christophe Bourgeois &gt; pr\u00e9sident de la &quot;Foul\u00e9e Muroise&quot; - News Est Lyonnais<\/title>\n<meta name=\"robots\" content=\"index, follow, max-snippet:-1, max-image-preview:large, max-video-preview:-1\" \/>\n<link rel=\"canonical\" href=\"https:\/\/newsestlyonnais.fr\/site\/2020\/07\/28\/christophe-bourgeois-president-de-la-foulee-muroise\/\" \/>\n<meta property=\"og:locale\" content=\"fr_FR\" \/>\n<meta property=\"og:type\" content=\"article\" \/>\n<meta property=\"og:title\" content=\"Christophe Bourgeois &gt; pr\u00e9sident de la &quot;Foul\u00e9e Muroise&quot; - News Est Lyonnais\" \/>\n<meta property=\"og:description\" content=\"Celui qui a succ\u00e9d\u00e9 en 2015 \u00e0 Marc Foucard revient sans concessions sur l&#039;arr\u00eat des activit\u00e9s et les annulations de manifestations.\" \/>\n<meta property=\"og:url\" content=\"https:\/\/newsestlyonnais.fr\/site\/2020\/07\/28\/christophe-bourgeois-president-de-la-foulee-muroise\/\" \/>\n<meta property=\"og:site_name\" content=\"News Est Lyonnais\" \/>\n<meta property=\"article:author\" content=\"https:\/\/www.facebook.com\/pascal.oberson.1?fref=ts\" \/>\n<meta property=\"article:published_time\" content=\"2020-07-28T05:55:16+00:00\" \/>\n<meta property=\"article:modified_time\" content=\"2022-03-01T05:54:40+00:00\" \/>\n<meta property=\"og:image\" content=\"https:\/\/newsestlyonnais.fr\/site\/wp-content\/uploads\/2020\/07\/NEWSESTLYONNAIS-PT-CHRIST.-BOURGEOIS-1.jpg\" \/>\n\t<meta property=\"og:image:width\" content=\"1200\" \/>\n\t<meta property=\"og:image:height\" content=\"800\" \/>\n\t<meta property=\"og:image:type\" content=\"image\/jpeg\" \/>\n<meta name=\"author\" content=\"R\u00e9dac. NEWS\" \/>\n<meta name=\"twitter:card\" content=\"summary_large_image\" \/>\n<meta name=\"twitter:label1\" content=\"\u00c9crit par\" \/>\n\t<meta name=\"twitter:data1\" content=\"R\u00e9dac. NEWS\" \/>\n\t<meta name=\"twitter:label2\" content=\"Dur\u00e9e de lecture estim\u00e9e\" \/>\n\t<meta name=\"twitter:data2\" content=\"3 minutes\" \/>\n<script type=\"application\/ld+json\" class=\"yoast-schema-graph\">{\"@context\":\"https:\/\/schema.org\",\"@graph\":[{\"@type\":\"Article\",\"@id\":\"https:\/\/newsestlyonnais.fr\/site\/2020\/07\/28\/christophe-bourgeois-president-de-la-foulee-muroise\/#article\",\"isPartOf\":{\"@id\":\"https:\/\/newsestlyonnais.fr\/site\/2020\/07\/28\/christophe-bourgeois-president-de-la-foulee-muroise\/\"},\"author\":{\"name\":\"R\u00e9dac. NEWS\",\"@id\":\"https:\/\/newsestlyonnais.fr\/site\/#\/schema\/person\/3230d5615f390bb808365d673001e887\"},\"headline\":\"Christophe Bourgeois &gt; pr\u00e9sident de la \u00ab\u00a0Foul\u00e9e Muroise\u00a0\u00bb\",\"datePublished\":\"2020-07-28T05:55:16+00:00\",\"dateModified\":\"2022-03-01T05:54:40+00:00\",\"mainEntityOfPage\":{\"@id\":\"https:\/\/newsestlyonnais.fr\/site\/2020\/07\/28\/christophe-bourgeois-president-de-la-foulee-muroise\/\"},\"wordCount\":618,\"commentCount\":0,\"publisher\":{\"@id\":\"https:\/\/newsestlyonnais.fr\/site\/#organization\"},\"image\":{\"@id\":\"https:\/\/newsestlyonnais.fr\/site\/2020\/07\/28\/christophe-bourgeois-president-de-la-foulee-muroise\/#primaryimage\"},\"thumbnailUrl\":\"https:\/\/newsestlyonnais.fr\/site\/wp-content\/uploads\/2020\/07\/NEWSESTLYONNAIS-PT-CHRIST.-BOURGEOIS-1.jpg\",\"articleSection\":[\"Athl\u00e9 | Course pied | Marche\",\"CCEL | Communes\",\"Interviews\",\"St Bonnet | St Laurent de Mure\"],\"inLanguage\":\"fr-FR\",\"potentialAction\":[{\"@type\":\"CommentAction\",\"name\":\"Comment\",\"target\":[\"https:\/\/newsestlyonnais.fr\/site\/2020\/07\/28\/christophe-bourgeois-president-de-la-foulee-muroise\/#respond\"]}]},{\"@type\":\"WebPage\",\"@id\":\"https:\/\/newsestlyonnais.fr\/site\/2020\/07\/28\/christophe-bourgeois-president-de-la-foulee-muroise\/\",\"url\":\"https:\/\/newsestlyonnais.fr\/site\/2020\/07\/28\/christophe-bourgeois-president-de-la-foulee-muroise\/\",\"name\":\"Christophe Bourgeois &gt; pr\u00e9sident de la \\\"Foul\u00e9e Muroise\\\" - News Est Lyonnais\",\"isPartOf\":{\"@id\":\"https:\/\/newsestlyonnais.fr\/site\/#website\"},\"primaryImageOfPage\":{\"@id\":\"https:\/\/newsestlyonnais.fr\/site\/2020\/07\/28\/christophe-bourgeois-president-de-la-foulee-muroise\/#primaryimage\"},\"image\":{\"@id\":\"https:\/\/newsestlyonnais.fr\/site\/2020\/07\/28\/christophe-bourgeois-president-de-la-foulee-muroise\/#primaryimage\"},\"thumbnailUrl\":\"https:\/\/newsestlyonnais.fr\/site\/wp-content\/uploads\/2020\/07\/NEWSESTLYONNAIS-PT-CHRIST.-BOURGEOIS-1.jpg\",\"datePublished\":\"2020-07-28T05:55:16+00:00\",\"dateModified\":\"2022-03-01T05:54:40+00:00\",\"breadcrumb\":{\"@id\":\"https:\/\/newsestlyonnais.fr\/site\/2020\/07\/28\/christophe-bourgeois-president-de-la-foulee-muroise\/#breadcrumb\"},\"inLanguage\":\"fr-FR\",\"potentialAction\":[{\"@type\":\"ReadAction\",\"target\":[\"https:\/\/newsestlyonnais.fr\/site\/2020\/07\/28\/christophe-bourgeois-president-de-la-foulee-muroise\/\"]}]},{\"@type\":\"ImageObject\",\"inLanguage\":\"fr-FR\",\"@id\":\"https:\/\/newsestlyonnais.fr\/site\/2020\/07\/28\/christophe-bourgeois-president-de-la-foulee-muroise\/#primaryimage\",\"url\":\"https:\/\/newsestlyonnais.fr\/site\/wp-content\/uploads\/2020\/07\/NEWSESTLYONNAIS-PT-CHRIST.-BOURGEOIS-1.jpg\",\"contentUrl\":\"https:\/\/newsestlyonnais.fr\/site\/wp-content\/uploads\/2020\/07\/NEWSESTLYONNAIS-PT-CHRIST.-BOURGEOIS-1.jpg\",\"width\":1200,\"height\":800},{\"@type\":\"BreadcrumbList\",\"@id\":\"https:\/\/newsestlyonnais.fr\/site\/2020\/07\/28\/christophe-bourgeois-president-de-la-foulee-muroise\/#breadcrumb\",\"itemListElement\":[{\"@type\":\"ListItem\",\"position\":1,\"name\":\"Accueil\",\"item\":\"https:\/\/newsestlyonnais.fr\/site\/\"},{\"@type\":\"ListItem\",\"position\":2,\"name\":\"Christophe Bourgeois &gt; pr\u00e9sident de la \u00ab\u00a0Foul\u00e9e Muroise\u00a0\u00bb\"}]},{\"@type\":\"WebSite\",\"@id\":\"https:\/\/newsestlyonnais.fr\/site\/#website\",\"url\":\"https:\/\/newsestlyonnais.fr\/site\/\",\"name\":\"News Est Lyonnais\",\"description\":\"L&#039;actualit\u00e9 au plus pr\u00e8s\",\"publisher\":{\"@id\":\"https:\/\/newsestlyonnais.fr\/site\/#organization\"},\"potentialAction\":[{\"@type\":\"SearchAction\",\"target\":{\"@type\":\"EntryPoint\",\"urlTemplate\":\"https:\/\/newsestlyonnais.fr\/site\/?s={search_term_string}\"},\"query-input\":{\"@type\":\"PropertyValueSpecification\",\"valueRequired\":true,\"valueName\":\"search_term_string\"}}],\"inLanguage\":\"fr-FR\"},{\"@type\":\"Organization\",\"@id\":\"https:\/\/newsestlyonnais.fr\/site\/#organization\",\"name\":\"News EST LYONNAIS\",\"url\":\"https:\/\/newsestlyonnais.fr\/site\/\",\"logo\":{\"@type\":\"ImageObject\",\"inLanguage\":\"fr-FR\",\"@id\":\"https:\/\/newsestlyonnais.fr\/site\/#\/schema\/logo\/image\/\",\"url\":\"\",\"contentUrl\":\"\",\"caption\":\"News EST LYONNAIS\"},\"image\":{\"@id\":\"https:\/\/newsestlyonnais.fr\/site\/#\/schema\/logo\/image\/\"}},{\"@type\":\"Person\",\"@id\":\"https:\/\/newsestlyonnais.fr\/site\/#\/schema\/person\/3230d5615f390bb808365d673001e887\",\"name\":\"R\u00e9dac. NEWS\",\"sameAs\":[\"http:\/\/www.newsestlyonnais.fr\",\"https:\/\/www.facebook.com\/pascal.oberson.1?fref=ts\",\"https:\/\/fr.linkedin.com\/in\/pascal-oberson-b17045113\"],\"url\":\"https:\/\/newsestlyonnais.fr\/site\/author\/nel\/\"}]}<\/script>\n<!-- \/ Yoast SEO plugin. -->","yoast_head_json":{"title":"Christophe Bourgeois &gt; pr\u00e9sident de la \"Foul\u00e9e Muroise\" - News Est Lyonnais","robots":{"index":"index","follow":"follow","max-snippet":"max-snippet:-1","max-image-preview":"max-image-preview:large","max-video-preview":"max-video-preview:-1"},"canonical":"https:\/\/newsestlyonnais.fr\/site\/2020\/07\/28\/christophe-bourgeois-president-de-la-foulee-muroise\/","og_locale":"fr_FR","og_type":"article","og_title":"Christophe Bourgeois &gt; pr\u00e9sident de la \"Foul\u00e9e Muroise\" - News Est Lyonnais","og_description":"Celui qui a succ\u00e9d\u00e9 en 2015 \u00e0 Marc Foucard revient sans concessions sur l'arr\u00eat des activit\u00e9s et les annulations de manifestations.","og_url":"https:\/\/newsestlyonnais.fr\/site\/2020\/07\/28\/christophe-bourgeois-president-de-la-foulee-muroise\/","og_site_name":"News Est Lyonnais","article_author":"https:\/\/www.facebook.com\/pascal.oberson.1?fref=ts","article_published_time":"2020-07-28T05:55:16+00:00","article_modified_time":"2022-03-01T05:54:40+00:00","og_image":[{"width":1200,"height":800,"url":"https:\/\/newsestlyonnais.fr\/site\/wp-content\/uploads\/2020\/07\/NEWSESTLYONNAIS-PT-CHRIST.-BOURGEOIS-1.jpg","type":"image\/jpeg"}],"author":"R\u00e9dac. NEWS","twitter_card":"summary_large_image","twitter_misc":{"\u00c9crit par":"R\u00e9dac. NEWS","Dur\u00e9e de lecture estim\u00e9e":"3 minutes"},"schema":{"@context":"https:\/\/schema.org","@graph":[{"@type":"Article","@id":"https:\/\/newsestlyonnais.fr\/site\/2020\/07\/28\/christophe-bourgeois-president-de-la-foulee-muroise\/#article","isPartOf":{"@id":"https:\/\/newsestlyonnais.fr\/site\/2020\/07\/28\/christophe-bourgeois-president-de-la-foulee-muroise\/"},"author":{"name":"R\u00e9dac. NEWS","@id":"https:\/\/newsestlyonnais.fr\/site\/#\/schema\/person\/3230d5615f390bb808365d673001e887"},"headline":"Christophe Bourgeois &gt; pr\u00e9sident de la \u00ab\u00a0Foul\u00e9e Muroise\u00a0\u00bb","datePublished":"2020-07-28T05:55:16+00:00","dateModified":"2022-03-01T05:54:40+00:00","mainEntityOfPage":{"@id":"https:\/\/newsestlyonnais.fr\/site\/2020\/07\/28\/christophe-bourgeois-president-de-la-foulee-muroise\/"},"wordCount":618,"commentCount":0,"publisher":{"@id":"https:\/\/newsestlyonnais.fr\/site\/#organization"},"image":{"@id":"https:\/\/newsestlyonnais.fr\/site\/2020\/07\/28\/christophe-bourgeois-president-de-la-foulee-muroise\/#primaryimage"},"thumbnailUrl":"https:\/\/newsestlyonnais.fr\/site\/wp-content\/uploads\/2020\/07\/NEWSESTLYONNAIS-PT-CHRIST.-BOURGEOIS-1.jpg","articleSection":["Athl\u00e9 | Course pied | Marche","CCEL | Communes","Interviews","St Bonnet | St Laurent de Mure"],"inLanguage":"fr-FR","potentialAction":[{"@type":"CommentAction","name":"Comment","target":["https:\/\/newsestlyonnais.fr\/site\/2020\/07\/28\/christophe-bourgeois-president-de-la-foulee-muroise\/#respond"]}]},{"@type":"WebPage","@id":"https:\/\/newsestlyonnais.fr\/site\/2020\/07\/28\/christophe-bourgeois-president-de-la-foulee-muroise\/","url":"https:\/\/newsestlyonnais.fr\/site\/2020\/07\/28\/christophe-bourgeois-president-de-la-foulee-muroise\/","name":"Christophe Bourgeois &gt; pr\u00e9sident de la \"Foul\u00e9e Muroise\" - News Est Lyonnais","isPartOf":{"@id":"https:\/\/newsestlyonnais.fr\/site\/#website"},"primaryImageOfPage":{"@id":"https:\/\/newsestlyonnais.fr\/site\/2020\/07\/28\/christophe-bourgeois-president-de-la-foulee-muroise\/#primaryimage"},"image":{"@id":"https:\/\/newsestlyonnais.fr\/site\/2020\/07\/28\/christophe-bourgeois-president-de-la-foulee-muroise\/#primaryimage"},"thumbnailUrl":"https:\/\/newsestlyonnais.fr\/site\/wp-content\/uploads\/2020\/07\/NEWSESTLYONNAIS-PT-CHRIST.-BOURGEOIS-1.jpg","datePublished":"2020-07-28T05:55:16+00:00","dateModified":"2022-03-01T05:54:40+00:00","breadcrumb":{"@id":"https:\/\/newsestlyonnais.fr\/site\/2020\/07\/28\/christophe-bourgeois-president-de-la-foulee-muroise\/#breadcrumb"},"inLanguage":"fr-FR","potentialAction":[{"@type":"ReadAction","target":["https:\/\/newsestlyonnais.fr\/site\/2020\/07\/28\/christophe-bourgeois-president-de-la-foulee-muroise\/"]}]},{"@type":"ImageObject","inLanguage":"fr-FR","@id":"https:\/\/newsestlyonnais.fr\/site\/2020\/07\/28\/christophe-bourgeois-president-de-la-foulee-muroise\/#primaryimage","url":"https:\/\/newsestlyonnais.fr\/site\/wp-content\/uploads\/2020\/07\/NEWSESTLYONNAIS-PT-CHRIST.-BOURGEOIS-1.jpg","contentUrl":"https:\/\/newsestlyonnais.fr\/site\/wp-content\/uploads\/2020\/07\/NEWSESTLYONNAIS-PT-CHRIST.-BOURGEOIS-1.jpg","width":1200,"height":800},{"@type":"BreadcrumbList","@id":"https:\/\/newsestlyonnais.fr\/site\/2020\/07\/28\/christophe-bourgeois-president-de-la-foulee-muroise\/#breadcrumb","itemListElement":[{"@type":"ListItem","position":1,"name":"Accueil","item":"https:\/\/newsestlyonnais.fr\/site\/"},{"@type":"ListItem","position":2,"name":"Christophe Bourgeois &gt; pr\u00e9sident de la \u00ab\u00a0Foul\u00e9e Muroise\u00a0\u00bb"}]},{"@type":"WebSite","@id":"https:\/\/newsestlyonnais.fr\/site\/#website","url":"https:\/\/newsestlyonnais.fr\/site\/","name":"News Est Lyonnais","description":"L&#039;actualit\u00e9 au plus pr\u00e8s","publisher":{"@id":"https:\/\/newsestlyonnais.fr\/site\/#organization"},"potentialAction":[{"@type":"SearchAction","target":{"@type":"EntryPoint","urlTemplate":"https:\/\/newsestlyonnais.fr\/site\/?s={search_term_string}"},"query-input":{"@type":"PropertyValueSpecification","valueRequired":true,"valueName":"search_term_string"}}],"inLanguage":"fr-FR"},{"@type":"Organization","@id":"https:\/\/newsestlyonnais.fr\/site\/#organization","name":"News EST LYONNAIS","url":"https:\/\/newsestlyonnais.fr\/site\/","logo":{"@type":"ImageObject","inLanguage":"fr-FR","@id":"https:\/\/newsestlyonnais.fr\/site\/#\/schema\/logo\/image\/","url":"","contentUrl":"","caption":"News EST LYONNAIS"},"image":{"@id":"https:\/\/newsestlyonnais.fr\/site\/#\/schema\/logo\/image\/"}},{"@type":"Person","@id":"https:\/\/newsestlyonnais.fr\/site\/#\/schema\/person\/3230d5615f390bb808365d673001e887","name":"R\u00e9dac. NEWS","sameAs":["http:\/\/www.newsestlyonnais.fr","https:\/\/www.facebook.com\/pascal.oberson.1?fref=ts","https:\/\/fr.linkedin.com\/in\/pascal-oberson-b17045113"],"url":"https:\/\/newsestlyonnais.fr\/site\/author\/nel\/"}]}},"_links":{"self":[{"href":"https:\/\/newsestlyonnais.fr\/site\/wp-json\/wp\/v2\/posts\/107755","targetHints":{"allow":["GET"]}}],"collection":[{"href":"https:\/\/newsestlyonnais.fr\/site\/wp-json\/wp\/v2\/posts"}],"about":[{"href":"https:\/\/newsestlyonnais.fr\/site\/wp-json\/wp\/v2\/types\/post"}],"author":[{"embeddable":true,"href":"https:\/\/newsestlyonnais.fr\/site\/wp-json\/wp\/v2\/users\/4"}],"replies":[{"embeddable":true,"href":"https:\/\/newsestlyonnais.fr\/site\/wp-json\/wp\/v2\/comments?post=107755"}],"version-history":[{"count":0,"href":"https:\/\/newsestlyonnais.fr\/site\/wp-json\/wp\/v2\/posts\/107755\/revisions"}],"wp:featuredmedia":[{"embeddable":true,"href":"https:\/\/newsestlyonnais.fr\/site\/wp-json\/wp\/v2\/media\/107814"}],"wp:attachment":[{"href":"https:\/\/newsestlyonnais.fr\/site\/wp-json\/wp\/v2\/media?parent=107755"}],"wp:term":[{"taxonomy":"category","embeddable":true,"href":"https:\/\/newsestlyonnais.fr\/site\/wp-json\/wp\/v2\/categories?post=107755"},{"taxonomy":"post_tag","embeddable":true,"href":"https:\/\/newsestlyonnais.fr\/site\/wp-json\/wp\/v2\/tags?post=107755"}],"curies":[{"name":"wp","href":"https:\/\/api.w.org\/{rel}","templated":true}]}}