{"id":107848,"date":"2020-07-28T14:09:22","date_gmt":"2020-07-28T13:09:22","guid":{"rendered":"http:\/\/newsestlyonnais.fr\/site\/?p=107848"},"modified":"2020-10-30T11:04:52","modified_gmt":"2020-10-30T10:04:52","slug":"saint-bonnet-saint-laurent-de-mure-pas-de-forum-des-associations-en-2020","status":"publish","type":"post","link":"https:\/\/newsestlyonnais.fr\/site\/2020\/07\/28\/saint-bonnet-saint-laurent-de-mure-pas-de-forum-des-associations-en-2020\/","title":{"rendered":"ST-BONNET &amp; ST LAURENT DE MURE | Pas de Forum des associations en 2020"},"content":{"rendered":"<p><strong>Henri Montellanico, pr\u00e9sident du <a href=\"http:\/\/simurois.fr\/lesim\"><span style=\"color: #0000ff;\">Syndicat Intercommunal Murois<\/span><\/a> (SIM) <\/strong>a inform\u00e9 par courrier aux associations des deux communes, l&rsquo;annulation de cet \u00e9v\u00e8nement de la rentr\u00e9e. Ceci par principe de pr\u00e9caution dans le cadre du contexte sanitaire actuel.<strong><br \/>\n<\/strong><\/p>\n<ul>\n<li><strong>Retrouvez l&rsquo;int\u00e9gralit\u00e9 du courrier du pr\u00e9sident sur<\/strong> : <a href=\"https:\/\/www.saintlaurentdemure.org\/actualites\/annulation-du-forum-des-associations-2020\">https:\/\/www.saintlaurentdemure.org\/actualites\/annulation-du-forum-des-associations-2020<\/a><\/li>\n<\/ul>\n<p>_____________________________________________________________________________<\/p>\n","protected":false},"excerpt":{"rendered":"<p>Organis\u00e9 alternativement par les 2 communes muroises, le dernier Forum s&rsquo;\u00e9tait d\u00e9roul\u00e9 \u00e0 la Halle des Sports de St Bonnet de Mure.<\/p>\n","protected":false},"author":4,"featured_media":107850,"comment_status":"open","ping_status":"open","sticky":false,"template":"","format":"standard","meta":{"footnotes":""},"categories":[3426,1282],"tags":[],"class_list":["post-107848","post","type-post","status-publish","format-standard","has-post-thumbnail","hentry","category-forums-des-associations","category-st-bonnet-st-laurent-de-mure"],"yoast_head":"<!-- This site is optimized with the Yoast SEO plugin v27.2 - https:\/\/yoast.com\/product\/yoast-seo-wordpress\/ -->\n<title>ST-BONNET &amp; ST LAURENT DE MURE | Pas de Forum des associations en 2020 - News Est Lyonnais<\/title>\n<meta name=\"description\" content=\"SAINT-BONNET &amp; SAINT LAURENT DE MURE | Pas de Forum des associations en 2020\" \/>\n<meta name=\"robots\" content=\"index, follow, max-snippet:-1, max-image-preview:large, max-video-preview:-1\" \/>\n<link rel=\"canonical\" href=\"https:\/\/newsestlyonnais.fr\/site\/2020\/07\/28\/saint-bonnet-saint-laurent-de-mure-pas-de-forum-des-associations-en-2020\/\" \/>\n<meta property=\"og:locale\" content=\"fr_FR\" \/>\n<meta property=\"og:type\" content=\"article\" \/>\n<meta property=\"og:title\" content=\"ST-BONNET &amp; ST LAURENT DE MURE | Pas de Forum des associations en 2020 - News Est Lyonnais\" \/>\n<meta property=\"og:description\" content=\"SAINT-BONNET &amp; SAINT LAURENT DE MURE | Pas de Forum des associations en 2020\" \/>\n<meta property=\"og:url\" content=\"https:\/\/newsestlyonnais.fr\/site\/2020\/07\/28\/saint-bonnet-saint-laurent-de-mure-pas-de-forum-des-associations-en-2020\/\" \/>\n<meta property=\"og:site_name\" content=\"News Est Lyonnais\" \/>\n<meta property=\"article:author\" content=\"https:\/\/www.facebook.com\/pascal.oberson.1?fref=ts\" \/>\n<meta property=\"article:published_time\" content=\"2020-07-28T13:09:22+00:00\" \/>\n<meta property=\"article:modified_time\" content=\"2020-10-30T10:04:52+00:00\" \/>\n<meta property=\"og:image\" content=\"https:\/\/i2.wp.com\/newsestlyonnais.fr\/site\/wp-content\/uploads\/2020\/07\/NEWSESTLYONNAIS-FORUM-ST-BONNET-2019.jpg?fit=2048%2C1536&ssl=1\" \/>\n\t<meta property=\"og:image:width\" content=\"2048\" \/>\n\t<meta property=\"og:image:height\" content=\"1536\" \/>\n\t<meta property=\"og:image:type\" content=\"image\/jpeg\" \/>\n<meta name=\"author\" content=\"R\u00e9dac. NEWS\" \/>\n<meta name=\"twitter:card\" content=\"summary_large_image\" \/>\n<meta name=\"twitter:label1\" content=\"\u00c9crit par\" \/>\n\t<meta name=\"twitter:data1\" content=\"R\u00e9dac. NEWS\" \/>\n<script type=\"application\/ld+json\" class=\"yoast-schema-graph\">{\"@context\":\"https:\/\/schema.org\",\"@graph\":[{\"@type\":\"Article\",\"@id\":\"https:\/\/newsestlyonnais.fr\/site\/2020\/07\/28\/saint-bonnet-saint-laurent-de-mure-pas-de-forum-des-associations-en-2020\/#article\",\"isPartOf\":{\"@id\":\"https:\/\/newsestlyonnais.fr\/site\/2020\/07\/28\/saint-bonnet-saint-laurent-de-mure-pas-de-forum-des-associations-en-2020\/\"},\"author\":{\"name\":\"R\u00e9dac. NEWS\",\"@id\":\"https:\/\/newsestlyonnais.fr\/site\/#\/schema\/person\/3230d5615f390bb808365d673001e887\"},\"headline\":\"ST-BONNET &amp; ST LAURENT DE MURE | Pas de Forum des associations en 2020\",\"datePublished\":\"2020-07-28T13:09:22+00:00\",\"dateModified\":\"2020-10-30T10:04:52+00:00\",\"mainEntityOfPage\":{\"@id\":\"https:\/\/newsestlyonnais.fr\/site\/2020\/07\/28\/saint-bonnet-saint-laurent-de-mure-pas-de-forum-des-associations-en-2020\/\"},\"wordCount\":69,\"commentCount\":0,\"publisher\":{\"@id\":\"https:\/\/newsestlyonnais.fr\/site\/#organization\"},\"image\":{\"@id\":\"https:\/\/newsestlyonnais.fr\/site\/2020\/07\/28\/saint-bonnet-saint-laurent-de-mure-pas-de-forum-des-associations-en-2020\/#primaryimage\"},\"thumbnailUrl\":\"https:\/\/newsestlyonnais.fr\/site\/wp-content\/uploads\/2020\/07\/NEWSESTLYONNAIS-FORUM-ST-BONNET-2019.jpg\",\"articleSection\":[\"Forums des associations\",\"St Bonnet | St Laurent de Mure\"],\"inLanguage\":\"fr-FR\",\"potentialAction\":[{\"@type\":\"CommentAction\",\"name\":\"Comment\",\"target\":[\"https:\/\/newsestlyonnais.fr\/site\/2020\/07\/28\/saint-bonnet-saint-laurent-de-mure-pas-de-forum-des-associations-en-2020\/#respond\"]}]},{\"@type\":\"WebPage\",\"@id\":\"https:\/\/newsestlyonnais.fr\/site\/2020\/07\/28\/saint-bonnet-saint-laurent-de-mure-pas-de-forum-des-associations-en-2020\/\",\"url\":\"https:\/\/newsestlyonnais.fr\/site\/2020\/07\/28\/saint-bonnet-saint-laurent-de-mure-pas-de-forum-des-associations-en-2020\/\",\"name\":\"ST-BONNET &amp; ST LAURENT DE MURE | Pas de Forum des associations en 2020 - News Est Lyonnais\",\"isPartOf\":{\"@id\":\"https:\/\/newsestlyonnais.fr\/site\/#website\"},\"primaryImageOfPage\":{\"@id\":\"https:\/\/newsestlyonnais.fr\/site\/2020\/07\/28\/saint-bonnet-saint-laurent-de-mure-pas-de-forum-des-associations-en-2020\/#primaryimage\"},\"image\":{\"@id\":\"https:\/\/newsestlyonnais.fr\/site\/2020\/07\/28\/saint-bonnet-saint-laurent-de-mure-pas-de-forum-des-associations-en-2020\/#primaryimage\"},\"thumbnailUrl\":\"https:\/\/newsestlyonnais.fr\/site\/wp-content\/uploads\/2020\/07\/NEWSESTLYONNAIS-FORUM-ST-BONNET-2019.jpg\",\"datePublished\":\"2020-07-28T13:09:22+00:00\",\"dateModified\":\"2020-10-30T10:04:52+00:00\",\"description\":\"SAINT-BONNET & SAINT LAURENT DE MURE | Pas de Forum des associations en 2020\",\"breadcrumb\":{\"@id\":\"https:\/\/newsestlyonnais.fr\/site\/2020\/07\/28\/saint-bonnet-saint-laurent-de-mure-pas-de-forum-des-associations-en-2020\/#breadcrumb\"},\"inLanguage\":\"fr-FR\",\"potentialAction\":[{\"@type\":\"ReadAction\",\"target\":[\"https:\/\/newsestlyonnais.fr\/site\/2020\/07\/28\/saint-bonnet-saint-laurent-de-mure-pas-de-forum-des-associations-en-2020\/\"]}]},{\"@type\":\"ImageObject\",\"inLanguage\":\"fr-FR\",\"@id\":\"https:\/\/newsestlyonnais.fr\/site\/2020\/07\/28\/saint-bonnet-saint-laurent-de-mure-pas-de-forum-des-associations-en-2020\/#primaryimage\",\"url\":\"https:\/\/newsestlyonnais.fr\/site\/wp-content\/uploads\/2020\/07\/NEWSESTLYONNAIS-FORUM-ST-BONNET-2019.jpg\",\"contentUrl\":\"https:\/\/newsestlyonnais.fr\/site\/wp-content\/uploads\/2020\/07\/NEWSESTLYONNAIS-FORUM-ST-BONNET-2019.jpg\",\"width\":2048,\"height\":1536},{\"@type\":\"BreadcrumbList\",\"@id\":\"https:\/\/newsestlyonnais.fr\/site\/2020\/07\/28\/saint-bonnet-saint-laurent-de-mure-pas-de-forum-des-associations-en-2020\/#breadcrumb\",\"itemListElement\":[{\"@type\":\"ListItem\",\"position\":1,\"name\":\"Accueil\",\"item\":\"https:\/\/newsestlyonnais.fr\/site\/\"},{\"@type\":\"ListItem\",\"position\":2,\"name\":\"ST-BONNET &amp; ST LAURENT DE MURE | Pas de Forum des associations en 2020\"}]},{\"@type\":\"WebSite\",\"@id\":\"https:\/\/newsestlyonnais.fr\/site\/#website\",\"url\":\"https:\/\/newsestlyonnais.fr\/site\/\",\"name\":\"News Est Lyonnais\",\"description\":\"L&#039;actualit\u00e9 au plus pr\u00e8s\",\"publisher\":{\"@id\":\"https:\/\/newsestlyonnais.fr\/site\/#organization\"},\"potentialAction\":[{\"@type\":\"SearchAction\",\"target\":{\"@type\":\"EntryPoint\",\"urlTemplate\":\"https:\/\/newsestlyonnais.fr\/site\/?s={search_term_string}\"},\"query-input\":{\"@type\":\"PropertyValueSpecification\",\"valueRequired\":true,\"valueName\":\"search_term_string\"}}],\"inLanguage\":\"fr-FR\"},{\"@type\":\"Organization\",\"@id\":\"https:\/\/newsestlyonnais.fr\/site\/#organization\",\"name\":\"News EST LYONNAIS\",\"url\":\"https:\/\/newsestlyonnais.fr\/site\/\",\"logo\":{\"@type\":\"ImageObject\",\"inLanguage\":\"fr-FR\",\"@id\":\"https:\/\/newsestlyonnais.fr\/site\/#\/schema\/logo\/image\/\",\"url\":\"\",\"contentUrl\":\"\",\"caption\":\"News EST LYONNAIS\"},\"image\":{\"@id\":\"https:\/\/newsestlyonnais.fr\/site\/#\/schema\/logo\/image\/\"}},{\"@type\":\"Person\",\"@id\":\"https:\/\/newsestlyonnais.fr\/site\/#\/schema\/person\/3230d5615f390bb808365d673001e887\",\"name\":\"R\u00e9dac. NEWS\",\"sameAs\":[\"http:\/\/www.newsestlyonnais.fr\",\"https:\/\/www.facebook.com\/pascal.oberson.1?fref=ts\",\"https:\/\/fr.linkedin.com\/in\/pascal-oberson-b17045113\"],\"url\":\"https:\/\/newsestlyonnais.fr\/site\/author\/nel\/\"}]}<\/script>\n<!-- \/ Yoast SEO plugin. -->","yoast_head_json":{"title":"ST-BONNET &amp; ST LAURENT DE MURE | Pas de Forum des associations en 2020 - News Est Lyonnais","description":"SAINT-BONNET & SAINT LAURENT DE MURE | Pas de Forum des associations en 2020","robots":{"index":"index","follow":"follow","max-snippet":"max-snippet:-1","max-image-preview":"max-image-preview:large","max-video-preview":"max-video-preview:-1"},"canonical":"https:\/\/newsestlyonnais.fr\/site\/2020\/07\/28\/saint-bonnet-saint-laurent-de-mure-pas-de-forum-des-associations-en-2020\/","og_locale":"fr_FR","og_type":"article","og_title":"ST-BONNET &amp; ST LAURENT DE MURE | Pas de Forum des associations en 2020 - News Est Lyonnais","og_description":"SAINT-BONNET & SAINT LAURENT DE MURE | Pas de Forum des associations en 2020","og_url":"https:\/\/newsestlyonnais.fr\/site\/2020\/07\/28\/saint-bonnet-saint-laurent-de-mure-pas-de-forum-des-associations-en-2020\/","og_site_name":"News Est Lyonnais","article_author":"https:\/\/www.facebook.com\/pascal.oberson.1?fref=ts","article_published_time":"2020-07-28T13:09:22+00:00","article_modified_time":"2020-10-30T10:04:52+00:00","og_image":[{"width":2048,"height":1536,"url":"https:\/\/i2.wp.com\/newsestlyonnais.fr\/site\/wp-content\/uploads\/2020\/07\/NEWSESTLYONNAIS-FORUM-ST-BONNET-2019.jpg?fit=2048%2C1536&ssl=1","type":"image\/jpeg"}],"author":"R\u00e9dac. NEWS","twitter_card":"summary_large_image","twitter_misc":{"\u00c9crit par":"R\u00e9dac. NEWS"},"schema":{"@context":"https:\/\/schema.org","@graph":[{"@type":"Article","@id":"https:\/\/newsestlyonnais.fr\/site\/2020\/07\/28\/saint-bonnet-saint-laurent-de-mure-pas-de-forum-des-associations-en-2020\/#article","isPartOf":{"@id":"https:\/\/newsestlyonnais.fr\/site\/2020\/07\/28\/saint-bonnet-saint-laurent-de-mure-pas-de-forum-des-associations-en-2020\/"},"author":{"name":"R\u00e9dac. NEWS","@id":"https:\/\/newsestlyonnais.fr\/site\/#\/schema\/person\/3230d5615f390bb808365d673001e887"},"headline":"ST-BONNET &amp; ST LAURENT DE MURE | Pas de Forum des associations en 2020","datePublished":"2020-07-28T13:09:22+00:00","dateModified":"2020-10-30T10:04:52+00:00","mainEntityOfPage":{"@id":"https:\/\/newsestlyonnais.fr\/site\/2020\/07\/28\/saint-bonnet-saint-laurent-de-mure-pas-de-forum-des-associations-en-2020\/"},"wordCount":69,"commentCount":0,"publisher":{"@id":"https:\/\/newsestlyonnais.fr\/site\/#organization"},"image":{"@id":"https:\/\/newsestlyonnais.fr\/site\/2020\/07\/28\/saint-bonnet-saint-laurent-de-mure-pas-de-forum-des-associations-en-2020\/#primaryimage"},"thumbnailUrl":"https:\/\/newsestlyonnais.fr\/site\/wp-content\/uploads\/2020\/07\/NEWSESTLYONNAIS-FORUM-ST-BONNET-2019.jpg","articleSection":["Forums des associations","St Bonnet | St Laurent de Mure"],"inLanguage":"fr-FR","potentialAction":[{"@type":"CommentAction","name":"Comment","target":["https:\/\/newsestlyonnais.fr\/site\/2020\/07\/28\/saint-bonnet-saint-laurent-de-mure-pas-de-forum-des-associations-en-2020\/#respond"]}]},{"@type":"WebPage","@id":"https:\/\/newsestlyonnais.fr\/site\/2020\/07\/28\/saint-bonnet-saint-laurent-de-mure-pas-de-forum-des-associations-en-2020\/","url":"https:\/\/newsestlyonnais.fr\/site\/2020\/07\/28\/saint-bonnet-saint-laurent-de-mure-pas-de-forum-des-associations-en-2020\/","name":"ST-BONNET &amp; ST LAURENT DE MURE | Pas de Forum des associations en 2020 - News Est Lyonnais","isPartOf":{"@id":"https:\/\/newsestlyonnais.fr\/site\/#website"},"primaryImageOfPage":{"@id":"https:\/\/newsestlyonnais.fr\/site\/2020\/07\/28\/saint-bonnet-saint-laurent-de-mure-pas-de-forum-des-associations-en-2020\/#primaryimage"},"image":{"@id":"https:\/\/newsestlyonnais.fr\/site\/2020\/07\/28\/saint-bonnet-saint-laurent-de-mure-pas-de-forum-des-associations-en-2020\/#primaryimage"},"thumbnailUrl":"https:\/\/newsestlyonnais.fr\/site\/wp-content\/uploads\/2020\/07\/NEWSESTLYONNAIS-FORUM-ST-BONNET-2019.jpg","datePublished":"2020-07-28T13:09:22+00:00","dateModified":"2020-10-30T10:04:52+00:00","description":"SAINT-BONNET & SAINT LAURENT DE MURE | Pas de Forum des associations en 2020","breadcrumb":{"@id":"https:\/\/newsestlyonnais.fr\/site\/2020\/07\/28\/saint-bonnet-saint-laurent-de-mure-pas-de-forum-des-associations-en-2020\/#breadcrumb"},"inLanguage":"fr-FR","potentialAction":[{"@type":"ReadAction","target":["https:\/\/newsestlyonnais.fr\/site\/2020\/07\/28\/saint-bonnet-saint-laurent-de-mure-pas-de-forum-des-associations-en-2020\/"]}]},{"@type":"ImageObject","inLanguage":"fr-FR","@id":"https:\/\/newsestlyonnais.fr\/site\/2020\/07\/28\/saint-bonnet-saint-laurent-de-mure-pas-de-forum-des-associations-en-2020\/#primaryimage","url":"https:\/\/newsestlyonnais.fr\/site\/wp-content\/uploads\/2020\/07\/NEWSESTLYONNAIS-FORUM-ST-BONNET-2019.jpg","contentUrl":"https:\/\/newsestlyonnais.fr\/site\/wp-content\/uploads\/2020\/07\/NEWSESTLYONNAIS-FORUM-ST-BONNET-2019.jpg","width":2048,"height":1536},{"@type":"BreadcrumbList","@id":"https:\/\/newsestlyonnais.fr\/site\/2020\/07\/28\/saint-bonnet-saint-laurent-de-mure-pas-de-forum-des-associations-en-2020\/#breadcrumb","itemListElement":[{"@type":"ListItem","position":1,"name":"Accueil","item":"https:\/\/newsestlyonnais.fr\/site\/"},{"@type":"ListItem","position":2,"name":"ST-BONNET &amp; ST LAURENT DE MURE | Pas de Forum des associations en 2020"}]},{"@type":"WebSite","@id":"https:\/\/newsestlyonnais.fr\/site\/#website","url":"https:\/\/newsestlyonnais.fr\/site\/","name":"News Est Lyonnais","description":"L&#039;actualit\u00e9 au plus pr\u00e8s","publisher":{"@id":"https:\/\/newsestlyonnais.fr\/site\/#organization"},"potentialAction":[{"@type":"SearchAction","target":{"@type":"EntryPoint","urlTemplate":"https:\/\/newsestlyonnais.fr\/site\/?s={search_term_string}"},"query-input":{"@type":"PropertyValueSpecification","valueRequired":true,"valueName":"search_term_string"}}],"inLanguage":"fr-FR"},{"@type":"Organization","@id":"https:\/\/newsestlyonnais.fr\/site\/#organization","name":"News EST LYONNAIS","url":"https:\/\/newsestlyonnais.fr\/site\/","logo":{"@type":"ImageObject","inLanguage":"fr-FR","@id":"https:\/\/newsestlyonnais.fr\/site\/#\/schema\/logo\/image\/","url":"","contentUrl":"","caption":"News EST LYONNAIS"},"image":{"@id":"https:\/\/newsestlyonnais.fr\/site\/#\/schema\/logo\/image\/"}},{"@type":"Person","@id":"https:\/\/newsestlyonnais.fr\/site\/#\/schema\/person\/3230d5615f390bb808365d673001e887","name":"R\u00e9dac. NEWS","sameAs":["http:\/\/www.newsestlyonnais.fr","https:\/\/www.facebook.com\/pascal.oberson.1?fref=ts","https:\/\/fr.linkedin.com\/in\/pascal-oberson-b17045113"],"url":"https:\/\/newsestlyonnais.fr\/site\/author\/nel\/"}]}},"_links":{"self":[{"href":"https:\/\/newsestlyonnais.fr\/site\/wp-json\/wp\/v2\/posts\/107848","targetHints":{"allow":["GET"]}}],"collection":[{"href":"https:\/\/newsestlyonnais.fr\/site\/wp-json\/wp\/v2\/posts"}],"about":[{"href":"https:\/\/newsestlyonnais.fr\/site\/wp-json\/wp\/v2\/types\/post"}],"author":[{"embeddable":true,"href":"https:\/\/newsestlyonnais.fr\/site\/wp-json\/wp\/v2\/users\/4"}],"replies":[{"embeddable":true,"href":"https:\/\/newsestlyonnais.fr\/site\/wp-json\/wp\/v2\/comments?post=107848"}],"version-history":[{"count":0,"href":"https:\/\/newsestlyonnais.fr\/site\/wp-json\/wp\/v2\/posts\/107848\/revisions"}],"wp:featuredmedia":[{"embeddable":true,"href":"https:\/\/newsestlyonnais.fr\/site\/wp-json\/wp\/v2\/media\/107850"}],"wp:attachment":[{"href":"https:\/\/newsestlyonnais.fr\/site\/wp-json\/wp\/v2\/media?parent=107848"}],"wp:term":[{"taxonomy":"category","embeddable":true,"href":"https:\/\/newsestlyonnais.fr\/site\/wp-json\/wp\/v2\/categories?post=107848"},{"taxonomy":"post_tag","embeddable":true,"href":"https:\/\/newsestlyonnais.fr\/site\/wp-json\/wp\/v2\/tags?post=107848"}],"curies":[{"name":"wp","href":"https:\/\/api.w.org\/{rel}","templated":true}]}}