{"id":107867,"date":"2020-07-29T07:31:34","date_gmt":"2020-07-29T06:31:34","guid":{"rendered":"http:\/\/newsestlyonnais.fr\/site\/?p=107867"},"modified":"2020-11-10T11:09:33","modified_gmt":"2020-11-10T10:09:33","slug":"decines-appel-a-candidature-pour-le-marche-de-noel","status":"publish","type":"post","link":"https:\/\/newsestlyonnais.fr\/site\/2020\/07\/29\/decines-appel-a-candidature-pour-le-marche-de-noel\/","title":{"rendered":"DECINES | Appel \u00e0 candidature pour le march\u00e9 de No\u00ebl"},"content":{"rendered":"<p>C\u2019est ainsi l\u2019occasion d\u2019installer un march\u00e9 de No\u00ebl sur l\u2019esplanade de la mairie <strong>les 4 et 5 d\u00e9cembre 2020<\/strong>.<\/p>\n<p>Vous \u00eates <strong>commer\u00e7ants ou artisans <\/strong>et souhaitez participer \u00e0 l\u2019\u00e9dition 2020 du march\u00e9 de No\u00ebl de D\u00e9cines-Charpieu ? Posez votre candidature d\u00e8s maintenant ! ______________________________________________________________________________<br \/>\n<strong><span style=\"text-decoration: underline\">Comment candidater<\/span> ?<\/strong><\/p>\n<p><strong>Vous devez compl\u00e9ter et nous retourner avant le 10 octobre 2020<\/strong>, le dossier de candidature (Fiche d&rsquo;inscription + r\u00e8glement int\u00e9rieur) accompagn\u00e9 des pi\u00e8ces justificatives demand\u00e9es (extrait Kbis ou copie de la carte commer\u00e7ant non s\u00e9dentaire, attestation d\u2019assurance, liste compl\u00e8te des produits + photos des produits) :<br \/>\n&#8211; par courrier : Service Cadre de vie, H\u00f4tel de ville &#8211; Place Roger Salengro \u00e0 D\u00e9cines.<br \/>\n&#8211; par messagerie \u00e0 :<a href=\"mailto:st@mairie-decines.fr\">st@mairie-decines.fr<\/a><\/p>\n<p>Pour toute information, vous pouvez contacter le service Cadre de vie au 04.72.93.30.40 ou envoyer un courriel \u00e0 l\u2019adresse pr\u00e9cit\u00e9e.<\/p>\n<p><strong>Le Comit\u00e9 charg\u00e9 de la s\u00e9lection des candidatures fera conna\u00eetre sa d\u00e9cision par courrier ou courriel \u00e0 chaque candidat.\u00a0 <\/strong><\/p>\n<p>_______________________________________________________________________________<\/p>\n<ul>\n<li>R\u00e8glement int\u00e9rieur sur : <a href=\"\/Users\/Pascal\/AppData\/Local\/Temp\/Reglement-interieur-marche-de-noel-2020-1.pdf\">file:\/\/\/C:\/Users\/Pascal\/AppData\/Local\/Temp\/Reglement-interieur-marche-de-noel-2020-1.pdf<\/a><\/li>\n<\/ul>\n","protected":false},"excerpt":{"rendered":"<p>Soucieuse d\u2019animer \u00e0 travers des \u00e9v\u00e8nements festifs et conviviaux, la ville organise depuis 2014 \u00ab\u00a0D\u00e9cillumine\u00a0\u00bb autour des f\u00eates de fin d\u2019ann\u00e9e.<\/p>\n","protected":false},"author":4,"featured_media":85476,"comment_status":"open","ping_status":"open","sticky":false,"template":"","format":"standard","meta":{"footnotes":""},"categories":[2217,21,1380],"tags":[2116],"class_list":["post-107867","post","type-post","status-publish","format-standard","has-post-thumbnail","hentry","category-breves-de-lest-lyonnais","category-decines-charpieu","category-marches","tag-decines"],"yoast_head":"<!-- This site is optimized with the Yoast SEO plugin v27.2 - https:\/\/yoast.com\/product\/yoast-seo-wordpress\/ -->\n<title>DECINES | Appel \u00e0 candidature pour le march\u00e9 de No\u00ebl - News Est Lyonnais<\/title>\n<meta name=\"description\" content=\"DECINES | Appel \u00e0 candidature pour le march\u00e9 de No\u00ebl\" \/>\n<meta name=\"robots\" content=\"index, follow, max-snippet:-1, max-image-preview:large, max-video-preview:-1\" \/>\n<link rel=\"canonical\" href=\"https:\/\/newsestlyonnais.fr\/site\/2020\/07\/29\/decines-appel-a-candidature-pour-le-marche-de-noel\/\" \/>\n<meta property=\"og:locale\" content=\"fr_FR\" \/>\n<meta property=\"og:type\" content=\"article\" \/>\n<meta property=\"og:title\" content=\"DECINES | Appel \u00e0 candidature pour le march\u00e9 de No\u00ebl - News Est Lyonnais\" \/>\n<meta property=\"og:description\" content=\"DECINES | Appel \u00e0 candidature pour le march\u00e9 de No\u00ebl\" \/>\n<meta property=\"og:url\" content=\"https:\/\/newsestlyonnais.fr\/site\/2020\/07\/29\/decines-appel-a-candidature-pour-le-marche-de-noel\/\" \/>\n<meta property=\"og:site_name\" content=\"News Est Lyonnais\" \/>\n<meta property=\"article:author\" content=\"https:\/\/www.facebook.com\/pascal.oberson.1?fref=ts\" \/>\n<meta property=\"article:published_time\" content=\"2020-07-29T06:31:34+00:00\" \/>\n<meta property=\"article:modified_time\" content=\"2020-11-10T10:09:33+00:00\" \/>\n<meta property=\"og:image\" content=\"https:\/\/i2.wp.com\/newsestlyonnais.fr\/site\/wp-content\/uploads\/2019\/10\/NEWSESTLYONNAIS-MAIRIE-DECINES.jpg?fit=1200%2C800&ssl=1\" \/>\n\t<meta property=\"og:image:width\" content=\"1200\" \/>\n\t<meta property=\"og:image:height\" content=\"800\" \/>\n\t<meta property=\"og:image:type\" content=\"image\/jpeg\" \/>\n<meta name=\"author\" content=\"R\u00e9dac. NEWS\" \/>\n<meta name=\"twitter:card\" content=\"summary_large_image\" \/>\n<meta name=\"twitter:label1\" content=\"\u00c9crit par\" \/>\n\t<meta name=\"twitter:data1\" content=\"R\u00e9dac. NEWS\" \/>\n\t<meta name=\"twitter:label2\" content=\"Dur\u00e9e de lecture estim\u00e9e\" \/>\n\t<meta name=\"twitter:data2\" content=\"1 minute\" \/>\n<script type=\"application\/ld+json\" class=\"yoast-schema-graph\">{\"@context\":\"https:\/\/schema.org\",\"@graph\":[{\"@type\":\"Article\",\"@id\":\"https:\/\/newsestlyonnais.fr\/site\/2020\/07\/29\/decines-appel-a-candidature-pour-le-marche-de-noel\/#article\",\"isPartOf\":{\"@id\":\"https:\/\/newsestlyonnais.fr\/site\/2020\/07\/29\/decines-appel-a-candidature-pour-le-marche-de-noel\/\"},\"author\":{\"name\":\"R\u00e9dac. NEWS\",\"@id\":\"https:\/\/newsestlyonnais.fr\/site\/#\/schema\/person\/3230d5615f390bb808365d673001e887\"},\"headline\":\"DECINES | Appel \u00e0 candidature pour le march\u00e9 de No\u00ebl\",\"datePublished\":\"2020-07-29T06:31:34+00:00\",\"dateModified\":\"2020-11-10T10:09:33+00:00\",\"mainEntityOfPage\":{\"@id\":\"https:\/\/newsestlyonnais.fr\/site\/2020\/07\/29\/decines-appel-a-candidature-pour-le-marche-de-noel\/\"},\"wordCount\":189,\"commentCount\":0,\"publisher\":{\"@id\":\"https:\/\/newsestlyonnais.fr\/site\/#organization\"},\"image\":{\"@id\":\"https:\/\/newsestlyonnais.fr\/site\/2020\/07\/29\/decines-appel-a-candidature-pour-le-marche-de-noel\/#primaryimage\"},\"thumbnailUrl\":\"https:\/\/newsestlyonnais.fr\/site\/wp-content\/uploads\/2019\/10\/NEWSESTLYONNAIS-MAIRIE-DECINES.jpg\",\"keywords\":[\"DECINES\"],\"articleSection\":[\"Br\u00e8ves de l'Est lyonnais\",\"D\u00e9cines-Charpieu\",\"March\u00e9s\"],\"inLanguage\":\"fr-FR\",\"potentialAction\":[{\"@type\":\"CommentAction\",\"name\":\"Comment\",\"target\":[\"https:\/\/newsestlyonnais.fr\/site\/2020\/07\/29\/decines-appel-a-candidature-pour-le-marche-de-noel\/#respond\"]}]},{\"@type\":\"WebPage\",\"@id\":\"https:\/\/newsestlyonnais.fr\/site\/2020\/07\/29\/decines-appel-a-candidature-pour-le-marche-de-noel\/\",\"url\":\"https:\/\/newsestlyonnais.fr\/site\/2020\/07\/29\/decines-appel-a-candidature-pour-le-marche-de-noel\/\",\"name\":\"DECINES | Appel \u00e0 candidature pour le march\u00e9 de No\u00ebl - News Est Lyonnais\",\"isPartOf\":{\"@id\":\"https:\/\/newsestlyonnais.fr\/site\/#website\"},\"primaryImageOfPage\":{\"@id\":\"https:\/\/newsestlyonnais.fr\/site\/2020\/07\/29\/decines-appel-a-candidature-pour-le-marche-de-noel\/#primaryimage\"},\"image\":{\"@id\":\"https:\/\/newsestlyonnais.fr\/site\/2020\/07\/29\/decines-appel-a-candidature-pour-le-marche-de-noel\/#primaryimage\"},\"thumbnailUrl\":\"https:\/\/newsestlyonnais.fr\/site\/wp-content\/uploads\/2019\/10\/NEWSESTLYONNAIS-MAIRIE-DECINES.jpg\",\"datePublished\":\"2020-07-29T06:31:34+00:00\",\"dateModified\":\"2020-11-10T10:09:33+00:00\",\"description\":\"DECINES | Appel \u00e0 candidature pour le march\u00e9 de No\u00ebl\",\"breadcrumb\":{\"@id\":\"https:\/\/newsestlyonnais.fr\/site\/2020\/07\/29\/decines-appel-a-candidature-pour-le-marche-de-noel\/#breadcrumb\"},\"inLanguage\":\"fr-FR\",\"potentialAction\":[{\"@type\":\"ReadAction\",\"target\":[\"https:\/\/newsestlyonnais.fr\/site\/2020\/07\/29\/decines-appel-a-candidature-pour-le-marche-de-noel\/\"]}]},{\"@type\":\"ImageObject\",\"inLanguage\":\"fr-FR\",\"@id\":\"https:\/\/newsestlyonnais.fr\/site\/2020\/07\/29\/decines-appel-a-candidature-pour-le-marche-de-noel\/#primaryimage\",\"url\":\"https:\/\/newsestlyonnais.fr\/site\/wp-content\/uploads\/2019\/10\/NEWSESTLYONNAIS-MAIRIE-DECINES.jpg\",\"contentUrl\":\"https:\/\/newsestlyonnais.fr\/site\/wp-content\/uploads\/2019\/10\/NEWSESTLYONNAIS-MAIRIE-DECINES.jpg\",\"width\":1200,\"height\":800},{\"@type\":\"BreadcrumbList\",\"@id\":\"https:\/\/newsestlyonnais.fr\/site\/2020\/07\/29\/decines-appel-a-candidature-pour-le-marche-de-noel\/#breadcrumb\",\"itemListElement\":[{\"@type\":\"ListItem\",\"position\":1,\"name\":\"Accueil\",\"item\":\"https:\/\/newsestlyonnais.fr\/site\/\"},{\"@type\":\"ListItem\",\"position\":2,\"name\":\"DECINES | Appel \u00e0 candidature pour le march\u00e9 de No\u00ebl\"}]},{\"@type\":\"WebSite\",\"@id\":\"https:\/\/newsestlyonnais.fr\/site\/#website\",\"url\":\"https:\/\/newsestlyonnais.fr\/site\/\",\"name\":\"News Est Lyonnais\",\"description\":\"L&#039;actualit\u00e9 au plus pr\u00e8s\",\"publisher\":{\"@id\":\"https:\/\/newsestlyonnais.fr\/site\/#organization\"},\"potentialAction\":[{\"@type\":\"SearchAction\",\"target\":{\"@type\":\"EntryPoint\",\"urlTemplate\":\"https:\/\/newsestlyonnais.fr\/site\/?s={search_term_string}\"},\"query-input\":{\"@type\":\"PropertyValueSpecification\",\"valueRequired\":true,\"valueName\":\"search_term_string\"}}],\"inLanguage\":\"fr-FR\"},{\"@type\":\"Organization\",\"@id\":\"https:\/\/newsestlyonnais.fr\/site\/#organization\",\"name\":\"News EST LYONNAIS\",\"url\":\"https:\/\/newsestlyonnais.fr\/site\/\",\"logo\":{\"@type\":\"ImageObject\",\"inLanguage\":\"fr-FR\",\"@id\":\"https:\/\/newsestlyonnais.fr\/site\/#\/schema\/logo\/image\/\",\"url\":\"\",\"contentUrl\":\"\",\"caption\":\"News EST LYONNAIS\"},\"image\":{\"@id\":\"https:\/\/newsestlyonnais.fr\/site\/#\/schema\/logo\/image\/\"}},{\"@type\":\"Person\",\"@id\":\"https:\/\/newsestlyonnais.fr\/site\/#\/schema\/person\/3230d5615f390bb808365d673001e887\",\"name\":\"R\u00e9dac. NEWS\",\"sameAs\":[\"http:\/\/www.newsestlyonnais.fr\",\"https:\/\/www.facebook.com\/pascal.oberson.1?fref=ts\",\"https:\/\/fr.linkedin.com\/in\/pascal-oberson-b17045113\"],\"url\":\"https:\/\/newsestlyonnais.fr\/site\/author\/nel\/\"}]}<\/script>\n<!-- \/ Yoast SEO plugin. -->","yoast_head_json":{"title":"DECINES | Appel \u00e0 candidature pour le march\u00e9 de No\u00ebl - News Est Lyonnais","description":"DECINES | Appel \u00e0 candidature pour le march\u00e9 de No\u00ebl","robots":{"index":"index","follow":"follow","max-snippet":"max-snippet:-1","max-image-preview":"max-image-preview:large","max-video-preview":"max-video-preview:-1"},"canonical":"https:\/\/newsestlyonnais.fr\/site\/2020\/07\/29\/decines-appel-a-candidature-pour-le-marche-de-noel\/","og_locale":"fr_FR","og_type":"article","og_title":"DECINES | Appel \u00e0 candidature pour le march\u00e9 de No\u00ebl - News Est Lyonnais","og_description":"DECINES | Appel \u00e0 candidature pour le march\u00e9 de No\u00ebl","og_url":"https:\/\/newsestlyonnais.fr\/site\/2020\/07\/29\/decines-appel-a-candidature-pour-le-marche-de-noel\/","og_site_name":"News Est Lyonnais","article_author":"https:\/\/www.facebook.com\/pascal.oberson.1?fref=ts","article_published_time":"2020-07-29T06:31:34+00:00","article_modified_time":"2020-11-10T10:09:33+00:00","og_image":[{"width":1200,"height":800,"url":"https:\/\/i2.wp.com\/newsestlyonnais.fr\/site\/wp-content\/uploads\/2019\/10\/NEWSESTLYONNAIS-MAIRIE-DECINES.jpg?fit=1200%2C800&ssl=1","type":"image\/jpeg"}],"author":"R\u00e9dac. NEWS","twitter_card":"summary_large_image","twitter_misc":{"\u00c9crit par":"R\u00e9dac. NEWS","Dur\u00e9e de lecture estim\u00e9e":"1 minute"},"schema":{"@context":"https:\/\/schema.org","@graph":[{"@type":"Article","@id":"https:\/\/newsestlyonnais.fr\/site\/2020\/07\/29\/decines-appel-a-candidature-pour-le-marche-de-noel\/#article","isPartOf":{"@id":"https:\/\/newsestlyonnais.fr\/site\/2020\/07\/29\/decines-appel-a-candidature-pour-le-marche-de-noel\/"},"author":{"name":"R\u00e9dac. NEWS","@id":"https:\/\/newsestlyonnais.fr\/site\/#\/schema\/person\/3230d5615f390bb808365d673001e887"},"headline":"DECINES | Appel \u00e0 candidature pour le march\u00e9 de No\u00ebl","datePublished":"2020-07-29T06:31:34+00:00","dateModified":"2020-11-10T10:09:33+00:00","mainEntityOfPage":{"@id":"https:\/\/newsestlyonnais.fr\/site\/2020\/07\/29\/decines-appel-a-candidature-pour-le-marche-de-noel\/"},"wordCount":189,"commentCount":0,"publisher":{"@id":"https:\/\/newsestlyonnais.fr\/site\/#organization"},"image":{"@id":"https:\/\/newsestlyonnais.fr\/site\/2020\/07\/29\/decines-appel-a-candidature-pour-le-marche-de-noel\/#primaryimage"},"thumbnailUrl":"https:\/\/newsestlyonnais.fr\/site\/wp-content\/uploads\/2019\/10\/NEWSESTLYONNAIS-MAIRIE-DECINES.jpg","keywords":["DECINES"],"articleSection":["Br\u00e8ves de l'Est lyonnais","D\u00e9cines-Charpieu","March\u00e9s"],"inLanguage":"fr-FR","potentialAction":[{"@type":"CommentAction","name":"Comment","target":["https:\/\/newsestlyonnais.fr\/site\/2020\/07\/29\/decines-appel-a-candidature-pour-le-marche-de-noel\/#respond"]}]},{"@type":"WebPage","@id":"https:\/\/newsestlyonnais.fr\/site\/2020\/07\/29\/decines-appel-a-candidature-pour-le-marche-de-noel\/","url":"https:\/\/newsestlyonnais.fr\/site\/2020\/07\/29\/decines-appel-a-candidature-pour-le-marche-de-noel\/","name":"DECINES | Appel \u00e0 candidature pour le march\u00e9 de No\u00ebl - News Est Lyonnais","isPartOf":{"@id":"https:\/\/newsestlyonnais.fr\/site\/#website"},"primaryImageOfPage":{"@id":"https:\/\/newsestlyonnais.fr\/site\/2020\/07\/29\/decines-appel-a-candidature-pour-le-marche-de-noel\/#primaryimage"},"image":{"@id":"https:\/\/newsestlyonnais.fr\/site\/2020\/07\/29\/decines-appel-a-candidature-pour-le-marche-de-noel\/#primaryimage"},"thumbnailUrl":"https:\/\/newsestlyonnais.fr\/site\/wp-content\/uploads\/2019\/10\/NEWSESTLYONNAIS-MAIRIE-DECINES.jpg","datePublished":"2020-07-29T06:31:34+00:00","dateModified":"2020-11-10T10:09:33+00:00","description":"DECINES | Appel \u00e0 candidature pour le march\u00e9 de No\u00ebl","breadcrumb":{"@id":"https:\/\/newsestlyonnais.fr\/site\/2020\/07\/29\/decines-appel-a-candidature-pour-le-marche-de-noel\/#breadcrumb"},"inLanguage":"fr-FR","potentialAction":[{"@type":"ReadAction","target":["https:\/\/newsestlyonnais.fr\/site\/2020\/07\/29\/decines-appel-a-candidature-pour-le-marche-de-noel\/"]}]},{"@type":"ImageObject","inLanguage":"fr-FR","@id":"https:\/\/newsestlyonnais.fr\/site\/2020\/07\/29\/decines-appel-a-candidature-pour-le-marche-de-noel\/#primaryimage","url":"https:\/\/newsestlyonnais.fr\/site\/wp-content\/uploads\/2019\/10\/NEWSESTLYONNAIS-MAIRIE-DECINES.jpg","contentUrl":"https:\/\/newsestlyonnais.fr\/site\/wp-content\/uploads\/2019\/10\/NEWSESTLYONNAIS-MAIRIE-DECINES.jpg","width":1200,"height":800},{"@type":"BreadcrumbList","@id":"https:\/\/newsestlyonnais.fr\/site\/2020\/07\/29\/decines-appel-a-candidature-pour-le-marche-de-noel\/#breadcrumb","itemListElement":[{"@type":"ListItem","position":1,"name":"Accueil","item":"https:\/\/newsestlyonnais.fr\/site\/"},{"@type":"ListItem","position":2,"name":"DECINES | Appel \u00e0 candidature pour le march\u00e9 de No\u00ebl"}]},{"@type":"WebSite","@id":"https:\/\/newsestlyonnais.fr\/site\/#website","url":"https:\/\/newsestlyonnais.fr\/site\/","name":"News Est Lyonnais","description":"L&#039;actualit\u00e9 au plus pr\u00e8s","publisher":{"@id":"https:\/\/newsestlyonnais.fr\/site\/#organization"},"potentialAction":[{"@type":"SearchAction","target":{"@type":"EntryPoint","urlTemplate":"https:\/\/newsestlyonnais.fr\/site\/?s={search_term_string}"},"query-input":{"@type":"PropertyValueSpecification","valueRequired":true,"valueName":"search_term_string"}}],"inLanguage":"fr-FR"},{"@type":"Organization","@id":"https:\/\/newsestlyonnais.fr\/site\/#organization","name":"News EST LYONNAIS","url":"https:\/\/newsestlyonnais.fr\/site\/","logo":{"@type":"ImageObject","inLanguage":"fr-FR","@id":"https:\/\/newsestlyonnais.fr\/site\/#\/schema\/logo\/image\/","url":"","contentUrl":"","caption":"News EST LYONNAIS"},"image":{"@id":"https:\/\/newsestlyonnais.fr\/site\/#\/schema\/logo\/image\/"}},{"@type":"Person","@id":"https:\/\/newsestlyonnais.fr\/site\/#\/schema\/person\/3230d5615f390bb808365d673001e887","name":"R\u00e9dac. NEWS","sameAs":["http:\/\/www.newsestlyonnais.fr","https:\/\/www.facebook.com\/pascal.oberson.1?fref=ts","https:\/\/fr.linkedin.com\/in\/pascal-oberson-b17045113"],"url":"https:\/\/newsestlyonnais.fr\/site\/author\/nel\/"}]}},"_links":{"self":[{"href":"https:\/\/newsestlyonnais.fr\/site\/wp-json\/wp\/v2\/posts\/107867","targetHints":{"allow":["GET"]}}],"collection":[{"href":"https:\/\/newsestlyonnais.fr\/site\/wp-json\/wp\/v2\/posts"}],"about":[{"href":"https:\/\/newsestlyonnais.fr\/site\/wp-json\/wp\/v2\/types\/post"}],"author":[{"embeddable":true,"href":"https:\/\/newsestlyonnais.fr\/site\/wp-json\/wp\/v2\/users\/4"}],"replies":[{"embeddable":true,"href":"https:\/\/newsestlyonnais.fr\/site\/wp-json\/wp\/v2\/comments?post=107867"}],"version-history":[{"count":0,"href":"https:\/\/newsestlyonnais.fr\/site\/wp-json\/wp\/v2\/posts\/107867\/revisions"}],"wp:featuredmedia":[{"embeddable":true,"href":"https:\/\/newsestlyonnais.fr\/site\/wp-json\/wp\/v2\/media\/85476"}],"wp:attachment":[{"href":"https:\/\/newsestlyonnais.fr\/site\/wp-json\/wp\/v2\/media?parent=107867"}],"wp:term":[{"taxonomy":"category","embeddable":true,"href":"https:\/\/newsestlyonnais.fr\/site\/wp-json\/wp\/v2\/categories?post=107867"},{"taxonomy":"post_tag","embeddable":true,"href":"https:\/\/newsestlyonnais.fr\/site\/wp-json\/wp\/v2\/tags?post=107867"}],"curies":[{"name":"wp","href":"https:\/\/api.w.org\/{rel}","templated":true}]}}