{"id":107887,"date":"2020-07-29T18:47:24","date_gmt":"2020-07-29T17:47:24","guid":{"rendered":"http:\/\/newsestlyonnais.fr\/site\/?p=107887"},"modified":"2020-11-12T14:36:25","modified_gmt":"2020-11-12T13:36:25","slug":"decines-pres-de-40-jeunes-ce-mercredi-au-deci-raid","status":"publish","type":"post","link":"https:\/\/newsestlyonnais.fr\/site\/2020\/07\/29\/decines-pres-de-40-jeunes-ce-mercredi-au-deci-raid\/","title":{"rendered":"DECINES | Pr\u00e8s de 40 jeunes ce mercredi au D\u00e9ci Raid"},"content":{"rendered":"<div>\n<p><strong>6 \u00e9quipes<\/strong> \u00e9taient pr\u00e9sentes (3 du <strong>centre L\u00e9o Lagrang<\/strong>e, 2 du <strong>centre social Montaberlet<\/strong> et 1 de l\u2019<strong>espace Berthaudi\u00e8re<\/strong>). Soit <strong>pr\u00e8s de 40 jeunes<\/strong>, qui avec leurs animateurs r\u00e9f\u00e9rents, se sont confront\u00e9s toute la journ\u00e9e au rythme des \u00e9preuves concoct\u00e9es par Julien Manzoni (responsable jeunesse du Centre L\u00e9o Lagrange).<\/p>\n<p>Un raid qui s&rsquo;est d\u00e9roul\u00e9 sur les communes de D\u00e9cines, Vaulx-en-Velin et au sein du Grand Parc de Miribel-Jonage avec diverses \u00e9preuves : <strong>kayak, tir \u00e0 l\u2019arc, trial VTT, orientation en VTT et escalade<\/strong>. A noter que Jos\u00e9 Mercader (7\u00b0 adjoint au maire et d\u00e9l\u00e9gu\u00e9 \u00e0 la Vie associative et citoyenne) \u00e9tait pr\u00e9sent au d\u00e9part, du stade Djorkaeff jusqu&rsquo;\u00e0 la remise des prix.<\/p>\n<p><strong>R\u00e9sultats<\/strong> : 1\u00b0 Montaberlet, 2\u00b0 L\u00e9o Lagrange, 3\u00b0 Montaberlet, 4\u00b0 Berthaudi\u00e8re, 5\u00b0 &amp; 6\u00b0 L\u00e9o Lagrange. _____________________________________________________________________________<\/p>\n<p><strong>NOTA<\/strong> : <em>Portes Ouvertes du Centre L\u00e9o Lagrange le samedi 5 septembre de 14 h \u00e0 18 h.<\/em><\/p>\n<ul>\n<li><strong><em>Toute l\u2019ACTU du Centre est sur : <a href=\"http:\/\/leolagrange-decines.org\">http:\/\/leolagrange-decines.org<\/a><br \/>\n<\/em><\/strong><\/li>\n<\/ul>\n<\/div>\n<div>_____________________________________________________________________________<\/div>\n<div><\/div>\n<div>\n<div id='gallery-1' class='gallery galleryid-107887 gallery-columns-4 gallery-size-full'><figure class='gallery-item'>\n\t\t\t<div class='gallery-icon landscape'>\n\t\t\t\t<a href='https:\/\/newsestlyonnais.fr\/site\/2020\/07\/29\/decines-pres-de-40-jeunes-ce-mercredi-au-deci-raid\/20200729_164858\/'><img loading=\"lazy\" decoding=\"async\" width=\"1200\" height=\"583\" src=\"https:\/\/newsestlyonnais.fr\/site\/wp-content\/uploads\/2020\/07\/20200729_164858.jpg\" class=\"attachment-full size-full\" alt=\"\" srcset=\"https:\/\/newsestlyonnais.fr\/site\/wp-content\/uploads\/2020\/07\/20200729_164858.jpg 1200w, https:\/\/newsestlyonnais.fr\/site\/wp-content\/uploads\/2020\/07\/20200729_164858-400x194.jpg 400w, https:\/\/newsestlyonnais.fr\/site\/wp-content\/uploads\/2020\/07\/20200729_164858-650x316.jpg 650w, https:\/\/newsestlyonnais.fr\/site\/wp-content\/uploads\/2020\/07\/20200729_164858-250x121.jpg 250w, https:\/\/newsestlyonnais.fr\/site\/wp-content\/uploads\/2020\/07\/20200729_164858-768x373.jpg 768w, https:\/\/newsestlyonnais.fr\/site\/wp-content\/uploads\/2020\/07\/20200729_164858-150x73.jpg 150w, https:\/\/newsestlyonnais.fr\/site\/wp-content\/uploads\/2020\/07\/20200729_164858-50x24.jpg 50w, https:\/\/newsestlyonnais.fr\/site\/wp-content\/uploads\/2020\/07\/20200729_164858-100x49.jpg 100w, https:\/\/newsestlyonnais.fr\/site\/wp-content\/uploads\/2020\/07\/20200729_164858-200x97.jpg 200w, https:\/\/newsestlyonnais.fr\/site\/wp-content\/uploads\/2020\/07\/20200729_164858-300x146.jpg 300w, https:\/\/newsestlyonnais.fr\/site\/wp-content\/uploads\/2020\/07\/20200729_164858-350x170.jpg 350w, https:\/\/newsestlyonnais.fr\/site\/wp-content\/uploads\/2020\/07\/20200729_164858-450x219.jpg 450w, https:\/\/newsestlyonnais.fr\/site\/wp-content\/uploads\/2020\/07\/20200729_164858-500x243.jpg 500w, https:\/\/newsestlyonnais.fr\/site\/wp-content\/uploads\/2020\/07\/20200729_164858-550x267.jpg 550w, https:\/\/newsestlyonnais.fr\/site\/wp-content\/uploads\/2020\/07\/20200729_164858-800x389.jpg 800w\" sizes=\"auto, (max-width: 1200px) 100vw, 1200px\" \/><\/a>\n\t\t\t<\/div><\/figure><figure class='gallery-item'>\n\t\t\t<div class='gallery-icon landscape'>\n\t\t\t\t<a href='https:\/\/newsestlyonnais.fr\/site\/2020\/07\/29\/decines-pres-de-40-jeunes-ce-mercredi-au-deci-raid\/20200729_164644\/'><img loading=\"lazy\" decoding=\"async\" width=\"1200\" height=\"583\" src=\"https:\/\/newsestlyonnais.fr\/site\/wp-content\/uploads\/2020\/07\/20200729_164644.jpg\" class=\"attachment-full size-full\" alt=\"\" srcset=\"https:\/\/newsestlyonnais.fr\/site\/wp-content\/uploads\/2020\/07\/20200729_164644.jpg 1200w, https:\/\/newsestlyonnais.fr\/site\/wp-content\/uploads\/2020\/07\/20200729_164644-400x194.jpg 400w, https:\/\/newsestlyonnais.fr\/site\/wp-content\/uploads\/2020\/07\/20200729_164644-650x316.jpg 650w, https:\/\/newsestlyonnais.fr\/site\/wp-content\/uploads\/2020\/07\/20200729_164644-250x121.jpg 250w, https:\/\/newsestlyonnais.fr\/site\/wp-content\/uploads\/2020\/07\/20200729_164644-768x373.jpg 768w, https:\/\/newsestlyonnais.fr\/site\/wp-content\/uploads\/2020\/07\/20200729_164644-150x73.jpg 150w, https:\/\/newsestlyonnais.fr\/site\/wp-content\/uploads\/2020\/07\/20200729_164644-50x24.jpg 50w, https:\/\/newsestlyonnais.fr\/site\/wp-content\/uploads\/2020\/07\/20200729_164644-100x49.jpg 100w, https:\/\/newsestlyonnais.fr\/site\/wp-content\/uploads\/2020\/07\/20200729_164644-200x97.jpg 200w, https:\/\/newsestlyonnais.fr\/site\/wp-content\/uploads\/2020\/07\/20200729_164644-300x146.jpg 300w, https:\/\/newsestlyonnais.fr\/site\/wp-content\/uploads\/2020\/07\/20200729_164644-350x170.jpg 350w, https:\/\/newsestlyonnais.fr\/site\/wp-content\/uploads\/2020\/07\/20200729_164644-450x219.jpg 450w, https:\/\/newsestlyonnais.fr\/site\/wp-content\/uploads\/2020\/07\/20200729_164644-500x243.jpg 500w, https:\/\/newsestlyonnais.fr\/site\/wp-content\/uploads\/2020\/07\/20200729_164644-550x267.jpg 550w, https:\/\/newsestlyonnais.fr\/site\/wp-content\/uploads\/2020\/07\/20200729_164644-800x389.jpg 800w\" sizes=\"auto, (max-width: 1200px) 100vw, 1200px\" \/><\/a>\n\t\t\t<\/div><\/figure><figure class='gallery-item'>\n\t\t\t<div class='gallery-icon landscape'>\n\t\t\t\t<a href='https:\/\/newsestlyonnais.fr\/site\/2020\/07\/29\/decines-pres-de-40-jeunes-ce-mercredi-au-deci-raid\/20200729_165351\/'><img loading=\"lazy\" decoding=\"async\" width=\"1200\" height=\"583\" src=\"https:\/\/newsestlyonnais.fr\/site\/wp-content\/uploads\/2020\/07\/20200729_165351.jpg\" class=\"attachment-full size-full\" alt=\"\" srcset=\"https:\/\/newsestlyonnais.fr\/site\/wp-content\/uploads\/2020\/07\/20200729_165351.jpg 1200w, https:\/\/newsestlyonnais.fr\/site\/wp-content\/uploads\/2020\/07\/20200729_165351-400x194.jpg 400w, https:\/\/newsestlyonnais.fr\/site\/wp-content\/uploads\/2020\/07\/20200729_165351-650x316.jpg 650w, https:\/\/newsestlyonnais.fr\/site\/wp-content\/uploads\/2020\/07\/20200729_165351-250x121.jpg 250w, https:\/\/newsestlyonnais.fr\/site\/wp-content\/uploads\/2020\/07\/20200729_165351-768x373.jpg 768w, https:\/\/newsestlyonnais.fr\/site\/wp-content\/uploads\/2020\/07\/20200729_165351-150x73.jpg 150w, https:\/\/newsestlyonnais.fr\/site\/wp-content\/uploads\/2020\/07\/20200729_165351-50x24.jpg 50w, https:\/\/newsestlyonnais.fr\/site\/wp-content\/uploads\/2020\/07\/20200729_165351-100x49.jpg 100w, https:\/\/newsestlyonnais.fr\/site\/wp-content\/uploads\/2020\/07\/20200729_165351-200x97.jpg 200w, https:\/\/newsestlyonnais.fr\/site\/wp-content\/uploads\/2020\/07\/20200729_165351-300x146.jpg 300w, https:\/\/newsestlyonnais.fr\/site\/wp-content\/uploads\/2020\/07\/20200729_165351-350x170.jpg 350w, https:\/\/newsestlyonnais.fr\/site\/wp-content\/uploads\/2020\/07\/20200729_165351-450x219.jpg 450w, https:\/\/newsestlyonnais.fr\/site\/wp-content\/uploads\/2020\/07\/20200729_165351-500x243.jpg 500w, https:\/\/newsestlyonnais.fr\/site\/wp-content\/uploads\/2020\/07\/20200729_165351-550x267.jpg 550w, https:\/\/newsestlyonnais.fr\/site\/wp-content\/uploads\/2020\/07\/20200729_165351-800x389.jpg 800w\" sizes=\"auto, (max-width: 1200px) 100vw, 1200px\" \/><\/a>\n\t\t\t<\/div><\/figure><figure class='gallery-item'>\n\t\t\t<div class='gallery-icon portrait'>\n\t\t\t\t<a href='https:\/\/newsestlyonnais.fr\/site\/2020\/07\/29\/decines-pres-de-40-jeunes-ce-mercredi-au-deci-raid\/flyers-jpeg-724x1024\/'><img loading=\"lazy\" decoding=\"async\" width=\"724\" height=\"1024\" src=\"https:\/\/newsestlyonnais.fr\/site\/wp-content\/uploads\/2020\/07\/FLYERS-JPEG-724x1024-1.jpg\" class=\"attachment-full size-full\" alt=\"\" aria-describedby=\"gallery-1-107888\" srcset=\"https:\/\/newsestlyonnais.fr\/site\/wp-content\/uploads\/2020\/07\/FLYERS-JPEG-724x1024-1.jpg 724w, https:\/\/newsestlyonnais.fr\/site\/wp-content\/uploads\/2020\/07\/FLYERS-JPEG-724x1024-1-400x566.jpg 400w, https:\/\/newsestlyonnais.fr\/site\/wp-content\/uploads\/2020\/07\/FLYERS-JPEG-724x1024-1-650x919.jpg 650w, https:\/\/newsestlyonnais.fr\/site\/wp-content\/uploads\/2020\/07\/FLYERS-JPEG-724x1024-1-250x354.jpg 250w, https:\/\/newsestlyonnais.fr\/site\/wp-content\/uploads\/2020\/07\/FLYERS-JPEG-724x1024-1-150x212.jpg 150w, https:\/\/newsestlyonnais.fr\/site\/wp-content\/uploads\/2020\/07\/FLYERS-JPEG-724x1024-1-50x71.jpg 50w, https:\/\/newsestlyonnais.fr\/site\/wp-content\/uploads\/2020\/07\/FLYERS-JPEG-724x1024-1-100x141.jpg 100w, https:\/\/newsestlyonnais.fr\/site\/wp-content\/uploads\/2020\/07\/FLYERS-JPEG-724x1024-1-200x283.jpg 200w, https:\/\/newsestlyonnais.fr\/site\/wp-content\/uploads\/2020\/07\/FLYERS-JPEG-724x1024-1-300x424.jpg 300w, https:\/\/newsestlyonnais.fr\/site\/wp-content\/uploads\/2020\/07\/FLYERS-JPEG-724x1024-1-350x495.jpg 350w, https:\/\/newsestlyonnais.fr\/site\/wp-content\/uploads\/2020\/07\/FLYERS-JPEG-724x1024-1-450x636.jpg 450w, https:\/\/newsestlyonnais.fr\/site\/wp-content\/uploads\/2020\/07\/FLYERS-JPEG-724x1024-1-500x707.jpg 500w, https:\/\/newsestlyonnais.fr\/site\/wp-content\/uploads\/2020\/07\/FLYERS-JPEG-724x1024-1-550x778.jpg 550w\" sizes=\"auto, (max-width: 724px) 100vw, 724px\" \/><\/a>\n\t\t\t<\/div>\n\t\t\t\t<figcaption class='wp-caption-text gallery-caption' id='gallery-1-107888'>\n\t\t\t\t  Portes Ouvertes\n\t\t\t\t<\/figcaption><\/figure>\n\t\t<\/div>\n\n<\/div>\n<div dir=\"ltr\">\n<div>\n<div><\/div>\n<\/div>\n<\/div>\n","protected":false},"excerpt":{"rendered":"<p>Une \u00e9preuve organis\u00e9e par le Centre L\u00e9o Lagrange avec les participations des centres sociaux Montaberlet et Berthaudi\u00e8re.<\/p>\n","protected":false},"author":4,"featured_media":107892,"comment_status":"open","ping_status":"open","sticky":false,"template":"","format":"standard","meta":{"footnotes":""},"categories":[574,21,166,171],"tags":[],"class_list":["post-107887","post","type-post","status-publish","format-standard","has-post-thumbnail","hentry","category-autres-sports","category-decines-charpieu","category-divers-sports","category-enfance-jeunesse"],"yoast_head":"<!-- This site is optimized with the Yoast SEO plugin v27.2 - https:\/\/yoast.com\/product\/yoast-seo-wordpress\/ -->\n<title>DECINES | Pr\u00e8s de 40 jeunes ce mercredi au D\u00e9ci Raid - News Est Lyonnais<\/title>\n<meta name=\"description\" content=\"DECINES | Pr\u00e8s de 40 jeunes ce mercredi au D\u00e9ci Raid\" \/>\n<meta name=\"robots\" content=\"index, follow, max-snippet:-1, max-image-preview:large, max-video-preview:-1\" \/>\n<link rel=\"canonical\" href=\"https:\/\/newsestlyonnais.fr\/site\/2020\/07\/29\/decines-pres-de-40-jeunes-ce-mercredi-au-deci-raid\/\" \/>\n<meta property=\"og:locale\" content=\"fr_FR\" \/>\n<meta property=\"og:type\" content=\"article\" \/>\n<meta property=\"og:title\" content=\"DECINES | Pr\u00e8s de 40 jeunes ce mercredi au D\u00e9ci Raid - News Est Lyonnais\" \/>\n<meta property=\"og:description\" content=\"DECINES | Pr\u00e8s de 40 jeunes ce mercredi au D\u00e9ci Raid\" \/>\n<meta property=\"og:url\" content=\"https:\/\/newsestlyonnais.fr\/site\/2020\/07\/29\/decines-pres-de-40-jeunes-ce-mercredi-au-deci-raid\/\" \/>\n<meta property=\"og:site_name\" content=\"News Est Lyonnais\" \/>\n<meta property=\"article:author\" content=\"https:\/\/www.facebook.com\/pascal.oberson.1?fref=ts\" \/>\n<meta property=\"article:published_time\" content=\"2020-07-29T17:47:24+00:00\" \/>\n<meta property=\"article:modified_time\" content=\"2020-11-12T13:36:25+00:00\" \/>\n<meta property=\"og:image\" content=\"https:\/\/i2.wp.com\/newsestlyonnais.fr\/site\/wp-content\/uploads\/2020\/07\/20200729_164607.jpg?fit=1200%2C583&ssl=1\" \/>\n\t<meta property=\"og:image:width\" content=\"1200\" \/>\n\t<meta property=\"og:image:height\" content=\"583\" \/>\n\t<meta property=\"og:image:type\" content=\"image\/jpeg\" \/>\n<meta name=\"author\" content=\"R\u00e9dac. NEWS\" \/>\n<meta name=\"twitter:card\" content=\"summary_large_image\" \/>\n<meta name=\"twitter:label1\" content=\"\u00c9crit par\" \/>\n\t<meta name=\"twitter:data1\" content=\"R\u00e9dac. NEWS\" \/>\n\t<meta name=\"twitter:label2\" content=\"Dur\u00e9e de lecture estim\u00e9e\" \/>\n\t<meta name=\"twitter:data2\" content=\"1 minute\" \/>\n<script type=\"application\/ld+json\" class=\"yoast-schema-graph\">{\"@context\":\"https:\/\/schema.org\",\"@graph\":[{\"@type\":\"Article\",\"@id\":\"https:\/\/newsestlyonnais.fr\/site\/2020\/07\/29\/decines-pres-de-40-jeunes-ce-mercredi-au-deci-raid\/#article\",\"isPartOf\":{\"@id\":\"https:\/\/newsestlyonnais.fr\/site\/2020\/07\/29\/decines-pres-de-40-jeunes-ce-mercredi-au-deci-raid\/\"},\"author\":{\"name\":\"R\u00e9dac. NEWS\",\"@id\":\"https:\/\/newsestlyonnais.fr\/site\/#\/schema\/person\/3230d5615f390bb808365d673001e887\"},\"headline\":\"DECINES | Pr\u00e8s de 40 jeunes ce mercredi au D\u00e9ci Raid\",\"datePublished\":\"2020-07-29T17:47:24+00:00\",\"dateModified\":\"2020-11-12T13:36:25+00:00\",\"mainEntityOfPage\":{\"@id\":\"https:\/\/newsestlyonnais.fr\/site\/2020\/07\/29\/decines-pres-de-40-jeunes-ce-mercredi-au-deci-raid\/\"},\"wordCount\":177,\"commentCount\":0,\"publisher\":{\"@id\":\"https:\/\/newsestlyonnais.fr\/site\/#organization\"},\"image\":{\"@id\":\"https:\/\/newsestlyonnais.fr\/site\/2020\/07\/29\/decines-pres-de-40-jeunes-ce-mercredi-au-deci-raid\/#primaryimage\"},\"thumbnailUrl\":\"https:\/\/newsestlyonnais.fr\/site\/wp-content\/uploads\/2020\/07\/20200729_164607.jpg\",\"articleSection\":[\"Autres sports\",\"D\u00e9cines-Charpieu\",\"Divers Sports\",\"Enfance | Jeunesse\"],\"inLanguage\":\"fr-FR\",\"potentialAction\":[{\"@type\":\"CommentAction\",\"name\":\"Comment\",\"target\":[\"https:\/\/newsestlyonnais.fr\/site\/2020\/07\/29\/decines-pres-de-40-jeunes-ce-mercredi-au-deci-raid\/#respond\"]}]},{\"@type\":\"WebPage\",\"@id\":\"https:\/\/newsestlyonnais.fr\/site\/2020\/07\/29\/decines-pres-de-40-jeunes-ce-mercredi-au-deci-raid\/\",\"url\":\"https:\/\/newsestlyonnais.fr\/site\/2020\/07\/29\/decines-pres-de-40-jeunes-ce-mercredi-au-deci-raid\/\",\"name\":\"DECINES | Pr\u00e8s de 40 jeunes ce mercredi au D\u00e9ci Raid - News Est Lyonnais\",\"isPartOf\":{\"@id\":\"https:\/\/newsestlyonnais.fr\/site\/#website\"},\"primaryImageOfPage\":{\"@id\":\"https:\/\/newsestlyonnais.fr\/site\/2020\/07\/29\/decines-pres-de-40-jeunes-ce-mercredi-au-deci-raid\/#primaryimage\"},\"image\":{\"@id\":\"https:\/\/newsestlyonnais.fr\/site\/2020\/07\/29\/decines-pres-de-40-jeunes-ce-mercredi-au-deci-raid\/#primaryimage\"},\"thumbnailUrl\":\"https:\/\/newsestlyonnais.fr\/site\/wp-content\/uploads\/2020\/07\/20200729_164607.jpg\",\"datePublished\":\"2020-07-29T17:47:24+00:00\",\"dateModified\":\"2020-11-12T13:36:25+00:00\",\"description\":\"DECINES | Pr\u00e8s de 40 jeunes ce mercredi au D\u00e9ci Raid\",\"breadcrumb\":{\"@id\":\"https:\/\/newsestlyonnais.fr\/site\/2020\/07\/29\/decines-pres-de-40-jeunes-ce-mercredi-au-deci-raid\/#breadcrumb\"},\"inLanguage\":\"fr-FR\",\"potentialAction\":[{\"@type\":\"ReadAction\",\"target\":[\"https:\/\/newsestlyonnais.fr\/site\/2020\/07\/29\/decines-pres-de-40-jeunes-ce-mercredi-au-deci-raid\/\"]}]},{\"@type\":\"ImageObject\",\"inLanguage\":\"fr-FR\",\"@id\":\"https:\/\/newsestlyonnais.fr\/site\/2020\/07\/29\/decines-pres-de-40-jeunes-ce-mercredi-au-deci-raid\/#primaryimage\",\"url\":\"https:\/\/newsestlyonnais.fr\/site\/wp-content\/uploads\/2020\/07\/20200729_164607.jpg\",\"contentUrl\":\"https:\/\/newsestlyonnais.fr\/site\/wp-content\/uploads\/2020\/07\/20200729_164607.jpg\",\"width\":1200,\"height\":583},{\"@type\":\"BreadcrumbList\",\"@id\":\"https:\/\/newsestlyonnais.fr\/site\/2020\/07\/29\/decines-pres-de-40-jeunes-ce-mercredi-au-deci-raid\/#breadcrumb\",\"itemListElement\":[{\"@type\":\"ListItem\",\"position\":1,\"name\":\"Accueil\",\"item\":\"https:\/\/newsestlyonnais.fr\/site\/\"},{\"@type\":\"ListItem\",\"position\":2,\"name\":\"DECINES | Pr\u00e8s de 40 jeunes ce mercredi au D\u00e9ci Raid\"}]},{\"@type\":\"WebSite\",\"@id\":\"https:\/\/newsestlyonnais.fr\/site\/#website\",\"url\":\"https:\/\/newsestlyonnais.fr\/site\/\",\"name\":\"News Est Lyonnais\",\"description\":\"L&#039;actualit\u00e9 au plus pr\u00e8s\",\"publisher\":{\"@id\":\"https:\/\/newsestlyonnais.fr\/site\/#organization\"},\"potentialAction\":[{\"@type\":\"SearchAction\",\"target\":{\"@type\":\"EntryPoint\",\"urlTemplate\":\"https:\/\/newsestlyonnais.fr\/site\/?s={search_term_string}\"},\"query-input\":{\"@type\":\"PropertyValueSpecification\",\"valueRequired\":true,\"valueName\":\"search_term_string\"}}],\"inLanguage\":\"fr-FR\"},{\"@type\":\"Organization\",\"@id\":\"https:\/\/newsestlyonnais.fr\/site\/#organization\",\"name\":\"News EST LYONNAIS\",\"url\":\"https:\/\/newsestlyonnais.fr\/site\/\",\"logo\":{\"@type\":\"ImageObject\",\"inLanguage\":\"fr-FR\",\"@id\":\"https:\/\/newsestlyonnais.fr\/site\/#\/schema\/logo\/image\/\",\"url\":\"\",\"contentUrl\":\"\",\"caption\":\"News EST LYONNAIS\"},\"image\":{\"@id\":\"https:\/\/newsestlyonnais.fr\/site\/#\/schema\/logo\/image\/\"}},{\"@type\":\"Person\",\"@id\":\"https:\/\/newsestlyonnais.fr\/site\/#\/schema\/person\/3230d5615f390bb808365d673001e887\",\"name\":\"R\u00e9dac. NEWS\",\"sameAs\":[\"http:\/\/www.newsestlyonnais.fr\",\"https:\/\/www.facebook.com\/pascal.oberson.1?fref=ts\",\"https:\/\/fr.linkedin.com\/in\/pascal-oberson-b17045113\"],\"url\":\"https:\/\/newsestlyonnais.fr\/site\/author\/nel\/\"}]}<\/script>\n<!-- \/ Yoast SEO plugin. -->","yoast_head_json":{"title":"DECINES | Pr\u00e8s de 40 jeunes ce mercredi au D\u00e9ci Raid - News Est Lyonnais","description":"DECINES | Pr\u00e8s de 40 jeunes ce mercredi au D\u00e9ci Raid","robots":{"index":"index","follow":"follow","max-snippet":"max-snippet:-1","max-image-preview":"max-image-preview:large","max-video-preview":"max-video-preview:-1"},"canonical":"https:\/\/newsestlyonnais.fr\/site\/2020\/07\/29\/decines-pres-de-40-jeunes-ce-mercredi-au-deci-raid\/","og_locale":"fr_FR","og_type":"article","og_title":"DECINES | Pr\u00e8s de 40 jeunes ce mercredi au D\u00e9ci Raid - News Est Lyonnais","og_description":"DECINES | Pr\u00e8s de 40 jeunes ce mercredi au D\u00e9ci Raid","og_url":"https:\/\/newsestlyonnais.fr\/site\/2020\/07\/29\/decines-pres-de-40-jeunes-ce-mercredi-au-deci-raid\/","og_site_name":"News Est Lyonnais","article_author":"https:\/\/www.facebook.com\/pascal.oberson.1?fref=ts","article_published_time":"2020-07-29T17:47:24+00:00","article_modified_time":"2020-11-12T13:36:25+00:00","og_image":[{"width":1200,"height":583,"url":"https:\/\/i2.wp.com\/newsestlyonnais.fr\/site\/wp-content\/uploads\/2020\/07\/20200729_164607.jpg?fit=1200%2C583&ssl=1","type":"image\/jpeg"}],"author":"R\u00e9dac. NEWS","twitter_card":"summary_large_image","twitter_misc":{"\u00c9crit par":"R\u00e9dac. NEWS","Dur\u00e9e de lecture estim\u00e9e":"1 minute"},"schema":{"@context":"https:\/\/schema.org","@graph":[{"@type":"Article","@id":"https:\/\/newsestlyonnais.fr\/site\/2020\/07\/29\/decines-pres-de-40-jeunes-ce-mercredi-au-deci-raid\/#article","isPartOf":{"@id":"https:\/\/newsestlyonnais.fr\/site\/2020\/07\/29\/decines-pres-de-40-jeunes-ce-mercredi-au-deci-raid\/"},"author":{"name":"R\u00e9dac. NEWS","@id":"https:\/\/newsestlyonnais.fr\/site\/#\/schema\/person\/3230d5615f390bb808365d673001e887"},"headline":"DECINES | Pr\u00e8s de 40 jeunes ce mercredi au D\u00e9ci Raid","datePublished":"2020-07-29T17:47:24+00:00","dateModified":"2020-11-12T13:36:25+00:00","mainEntityOfPage":{"@id":"https:\/\/newsestlyonnais.fr\/site\/2020\/07\/29\/decines-pres-de-40-jeunes-ce-mercredi-au-deci-raid\/"},"wordCount":177,"commentCount":0,"publisher":{"@id":"https:\/\/newsestlyonnais.fr\/site\/#organization"},"image":{"@id":"https:\/\/newsestlyonnais.fr\/site\/2020\/07\/29\/decines-pres-de-40-jeunes-ce-mercredi-au-deci-raid\/#primaryimage"},"thumbnailUrl":"https:\/\/newsestlyonnais.fr\/site\/wp-content\/uploads\/2020\/07\/20200729_164607.jpg","articleSection":["Autres sports","D\u00e9cines-Charpieu","Divers Sports","Enfance | Jeunesse"],"inLanguage":"fr-FR","potentialAction":[{"@type":"CommentAction","name":"Comment","target":["https:\/\/newsestlyonnais.fr\/site\/2020\/07\/29\/decines-pres-de-40-jeunes-ce-mercredi-au-deci-raid\/#respond"]}]},{"@type":"WebPage","@id":"https:\/\/newsestlyonnais.fr\/site\/2020\/07\/29\/decines-pres-de-40-jeunes-ce-mercredi-au-deci-raid\/","url":"https:\/\/newsestlyonnais.fr\/site\/2020\/07\/29\/decines-pres-de-40-jeunes-ce-mercredi-au-deci-raid\/","name":"DECINES | Pr\u00e8s de 40 jeunes ce mercredi au D\u00e9ci Raid - News Est Lyonnais","isPartOf":{"@id":"https:\/\/newsestlyonnais.fr\/site\/#website"},"primaryImageOfPage":{"@id":"https:\/\/newsestlyonnais.fr\/site\/2020\/07\/29\/decines-pres-de-40-jeunes-ce-mercredi-au-deci-raid\/#primaryimage"},"image":{"@id":"https:\/\/newsestlyonnais.fr\/site\/2020\/07\/29\/decines-pres-de-40-jeunes-ce-mercredi-au-deci-raid\/#primaryimage"},"thumbnailUrl":"https:\/\/newsestlyonnais.fr\/site\/wp-content\/uploads\/2020\/07\/20200729_164607.jpg","datePublished":"2020-07-29T17:47:24+00:00","dateModified":"2020-11-12T13:36:25+00:00","description":"DECINES | Pr\u00e8s de 40 jeunes ce mercredi au D\u00e9ci Raid","breadcrumb":{"@id":"https:\/\/newsestlyonnais.fr\/site\/2020\/07\/29\/decines-pres-de-40-jeunes-ce-mercredi-au-deci-raid\/#breadcrumb"},"inLanguage":"fr-FR","potentialAction":[{"@type":"ReadAction","target":["https:\/\/newsestlyonnais.fr\/site\/2020\/07\/29\/decines-pres-de-40-jeunes-ce-mercredi-au-deci-raid\/"]}]},{"@type":"ImageObject","inLanguage":"fr-FR","@id":"https:\/\/newsestlyonnais.fr\/site\/2020\/07\/29\/decines-pres-de-40-jeunes-ce-mercredi-au-deci-raid\/#primaryimage","url":"https:\/\/newsestlyonnais.fr\/site\/wp-content\/uploads\/2020\/07\/20200729_164607.jpg","contentUrl":"https:\/\/newsestlyonnais.fr\/site\/wp-content\/uploads\/2020\/07\/20200729_164607.jpg","width":1200,"height":583},{"@type":"BreadcrumbList","@id":"https:\/\/newsestlyonnais.fr\/site\/2020\/07\/29\/decines-pres-de-40-jeunes-ce-mercredi-au-deci-raid\/#breadcrumb","itemListElement":[{"@type":"ListItem","position":1,"name":"Accueil","item":"https:\/\/newsestlyonnais.fr\/site\/"},{"@type":"ListItem","position":2,"name":"DECINES | Pr\u00e8s de 40 jeunes ce mercredi au D\u00e9ci Raid"}]},{"@type":"WebSite","@id":"https:\/\/newsestlyonnais.fr\/site\/#website","url":"https:\/\/newsestlyonnais.fr\/site\/","name":"News Est Lyonnais","description":"L&#039;actualit\u00e9 au plus pr\u00e8s","publisher":{"@id":"https:\/\/newsestlyonnais.fr\/site\/#organization"},"potentialAction":[{"@type":"SearchAction","target":{"@type":"EntryPoint","urlTemplate":"https:\/\/newsestlyonnais.fr\/site\/?s={search_term_string}"},"query-input":{"@type":"PropertyValueSpecification","valueRequired":true,"valueName":"search_term_string"}}],"inLanguage":"fr-FR"},{"@type":"Organization","@id":"https:\/\/newsestlyonnais.fr\/site\/#organization","name":"News EST LYONNAIS","url":"https:\/\/newsestlyonnais.fr\/site\/","logo":{"@type":"ImageObject","inLanguage":"fr-FR","@id":"https:\/\/newsestlyonnais.fr\/site\/#\/schema\/logo\/image\/","url":"","contentUrl":"","caption":"News EST LYONNAIS"},"image":{"@id":"https:\/\/newsestlyonnais.fr\/site\/#\/schema\/logo\/image\/"}},{"@type":"Person","@id":"https:\/\/newsestlyonnais.fr\/site\/#\/schema\/person\/3230d5615f390bb808365d673001e887","name":"R\u00e9dac. NEWS","sameAs":["http:\/\/www.newsestlyonnais.fr","https:\/\/www.facebook.com\/pascal.oberson.1?fref=ts","https:\/\/fr.linkedin.com\/in\/pascal-oberson-b17045113"],"url":"https:\/\/newsestlyonnais.fr\/site\/author\/nel\/"}]}},"_links":{"self":[{"href":"https:\/\/newsestlyonnais.fr\/site\/wp-json\/wp\/v2\/posts\/107887","targetHints":{"allow":["GET"]}}],"collection":[{"href":"https:\/\/newsestlyonnais.fr\/site\/wp-json\/wp\/v2\/posts"}],"about":[{"href":"https:\/\/newsestlyonnais.fr\/site\/wp-json\/wp\/v2\/types\/post"}],"author":[{"embeddable":true,"href":"https:\/\/newsestlyonnais.fr\/site\/wp-json\/wp\/v2\/users\/4"}],"replies":[{"embeddable":true,"href":"https:\/\/newsestlyonnais.fr\/site\/wp-json\/wp\/v2\/comments?post=107887"}],"version-history":[{"count":0,"href":"https:\/\/newsestlyonnais.fr\/site\/wp-json\/wp\/v2\/posts\/107887\/revisions"}],"wp:featuredmedia":[{"embeddable":true,"href":"https:\/\/newsestlyonnais.fr\/site\/wp-json\/wp\/v2\/media\/107892"}],"wp:attachment":[{"href":"https:\/\/newsestlyonnais.fr\/site\/wp-json\/wp\/v2\/media?parent=107887"}],"wp:term":[{"taxonomy":"category","embeddable":true,"href":"https:\/\/newsestlyonnais.fr\/site\/wp-json\/wp\/v2\/categories?post=107887"},{"taxonomy":"post_tag","embeddable":true,"href":"https:\/\/newsestlyonnais.fr\/site\/wp-json\/wp\/v2\/tags?post=107887"}],"curies":[{"name":"wp","href":"https:\/\/api.w.org\/{rel}","templated":true}]}}