{"id":108033,"date":"2020-08-01T17:47:04","date_gmt":"2020-08-01T16:47:04","guid":{"rendered":"http:\/\/newsestlyonnais.fr\/site\/?p=108033"},"modified":"2020-08-26T11:44:18","modified_gmt":"2020-08-26T10:44:18","slug":"pusignan-trois-associations-pour-un-seul-evenement","status":"publish","type":"post","link":"https:\/\/newsestlyonnais.fr\/site\/2020\/08\/01\/pusignan-trois-associations-pour-un-seul-evenement\/","title":{"rendered":"PUSIGNAN | Trois associations pour un seul \u00e9v\u00e8nement !"},"content":{"rendered":"<p><span class=\"_5yl5\"><a href=\"https:\/\/www.facebook.com\/challangecontrelemelanome\"><span style=\"color: #0000ff\">Chall&rsquo;ange contre le m\u00e9lanome<\/span><\/a>, <\/span><span class=\"_5yl5\"><a href=\"https:\/\/www.facebook.com\/leucemieespoir69\"><span style=\"color: #0000ff\">Leucemie Espoir 69<\/span><\/a>, <\/span><span class=\"_5yl5\"><a href=\"https:\/\/www.reelxv.com\"><span style=\"color: #0000ff\">REEL XV<\/span><\/a> sont les organisateurs communs de cette manifestation qui se veut \u00e0 la fois, conviviale, sportive, solidaire et avant tout caritative ! <\/span>_____________________________________________________________________________<\/p>\n<p><span style=\"text-decoration: underline\"><em><strong>Le programme du samedi 19 septembre au stade Jean Bouin<\/strong><\/em> : (<strong>12\u00b0 challenge Cathou &amp; 6\u00b0 chall&rsquo;ange Quinquin<\/strong>)<\/span>.<\/p>\n<p><span class=\"_5yl5\"><span style=\"text-decoration: underline\"><strong>TOUTE LA JOURNEE<\/strong><\/span> : <\/span><\/p>\n<ul>\n<li><span class=\"_5yl5\"><strong>animations et jeux pour enfants<\/strong>.<\/span><\/li>\n<\/ul>\n<p><strong><span style=\"text-decoration: underline\">MATIN<\/span> : <\/strong><\/p>\n<ul>\n<li>La Tourn\u00e9e de Quinquin 2020 :<strong> Cours pour sauver ta peau<\/strong> &gt; \u00e0 9 h : Semi-marathon (21 km), \u00e0 9 h 15 : Course \u00e0 pied et marche nordique (10 km), \u00e0 9 h 30 : Course \u00e0 pied et marche nordique (5 km), \u00e0 11 h : Course enfants &#8211; 14 ans (1 km). Inscriptions :\u00a0<span style=\"color: #0000ff\"><a style=\"color: #0000ff\" href=\"https:\/\/inscriptions-terrederunning.com\/latourneedequinquin2020\/select_competition\">https:\/\/inscriptions-terrederunning.com\/latourneedequinquin2020\/select_competition<\/a><\/span><\/li>\n<li><span class=\"_5yl5\"><strong>rassemblement des Vieux Tacots Genassiens.<\/strong>\u00a0\u00a0 <\/span><\/li>\n<\/ul>\n<p><strong><span style=\"text-decoration: underline\">MIDI<\/span> :<\/strong><\/p>\n<ul>\n<li><span class=\"_5yl5\"><strong>Restauration sur place<\/strong>. <\/span><\/li>\n<\/ul>\n<p><strong><span style=\"text-decoration: underline\">APRES-MIDI<\/span> : <\/strong><\/p>\n<ul>\n<li>\u00e0 14 h : <strong>t<\/strong><span class=\"_5yl5\"><strong>ournoi de p\u00e9tanque<\/strong>.\u00a0<\/span><\/li>\n<li><strong>t<\/strong><span class=\"_5yl5\"><strong>ournoi de rugby touch\u00e9.<\/strong><\/span><\/li>\n<\/ul>\n<p><strong><span style=\"text-decoration: underline\">SOIR<\/span> : <\/strong><\/p>\n<ul>\n<li><span class=\"_5yl5\"><strong>traditionnelle paella<\/strong> de Leuc\u00e9mie Espoir 69 <\/span><\/li>\n<li><span class=\"_5yl5\">\u00e0 partir de 21 h : <strong>concert du groupe BIGFOOT<\/strong> (jazz, country, rock).<\/span><\/li>\n<\/ul>\n<p>____________________________________________________________________________<\/p>\n","protected":false},"excerpt":{"rendered":"<p>Afin de r\u00e9colter des fonds pour la recherche m\u00e9dicale, elles se sont unies pour organiser un \u00e9v\u00e9nement atypique, samedi 19 septembre.<\/p>\n","protected":false},"author":4,"featured_media":107400,"comment_status":"open","ping_status":"open","sticky":false,"template":"","format":"standard","meta":{"footnotes":""},"categories":[2968,270,1279,2999,18],"tags":[],"class_list":["post-108033","post","type-post","status-publish","format-standard","has-post-thumbnail","hentry","category-athle-course-pied-marche","category-cte-de-communes-c-c-e-l","category-jons-pusignan","category-rugby-a-xv-sports","category-sante-bien-etre-solidarite"],"yoast_head":"<!-- This site is optimized with the Yoast SEO plugin v27.2 - https:\/\/yoast.com\/product\/yoast-seo-wordpress\/ -->\n<title>PUSIGNAN | Trois associations pour un seul \u00e9v\u00e8nement ! - News Est Lyonnais<\/title>\n<meta name=\"description\" content=\"PUSIGNAN | Trois associations pour un seul \u00e9v\u00e8nement !\" \/>\n<meta name=\"robots\" content=\"index, follow, max-snippet:-1, max-image-preview:large, max-video-preview:-1\" \/>\n<link rel=\"canonical\" href=\"https:\/\/newsestlyonnais.fr\/site\/2020\/08\/01\/pusignan-trois-associations-pour-un-seul-evenement\/\" \/>\n<meta property=\"og:locale\" content=\"fr_FR\" \/>\n<meta property=\"og:type\" content=\"article\" \/>\n<meta property=\"og:title\" content=\"PUSIGNAN | Trois associations pour un seul \u00e9v\u00e8nement ! - News Est Lyonnais\" \/>\n<meta property=\"og:description\" content=\"PUSIGNAN | Trois associations pour un seul \u00e9v\u00e8nement !\" \/>\n<meta property=\"og:url\" content=\"https:\/\/newsestlyonnais.fr\/site\/2020\/08\/01\/pusignan-trois-associations-pour-un-seul-evenement\/\" \/>\n<meta property=\"og:site_name\" content=\"News Est Lyonnais\" \/>\n<meta property=\"article:author\" content=\"https:\/\/www.facebook.com\/pascal.oberson.1?fref=ts\" \/>\n<meta property=\"article:published_time\" content=\"2020-08-01T16:47:04+00:00\" \/>\n<meta property=\"article:modified_time\" content=\"2020-08-26T10:44:18+00:00\" \/>\n<meta property=\"og:image\" content=\"https:\/\/i1.wp.com\/newsestlyonnais.fr\/site\/wp-content\/uploads\/2020\/07\/NEWSESTLYONNAIS-PUSIGNAN-3-ASSOC-EVTS-.jpg?fit=679%2C960&ssl=1\" \/>\n\t<meta property=\"og:image:width\" content=\"679\" \/>\n\t<meta property=\"og:image:height\" content=\"960\" \/>\n\t<meta property=\"og:image:type\" content=\"image\/jpeg\" \/>\n<meta name=\"author\" content=\"R\u00e9dac. NEWS\" \/>\n<meta name=\"twitter:card\" content=\"summary_large_image\" \/>\n<meta name=\"twitter:label1\" content=\"\u00c9crit par\" \/>\n\t<meta name=\"twitter:data1\" content=\"R\u00e9dac. NEWS\" \/>\n\t<meta name=\"twitter:label2\" content=\"Dur\u00e9e de lecture estim\u00e9e\" \/>\n\t<meta name=\"twitter:data2\" content=\"1 minute\" \/>\n<script type=\"application\/ld+json\" class=\"yoast-schema-graph\">{\"@context\":\"https:\/\/schema.org\",\"@graph\":[{\"@type\":\"Article\",\"@id\":\"https:\/\/newsestlyonnais.fr\/site\/2020\/08\/01\/pusignan-trois-associations-pour-un-seul-evenement\/#article\",\"isPartOf\":{\"@id\":\"https:\/\/newsestlyonnais.fr\/site\/2020\/08\/01\/pusignan-trois-associations-pour-un-seul-evenement\/\"},\"author\":{\"name\":\"R\u00e9dac. NEWS\",\"@id\":\"https:\/\/newsestlyonnais.fr\/site\/#\/schema\/person\/3230d5615f390bb808365d673001e887\"},\"headline\":\"PUSIGNAN | Trois associations pour un seul \u00e9v\u00e8nement !\",\"datePublished\":\"2020-08-01T16:47:04+00:00\",\"dateModified\":\"2020-08-26T10:44:18+00:00\",\"mainEntityOfPage\":{\"@id\":\"https:\/\/newsestlyonnais.fr\/site\/2020\/08\/01\/pusignan-trois-associations-pour-un-seul-evenement\/\"},\"wordCount\":140,\"commentCount\":0,\"publisher\":{\"@id\":\"https:\/\/newsestlyonnais.fr\/site\/#organization\"},\"image\":{\"@id\":\"https:\/\/newsestlyonnais.fr\/site\/2020\/08\/01\/pusignan-trois-associations-pour-un-seul-evenement\/#primaryimage\"},\"thumbnailUrl\":\"https:\/\/newsestlyonnais.fr\/site\/wp-content\/uploads\/2020\/07\/NEWSESTLYONNAIS-PUSIGNAN-3-ASSOC-EVTS-.jpg\",\"articleSection\":[\"Athl\u00e9 | Course pied | Marche\",\"CCEL | Communes\",\"Jons | Pusignan\",\"Rugby \u00e0 XV\",\"Sant\u00e9 | Bien Etre | Solidarit\u00e9\"],\"inLanguage\":\"fr-FR\",\"potentialAction\":[{\"@type\":\"CommentAction\",\"name\":\"Comment\",\"target\":[\"https:\/\/newsestlyonnais.fr\/site\/2020\/08\/01\/pusignan-trois-associations-pour-un-seul-evenement\/#respond\"]}]},{\"@type\":\"WebPage\",\"@id\":\"https:\/\/newsestlyonnais.fr\/site\/2020\/08\/01\/pusignan-trois-associations-pour-un-seul-evenement\/\",\"url\":\"https:\/\/newsestlyonnais.fr\/site\/2020\/08\/01\/pusignan-trois-associations-pour-un-seul-evenement\/\",\"name\":\"PUSIGNAN | Trois associations pour un seul \u00e9v\u00e8nement ! - News Est Lyonnais\",\"isPartOf\":{\"@id\":\"https:\/\/newsestlyonnais.fr\/site\/#website\"},\"primaryImageOfPage\":{\"@id\":\"https:\/\/newsestlyonnais.fr\/site\/2020\/08\/01\/pusignan-trois-associations-pour-un-seul-evenement\/#primaryimage\"},\"image\":{\"@id\":\"https:\/\/newsestlyonnais.fr\/site\/2020\/08\/01\/pusignan-trois-associations-pour-un-seul-evenement\/#primaryimage\"},\"thumbnailUrl\":\"https:\/\/newsestlyonnais.fr\/site\/wp-content\/uploads\/2020\/07\/NEWSESTLYONNAIS-PUSIGNAN-3-ASSOC-EVTS-.jpg\",\"datePublished\":\"2020-08-01T16:47:04+00:00\",\"dateModified\":\"2020-08-26T10:44:18+00:00\",\"description\":\"PUSIGNAN | Trois associations pour un seul \u00e9v\u00e8nement !\",\"breadcrumb\":{\"@id\":\"https:\/\/newsestlyonnais.fr\/site\/2020\/08\/01\/pusignan-trois-associations-pour-un-seul-evenement\/#breadcrumb\"},\"inLanguage\":\"fr-FR\",\"potentialAction\":[{\"@type\":\"ReadAction\",\"target\":[\"https:\/\/newsestlyonnais.fr\/site\/2020\/08\/01\/pusignan-trois-associations-pour-un-seul-evenement\/\"]}]},{\"@type\":\"ImageObject\",\"inLanguage\":\"fr-FR\",\"@id\":\"https:\/\/newsestlyonnais.fr\/site\/2020\/08\/01\/pusignan-trois-associations-pour-un-seul-evenement\/#primaryimage\",\"url\":\"https:\/\/newsestlyonnais.fr\/site\/wp-content\/uploads\/2020\/07\/NEWSESTLYONNAIS-PUSIGNAN-3-ASSOC-EVTS-.jpg\",\"contentUrl\":\"https:\/\/newsestlyonnais.fr\/site\/wp-content\/uploads\/2020\/07\/NEWSESTLYONNAIS-PUSIGNAN-3-ASSOC-EVTS-.jpg\",\"width\":679,\"height\":960},{\"@type\":\"BreadcrumbList\",\"@id\":\"https:\/\/newsestlyonnais.fr\/site\/2020\/08\/01\/pusignan-trois-associations-pour-un-seul-evenement\/#breadcrumb\",\"itemListElement\":[{\"@type\":\"ListItem\",\"position\":1,\"name\":\"Accueil\",\"item\":\"https:\/\/newsestlyonnais.fr\/site\/\"},{\"@type\":\"ListItem\",\"position\":2,\"name\":\"PUSIGNAN | Trois associations pour un seul \u00e9v\u00e8nement !\"}]},{\"@type\":\"WebSite\",\"@id\":\"https:\/\/newsestlyonnais.fr\/site\/#website\",\"url\":\"https:\/\/newsestlyonnais.fr\/site\/\",\"name\":\"News Est Lyonnais\",\"description\":\"L&#039;actualit\u00e9 au plus pr\u00e8s\",\"publisher\":{\"@id\":\"https:\/\/newsestlyonnais.fr\/site\/#organization\"},\"potentialAction\":[{\"@type\":\"SearchAction\",\"target\":{\"@type\":\"EntryPoint\",\"urlTemplate\":\"https:\/\/newsestlyonnais.fr\/site\/?s={search_term_string}\"},\"query-input\":{\"@type\":\"PropertyValueSpecification\",\"valueRequired\":true,\"valueName\":\"search_term_string\"}}],\"inLanguage\":\"fr-FR\"},{\"@type\":\"Organization\",\"@id\":\"https:\/\/newsestlyonnais.fr\/site\/#organization\",\"name\":\"News EST LYONNAIS\",\"url\":\"https:\/\/newsestlyonnais.fr\/site\/\",\"logo\":{\"@type\":\"ImageObject\",\"inLanguage\":\"fr-FR\",\"@id\":\"https:\/\/newsestlyonnais.fr\/site\/#\/schema\/logo\/image\/\",\"url\":\"\",\"contentUrl\":\"\",\"caption\":\"News EST LYONNAIS\"},\"image\":{\"@id\":\"https:\/\/newsestlyonnais.fr\/site\/#\/schema\/logo\/image\/\"}},{\"@type\":\"Person\",\"@id\":\"https:\/\/newsestlyonnais.fr\/site\/#\/schema\/person\/3230d5615f390bb808365d673001e887\",\"name\":\"R\u00e9dac. NEWS\",\"sameAs\":[\"http:\/\/www.newsestlyonnais.fr\",\"https:\/\/www.facebook.com\/pascal.oberson.1?fref=ts\",\"https:\/\/fr.linkedin.com\/in\/pascal-oberson-b17045113\"],\"url\":\"https:\/\/newsestlyonnais.fr\/site\/author\/nel\/\"}]}<\/script>\n<!-- \/ Yoast SEO plugin. -->","yoast_head_json":{"title":"PUSIGNAN | Trois associations pour un seul \u00e9v\u00e8nement ! - News Est Lyonnais","description":"PUSIGNAN | Trois associations pour un seul \u00e9v\u00e8nement !","robots":{"index":"index","follow":"follow","max-snippet":"max-snippet:-1","max-image-preview":"max-image-preview:large","max-video-preview":"max-video-preview:-1"},"canonical":"https:\/\/newsestlyonnais.fr\/site\/2020\/08\/01\/pusignan-trois-associations-pour-un-seul-evenement\/","og_locale":"fr_FR","og_type":"article","og_title":"PUSIGNAN | Trois associations pour un seul \u00e9v\u00e8nement ! - News Est Lyonnais","og_description":"PUSIGNAN | Trois associations pour un seul \u00e9v\u00e8nement !","og_url":"https:\/\/newsestlyonnais.fr\/site\/2020\/08\/01\/pusignan-trois-associations-pour-un-seul-evenement\/","og_site_name":"News Est Lyonnais","article_author":"https:\/\/www.facebook.com\/pascal.oberson.1?fref=ts","article_published_time":"2020-08-01T16:47:04+00:00","article_modified_time":"2020-08-26T10:44:18+00:00","og_image":[{"width":679,"height":960,"url":"https:\/\/i1.wp.com\/newsestlyonnais.fr\/site\/wp-content\/uploads\/2020\/07\/NEWSESTLYONNAIS-PUSIGNAN-3-ASSOC-EVTS-.jpg?fit=679%2C960&ssl=1","type":"image\/jpeg"}],"author":"R\u00e9dac. NEWS","twitter_card":"summary_large_image","twitter_misc":{"\u00c9crit par":"R\u00e9dac. NEWS","Dur\u00e9e de lecture estim\u00e9e":"1 minute"},"schema":{"@context":"https:\/\/schema.org","@graph":[{"@type":"Article","@id":"https:\/\/newsestlyonnais.fr\/site\/2020\/08\/01\/pusignan-trois-associations-pour-un-seul-evenement\/#article","isPartOf":{"@id":"https:\/\/newsestlyonnais.fr\/site\/2020\/08\/01\/pusignan-trois-associations-pour-un-seul-evenement\/"},"author":{"name":"R\u00e9dac. NEWS","@id":"https:\/\/newsestlyonnais.fr\/site\/#\/schema\/person\/3230d5615f390bb808365d673001e887"},"headline":"PUSIGNAN | Trois associations pour un seul \u00e9v\u00e8nement !","datePublished":"2020-08-01T16:47:04+00:00","dateModified":"2020-08-26T10:44:18+00:00","mainEntityOfPage":{"@id":"https:\/\/newsestlyonnais.fr\/site\/2020\/08\/01\/pusignan-trois-associations-pour-un-seul-evenement\/"},"wordCount":140,"commentCount":0,"publisher":{"@id":"https:\/\/newsestlyonnais.fr\/site\/#organization"},"image":{"@id":"https:\/\/newsestlyonnais.fr\/site\/2020\/08\/01\/pusignan-trois-associations-pour-un-seul-evenement\/#primaryimage"},"thumbnailUrl":"https:\/\/newsestlyonnais.fr\/site\/wp-content\/uploads\/2020\/07\/NEWSESTLYONNAIS-PUSIGNAN-3-ASSOC-EVTS-.jpg","articleSection":["Athl\u00e9 | Course pied | Marche","CCEL | Communes","Jons | Pusignan","Rugby \u00e0 XV","Sant\u00e9 | Bien Etre | Solidarit\u00e9"],"inLanguage":"fr-FR","potentialAction":[{"@type":"CommentAction","name":"Comment","target":["https:\/\/newsestlyonnais.fr\/site\/2020\/08\/01\/pusignan-trois-associations-pour-un-seul-evenement\/#respond"]}]},{"@type":"WebPage","@id":"https:\/\/newsestlyonnais.fr\/site\/2020\/08\/01\/pusignan-trois-associations-pour-un-seul-evenement\/","url":"https:\/\/newsestlyonnais.fr\/site\/2020\/08\/01\/pusignan-trois-associations-pour-un-seul-evenement\/","name":"PUSIGNAN | Trois associations pour un seul \u00e9v\u00e8nement ! - News Est Lyonnais","isPartOf":{"@id":"https:\/\/newsestlyonnais.fr\/site\/#website"},"primaryImageOfPage":{"@id":"https:\/\/newsestlyonnais.fr\/site\/2020\/08\/01\/pusignan-trois-associations-pour-un-seul-evenement\/#primaryimage"},"image":{"@id":"https:\/\/newsestlyonnais.fr\/site\/2020\/08\/01\/pusignan-trois-associations-pour-un-seul-evenement\/#primaryimage"},"thumbnailUrl":"https:\/\/newsestlyonnais.fr\/site\/wp-content\/uploads\/2020\/07\/NEWSESTLYONNAIS-PUSIGNAN-3-ASSOC-EVTS-.jpg","datePublished":"2020-08-01T16:47:04+00:00","dateModified":"2020-08-26T10:44:18+00:00","description":"PUSIGNAN | Trois associations pour un seul \u00e9v\u00e8nement !","breadcrumb":{"@id":"https:\/\/newsestlyonnais.fr\/site\/2020\/08\/01\/pusignan-trois-associations-pour-un-seul-evenement\/#breadcrumb"},"inLanguage":"fr-FR","potentialAction":[{"@type":"ReadAction","target":["https:\/\/newsestlyonnais.fr\/site\/2020\/08\/01\/pusignan-trois-associations-pour-un-seul-evenement\/"]}]},{"@type":"ImageObject","inLanguage":"fr-FR","@id":"https:\/\/newsestlyonnais.fr\/site\/2020\/08\/01\/pusignan-trois-associations-pour-un-seul-evenement\/#primaryimage","url":"https:\/\/newsestlyonnais.fr\/site\/wp-content\/uploads\/2020\/07\/NEWSESTLYONNAIS-PUSIGNAN-3-ASSOC-EVTS-.jpg","contentUrl":"https:\/\/newsestlyonnais.fr\/site\/wp-content\/uploads\/2020\/07\/NEWSESTLYONNAIS-PUSIGNAN-3-ASSOC-EVTS-.jpg","width":679,"height":960},{"@type":"BreadcrumbList","@id":"https:\/\/newsestlyonnais.fr\/site\/2020\/08\/01\/pusignan-trois-associations-pour-un-seul-evenement\/#breadcrumb","itemListElement":[{"@type":"ListItem","position":1,"name":"Accueil","item":"https:\/\/newsestlyonnais.fr\/site\/"},{"@type":"ListItem","position":2,"name":"PUSIGNAN | Trois associations pour un seul \u00e9v\u00e8nement !"}]},{"@type":"WebSite","@id":"https:\/\/newsestlyonnais.fr\/site\/#website","url":"https:\/\/newsestlyonnais.fr\/site\/","name":"News Est Lyonnais","description":"L&#039;actualit\u00e9 au plus pr\u00e8s","publisher":{"@id":"https:\/\/newsestlyonnais.fr\/site\/#organization"},"potentialAction":[{"@type":"SearchAction","target":{"@type":"EntryPoint","urlTemplate":"https:\/\/newsestlyonnais.fr\/site\/?s={search_term_string}"},"query-input":{"@type":"PropertyValueSpecification","valueRequired":true,"valueName":"search_term_string"}}],"inLanguage":"fr-FR"},{"@type":"Organization","@id":"https:\/\/newsestlyonnais.fr\/site\/#organization","name":"News EST LYONNAIS","url":"https:\/\/newsestlyonnais.fr\/site\/","logo":{"@type":"ImageObject","inLanguage":"fr-FR","@id":"https:\/\/newsestlyonnais.fr\/site\/#\/schema\/logo\/image\/","url":"","contentUrl":"","caption":"News EST LYONNAIS"},"image":{"@id":"https:\/\/newsestlyonnais.fr\/site\/#\/schema\/logo\/image\/"}},{"@type":"Person","@id":"https:\/\/newsestlyonnais.fr\/site\/#\/schema\/person\/3230d5615f390bb808365d673001e887","name":"R\u00e9dac. NEWS","sameAs":["http:\/\/www.newsestlyonnais.fr","https:\/\/www.facebook.com\/pascal.oberson.1?fref=ts","https:\/\/fr.linkedin.com\/in\/pascal-oberson-b17045113"],"url":"https:\/\/newsestlyonnais.fr\/site\/author\/nel\/"}]}},"_links":{"self":[{"href":"https:\/\/newsestlyonnais.fr\/site\/wp-json\/wp\/v2\/posts\/108033","targetHints":{"allow":["GET"]}}],"collection":[{"href":"https:\/\/newsestlyonnais.fr\/site\/wp-json\/wp\/v2\/posts"}],"about":[{"href":"https:\/\/newsestlyonnais.fr\/site\/wp-json\/wp\/v2\/types\/post"}],"author":[{"embeddable":true,"href":"https:\/\/newsestlyonnais.fr\/site\/wp-json\/wp\/v2\/users\/4"}],"replies":[{"embeddable":true,"href":"https:\/\/newsestlyonnais.fr\/site\/wp-json\/wp\/v2\/comments?post=108033"}],"version-history":[{"count":0,"href":"https:\/\/newsestlyonnais.fr\/site\/wp-json\/wp\/v2\/posts\/108033\/revisions"}],"wp:featuredmedia":[{"embeddable":true,"href":"https:\/\/newsestlyonnais.fr\/site\/wp-json\/wp\/v2\/media\/107400"}],"wp:attachment":[{"href":"https:\/\/newsestlyonnais.fr\/site\/wp-json\/wp\/v2\/media?parent=108033"}],"wp:term":[{"taxonomy":"category","embeddable":true,"href":"https:\/\/newsestlyonnais.fr\/site\/wp-json\/wp\/v2\/categories?post=108033"},{"taxonomy":"post_tag","embeddable":true,"href":"https:\/\/newsestlyonnais.fr\/site\/wp-json\/wp\/v2\/tags?post=108033"}],"curies":[{"name":"wp","href":"https:\/\/api.w.org\/{rel}","templated":true}]}}