{"id":108066,"date":"2020-08-02T09:46:53","date_gmt":"2020-08-02T08:46:53","guid":{"rendered":"http:\/\/newsestlyonnais.fr\/site\/?p=108066"},"modified":"2020-08-23T17:14:54","modified_gmt":"2020-08-23T16:14:54","slug":"villeurbanne-des-sauteurs-en-forme-au-meeting-de-lasvel-athle","status":"publish","type":"post","link":"https:\/\/newsestlyonnais.fr\/site\/2020\/08\/02\/villeurbanne-des-sauteurs-en-forme-au-meeting-de-lasvel-athle\/","title":{"rendered":"VILLEURBANNE | Des sauteurs en forme au meeting de l\u2019Asvel Athl\u00e9"},"content":{"rendered":"<div class=\"clearfix _o46 _3erg _29_7 _8lma direction_ltr text_align_ltr _ylc\">\n<div id=\"js_22\" class=\"_3058 _ui9 _hh7 _6ybn _s1- _52mr _3oh-\" data-tooltip-content=\"Samedi 18:31\" data-hover=\"tooltip\" data-tooltip-position=\"left\" aria-describedby=\"js_1z\">\n<div>\n<div class=\"clearfix _o46 _3erg _29_7 _8lma direction_ltr text_align_ltr\">\n<div id=\"js_23\" class=\"_3058 _ui9 _hh7 _6ybn _s1- _52mr _3oh-\" data-tooltip-content=\"22 juillet 2020 \u00e0 17:22\" data-hover=\"tooltip\" data-tooltip-position=\"left\" aria-describedby=\"js_1z\">\n<div>\n<p>\u00a0\u00bb On pr\u00e9sentait un plateau beaucoup plus cons\u00e9quent que la derni\u00e8re fois, avec 2 concours (hommes et femmes) en parall\u00e8le \u00e0 la longueur. Avec la championne de France cadette de cet hiver et la vice-championne de France junior (et 7 filles \u00e0 plus de 5 m 20). Au triple saut, pr\u00e9sence de 3 hommes \u00e0 plus de 14 m 50 et 3 filles autour des 12 m. On notera surtout la grosse perf du junior Filipe Barreto-Silva, qui explose son record (d\u00e9j\u00e0 battu \u00e0 Villeurbanne le 10 juillet) en franchissant 15 m\u00e8tres. Il r\u00e9alise 15 m 13 puis 15 m 17 \u00a0\u00bb <strong>confiait Julien Lenglet <\/strong>(entraineur du club et charg\u00e9 de l&rsquo;organisation) \u00e0 l&rsquo;issue des concours.<\/p>\n<p>Un meeting express officiel qui a rassembl\u00e9 15 sauteuses et 10 sauteurs dans les 2 disciplines. _____________________________________________________________________________<\/p>\n<\/div>\n<div class=\"_aok\"><span class=\"_3oh- _58nk\"><span style=\"text-decoration: underline\"><em><strong>R\u00e9sultats complets<\/strong><\/em> <\/span>: <a href=\"https:\/\/l.facebook.com\/l.php?u=https%3A%2F%2Fbases.athle.fr%2Fasp.net%2Fliste.aspx%3Ffrmbase%3Dresultats%26frmmode%3D1%26frmespace%3D0%26frmcompetition%3D245383%26fbclid%3DIwAR3-dw8iLC3yyMkwTlOKM2nGQJ80ZLBEiuyoLYWGPUGll_sxlCkWedS1R6E&amp;h=AT0MOGdeOXApp0YWvRADbPRTpADe60IL7OP87QnZo5gUvEI3-cgEWMCHTLrJfI14rBWT7WifSfVlxBzPJAuHJ9Cp_jI7DTcGZtdXk-rkrw0UVHrUMcA2NU8GdKHW7EEZft1uPqfDMd7Hge4XVt1f\" target=\"_blank\" rel=\"nofollow noopener noreferrer\" data-lynx-mode=\"hover\">https:\/\/bases.athle.fr\/asp.net\/liste.aspx?frmbase=resultats&amp;frmmode=1&amp;frmespace=0&amp;frmcompetition=245383<\/a><\/span><\/div>\n<div>_____________________________________________________________________________<\/div>\n<div><em><strong>PHOTOS \/ Droits r\u00e9serv\u00e9s ASVEL Athl\u00e9tisme \/ l\u2019ACTU du club sur : <a href=\"https:\/\/www.asvelathle.fr\">https:\/\/www.asvelathle.fr\u00a0<\/a><br \/>\n<\/strong><\/em><\/div>\n<\/div>\n<\/div>\n<\/div>\n<\/div>\n<\/div>\n<div><\/div>\n<div>\n<div id='gallery-1' class='gallery galleryid-108066 gallery-columns-3 gallery-size-thumbnail'><figure class='gallery-item'>\n\t\t\t<div class='gallery-icon portrait'>\n\t\t\t\t<a href='https:\/\/newsestlyonnais.fr\/site\/2020\/08\/02\/villeurbanne-des-sauteurs-en-forme-au-meeting-de-lasvel-athle\/59a63aa3dcd8259e92b8b733d5eb8d63980663c374e2793423b7efc5342eebcf\/'><img loading=\"lazy\" decoding=\"async\" width=\"100\" height=\"150\" src=\"https:\/\/newsestlyonnais.fr\/site\/wp-content\/uploads\/2020\/08\/59a63aa3dcd8259e92b8b733d5eb8d63980663c374e2793423b7efc5342eebcf-250x375.jpg\" class=\"attachment-thumbnail size-thumbnail\" alt=\"\" srcset=\"https:\/\/newsestlyonnais.fr\/site\/wp-content\/uploads\/2020\/08\/59a63aa3dcd8259e92b8b733d5eb8d63980663c374e2793423b7efc5342eebcf-250x375.jpg 250w, https:\/\/newsestlyonnais.fr\/site\/wp-content\/uploads\/2020\/08\/59a63aa3dcd8259e92b8b733d5eb8d63980663c374e2793423b7efc5342eebcf-400x600.jpg 400w, https:\/\/newsestlyonnais.fr\/site\/wp-content\/uploads\/2020\/08\/59a63aa3dcd8259e92b8b733d5eb8d63980663c374e2793423b7efc5342eebcf-150x225.jpg 150w, https:\/\/newsestlyonnais.fr\/site\/wp-content\/uploads\/2020\/08\/59a63aa3dcd8259e92b8b733d5eb8d63980663c374e2793423b7efc5342eebcf-50x75.jpg 50w, https:\/\/newsestlyonnais.fr\/site\/wp-content\/uploads\/2020\/08\/59a63aa3dcd8259e92b8b733d5eb8d63980663c374e2793423b7efc5342eebcf-100x150.jpg 100w, https:\/\/newsestlyonnais.fr\/site\/wp-content\/uploads\/2020\/08\/59a63aa3dcd8259e92b8b733d5eb8d63980663c374e2793423b7efc5342eebcf-200x300.jpg 200w, https:\/\/newsestlyonnais.fr\/site\/wp-content\/uploads\/2020\/08\/59a63aa3dcd8259e92b8b733d5eb8d63980663c374e2793423b7efc5342eebcf-300x450.jpg 300w, https:\/\/newsestlyonnais.fr\/site\/wp-content\/uploads\/2020\/08\/59a63aa3dcd8259e92b8b733d5eb8d63980663c374e2793423b7efc5342eebcf-350x525.jpg 350w, https:\/\/newsestlyonnais.fr\/site\/wp-content\/uploads\/2020\/08\/59a63aa3dcd8259e92b8b733d5eb8d63980663c374e2793423b7efc5342eebcf-450x675.jpg 450w, https:\/\/newsestlyonnais.fr\/site\/wp-content\/uploads\/2020\/08\/59a63aa3dcd8259e92b8b733d5eb8d63980663c374e2793423b7efc5342eebcf-500x750.jpg 500w, https:\/\/newsestlyonnais.fr\/site\/wp-content\/uploads\/2020\/08\/59a63aa3dcd8259e92b8b733d5eb8d63980663c374e2793423b7efc5342eebcf.jpg 533w\" sizes=\"auto, (max-width: 100px) 100vw, 100px\" \/><\/a>\n\t\t\t<\/div><\/figure><figure class='gallery-item'>\n\t\t\t<div class='gallery-icon portrait'>\n\t\t\t\t<a href='https:\/\/newsestlyonnais.fr\/site\/2020\/08\/02\/villeurbanne-des-sauteurs-en-forme-au-meeting-de-lasvel-athle\/7676949f9bbd1fd1d58146f384e6914fcf261cc4f54ddebdbde0d750b93cfb63\/'><img loading=\"lazy\" decoding=\"async\" width=\"100\" height=\"150\" src=\"https:\/\/newsestlyonnais.fr\/site\/wp-content\/uploads\/2020\/08\/7676949f9bbd1fd1d58146f384e6914fcf261cc4f54ddebdbde0d750b93cfb63-250x375.jpg\" class=\"attachment-thumbnail size-thumbnail\" alt=\"\" srcset=\"https:\/\/newsestlyonnais.fr\/site\/wp-content\/uploads\/2020\/08\/7676949f9bbd1fd1d58146f384e6914fcf261cc4f54ddebdbde0d750b93cfb63-250x375.jpg 250w, https:\/\/newsestlyonnais.fr\/site\/wp-content\/uploads\/2020\/08\/7676949f9bbd1fd1d58146f384e6914fcf261cc4f54ddebdbde0d750b93cfb63-400x600.jpg 400w, https:\/\/newsestlyonnais.fr\/site\/wp-content\/uploads\/2020\/08\/7676949f9bbd1fd1d58146f384e6914fcf261cc4f54ddebdbde0d750b93cfb63-150x225.jpg 150w, https:\/\/newsestlyonnais.fr\/site\/wp-content\/uploads\/2020\/08\/7676949f9bbd1fd1d58146f384e6914fcf261cc4f54ddebdbde0d750b93cfb63-50x75.jpg 50w, https:\/\/newsestlyonnais.fr\/site\/wp-content\/uploads\/2020\/08\/7676949f9bbd1fd1d58146f384e6914fcf261cc4f54ddebdbde0d750b93cfb63-100x150.jpg 100w, https:\/\/newsestlyonnais.fr\/site\/wp-content\/uploads\/2020\/08\/7676949f9bbd1fd1d58146f384e6914fcf261cc4f54ddebdbde0d750b93cfb63-200x300.jpg 200w, https:\/\/newsestlyonnais.fr\/site\/wp-content\/uploads\/2020\/08\/7676949f9bbd1fd1d58146f384e6914fcf261cc4f54ddebdbde0d750b93cfb63-300x450.jpg 300w, https:\/\/newsestlyonnais.fr\/site\/wp-content\/uploads\/2020\/08\/7676949f9bbd1fd1d58146f384e6914fcf261cc4f54ddebdbde0d750b93cfb63-350x525.jpg 350w, https:\/\/newsestlyonnais.fr\/site\/wp-content\/uploads\/2020\/08\/7676949f9bbd1fd1d58146f384e6914fcf261cc4f54ddebdbde0d750b93cfb63-450x675.jpg 450w, https:\/\/newsestlyonnais.fr\/site\/wp-content\/uploads\/2020\/08\/7676949f9bbd1fd1d58146f384e6914fcf261cc4f54ddebdbde0d750b93cfb63-500x750.jpg 500w, https:\/\/newsestlyonnais.fr\/site\/wp-content\/uploads\/2020\/08\/7676949f9bbd1fd1d58146f384e6914fcf261cc4f54ddebdbde0d750b93cfb63.jpg 533w\" sizes=\"auto, (max-width: 100px) 100vw, 100px\" \/><\/a>\n\t\t\t<\/div><\/figure><figure class='gallery-item'>\n\t\t\t<div class='gallery-icon landscape'>\n\t\t\t\t<a href='https:\/\/newsestlyonnais.fr\/site\/2020\/08\/02\/villeurbanne-des-sauteurs-en-forme-au-meeting-de-lasvel-athle\/59148eb37d27ed2fb9e3442b7bc64a1a09cf120eb76146d5ca0b20243741c385\/'><img loading=\"lazy\" decoding=\"async\" width=\"150\" height=\"100\" src=\"https:\/\/newsestlyonnais.fr\/site\/wp-content\/uploads\/2020\/08\/59148eb37d27ed2fb9e3442b7bc64a1a09cf120eb76146d5ca0b20243741c385-250x167.jpg\" class=\"attachment-thumbnail size-thumbnail\" alt=\"\" srcset=\"https:\/\/newsestlyonnais.fr\/site\/wp-content\/uploads\/2020\/08\/59148eb37d27ed2fb9e3442b7bc64a1a09cf120eb76146d5ca0b20243741c385-250x167.jpg 250w, https:\/\/newsestlyonnais.fr\/site\/wp-content\/uploads\/2020\/08\/59148eb37d27ed2fb9e3442b7bc64a1a09cf120eb76146d5ca0b20243741c385-400x267.jpg 400w, https:\/\/newsestlyonnais.fr\/site\/wp-content\/uploads\/2020\/08\/59148eb37d27ed2fb9e3442b7bc64a1a09cf120eb76146d5ca0b20243741c385-650x433.jpg 650w, https:\/\/newsestlyonnais.fr\/site\/wp-content\/uploads\/2020\/08\/59148eb37d27ed2fb9e3442b7bc64a1a09cf120eb76146d5ca0b20243741c385-768x512.jpg 768w, https:\/\/newsestlyonnais.fr\/site\/wp-content\/uploads\/2020\/08\/59148eb37d27ed2fb9e3442b7bc64a1a09cf120eb76146d5ca0b20243741c385-150x100.jpg 150w, https:\/\/newsestlyonnais.fr\/site\/wp-content\/uploads\/2020\/08\/59148eb37d27ed2fb9e3442b7bc64a1a09cf120eb76146d5ca0b20243741c385-50x33.jpg 50w, https:\/\/newsestlyonnais.fr\/site\/wp-content\/uploads\/2020\/08\/59148eb37d27ed2fb9e3442b7bc64a1a09cf120eb76146d5ca0b20243741c385-100x67.jpg 100w, https:\/\/newsestlyonnais.fr\/site\/wp-content\/uploads\/2020\/08\/59148eb37d27ed2fb9e3442b7bc64a1a09cf120eb76146d5ca0b20243741c385-200x133.jpg 200w, https:\/\/newsestlyonnais.fr\/site\/wp-content\/uploads\/2020\/08\/59148eb37d27ed2fb9e3442b7bc64a1a09cf120eb76146d5ca0b20243741c385-300x200.jpg 300w, https:\/\/newsestlyonnais.fr\/site\/wp-content\/uploads\/2020\/08\/59148eb37d27ed2fb9e3442b7bc64a1a09cf120eb76146d5ca0b20243741c385-350x233.jpg 350w, https:\/\/newsestlyonnais.fr\/site\/wp-content\/uploads\/2020\/08\/59148eb37d27ed2fb9e3442b7bc64a1a09cf120eb76146d5ca0b20243741c385-450x300.jpg 450w, https:\/\/newsestlyonnais.fr\/site\/wp-content\/uploads\/2020\/08\/59148eb37d27ed2fb9e3442b7bc64a1a09cf120eb76146d5ca0b20243741c385-500x333.jpg 500w, https:\/\/newsestlyonnais.fr\/site\/wp-content\/uploads\/2020\/08\/59148eb37d27ed2fb9e3442b7bc64a1a09cf120eb76146d5ca0b20243741c385-550x367.jpg 550w, https:\/\/newsestlyonnais.fr\/site\/wp-content\/uploads\/2020\/08\/59148eb37d27ed2fb9e3442b7bc64a1a09cf120eb76146d5ca0b20243741c385-800x533.jpg 800w, https:\/\/newsestlyonnais.fr\/site\/wp-content\/uploads\/2020\/08\/59148eb37d27ed2fb9e3442b7bc64a1a09cf120eb76146d5ca0b20243741c385.jpg 1200w\" sizes=\"auto, (max-width: 150px) 100vw, 150px\" \/><\/a>\n\t\t\t<\/div><\/figure>\n\t\t<\/div>\n\n<\/div>\n<div class=\"clearfix _o46 _3erg _29_7 _8lma direction_ltr text_align_ltr _ylc\">\n<div class=\"_3058 _15gf\">\n<div class=\"_52mr _2poz _ui9 _4skb _5i_d\">\n<div class=\" _tih _310t _3xn3 _3xn7\">\n<div class=\"_5swm\">\n<div class=\"__6j\">\n<div class=\"__6k\"><\/div>\n<div class=\"__6m\">\n<div class=\"clearfix _o46 _3erg _29_7 direction_ltr text_align_ltr\">\n<div id=\"js_20\" class=\"_3058 _ui9 _hh7 _6ybn _s1- _52mr _3oh-\" data-tooltip-content=\"Samedi 18:32\" data-hover=\"tooltip\" data-tooltip-position=\"left\" aria-describedby=\"js_1z\">\n<div class=\"_aok\"><\/div>\n<div><\/div>\n<\/div>\n<\/div>\n<\/div>\n<\/div>\n<\/div>\n<\/div>\n<\/div>\n<\/div>\n<\/div>\n","protected":false},"excerpt":{"rendered":"<p>A 3 semaines d&rsquo;intervalle, le club a organis\u00e9 vendredi soir, une nouvelle comp\u00e9tition express consacr\u00e9e \u00e0 longueur et triple saut.<\/p>\n","protected":false},"author":4,"featured_media":108075,"comment_status":"open","ping_status":"open","sticky":false,"template":"","format":"standard","meta":{"footnotes":""},"categories":[2968,29],"tags":[],"class_list":["post-108066","post","type-post","status-publish","format-standard","has-post-thumbnail","hentry","category-athle-course-pied-marche","category-villeurbanne"],"yoast_head":"<!-- This site is optimized with the Yoast SEO plugin v27.2 - https:\/\/yoast.com\/product\/yoast-seo-wordpress\/ -->\n<title>VILLEURBANNE | Des sauteurs en forme au meeting de l\u2019Asvel Athl\u00e9 - News Est Lyonnais<\/title>\n<meta name=\"description\" content=\"VILLEURBANNE | Des sauteurs en forme au meeting de l\u2019Asvel Athl\u00e9\" \/>\n<meta name=\"robots\" content=\"index, follow, max-snippet:-1, max-image-preview:large, max-video-preview:-1\" \/>\n<link rel=\"canonical\" href=\"https:\/\/newsestlyonnais.fr\/site\/2020\/08\/02\/villeurbanne-des-sauteurs-en-forme-au-meeting-de-lasvel-athle\/\" \/>\n<meta property=\"og:locale\" content=\"fr_FR\" \/>\n<meta property=\"og:type\" content=\"article\" \/>\n<meta property=\"og:title\" content=\"VILLEURBANNE | Des sauteurs en forme au meeting de l\u2019Asvel Athl\u00e9 - News Est Lyonnais\" \/>\n<meta property=\"og:description\" content=\"VILLEURBANNE | Des sauteurs en forme au meeting de l\u2019Asvel Athl\u00e9\" \/>\n<meta property=\"og:url\" content=\"https:\/\/newsestlyonnais.fr\/site\/2020\/08\/02\/villeurbanne-des-sauteurs-en-forme-au-meeting-de-lasvel-athle\/\" \/>\n<meta property=\"og:site_name\" content=\"News Est Lyonnais\" \/>\n<meta property=\"article:author\" content=\"https:\/\/www.facebook.com\/pascal.oberson.1?fref=ts\" \/>\n<meta property=\"article:published_time\" content=\"2020-08-02T08:46:53+00:00\" \/>\n<meta property=\"article:modified_time\" content=\"2020-08-23T16:14:54+00:00\" \/>\n<meta property=\"og:image\" content=\"https:\/\/i0.wp.com\/newsestlyonnais.fr\/site\/wp-content\/uploads\/2020\/08\/944bb945dce3b40c1bb03917ee77f8aa112907176b224c2538e601fe0d134289.jpg?fit=1200%2C800&ssl=1\" \/>\n\t<meta property=\"og:image:width\" content=\"1200\" \/>\n\t<meta property=\"og:image:height\" content=\"800\" \/>\n\t<meta property=\"og:image:type\" content=\"image\/jpeg\" \/>\n<meta name=\"author\" content=\"R\u00e9dac. NEWS\" \/>\n<meta name=\"twitter:card\" content=\"summary_large_image\" \/>\n<meta name=\"twitter:label1\" content=\"\u00c9crit par\" \/>\n\t<meta name=\"twitter:data1\" content=\"R\u00e9dac. NEWS\" \/>\n\t<meta name=\"twitter:label2\" content=\"Dur\u00e9e de lecture estim\u00e9e\" \/>\n\t<meta name=\"twitter:data2\" content=\"1 minute\" \/>\n<script type=\"application\/ld+json\" class=\"yoast-schema-graph\">{\"@context\":\"https:\/\/schema.org\",\"@graph\":[{\"@type\":\"Article\",\"@id\":\"https:\/\/newsestlyonnais.fr\/site\/2020\/08\/02\/villeurbanne-des-sauteurs-en-forme-au-meeting-de-lasvel-athle\/#article\",\"isPartOf\":{\"@id\":\"https:\/\/newsestlyonnais.fr\/site\/2020\/08\/02\/villeurbanne-des-sauteurs-en-forme-au-meeting-de-lasvel-athle\/\"},\"author\":{\"name\":\"R\u00e9dac. NEWS\",\"@id\":\"https:\/\/newsestlyonnais.fr\/site\/#\/schema\/person\/3230d5615f390bb808365d673001e887\"},\"headline\":\"VILLEURBANNE | Des sauteurs en forme au meeting de l\u2019Asvel Athl\u00e9\",\"datePublished\":\"2020-08-02T08:46:53+00:00\",\"dateModified\":\"2020-08-23T16:14:54+00:00\",\"mainEntityOfPage\":{\"@id\":\"https:\/\/newsestlyonnais.fr\/site\/2020\/08\/02\/villeurbanne-des-sauteurs-en-forme-au-meeting-de-lasvel-athle\/\"},\"wordCount\":168,\"commentCount\":0,\"publisher\":{\"@id\":\"https:\/\/newsestlyonnais.fr\/site\/#organization\"},\"image\":{\"@id\":\"https:\/\/newsestlyonnais.fr\/site\/2020\/08\/02\/villeurbanne-des-sauteurs-en-forme-au-meeting-de-lasvel-athle\/#primaryimage\"},\"thumbnailUrl\":\"https:\/\/newsestlyonnais.fr\/site\/wp-content\/uploads\/2020\/08\/944bb945dce3b40c1bb03917ee77f8aa112907176b224c2538e601fe0d134289.jpg\",\"articleSection\":[\"Athl\u00e9 | Course pied | Marche\",\"Villeurbanne\"],\"inLanguage\":\"fr-FR\",\"potentialAction\":[{\"@type\":\"CommentAction\",\"name\":\"Comment\",\"target\":[\"https:\/\/newsestlyonnais.fr\/site\/2020\/08\/02\/villeurbanne-des-sauteurs-en-forme-au-meeting-de-lasvel-athle\/#respond\"]}]},{\"@type\":\"WebPage\",\"@id\":\"https:\/\/newsestlyonnais.fr\/site\/2020\/08\/02\/villeurbanne-des-sauteurs-en-forme-au-meeting-de-lasvel-athle\/\",\"url\":\"https:\/\/newsestlyonnais.fr\/site\/2020\/08\/02\/villeurbanne-des-sauteurs-en-forme-au-meeting-de-lasvel-athle\/\",\"name\":\"VILLEURBANNE | Des sauteurs en forme au meeting de l\u2019Asvel Athl\u00e9 - News Est Lyonnais\",\"isPartOf\":{\"@id\":\"https:\/\/newsestlyonnais.fr\/site\/#website\"},\"primaryImageOfPage\":{\"@id\":\"https:\/\/newsestlyonnais.fr\/site\/2020\/08\/02\/villeurbanne-des-sauteurs-en-forme-au-meeting-de-lasvel-athle\/#primaryimage\"},\"image\":{\"@id\":\"https:\/\/newsestlyonnais.fr\/site\/2020\/08\/02\/villeurbanne-des-sauteurs-en-forme-au-meeting-de-lasvel-athle\/#primaryimage\"},\"thumbnailUrl\":\"https:\/\/newsestlyonnais.fr\/site\/wp-content\/uploads\/2020\/08\/944bb945dce3b40c1bb03917ee77f8aa112907176b224c2538e601fe0d134289.jpg\",\"datePublished\":\"2020-08-02T08:46:53+00:00\",\"dateModified\":\"2020-08-23T16:14:54+00:00\",\"description\":\"VILLEURBANNE | Des sauteurs en forme au meeting de l\u2019Asvel Athl\u00e9\",\"breadcrumb\":{\"@id\":\"https:\/\/newsestlyonnais.fr\/site\/2020\/08\/02\/villeurbanne-des-sauteurs-en-forme-au-meeting-de-lasvel-athle\/#breadcrumb\"},\"inLanguage\":\"fr-FR\",\"potentialAction\":[{\"@type\":\"ReadAction\",\"target\":[\"https:\/\/newsestlyonnais.fr\/site\/2020\/08\/02\/villeurbanne-des-sauteurs-en-forme-au-meeting-de-lasvel-athle\/\"]}]},{\"@type\":\"ImageObject\",\"inLanguage\":\"fr-FR\",\"@id\":\"https:\/\/newsestlyonnais.fr\/site\/2020\/08\/02\/villeurbanne-des-sauteurs-en-forme-au-meeting-de-lasvel-athle\/#primaryimage\",\"url\":\"https:\/\/newsestlyonnais.fr\/site\/wp-content\/uploads\/2020\/08\/944bb945dce3b40c1bb03917ee77f8aa112907176b224c2538e601fe0d134289.jpg\",\"contentUrl\":\"https:\/\/newsestlyonnais.fr\/site\/wp-content\/uploads\/2020\/08\/944bb945dce3b40c1bb03917ee77f8aa112907176b224c2538e601fe0d134289.jpg\",\"width\":1200,\"height\":800},{\"@type\":\"BreadcrumbList\",\"@id\":\"https:\/\/newsestlyonnais.fr\/site\/2020\/08\/02\/villeurbanne-des-sauteurs-en-forme-au-meeting-de-lasvel-athle\/#breadcrumb\",\"itemListElement\":[{\"@type\":\"ListItem\",\"position\":1,\"name\":\"Accueil\",\"item\":\"https:\/\/newsestlyonnais.fr\/site\/\"},{\"@type\":\"ListItem\",\"position\":2,\"name\":\"VILLEURBANNE | Des sauteurs en forme au meeting de l\u2019Asvel Athl\u00e9\"}]},{\"@type\":\"WebSite\",\"@id\":\"https:\/\/newsestlyonnais.fr\/site\/#website\",\"url\":\"https:\/\/newsestlyonnais.fr\/site\/\",\"name\":\"News Est Lyonnais\",\"description\":\"L&#039;actualit\u00e9 au plus pr\u00e8s\",\"publisher\":{\"@id\":\"https:\/\/newsestlyonnais.fr\/site\/#organization\"},\"potentialAction\":[{\"@type\":\"SearchAction\",\"target\":{\"@type\":\"EntryPoint\",\"urlTemplate\":\"https:\/\/newsestlyonnais.fr\/site\/?s={search_term_string}\"},\"query-input\":{\"@type\":\"PropertyValueSpecification\",\"valueRequired\":true,\"valueName\":\"search_term_string\"}}],\"inLanguage\":\"fr-FR\"},{\"@type\":\"Organization\",\"@id\":\"https:\/\/newsestlyonnais.fr\/site\/#organization\",\"name\":\"News EST LYONNAIS\",\"url\":\"https:\/\/newsestlyonnais.fr\/site\/\",\"logo\":{\"@type\":\"ImageObject\",\"inLanguage\":\"fr-FR\",\"@id\":\"https:\/\/newsestlyonnais.fr\/site\/#\/schema\/logo\/image\/\",\"url\":\"\",\"contentUrl\":\"\",\"caption\":\"News EST LYONNAIS\"},\"image\":{\"@id\":\"https:\/\/newsestlyonnais.fr\/site\/#\/schema\/logo\/image\/\"}},{\"@type\":\"Person\",\"@id\":\"https:\/\/newsestlyonnais.fr\/site\/#\/schema\/person\/3230d5615f390bb808365d673001e887\",\"name\":\"R\u00e9dac. NEWS\",\"sameAs\":[\"http:\/\/www.newsestlyonnais.fr\",\"https:\/\/www.facebook.com\/pascal.oberson.1?fref=ts\",\"https:\/\/fr.linkedin.com\/in\/pascal-oberson-b17045113\"],\"url\":\"https:\/\/newsestlyonnais.fr\/site\/author\/nel\/\"}]}<\/script>\n<!-- \/ Yoast SEO plugin. -->","yoast_head_json":{"title":"VILLEURBANNE | Des sauteurs en forme au meeting de l\u2019Asvel Athl\u00e9 - News Est Lyonnais","description":"VILLEURBANNE | Des sauteurs en forme au meeting de l\u2019Asvel Athl\u00e9","robots":{"index":"index","follow":"follow","max-snippet":"max-snippet:-1","max-image-preview":"max-image-preview:large","max-video-preview":"max-video-preview:-1"},"canonical":"https:\/\/newsestlyonnais.fr\/site\/2020\/08\/02\/villeurbanne-des-sauteurs-en-forme-au-meeting-de-lasvel-athle\/","og_locale":"fr_FR","og_type":"article","og_title":"VILLEURBANNE | Des sauteurs en forme au meeting de l\u2019Asvel Athl\u00e9 - News Est Lyonnais","og_description":"VILLEURBANNE | Des sauteurs en forme au meeting de l\u2019Asvel Athl\u00e9","og_url":"https:\/\/newsestlyonnais.fr\/site\/2020\/08\/02\/villeurbanne-des-sauteurs-en-forme-au-meeting-de-lasvel-athle\/","og_site_name":"News Est Lyonnais","article_author":"https:\/\/www.facebook.com\/pascal.oberson.1?fref=ts","article_published_time":"2020-08-02T08:46:53+00:00","article_modified_time":"2020-08-23T16:14:54+00:00","og_image":[{"width":1200,"height":800,"url":"https:\/\/i0.wp.com\/newsestlyonnais.fr\/site\/wp-content\/uploads\/2020\/08\/944bb945dce3b40c1bb03917ee77f8aa112907176b224c2538e601fe0d134289.jpg?fit=1200%2C800&ssl=1","type":"image\/jpeg"}],"author":"R\u00e9dac. NEWS","twitter_card":"summary_large_image","twitter_misc":{"\u00c9crit par":"R\u00e9dac. NEWS","Dur\u00e9e de lecture estim\u00e9e":"1 minute"},"schema":{"@context":"https:\/\/schema.org","@graph":[{"@type":"Article","@id":"https:\/\/newsestlyonnais.fr\/site\/2020\/08\/02\/villeurbanne-des-sauteurs-en-forme-au-meeting-de-lasvel-athle\/#article","isPartOf":{"@id":"https:\/\/newsestlyonnais.fr\/site\/2020\/08\/02\/villeurbanne-des-sauteurs-en-forme-au-meeting-de-lasvel-athle\/"},"author":{"name":"R\u00e9dac. NEWS","@id":"https:\/\/newsestlyonnais.fr\/site\/#\/schema\/person\/3230d5615f390bb808365d673001e887"},"headline":"VILLEURBANNE | Des sauteurs en forme au meeting de l\u2019Asvel Athl\u00e9","datePublished":"2020-08-02T08:46:53+00:00","dateModified":"2020-08-23T16:14:54+00:00","mainEntityOfPage":{"@id":"https:\/\/newsestlyonnais.fr\/site\/2020\/08\/02\/villeurbanne-des-sauteurs-en-forme-au-meeting-de-lasvel-athle\/"},"wordCount":168,"commentCount":0,"publisher":{"@id":"https:\/\/newsestlyonnais.fr\/site\/#organization"},"image":{"@id":"https:\/\/newsestlyonnais.fr\/site\/2020\/08\/02\/villeurbanne-des-sauteurs-en-forme-au-meeting-de-lasvel-athle\/#primaryimage"},"thumbnailUrl":"https:\/\/newsestlyonnais.fr\/site\/wp-content\/uploads\/2020\/08\/944bb945dce3b40c1bb03917ee77f8aa112907176b224c2538e601fe0d134289.jpg","articleSection":["Athl\u00e9 | Course pied | Marche","Villeurbanne"],"inLanguage":"fr-FR","potentialAction":[{"@type":"CommentAction","name":"Comment","target":["https:\/\/newsestlyonnais.fr\/site\/2020\/08\/02\/villeurbanne-des-sauteurs-en-forme-au-meeting-de-lasvel-athle\/#respond"]}]},{"@type":"WebPage","@id":"https:\/\/newsestlyonnais.fr\/site\/2020\/08\/02\/villeurbanne-des-sauteurs-en-forme-au-meeting-de-lasvel-athle\/","url":"https:\/\/newsestlyonnais.fr\/site\/2020\/08\/02\/villeurbanne-des-sauteurs-en-forme-au-meeting-de-lasvel-athle\/","name":"VILLEURBANNE | Des sauteurs en forme au meeting de l\u2019Asvel Athl\u00e9 - News Est Lyonnais","isPartOf":{"@id":"https:\/\/newsestlyonnais.fr\/site\/#website"},"primaryImageOfPage":{"@id":"https:\/\/newsestlyonnais.fr\/site\/2020\/08\/02\/villeurbanne-des-sauteurs-en-forme-au-meeting-de-lasvel-athle\/#primaryimage"},"image":{"@id":"https:\/\/newsestlyonnais.fr\/site\/2020\/08\/02\/villeurbanne-des-sauteurs-en-forme-au-meeting-de-lasvel-athle\/#primaryimage"},"thumbnailUrl":"https:\/\/newsestlyonnais.fr\/site\/wp-content\/uploads\/2020\/08\/944bb945dce3b40c1bb03917ee77f8aa112907176b224c2538e601fe0d134289.jpg","datePublished":"2020-08-02T08:46:53+00:00","dateModified":"2020-08-23T16:14:54+00:00","description":"VILLEURBANNE | Des sauteurs en forme au meeting de l\u2019Asvel Athl\u00e9","breadcrumb":{"@id":"https:\/\/newsestlyonnais.fr\/site\/2020\/08\/02\/villeurbanne-des-sauteurs-en-forme-au-meeting-de-lasvel-athle\/#breadcrumb"},"inLanguage":"fr-FR","potentialAction":[{"@type":"ReadAction","target":["https:\/\/newsestlyonnais.fr\/site\/2020\/08\/02\/villeurbanne-des-sauteurs-en-forme-au-meeting-de-lasvel-athle\/"]}]},{"@type":"ImageObject","inLanguage":"fr-FR","@id":"https:\/\/newsestlyonnais.fr\/site\/2020\/08\/02\/villeurbanne-des-sauteurs-en-forme-au-meeting-de-lasvel-athle\/#primaryimage","url":"https:\/\/newsestlyonnais.fr\/site\/wp-content\/uploads\/2020\/08\/944bb945dce3b40c1bb03917ee77f8aa112907176b224c2538e601fe0d134289.jpg","contentUrl":"https:\/\/newsestlyonnais.fr\/site\/wp-content\/uploads\/2020\/08\/944bb945dce3b40c1bb03917ee77f8aa112907176b224c2538e601fe0d134289.jpg","width":1200,"height":800},{"@type":"BreadcrumbList","@id":"https:\/\/newsestlyonnais.fr\/site\/2020\/08\/02\/villeurbanne-des-sauteurs-en-forme-au-meeting-de-lasvel-athle\/#breadcrumb","itemListElement":[{"@type":"ListItem","position":1,"name":"Accueil","item":"https:\/\/newsestlyonnais.fr\/site\/"},{"@type":"ListItem","position":2,"name":"VILLEURBANNE | Des sauteurs en forme au meeting de l\u2019Asvel Athl\u00e9"}]},{"@type":"WebSite","@id":"https:\/\/newsestlyonnais.fr\/site\/#website","url":"https:\/\/newsestlyonnais.fr\/site\/","name":"News Est Lyonnais","description":"L&#039;actualit\u00e9 au plus pr\u00e8s","publisher":{"@id":"https:\/\/newsestlyonnais.fr\/site\/#organization"},"potentialAction":[{"@type":"SearchAction","target":{"@type":"EntryPoint","urlTemplate":"https:\/\/newsestlyonnais.fr\/site\/?s={search_term_string}"},"query-input":{"@type":"PropertyValueSpecification","valueRequired":true,"valueName":"search_term_string"}}],"inLanguage":"fr-FR"},{"@type":"Organization","@id":"https:\/\/newsestlyonnais.fr\/site\/#organization","name":"News EST LYONNAIS","url":"https:\/\/newsestlyonnais.fr\/site\/","logo":{"@type":"ImageObject","inLanguage":"fr-FR","@id":"https:\/\/newsestlyonnais.fr\/site\/#\/schema\/logo\/image\/","url":"","contentUrl":"","caption":"News EST LYONNAIS"},"image":{"@id":"https:\/\/newsestlyonnais.fr\/site\/#\/schema\/logo\/image\/"}},{"@type":"Person","@id":"https:\/\/newsestlyonnais.fr\/site\/#\/schema\/person\/3230d5615f390bb808365d673001e887","name":"R\u00e9dac. NEWS","sameAs":["http:\/\/www.newsestlyonnais.fr","https:\/\/www.facebook.com\/pascal.oberson.1?fref=ts","https:\/\/fr.linkedin.com\/in\/pascal-oberson-b17045113"],"url":"https:\/\/newsestlyonnais.fr\/site\/author\/nel\/"}]}},"_links":{"self":[{"href":"https:\/\/newsestlyonnais.fr\/site\/wp-json\/wp\/v2\/posts\/108066","targetHints":{"allow":["GET"]}}],"collection":[{"href":"https:\/\/newsestlyonnais.fr\/site\/wp-json\/wp\/v2\/posts"}],"about":[{"href":"https:\/\/newsestlyonnais.fr\/site\/wp-json\/wp\/v2\/types\/post"}],"author":[{"embeddable":true,"href":"https:\/\/newsestlyonnais.fr\/site\/wp-json\/wp\/v2\/users\/4"}],"replies":[{"embeddable":true,"href":"https:\/\/newsestlyonnais.fr\/site\/wp-json\/wp\/v2\/comments?post=108066"}],"version-history":[{"count":0,"href":"https:\/\/newsestlyonnais.fr\/site\/wp-json\/wp\/v2\/posts\/108066\/revisions"}],"wp:featuredmedia":[{"embeddable":true,"href":"https:\/\/newsestlyonnais.fr\/site\/wp-json\/wp\/v2\/media\/108075"}],"wp:attachment":[{"href":"https:\/\/newsestlyonnais.fr\/site\/wp-json\/wp\/v2\/media?parent=108066"}],"wp:term":[{"taxonomy":"category","embeddable":true,"href":"https:\/\/newsestlyonnais.fr\/site\/wp-json\/wp\/v2\/categories?post=108066"},{"taxonomy":"post_tag","embeddable":true,"href":"https:\/\/newsestlyonnais.fr\/site\/wp-json\/wp\/v2\/tags?post=108066"}],"curies":[{"name":"wp","href":"https:\/\/api.w.org\/{rel}","templated":true}]}}