{"id":108087,"date":"2020-08-02T18:06:13","date_gmt":"2020-08-02T17:06:13","guid":{"rendered":"http:\/\/newsestlyonnais.fr\/site\/?p=108087"},"modified":"2020-08-04T11:37:31","modified_gmt":"2020-08-04T10:37:31","slug":"miribel-jonage-ma-plus-belle-carte-postale-theme-du-19-concours-photo","status":"publish","type":"post","link":"https:\/\/newsestlyonnais.fr\/site\/2020\/08\/02\/miribel-jonage-ma-plus-belle-carte-postale-theme-du-19-concours-photo\/","title":{"rendered":"MIRIBEL-JONAGE | \u00ab Ma plus belle carte postale&#8230; th\u00e8me du 19\u00b0 concours photo"},"content":{"rendered":"<p><strong>Appareil photo ou smartphone<\/strong>,<strong> tous les moyens sont bons<\/strong> pour capturer la plus belle image au Grand Parc et tenter de remporter l&rsquo;un des nombreux lots mis en jeu !<\/p>\n<h3>DONNEZ DES AIRS DE VACANCES AU GRAND PARC<\/h3>\n<p>Source de bien-\u00eatre et d\u2019inspiration artistique, le Grand Parc Miribel-Jonage est l\u2019endroit id\u00e9al pour laisser libre cours \u00e0 son imagination. Au sein de ses 2 200 hectares de nature, eau, prairies et sous-bois, il nous offre une multitude de sentiers dans lesquels s\u2019aventurer et se pr\u00e9lasser comme en vacances. Dans le cadre de ce concours, les participants seront amen\u00e9s \u00e0 immortaliser ces moments de calme et de d\u00e9tente. Le Grand Parc : votre destination id\u00e9ale pour 2020.<\/p>\n<p><strong>A vos appareils ! Pr\u00eat ? Photographiez ! <\/strong><span class=\"agenda-mentions\">Attention, votre <strong>photo doit avoir \u00e9t\u00e9 prise sur le Grand Parc<\/strong> (Art. 5 du r\u00e8glement) et ne <strong>poster qu\u2019une seule photo par participant<\/strong> (Art. 4). <\/span>_____________________________________________________________________________<\/p>\n<ul>\n<li><strong>R\u00e8glement complet<\/strong> : <span style=\"color: #0000ff\"><a style=\"color: #0000ff\" href=\"https:\/\/www.grand-parc.fr\/pdf\/agenda\/concours-photo-reglement-2020.pdf\">https:\/\/www.grand-parc.fr\/pdf\/agenda\/concours-photo-reglement-2020.pdf<\/a><\/span><\/li>\n<li><strong>Envoyez votre photo<\/strong> : <span style=\"color: #0000ff\"><a style=\"color: #0000ff\" href=\"https:\/\/www.grand-parc.fr\/agenda\/concours-photo-participer-2020\">https:\/\/www.grand-parc.fr\/agenda\/concours-photo-participer-2020<\/a><\/span><\/li>\n<\/ul>\n","protected":false},"excerpt":{"rendered":"<p>Organis\u00e9 depuis le 6 juillet et jusqu&rsquo;au 6 octobre 2020 par le Grand Parc.<\/p>\n","protected":false},"author":4,"featured_media":108100,"comment_status":"open","ping_status":"open","sticky":false,"template":"","format":"standard","meta":{"footnotes":""},"categories":[2217,3007,28],"tags":[],"class_list":["post-108087","post","type-post","status-publish","format-standard","has-post-thumbnail","hentry","category-breves-de-lest-lyonnais","category-peinture-photo-sculpture","category-vaulx-en-velin"],"yoast_head":"<!-- This site is optimized with the Yoast SEO plugin v27.2 - https:\/\/yoast.com\/product\/yoast-seo-wordpress\/ -->\n<title>MIRIBEL-JONAGE | \u00ab Ma plus belle carte postale... th\u00e8me du 19\u00b0 concours photo - News Est Lyonnais<\/title>\n<meta name=\"description\" content=\"MIRIBEL-JONAGE | \u00ab Ma plus belle carte postale... \u00bb &gt; th\u00e8me du 19\u00b0 concours photo\" \/>\n<meta name=\"robots\" content=\"index, follow, max-snippet:-1, max-image-preview:large, max-video-preview:-1\" \/>\n<link rel=\"canonical\" href=\"https:\/\/newsestlyonnais.fr\/site\/2020\/08\/02\/miribel-jonage-ma-plus-belle-carte-postale-theme-du-19-concours-photo\/\" \/>\n<meta property=\"og:locale\" content=\"fr_FR\" \/>\n<meta property=\"og:type\" content=\"article\" \/>\n<meta property=\"og:title\" content=\"MIRIBEL-JONAGE | \u00ab Ma plus belle carte postale... th\u00e8me du 19\u00b0 concours photo - News Est Lyonnais\" \/>\n<meta property=\"og:description\" content=\"MIRIBEL-JONAGE | \u00ab Ma plus belle carte postale... \u00bb &gt; th\u00e8me du 19\u00b0 concours photo\" \/>\n<meta property=\"og:url\" content=\"https:\/\/newsestlyonnais.fr\/site\/2020\/08\/02\/miribel-jonage-ma-plus-belle-carte-postale-theme-du-19-concours-photo\/\" \/>\n<meta property=\"og:site_name\" content=\"News Est Lyonnais\" \/>\n<meta property=\"article:author\" content=\"https:\/\/www.facebook.com\/pascal.oberson.1?fref=ts\" \/>\n<meta property=\"article:published_time\" content=\"2020-08-02T17:06:13+00:00\" \/>\n<meta property=\"article:modified_time\" content=\"2020-08-04T10:37:31+00:00\" \/>\n<meta property=\"og:image\" content=\"https:\/\/i2.wp.com\/newsestlyonnais.fr\/site\/wp-content\/uploads\/2020\/08\/NEWSESTLYONNAIS-Conc.-photo-2020.jpg?fit=960%2C640&ssl=1\" \/>\n\t<meta property=\"og:image:width\" content=\"960\" \/>\n\t<meta property=\"og:image:height\" content=\"640\" \/>\n\t<meta property=\"og:image:type\" content=\"image\/jpeg\" \/>\n<meta name=\"author\" content=\"R\u00e9dac. NEWS\" \/>\n<meta name=\"twitter:card\" content=\"summary_large_image\" \/>\n<meta name=\"twitter:label1\" content=\"\u00c9crit par\" \/>\n\t<meta name=\"twitter:data1\" content=\"R\u00e9dac. NEWS\" \/>\n\t<meta name=\"twitter:label2\" content=\"Dur\u00e9e de lecture estim\u00e9e\" \/>\n\t<meta name=\"twitter:data2\" content=\"1 minute\" \/>\n<script type=\"application\/ld+json\" class=\"yoast-schema-graph\">{\"@context\":\"https:\/\/schema.org\",\"@graph\":[{\"@type\":\"Article\",\"@id\":\"https:\/\/newsestlyonnais.fr\/site\/2020\/08\/02\/miribel-jonage-ma-plus-belle-carte-postale-theme-du-19-concours-photo\/#article\",\"isPartOf\":{\"@id\":\"https:\/\/newsestlyonnais.fr\/site\/2020\/08\/02\/miribel-jonage-ma-plus-belle-carte-postale-theme-du-19-concours-photo\/\"},\"author\":{\"name\":\"R\u00e9dac. NEWS\",\"@id\":\"https:\/\/newsestlyonnais.fr\/site\/#\/schema\/person\/3230d5615f390bb808365d673001e887\"},\"headline\":\"MIRIBEL-JONAGE | \u00ab Ma plus belle carte postale&#8230; th\u00e8me du 19\u00b0 concours photo\",\"datePublished\":\"2020-08-02T17:06:13+00:00\",\"dateModified\":\"2020-08-04T10:37:31+00:00\",\"mainEntityOfPage\":{\"@id\":\"https:\/\/newsestlyonnais.fr\/site\/2020\/08\/02\/miribel-jonage-ma-plus-belle-carte-postale-theme-du-19-concours-photo\/\"},\"wordCount\":180,\"commentCount\":0,\"publisher\":{\"@id\":\"https:\/\/newsestlyonnais.fr\/site\/#organization\"},\"image\":{\"@id\":\"https:\/\/newsestlyonnais.fr\/site\/2020\/08\/02\/miribel-jonage-ma-plus-belle-carte-postale-theme-du-19-concours-photo\/#primaryimage\"},\"thumbnailUrl\":\"https:\/\/newsestlyonnais.fr\/site\/wp-content\/uploads\/2020\/08\/NEWSESTLYONNAIS-Conc.-photo-2020.jpg\",\"articleSection\":[\"Br\u00e8ves de l'Est lyonnais\",\"Peinture | Photo | Sculpture\",\"Vaulx-en-Velin\"],\"inLanguage\":\"fr-FR\",\"potentialAction\":[{\"@type\":\"CommentAction\",\"name\":\"Comment\",\"target\":[\"https:\/\/newsestlyonnais.fr\/site\/2020\/08\/02\/miribel-jonage-ma-plus-belle-carte-postale-theme-du-19-concours-photo\/#respond\"]}]},{\"@type\":\"WebPage\",\"@id\":\"https:\/\/newsestlyonnais.fr\/site\/2020\/08\/02\/miribel-jonage-ma-plus-belle-carte-postale-theme-du-19-concours-photo\/\",\"url\":\"https:\/\/newsestlyonnais.fr\/site\/2020\/08\/02\/miribel-jonage-ma-plus-belle-carte-postale-theme-du-19-concours-photo\/\",\"name\":\"MIRIBEL-JONAGE | \u00ab Ma plus belle carte postale... th\u00e8me du 19\u00b0 concours photo - News Est Lyonnais\",\"isPartOf\":{\"@id\":\"https:\/\/newsestlyonnais.fr\/site\/#website\"},\"primaryImageOfPage\":{\"@id\":\"https:\/\/newsestlyonnais.fr\/site\/2020\/08\/02\/miribel-jonage-ma-plus-belle-carte-postale-theme-du-19-concours-photo\/#primaryimage\"},\"image\":{\"@id\":\"https:\/\/newsestlyonnais.fr\/site\/2020\/08\/02\/miribel-jonage-ma-plus-belle-carte-postale-theme-du-19-concours-photo\/#primaryimage\"},\"thumbnailUrl\":\"https:\/\/newsestlyonnais.fr\/site\/wp-content\/uploads\/2020\/08\/NEWSESTLYONNAIS-Conc.-photo-2020.jpg\",\"datePublished\":\"2020-08-02T17:06:13+00:00\",\"dateModified\":\"2020-08-04T10:37:31+00:00\",\"description\":\"MIRIBEL-JONAGE | \u00ab Ma plus belle carte postale... \u00bb > th\u00e8me du 19\u00b0 concours photo\",\"breadcrumb\":{\"@id\":\"https:\/\/newsestlyonnais.fr\/site\/2020\/08\/02\/miribel-jonage-ma-plus-belle-carte-postale-theme-du-19-concours-photo\/#breadcrumb\"},\"inLanguage\":\"fr-FR\",\"potentialAction\":[{\"@type\":\"ReadAction\",\"target\":[\"https:\/\/newsestlyonnais.fr\/site\/2020\/08\/02\/miribel-jonage-ma-plus-belle-carte-postale-theme-du-19-concours-photo\/\"]}]},{\"@type\":\"ImageObject\",\"inLanguage\":\"fr-FR\",\"@id\":\"https:\/\/newsestlyonnais.fr\/site\/2020\/08\/02\/miribel-jonage-ma-plus-belle-carte-postale-theme-du-19-concours-photo\/#primaryimage\",\"url\":\"https:\/\/newsestlyonnais.fr\/site\/wp-content\/uploads\/2020\/08\/NEWSESTLYONNAIS-Conc.-photo-2020.jpg\",\"contentUrl\":\"https:\/\/newsestlyonnais.fr\/site\/wp-content\/uploads\/2020\/08\/NEWSESTLYONNAIS-Conc.-photo-2020.jpg\",\"width\":960,\"height\":640},{\"@type\":\"BreadcrumbList\",\"@id\":\"https:\/\/newsestlyonnais.fr\/site\/2020\/08\/02\/miribel-jonage-ma-plus-belle-carte-postale-theme-du-19-concours-photo\/#breadcrumb\",\"itemListElement\":[{\"@type\":\"ListItem\",\"position\":1,\"name\":\"Accueil\",\"item\":\"https:\/\/newsestlyonnais.fr\/site\/\"},{\"@type\":\"ListItem\",\"position\":2,\"name\":\"MIRIBEL-JONAGE | \u00ab Ma plus belle carte postale&#8230; th\u00e8me du 19\u00b0 concours photo\"}]},{\"@type\":\"WebSite\",\"@id\":\"https:\/\/newsestlyonnais.fr\/site\/#website\",\"url\":\"https:\/\/newsestlyonnais.fr\/site\/\",\"name\":\"News Est Lyonnais\",\"description\":\"L&#039;actualit\u00e9 au plus pr\u00e8s\",\"publisher\":{\"@id\":\"https:\/\/newsestlyonnais.fr\/site\/#organization\"},\"potentialAction\":[{\"@type\":\"SearchAction\",\"target\":{\"@type\":\"EntryPoint\",\"urlTemplate\":\"https:\/\/newsestlyonnais.fr\/site\/?s={search_term_string}\"},\"query-input\":{\"@type\":\"PropertyValueSpecification\",\"valueRequired\":true,\"valueName\":\"search_term_string\"}}],\"inLanguage\":\"fr-FR\"},{\"@type\":\"Organization\",\"@id\":\"https:\/\/newsestlyonnais.fr\/site\/#organization\",\"name\":\"News EST LYONNAIS\",\"url\":\"https:\/\/newsestlyonnais.fr\/site\/\",\"logo\":{\"@type\":\"ImageObject\",\"inLanguage\":\"fr-FR\",\"@id\":\"https:\/\/newsestlyonnais.fr\/site\/#\/schema\/logo\/image\/\",\"url\":\"\",\"contentUrl\":\"\",\"caption\":\"News EST LYONNAIS\"},\"image\":{\"@id\":\"https:\/\/newsestlyonnais.fr\/site\/#\/schema\/logo\/image\/\"}},{\"@type\":\"Person\",\"@id\":\"https:\/\/newsestlyonnais.fr\/site\/#\/schema\/person\/3230d5615f390bb808365d673001e887\",\"name\":\"R\u00e9dac. NEWS\",\"sameAs\":[\"http:\/\/www.newsestlyonnais.fr\",\"https:\/\/www.facebook.com\/pascal.oberson.1?fref=ts\",\"https:\/\/fr.linkedin.com\/in\/pascal-oberson-b17045113\"],\"url\":\"https:\/\/newsestlyonnais.fr\/site\/author\/nel\/\"}]}<\/script>\n<!-- \/ Yoast SEO plugin. -->","yoast_head_json":{"title":"MIRIBEL-JONAGE | \u00ab Ma plus belle carte postale... th\u00e8me du 19\u00b0 concours photo - News Est Lyonnais","description":"MIRIBEL-JONAGE | \u00ab Ma plus belle carte postale... \u00bb > th\u00e8me du 19\u00b0 concours photo","robots":{"index":"index","follow":"follow","max-snippet":"max-snippet:-1","max-image-preview":"max-image-preview:large","max-video-preview":"max-video-preview:-1"},"canonical":"https:\/\/newsestlyonnais.fr\/site\/2020\/08\/02\/miribel-jonage-ma-plus-belle-carte-postale-theme-du-19-concours-photo\/","og_locale":"fr_FR","og_type":"article","og_title":"MIRIBEL-JONAGE | \u00ab Ma plus belle carte postale... th\u00e8me du 19\u00b0 concours photo - News Est Lyonnais","og_description":"MIRIBEL-JONAGE | \u00ab Ma plus belle carte postale... \u00bb > th\u00e8me du 19\u00b0 concours photo","og_url":"https:\/\/newsestlyonnais.fr\/site\/2020\/08\/02\/miribel-jonage-ma-plus-belle-carte-postale-theme-du-19-concours-photo\/","og_site_name":"News Est Lyonnais","article_author":"https:\/\/www.facebook.com\/pascal.oberson.1?fref=ts","article_published_time":"2020-08-02T17:06:13+00:00","article_modified_time":"2020-08-04T10:37:31+00:00","og_image":[{"width":960,"height":640,"url":"https:\/\/i2.wp.com\/newsestlyonnais.fr\/site\/wp-content\/uploads\/2020\/08\/NEWSESTLYONNAIS-Conc.-photo-2020.jpg?fit=960%2C640&ssl=1","type":"image\/jpeg"}],"author":"R\u00e9dac. NEWS","twitter_card":"summary_large_image","twitter_misc":{"\u00c9crit par":"R\u00e9dac. NEWS","Dur\u00e9e de lecture estim\u00e9e":"1 minute"},"schema":{"@context":"https:\/\/schema.org","@graph":[{"@type":"Article","@id":"https:\/\/newsestlyonnais.fr\/site\/2020\/08\/02\/miribel-jonage-ma-plus-belle-carte-postale-theme-du-19-concours-photo\/#article","isPartOf":{"@id":"https:\/\/newsestlyonnais.fr\/site\/2020\/08\/02\/miribel-jonage-ma-plus-belle-carte-postale-theme-du-19-concours-photo\/"},"author":{"name":"R\u00e9dac. NEWS","@id":"https:\/\/newsestlyonnais.fr\/site\/#\/schema\/person\/3230d5615f390bb808365d673001e887"},"headline":"MIRIBEL-JONAGE | \u00ab Ma plus belle carte postale&#8230; th\u00e8me du 19\u00b0 concours photo","datePublished":"2020-08-02T17:06:13+00:00","dateModified":"2020-08-04T10:37:31+00:00","mainEntityOfPage":{"@id":"https:\/\/newsestlyonnais.fr\/site\/2020\/08\/02\/miribel-jonage-ma-plus-belle-carte-postale-theme-du-19-concours-photo\/"},"wordCount":180,"commentCount":0,"publisher":{"@id":"https:\/\/newsestlyonnais.fr\/site\/#organization"},"image":{"@id":"https:\/\/newsestlyonnais.fr\/site\/2020\/08\/02\/miribel-jonage-ma-plus-belle-carte-postale-theme-du-19-concours-photo\/#primaryimage"},"thumbnailUrl":"https:\/\/newsestlyonnais.fr\/site\/wp-content\/uploads\/2020\/08\/NEWSESTLYONNAIS-Conc.-photo-2020.jpg","articleSection":["Br\u00e8ves de l'Est lyonnais","Peinture | Photo | Sculpture","Vaulx-en-Velin"],"inLanguage":"fr-FR","potentialAction":[{"@type":"CommentAction","name":"Comment","target":["https:\/\/newsestlyonnais.fr\/site\/2020\/08\/02\/miribel-jonage-ma-plus-belle-carte-postale-theme-du-19-concours-photo\/#respond"]}]},{"@type":"WebPage","@id":"https:\/\/newsestlyonnais.fr\/site\/2020\/08\/02\/miribel-jonage-ma-plus-belle-carte-postale-theme-du-19-concours-photo\/","url":"https:\/\/newsestlyonnais.fr\/site\/2020\/08\/02\/miribel-jonage-ma-plus-belle-carte-postale-theme-du-19-concours-photo\/","name":"MIRIBEL-JONAGE | \u00ab Ma plus belle carte postale... th\u00e8me du 19\u00b0 concours photo - News Est Lyonnais","isPartOf":{"@id":"https:\/\/newsestlyonnais.fr\/site\/#website"},"primaryImageOfPage":{"@id":"https:\/\/newsestlyonnais.fr\/site\/2020\/08\/02\/miribel-jonage-ma-plus-belle-carte-postale-theme-du-19-concours-photo\/#primaryimage"},"image":{"@id":"https:\/\/newsestlyonnais.fr\/site\/2020\/08\/02\/miribel-jonage-ma-plus-belle-carte-postale-theme-du-19-concours-photo\/#primaryimage"},"thumbnailUrl":"https:\/\/newsestlyonnais.fr\/site\/wp-content\/uploads\/2020\/08\/NEWSESTLYONNAIS-Conc.-photo-2020.jpg","datePublished":"2020-08-02T17:06:13+00:00","dateModified":"2020-08-04T10:37:31+00:00","description":"MIRIBEL-JONAGE | \u00ab Ma plus belle carte postale... \u00bb > th\u00e8me du 19\u00b0 concours photo","breadcrumb":{"@id":"https:\/\/newsestlyonnais.fr\/site\/2020\/08\/02\/miribel-jonage-ma-plus-belle-carte-postale-theme-du-19-concours-photo\/#breadcrumb"},"inLanguage":"fr-FR","potentialAction":[{"@type":"ReadAction","target":["https:\/\/newsestlyonnais.fr\/site\/2020\/08\/02\/miribel-jonage-ma-plus-belle-carte-postale-theme-du-19-concours-photo\/"]}]},{"@type":"ImageObject","inLanguage":"fr-FR","@id":"https:\/\/newsestlyonnais.fr\/site\/2020\/08\/02\/miribel-jonage-ma-plus-belle-carte-postale-theme-du-19-concours-photo\/#primaryimage","url":"https:\/\/newsestlyonnais.fr\/site\/wp-content\/uploads\/2020\/08\/NEWSESTLYONNAIS-Conc.-photo-2020.jpg","contentUrl":"https:\/\/newsestlyonnais.fr\/site\/wp-content\/uploads\/2020\/08\/NEWSESTLYONNAIS-Conc.-photo-2020.jpg","width":960,"height":640},{"@type":"BreadcrumbList","@id":"https:\/\/newsestlyonnais.fr\/site\/2020\/08\/02\/miribel-jonage-ma-plus-belle-carte-postale-theme-du-19-concours-photo\/#breadcrumb","itemListElement":[{"@type":"ListItem","position":1,"name":"Accueil","item":"https:\/\/newsestlyonnais.fr\/site\/"},{"@type":"ListItem","position":2,"name":"MIRIBEL-JONAGE | \u00ab Ma plus belle carte postale&#8230; th\u00e8me du 19\u00b0 concours photo"}]},{"@type":"WebSite","@id":"https:\/\/newsestlyonnais.fr\/site\/#website","url":"https:\/\/newsestlyonnais.fr\/site\/","name":"News Est Lyonnais","description":"L&#039;actualit\u00e9 au plus pr\u00e8s","publisher":{"@id":"https:\/\/newsestlyonnais.fr\/site\/#organization"},"potentialAction":[{"@type":"SearchAction","target":{"@type":"EntryPoint","urlTemplate":"https:\/\/newsestlyonnais.fr\/site\/?s={search_term_string}"},"query-input":{"@type":"PropertyValueSpecification","valueRequired":true,"valueName":"search_term_string"}}],"inLanguage":"fr-FR"},{"@type":"Organization","@id":"https:\/\/newsestlyonnais.fr\/site\/#organization","name":"News EST LYONNAIS","url":"https:\/\/newsestlyonnais.fr\/site\/","logo":{"@type":"ImageObject","inLanguage":"fr-FR","@id":"https:\/\/newsestlyonnais.fr\/site\/#\/schema\/logo\/image\/","url":"","contentUrl":"","caption":"News EST LYONNAIS"},"image":{"@id":"https:\/\/newsestlyonnais.fr\/site\/#\/schema\/logo\/image\/"}},{"@type":"Person","@id":"https:\/\/newsestlyonnais.fr\/site\/#\/schema\/person\/3230d5615f390bb808365d673001e887","name":"R\u00e9dac. NEWS","sameAs":["http:\/\/www.newsestlyonnais.fr","https:\/\/www.facebook.com\/pascal.oberson.1?fref=ts","https:\/\/fr.linkedin.com\/in\/pascal-oberson-b17045113"],"url":"https:\/\/newsestlyonnais.fr\/site\/author\/nel\/"}]}},"_links":{"self":[{"href":"https:\/\/newsestlyonnais.fr\/site\/wp-json\/wp\/v2\/posts\/108087","targetHints":{"allow":["GET"]}}],"collection":[{"href":"https:\/\/newsestlyonnais.fr\/site\/wp-json\/wp\/v2\/posts"}],"about":[{"href":"https:\/\/newsestlyonnais.fr\/site\/wp-json\/wp\/v2\/types\/post"}],"author":[{"embeddable":true,"href":"https:\/\/newsestlyonnais.fr\/site\/wp-json\/wp\/v2\/users\/4"}],"replies":[{"embeddable":true,"href":"https:\/\/newsestlyonnais.fr\/site\/wp-json\/wp\/v2\/comments?post=108087"}],"version-history":[{"count":0,"href":"https:\/\/newsestlyonnais.fr\/site\/wp-json\/wp\/v2\/posts\/108087\/revisions"}],"wp:featuredmedia":[{"embeddable":true,"href":"https:\/\/newsestlyonnais.fr\/site\/wp-json\/wp\/v2\/media\/108100"}],"wp:attachment":[{"href":"https:\/\/newsestlyonnais.fr\/site\/wp-json\/wp\/v2\/media?parent=108087"}],"wp:term":[{"taxonomy":"category","embeddable":true,"href":"https:\/\/newsestlyonnais.fr\/site\/wp-json\/wp\/v2\/categories?post=108087"},{"taxonomy":"post_tag","embeddable":true,"href":"https:\/\/newsestlyonnais.fr\/site\/wp-json\/wp\/v2\/tags?post=108087"}],"curies":[{"name":"wp","href":"https:\/\/api.w.org\/{rel}","templated":true}]}}