{"id":108124,"date":"2020-08-03T14:01:25","date_gmt":"2020-08-03T13:01:25","guid":{"rendered":"http:\/\/newsestlyonnais.fr\/site\/?p=108124"},"modified":"2020-08-03T14:09:57","modified_gmt":"2020-08-03T13:09:57","slug":"journees-europeennes-du-patrimoine-37-edition-les-19-et-20-septembre","status":"publish","type":"post","link":"https:\/\/newsestlyonnais.fr\/site\/2020\/08\/03\/journees-europeennes-du-patrimoine-37-edition-les-19-et-20-septembre\/","title":{"rendered":"Journ\u00e9es europ\u00e9ennes du patrimoine | 37\u00b0 \u00e9dition les 19 et 20 septembre"},"content":{"rendered":"<p>Il illustrera, de mani\u00e8re conviviale et ludique, le potentiel que rec\u00e8le le patrimoine en tant qu\u2019outil d\u2019apprentissage et source d\u2019inspiration pour l\u2019avenir.<\/p>\n<p><span style=\"text-decoration: underline\"><strong>Retrouvez les lieux des animations (pr\u00e8s de 300 \u00e0 ce jour) dans les 3 d\u00e9partements (01\/38 &amp; 69) : <\/strong><\/span>______________________________________________________________________________<\/p>\n<p><strong><span style=\"text-decoration: underline\">91 d\u00e9j\u00e0 pr\u00e9vues dans le d\u00e9partement du Rh\u00f4ne<\/span> <\/strong>: animation, randonn\u00e9e, circuit : 24, concert, r\u00e9cital : 3, jardin, parc, arboretum : 5, monument, construction remarquable : 40, mus\u00e9e, salle d&rsquo;exposition : 13 &amp; site industriel, artisanal ou commercial : 6.<\/p>\n<p><span style=\"font-size: 14pt\"><span style=\"text-decoration: underline\"><strong>A noter dans l&rsquo;Est Lyonnais<\/strong><\/span> :<\/span><\/p>\n<p><strong>Bron<\/strong> :\u00a0Hippodrome de Parilly<\/p>\n<p><strong>Caluire-et-Cuire<\/strong> <strong>: <\/strong>La Sabli\u00e8re<\/p>\n<p><strong>Corbas<\/strong> : March\u00e9 de Gros Lyon-Corbas<\/p>\n<p><strong>Feyzin<\/strong> : Mas de Revolat &amp; Parc de l&rsquo;Europe<\/p>\n<p><strong>Lyon<\/strong> <strong>: <\/strong>d\u00e9tail sur lien ci-dessous.<\/p>\n<p><strong>Rillieux-la-Pape<\/strong> : Fort de Vancia<\/p>\n<p><strong>Saint-Priest<\/strong> : Fort de Saint-Priest<\/p>\n<p><strong>Vaulx-en-Velin<\/strong> : Ensemble industriel remarquable Cusset-TASE, Mus\u00e9e des Automates, Usine TASE, Usine Tase, ancienne Unit\u00e9 de Production de Soie Artificielle.<\/p>\n<p><strong>Villeurbanne<\/strong> : Cimeti\u00e8re Ancien de Cusset &amp; Cimeti\u00e8re nouveau de Cusset.<\/p>\n<ul>\n<li><em><strong>Programme complet par communes<\/strong><\/em> sur : <a href=\"https:\/\/www.journees-du-patrimoine.com\/DEPARTEMENT\/journees-patrimoine-69-rhone.htm\">https:\/\/www.journees-du-patrimoine.com\/DEPARTEMENT\/journees-patrimoine-69-rhone.htm<\/a><\/li>\n<\/ul>\n<p>___________________________________________________________________________<\/p>\n<p><strong><span style=\"text-decoration: underline\"><img loading=\"lazy\" decoding=\"async\" class=\"alignleft wp-image-19808 size-thumbnail\" src=\"https:\/\/newsestlyonnais.fr\/site\/medias\/2016\/10\/NEWSESTLYONNAIS-gd-LOGO-AIN-e1484294359918-1-150x150.jpg\" alt=\"NEWSESTLYONNAIS-gd-LOGO-AIN-\" width=\"150\" height=\"150\" \/>56 d\u00e9j\u00e0 pr\u00e9vues dans le d\u00e9partement de l&rsquo;Ain<\/span><\/strong> : animation, randonn\u00e9e, circuit : 10, jardin, parc, arboretum : 3, monument, construction remarquable : 39, mus\u00e9e, salle d&rsquo;exposition : 3 &amp; ville remarquable 1.<\/p>\n<ul>\n<li><strong><em>Programme complet par communes<\/em><\/strong> sur : <a href=\"https:\/\/www.journees-du-patrimoine.com\/DEPARTEMENT\/journees-patrimoine-01-ain.htm\">https:\/\/www.journees-du-patrimoine.com\/DEPARTEMENT\/journees-patrimoine-01-ain.htm\u00a0<\/a><\/li>\n<\/ul>\n<p>___________________________________________________________<\/p>\n<p><strong><span style=\"text-decoration: underline\">144 d\u00e9j\u00e0 pr\u00e9vues dans le d\u00e9partement de l&rsquo;Is\u00e8re<\/span> :<\/strong> animation, randonn\u00e9e, circuit : 48, concert, r\u00e9cital : 2, jardin, parc, arboretum : 3, monument, construction remarquable : 61, mus\u00e9e, salle d&rsquo;exposition : 17, site industriel, artisanal ou commercial : 3, ville remarquable : 5.<\/p>\n<ul>\n<li><strong><em>Programme complet par communes<\/em><\/strong> sur : <a href=\"https:\/\/www.journees-du-patrimoine.com\/THEME\/38-animation-randonnee-circuit.htm\">https:\/\/www.journees-du-patrimoine.com\/THEME\/38-animation-randonnee-circuit.htm\u00a0<\/a><\/li>\n<\/ul>\n<p>___________________________________________________________________________<\/p>\n<p>&nbsp;<\/p>\n<p>&nbsp;<\/p>\n","protected":false},"excerpt":{"rendered":"<p>Le th\u00e8me pour cette ann\u00e9e : \u00ab\u00a0Patrimoine et \u00e9ducation : apprendre pour la vie !\u00a0\u00bb<\/p>\n","protected":false},"author":4,"featured_media":108147,"comment_status":"open","ping_status":"open","sticky":false,"template":"","format":"standard","meta":{"footnotes":""},"categories":[156,19,1287,164,1625,1219,1623,1296,28,29],"tags":[],"class_list":["post-108124","post","type-post","status-publish","format-standard","has-post-thumbnail","hentry","category-ain","category-bron","category-corbas-feyzin","category-isere","category-lyon","category-religion-seniors-souvenir","category-rillieux-la-pape","category-sain-priest","category-vaulx-en-velin","category-villeurbanne"],"yoast_head":"<!-- This site is optimized with the Yoast SEO plugin v27.2 - https:\/\/yoast.com\/product\/yoast-seo-wordpress\/ -->\n<title>Journ\u00e9es europ\u00e9ennes du patrimoine | 37\u00b0 \u00e9dition les 19 et 20 septembre - News Est Lyonnais<\/title>\n<meta name=\"description\" content=\"Journ\u00e9es europ\u00e9ennes du patrimoine | 37\u00b0 \u00e9dition les 19 et 20 septembre\" \/>\n<meta name=\"robots\" content=\"index, follow, max-snippet:-1, max-image-preview:large, max-video-preview:-1\" \/>\n<link rel=\"canonical\" href=\"https:\/\/newsestlyonnais.fr\/site\/2020\/08\/03\/journees-europeennes-du-patrimoine-37-edition-les-19-et-20-septembre\/\" \/>\n<meta property=\"og:locale\" content=\"fr_FR\" \/>\n<meta property=\"og:type\" content=\"article\" \/>\n<meta property=\"og:title\" content=\"Journ\u00e9es europ\u00e9ennes du patrimoine | 37\u00b0 \u00e9dition les 19 et 20 septembre - News Est Lyonnais\" \/>\n<meta property=\"og:description\" content=\"Journ\u00e9es europ\u00e9ennes du patrimoine | 37\u00b0 \u00e9dition les 19 et 20 septembre\" \/>\n<meta property=\"og:url\" content=\"https:\/\/newsestlyonnais.fr\/site\/2020\/08\/03\/journees-europeennes-du-patrimoine-37-edition-les-19-et-20-septembre\/\" \/>\n<meta property=\"og:site_name\" content=\"News Est Lyonnais\" \/>\n<meta property=\"article:author\" content=\"https:\/\/www.facebook.com\/pascal.oberson.1?fref=ts\" \/>\n<meta property=\"article:published_time\" content=\"2020-08-03T13:01:25+00:00\" \/>\n<meta property=\"article:modified_time\" content=\"2020-08-03T13:09:57+00:00\" \/>\n<meta property=\"og:image\" content=\"https:\/\/i0.wp.com\/newsestlyonnais.fr\/site\/wp-content\/uploads\/2020\/08\/108686664_3076563552379421_7384873371572503664_n.jpg?fit=500%2C262&ssl=1\" \/>\n\t<meta property=\"og:image:width\" content=\"500\" \/>\n\t<meta property=\"og:image:height\" content=\"262\" \/>\n\t<meta property=\"og:image:type\" content=\"image\/jpeg\" \/>\n<meta name=\"author\" content=\"R\u00e9dac. NEWS\" \/>\n<meta name=\"twitter:card\" content=\"summary_large_image\" \/>\n<meta name=\"twitter:label1\" content=\"\u00c9crit par\" \/>\n\t<meta name=\"twitter:data1\" content=\"R\u00e9dac. NEWS\" \/>\n\t<meta name=\"twitter:label2\" content=\"Dur\u00e9e de lecture estim\u00e9e\" \/>\n\t<meta name=\"twitter:data2\" content=\"1 minute\" \/>\n<script type=\"application\/ld+json\" class=\"yoast-schema-graph\">{\"@context\":\"https:\/\/schema.org\",\"@graph\":[{\"@type\":\"Article\",\"@id\":\"https:\/\/newsestlyonnais.fr\/site\/2020\/08\/03\/journees-europeennes-du-patrimoine-37-edition-les-19-et-20-septembre\/#article\",\"isPartOf\":{\"@id\":\"https:\/\/newsestlyonnais.fr\/site\/2020\/08\/03\/journees-europeennes-du-patrimoine-37-edition-les-19-et-20-septembre\/\"},\"author\":{\"name\":\"R\u00e9dac. NEWS\",\"@id\":\"https:\/\/newsestlyonnais.fr\/site\/#\/schema\/person\/3230d5615f390bb808365d673001e887\"},\"headline\":\"Journ\u00e9es europ\u00e9ennes du patrimoine | 37\u00b0 \u00e9dition les 19 et 20 septembre\",\"datePublished\":\"2020-08-03T13:01:25+00:00\",\"dateModified\":\"2020-08-03T13:09:57+00:00\",\"mainEntityOfPage\":{\"@id\":\"https:\/\/newsestlyonnais.fr\/site\/2020\/08\/03\/journees-europeennes-du-patrimoine-37-edition-les-19-et-20-septembre\/\"},\"wordCount\":268,\"commentCount\":0,\"publisher\":{\"@id\":\"https:\/\/newsestlyonnais.fr\/site\/#organization\"},\"image\":{\"@id\":\"https:\/\/newsestlyonnais.fr\/site\/2020\/08\/03\/journees-europeennes-du-patrimoine-37-edition-les-19-et-20-septembre\/#primaryimage\"},\"thumbnailUrl\":\"https:\/\/newsestlyonnais.fr\/site\/wp-content\/uploads\/2020\/08\/108686664_3076563552379421_7384873371572503664_n.jpg\",\"articleSection\":[\"Ain (01)\",\"Bron\",\"Corbas | Feyzin\",\"Is\u00e8re (38)\",\"Lyon\",\"Religion | Seniors | Souvenir\",\"Rillieux-la-Pape\",\"Saint-Priest\",\"Vaulx-en-Velin\",\"Villeurbanne\"],\"inLanguage\":\"fr-FR\",\"potentialAction\":[{\"@type\":\"CommentAction\",\"name\":\"Comment\",\"target\":[\"https:\/\/newsestlyonnais.fr\/site\/2020\/08\/03\/journees-europeennes-du-patrimoine-37-edition-les-19-et-20-septembre\/#respond\"]}]},{\"@type\":\"WebPage\",\"@id\":\"https:\/\/newsestlyonnais.fr\/site\/2020\/08\/03\/journees-europeennes-du-patrimoine-37-edition-les-19-et-20-septembre\/\",\"url\":\"https:\/\/newsestlyonnais.fr\/site\/2020\/08\/03\/journees-europeennes-du-patrimoine-37-edition-les-19-et-20-septembre\/\",\"name\":\"Journ\u00e9es europ\u00e9ennes du patrimoine | 37\u00b0 \u00e9dition les 19 et 20 septembre - News Est Lyonnais\",\"isPartOf\":{\"@id\":\"https:\/\/newsestlyonnais.fr\/site\/#website\"},\"primaryImageOfPage\":{\"@id\":\"https:\/\/newsestlyonnais.fr\/site\/2020\/08\/03\/journees-europeennes-du-patrimoine-37-edition-les-19-et-20-septembre\/#primaryimage\"},\"image\":{\"@id\":\"https:\/\/newsestlyonnais.fr\/site\/2020\/08\/03\/journees-europeennes-du-patrimoine-37-edition-les-19-et-20-septembre\/#primaryimage\"},\"thumbnailUrl\":\"https:\/\/newsestlyonnais.fr\/site\/wp-content\/uploads\/2020\/08\/108686664_3076563552379421_7384873371572503664_n.jpg\",\"datePublished\":\"2020-08-03T13:01:25+00:00\",\"dateModified\":\"2020-08-03T13:09:57+00:00\",\"description\":\"Journ\u00e9es europ\u00e9ennes du patrimoine | 37\u00b0 \u00e9dition les 19 et 20 septembre\",\"breadcrumb\":{\"@id\":\"https:\/\/newsestlyonnais.fr\/site\/2020\/08\/03\/journees-europeennes-du-patrimoine-37-edition-les-19-et-20-septembre\/#breadcrumb\"},\"inLanguage\":\"fr-FR\",\"potentialAction\":[{\"@type\":\"ReadAction\",\"target\":[\"https:\/\/newsestlyonnais.fr\/site\/2020\/08\/03\/journees-europeennes-du-patrimoine-37-edition-les-19-et-20-septembre\/\"]}]},{\"@type\":\"ImageObject\",\"inLanguage\":\"fr-FR\",\"@id\":\"https:\/\/newsestlyonnais.fr\/site\/2020\/08\/03\/journees-europeennes-du-patrimoine-37-edition-les-19-et-20-septembre\/#primaryimage\",\"url\":\"https:\/\/newsestlyonnais.fr\/site\/wp-content\/uploads\/2020\/08\/108686664_3076563552379421_7384873371572503664_n.jpg\",\"contentUrl\":\"https:\/\/newsestlyonnais.fr\/site\/wp-content\/uploads\/2020\/08\/108686664_3076563552379421_7384873371572503664_n.jpg\",\"width\":500,\"height\":262},{\"@type\":\"BreadcrumbList\",\"@id\":\"https:\/\/newsestlyonnais.fr\/site\/2020\/08\/03\/journees-europeennes-du-patrimoine-37-edition-les-19-et-20-septembre\/#breadcrumb\",\"itemListElement\":[{\"@type\":\"ListItem\",\"position\":1,\"name\":\"Accueil\",\"item\":\"https:\/\/newsestlyonnais.fr\/site\/\"},{\"@type\":\"ListItem\",\"position\":2,\"name\":\"Journ\u00e9es europ\u00e9ennes du patrimoine | 37\u00b0 \u00e9dition les 19 et 20 septembre\"}]},{\"@type\":\"WebSite\",\"@id\":\"https:\/\/newsestlyonnais.fr\/site\/#website\",\"url\":\"https:\/\/newsestlyonnais.fr\/site\/\",\"name\":\"News Est Lyonnais\",\"description\":\"L&#039;actualit\u00e9 au plus pr\u00e8s\",\"publisher\":{\"@id\":\"https:\/\/newsestlyonnais.fr\/site\/#organization\"},\"potentialAction\":[{\"@type\":\"SearchAction\",\"target\":{\"@type\":\"EntryPoint\",\"urlTemplate\":\"https:\/\/newsestlyonnais.fr\/site\/?s={search_term_string}\"},\"query-input\":{\"@type\":\"PropertyValueSpecification\",\"valueRequired\":true,\"valueName\":\"search_term_string\"}}],\"inLanguage\":\"fr-FR\"},{\"@type\":\"Organization\",\"@id\":\"https:\/\/newsestlyonnais.fr\/site\/#organization\",\"name\":\"News EST LYONNAIS\",\"url\":\"https:\/\/newsestlyonnais.fr\/site\/\",\"logo\":{\"@type\":\"ImageObject\",\"inLanguage\":\"fr-FR\",\"@id\":\"https:\/\/newsestlyonnais.fr\/site\/#\/schema\/logo\/image\/\",\"url\":\"\",\"contentUrl\":\"\",\"caption\":\"News EST LYONNAIS\"},\"image\":{\"@id\":\"https:\/\/newsestlyonnais.fr\/site\/#\/schema\/logo\/image\/\"}},{\"@type\":\"Person\",\"@id\":\"https:\/\/newsestlyonnais.fr\/site\/#\/schema\/person\/3230d5615f390bb808365d673001e887\",\"name\":\"R\u00e9dac. NEWS\",\"sameAs\":[\"http:\/\/www.newsestlyonnais.fr\",\"https:\/\/www.facebook.com\/pascal.oberson.1?fref=ts\",\"https:\/\/fr.linkedin.com\/in\/pascal-oberson-b17045113\"],\"url\":\"https:\/\/newsestlyonnais.fr\/site\/author\/nel\/\"}]}<\/script>\n<!-- \/ Yoast SEO plugin. -->","yoast_head_json":{"title":"Journ\u00e9es europ\u00e9ennes du patrimoine | 37\u00b0 \u00e9dition les 19 et 20 septembre - News Est Lyonnais","description":"Journ\u00e9es europ\u00e9ennes du patrimoine | 37\u00b0 \u00e9dition les 19 et 20 septembre","robots":{"index":"index","follow":"follow","max-snippet":"max-snippet:-1","max-image-preview":"max-image-preview:large","max-video-preview":"max-video-preview:-1"},"canonical":"https:\/\/newsestlyonnais.fr\/site\/2020\/08\/03\/journees-europeennes-du-patrimoine-37-edition-les-19-et-20-septembre\/","og_locale":"fr_FR","og_type":"article","og_title":"Journ\u00e9es europ\u00e9ennes du patrimoine | 37\u00b0 \u00e9dition les 19 et 20 septembre - News Est Lyonnais","og_description":"Journ\u00e9es europ\u00e9ennes du patrimoine | 37\u00b0 \u00e9dition les 19 et 20 septembre","og_url":"https:\/\/newsestlyonnais.fr\/site\/2020\/08\/03\/journees-europeennes-du-patrimoine-37-edition-les-19-et-20-septembre\/","og_site_name":"News Est Lyonnais","article_author":"https:\/\/www.facebook.com\/pascal.oberson.1?fref=ts","article_published_time":"2020-08-03T13:01:25+00:00","article_modified_time":"2020-08-03T13:09:57+00:00","og_image":[{"width":500,"height":262,"url":"https:\/\/i0.wp.com\/newsestlyonnais.fr\/site\/wp-content\/uploads\/2020\/08\/108686664_3076563552379421_7384873371572503664_n.jpg?fit=500%2C262&ssl=1","type":"image\/jpeg"}],"author":"R\u00e9dac. NEWS","twitter_card":"summary_large_image","twitter_misc":{"\u00c9crit par":"R\u00e9dac. NEWS","Dur\u00e9e de lecture estim\u00e9e":"1 minute"},"schema":{"@context":"https:\/\/schema.org","@graph":[{"@type":"Article","@id":"https:\/\/newsestlyonnais.fr\/site\/2020\/08\/03\/journees-europeennes-du-patrimoine-37-edition-les-19-et-20-septembre\/#article","isPartOf":{"@id":"https:\/\/newsestlyonnais.fr\/site\/2020\/08\/03\/journees-europeennes-du-patrimoine-37-edition-les-19-et-20-septembre\/"},"author":{"name":"R\u00e9dac. NEWS","@id":"https:\/\/newsestlyonnais.fr\/site\/#\/schema\/person\/3230d5615f390bb808365d673001e887"},"headline":"Journ\u00e9es europ\u00e9ennes du patrimoine | 37\u00b0 \u00e9dition les 19 et 20 septembre","datePublished":"2020-08-03T13:01:25+00:00","dateModified":"2020-08-03T13:09:57+00:00","mainEntityOfPage":{"@id":"https:\/\/newsestlyonnais.fr\/site\/2020\/08\/03\/journees-europeennes-du-patrimoine-37-edition-les-19-et-20-septembre\/"},"wordCount":268,"commentCount":0,"publisher":{"@id":"https:\/\/newsestlyonnais.fr\/site\/#organization"},"image":{"@id":"https:\/\/newsestlyonnais.fr\/site\/2020\/08\/03\/journees-europeennes-du-patrimoine-37-edition-les-19-et-20-septembre\/#primaryimage"},"thumbnailUrl":"https:\/\/newsestlyonnais.fr\/site\/wp-content\/uploads\/2020\/08\/108686664_3076563552379421_7384873371572503664_n.jpg","articleSection":["Ain (01)","Bron","Corbas | Feyzin","Is\u00e8re (38)","Lyon","Religion | Seniors | Souvenir","Rillieux-la-Pape","Saint-Priest","Vaulx-en-Velin","Villeurbanne"],"inLanguage":"fr-FR","potentialAction":[{"@type":"CommentAction","name":"Comment","target":["https:\/\/newsestlyonnais.fr\/site\/2020\/08\/03\/journees-europeennes-du-patrimoine-37-edition-les-19-et-20-septembre\/#respond"]}]},{"@type":"WebPage","@id":"https:\/\/newsestlyonnais.fr\/site\/2020\/08\/03\/journees-europeennes-du-patrimoine-37-edition-les-19-et-20-septembre\/","url":"https:\/\/newsestlyonnais.fr\/site\/2020\/08\/03\/journees-europeennes-du-patrimoine-37-edition-les-19-et-20-septembre\/","name":"Journ\u00e9es europ\u00e9ennes du patrimoine | 37\u00b0 \u00e9dition les 19 et 20 septembre - News Est Lyonnais","isPartOf":{"@id":"https:\/\/newsestlyonnais.fr\/site\/#website"},"primaryImageOfPage":{"@id":"https:\/\/newsestlyonnais.fr\/site\/2020\/08\/03\/journees-europeennes-du-patrimoine-37-edition-les-19-et-20-septembre\/#primaryimage"},"image":{"@id":"https:\/\/newsestlyonnais.fr\/site\/2020\/08\/03\/journees-europeennes-du-patrimoine-37-edition-les-19-et-20-septembre\/#primaryimage"},"thumbnailUrl":"https:\/\/newsestlyonnais.fr\/site\/wp-content\/uploads\/2020\/08\/108686664_3076563552379421_7384873371572503664_n.jpg","datePublished":"2020-08-03T13:01:25+00:00","dateModified":"2020-08-03T13:09:57+00:00","description":"Journ\u00e9es europ\u00e9ennes du patrimoine | 37\u00b0 \u00e9dition les 19 et 20 septembre","breadcrumb":{"@id":"https:\/\/newsestlyonnais.fr\/site\/2020\/08\/03\/journees-europeennes-du-patrimoine-37-edition-les-19-et-20-septembre\/#breadcrumb"},"inLanguage":"fr-FR","potentialAction":[{"@type":"ReadAction","target":["https:\/\/newsestlyonnais.fr\/site\/2020\/08\/03\/journees-europeennes-du-patrimoine-37-edition-les-19-et-20-septembre\/"]}]},{"@type":"ImageObject","inLanguage":"fr-FR","@id":"https:\/\/newsestlyonnais.fr\/site\/2020\/08\/03\/journees-europeennes-du-patrimoine-37-edition-les-19-et-20-septembre\/#primaryimage","url":"https:\/\/newsestlyonnais.fr\/site\/wp-content\/uploads\/2020\/08\/108686664_3076563552379421_7384873371572503664_n.jpg","contentUrl":"https:\/\/newsestlyonnais.fr\/site\/wp-content\/uploads\/2020\/08\/108686664_3076563552379421_7384873371572503664_n.jpg","width":500,"height":262},{"@type":"BreadcrumbList","@id":"https:\/\/newsestlyonnais.fr\/site\/2020\/08\/03\/journees-europeennes-du-patrimoine-37-edition-les-19-et-20-septembre\/#breadcrumb","itemListElement":[{"@type":"ListItem","position":1,"name":"Accueil","item":"https:\/\/newsestlyonnais.fr\/site\/"},{"@type":"ListItem","position":2,"name":"Journ\u00e9es europ\u00e9ennes du patrimoine | 37\u00b0 \u00e9dition les 19 et 20 septembre"}]},{"@type":"WebSite","@id":"https:\/\/newsestlyonnais.fr\/site\/#website","url":"https:\/\/newsestlyonnais.fr\/site\/","name":"News Est Lyonnais","description":"L&#039;actualit\u00e9 au plus pr\u00e8s","publisher":{"@id":"https:\/\/newsestlyonnais.fr\/site\/#organization"},"potentialAction":[{"@type":"SearchAction","target":{"@type":"EntryPoint","urlTemplate":"https:\/\/newsestlyonnais.fr\/site\/?s={search_term_string}"},"query-input":{"@type":"PropertyValueSpecification","valueRequired":true,"valueName":"search_term_string"}}],"inLanguage":"fr-FR"},{"@type":"Organization","@id":"https:\/\/newsestlyonnais.fr\/site\/#organization","name":"News EST LYONNAIS","url":"https:\/\/newsestlyonnais.fr\/site\/","logo":{"@type":"ImageObject","inLanguage":"fr-FR","@id":"https:\/\/newsestlyonnais.fr\/site\/#\/schema\/logo\/image\/","url":"","contentUrl":"","caption":"News EST LYONNAIS"},"image":{"@id":"https:\/\/newsestlyonnais.fr\/site\/#\/schema\/logo\/image\/"}},{"@type":"Person","@id":"https:\/\/newsestlyonnais.fr\/site\/#\/schema\/person\/3230d5615f390bb808365d673001e887","name":"R\u00e9dac. NEWS","sameAs":["http:\/\/www.newsestlyonnais.fr","https:\/\/www.facebook.com\/pascal.oberson.1?fref=ts","https:\/\/fr.linkedin.com\/in\/pascal-oberson-b17045113"],"url":"https:\/\/newsestlyonnais.fr\/site\/author\/nel\/"}]}},"_links":{"self":[{"href":"https:\/\/newsestlyonnais.fr\/site\/wp-json\/wp\/v2\/posts\/108124","targetHints":{"allow":["GET"]}}],"collection":[{"href":"https:\/\/newsestlyonnais.fr\/site\/wp-json\/wp\/v2\/posts"}],"about":[{"href":"https:\/\/newsestlyonnais.fr\/site\/wp-json\/wp\/v2\/types\/post"}],"author":[{"embeddable":true,"href":"https:\/\/newsestlyonnais.fr\/site\/wp-json\/wp\/v2\/users\/4"}],"replies":[{"embeddable":true,"href":"https:\/\/newsestlyonnais.fr\/site\/wp-json\/wp\/v2\/comments?post=108124"}],"version-history":[{"count":0,"href":"https:\/\/newsestlyonnais.fr\/site\/wp-json\/wp\/v2\/posts\/108124\/revisions"}],"wp:featuredmedia":[{"embeddable":true,"href":"https:\/\/newsestlyonnais.fr\/site\/wp-json\/wp\/v2\/media\/108147"}],"wp:attachment":[{"href":"https:\/\/newsestlyonnais.fr\/site\/wp-json\/wp\/v2\/media?parent=108124"}],"wp:term":[{"taxonomy":"category","embeddable":true,"href":"https:\/\/newsestlyonnais.fr\/site\/wp-json\/wp\/v2\/categories?post=108124"},{"taxonomy":"post_tag","embeddable":true,"href":"https:\/\/newsestlyonnais.fr\/site\/wp-json\/wp\/v2\/tags?post=108124"}],"curies":[{"name":"wp","href":"https:\/\/api.w.org\/{rel}","templated":true}]}}