{"id":108302,"date":"2020-08-06T15:25:59","date_gmt":"2020-08-06T14:25:59","guid":{"rendered":"http:\/\/newsestlyonnais.fr\/site\/?p=108302"},"modified":"2020-08-23T17:11:28","modified_gmt":"2020-08-23T16:11:28","slug":"bron-le-club-de-taekwondo-souhaite-fideliser-et-rester-sur-sa-dynamique","status":"publish","type":"post","link":"https:\/\/newsestlyonnais.fr\/site\/2020\/08\/06\/bron-le-club-de-taekwondo-souhaite-fideliser-et-rester-sur-sa-dynamique\/","title":{"rendered":"BRON | Taekwondo club &gt; fid\u00e9liser et rester sur sa dynamique"},"content":{"rendered":"<p>Plus de 50 % en effet des adh\u00e9rents de la section sont issus du quartier de Terraillon, <strong>221 enfants<\/strong> (0 \u00e0 15 ans) sont recens\u00e9s et <strong>45 % de f\u00e9minines<\/strong>. Un maintien constant des effectifs est constat\u00e9, les inscriptions \u00e9tant m\u00eame bloqu\u00e9es dans certaines cat\u00e9gories d&rsquo;\u00e2ges afin de prioriser la qualit\u00e9 sur la quantit\u00e9.<\/p>\n<p>La pr\u00e9sidence est assur\u00e9e depuis septembre 2019 par Hanan Makhoukh qui a succ\u00e9d\u00e9 \u00e0 Amad Shamim au sein d&rsquo;<strong>un bureau dirigeant 100 % f\u00e9minin<\/strong>. Sur le plan technique, les cours \u00e9taient dirig\u00e9s par les 3 entraineurs du club Youn\u00e8s, Mehdi et St\u00e9phanie Vittoz (arriv\u00e9e en 2015). Un staff qui verra en septembre l&rsquo;int\u00e9gration d&rsquo;Abdel Chellal, qui \u00e9tait au club de Genas et qui soulagera ainsi les coachs en place suite \u00e0 l&rsquo;augmentation du nombre de cours.<\/p>\n<p>A noter que la <strong>section Fit taekwondo<\/strong>, ouverte il y a 3 ans, a bien fonctionn\u00e9. Un groupe dynamique d&rsquo;une trentaine de personnes, des parents d&rsquo;enfants du club, s&rsquo;entrainent 2 fois par semaine sous la coupe de profs form\u00e9es. Ce m\u00e9lange de fitness et taekwondo permet une reprise du sport adapt\u00e9e et en musique avec une ligne sportive.<\/p>\n<p>Au <strong>niveau sportif,<\/strong> \u00a0\u00bb m\u00eame si la saison a \u00e9t\u00e9 sp\u00e9ciale et frustrante pour les comp\u00e9titeurs qualifi\u00e9s \u00a0\u00bb selon les entraineurs, plusieurs r\u00e9sultats significatifs avaient \u00e9t\u00e9 enregistr\u00e9s d\u00e8s la fin 2019.\u00a0 Chez les jeunes, Tarik Coignet a remport\u00e9 la coupe de France minimes \u00e0 Gerland (- 37 kg) tout comme l&rsquo;\u00e9quipe f\u00e9minine benjamine en entente avec 3 autres clubs (Alliance Val de Sa\u00f4ne, feyzin et D\u00e9cines). D&rsquo;autres belles perfs sont \u00e0 signaler : aux France Masters \u00e0 Bourges , la 3\u00b0 place de St\u00e9phanie Vittoz tout comme Alexia Kacou-Fleury et le titre en Master (- 80 kg) de Youn\u00e8s Ouasmi. Le club mise d&rsquo;autre part sur 2 r\u00e9els espoirs que sont les juniors Youn\u00e8s Benharak, qui a particp\u00e9 au championnat d&rsquo;Europe en Espagne et Denya El Madjeri au fort potentiel.<\/p>\n<p>Mais forc\u00e9ment l&rsquo;arr\u00eat complet des comp\u00e9titions pour cause de confinement a engendr\u00e9 une activit\u00e9 partielle et la mise au ch\u00f4mage technique des salari\u00e9s du club. Un lien a cependant \u00e9t\u00e9 maintenu avec les membres du club et des cours par visios ont \u00e9t\u00e9 mis en place (2 sessions par jour). Ils ont \u00e9t\u00e9 bien suivies avec une moyenne constat\u00e9e de 15 personnes. Une crise sanitaire qui a entrain\u00e9 l&rsquo;annulation de tournois internationaux mais aussi des championnats de France (cadets, juniors) pr\u00e9vus \u00e0 Niort o\u00f9 le club avait 14 qualifi\u00e9s (de 12 \u00e0 17 ans).<\/p>\n<p>La ligue r\u00e9gionale de taekwondo a d\u00e9cid\u00e9 de faire profiter les clubs d&rsquo;une r\u00e9trocession accord\u00e9e par la F\u00e9d\u00e9ration Fran\u00e7aise sur le prix de chaque licence. Le club brondillant ayant choisi d&rsquo;offrir la licence aux adh\u00e9rents de cette saison souhaitant la renouveler ceci afin de fid\u00e9liser et rester sur la dynamique actuelle.<\/p>\n<p>Enfin les projets ne manquent pas au Bron Taekwondo, qui participe cet \u00e9t\u00e9 \u00e0 Parilly et \u00e0 Terraillon \u00e0 l&rsquo;op\u00e9ration \u00ab\u00a0M\u00e9tropole Vacances Sportives\u00a0\u00bb et qui organisera 2 comp\u00e9tions initiations pour jeunes \u00e0 la Toussaint et \u00e0 No\u00ebl ainsi qu&rsquo;une journ\u00e9e secourisme.\u00a0\u00a0 ______________________________________________________________________________<\/p>\n<ul>\n<li><em><strong>Toute l&rsquo;ACTU du club est sur<\/strong> <\/em>: <a href=\"https:\/\/brontaekwondo.com\/wp-brontkd\">https:\/\/brontaekwondo.com\/wp-brontkd<\/a><\/li>\n<\/ul>\n<div id='gallery-1' class='gallery galleryid-108302 gallery-columns-3 gallery-size-thumbnail'><figure class='gallery-item'>\n\t\t\t<div class='gallery-icon portrait'>\n\t\t\t\t<a href='https:\/\/newsestlyonnais.fr\/site\/2020\/08\/06\/bron-le-club-de-taekwondo-souhaite-fideliser-et-rester-sur-sa-dynamique\/img_20190511_173901\/'><img loading=\"lazy\" decoding=\"async\" width=\"113\" height=\"150\" src=\"https:\/\/newsestlyonnais.fr\/site\/wp-content\/uploads\/2020\/08\/IMG_20190511_173901-250x333.jpg\" class=\"attachment-thumbnail size-thumbnail\" alt=\"\" srcset=\"https:\/\/newsestlyonnais.fr\/site\/wp-content\/uploads\/2020\/08\/IMG_20190511_173901-250x333.jpg 250w, https:\/\/newsestlyonnais.fr\/site\/wp-content\/uploads\/2020\/08\/IMG_20190511_173901-400x533.jpg 400w, https:\/\/newsestlyonnais.fr\/site\/wp-content\/uploads\/2020\/08\/IMG_20190511_173901-150x200.jpg 150w, https:\/\/newsestlyonnais.fr\/site\/wp-content\/uploads\/2020\/08\/IMG_20190511_173901-50x67.jpg 50w, https:\/\/newsestlyonnais.fr\/site\/wp-content\/uploads\/2020\/08\/IMG_20190511_173901-100x133.jpg 100w, https:\/\/newsestlyonnais.fr\/site\/wp-content\/uploads\/2020\/08\/IMG_20190511_173901-200x266.jpg 200w, https:\/\/newsestlyonnais.fr\/site\/wp-content\/uploads\/2020\/08\/IMG_20190511_173901-300x400.jpg 300w, https:\/\/newsestlyonnais.fr\/site\/wp-content\/uploads\/2020\/08\/IMG_20190511_173901-350x466.jpg 350w, https:\/\/newsestlyonnais.fr\/site\/wp-content\/uploads\/2020\/08\/IMG_20190511_173901-450x599.jpg 450w, https:\/\/newsestlyonnais.fr\/site\/wp-content\/uploads\/2020\/08\/IMG_20190511_173901.jpg 470w\" sizes=\"auto, (max-width: 113px) 100vw, 113px\" \/><\/a>\n\t\t\t<\/div><\/figure><figure class='gallery-item'>\n\t\t\t<div class='gallery-icon landscape'>\n\t\t\t\t<a href='https:\/\/newsestlyonnais.fr\/site\/2020\/08\/06\/bron-le-club-de-taekwondo-souhaite-fideliser-et-rester-sur-sa-dynamique\/img_20190511_174150\/'><img loading=\"lazy\" decoding=\"async\" width=\"150\" height=\"112\" src=\"https:\/\/newsestlyonnais.fr\/site\/wp-content\/uploads\/2020\/08\/IMG_20190511_174150-250x187.jpg\" class=\"attachment-thumbnail size-thumbnail\" alt=\"\" srcset=\"https:\/\/newsestlyonnais.fr\/site\/wp-content\/uploads\/2020\/08\/IMG_20190511_174150-250x187.jpg 250w, https:\/\/newsestlyonnais.fr\/site\/wp-content\/uploads\/2020\/08\/IMG_20190511_174150-400x300.jpg 400w, https:\/\/newsestlyonnais.fr\/site\/wp-content\/uploads\/2020\/08\/IMG_20190511_174150-650x487.jpg 650w, https:\/\/newsestlyonnais.fr\/site\/wp-content\/uploads\/2020\/08\/IMG_20190511_174150-768x576.jpg 768w, https:\/\/newsestlyonnais.fr\/site\/wp-content\/uploads\/2020\/08\/IMG_20190511_174150-150x112.jpg 150w, https:\/\/newsestlyonnais.fr\/site\/wp-content\/uploads\/2020\/08\/IMG_20190511_174150-50x37.jpg 50w, https:\/\/newsestlyonnais.fr\/site\/wp-content\/uploads\/2020\/08\/IMG_20190511_174150-100x75.jpg 100w, https:\/\/newsestlyonnais.fr\/site\/wp-content\/uploads\/2020\/08\/IMG_20190511_174150-200x150.jpg 200w, https:\/\/newsestlyonnais.fr\/site\/wp-content\/uploads\/2020\/08\/IMG_20190511_174150-300x225.jpg 300w, https:\/\/newsestlyonnais.fr\/site\/wp-content\/uploads\/2020\/08\/IMG_20190511_174150-350x262.jpg 350w, https:\/\/newsestlyonnais.fr\/site\/wp-content\/uploads\/2020\/08\/IMG_20190511_174150-450x337.jpg 450w, https:\/\/newsestlyonnais.fr\/site\/wp-content\/uploads\/2020\/08\/IMG_20190511_174150-500x375.jpg 500w, https:\/\/newsestlyonnais.fr\/site\/wp-content\/uploads\/2020\/08\/IMG_20190511_174150-550x412.jpg 550w, https:\/\/newsestlyonnais.fr\/site\/wp-content\/uploads\/2020\/08\/IMG_20190511_174150-800x600.jpg 800w, https:\/\/newsestlyonnais.fr\/site\/wp-content\/uploads\/2020\/08\/IMG_20190511_174150.jpg 835w\" sizes=\"auto, (max-width: 150px) 100vw, 150px\" \/><\/a>\n\t\t\t<\/div><\/figure><figure class='gallery-item'>\n\t\t\t<div class='gallery-icon landscape'>\n\t\t\t\t<a href='https:\/\/newsestlyonnais.fr\/site\/2020\/08\/06\/bron-le-club-de-taekwondo-souhaite-fideliser-et-rester-sur-sa-dynamique\/p1440366\/'><img loading=\"lazy\" decoding=\"async\" width=\"150\" height=\"113\" src=\"https:\/\/newsestlyonnais.fr\/site\/wp-content\/uploads\/2020\/08\/P1440366-250x188.jpg\" class=\"attachment-thumbnail size-thumbnail\" alt=\"\" aria-describedby=\"gallery-1-108322\" srcset=\"https:\/\/newsestlyonnais.fr\/site\/wp-content\/uploads\/2020\/08\/P1440366-250x188.jpg 250w, https:\/\/newsestlyonnais.fr\/site\/wp-content\/uploads\/2020\/08\/P1440366-400x300.jpg 400w, https:\/\/newsestlyonnais.fr\/site\/wp-content\/uploads\/2020\/08\/P1440366-650x488.jpg 650w, https:\/\/newsestlyonnais.fr\/site\/wp-content\/uploads\/2020\/08\/P1440366-768x576.jpg 768w, https:\/\/newsestlyonnais.fr\/site\/wp-content\/uploads\/2020\/08\/P1440366-150x113.jpg 150w, https:\/\/newsestlyonnais.fr\/site\/wp-content\/uploads\/2020\/08\/P1440366-50x38.jpg 50w, https:\/\/newsestlyonnais.fr\/site\/wp-content\/uploads\/2020\/08\/P1440366-100x75.jpg 100w, https:\/\/newsestlyonnais.fr\/site\/wp-content\/uploads\/2020\/08\/P1440366-200x150.jpg 200w, https:\/\/newsestlyonnais.fr\/site\/wp-content\/uploads\/2020\/08\/P1440366-300x225.jpg 300w, https:\/\/newsestlyonnais.fr\/site\/wp-content\/uploads\/2020\/08\/P1440366-350x263.jpg 350w, https:\/\/newsestlyonnais.fr\/site\/wp-content\/uploads\/2020\/08\/P1440366-450x338.jpg 450w, https:\/\/newsestlyonnais.fr\/site\/wp-content\/uploads\/2020\/08\/P1440366-500x375.jpg 500w, https:\/\/newsestlyonnais.fr\/site\/wp-content\/uploads\/2020\/08\/P1440366-550x413.jpg 550w, https:\/\/newsestlyonnais.fr\/site\/wp-content\/uploads\/2020\/08\/P1440366-800x600.jpg 800w, https:\/\/newsestlyonnais.fr\/site\/wp-content\/uploads\/2020\/08\/P1440366.jpg 1200w\" sizes=\"auto, (max-width: 150px) 100vw, 150px\" \/><\/a>\n\t\t\t<\/div>\n\t\t\t\t<figcaption class='wp-caption-text gallery-caption' id='gallery-1-108322'>\n\t\t\t\tLes entraineurs du club \n\t\t\t\t<\/figcaption><\/figure>\n\t\t<\/div>\n\n","protected":false},"excerpt":{"rendered":"<p>Focus en cette p\u00e9riode estivale sur ce club fort d&rsquo;un large effectif avec 272 licenci\u00e9s dont une grosse majorit\u00e9 de brondillants.<\/p>\n","protected":false},"author":4,"featured_media":108319,"comment_status":"open","ping_status":"open","sticky":false,"template":"","format":"standard","meta":{"footnotes":""},"categories":[19,2994,2,2995],"tags":[],"class_list":["post-108302","post","type-post","status-publish","format-standard","has-post-thumbnail","hentry","category-bron","category-judo-karate-taekwondo-sports","category-sports","category-taekwondo-sports"],"yoast_head":"<!-- This site is optimized with the Yoast SEO plugin v27.2 - https:\/\/yoast.com\/product\/yoast-seo-wordpress\/ -->\n<title>BRON | Taekwondo club &gt; fid\u00e9liser et rester sur sa dynamique - News Est Lyonnais<\/title>\n<meta name=\"description\" content=\"BRON | Le club de taekwondo souhaite fid\u00e9liser et rester sur sa dynamique\" \/>\n<meta name=\"robots\" content=\"index, follow, max-snippet:-1, max-image-preview:large, max-video-preview:-1\" \/>\n<link rel=\"canonical\" href=\"https:\/\/newsestlyonnais.fr\/site\/2020\/08\/06\/bron-le-club-de-taekwondo-souhaite-fideliser-et-rester-sur-sa-dynamique\/\" \/>\n<meta property=\"og:locale\" content=\"fr_FR\" \/>\n<meta property=\"og:type\" content=\"article\" \/>\n<meta property=\"og:title\" content=\"BRON | Taekwondo club &gt; fid\u00e9liser et rester sur sa dynamique - News Est Lyonnais\" \/>\n<meta property=\"og:description\" content=\"BRON | Le club de taekwondo souhaite fid\u00e9liser et rester sur sa dynamique\" \/>\n<meta property=\"og:url\" content=\"https:\/\/newsestlyonnais.fr\/site\/2020\/08\/06\/bron-le-club-de-taekwondo-souhaite-fideliser-et-rester-sur-sa-dynamique\/\" \/>\n<meta property=\"og:site_name\" content=\"News Est Lyonnais\" \/>\n<meta property=\"article:author\" content=\"https:\/\/www.facebook.com\/pascal.oberson.1?fref=ts\" \/>\n<meta property=\"article:published_time\" content=\"2020-08-06T14:25:59+00:00\" \/>\n<meta property=\"article:modified_time\" content=\"2020-08-23T16:11:28+00:00\" \/>\n<meta property=\"og:image\" content=\"https:\/\/i2.wp.com\/newsestlyonnais.fr\/site\/wp-content\/uploads\/2020\/08\/NEWSESTLYONNAIS-BRON-TKD-2020.jpg?fit=1200%2C900&ssl=1\" \/>\n\t<meta property=\"og:image:width\" content=\"1200\" \/>\n\t<meta property=\"og:image:height\" content=\"900\" \/>\n\t<meta property=\"og:image:type\" content=\"image\/jpeg\" \/>\n<meta name=\"author\" content=\"R\u00e9dac. NEWS\" \/>\n<meta name=\"twitter:card\" content=\"summary_large_image\" \/>\n<meta name=\"twitter:label1\" content=\"\u00c9crit par\" \/>\n\t<meta name=\"twitter:data1\" content=\"R\u00e9dac. NEWS\" \/>\n\t<meta name=\"twitter:label2\" content=\"Dur\u00e9e de lecture estim\u00e9e\" \/>\n\t<meta name=\"twitter:data2\" content=\"3 minutes\" \/>\n<script type=\"application\/ld+json\" class=\"yoast-schema-graph\">{\"@context\":\"https:\/\/schema.org\",\"@graph\":[{\"@type\":\"Article\",\"@id\":\"https:\/\/newsestlyonnais.fr\/site\/2020\/08\/06\/bron-le-club-de-taekwondo-souhaite-fideliser-et-rester-sur-sa-dynamique\/#article\",\"isPartOf\":{\"@id\":\"https:\/\/newsestlyonnais.fr\/site\/2020\/08\/06\/bron-le-club-de-taekwondo-souhaite-fideliser-et-rester-sur-sa-dynamique\/\"},\"author\":{\"name\":\"R\u00e9dac. NEWS\",\"@id\":\"https:\/\/newsestlyonnais.fr\/site\/#\/schema\/person\/3230d5615f390bb808365d673001e887\"},\"headline\":\"BRON | Taekwondo club &gt; fid\u00e9liser et rester sur sa dynamique\",\"datePublished\":\"2020-08-06T14:25:59+00:00\",\"dateModified\":\"2020-08-23T16:11:28+00:00\",\"mainEntityOfPage\":{\"@id\":\"https:\/\/newsestlyonnais.fr\/site\/2020\/08\/06\/bron-le-club-de-taekwondo-souhaite-fideliser-et-rester-sur-sa-dynamique\/\"},\"wordCount\":559,\"commentCount\":0,\"publisher\":{\"@id\":\"https:\/\/newsestlyonnais.fr\/site\/#organization\"},\"image\":{\"@id\":\"https:\/\/newsestlyonnais.fr\/site\/2020\/08\/06\/bron-le-club-de-taekwondo-souhaite-fideliser-et-rester-sur-sa-dynamique\/#primaryimage\"},\"thumbnailUrl\":\"https:\/\/newsestlyonnais.fr\/site\/wp-content\/uploads\/2020\/08\/NEWSESTLYONNAIS-BRON-TKD-2020.jpg\",\"articleSection\":[\"Bron\",\"Judo| Karat\u00e9| Taekwondo\",\"Sports\",\"Taekwondo\"],\"inLanguage\":\"fr-FR\",\"potentialAction\":[{\"@type\":\"CommentAction\",\"name\":\"Comment\",\"target\":[\"https:\/\/newsestlyonnais.fr\/site\/2020\/08\/06\/bron-le-club-de-taekwondo-souhaite-fideliser-et-rester-sur-sa-dynamique\/#respond\"]}]},{\"@type\":\"WebPage\",\"@id\":\"https:\/\/newsestlyonnais.fr\/site\/2020\/08\/06\/bron-le-club-de-taekwondo-souhaite-fideliser-et-rester-sur-sa-dynamique\/\",\"url\":\"https:\/\/newsestlyonnais.fr\/site\/2020\/08\/06\/bron-le-club-de-taekwondo-souhaite-fideliser-et-rester-sur-sa-dynamique\/\",\"name\":\"BRON | Taekwondo club &gt; fid\u00e9liser et rester sur sa dynamique - News Est Lyonnais\",\"isPartOf\":{\"@id\":\"https:\/\/newsestlyonnais.fr\/site\/#website\"},\"primaryImageOfPage\":{\"@id\":\"https:\/\/newsestlyonnais.fr\/site\/2020\/08\/06\/bron-le-club-de-taekwondo-souhaite-fideliser-et-rester-sur-sa-dynamique\/#primaryimage\"},\"image\":{\"@id\":\"https:\/\/newsestlyonnais.fr\/site\/2020\/08\/06\/bron-le-club-de-taekwondo-souhaite-fideliser-et-rester-sur-sa-dynamique\/#primaryimage\"},\"thumbnailUrl\":\"https:\/\/newsestlyonnais.fr\/site\/wp-content\/uploads\/2020\/08\/NEWSESTLYONNAIS-BRON-TKD-2020.jpg\",\"datePublished\":\"2020-08-06T14:25:59+00:00\",\"dateModified\":\"2020-08-23T16:11:28+00:00\",\"description\":\"BRON | Le club de taekwondo souhaite fid\u00e9liser et rester sur sa dynamique\",\"breadcrumb\":{\"@id\":\"https:\/\/newsestlyonnais.fr\/site\/2020\/08\/06\/bron-le-club-de-taekwondo-souhaite-fideliser-et-rester-sur-sa-dynamique\/#breadcrumb\"},\"inLanguage\":\"fr-FR\",\"potentialAction\":[{\"@type\":\"ReadAction\",\"target\":[\"https:\/\/newsestlyonnais.fr\/site\/2020\/08\/06\/bron-le-club-de-taekwondo-souhaite-fideliser-et-rester-sur-sa-dynamique\/\"]}]},{\"@type\":\"ImageObject\",\"inLanguage\":\"fr-FR\",\"@id\":\"https:\/\/newsestlyonnais.fr\/site\/2020\/08\/06\/bron-le-club-de-taekwondo-souhaite-fideliser-et-rester-sur-sa-dynamique\/#primaryimage\",\"url\":\"https:\/\/newsestlyonnais.fr\/site\/wp-content\/uploads\/2020\/08\/NEWSESTLYONNAIS-BRON-TKD-2020.jpg\",\"contentUrl\":\"https:\/\/newsestlyonnais.fr\/site\/wp-content\/uploads\/2020\/08\/NEWSESTLYONNAIS-BRON-TKD-2020.jpg\",\"width\":1200,\"height\":900},{\"@type\":\"BreadcrumbList\",\"@id\":\"https:\/\/newsestlyonnais.fr\/site\/2020\/08\/06\/bron-le-club-de-taekwondo-souhaite-fideliser-et-rester-sur-sa-dynamique\/#breadcrumb\",\"itemListElement\":[{\"@type\":\"ListItem\",\"position\":1,\"name\":\"Accueil\",\"item\":\"https:\/\/newsestlyonnais.fr\/site\/\"},{\"@type\":\"ListItem\",\"position\":2,\"name\":\"BRON | Taekwondo club &gt; fid\u00e9liser et rester sur sa dynamique\"}]},{\"@type\":\"WebSite\",\"@id\":\"https:\/\/newsestlyonnais.fr\/site\/#website\",\"url\":\"https:\/\/newsestlyonnais.fr\/site\/\",\"name\":\"News Est Lyonnais\",\"description\":\"L&#039;actualit\u00e9 au plus pr\u00e8s\",\"publisher\":{\"@id\":\"https:\/\/newsestlyonnais.fr\/site\/#organization\"},\"potentialAction\":[{\"@type\":\"SearchAction\",\"target\":{\"@type\":\"EntryPoint\",\"urlTemplate\":\"https:\/\/newsestlyonnais.fr\/site\/?s={search_term_string}\"},\"query-input\":{\"@type\":\"PropertyValueSpecification\",\"valueRequired\":true,\"valueName\":\"search_term_string\"}}],\"inLanguage\":\"fr-FR\"},{\"@type\":\"Organization\",\"@id\":\"https:\/\/newsestlyonnais.fr\/site\/#organization\",\"name\":\"News EST LYONNAIS\",\"url\":\"https:\/\/newsestlyonnais.fr\/site\/\",\"logo\":{\"@type\":\"ImageObject\",\"inLanguage\":\"fr-FR\",\"@id\":\"https:\/\/newsestlyonnais.fr\/site\/#\/schema\/logo\/image\/\",\"url\":\"\",\"contentUrl\":\"\",\"caption\":\"News EST LYONNAIS\"},\"image\":{\"@id\":\"https:\/\/newsestlyonnais.fr\/site\/#\/schema\/logo\/image\/\"}},{\"@type\":\"Person\",\"@id\":\"https:\/\/newsestlyonnais.fr\/site\/#\/schema\/person\/3230d5615f390bb808365d673001e887\",\"name\":\"R\u00e9dac. NEWS\",\"sameAs\":[\"http:\/\/www.newsestlyonnais.fr\",\"https:\/\/www.facebook.com\/pascal.oberson.1?fref=ts\",\"https:\/\/fr.linkedin.com\/in\/pascal-oberson-b17045113\"],\"url\":\"https:\/\/newsestlyonnais.fr\/site\/author\/nel\/\"}]}<\/script>\n<!-- \/ Yoast SEO plugin. -->","yoast_head_json":{"title":"BRON | Taekwondo club &gt; fid\u00e9liser et rester sur sa dynamique - News Est Lyonnais","description":"BRON | Le club de taekwondo souhaite fid\u00e9liser et rester sur sa dynamique","robots":{"index":"index","follow":"follow","max-snippet":"max-snippet:-1","max-image-preview":"max-image-preview:large","max-video-preview":"max-video-preview:-1"},"canonical":"https:\/\/newsestlyonnais.fr\/site\/2020\/08\/06\/bron-le-club-de-taekwondo-souhaite-fideliser-et-rester-sur-sa-dynamique\/","og_locale":"fr_FR","og_type":"article","og_title":"BRON | Taekwondo club &gt; fid\u00e9liser et rester sur sa dynamique - News Est Lyonnais","og_description":"BRON | Le club de taekwondo souhaite fid\u00e9liser et rester sur sa dynamique","og_url":"https:\/\/newsestlyonnais.fr\/site\/2020\/08\/06\/bron-le-club-de-taekwondo-souhaite-fideliser-et-rester-sur-sa-dynamique\/","og_site_name":"News Est Lyonnais","article_author":"https:\/\/www.facebook.com\/pascal.oberson.1?fref=ts","article_published_time":"2020-08-06T14:25:59+00:00","article_modified_time":"2020-08-23T16:11:28+00:00","og_image":[{"width":1200,"height":900,"url":"https:\/\/i2.wp.com\/newsestlyonnais.fr\/site\/wp-content\/uploads\/2020\/08\/NEWSESTLYONNAIS-BRON-TKD-2020.jpg?fit=1200%2C900&ssl=1","type":"image\/jpeg"}],"author":"R\u00e9dac. NEWS","twitter_card":"summary_large_image","twitter_misc":{"\u00c9crit par":"R\u00e9dac. NEWS","Dur\u00e9e de lecture estim\u00e9e":"3 minutes"},"schema":{"@context":"https:\/\/schema.org","@graph":[{"@type":"Article","@id":"https:\/\/newsestlyonnais.fr\/site\/2020\/08\/06\/bron-le-club-de-taekwondo-souhaite-fideliser-et-rester-sur-sa-dynamique\/#article","isPartOf":{"@id":"https:\/\/newsestlyonnais.fr\/site\/2020\/08\/06\/bron-le-club-de-taekwondo-souhaite-fideliser-et-rester-sur-sa-dynamique\/"},"author":{"name":"R\u00e9dac. NEWS","@id":"https:\/\/newsestlyonnais.fr\/site\/#\/schema\/person\/3230d5615f390bb808365d673001e887"},"headline":"BRON | Taekwondo club &gt; fid\u00e9liser et rester sur sa dynamique","datePublished":"2020-08-06T14:25:59+00:00","dateModified":"2020-08-23T16:11:28+00:00","mainEntityOfPage":{"@id":"https:\/\/newsestlyonnais.fr\/site\/2020\/08\/06\/bron-le-club-de-taekwondo-souhaite-fideliser-et-rester-sur-sa-dynamique\/"},"wordCount":559,"commentCount":0,"publisher":{"@id":"https:\/\/newsestlyonnais.fr\/site\/#organization"},"image":{"@id":"https:\/\/newsestlyonnais.fr\/site\/2020\/08\/06\/bron-le-club-de-taekwondo-souhaite-fideliser-et-rester-sur-sa-dynamique\/#primaryimage"},"thumbnailUrl":"https:\/\/newsestlyonnais.fr\/site\/wp-content\/uploads\/2020\/08\/NEWSESTLYONNAIS-BRON-TKD-2020.jpg","articleSection":["Bron","Judo| Karat\u00e9| Taekwondo","Sports","Taekwondo"],"inLanguage":"fr-FR","potentialAction":[{"@type":"CommentAction","name":"Comment","target":["https:\/\/newsestlyonnais.fr\/site\/2020\/08\/06\/bron-le-club-de-taekwondo-souhaite-fideliser-et-rester-sur-sa-dynamique\/#respond"]}]},{"@type":"WebPage","@id":"https:\/\/newsestlyonnais.fr\/site\/2020\/08\/06\/bron-le-club-de-taekwondo-souhaite-fideliser-et-rester-sur-sa-dynamique\/","url":"https:\/\/newsestlyonnais.fr\/site\/2020\/08\/06\/bron-le-club-de-taekwondo-souhaite-fideliser-et-rester-sur-sa-dynamique\/","name":"BRON | Taekwondo club &gt; fid\u00e9liser et rester sur sa dynamique - News Est Lyonnais","isPartOf":{"@id":"https:\/\/newsestlyonnais.fr\/site\/#website"},"primaryImageOfPage":{"@id":"https:\/\/newsestlyonnais.fr\/site\/2020\/08\/06\/bron-le-club-de-taekwondo-souhaite-fideliser-et-rester-sur-sa-dynamique\/#primaryimage"},"image":{"@id":"https:\/\/newsestlyonnais.fr\/site\/2020\/08\/06\/bron-le-club-de-taekwondo-souhaite-fideliser-et-rester-sur-sa-dynamique\/#primaryimage"},"thumbnailUrl":"https:\/\/newsestlyonnais.fr\/site\/wp-content\/uploads\/2020\/08\/NEWSESTLYONNAIS-BRON-TKD-2020.jpg","datePublished":"2020-08-06T14:25:59+00:00","dateModified":"2020-08-23T16:11:28+00:00","description":"BRON | Le club de taekwondo souhaite fid\u00e9liser et rester sur sa dynamique","breadcrumb":{"@id":"https:\/\/newsestlyonnais.fr\/site\/2020\/08\/06\/bron-le-club-de-taekwondo-souhaite-fideliser-et-rester-sur-sa-dynamique\/#breadcrumb"},"inLanguage":"fr-FR","potentialAction":[{"@type":"ReadAction","target":["https:\/\/newsestlyonnais.fr\/site\/2020\/08\/06\/bron-le-club-de-taekwondo-souhaite-fideliser-et-rester-sur-sa-dynamique\/"]}]},{"@type":"ImageObject","inLanguage":"fr-FR","@id":"https:\/\/newsestlyonnais.fr\/site\/2020\/08\/06\/bron-le-club-de-taekwondo-souhaite-fideliser-et-rester-sur-sa-dynamique\/#primaryimage","url":"https:\/\/newsestlyonnais.fr\/site\/wp-content\/uploads\/2020\/08\/NEWSESTLYONNAIS-BRON-TKD-2020.jpg","contentUrl":"https:\/\/newsestlyonnais.fr\/site\/wp-content\/uploads\/2020\/08\/NEWSESTLYONNAIS-BRON-TKD-2020.jpg","width":1200,"height":900},{"@type":"BreadcrumbList","@id":"https:\/\/newsestlyonnais.fr\/site\/2020\/08\/06\/bron-le-club-de-taekwondo-souhaite-fideliser-et-rester-sur-sa-dynamique\/#breadcrumb","itemListElement":[{"@type":"ListItem","position":1,"name":"Accueil","item":"https:\/\/newsestlyonnais.fr\/site\/"},{"@type":"ListItem","position":2,"name":"BRON | Taekwondo club &gt; fid\u00e9liser et rester sur sa dynamique"}]},{"@type":"WebSite","@id":"https:\/\/newsestlyonnais.fr\/site\/#website","url":"https:\/\/newsestlyonnais.fr\/site\/","name":"News Est Lyonnais","description":"L&#039;actualit\u00e9 au plus pr\u00e8s","publisher":{"@id":"https:\/\/newsestlyonnais.fr\/site\/#organization"},"potentialAction":[{"@type":"SearchAction","target":{"@type":"EntryPoint","urlTemplate":"https:\/\/newsestlyonnais.fr\/site\/?s={search_term_string}"},"query-input":{"@type":"PropertyValueSpecification","valueRequired":true,"valueName":"search_term_string"}}],"inLanguage":"fr-FR"},{"@type":"Organization","@id":"https:\/\/newsestlyonnais.fr\/site\/#organization","name":"News EST LYONNAIS","url":"https:\/\/newsestlyonnais.fr\/site\/","logo":{"@type":"ImageObject","inLanguage":"fr-FR","@id":"https:\/\/newsestlyonnais.fr\/site\/#\/schema\/logo\/image\/","url":"","contentUrl":"","caption":"News EST LYONNAIS"},"image":{"@id":"https:\/\/newsestlyonnais.fr\/site\/#\/schema\/logo\/image\/"}},{"@type":"Person","@id":"https:\/\/newsestlyonnais.fr\/site\/#\/schema\/person\/3230d5615f390bb808365d673001e887","name":"R\u00e9dac. NEWS","sameAs":["http:\/\/www.newsestlyonnais.fr","https:\/\/www.facebook.com\/pascal.oberson.1?fref=ts","https:\/\/fr.linkedin.com\/in\/pascal-oberson-b17045113"],"url":"https:\/\/newsestlyonnais.fr\/site\/author\/nel\/"}]}},"_links":{"self":[{"href":"https:\/\/newsestlyonnais.fr\/site\/wp-json\/wp\/v2\/posts\/108302","targetHints":{"allow":["GET"]}}],"collection":[{"href":"https:\/\/newsestlyonnais.fr\/site\/wp-json\/wp\/v2\/posts"}],"about":[{"href":"https:\/\/newsestlyonnais.fr\/site\/wp-json\/wp\/v2\/types\/post"}],"author":[{"embeddable":true,"href":"https:\/\/newsestlyonnais.fr\/site\/wp-json\/wp\/v2\/users\/4"}],"replies":[{"embeddable":true,"href":"https:\/\/newsestlyonnais.fr\/site\/wp-json\/wp\/v2\/comments?post=108302"}],"version-history":[{"count":0,"href":"https:\/\/newsestlyonnais.fr\/site\/wp-json\/wp\/v2\/posts\/108302\/revisions"}],"wp:featuredmedia":[{"embeddable":true,"href":"https:\/\/newsestlyonnais.fr\/site\/wp-json\/wp\/v2\/media\/108319"}],"wp:attachment":[{"href":"https:\/\/newsestlyonnais.fr\/site\/wp-json\/wp\/v2\/media?parent=108302"}],"wp:term":[{"taxonomy":"category","embeddable":true,"href":"https:\/\/newsestlyonnais.fr\/site\/wp-json\/wp\/v2\/categories?post=108302"},{"taxonomy":"post_tag","embeddable":true,"href":"https:\/\/newsestlyonnais.fr\/site\/wp-json\/wp\/v2\/tags?post=108302"}],"curies":[{"name":"wp","href":"https:\/\/api.w.org\/{rel}","templated":true}]}}