{"id":109021,"date":"2020-09-01T15:43:13","date_gmt":"2020-09-01T14:43:13","guid":{"rendered":"http:\/\/newsestlyonnais.fr\/site\/?p=109021"},"modified":"2020-09-02T13:35:24","modified_gmt":"2020-09-02T12:35:24","slug":"heyrieux-le-tournoi-open-de-tennis-demarre-mercredi","status":"publish","type":"post","link":"https:\/\/newsestlyonnais.fr\/site\/2020\/09\/01\/heyrieux-le-tournoi-open-de-tennis-demarre-mercredi\/","title":{"rendered":"HEYRIEUX | Le tournoi Open de tennis d\u00e9marre mercredi"},"content":{"rendered":"\n<p>Le Tennis Club d&rsquo;Heyrieux a d\u00e9j\u00e0 enregistr\u00e9, \u00e0 la veille du lancement de l&rsquo;\u00e9preuve, 121 inscriptions (100 hommes &amp; 21 dames). Cet Open Thelem se d\u00e9roulera en 3 tableaux : dames (seniors) &amp; hommes (seniors &amp; + 35 ans). 5 matchs sont programm\u00e9s ce mercredi pour la premi\u00e8re journ\u00e9e d&rsquo;\u00e9changes. ____________________________________________________________________________<\/p>\n<p><span style=\"text-decoration: underline;\"><em><strong>PHOTO A LA UNE<\/strong><\/em><\/span> : Les organisateurs du tournoi, dont Philippe Celerien (au centre, pr\u00e9sident du club et juge-arbitre de la comp\u00e9tition).<\/p>\n\n\n\n<figure class=\"wp-block-image size-large is-resized\"><img loading=\"lazy\" decoding=\"async\" src=\"https:\/\/newsestlyonnais.fr\/site\/medias\/2020\/08\/117966565_2623873554596543_1728371456886661300_n.jpg\" alt=\"\" class=\"wp-image-108363\" width=\"587\" height=\"834\" srcset=\"https:\/\/newsestlyonnais.fr\/site\/wp-content\/uploads\/2020\/08\/117966565_2623873554596543_1728371456886661300_n.jpg 280w, https:\/\/newsestlyonnais.fr\/site\/wp-content\/uploads\/2020\/08\/117966565_2623873554596543_1728371456886661300_n-250x355.jpg 250w, https:\/\/newsestlyonnais.fr\/site\/wp-content\/uploads\/2020\/08\/117966565_2623873554596543_1728371456886661300_n-150x213.jpg 150w, https:\/\/newsestlyonnais.fr\/site\/wp-content\/uploads\/2020\/08\/117966565_2623873554596543_1728371456886661300_n-50x71.jpg 50w, https:\/\/newsestlyonnais.fr\/site\/wp-content\/uploads\/2020\/08\/117966565_2623873554596543_1728371456886661300_n-100x142.jpg 100w, https:\/\/newsestlyonnais.fr\/site\/wp-content\/uploads\/2020\/08\/117966565_2623873554596543_1728371456886661300_n-200x284.jpg 200w\" sizes=\"auto, (max-width: 587px) 100vw, 587px\" \/><\/figure>\n","protected":false},"excerpt":{"rendered":"<p>Vous retrouverez AU QUOTIDIEN les r\u00e9sultats de l&rsquo;Open dont la finale est pr\u00e9vue pour dimanche 27 septembre. <\/p>\n","protected":false},"author":4,"featured_media":106693,"comment_status":"open","ping_status":"open","sticky":false,"template":"","format":"standard","meta":{"footnotes":""},"categories":[164,2,2992,2991],"tags":[],"class_list":["post-109021","post","type-post","status-publish","format-standard","has-post-thumbnail","hentry","category-isere","category-sports","category-tennis-padel","category-tennis-tennis-table-sports"],"yoast_head":"<!-- This site is optimized with the Yoast SEO plugin v27.2 - https:\/\/yoast.com\/product\/yoast-seo-wordpress\/ -->\n<title>HEYRIEUX | Le tournoi Open de tennis d\u00e9marre mercredi - News Est Lyonnais<\/title>\n<meta name=\"description\" content=\"HEYRIEUX | Le tournoi Open de tennis d\u00e9marre mercredi\" \/>\n<meta name=\"robots\" content=\"index, follow, max-snippet:-1, max-image-preview:large, max-video-preview:-1\" \/>\n<link rel=\"canonical\" href=\"https:\/\/newsestlyonnais.fr\/site\/2020\/09\/01\/heyrieux-le-tournoi-open-de-tennis-demarre-mercredi\/\" \/>\n<meta property=\"og:locale\" content=\"fr_FR\" \/>\n<meta property=\"og:type\" content=\"article\" \/>\n<meta property=\"og:title\" content=\"HEYRIEUX | Le tournoi Open de tennis d\u00e9marre mercredi - News Est Lyonnais\" \/>\n<meta property=\"og:description\" content=\"HEYRIEUX | Le tournoi Open de tennis d\u00e9marre mercredi\" \/>\n<meta property=\"og:url\" content=\"https:\/\/newsestlyonnais.fr\/site\/2020\/09\/01\/heyrieux-le-tournoi-open-de-tennis-demarre-mercredi\/\" \/>\n<meta property=\"og:site_name\" content=\"News Est Lyonnais\" \/>\n<meta property=\"article:author\" content=\"https:\/\/www.facebook.com\/pascal.oberson.1?fref=ts\" \/>\n<meta property=\"article:published_time\" content=\"2020-09-01T14:43:13+00:00\" \/>\n<meta property=\"article:modified_time\" content=\"2020-09-02T12:35:24+00:00\" \/>\n<meta property=\"og:image\" content=\"https:\/\/i1.wp.com\/newsestlyonnais.fr\/site\/wp-content\/uploads\/2020\/07\/P1440560.jpg?fit=1200%2C900&ssl=1\" \/>\n\t<meta property=\"og:image:width\" content=\"1200\" \/>\n\t<meta property=\"og:image:height\" content=\"900\" \/>\n\t<meta property=\"og:image:type\" content=\"image\/jpeg\" \/>\n<meta name=\"author\" content=\"R\u00e9dac. NEWS\" \/>\n<meta name=\"twitter:card\" content=\"summary_large_image\" \/>\n<meta name=\"twitter:label1\" content=\"\u00c9crit par\" \/>\n\t<meta name=\"twitter:data1\" content=\"R\u00e9dac. NEWS\" \/>\n<script type=\"application\/ld+json\" class=\"yoast-schema-graph\">{\"@context\":\"https:\/\/schema.org\",\"@graph\":[{\"@type\":\"Article\",\"@id\":\"https:\/\/newsestlyonnais.fr\/site\/2020\/09\/01\/heyrieux-le-tournoi-open-de-tennis-demarre-mercredi\/#article\",\"isPartOf\":{\"@id\":\"https:\/\/newsestlyonnais.fr\/site\/2020\/09\/01\/heyrieux-le-tournoi-open-de-tennis-demarre-mercredi\/\"},\"author\":{\"name\":\"R\u00e9dac. NEWS\",\"@id\":\"https:\/\/newsestlyonnais.fr\/site\/#\/schema\/person\/3230d5615f390bb808365d673001e887\"},\"headline\":\"HEYRIEUX | Le tournoi Open de tennis d\u00e9marre mercredi\",\"datePublished\":\"2020-09-01T14:43:13+00:00\",\"dateModified\":\"2020-09-02T12:35:24+00:00\",\"mainEntityOfPage\":{\"@id\":\"https:\/\/newsestlyonnais.fr\/site\/2020\/09\/01\/heyrieux-le-tournoi-open-de-tennis-demarre-mercredi\/\"},\"wordCount\":81,\"commentCount\":0,\"publisher\":{\"@id\":\"https:\/\/newsestlyonnais.fr\/site\/#organization\"},\"image\":{\"@id\":\"https:\/\/newsestlyonnais.fr\/site\/2020\/09\/01\/heyrieux-le-tournoi-open-de-tennis-demarre-mercredi\/#primaryimage\"},\"thumbnailUrl\":\"https:\/\/newsestlyonnais.fr\/site\/wp-content\/uploads\/2020\/07\/P1440560.jpg\",\"articleSection\":[\"Is\u00e8re (38)\",\"Sports\",\"Tennis | Padel\",\"Tennis | Tennis de table\"],\"inLanguage\":\"fr-FR\",\"potentialAction\":[{\"@type\":\"CommentAction\",\"name\":\"Comment\",\"target\":[\"https:\/\/newsestlyonnais.fr\/site\/2020\/09\/01\/heyrieux-le-tournoi-open-de-tennis-demarre-mercredi\/#respond\"]}]},{\"@type\":\"WebPage\",\"@id\":\"https:\/\/newsestlyonnais.fr\/site\/2020\/09\/01\/heyrieux-le-tournoi-open-de-tennis-demarre-mercredi\/\",\"url\":\"https:\/\/newsestlyonnais.fr\/site\/2020\/09\/01\/heyrieux-le-tournoi-open-de-tennis-demarre-mercredi\/\",\"name\":\"HEYRIEUX | Le tournoi Open de tennis d\u00e9marre mercredi - News Est Lyonnais\",\"isPartOf\":{\"@id\":\"https:\/\/newsestlyonnais.fr\/site\/#website\"},\"primaryImageOfPage\":{\"@id\":\"https:\/\/newsestlyonnais.fr\/site\/2020\/09\/01\/heyrieux-le-tournoi-open-de-tennis-demarre-mercredi\/#primaryimage\"},\"image\":{\"@id\":\"https:\/\/newsestlyonnais.fr\/site\/2020\/09\/01\/heyrieux-le-tournoi-open-de-tennis-demarre-mercredi\/#primaryimage\"},\"thumbnailUrl\":\"https:\/\/newsestlyonnais.fr\/site\/wp-content\/uploads\/2020\/07\/P1440560.jpg\",\"datePublished\":\"2020-09-01T14:43:13+00:00\",\"dateModified\":\"2020-09-02T12:35:24+00:00\",\"description\":\"HEYRIEUX | Le tournoi Open de tennis d\u00e9marre mercredi\",\"breadcrumb\":{\"@id\":\"https:\/\/newsestlyonnais.fr\/site\/2020\/09\/01\/heyrieux-le-tournoi-open-de-tennis-demarre-mercredi\/#breadcrumb\"},\"inLanguage\":\"fr-FR\",\"potentialAction\":[{\"@type\":\"ReadAction\",\"target\":[\"https:\/\/newsestlyonnais.fr\/site\/2020\/09\/01\/heyrieux-le-tournoi-open-de-tennis-demarre-mercredi\/\"]}]},{\"@type\":\"ImageObject\",\"inLanguage\":\"fr-FR\",\"@id\":\"https:\/\/newsestlyonnais.fr\/site\/2020\/09\/01\/heyrieux-le-tournoi-open-de-tennis-demarre-mercredi\/#primaryimage\",\"url\":\"https:\/\/newsestlyonnais.fr\/site\/wp-content\/uploads\/2020\/07\/P1440560.jpg\",\"contentUrl\":\"https:\/\/newsestlyonnais.fr\/site\/wp-content\/uploads\/2020\/07\/P1440560.jpg\",\"width\":1200,\"height\":900},{\"@type\":\"BreadcrumbList\",\"@id\":\"https:\/\/newsestlyonnais.fr\/site\/2020\/09\/01\/heyrieux-le-tournoi-open-de-tennis-demarre-mercredi\/#breadcrumb\",\"itemListElement\":[{\"@type\":\"ListItem\",\"position\":1,\"name\":\"Accueil\",\"item\":\"https:\/\/newsestlyonnais.fr\/site\/\"},{\"@type\":\"ListItem\",\"position\":2,\"name\":\"HEYRIEUX | Le tournoi Open de tennis d\u00e9marre mercredi\"}]},{\"@type\":\"WebSite\",\"@id\":\"https:\/\/newsestlyonnais.fr\/site\/#website\",\"url\":\"https:\/\/newsestlyonnais.fr\/site\/\",\"name\":\"News Est Lyonnais\",\"description\":\"L&#039;actualit\u00e9 au plus pr\u00e8s\",\"publisher\":{\"@id\":\"https:\/\/newsestlyonnais.fr\/site\/#organization\"},\"potentialAction\":[{\"@type\":\"SearchAction\",\"target\":{\"@type\":\"EntryPoint\",\"urlTemplate\":\"https:\/\/newsestlyonnais.fr\/site\/?s={search_term_string}\"},\"query-input\":{\"@type\":\"PropertyValueSpecification\",\"valueRequired\":true,\"valueName\":\"search_term_string\"}}],\"inLanguage\":\"fr-FR\"},{\"@type\":\"Organization\",\"@id\":\"https:\/\/newsestlyonnais.fr\/site\/#organization\",\"name\":\"News EST LYONNAIS\",\"url\":\"https:\/\/newsestlyonnais.fr\/site\/\",\"logo\":{\"@type\":\"ImageObject\",\"inLanguage\":\"fr-FR\",\"@id\":\"https:\/\/newsestlyonnais.fr\/site\/#\/schema\/logo\/image\/\",\"url\":\"\",\"contentUrl\":\"\",\"caption\":\"News EST LYONNAIS\"},\"image\":{\"@id\":\"https:\/\/newsestlyonnais.fr\/site\/#\/schema\/logo\/image\/\"}},{\"@type\":\"Person\",\"@id\":\"https:\/\/newsestlyonnais.fr\/site\/#\/schema\/person\/3230d5615f390bb808365d673001e887\",\"name\":\"R\u00e9dac. NEWS\",\"sameAs\":[\"http:\/\/www.newsestlyonnais.fr\",\"https:\/\/www.facebook.com\/pascal.oberson.1?fref=ts\",\"https:\/\/fr.linkedin.com\/in\/pascal-oberson-b17045113\"],\"url\":\"https:\/\/newsestlyonnais.fr\/site\/author\/nel\/\"}]}<\/script>\n<!-- \/ Yoast SEO plugin. -->","yoast_head_json":{"title":"HEYRIEUX | Le tournoi Open de tennis d\u00e9marre mercredi - News Est Lyonnais","description":"HEYRIEUX | Le tournoi Open de tennis d\u00e9marre mercredi","robots":{"index":"index","follow":"follow","max-snippet":"max-snippet:-1","max-image-preview":"max-image-preview:large","max-video-preview":"max-video-preview:-1"},"canonical":"https:\/\/newsestlyonnais.fr\/site\/2020\/09\/01\/heyrieux-le-tournoi-open-de-tennis-demarre-mercredi\/","og_locale":"fr_FR","og_type":"article","og_title":"HEYRIEUX | Le tournoi Open de tennis d\u00e9marre mercredi - News Est Lyonnais","og_description":"HEYRIEUX | Le tournoi Open de tennis d\u00e9marre mercredi","og_url":"https:\/\/newsestlyonnais.fr\/site\/2020\/09\/01\/heyrieux-le-tournoi-open-de-tennis-demarre-mercredi\/","og_site_name":"News Est Lyonnais","article_author":"https:\/\/www.facebook.com\/pascal.oberson.1?fref=ts","article_published_time":"2020-09-01T14:43:13+00:00","article_modified_time":"2020-09-02T12:35:24+00:00","og_image":[{"width":1200,"height":900,"url":"https:\/\/i1.wp.com\/newsestlyonnais.fr\/site\/wp-content\/uploads\/2020\/07\/P1440560.jpg?fit=1200%2C900&ssl=1","type":"image\/jpeg"}],"author":"R\u00e9dac. NEWS","twitter_card":"summary_large_image","twitter_misc":{"\u00c9crit par":"R\u00e9dac. NEWS"},"schema":{"@context":"https:\/\/schema.org","@graph":[{"@type":"Article","@id":"https:\/\/newsestlyonnais.fr\/site\/2020\/09\/01\/heyrieux-le-tournoi-open-de-tennis-demarre-mercredi\/#article","isPartOf":{"@id":"https:\/\/newsestlyonnais.fr\/site\/2020\/09\/01\/heyrieux-le-tournoi-open-de-tennis-demarre-mercredi\/"},"author":{"name":"R\u00e9dac. NEWS","@id":"https:\/\/newsestlyonnais.fr\/site\/#\/schema\/person\/3230d5615f390bb808365d673001e887"},"headline":"HEYRIEUX | Le tournoi Open de tennis d\u00e9marre mercredi","datePublished":"2020-09-01T14:43:13+00:00","dateModified":"2020-09-02T12:35:24+00:00","mainEntityOfPage":{"@id":"https:\/\/newsestlyonnais.fr\/site\/2020\/09\/01\/heyrieux-le-tournoi-open-de-tennis-demarre-mercredi\/"},"wordCount":81,"commentCount":0,"publisher":{"@id":"https:\/\/newsestlyonnais.fr\/site\/#organization"},"image":{"@id":"https:\/\/newsestlyonnais.fr\/site\/2020\/09\/01\/heyrieux-le-tournoi-open-de-tennis-demarre-mercredi\/#primaryimage"},"thumbnailUrl":"https:\/\/newsestlyonnais.fr\/site\/wp-content\/uploads\/2020\/07\/P1440560.jpg","articleSection":["Is\u00e8re (38)","Sports","Tennis | Padel","Tennis | Tennis de table"],"inLanguage":"fr-FR","potentialAction":[{"@type":"CommentAction","name":"Comment","target":["https:\/\/newsestlyonnais.fr\/site\/2020\/09\/01\/heyrieux-le-tournoi-open-de-tennis-demarre-mercredi\/#respond"]}]},{"@type":"WebPage","@id":"https:\/\/newsestlyonnais.fr\/site\/2020\/09\/01\/heyrieux-le-tournoi-open-de-tennis-demarre-mercredi\/","url":"https:\/\/newsestlyonnais.fr\/site\/2020\/09\/01\/heyrieux-le-tournoi-open-de-tennis-demarre-mercredi\/","name":"HEYRIEUX | Le tournoi Open de tennis d\u00e9marre mercredi - News Est Lyonnais","isPartOf":{"@id":"https:\/\/newsestlyonnais.fr\/site\/#website"},"primaryImageOfPage":{"@id":"https:\/\/newsestlyonnais.fr\/site\/2020\/09\/01\/heyrieux-le-tournoi-open-de-tennis-demarre-mercredi\/#primaryimage"},"image":{"@id":"https:\/\/newsestlyonnais.fr\/site\/2020\/09\/01\/heyrieux-le-tournoi-open-de-tennis-demarre-mercredi\/#primaryimage"},"thumbnailUrl":"https:\/\/newsestlyonnais.fr\/site\/wp-content\/uploads\/2020\/07\/P1440560.jpg","datePublished":"2020-09-01T14:43:13+00:00","dateModified":"2020-09-02T12:35:24+00:00","description":"HEYRIEUX | Le tournoi Open de tennis d\u00e9marre mercredi","breadcrumb":{"@id":"https:\/\/newsestlyonnais.fr\/site\/2020\/09\/01\/heyrieux-le-tournoi-open-de-tennis-demarre-mercredi\/#breadcrumb"},"inLanguage":"fr-FR","potentialAction":[{"@type":"ReadAction","target":["https:\/\/newsestlyonnais.fr\/site\/2020\/09\/01\/heyrieux-le-tournoi-open-de-tennis-demarre-mercredi\/"]}]},{"@type":"ImageObject","inLanguage":"fr-FR","@id":"https:\/\/newsestlyonnais.fr\/site\/2020\/09\/01\/heyrieux-le-tournoi-open-de-tennis-demarre-mercredi\/#primaryimage","url":"https:\/\/newsestlyonnais.fr\/site\/wp-content\/uploads\/2020\/07\/P1440560.jpg","contentUrl":"https:\/\/newsestlyonnais.fr\/site\/wp-content\/uploads\/2020\/07\/P1440560.jpg","width":1200,"height":900},{"@type":"BreadcrumbList","@id":"https:\/\/newsestlyonnais.fr\/site\/2020\/09\/01\/heyrieux-le-tournoi-open-de-tennis-demarre-mercredi\/#breadcrumb","itemListElement":[{"@type":"ListItem","position":1,"name":"Accueil","item":"https:\/\/newsestlyonnais.fr\/site\/"},{"@type":"ListItem","position":2,"name":"HEYRIEUX | Le tournoi Open de tennis d\u00e9marre mercredi"}]},{"@type":"WebSite","@id":"https:\/\/newsestlyonnais.fr\/site\/#website","url":"https:\/\/newsestlyonnais.fr\/site\/","name":"News Est Lyonnais","description":"L&#039;actualit\u00e9 au plus pr\u00e8s","publisher":{"@id":"https:\/\/newsestlyonnais.fr\/site\/#organization"},"potentialAction":[{"@type":"SearchAction","target":{"@type":"EntryPoint","urlTemplate":"https:\/\/newsestlyonnais.fr\/site\/?s={search_term_string}"},"query-input":{"@type":"PropertyValueSpecification","valueRequired":true,"valueName":"search_term_string"}}],"inLanguage":"fr-FR"},{"@type":"Organization","@id":"https:\/\/newsestlyonnais.fr\/site\/#organization","name":"News EST LYONNAIS","url":"https:\/\/newsestlyonnais.fr\/site\/","logo":{"@type":"ImageObject","inLanguage":"fr-FR","@id":"https:\/\/newsestlyonnais.fr\/site\/#\/schema\/logo\/image\/","url":"","contentUrl":"","caption":"News EST LYONNAIS"},"image":{"@id":"https:\/\/newsestlyonnais.fr\/site\/#\/schema\/logo\/image\/"}},{"@type":"Person","@id":"https:\/\/newsestlyonnais.fr\/site\/#\/schema\/person\/3230d5615f390bb808365d673001e887","name":"R\u00e9dac. NEWS","sameAs":["http:\/\/www.newsestlyonnais.fr","https:\/\/www.facebook.com\/pascal.oberson.1?fref=ts","https:\/\/fr.linkedin.com\/in\/pascal-oberson-b17045113"],"url":"https:\/\/newsestlyonnais.fr\/site\/author\/nel\/"}]}},"_links":{"self":[{"href":"https:\/\/newsestlyonnais.fr\/site\/wp-json\/wp\/v2\/posts\/109021","targetHints":{"allow":["GET"]}}],"collection":[{"href":"https:\/\/newsestlyonnais.fr\/site\/wp-json\/wp\/v2\/posts"}],"about":[{"href":"https:\/\/newsestlyonnais.fr\/site\/wp-json\/wp\/v2\/types\/post"}],"author":[{"embeddable":true,"href":"https:\/\/newsestlyonnais.fr\/site\/wp-json\/wp\/v2\/users\/4"}],"replies":[{"embeddable":true,"href":"https:\/\/newsestlyonnais.fr\/site\/wp-json\/wp\/v2\/comments?post=109021"}],"version-history":[{"count":0,"href":"https:\/\/newsestlyonnais.fr\/site\/wp-json\/wp\/v2\/posts\/109021\/revisions"}],"wp:featuredmedia":[{"embeddable":true,"href":"https:\/\/newsestlyonnais.fr\/site\/wp-json\/wp\/v2\/media\/106693"}],"wp:attachment":[{"href":"https:\/\/newsestlyonnais.fr\/site\/wp-json\/wp\/v2\/media?parent=109021"}],"wp:term":[{"taxonomy":"category","embeddable":true,"href":"https:\/\/newsestlyonnais.fr\/site\/wp-json\/wp\/v2\/categories?post=109021"},{"taxonomy":"post_tag","embeddable":true,"href":"https:\/\/newsestlyonnais.fr\/site\/wp-json\/wp\/v2\/tags?post=109021"}],"curies":[{"name":"wp","href":"https:\/\/api.w.org\/{rel}","templated":true}]}}