{"id":109032,"date":"2020-09-01T15:41:10","date_gmt":"2020-09-01T14:41:10","guid":{"rendered":"http:\/\/newsestlyonnais.fr\/site\/?p=109032"},"modified":"2020-11-17T11:26:21","modified_gmt":"2020-11-17T10:26:21","slug":"meyzieu-pollution-les-benevoles-au-chevet-du-grand-large","status":"publish","type":"post","link":"https:\/\/newsestlyonnais.fr\/site\/2020\/09\/01\/meyzieu-pollution-les-benevoles-au-chevet-du-grand-large\/","title":{"rendered":"MEYZIEU | Pollution > les b\u00e9n\u00e9voles au chevet du Grand large"},"content":{"rendered":"\n<p><strong> <\/strong>Ils ont rempli de d\u00e9tritus une trentaine sacs de 100 litres<em>. \u00ab\u00a0On a ramen\u00e9 des canettes, des bouteilles, des emballages de fast-food, ainsi qu&rsquo;un nombre incalculable de m\u00e9gots,<\/em> s\u2019agace un <em>b\u00e9n\u00e9vole. Et je ne vous parle pas des caddies, barbecues et autres meubles\u2026<\/em>\u00a0\u00bb<\/p>\n\n\n\n<p><em>\u00ab&nbsp;Quel bonheur de se retrouver autour de toutes ces ordures,<\/em> sourit Marion Mercier, qui a coordonn\u00e9 l\u2019op\u00e9ration. <em>J\u2019esp\u00e8re que nous aurons r\u00e9ussi \u00e0 sensibiliser les personnes que nous avons crois\u00e9es, et dont certaines n\u2019avaient pas encore compris que, sans nature, l\u2019\u00eatre humain court \u00e0 sa perte. Un grand merci \u00e0 <a href=\"http:\/\/www.fairedelavoile.fr\/naviguer\/trouver-un-club-de-voile\/club-de-voile\/69032\/WWM\/\" target=\"_blank\" rel=\"noreferrer noopener\">l\u2019association WWM<\/a> et \u00e0 la <a href=\"https:\/\/www.meyzieu.fr\/\" target=\"_blank\" rel=\"noreferrer noopener\">Ville de Meyzieu<\/a> qui nous soutiennent chaque ann\u00e9e. Cela fait chaud au c\u0153ur de voir rassembl\u00e9s autant de gens pour prendre soin de notre Grand Large ador\u00e9.&nbsp;\u00bb<\/em><\/p>\n\n\n\n<p>Cette belle d\u00e9monstration de civisme r\u00e9pondait \u00e0 l\u2019appel de la <a href=\"https:\/\/www.surfrider.eu\/\" target=\"_blank\" rel=\"noreferrer noopener\">Surfrider Foundation Europe<\/a>, une association dont le but est<em> \u00ab&nbsp;la d\u00e9fense, la sauvegarde, la mise en valeur et la gestion durable de l\u2019oc\u00e9an, du littoral, des vagues et de la population qui en jouit&nbsp;\u00bb<strong>. <\/strong><\/em>L\u2019op\u00e9ration avait lieu dans le cadre des <a href=\"https:\/\/www.initiativesoceanes.org\/\" target=\"_blank\" rel=\"noreferrer noopener\">Initiatives oc\u00e9anes<\/a>.<\/p>\n","protected":false},"excerpt":{"rendered":"<p>Ce dimanche 30 ao\u00fbt, plus de 75 b\u00e9n\u00e9voles ont particip\u00e9 au d\u00e9sormais traditionnel nettoyage des berges du Grand large.<\/p>\n","protected":false},"author":9,"featured_media":109036,"comment_status":"open","ping_status":"open","sticky":false,"template":"","format":"standard","meta":{"footnotes":""},"categories":[24,3010],"tags":[2564,2565,2081,2880,2406,2563,2122],"class_list":["post-109032","post","type-post","status-publish","format-standard","has-post-thumbnail","hentry","category-meyzieu","category-nature-environnement-culture-et-loisirs","tag-grand-large","tag-initiative-oceanes","tag-meyzieu","tag-planche-a-voile","tag-pollution","tag-surfrider-fondation","tag-voile"],"yoast_head":"<!-- This site is optimized with the Yoast SEO plugin v27.2 - https:\/\/yoast.com\/product\/yoast-seo-wordpress\/ -->\n<title>MEYZIEU | Pollution &gt; les b\u00e9n\u00e9voles au chevet du Grand large - News Est Lyonnais<\/title>\n<meta name=\"description\" content=\"MEYZIEU | Pollution : les b\u00e9n\u00e9voles au chevet du Grand large\" \/>\n<meta name=\"robots\" content=\"index, follow, max-snippet:-1, max-image-preview:large, max-video-preview:-1\" \/>\n<link rel=\"canonical\" href=\"https:\/\/newsestlyonnais.fr\/site\/2020\/09\/01\/meyzieu-pollution-les-benevoles-au-chevet-du-grand-large\/\" \/>\n<meta property=\"og:locale\" content=\"fr_FR\" \/>\n<meta property=\"og:type\" content=\"article\" \/>\n<meta property=\"og:title\" content=\"MEYZIEU | Pollution &gt; les b\u00e9n\u00e9voles au chevet du Grand large - News Est Lyonnais\" \/>\n<meta property=\"og:description\" content=\"MEYZIEU | Pollution : les b\u00e9n\u00e9voles au chevet du Grand large\" \/>\n<meta property=\"og:url\" content=\"https:\/\/newsestlyonnais.fr\/site\/2020\/09\/01\/meyzieu-pollution-les-benevoles-au-chevet-du-grand-large\/\" \/>\n<meta property=\"og:site_name\" content=\"News Est Lyonnais\" \/>\n<meta property=\"article:published_time\" content=\"2020-09-01T14:41:10+00:00\" \/>\n<meta property=\"article:modified_time\" content=\"2020-11-17T10:26:21+00:00\" \/>\n<meta property=\"og:image\" content=\"https:\/\/i2.wp.com\/newsestlyonnais.fr\/site\/wp-content\/uploads\/2020\/09\/118350863_3206315239488796_8001404112051058250_o.jpg?fit=1440%2C1436&ssl=1\" \/>\n\t<meta property=\"og:image:width\" content=\"1440\" \/>\n\t<meta property=\"og:image:height\" content=\"1436\" \/>\n\t<meta property=\"og:image:type\" content=\"image\/jpeg\" \/>\n<meta name=\"author\" content=\"Fran\u00e7ois Merlin\" \/>\n<meta name=\"twitter:card\" content=\"summary_large_image\" \/>\n<meta name=\"twitter:label1\" content=\"\u00c9crit par\" \/>\n\t<meta name=\"twitter:data1\" content=\"Fran\u00e7ois Merlin\" \/>\n\t<meta name=\"twitter:label2\" content=\"Dur\u00e9e de lecture estim\u00e9e\" \/>\n\t<meta name=\"twitter:data2\" content=\"1 minute\" \/>\n<script type=\"application\/ld+json\" class=\"yoast-schema-graph\">{\"@context\":\"https:\/\/schema.org\",\"@graph\":[{\"@type\":\"Article\",\"@id\":\"https:\/\/newsestlyonnais.fr\/site\/2020\/09\/01\/meyzieu-pollution-les-benevoles-au-chevet-du-grand-large\/#article\",\"isPartOf\":{\"@id\":\"https:\/\/newsestlyonnais.fr\/site\/2020\/09\/01\/meyzieu-pollution-les-benevoles-au-chevet-du-grand-large\/\"},\"author\":{\"name\":\"Fran\u00e7ois Merlin\",\"@id\":\"https:\/\/newsestlyonnais.fr\/site\/#\/schema\/person\/b90ee44cab4c0c00359d319572ed71f9\"},\"headline\":\"MEYZIEU | Pollution > les b\u00e9n\u00e9voles au chevet du Grand large\",\"datePublished\":\"2020-09-01T14:41:10+00:00\",\"dateModified\":\"2020-11-17T10:26:21+00:00\",\"mainEntityOfPage\":{\"@id\":\"https:\/\/newsestlyonnais.fr\/site\/2020\/09\/01\/meyzieu-pollution-les-benevoles-au-chevet-du-grand-large\/\"},\"wordCount\":214,\"commentCount\":0,\"publisher\":{\"@id\":\"https:\/\/newsestlyonnais.fr\/site\/#organization\"},\"image\":{\"@id\":\"https:\/\/newsestlyonnais.fr\/site\/2020\/09\/01\/meyzieu-pollution-les-benevoles-au-chevet-du-grand-large\/#primaryimage\"},\"thumbnailUrl\":\"https:\/\/newsestlyonnais.fr\/site\/wp-content\/uploads\/2020\/09\/118350863_3206315239488796_8001404112051058250_o.jpg\",\"keywords\":[\"Grand large\",\"Initiative oc\u00e9anes\",\"MEYZIEU\",\"planche \u00e0 voile\",\"POLLUTION\",\"Surfrider Fondation\",\"VOILE\"],\"articleSection\":[\"Meyzieu\",\"Nature | Environnement | Chasse\"],\"inLanguage\":\"fr-FR\",\"potentialAction\":[{\"@type\":\"CommentAction\",\"name\":\"Comment\",\"target\":[\"https:\/\/newsestlyonnais.fr\/site\/2020\/09\/01\/meyzieu-pollution-les-benevoles-au-chevet-du-grand-large\/#respond\"]}]},{\"@type\":\"WebPage\",\"@id\":\"https:\/\/newsestlyonnais.fr\/site\/2020\/09\/01\/meyzieu-pollution-les-benevoles-au-chevet-du-grand-large\/\",\"url\":\"https:\/\/newsestlyonnais.fr\/site\/2020\/09\/01\/meyzieu-pollution-les-benevoles-au-chevet-du-grand-large\/\",\"name\":\"MEYZIEU | Pollution > les b\u00e9n\u00e9voles au chevet du Grand large - News Est Lyonnais\",\"isPartOf\":{\"@id\":\"https:\/\/newsestlyonnais.fr\/site\/#website\"},\"primaryImageOfPage\":{\"@id\":\"https:\/\/newsestlyonnais.fr\/site\/2020\/09\/01\/meyzieu-pollution-les-benevoles-au-chevet-du-grand-large\/#primaryimage\"},\"image\":{\"@id\":\"https:\/\/newsestlyonnais.fr\/site\/2020\/09\/01\/meyzieu-pollution-les-benevoles-au-chevet-du-grand-large\/#primaryimage\"},\"thumbnailUrl\":\"https:\/\/newsestlyonnais.fr\/site\/wp-content\/uploads\/2020\/09\/118350863_3206315239488796_8001404112051058250_o.jpg\",\"datePublished\":\"2020-09-01T14:41:10+00:00\",\"dateModified\":\"2020-11-17T10:26:21+00:00\",\"description\":\"MEYZIEU | Pollution : les b\u00e9n\u00e9voles au chevet du Grand large\",\"breadcrumb\":{\"@id\":\"https:\/\/newsestlyonnais.fr\/site\/2020\/09\/01\/meyzieu-pollution-les-benevoles-au-chevet-du-grand-large\/#breadcrumb\"},\"inLanguage\":\"fr-FR\",\"potentialAction\":[{\"@type\":\"ReadAction\",\"target\":[\"https:\/\/newsestlyonnais.fr\/site\/2020\/09\/01\/meyzieu-pollution-les-benevoles-au-chevet-du-grand-large\/\"]}]},{\"@type\":\"ImageObject\",\"inLanguage\":\"fr-FR\",\"@id\":\"https:\/\/newsestlyonnais.fr\/site\/2020\/09\/01\/meyzieu-pollution-les-benevoles-au-chevet-du-grand-large\/#primaryimage\",\"url\":\"https:\/\/newsestlyonnais.fr\/site\/wp-content\/uploads\/2020\/09\/118350863_3206315239488796_8001404112051058250_o.jpg\",\"contentUrl\":\"https:\/\/newsestlyonnais.fr\/site\/wp-content\/uploads\/2020\/09\/118350863_3206315239488796_8001404112051058250_o.jpg\",\"width\":1440,\"height\":1436},{\"@type\":\"BreadcrumbList\",\"@id\":\"https:\/\/newsestlyonnais.fr\/site\/2020\/09\/01\/meyzieu-pollution-les-benevoles-au-chevet-du-grand-large\/#breadcrumb\",\"itemListElement\":[{\"@type\":\"ListItem\",\"position\":1,\"name\":\"Accueil\",\"item\":\"https:\/\/newsestlyonnais.fr\/site\/\"},{\"@type\":\"ListItem\",\"position\":2,\"name\":\"MEYZIEU | Pollution > les b\u00e9n\u00e9voles au chevet du Grand large\"}]},{\"@type\":\"WebSite\",\"@id\":\"https:\/\/newsestlyonnais.fr\/site\/#website\",\"url\":\"https:\/\/newsestlyonnais.fr\/site\/\",\"name\":\"News Est Lyonnais\",\"description\":\"L&#039;actualit\u00e9 au plus pr\u00e8s\",\"publisher\":{\"@id\":\"https:\/\/newsestlyonnais.fr\/site\/#organization\"},\"potentialAction\":[{\"@type\":\"SearchAction\",\"target\":{\"@type\":\"EntryPoint\",\"urlTemplate\":\"https:\/\/newsestlyonnais.fr\/site\/?s={search_term_string}\"},\"query-input\":{\"@type\":\"PropertyValueSpecification\",\"valueRequired\":true,\"valueName\":\"search_term_string\"}}],\"inLanguage\":\"fr-FR\"},{\"@type\":\"Organization\",\"@id\":\"https:\/\/newsestlyonnais.fr\/site\/#organization\",\"name\":\"News EST LYONNAIS\",\"url\":\"https:\/\/newsestlyonnais.fr\/site\/\",\"logo\":{\"@type\":\"ImageObject\",\"inLanguage\":\"fr-FR\",\"@id\":\"https:\/\/newsestlyonnais.fr\/site\/#\/schema\/logo\/image\/\",\"url\":\"\",\"contentUrl\":\"\",\"caption\":\"News EST LYONNAIS\"},\"image\":{\"@id\":\"https:\/\/newsestlyonnais.fr\/site\/#\/schema\/logo\/image\/\"}},{\"@type\":\"Person\",\"@id\":\"https:\/\/newsestlyonnais.fr\/site\/#\/schema\/person\/b90ee44cab4c0c00359d319572ed71f9\",\"name\":\"Fran\u00e7ois Merlin\",\"url\":\"https:\/\/newsestlyonnais.fr\/site\/author\/francois-merlin\/\"}]}<\/script>\n<!-- \/ Yoast SEO plugin. -->","yoast_head_json":{"title":"MEYZIEU | Pollution > les b\u00e9n\u00e9voles au chevet du Grand large - News Est Lyonnais","description":"MEYZIEU | Pollution : les b\u00e9n\u00e9voles au chevet du Grand large","robots":{"index":"index","follow":"follow","max-snippet":"max-snippet:-1","max-image-preview":"max-image-preview:large","max-video-preview":"max-video-preview:-1"},"canonical":"https:\/\/newsestlyonnais.fr\/site\/2020\/09\/01\/meyzieu-pollution-les-benevoles-au-chevet-du-grand-large\/","og_locale":"fr_FR","og_type":"article","og_title":"MEYZIEU | Pollution > les b\u00e9n\u00e9voles au chevet du Grand large - News Est Lyonnais","og_description":"MEYZIEU | Pollution : les b\u00e9n\u00e9voles au chevet du Grand large","og_url":"https:\/\/newsestlyonnais.fr\/site\/2020\/09\/01\/meyzieu-pollution-les-benevoles-au-chevet-du-grand-large\/","og_site_name":"News Est Lyonnais","article_published_time":"2020-09-01T14:41:10+00:00","article_modified_time":"2020-11-17T10:26:21+00:00","og_image":[{"width":1440,"height":1436,"url":"https:\/\/i2.wp.com\/newsestlyonnais.fr\/site\/wp-content\/uploads\/2020\/09\/118350863_3206315239488796_8001404112051058250_o.jpg?fit=1440%2C1436&ssl=1","type":"image\/jpeg"}],"author":"Fran\u00e7ois Merlin","twitter_card":"summary_large_image","twitter_misc":{"\u00c9crit par":"Fran\u00e7ois Merlin","Dur\u00e9e de lecture estim\u00e9e":"1 minute"},"schema":{"@context":"https:\/\/schema.org","@graph":[{"@type":"Article","@id":"https:\/\/newsestlyonnais.fr\/site\/2020\/09\/01\/meyzieu-pollution-les-benevoles-au-chevet-du-grand-large\/#article","isPartOf":{"@id":"https:\/\/newsestlyonnais.fr\/site\/2020\/09\/01\/meyzieu-pollution-les-benevoles-au-chevet-du-grand-large\/"},"author":{"name":"Fran\u00e7ois Merlin","@id":"https:\/\/newsestlyonnais.fr\/site\/#\/schema\/person\/b90ee44cab4c0c00359d319572ed71f9"},"headline":"MEYZIEU | Pollution > les b\u00e9n\u00e9voles au chevet du Grand large","datePublished":"2020-09-01T14:41:10+00:00","dateModified":"2020-11-17T10:26:21+00:00","mainEntityOfPage":{"@id":"https:\/\/newsestlyonnais.fr\/site\/2020\/09\/01\/meyzieu-pollution-les-benevoles-au-chevet-du-grand-large\/"},"wordCount":214,"commentCount":0,"publisher":{"@id":"https:\/\/newsestlyonnais.fr\/site\/#organization"},"image":{"@id":"https:\/\/newsestlyonnais.fr\/site\/2020\/09\/01\/meyzieu-pollution-les-benevoles-au-chevet-du-grand-large\/#primaryimage"},"thumbnailUrl":"https:\/\/newsestlyonnais.fr\/site\/wp-content\/uploads\/2020\/09\/118350863_3206315239488796_8001404112051058250_o.jpg","keywords":["Grand large","Initiative oc\u00e9anes","MEYZIEU","planche \u00e0 voile","POLLUTION","Surfrider Fondation","VOILE"],"articleSection":["Meyzieu","Nature | Environnement | Chasse"],"inLanguage":"fr-FR","potentialAction":[{"@type":"CommentAction","name":"Comment","target":["https:\/\/newsestlyonnais.fr\/site\/2020\/09\/01\/meyzieu-pollution-les-benevoles-au-chevet-du-grand-large\/#respond"]}]},{"@type":"WebPage","@id":"https:\/\/newsestlyonnais.fr\/site\/2020\/09\/01\/meyzieu-pollution-les-benevoles-au-chevet-du-grand-large\/","url":"https:\/\/newsestlyonnais.fr\/site\/2020\/09\/01\/meyzieu-pollution-les-benevoles-au-chevet-du-grand-large\/","name":"MEYZIEU | Pollution > les b\u00e9n\u00e9voles au chevet du Grand large - News Est Lyonnais","isPartOf":{"@id":"https:\/\/newsestlyonnais.fr\/site\/#website"},"primaryImageOfPage":{"@id":"https:\/\/newsestlyonnais.fr\/site\/2020\/09\/01\/meyzieu-pollution-les-benevoles-au-chevet-du-grand-large\/#primaryimage"},"image":{"@id":"https:\/\/newsestlyonnais.fr\/site\/2020\/09\/01\/meyzieu-pollution-les-benevoles-au-chevet-du-grand-large\/#primaryimage"},"thumbnailUrl":"https:\/\/newsestlyonnais.fr\/site\/wp-content\/uploads\/2020\/09\/118350863_3206315239488796_8001404112051058250_o.jpg","datePublished":"2020-09-01T14:41:10+00:00","dateModified":"2020-11-17T10:26:21+00:00","description":"MEYZIEU | Pollution : les b\u00e9n\u00e9voles au chevet du Grand large","breadcrumb":{"@id":"https:\/\/newsestlyonnais.fr\/site\/2020\/09\/01\/meyzieu-pollution-les-benevoles-au-chevet-du-grand-large\/#breadcrumb"},"inLanguage":"fr-FR","potentialAction":[{"@type":"ReadAction","target":["https:\/\/newsestlyonnais.fr\/site\/2020\/09\/01\/meyzieu-pollution-les-benevoles-au-chevet-du-grand-large\/"]}]},{"@type":"ImageObject","inLanguage":"fr-FR","@id":"https:\/\/newsestlyonnais.fr\/site\/2020\/09\/01\/meyzieu-pollution-les-benevoles-au-chevet-du-grand-large\/#primaryimage","url":"https:\/\/newsestlyonnais.fr\/site\/wp-content\/uploads\/2020\/09\/118350863_3206315239488796_8001404112051058250_o.jpg","contentUrl":"https:\/\/newsestlyonnais.fr\/site\/wp-content\/uploads\/2020\/09\/118350863_3206315239488796_8001404112051058250_o.jpg","width":1440,"height":1436},{"@type":"BreadcrumbList","@id":"https:\/\/newsestlyonnais.fr\/site\/2020\/09\/01\/meyzieu-pollution-les-benevoles-au-chevet-du-grand-large\/#breadcrumb","itemListElement":[{"@type":"ListItem","position":1,"name":"Accueil","item":"https:\/\/newsestlyonnais.fr\/site\/"},{"@type":"ListItem","position":2,"name":"MEYZIEU | Pollution > les b\u00e9n\u00e9voles au chevet du Grand large"}]},{"@type":"WebSite","@id":"https:\/\/newsestlyonnais.fr\/site\/#website","url":"https:\/\/newsestlyonnais.fr\/site\/","name":"News Est Lyonnais","description":"L&#039;actualit\u00e9 au plus pr\u00e8s","publisher":{"@id":"https:\/\/newsestlyonnais.fr\/site\/#organization"},"potentialAction":[{"@type":"SearchAction","target":{"@type":"EntryPoint","urlTemplate":"https:\/\/newsestlyonnais.fr\/site\/?s={search_term_string}"},"query-input":{"@type":"PropertyValueSpecification","valueRequired":true,"valueName":"search_term_string"}}],"inLanguage":"fr-FR"},{"@type":"Organization","@id":"https:\/\/newsestlyonnais.fr\/site\/#organization","name":"News EST LYONNAIS","url":"https:\/\/newsestlyonnais.fr\/site\/","logo":{"@type":"ImageObject","inLanguage":"fr-FR","@id":"https:\/\/newsestlyonnais.fr\/site\/#\/schema\/logo\/image\/","url":"","contentUrl":"","caption":"News EST LYONNAIS"},"image":{"@id":"https:\/\/newsestlyonnais.fr\/site\/#\/schema\/logo\/image\/"}},{"@type":"Person","@id":"https:\/\/newsestlyonnais.fr\/site\/#\/schema\/person\/b90ee44cab4c0c00359d319572ed71f9","name":"Fran\u00e7ois Merlin","url":"https:\/\/newsestlyonnais.fr\/site\/author\/francois-merlin\/"}]}},"_links":{"self":[{"href":"https:\/\/newsestlyonnais.fr\/site\/wp-json\/wp\/v2\/posts\/109032","targetHints":{"allow":["GET"]}}],"collection":[{"href":"https:\/\/newsestlyonnais.fr\/site\/wp-json\/wp\/v2\/posts"}],"about":[{"href":"https:\/\/newsestlyonnais.fr\/site\/wp-json\/wp\/v2\/types\/post"}],"author":[{"embeddable":true,"href":"https:\/\/newsestlyonnais.fr\/site\/wp-json\/wp\/v2\/users\/9"}],"replies":[{"embeddable":true,"href":"https:\/\/newsestlyonnais.fr\/site\/wp-json\/wp\/v2\/comments?post=109032"}],"version-history":[{"count":0,"href":"https:\/\/newsestlyonnais.fr\/site\/wp-json\/wp\/v2\/posts\/109032\/revisions"}],"wp:featuredmedia":[{"embeddable":true,"href":"https:\/\/newsestlyonnais.fr\/site\/wp-json\/wp\/v2\/media\/109036"}],"wp:attachment":[{"href":"https:\/\/newsestlyonnais.fr\/site\/wp-json\/wp\/v2\/media?parent=109032"}],"wp:term":[{"taxonomy":"category","embeddable":true,"href":"https:\/\/newsestlyonnais.fr\/site\/wp-json\/wp\/v2\/categories?post=109032"},{"taxonomy":"post_tag","embeddable":true,"href":"https:\/\/newsestlyonnais.fr\/site\/wp-json\/wp\/v2\/tags?post=109032"}],"curies":[{"name":"wp","href":"https:\/\/api.w.org\/{rel}","templated":true}]}}