{"id":109057,"date":"2020-09-16T07:26:00","date_gmt":"2020-09-16T06:26:00","guid":{"rendered":"http:\/\/newsestlyonnais.fr\/site\/?p=109057"},"modified":"2021-02-14T07:36:47","modified_gmt":"2021-02-14T06:36:47","slug":"genas-alt-tab-informatique-un-service-personnalise-a-domicile","status":"publish","type":"post","link":"https:\/\/newsestlyonnais.fr\/site\/2020\/09\/16\/genas-alt-tab-informatique-un-service-personnalise-a-domicile\/","title":{"rendered":"Genas | Alt-Tab Informatique > un service personnalis\u00e9 \u00e0 domicile"},"content":{"rendered":"\n<p><img loading=\"lazy\" decoding=\"async\" class=\"alignleft wp-image-109735 size-medium\" src=\"https:\/\/newsestlyonnais.fr\/site\/medias\/2020\/09\/Doc9-page-001-400x566.jpg\" alt=\"\" width=\"212\" height=\"300\" srcset=\"https:\/\/newsestlyonnais.fr\/site\/wp-content\/uploads\/2020\/09\/Doc9-page-001-400x566.jpg 400w, https:\/\/newsestlyonnais.fr\/site\/wp-content\/uploads\/2020\/09\/Doc9-page-001-650x919.jpg 650w, https:\/\/newsestlyonnais.fr\/site\/wp-content\/uploads\/2020\/09\/Doc9-page-001-250x354.jpg 250w, https:\/\/newsestlyonnais.fr\/site\/wp-content\/uploads\/2020\/09\/Doc9-page-001-768x1086.jpg 768w, https:\/\/newsestlyonnais.fr\/site\/wp-content\/uploads\/2020\/09\/Doc9-page-001-1086x1536.jpg 1086w, https:\/\/newsestlyonnais.fr\/site\/wp-content\/uploads\/2020\/09\/Doc9-page-001-150x212.jpg 150w, https:\/\/newsestlyonnais.fr\/site\/wp-content\/uploads\/2020\/09\/Doc9-page-001-50x71.jpg 50w, https:\/\/newsestlyonnais.fr\/site\/wp-content\/uploads\/2020\/09\/Doc9-page-001-100x141.jpg 100w, https:\/\/newsestlyonnais.fr\/site\/wp-content\/uploads\/2020\/09\/Doc9-page-001-200x283.jpg 200w, https:\/\/newsestlyonnais.fr\/site\/wp-content\/uploads\/2020\/09\/Doc9-page-001-300x424.jpg 300w, https:\/\/newsestlyonnais.fr\/site\/wp-content\/uploads\/2020\/09\/Doc9-page-001-350x495.jpg 350w, https:\/\/newsestlyonnais.fr\/site\/wp-content\/uploads\/2020\/09\/Doc9-page-001-450x637.jpg 450w, https:\/\/newsestlyonnais.fr\/site\/wp-content\/uploads\/2020\/09\/Doc9-page-001-500x707.jpg 500w, https:\/\/newsestlyonnais.fr\/site\/wp-content\/uploads\/2020\/09\/Doc9-page-001-550x778.jpg 550w, https:\/\/newsestlyonnais.fr\/site\/wp-content\/uploads\/2020\/09\/Doc9-page-001-800x1132.jpg 800w, https:\/\/newsestlyonnais.fr\/site\/wp-content\/uploads\/2020\/09\/Doc9-page-001-1200x1697.jpg 1200w, https:\/\/newsestlyonnais.fr\/site\/wp-content\/uploads\/2020\/09\/Doc9-page-001.jpg 1240w\" sizes=\"auto, (max-width: 212px) 100vw, 212px\" \/><\/p>\n\n\n\n<p><span style=\"text-decoration: underline;\"><em>Portrait de son dirigeant<\/em> <\/span>: Originaire de Besan\u00e7on, il est arriv\u00e9 \u00e0 18 ans en r\u00e9gion lyonnaise puis en 2004 sur la commune de Genas. <strong>Il avoue avoir toujours aim\u00e9 l&rsquo;informatique, mais son cursus est assez atypique.<\/strong> Apr\u00e8s avoir d\u00e9croch\u00e9 son BTS <span class=\"ILfuVd NA6bn\"><span class=\"hgKElc\">H\u00f4tellerie-restauration, il d\u00e9marre sa carri\u00e8re professionnelle en h\u00f4tel, travaillant durant 10 ans au groupe Accor. Il participe au <\/span><\/span><span class=\"ILfuVd NA6bn\"><span class=\"hgKElc\">d\u00e9ploiement d&rsquo;un logiciel de r\u00e9servation inter-h\u00f4tel sur les places de Grenoble\/Chamb\u00e9ry, Louvain La Neuve et Lyon. Auparavant il a travaill\u00e9 \u00e0 diff\u00e9rents services au sein de ce groupe (r\u00e9ceptionniste, service r\u00e9servation, service des \u00e9tages). <br><\/span><\/span><\/p>\n<p>Devant la difficult\u00e9 de concilier travail et vie de famille, notamment puisque son \u00e9pouse est infirmi\u00e8re, il lui fallait donc trouver un job avec des horaires plus stables.<\/p>\n<p><strong>Ce qui l&rsquo;a r\u00e9ellement d\u00e9cid\u00e9 ?<\/strong> \u00ab\u00a0J&rsquo;ai retrouv\u00e9 sur un forum des m\u00e9tiers, un copain d&rsquo;\u00e9cole h\u00f4teli\u00e8re. Sa soci\u00e9t\u00e9 recherchait des personnes n&rsquo;ayant pas peur de toucher \u00e0 l&rsquo;informatique et qui avaient des bases solides au niveau de la restauration. J&rsquo;ai donc \u00e9t\u00e9 recrut\u00e9 par un \u00e9diteur de logiciels pour la restauration. Et ainsi occup\u00e9 durant 20 ans, diff\u00e9rents postes qui m&rsquo;ont permis d&rsquo;apprendre au niveau base de donn\u00e9es, r\u00e9seaux et communication. J&rsquo;ai ainsi connu l&rsquo;\u00e9volution de l&rsquo;informatique (naissance d&rsquo;internet et des r\u00e9seaux sociaux, le passage du bas d\u00e9bit au tr\u00e8s haut d\u00e9bit, la mont\u00e9e de Microsoft et Apple)\u00a0\u00bb.<\/p>\n<p>\u00ab\u00a0Et puis d\u00e9but janvier 2020, j&rsquo;ai subi un licenciement \u00e9conomique et \u00e0 47 ans, juste avant le confinement, j&rsquo;ai pass\u00e9 un entretien. Ce dernier m\u2019a fait comprendre qu\u2019il me serait difficile de rentrer dans une case \u00e0 47 ans &#8230; Et \u00e0 <strong>force de d\u00e9panner amis, voisins et connaissances cela faisait longtemps que germait cette id\u00e9e\u00a0\u00bb. <\/strong><\/p>\n<hr>\n<p>&nbsp;&nbsp;&nbsp;&nbsp;&nbsp;&nbsp;&nbsp;&nbsp;&nbsp;&nbsp;&nbsp;&nbsp;&nbsp;&nbsp;&nbsp;&nbsp;&nbsp;&nbsp;&nbsp;&nbsp;&nbsp;&nbsp;&nbsp;&nbsp;&nbsp;&nbsp;&nbsp;&nbsp;&nbsp;&nbsp;&nbsp;&nbsp;&nbsp;&nbsp;&nbsp;&nbsp;&nbsp;&nbsp;&nbsp;&nbsp;&nbsp;&nbsp;&nbsp;&nbsp;&nbsp;&nbsp;&nbsp;&nbsp;&nbsp;&nbsp;&nbsp;&nbsp;&nbsp;&nbsp;&nbsp;&nbsp;&nbsp;&nbsp;&nbsp;&nbsp;<\/p>\n\n\n\n<div class=\"wp-block-media-text alignwide is-stacked-on-mobile\" style=\"grid-template-columns:28% auto\"><figure class=\"wp-block-media-text__media\"><img loading=\"lazy\" decoding=\"async\" width=\"650\" height=\"527\" src=\"https:\/\/newsestlyonnais.fr\/site\/medias\/2020\/09\/image0-1-650x527.png\" alt=\"\" class=\"wp-image-109711\" srcset=\"https:\/\/newsestlyonnais.fr\/site\/wp-content\/uploads\/2020\/09\/image0-1-650x527.png 650w, https:\/\/newsestlyonnais.fr\/site\/wp-content\/uploads\/2020\/09\/image0-1-400x324.png 400w, https:\/\/newsestlyonnais.fr\/site\/wp-content\/uploads\/2020\/09\/image0-1-250x203.png 250w, https:\/\/newsestlyonnais.fr\/site\/wp-content\/uploads\/2020\/09\/image0-1-150x122.png 150w, https:\/\/newsestlyonnais.fr\/site\/wp-content\/uploads\/2020\/09\/image0-1-50x41.png 50w, https:\/\/newsestlyonnais.fr\/site\/wp-content\/uploads\/2020\/09\/image0-1-100x81.png 100w, https:\/\/newsestlyonnais.fr\/site\/wp-content\/uploads\/2020\/09\/image0-1-200x162.png 200w, https:\/\/newsestlyonnais.fr\/site\/wp-content\/uploads\/2020\/09\/image0-1-300x243.png 300w, https:\/\/newsestlyonnais.fr\/site\/wp-content\/uploads\/2020\/09\/image0-1-350x284.png 350w, https:\/\/newsestlyonnais.fr\/site\/wp-content\/uploads\/2020\/09\/image0-1-450x365.png 450w, https:\/\/newsestlyonnais.fr\/site\/wp-content\/uploads\/2020\/09\/image0-1-500x406.png 500w, https:\/\/newsestlyonnais.fr\/site\/wp-content\/uploads\/2020\/09\/image0-1-550x446.png 550w, https:\/\/newsestlyonnais.fr\/site\/wp-content\/uploads\/2020\/09\/image0-1.png 678w\" sizes=\"auto, (max-width: 650px) 100vw, 650px\" \/><\/figure><div class=\"wp-block-media-text__content\">\n<h4 class=\"wp-block-heading\"><strong><em><span style=\"text-decoration: underline;\">La naissance d \u2018Alt-Tab Informatique<\/span><\/em> :<\/strong><\/h4>\n\n\n\n<p>\u00ab\u00a0Je me suis dit je me lance et le confinement m&rsquo;a laiss\u00e9 du temps pour le faire. D\u00e9buter au 1\u00b0 juin \u00e9tait devenu utopique puis ensuite avec les vacances, j&rsquo;ai d\u00e9marr\u00e9 officiellement au 1\u00b0 Ao\u00fbt. Depuis le 6 Ao\u00fbt 2020, mon activit\u00e9 est <strong>reconnue comme service \u00e0 la personne\u00a0\u00bb.<\/strong><\/p>\n<hr>\n<\/div><\/div>\n\n\n\n<p><\/p>\n\n\n\n<p><strong><span style=\"text-decoration: underline;\">Son concept<\/span><\/strong> : <strong>Intervention \u00e0 domicile et uniquement chez les particuliers.<\/strong> Ces derniers pouvant b\u00e9n\u00e9ficier d&rsquo;un cr\u00e9dit d&rsquo;imp\u00f4t (50 %) sur le montant vers\u00e9, \u00e0 hauteur de 1.500 \u20ac. <strong>Formation<\/strong>, <strong>Audit<\/strong> (installation de logiciel, mat\u00e9riel, objets connect\u00e9s) et <strong>Conseil<\/strong> (achat d&rsquo;ordinateur suivant usage ou budget). Intervention sur l&rsquo;Est Lyonnais (CCEL, Bron, D\u00e9cines, Meyzieu, Vaulx en Velin, Villeurbanne et Lyon) mais aussi le Nord-Is\u00e8re et l&rsquo;Ain.<\/p>\n\n\n\n<p><strong><span style=\"text-decoration: underline;\">Son cheval de bataille<\/span><\/strong> : <strong>La lutte contre l&rsquo;exclusion num\u00e9rique <strong>des seniors<\/strong><\/strong> <strong>!<\/strong> \u00ab\u00a0Ce d\u00e9clic est venu apr\u00e8s le d\u00e9pannage chez une personne \u00e2g\u00e9e, il y avait du potentiel et un march\u00e9 \u00e0 prendre. Une aide aux d\u00e9marches administratives et \u00e0 l&rsquo;impression de documents\u00a0\u00bb. <strong>Tarif pr\u00e9f\u00e9rentiel pour les + de 65 ans (- 20 %).<\/strong> <\/p>\n\n\n\n<p><strong><span style=\"text-decoration: underline;\">Sa devise<\/span><\/strong> : <strong>Le raccourci vers l&rsquo;informatique pour tous<\/strong> : \u00ab\u00a0il faut qu&rsquo;on d\u00e9sacralise l&rsquo;outil informatique, qu&rsquo;il devienne accessible \u00e0 tout le monde sans forc\u00e9ment s&rsquo;y connaitre. Apporter \u00e0 chacun les bases. C&rsquo;est de la p\u00e9dagogie, de la patience et de l&rsquo;\u00e9change, il faut s&rsquo;adapter. Etre \u00e0 l&rsquo;\u00e9coute pour pouvoir apporter l&rsquo;aide n\u00e9cessaire et ce n&rsquo;est pas une question d&rsquo;\u00e2ge ! En 20 ans d&rsquo;exp\u00e9rience, j&rsquo;ai travaill\u00e9 en hotline et je sais comment expliquer les choses\u00a0\u00bb.<\/p>\n\n\n\n<p><\/p>\n\n\n\n<hr class=\"wp-block-separator\"\/>\n\n\n\n<ul class=\"wp-block-list\"><li><em><strong>Contacts<\/strong><\/em> : T\u00e9l 06.15.91.05.93 <strong>&amp;<\/strong> contact@alt-tab-info.fr<\/li><li><strong>Affili\u00e9 \u00e0<\/strong> <a href=\"https:\/\/www.activgenas.com\" target=\"_blank\" rel=\"noreferrer noopener\"><span style=\"color:#0693e3\" class=\"color\">ACtiv&rsquo;Genas-Azieu<\/span><\/a> &amp; <a href=\"https:\/\/www.miplaine-entreprises.com\" target=\"_blank\" rel=\"noreferrer noopener\"><span style=\"color:#0693e3\" class=\"color\">Mi-Plaine Entreprises<\/span><\/a> .<\/li><\/ul>\n\n\n\n<p><strong>Retrouvez<\/strong> Alt-Tab Informatique sur :<\/p>\n\n\n\n<ul class=\"wp-block-list\"><li><a href=\"https:\/\/www.alt-tab-info.fr\"><span style=\"color:#0693e3\" class=\"color\">https:\/\/www.alt-tab-info.fr<\/span><\/a><\/li><li><a href=\"https:\/\/www.facebook.com\/AltTabInformatique\/\"><span style=\"color:#0693e3\" class=\"color\">https:\/\/www.facebook.com\/AltTabInformatique<\/span><\/a><\/li><\/ul>\n\n\n\n<p class=\"has-text-align-justify\"><\/p>\n\n\n\n<hr class=\"wp-block-separator\"\/>\n","protected":false},"excerpt":{"rendered":"<p>Jocelyn Monnier propose depuis d\u00e9but ao\u00fbt de lutter contre l&rsquo;exclusion num\u00e9rique notamment des seniors.<\/p>\n","protected":false},"author":4,"featured_media":109740,"comment_status":"open","ping_status":"open","sticky":false,"template":"","format":"standard","meta":{"footnotes":""},"categories":[1628,2970,270,12,1598,2172],"tags":[],"class_list":["post-109057","post","type-post","status-publish","format-standard","has-post-thumbnail","hentry","category-publi-reportages","category-artisans-commerces-economie","category-cte-de-communes-c-c-e-l","category-entreprises","category-genas","category-informatique-numerique"],"yoast_head":"<!-- This site is optimized with the Yoast SEO plugin v27.2 - https:\/\/yoast.com\/product\/yoast-seo-wordpress\/ -->\n<title>Genas | Alt-Tab Informatique &gt; un service personnalis\u00e9 \u00e0 domicile - News Est Lyonnais<\/title>\n<meta name=\"description\" content=\"GENAS | Alt-Tab Informatique &gt; un service personnalis\u00e9 \u00e0 domicile\" \/>\n<meta name=\"robots\" content=\"index, follow, max-snippet:-1, max-image-preview:large, max-video-preview:-1\" \/>\n<link rel=\"canonical\" href=\"https:\/\/newsestlyonnais.fr\/site\/2020\/09\/16\/genas-alt-tab-informatique-un-service-personnalise-a-domicile\/\" \/>\n<meta property=\"og:locale\" content=\"fr_FR\" \/>\n<meta property=\"og:type\" content=\"article\" \/>\n<meta property=\"og:title\" content=\"Genas | Alt-Tab Informatique &gt; un service personnalis\u00e9 \u00e0 domicile - News Est Lyonnais\" \/>\n<meta property=\"og:description\" content=\"GENAS | Alt-Tab Informatique &gt; un service personnalis\u00e9 \u00e0 domicile\" \/>\n<meta property=\"og:url\" content=\"https:\/\/newsestlyonnais.fr\/site\/2020\/09\/16\/genas-alt-tab-informatique-un-service-personnalise-a-domicile\/\" \/>\n<meta property=\"og:site_name\" content=\"News Est Lyonnais\" \/>\n<meta property=\"article:author\" content=\"https:\/\/www.facebook.com\/pascal.oberson.1?fref=ts\" \/>\n<meta property=\"article:published_time\" content=\"2020-09-16T06:26:00+00:00\" \/>\n<meta property=\"article:modified_time\" content=\"2021-02-14T06:36:47+00:00\" \/>\n<meta property=\"og:image\" content=\"https:\/\/i0.wp.com\/newsestlyonnais.fr\/site\/wp-content\/uploads\/2020\/09\/P1440642.jpg?fit=1200%2C900&ssl=1\" \/>\n\t<meta property=\"og:image:width\" content=\"1200\" \/>\n\t<meta property=\"og:image:height\" content=\"900\" \/>\n\t<meta property=\"og:image:type\" content=\"image\/jpeg\" \/>\n<meta name=\"author\" content=\"R\u00e9dac. NEWS\" \/>\n<meta name=\"twitter:card\" content=\"summary_large_image\" \/>\n<meta name=\"twitter:label1\" content=\"\u00c9crit par\" \/>\n\t<meta name=\"twitter:data1\" content=\"R\u00e9dac. NEWS\" \/>\n\t<meta name=\"twitter:label2\" content=\"Dur\u00e9e de lecture estim\u00e9e\" \/>\n\t<meta name=\"twitter:data2\" content=\"3 minutes\" \/>\n<script type=\"application\/ld+json\" class=\"yoast-schema-graph\">{\"@context\":\"https:\/\/schema.org\",\"@graph\":[{\"@type\":\"Article\",\"@id\":\"https:\/\/newsestlyonnais.fr\/site\/2020\/09\/16\/genas-alt-tab-informatique-un-service-personnalise-a-domicile\/#article\",\"isPartOf\":{\"@id\":\"https:\/\/newsestlyonnais.fr\/site\/2020\/09\/16\/genas-alt-tab-informatique-un-service-personnalise-a-domicile\/\"},\"author\":{\"name\":\"R\u00e9dac. NEWS\",\"@id\":\"https:\/\/newsestlyonnais.fr\/site\/#\/schema\/person\/3230d5615f390bb808365d673001e887\"},\"headline\":\"Genas | Alt-Tab Informatique > un service personnalis\u00e9 \u00e0 domicile\",\"datePublished\":\"2020-09-16T06:26:00+00:00\",\"dateModified\":\"2021-02-14T06:36:47+00:00\",\"mainEntityOfPage\":{\"@id\":\"https:\/\/newsestlyonnais.fr\/site\/2020\/09\/16\/genas-alt-tab-informatique-un-service-personnalise-a-domicile\/\"},\"wordCount\":677,\"commentCount\":0,\"publisher\":{\"@id\":\"https:\/\/newsestlyonnais.fr\/site\/#organization\"},\"image\":{\"@id\":\"https:\/\/newsestlyonnais.fr\/site\/2020\/09\/16\/genas-alt-tab-informatique-un-service-personnalise-a-domicile\/#primaryimage\"},\"thumbnailUrl\":\"https:\/\/newsestlyonnais.fr\/site\/wp-content\/uploads\/2020\/09\/P1440642.jpg\",\"articleSection\":[\"1Publi-Reportages\",\"Artisans | Commerces\",\"CCEL | Communes\",\"Entreprises\",\"Genas\",\"Informatique | Num\u00e9rique\"],\"inLanguage\":\"fr-FR\",\"potentialAction\":[{\"@type\":\"CommentAction\",\"name\":\"Comment\",\"target\":[\"https:\/\/newsestlyonnais.fr\/site\/2020\/09\/16\/genas-alt-tab-informatique-un-service-personnalise-a-domicile\/#respond\"]}]},{\"@type\":\"WebPage\",\"@id\":\"https:\/\/newsestlyonnais.fr\/site\/2020\/09\/16\/genas-alt-tab-informatique-un-service-personnalise-a-domicile\/\",\"url\":\"https:\/\/newsestlyonnais.fr\/site\/2020\/09\/16\/genas-alt-tab-informatique-un-service-personnalise-a-domicile\/\",\"name\":\"Genas | Alt-Tab Informatique > un service personnalis\u00e9 \u00e0 domicile - News Est Lyonnais\",\"isPartOf\":{\"@id\":\"https:\/\/newsestlyonnais.fr\/site\/#website\"},\"primaryImageOfPage\":{\"@id\":\"https:\/\/newsestlyonnais.fr\/site\/2020\/09\/16\/genas-alt-tab-informatique-un-service-personnalise-a-domicile\/#primaryimage\"},\"image\":{\"@id\":\"https:\/\/newsestlyonnais.fr\/site\/2020\/09\/16\/genas-alt-tab-informatique-un-service-personnalise-a-domicile\/#primaryimage\"},\"thumbnailUrl\":\"https:\/\/newsestlyonnais.fr\/site\/wp-content\/uploads\/2020\/09\/P1440642.jpg\",\"datePublished\":\"2020-09-16T06:26:00+00:00\",\"dateModified\":\"2021-02-14T06:36:47+00:00\",\"description\":\"GENAS | Alt-Tab Informatique > un service personnalis\u00e9 \u00e0 domicile\",\"breadcrumb\":{\"@id\":\"https:\/\/newsestlyonnais.fr\/site\/2020\/09\/16\/genas-alt-tab-informatique-un-service-personnalise-a-domicile\/#breadcrumb\"},\"inLanguage\":\"fr-FR\",\"potentialAction\":[{\"@type\":\"ReadAction\",\"target\":[\"https:\/\/newsestlyonnais.fr\/site\/2020\/09\/16\/genas-alt-tab-informatique-un-service-personnalise-a-domicile\/\"]}]},{\"@type\":\"ImageObject\",\"inLanguage\":\"fr-FR\",\"@id\":\"https:\/\/newsestlyonnais.fr\/site\/2020\/09\/16\/genas-alt-tab-informatique-un-service-personnalise-a-domicile\/#primaryimage\",\"url\":\"https:\/\/newsestlyonnais.fr\/site\/wp-content\/uploads\/2020\/09\/P1440642.jpg\",\"contentUrl\":\"https:\/\/newsestlyonnais.fr\/site\/wp-content\/uploads\/2020\/09\/P1440642.jpg\",\"width\":1200,\"height\":900},{\"@type\":\"BreadcrumbList\",\"@id\":\"https:\/\/newsestlyonnais.fr\/site\/2020\/09\/16\/genas-alt-tab-informatique-un-service-personnalise-a-domicile\/#breadcrumb\",\"itemListElement\":[{\"@type\":\"ListItem\",\"position\":1,\"name\":\"Accueil\",\"item\":\"https:\/\/newsestlyonnais.fr\/site\/\"},{\"@type\":\"ListItem\",\"position\":2,\"name\":\"Genas | Alt-Tab Informatique > un service personnalis\u00e9 \u00e0 domicile\"}]},{\"@type\":\"WebSite\",\"@id\":\"https:\/\/newsestlyonnais.fr\/site\/#website\",\"url\":\"https:\/\/newsestlyonnais.fr\/site\/\",\"name\":\"News Est Lyonnais\",\"description\":\"L&#039;actualit\u00e9 au plus pr\u00e8s\",\"publisher\":{\"@id\":\"https:\/\/newsestlyonnais.fr\/site\/#organization\"},\"potentialAction\":[{\"@type\":\"SearchAction\",\"target\":{\"@type\":\"EntryPoint\",\"urlTemplate\":\"https:\/\/newsestlyonnais.fr\/site\/?s={search_term_string}\"},\"query-input\":{\"@type\":\"PropertyValueSpecification\",\"valueRequired\":true,\"valueName\":\"search_term_string\"}}],\"inLanguage\":\"fr-FR\"},{\"@type\":\"Organization\",\"@id\":\"https:\/\/newsestlyonnais.fr\/site\/#organization\",\"name\":\"News EST LYONNAIS\",\"url\":\"https:\/\/newsestlyonnais.fr\/site\/\",\"logo\":{\"@type\":\"ImageObject\",\"inLanguage\":\"fr-FR\",\"@id\":\"https:\/\/newsestlyonnais.fr\/site\/#\/schema\/logo\/image\/\",\"url\":\"\",\"contentUrl\":\"\",\"caption\":\"News EST LYONNAIS\"},\"image\":{\"@id\":\"https:\/\/newsestlyonnais.fr\/site\/#\/schema\/logo\/image\/\"}},{\"@type\":\"Person\",\"@id\":\"https:\/\/newsestlyonnais.fr\/site\/#\/schema\/person\/3230d5615f390bb808365d673001e887\",\"name\":\"R\u00e9dac. NEWS\",\"sameAs\":[\"http:\/\/www.newsestlyonnais.fr\",\"https:\/\/www.facebook.com\/pascal.oberson.1?fref=ts\",\"https:\/\/fr.linkedin.com\/in\/pascal-oberson-b17045113\"],\"url\":\"https:\/\/newsestlyonnais.fr\/site\/author\/nel\/\"}]}<\/script>\n<!-- \/ Yoast SEO plugin. -->","yoast_head_json":{"title":"Genas | Alt-Tab Informatique > un service personnalis\u00e9 \u00e0 domicile - News Est Lyonnais","description":"GENAS | Alt-Tab Informatique > un service personnalis\u00e9 \u00e0 domicile","robots":{"index":"index","follow":"follow","max-snippet":"max-snippet:-1","max-image-preview":"max-image-preview:large","max-video-preview":"max-video-preview:-1"},"canonical":"https:\/\/newsestlyonnais.fr\/site\/2020\/09\/16\/genas-alt-tab-informatique-un-service-personnalise-a-domicile\/","og_locale":"fr_FR","og_type":"article","og_title":"Genas | Alt-Tab Informatique > un service personnalis\u00e9 \u00e0 domicile - News Est Lyonnais","og_description":"GENAS | Alt-Tab Informatique > un service personnalis\u00e9 \u00e0 domicile","og_url":"https:\/\/newsestlyonnais.fr\/site\/2020\/09\/16\/genas-alt-tab-informatique-un-service-personnalise-a-domicile\/","og_site_name":"News Est Lyonnais","article_author":"https:\/\/www.facebook.com\/pascal.oberson.1?fref=ts","article_published_time":"2020-09-16T06:26:00+00:00","article_modified_time":"2021-02-14T06:36:47+00:00","og_image":[{"width":1200,"height":900,"url":"https:\/\/i0.wp.com\/newsestlyonnais.fr\/site\/wp-content\/uploads\/2020\/09\/P1440642.jpg?fit=1200%2C900&ssl=1","type":"image\/jpeg"}],"author":"R\u00e9dac. NEWS","twitter_card":"summary_large_image","twitter_misc":{"\u00c9crit par":"R\u00e9dac. NEWS","Dur\u00e9e de lecture estim\u00e9e":"3 minutes"},"schema":{"@context":"https:\/\/schema.org","@graph":[{"@type":"Article","@id":"https:\/\/newsestlyonnais.fr\/site\/2020\/09\/16\/genas-alt-tab-informatique-un-service-personnalise-a-domicile\/#article","isPartOf":{"@id":"https:\/\/newsestlyonnais.fr\/site\/2020\/09\/16\/genas-alt-tab-informatique-un-service-personnalise-a-domicile\/"},"author":{"name":"R\u00e9dac. NEWS","@id":"https:\/\/newsestlyonnais.fr\/site\/#\/schema\/person\/3230d5615f390bb808365d673001e887"},"headline":"Genas | Alt-Tab Informatique > un service personnalis\u00e9 \u00e0 domicile","datePublished":"2020-09-16T06:26:00+00:00","dateModified":"2021-02-14T06:36:47+00:00","mainEntityOfPage":{"@id":"https:\/\/newsestlyonnais.fr\/site\/2020\/09\/16\/genas-alt-tab-informatique-un-service-personnalise-a-domicile\/"},"wordCount":677,"commentCount":0,"publisher":{"@id":"https:\/\/newsestlyonnais.fr\/site\/#organization"},"image":{"@id":"https:\/\/newsestlyonnais.fr\/site\/2020\/09\/16\/genas-alt-tab-informatique-un-service-personnalise-a-domicile\/#primaryimage"},"thumbnailUrl":"https:\/\/newsestlyonnais.fr\/site\/wp-content\/uploads\/2020\/09\/P1440642.jpg","articleSection":["1Publi-Reportages","Artisans | Commerces","CCEL | Communes","Entreprises","Genas","Informatique | Num\u00e9rique"],"inLanguage":"fr-FR","potentialAction":[{"@type":"CommentAction","name":"Comment","target":["https:\/\/newsestlyonnais.fr\/site\/2020\/09\/16\/genas-alt-tab-informatique-un-service-personnalise-a-domicile\/#respond"]}]},{"@type":"WebPage","@id":"https:\/\/newsestlyonnais.fr\/site\/2020\/09\/16\/genas-alt-tab-informatique-un-service-personnalise-a-domicile\/","url":"https:\/\/newsestlyonnais.fr\/site\/2020\/09\/16\/genas-alt-tab-informatique-un-service-personnalise-a-domicile\/","name":"Genas | Alt-Tab Informatique > un service personnalis\u00e9 \u00e0 domicile - News Est Lyonnais","isPartOf":{"@id":"https:\/\/newsestlyonnais.fr\/site\/#website"},"primaryImageOfPage":{"@id":"https:\/\/newsestlyonnais.fr\/site\/2020\/09\/16\/genas-alt-tab-informatique-un-service-personnalise-a-domicile\/#primaryimage"},"image":{"@id":"https:\/\/newsestlyonnais.fr\/site\/2020\/09\/16\/genas-alt-tab-informatique-un-service-personnalise-a-domicile\/#primaryimage"},"thumbnailUrl":"https:\/\/newsestlyonnais.fr\/site\/wp-content\/uploads\/2020\/09\/P1440642.jpg","datePublished":"2020-09-16T06:26:00+00:00","dateModified":"2021-02-14T06:36:47+00:00","description":"GENAS | Alt-Tab Informatique > un service personnalis\u00e9 \u00e0 domicile","breadcrumb":{"@id":"https:\/\/newsestlyonnais.fr\/site\/2020\/09\/16\/genas-alt-tab-informatique-un-service-personnalise-a-domicile\/#breadcrumb"},"inLanguage":"fr-FR","potentialAction":[{"@type":"ReadAction","target":["https:\/\/newsestlyonnais.fr\/site\/2020\/09\/16\/genas-alt-tab-informatique-un-service-personnalise-a-domicile\/"]}]},{"@type":"ImageObject","inLanguage":"fr-FR","@id":"https:\/\/newsestlyonnais.fr\/site\/2020\/09\/16\/genas-alt-tab-informatique-un-service-personnalise-a-domicile\/#primaryimage","url":"https:\/\/newsestlyonnais.fr\/site\/wp-content\/uploads\/2020\/09\/P1440642.jpg","contentUrl":"https:\/\/newsestlyonnais.fr\/site\/wp-content\/uploads\/2020\/09\/P1440642.jpg","width":1200,"height":900},{"@type":"BreadcrumbList","@id":"https:\/\/newsestlyonnais.fr\/site\/2020\/09\/16\/genas-alt-tab-informatique-un-service-personnalise-a-domicile\/#breadcrumb","itemListElement":[{"@type":"ListItem","position":1,"name":"Accueil","item":"https:\/\/newsestlyonnais.fr\/site\/"},{"@type":"ListItem","position":2,"name":"Genas | Alt-Tab Informatique > un service personnalis\u00e9 \u00e0 domicile"}]},{"@type":"WebSite","@id":"https:\/\/newsestlyonnais.fr\/site\/#website","url":"https:\/\/newsestlyonnais.fr\/site\/","name":"News Est Lyonnais","description":"L&#039;actualit\u00e9 au plus pr\u00e8s","publisher":{"@id":"https:\/\/newsestlyonnais.fr\/site\/#organization"},"potentialAction":[{"@type":"SearchAction","target":{"@type":"EntryPoint","urlTemplate":"https:\/\/newsestlyonnais.fr\/site\/?s={search_term_string}"},"query-input":{"@type":"PropertyValueSpecification","valueRequired":true,"valueName":"search_term_string"}}],"inLanguage":"fr-FR"},{"@type":"Organization","@id":"https:\/\/newsestlyonnais.fr\/site\/#organization","name":"News EST LYONNAIS","url":"https:\/\/newsestlyonnais.fr\/site\/","logo":{"@type":"ImageObject","inLanguage":"fr-FR","@id":"https:\/\/newsestlyonnais.fr\/site\/#\/schema\/logo\/image\/","url":"","contentUrl":"","caption":"News EST LYONNAIS"},"image":{"@id":"https:\/\/newsestlyonnais.fr\/site\/#\/schema\/logo\/image\/"}},{"@type":"Person","@id":"https:\/\/newsestlyonnais.fr\/site\/#\/schema\/person\/3230d5615f390bb808365d673001e887","name":"R\u00e9dac. NEWS","sameAs":["http:\/\/www.newsestlyonnais.fr","https:\/\/www.facebook.com\/pascal.oberson.1?fref=ts","https:\/\/fr.linkedin.com\/in\/pascal-oberson-b17045113"],"url":"https:\/\/newsestlyonnais.fr\/site\/author\/nel\/"}]}},"_links":{"self":[{"href":"https:\/\/newsestlyonnais.fr\/site\/wp-json\/wp\/v2\/posts\/109057","targetHints":{"allow":["GET"]}}],"collection":[{"href":"https:\/\/newsestlyonnais.fr\/site\/wp-json\/wp\/v2\/posts"}],"about":[{"href":"https:\/\/newsestlyonnais.fr\/site\/wp-json\/wp\/v2\/types\/post"}],"author":[{"embeddable":true,"href":"https:\/\/newsestlyonnais.fr\/site\/wp-json\/wp\/v2\/users\/4"}],"replies":[{"embeddable":true,"href":"https:\/\/newsestlyonnais.fr\/site\/wp-json\/wp\/v2\/comments?post=109057"}],"version-history":[{"count":0,"href":"https:\/\/newsestlyonnais.fr\/site\/wp-json\/wp\/v2\/posts\/109057\/revisions"}],"wp:featuredmedia":[{"embeddable":true,"href":"https:\/\/newsestlyonnais.fr\/site\/wp-json\/wp\/v2\/media\/109740"}],"wp:attachment":[{"href":"https:\/\/newsestlyonnais.fr\/site\/wp-json\/wp\/v2\/media?parent=109057"}],"wp:term":[{"taxonomy":"category","embeddable":true,"href":"https:\/\/newsestlyonnais.fr\/site\/wp-json\/wp\/v2\/categories?post=109057"},{"taxonomy":"post_tag","embeddable":true,"href":"https:\/\/newsestlyonnais.fr\/site\/wp-json\/wp\/v2\/tags?post=109057"}],"curies":[{"name":"wp","href":"https:\/\/api.w.org\/{rel}","templated":true}]}}