{"id":109135,"date":"2020-09-03T05:53:16","date_gmt":"2020-09-03T04:53:16","guid":{"rendered":"http:\/\/newsestlyonnais.fr\/site\/?p=109135"},"modified":"2020-11-13T18:49:21","modified_gmt":"2020-11-13T17:49:21","slug":"lyon-les-forums-des-associations","status":"publish","type":"post","link":"https:\/\/newsestlyonnais.fr\/site\/2020\/09\/03\/lyon-les-forums-des-associations\/","title":{"rendered":"LYON | Les Forums des associations"},"content":{"rendered":"\n<div class=\"BLOC-chapeau full\">\n<div class=\"description\">\n<p>Danse ou dessin ? Guitare ou randonn\u00e9e ? Participant ou b\u00e9n\u00e9vole ? Pour choisir son ou ses loisirs et son engagement, ou pas, pour la saison 2020-2021, il y a les Forums des associations. En septembre, dans chaque arrondissement. ______________________________________________________________________<\/p>\n<\/div>\n<\/div>\n<div class=\"field field--name-field-content field--type-entity-reference-revisions field--label-visually_hidden\">\n<div class=\"field--label sr-only\">Contenu<\/div>\n<div class=\"field__items\">\n<div class=\"field--item\">\n<div class=\"paragraph paragraph--type--text-block paragraph--view-mode--default\">\n<div class=\"field field--name-field-content field--type-text-long field--label-visually_hidden\">\n<div class=\"field--label sr-only\">Contenu<\/div>\n<div class=\"field--item\">\n<p>Les Forums des associations sont l\u2019endroit o\u00f9 il faut imp\u00e9rativement \u00eatre pour trouver une activit\u00e9 pour la prochaine ann\u00e9e scolaire. Physiques, artistiques, intellectuels\u2026, tous les loisirs sont \u00e0 port\u00e9e de main pour une inscription imm\u00e9diate ou pour se faire une id\u00e9e au cours d\u2019une s\u00e9ance d\u2019essai. Les Lyonnaises et les Lyonnais ont la chance de b\u00e9n\u00e9ficier d\u2019une grande diversit\u00e9 d\u2019activit\u00e9s quel que soit le quartier. Il faut en profiter car les avantages sont nombreux. En plus d\u2019acqu\u00e9rir ou d\u2019approfondir un savoir-faire, c\u2019est une occasion de partager, d\u2019\u00e9changer, de rencontrer d\u2019autres passionn\u00e9s. ______________________________________________________________________<\/p>\n<p><strong><em><u>Samedi 5 septembre<\/u> <\/em>: <\/strong><\/p>\n<ul>\n<li><strong>1\u00b0 arrondissement :<\/strong> de 14 h \u00e0 18 h \u2013 <a href=\"https:\/\/www.lyon.fr\/lieu\/gymnases-salles-et-halles\/gymnase-jean-genety\">Gymnase G\u00e9n\u00e9ty<\/a><\/li>\n<li><strong>3\u00b0 arrondissement :<\/strong> de 10 h \u00e0 17 h \u2013 <a href=\"https:\/\/www.lyon.fr\/lieu\/lieux-danimation\/place-guichard\">Place Guichard<\/a><\/li>\n<li><strong>4\u00b0 arrondissement :<\/strong> de 9 h \u00e0 18 h \u2013 <a href=\"https:\/\/www.lyon.fr\/lieu\/centres-culturels-pluridisciplinaires\/salle-de-la-ficelle\">Salle de la Ficelle<\/a><\/li>\n<li><strong>5\u00b0 arrondissement :<\/strong> de 10 h \u00e0 16 h \u2013 <a href=\"https:\/\/www.lyon.fr\/lieu\/parcs\/parc-de-la-mairie-du-5e-arr\">Parc de la Mairie du 5e<\/a><\/li>\n<li><strong>6\u00b0 arrondissement :<\/strong> de 10 h \u00e0 18 h \u2013 <a href=\"https:\/\/www.lyon.fr\/lieu\/lieux-danimation\/place-marechal-lyautey\">Place Mar\u00e9chal Lyautey<\/a><\/li>\n<li><strong>9\u00b0 arrondissement :<\/strong> de&nbsp;&nbsp; 9 h \u00e0 16 h \u2013 <a href=\"https:\/\/www.lyon.fr\/lieu\/gymnases-salles-et-halles\/gymnase-jean-zay\">Centre sportif Jean Zay<\/a><\/li>\n<\/ul>\n<p><strong><u>Dimanche 6 septembre<\/u> : <\/strong><\/p>\n<ul>\n<li><strong>1\u00b0 arrondissement :<\/strong> de 14 h \u00e0 18 h \u2013 <a href=\"https:\/\/www.lyon.fr\/lieu\/gymnases-salles-et-halles\/gymnase-jean-genety\">Gymnase G\u00e9n\u00e9ty<\/a><\/li>\n<li><strong>4\u00b0 arrondissement :<\/strong> de 9 h \u00e0 18 h \u2013 <a href=\"https:\/\/www.lyon.fr\/lieu\/centres-culturels-pluridisciplinaires\/salle-de-la-ficelle\">Salle de la Ficelle<\/a><\/li>\n<li><strong>7\u00b0 arrondissement :<\/strong> de 10 h \u00e0 18 h \u2013 <a href=\"https:\/\/www.lyon.fr\/lieu\/parcs\/parc-blandan\">Parc Blandan<\/a><\/li>\n<li><strong>8\u00b0 arrondissement :<\/strong> de 10 h \u00e0 18 h \u2013 <a href=\"https:\/\/www.lyon.fr\/lieu\/lieux-danimation\/place-ambroise-courtois\">Place Ambroise Courtois<\/a><\/li>\n<\/ul>\n<p><strong><u>Samedi 19 septembre<\/u><\/strong><strong> : <\/strong><strong>&nbsp;<\/strong><\/p>\n<ul>\n<li><strong>2\u00b0 arrondissement&nbsp;:<\/strong> de 14 h \u00e0 18 h \u2013 <a href=\"https:\/\/www.lyon.fr\/lieu\/lieux-danimation\/place-antonin-poncet\">Place Antonin Poncet&nbsp;<\/a> ______________________________________________________________________<\/li>\n<\/ul>\n<\/div>\n<\/div>\n<\/div>\n<\/div>\n<\/div>\n<\/div>\n<div>&nbsp;<\/div>\n<div><em><strong>Programme d\u00e9taill\u00e9 dans chaque mairie d&rsquo;arrondissement !<\/strong><\/em><\/div>\n<div>&nbsp;<\/div>\n<div><em><strong>&gt; Source : communiqu\u00e9 de la Ville de Lyon.<\/strong> <\/em><\/div>\n","protected":false},"excerpt":{"rendered":"<p>\nIls auront lieu les 5, 6 et 19 septembre r\u00e9partis dans les 9 arrondissements.<\/p>\n","protected":false},"author":4,"featured_media":109136,"comment_status":"open","ping_status":"open","sticky":false,"template":"","format":"standard","meta":{"footnotes":""},"categories":[3426,1625],"tags":[],"class_list":["post-109135","post","type-post","status-publish","format-standard","has-post-thumbnail","hentry","category-forums-des-associations","category-lyon"],"yoast_head":"<!-- This site is optimized with the Yoast SEO plugin v27.2 - https:\/\/yoast.com\/product\/yoast-seo-wordpress\/ -->\n<title>LYON | Les Forums des associations - News Est Lyonnais<\/title>\n<meta name=\"description\" content=\"LYON | Les Forums des associations\" \/>\n<meta name=\"robots\" content=\"index, follow, max-snippet:-1, max-image-preview:large, max-video-preview:-1\" \/>\n<link rel=\"canonical\" href=\"https:\/\/newsestlyonnais.fr\/site\/2020\/09\/03\/lyon-les-forums-des-associations\/\" \/>\n<meta property=\"og:locale\" content=\"fr_FR\" \/>\n<meta property=\"og:type\" content=\"article\" \/>\n<meta property=\"og:title\" content=\"LYON | Les Forums des associations - News Est Lyonnais\" \/>\n<meta property=\"og:description\" content=\"LYON | Les Forums des associations\" \/>\n<meta property=\"og:url\" content=\"https:\/\/newsestlyonnais.fr\/site\/2020\/09\/03\/lyon-les-forums-des-associations\/\" \/>\n<meta property=\"og:site_name\" content=\"News Est Lyonnais\" \/>\n<meta property=\"article:author\" content=\"https:\/\/www.facebook.com\/pascal.oberson.1?fref=ts\" \/>\n<meta property=\"article:published_time\" content=\"2020-09-03T04:53:16+00:00\" \/>\n<meta property=\"article:modified_time\" content=\"2020-11-13T17:49:21+00:00\" \/>\n<meta property=\"og:image\" content=\"https:\/\/i2.wp.com\/newsestlyonnais.fr\/site\/wp-content\/uploads\/2020\/09\/forum-associations-2020-p.jpg?fit=700%2C394&ssl=1\" \/>\n\t<meta property=\"og:image:width\" content=\"700\" \/>\n\t<meta property=\"og:image:height\" content=\"394\" \/>\n\t<meta property=\"og:image:type\" content=\"image\/jpeg\" \/>\n<meta name=\"author\" content=\"R\u00e9dac. NEWS\" \/>\n<meta name=\"twitter:card\" content=\"summary_large_image\" \/>\n<meta name=\"twitter:label1\" content=\"\u00c9crit par\" \/>\n\t<meta name=\"twitter:data1\" content=\"R\u00e9dac. NEWS\" \/>\n\t<meta name=\"twitter:label2\" content=\"Dur\u00e9e de lecture estim\u00e9e\" \/>\n\t<meta name=\"twitter:data2\" content=\"1 minute\" \/>\n<script type=\"application\/ld+json\" class=\"yoast-schema-graph\">{\"@context\":\"https:\/\/schema.org\",\"@graph\":[{\"@type\":\"Article\",\"@id\":\"https:\/\/newsestlyonnais.fr\/site\/2020\/09\/03\/lyon-les-forums-des-associations\/#article\",\"isPartOf\":{\"@id\":\"https:\/\/newsestlyonnais.fr\/site\/2020\/09\/03\/lyon-les-forums-des-associations\/\"},\"author\":{\"name\":\"R\u00e9dac. NEWS\",\"@id\":\"https:\/\/newsestlyonnais.fr\/site\/#\/schema\/person\/3230d5615f390bb808365d673001e887\"},\"headline\":\"LYON | Les Forums des associations\",\"datePublished\":\"2020-09-03T04:53:16+00:00\",\"dateModified\":\"2020-11-13T17:49:21+00:00\",\"mainEntityOfPage\":{\"@id\":\"https:\/\/newsestlyonnais.fr\/site\/2020\/09\/03\/lyon-les-forums-des-associations\/\"},\"wordCount\":270,\"commentCount\":0,\"publisher\":{\"@id\":\"https:\/\/newsestlyonnais.fr\/site\/#organization\"},\"image\":{\"@id\":\"https:\/\/newsestlyonnais.fr\/site\/2020\/09\/03\/lyon-les-forums-des-associations\/#primaryimage\"},\"thumbnailUrl\":\"https:\/\/newsestlyonnais.fr\/site\/wp-content\/uploads\/2020\/09\/forum-associations-2020-p.jpg\",\"articleSection\":[\"Forums des associations\",\"Lyon\"],\"inLanguage\":\"fr-FR\",\"potentialAction\":[{\"@type\":\"CommentAction\",\"name\":\"Comment\",\"target\":[\"https:\/\/newsestlyonnais.fr\/site\/2020\/09\/03\/lyon-les-forums-des-associations\/#respond\"]}]},{\"@type\":\"WebPage\",\"@id\":\"https:\/\/newsestlyonnais.fr\/site\/2020\/09\/03\/lyon-les-forums-des-associations\/\",\"url\":\"https:\/\/newsestlyonnais.fr\/site\/2020\/09\/03\/lyon-les-forums-des-associations\/\",\"name\":\"LYON | Les Forums des associations - News Est Lyonnais\",\"isPartOf\":{\"@id\":\"https:\/\/newsestlyonnais.fr\/site\/#website\"},\"primaryImageOfPage\":{\"@id\":\"https:\/\/newsestlyonnais.fr\/site\/2020\/09\/03\/lyon-les-forums-des-associations\/#primaryimage\"},\"image\":{\"@id\":\"https:\/\/newsestlyonnais.fr\/site\/2020\/09\/03\/lyon-les-forums-des-associations\/#primaryimage\"},\"thumbnailUrl\":\"https:\/\/newsestlyonnais.fr\/site\/wp-content\/uploads\/2020\/09\/forum-associations-2020-p.jpg\",\"datePublished\":\"2020-09-03T04:53:16+00:00\",\"dateModified\":\"2020-11-13T17:49:21+00:00\",\"description\":\"LYON | Les Forums des associations\",\"breadcrumb\":{\"@id\":\"https:\/\/newsestlyonnais.fr\/site\/2020\/09\/03\/lyon-les-forums-des-associations\/#breadcrumb\"},\"inLanguage\":\"fr-FR\",\"potentialAction\":[{\"@type\":\"ReadAction\",\"target\":[\"https:\/\/newsestlyonnais.fr\/site\/2020\/09\/03\/lyon-les-forums-des-associations\/\"]}]},{\"@type\":\"ImageObject\",\"inLanguage\":\"fr-FR\",\"@id\":\"https:\/\/newsestlyonnais.fr\/site\/2020\/09\/03\/lyon-les-forums-des-associations\/#primaryimage\",\"url\":\"https:\/\/newsestlyonnais.fr\/site\/wp-content\/uploads\/2020\/09\/forum-associations-2020-p.jpg\",\"contentUrl\":\"https:\/\/newsestlyonnais.fr\/site\/wp-content\/uploads\/2020\/09\/forum-associations-2020-p.jpg\",\"width\":700,\"height\":394},{\"@type\":\"BreadcrumbList\",\"@id\":\"https:\/\/newsestlyonnais.fr\/site\/2020\/09\/03\/lyon-les-forums-des-associations\/#breadcrumb\",\"itemListElement\":[{\"@type\":\"ListItem\",\"position\":1,\"name\":\"Accueil\",\"item\":\"https:\/\/newsestlyonnais.fr\/site\/\"},{\"@type\":\"ListItem\",\"position\":2,\"name\":\"LYON | Les Forums des associations\"}]},{\"@type\":\"WebSite\",\"@id\":\"https:\/\/newsestlyonnais.fr\/site\/#website\",\"url\":\"https:\/\/newsestlyonnais.fr\/site\/\",\"name\":\"News Est Lyonnais\",\"description\":\"L&#039;actualit\u00e9 au plus pr\u00e8s\",\"publisher\":{\"@id\":\"https:\/\/newsestlyonnais.fr\/site\/#organization\"},\"potentialAction\":[{\"@type\":\"SearchAction\",\"target\":{\"@type\":\"EntryPoint\",\"urlTemplate\":\"https:\/\/newsestlyonnais.fr\/site\/?s={search_term_string}\"},\"query-input\":{\"@type\":\"PropertyValueSpecification\",\"valueRequired\":true,\"valueName\":\"search_term_string\"}}],\"inLanguage\":\"fr-FR\"},{\"@type\":\"Organization\",\"@id\":\"https:\/\/newsestlyonnais.fr\/site\/#organization\",\"name\":\"News EST LYONNAIS\",\"url\":\"https:\/\/newsestlyonnais.fr\/site\/\",\"logo\":{\"@type\":\"ImageObject\",\"inLanguage\":\"fr-FR\",\"@id\":\"https:\/\/newsestlyonnais.fr\/site\/#\/schema\/logo\/image\/\",\"url\":\"\",\"contentUrl\":\"\",\"caption\":\"News EST LYONNAIS\"},\"image\":{\"@id\":\"https:\/\/newsestlyonnais.fr\/site\/#\/schema\/logo\/image\/\"}},{\"@type\":\"Person\",\"@id\":\"https:\/\/newsestlyonnais.fr\/site\/#\/schema\/person\/3230d5615f390bb808365d673001e887\",\"name\":\"R\u00e9dac. NEWS\",\"sameAs\":[\"http:\/\/www.newsestlyonnais.fr\",\"https:\/\/www.facebook.com\/pascal.oberson.1?fref=ts\",\"https:\/\/fr.linkedin.com\/in\/pascal-oberson-b17045113\"],\"url\":\"https:\/\/newsestlyonnais.fr\/site\/author\/nel\/\"}]}<\/script>\n<!-- \/ Yoast SEO plugin. -->","yoast_head_json":{"title":"LYON | Les Forums des associations - News Est Lyonnais","description":"LYON | Les Forums des associations","robots":{"index":"index","follow":"follow","max-snippet":"max-snippet:-1","max-image-preview":"max-image-preview:large","max-video-preview":"max-video-preview:-1"},"canonical":"https:\/\/newsestlyonnais.fr\/site\/2020\/09\/03\/lyon-les-forums-des-associations\/","og_locale":"fr_FR","og_type":"article","og_title":"LYON | Les Forums des associations - News Est Lyonnais","og_description":"LYON | Les Forums des associations","og_url":"https:\/\/newsestlyonnais.fr\/site\/2020\/09\/03\/lyon-les-forums-des-associations\/","og_site_name":"News Est Lyonnais","article_author":"https:\/\/www.facebook.com\/pascal.oberson.1?fref=ts","article_published_time":"2020-09-03T04:53:16+00:00","article_modified_time":"2020-11-13T17:49:21+00:00","og_image":[{"width":700,"height":394,"url":"https:\/\/i2.wp.com\/newsestlyonnais.fr\/site\/wp-content\/uploads\/2020\/09\/forum-associations-2020-p.jpg?fit=700%2C394&ssl=1","type":"image\/jpeg"}],"author":"R\u00e9dac. NEWS","twitter_card":"summary_large_image","twitter_misc":{"\u00c9crit par":"R\u00e9dac. NEWS","Dur\u00e9e de lecture estim\u00e9e":"1 minute"},"schema":{"@context":"https:\/\/schema.org","@graph":[{"@type":"Article","@id":"https:\/\/newsestlyonnais.fr\/site\/2020\/09\/03\/lyon-les-forums-des-associations\/#article","isPartOf":{"@id":"https:\/\/newsestlyonnais.fr\/site\/2020\/09\/03\/lyon-les-forums-des-associations\/"},"author":{"name":"R\u00e9dac. NEWS","@id":"https:\/\/newsestlyonnais.fr\/site\/#\/schema\/person\/3230d5615f390bb808365d673001e887"},"headline":"LYON | Les Forums des associations","datePublished":"2020-09-03T04:53:16+00:00","dateModified":"2020-11-13T17:49:21+00:00","mainEntityOfPage":{"@id":"https:\/\/newsestlyonnais.fr\/site\/2020\/09\/03\/lyon-les-forums-des-associations\/"},"wordCount":270,"commentCount":0,"publisher":{"@id":"https:\/\/newsestlyonnais.fr\/site\/#organization"},"image":{"@id":"https:\/\/newsestlyonnais.fr\/site\/2020\/09\/03\/lyon-les-forums-des-associations\/#primaryimage"},"thumbnailUrl":"https:\/\/newsestlyonnais.fr\/site\/wp-content\/uploads\/2020\/09\/forum-associations-2020-p.jpg","articleSection":["Forums des associations","Lyon"],"inLanguage":"fr-FR","potentialAction":[{"@type":"CommentAction","name":"Comment","target":["https:\/\/newsestlyonnais.fr\/site\/2020\/09\/03\/lyon-les-forums-des-associations\/#respond"]}]},{"@type":"WebPage","@id":"https:\/\/newsestlyonnais.fr\/site\/2020\/09\/03\/lyon-les-forums-des-associations\/","url":"https:\/\/newsestlyonnais.fr\/site\/2020\/09\/03\/lyon-les-forums-des-associations\/","name":"LYON | Les Forums des associations - News Est Lyonnais","isPartOf":{"@id":"https:\/\/newsestlyonnais.fr\/site\/#website"},"primaryImageOfPage":{"@id":"https:\/\/newsestlyonnais.fr\/site\/2020\/09\/03\/lyon-les-forums-des-associations\/#primaryimage"},"image":{"@id":"https:\/\/newsestlyonnais.fr\/site\/2020\/09\/03\/lyon-les-forums-des-associations\/#primaryimage"},"thumbnailUrl":"https:\/\/newsestlyonnais.fr\/site\/wp-content\/uploads\/2020\/09\/forum-associations-2020-p.jpg","datePublished":"2020-09-03T04:53:16+00:00","dateModified":"2020-11-13T17:49:21+00:00","description":"LYON | Les Forums des associations","breadcrumb":{"@id":"https:\/\/newsestlyonnais.fr\/site\/2020\/09\/03\/lyon-les-forums-des-associations\/#breadcrumb"},"inLanguage":"fr-FR","potentialAction":[{"@type":"ReadAction","target":["https:\/\/newsestlyonnais.fr\/site\/2020\/09\/03\/lyon-les-forums-des-associations\/"]}]},{"@type":"ImageObject","inLanguage":"fr-FR","@id":"https:\/\/newsestlyonnais.fr\/site\/2020\/09\/03\/lyon-les-forums-des-associations\/#primaryimage","url":"https:\/\/newsestlyonnais.fr\/site\/wp-content\/uploads\/2020\/09\/forum-associations-2020-p.jpg","contentUrl":"https:\/\/newsestlyonnais.fr\/site\/wp-content\/uploads\/2020\/09\/forum-associations-2020-p.jpg","width":700,"height":394},{"@type":"BreadcrumbList","@id":"https:\/\/newsestlyonnais.fr\/site\/2020\/09\/03\/lyon-les-forums-des-associations\/#breadcrumb","itemListElement":[{"@type":"ListItem","position":1,"name":"Accueil","item":"https:\/\/newsestlyonnais.fr\/site\/"},{"@type":"ListItem","position":2,"name":"LYON | Les Forums des associations"}]},{"@type":"WebSite","@id":"https:\/\/newsestlyonnais.fr\/site\/#website","url":"https:\/\/newsestlyonnais.fr\/site\/","name":"News Est Lyonnais","description":"L&#039;actualit\u00e9 au plus pr\u00e8s","publisher":{"@id":"https:\/\/newsestlyonnais.fr\/site\/#organization"},"potentialAction":[{"@type":"SearchAction","target":{"@type":"EntryPoint","urlTemplate":"https:\/\/newsestlyonnais.fr\/site\/?s={search_term_string}"},"query-input":{"@type":"PropertyValueSpecification","valueRequired":true,"valueName":"search_term_string"}}],"inLanguage":"fr-FR"},{"@type":"Organization","@id":"https:\/\/newsestlyonnais.fr\/site\/#organization","name":"News EST LYONNAIS","url":"https:\/\/newsestlyonnais.fr\/site\/","logo":{"@type":"ImageObject","inLanguage":"fr-FR","@id":"https:\/\/newsestlyonnais.fr\/site\/#\/schema\/logo\/image\/","url":"","contentUrl":"","caption":"News EST LYONNAIS"},"image":{"@id":"https:\/\/newsestlyonnais.fr\/site\/#\/schema\/logo\/image\/"}},{"@type":"Person","@id":"https:\/\/newsestlyonnais.fr\/site\/#\/schema\/person\/3230d5615f390bb808365d673001e887","name":"R\u00e9dac. NEWS","sameAs":["http:\/\/www.newsestlyonnais.fr","https:\/\/www.facebook.com\/pascal.oberson.1?fref=ts","https:\/\/fr.linkedin.com\/in\/pascal-oberson-b17045113"],"url":"https:\/\/newsestlyonnais.fr\/site\/author\/nel\/"}]}},"_links":{"self":[{"href":"https:\/\/newsestlyonnais.fr\/site\/wp-json\/wp\/v2\/posts\/109135","targetHints":{"allow":["GET"]}}],"collection":[{"href":"https:\/\/newsestlyonnais.fr\/site\/wp-json\/wp\/v2\/posts"}],"about":[{"href":"https:\/\/newsestlyonnais.fr\/site\/wp-json\/wp\/v2\/types\/post"}],"author":[{"embeddable":true,"href":"https:\/\/newsestlyonnais.fr\/site\/wp-json\/wp\/v2\/users\/4"}],"replies":[{"embeddable":true,"href":"https:\/\/newsestlyonnais.fr\/site\/wp-json\/wp\/v2\/comments?post=109135"}],"version-history":[{"count":0,"href":"https:\/\/newsestlyonnais.fr\/site\/wp-json\/wp\/v2\/posts\/109135\/revisions"}],"wp:featuredmedia":[{"embeddable":true,"href":"https:\/\/newsestlyonnais.fr\/site\/wp-json\/wp\/v2\/media\/109136"}],"wp:attachment":[{"href":"https:\/\/newsestlyonnais.fr\/site\/wp-json\/wp\/v2\/media?parent=109135"}],"wp:term":[{"taxonomy":"category","embeddable":true,"href":"https:\/\/newsestlyonnais.fr\/site\/wp-json\/wp\/v2\/categories?post=109135"},{"taxonomy":"post_tag","embeddable":true,"href":"https:\/\/newsestlyonnais.fr\/site\/wp-json\/wp\/v2\/tags?post=109135"}],"curies":[{"name":"wp","href":"https:\/\/api.w.org\/{rel}","templated":true}]}}