{"id":109161,"date":"2020-09-03T14:45:35","date_gmt":"2020-09-03T13:45:35","guid":{"rendered":"http:\/\/newsestlyonnais.fr\/site\/?p=109161"},"modified":"2020-09-03T14:45:38","modified_gmt":"2020-09-03T13:45:38","slug":"meyzieu-forum-des-associations-infos-pratiques","status":"publish","type":"post","link":"https:\/\/newsestlyonnais.fr\/site\/2020\/09\/03\/meyzieu-forum-des-associations-infos-pratiques\/","title":{"rendered":"MEYZIEU | Forum des associations > infos pratiques"},"content":{"rendered":"\n<p>En effet, l\u2019Espace Jean Poperen b\u00e9n\u00e9ficiant d\u2018une importante op\u00e9ration de r\u00e9novation, c\u2019est au gymnase des Servizi\u00e8res et dans la halle de tennis que les Majolans sont invit\u00e9s \u00e0 rencontrer les repr\u00e9sentants d\u2019<strong>une soixantaine <\/strong><strong>d\u2019associations majolanes.<\/strong> <br \/>Une visite protocolaire en pr\u00e9sence de Christophe Quiniou, maire de Meyzieu, est organis\u00e9e \u00e0 11 heures, suivie du discours officiel puis d\u2019un ap\u00e9ritif offert par la Ville de Meyzieu.<br \/>\u00c0 noter que cette ann\u00e9e un accueil buvette et petite restauration sera propos\u00e9 par le Secours Populaire et l\u2019US Meyzieu handball de 10 h \u00e0 18 h. ________________________________________________________________________<br \/><em><strong>INFORMATIONS PRATIQUES LI\u00c9ES AU COVID-19 :<\/strong><\/em><br \/>\u2022 Entr\u00e9e publique \u00e0 l\u2019arri\u00e8re du gymnase des Servizi\u00e8res &#8211; sortie d\u00e9finitive rue Jean Mac\u00e9.<br \/>\u2022 Port du masque obligatoire &#8211; lavage de mains, distanciation physique \u00e0 respecter.<br \/>\u2022 Jauge d\u2019entr\u00e9e limit\u00e9e avec gestion des flux par les agents de s\u00e9curit\u00e9.<br \/>\u2022 Afin de bloquer la cha\u00eene la propagation du virus si un cas positif \u00e9tait av\u00e9r\u00e9, un listing nominatif des visiteurs est \u00e9tabli. _______________________________________________________________________<\/p>\n<p><em><strong>Samedi 5 septembre de 10 h \u00e0 18 h \/ Gymnase des Servizi\u00e8res et halle de tennis. Acc\u00e8s unique par le parking des Servizi\u00e8res.<\/strong><\/em><\/p>\n<p>\u00a0<\/p>\n\n\n","protected":false},"excerpt":{"rendered":"<p>C\u2019est dans un lieu inhabituel que se<br \/>\nd\u00e9roulera samedi, ce traditionnel rendez-vous de la rentr\u00e9e. <\/p>\n","protected":false},"author":4,"featured_media":107875,"comment_status":"open","ping_status":"open","sticky":false,"template":"","format":"standard","meta":{"footnotes":""},"categories":[2217,24],"tags":[],"class_list":["post-109161","post","type-post","status-publish","format-standard","has-post-thumbnail","hentry","category-breves-de-lest-lyonnais","category-meyzieu"],"yoast_head":"<!-- This site is optimized with the Yoast SEO plugin v27.2 - https:\/\/yoast.com\/product\/yoast-seo-wordpress\/ -->\n<title>MEYZIEU | Forum des associations &gt; infos pratiques - News Est Lyonnais<\/title>\n<meta name=\"description\" content=\"MEYZIEU |Forum des associations &gt; infos pratiques\" \/>\n<meta name=\"robots\" content=\"index, follow, max-snippet:-1, max-image-preview:large, max-video-preview:-1\" \/>\n<link rel=\"canonical\" href=\"https:\/\/newsestlyonnais.fr\/site\/2020\/09\/03\/meyzieu-forum-des-associations-infos-pratiques\/\" \/>\n<meta property=\"og:locale\" content=\"fr_FR\" \/>\n<meta property=\"og:type\" content=\"article\" \/>\n<meta property=\"og:title\" content=\"MEYZIEU | Forum des associations &gt; infos pratiques - News Est Lyonnais\" \/>\n<meta property=\"og:description\" content=\"MEYZIEU |Forum des associations &gt; infos pratiques\" \/>\n<meta property=\"og:url\" content=\"https:\/\/newsestlyonnais.fr\/site\/2020\/09\/03\/meyzieu-forum-des-associations-infos-pratiques\/\" \/>\n<meta property=\"og:site_name\" content=\"News Est Lyonnais\" \/>\n<meta property=\"article:author\" content=\"https:\/\/www.facebook.com\/pascal.oberson.1?fref=ts\" \/>\n<meta property=\"article:published_time\" content=\"2020-09-03T13:45:35+00:00\" \/>\n<meta property=\"article:modified_time\" content=\"2020-09-03T13:45:38+00:00\" \/>\n<meta property=\"og:image\" content=\"https:\/\/i0.wp.com\/newsestlyonnais.fr\/site\/wp-content\/uploads\/2020\/07\/200729_ForuAssos_A3.jpg?fit=848%2C1200&ssl=1\" \/>\n\t<meta property=\"og:image:width\" content=\"848\" \/>\n\t<meta property=\"og:image:height\" content=\"1200\" \/>\n\t<meta property=\"og:image:type\" content=\"image\/jpeg\" \/>\n<meta name=\"author\" content=\"R\u00e9dac. NEWS\" \/>\n<meta name=\"twitter:card\" content=\"summary_large_image\" \/>\n<meta name=\"twitter:label1\" content=\"\u00c9crit par\" \/>\n\t<meta name=\"twitter:data1\" content=\"R\u00e9dac. NEWS\" \/>\n\t<meta name=\"twitter:label2\" content=\"Dur\u00e9e de lecture estim\u00e9e\" \/>\n\t<meta name=\"twitter:data2\" content=\"1 minute\" \/>\n<script type=\"application\/ld+json\" class=\"yoast-schema-graph\">{\"@context\":\"https:\/\/schema.org\",\"@graph\":[{\"@type\":\"Article\",\"@id\":\"https:\/\/newsestlyonnais.fr\/site\/2020\/09\/03\/meyzieu-forum-des-associations-infos-pratiques\/#article\",\"isPartOf\":{\"@id\":\"https:\/\/newsestlyonnais.fr\/site\/2020\/09\/03\/meyzieu-forum-des-associations-infos-pratiques\/\"},\"author\":{\"name\":\"R\u00e9dac. NEWS\",\"@id\":\"https:\/\/newsestlyonnais.fr\/site\/#\/schema\/person\/3230d5615f390bb808365d673001e887\"},\"headline\":\"MEYZIEU | Forum des associations > infos pratiques\",\"datePublished\":\"2020-09-03T13:45:35+00:00\",\"dateModified\":\"2020-09-03T13:45:38+00:00\",\"mainEntityOfPage\":{\"@id\":\"https:\/\/newsestlyonnais.fr\/site\/2020\/09\/03\/meyzieu-forum-des-associations-infos-pratiques\/\"},\"wordCount\":205,\"commentCount\":0,\"publisher\":{\"@id\":\"https:\/\/newsestlyonnais.fr\/site\/#organization\"},\"image\":{\"@id\":\"https:\/\/newsestlyonnais.fr\/site\/2020\/09\/03\/meyzieu-forum-des-associations-infos-pratiques\/#primaryimage\"},\"thumbnailUrl\":\"https:\/\/newsestlyonnais.fr\/site\/wp-content\/uploads\/2020\/07\/200729_ForuAssos_A3.jpg\",\"articleSection\":[\"Br\u00e8ves de l'Est lyonnais\",\"Meyzieu\"],\"inLanguage\":\"fr-FR\",\"potentialAction\":[{\"@type\":\"CommentAction\",\"name\":\"Comment\",\"target\":[\"https:\/\/newsestlyonnais.fr\/site\/2020\/09\/03\/meyzieu-forum-des-associations-infos-pratiques\/#respond\"]}]},{\"@type\":\"WebPage\",\"@id\":\"https:\/\/newsestlyonnais.fr\/site\/2020\/09\/03\/meyzieu-forum-des-associations-infos-pratiques\/\",\"url\":\"https:\/\/newsestlyonnais.fr\/site\/2020\/09\/03\/meyzieu-forum-des-associations-infos-pratiques\/\",\"name\":\"MEYZIEU | Forum des associations > infos pratiques - News Est Lyonnais\",\"isPartOf\":{\"@id\":\"https:\/\/newsestlyonnais.fr\/site\/#website\"},\"primaryImageOfPage\":{\"@id\":\"https:\/\/newsestlyonnais.fr\/site\/2020\/09\/03\/meyzieu-forum-des-associations-infos-pratiques\/#primaryimage\"},\"image\":{\"@id\":\"https:\/\/newsestlyonnais.fr\/site\/2020\/09\/03\/meyzieu-forum-des-associations-infos-pratiques\/#primaryimage\"},\"thumbnailUrl\":\"https:\/\/newsestlyonnais.fr\/site\/wp-content\/uploads\/2020\/07\/200729_ForuAssos_A3.jpg\",\"datePublished\":\"2020-09-03T13:45:35+00:00\",\"dateModified\":\"2020-09-03T13:45:38+00:00\",\"description\":\"MEYZIEU |Forum des associations > infos pratiques\",\"breadcrumb\":{\"@id\":\"https:\/\/newsestlyonnais.fr\/site\/2020\/09\/03\/meyzieu-forum-des-associations-infos-pratiques\/#breadcrumb\"},\"inLanguage\":\"fr-FR\",\"potentialAction\":[{\"@type\":\"ReadAction\",\"target\":[\"https:\/\/newsestlyonnais.fr\/site\/2020\/09\/03\/meyzieu-forum-des-associations-infos-pratiques\/\"]}]},{\"@type\":\"ImageObject\",\"inLanguage\":\"fr-FR\",\"@id\":\"https:\/\/newsestlyonnais.fr\/site\/2020\/09\/03\/meyzieu-forum-des-associations-infos-pratiques\/#primaryimage\",\"url\":\"https:\/\/newsestlyonnais.fr\/site\/wp-content\/uploads\/2020\/07\/200729_ForuAssos_A3.jpg\",\"contentUrl\":\"https:\/\/newsestlyonnais.fr\/site\/wp-content\/uploads\/2020\/07\/200729_ForuAssos_A3.jpg\",\"width\":848,\"height\":1200,\"caption\":\"\u00e0 MEYZIEU\"},{\"@type\":\"BreadcrumbList\",\"@id\":\"https:\/\/newsestlyonnais.fr\/site\/2020\/09\/03\/meyzieu-forum-des-associations-infos-pratiques\/#breadcrumb\",\"itemListElement\":[{\"@type\":\"ListItem\",\"position\":1,\"name\":\"Accueil\",\"item\":\"https:\/\/newsestlyonnais.fr\/site\/\"},{\"@type\":\"ListItem\",\"position\":2,\"name\":\"MEYZIEU | Forum des associations > infos pratiques\"}]},{\"@type\":\"WebSite\",\"@id\":\"https:\/\/newsestlyonnais.fr\/site\/#website\",\"url\":\"https:\/\/newsestlyonnais.fr\/site\/\",\"name\":\"News Est Lyonnais\",\"description\":\"L&#039;actualit\u00e9 au plus pr\u00e8s\",\"publisher\":{\"@id\":\"https:\/\/newsestlyonnais.fr\/site\/#organization\"},\"potentialAction\":[{\"@type\":\"SearchAction\",\"target\":{\"@type\":\"EntryPoint\",\"urlTemplate\":\"https:\/\/newsestlyonnais.fr\/site\/?s={search_term_string}\"},\"query-input\":{\"@type\":\"PropertyValueSpecification\",\"valueRequired\":true,\"valueName\":\"search_term_string\"}}],\"inLanguage\":\"fr-FR\"},{\"@type\":\"Organization\",\"@id\":\"https:\/\/newsestlyonnais.fr\/site\/#organization\",\"name\":\"News EST LYONNAIS\",\"url\":\"https:\/\/newsestlyonnais.fr\/site\/\",\"logo\":{\"@type\":\"ImageObject\",\"inLanguage\":\"fr-FR\",\"@id\":\"https:\/\/newsestlyonnais.fr\/site\/#\/schema\/logo\/image\/\",\"url\":\"\",\"contentUrl\":\"\",\"caption\":\"News EST LYONNAIS\"},\"image\":{\"@id\":\"https:\/\/newsestlyonnais.fr\/site\/#\/schema\/logo\/image\/\"}},{\"@type\":\"Person\",\"@id\":\"https:\/\/newsestlyonnais.fr\/site\/#\/schema\/person\/3230d5615f390bb808365d673001e887\",\"name\":\"R\u00e9dac. NEWS\",\"sameAs\":[\"http:\/\/www.newsestlyonnais.fr\",\"https:\/\/www.facebook.com\/pascal.oberson.1?fref=ts\",\"https:\/\/fr.linkedin.com\/in\/pascal-oberson-b17045113\"],\"url\":\"https:\/\/newsestlyonnais.fr\/site\/author\/nel\/\"}]}<\/script>\n<!-- \/ Yoast SEO plugin. -->","yoast_head_json":{"title":"MEYZIEU | Forum des associations > infos pratiques - News Est Lyonnais","description":"MEYZIEU |Forum des associations > infos pratiques","robots":{"index":"index","follow":"follow","max-snippet":"max-snippet:-1","max-image-preview":"max-image-preview:large","max-video-preview":"max-video-preview:-1"},"canonical":"https:\/\/newsestlyonnais.fr\/site\/2020\/09\/03\/meyzieu-forum-des-associations-infos-pratiques\/","og_locale":"fr_FR","og_type":"article","og_title":"MEYZIEU | Forum des associations > infos pratiques - News Est Lyonnais","og_description":"MEYZIEU |Forum des associations > infos pratiques","og_url":"https:\/\/newsestlyonnais.fr\/site\/2020\/09\/03\/meyzieu-forum-des-associations-infos-pratiques\/","og_site_name":"News Est Lyonnais","article_author":"https:\/\/www.facebook.com\/pascal.oberson.1?fref=ts","article_published_time":"2020-09-03T13:45:35+00:00","article_modified_time":"2020-09-03T13:45:38+00:00","og_image":[{"width":848,"height":1200,"url":"https:\/\/i0.wp.com\/newsestlyonnais.fr\/site\/wp-content\/uploads\/2020\/07\/200729_ForuAssos_A3.jpg?fit=848%2C1200&ssl=1","type":"image\/jpeg"}],"author":"R\u00e9dac. NEWS","twitter_card":"summary_large_image","twitter_misc":{"\u00c9crit par":"R\u00e9dac. NEWS","Dur\u00e9e de lecture estim\u00e9e":"1 minute"},"schema":{"@context":"https:\/\/schema.org","@graph":[{"@type":"Article","@id":"https:\/\/newsestlyonnais.fr\/site\/2020\/09\/03\/meyzieu-forum-des-associations-infos-pratiques\/#article","isPartOf":{"@id":"https:\/\/newsestlyonnais.fr\/site\/2020\/09\/03\/meyzieu-forum-des-associations-infos-pratiques\/"},"author":{"name":"R\u00e9dac. NEWS","@id":"https:\/\/newsestlyonnais.fr\/site\/#\/schema\/person\/3230d5615f390bb808365d673001e887"},"headline":"MEYZIEU | Forum des associations > infos pratiques","datePublished":"2020-09-03T13:45:35+00:00","dateModified":"2020-09-03T13:45:38+00:00","mainEntityOfPage":{"@id":"https:\/\/newsestlyonnais.fr\/site\/2020\/09\/03\/meyzieu-forum-des-associations-infos-pratiques\/"},"wordCount":205,"commentCount":0,"publisher":{"@id":"https:\/\/newsestlyonnais.fr\/site\/#organization"},"image":{"@id":"https:\/\/newsestlyonnais.fr\/site\/2020\/09\/03\/meyzieu-forum-des-associations-infos-pratiques\/#primaryimage"},"thumbnailUrl":"https:\/\/newsestlyonnais.fr\/site\/wp-content\/uploads\/2020\/07\/200729_ForuAssos_A3.jpg","articleSection":["Br\u00e8ves de l'Est lyonnais","Meyzieu"],"inLanguage":"fr-FR","potentialAction":[{"@type":"CommentAction","name":"Comment","target":["https:\/\/newsestlyonnais.fr\/site\/2020\/09\/03\/meyzieu-forum-des-associations-infos-pratiques\/#respond"]}]},{"@type":"WebPage","@id":"https:\/\/newsestlyonnais.fr\/site\/2020\/09\/03\/meyzieu-forum-des-associations-infos-pratiques\/","url":"https:\/\/newsestlyonnais.fr\/site\/2020\/09\/03\/meyzieu-forum-des-associations-infos-pratiques\/","name":"MEYZIEU | Forum des associations > infos pratiques - News Est Lyonnais","isPartOf":{"@id":"https:\/\/newsestlyonnais.fr\/site\/#website"},"primaryImageOfPage":{"@id":"https:\/\/newsestlyonnais.fr\/site\/2020\/09\/03\/meyzieu-forum-des-associations-infos-pratiques\/#primaryimage"},"image":{"@id":"https:\/\/newsestlyonnais.fr\/site\/2020\/09\/03\/meyzieu-forum-des-associations-infos-pratiques\/#primaryimage"},"thumbnailUrl":"https:\/\/newsestlyonnais.fr\/site\/wp-content\/uploads\/2020\/07\/200729_ForuAssos_A3.jpg","datePublished":"2020-09-03T13:45:35+00:00","dateModified":"2020-09-03T13:45:38+00:00","description":"MEYZIEU |Forum des associations > infos pratiques","breadcrumb":{"@id":"https:\/\/newsestlyonnais.fr\/site\/2020\/09\/03\/meyzieu-forum-des-associations-infos-pratiques\/#breadcrumb"},"inLanguage":"fr-FR","potentialAction":[{"@type":"ReadAction","target":["https:\/\/newsestlyonnais.fr\/site\/2020\/09\/03\/meyzieu-forum-des-associations-infos-pratiques\/"]}]},{"@type":"ImageObject","inLanguage":"fr-FR","@id":"https:\/\/newsestlyonnais.fr\/site\/2020\/09\/03\/meyzieu-forum-des-associations-infos-pratiques\/#primaryimage","url":"https:\/\/newsestlyonnais.fr\/site\/wp-content\/uploads\/2020\/07\/200729_ForuAssos_A3.jpg","contentUrl":"https:\/\/newsestlyonnais.fr\/site\/wp-content\/uploads\/2020\/07\/200729_ForuAssos_A3.jpg","width":848,"height":1200,"caption":"\u00e0 MEYZIEU"},{"@type":"BreadcrumbList","@id":"https:\/\/newsestlyonnais.fr\/site\/2020\/09\/03\/meyzieu-forum-des-associations-infos-pratiques\/#breadcrumb","itemListElement":[{"@type":"ListItem","position":1,"name":"Accueil","item":"https:\/\/newsestlyonnais.fr\/site\/"},{"@type":"ListItem","position":2,"name":"MEYZIEU | Forum des associations > infos pratiques"}]},{"@type":"WebSite","@id":"https:\/\/newsestlyonnais.fr\/site\/#website","url":"https:\/\/newsestlyonnais.fr\/site\/","name":"News Est Lyonnais","description":"L&#039;actualit\u00e9 au plus pr\u00e8s","publisher":{"@id":"https:\/\/newsestlyonnais.fr\/site\/#organization"},"potentialAction":[{"@type":"SearchAction","target":{"@type":"EntryPoint","urlTemplate":"https:\/\/newsestlyonnais.fr\/site\/?s={search_term_string}"},"query-input":{"@type":"PropertyValueSpecification","valueRequired":true,"valueName":"search_term_string"}}],"inLanguage":"fr-FR"},{"@type":"Organization","@id":"https:\/\/newsestlyonnais.fr\/site\/#organization","name":"News EST LYONNAIS","url":"https:\/\/newsestlyonnais.fr\/site\/","logo":{"@type":"ImageObject","inLanguage":"fr-FR","@id":"https:\/\/newsestlyonnais.fr\/site\/#\/schema\/logo\/image\/","url":"","contentUrl":"","caption":"News EST LYONNAIS"},"image":{"@id":"https:\/\/newsestlyonnais.fr\/site\/#\/schema\/logo\/image\/"}},{"@type":"Person","@id":"https:\/\/newsestlyonnais.fr\/site\/#\/schema\/person\/3230d5615f390bb808365d673001e887","name":"R\u00e9dac. NEWS","sameAs":["http:\/\/www.newsestlyonnais.fr","https:\/\/www.facebook.com\/pascal.oberson.1?fref=ts","https:\/\/fr.linkedin.com\/in\/pascal-oberson-b17045113"],"url":"https:\/\/newsestlyonnais.fr\/site\/author\/nel\/"}]}},"_links":{"self":[{"href":"https:\/\/newsestlyonnais.fr\/site\/wp-json\/wp\/v2\/posts\/109161","targetHints":{"allow":["GET"]}}],"collection":[{"href":"https:\/\/newsestlyonnais.fr\/site\/wp-json\/wp\/v2\/posts"}],"about":[{"href":"https:\/\/newsestlyonnais.fr\/site\/wp-json\/wp\/v2\/types\/post"}],"author":[{"embeddable":true,"href":"https:\/\/newsestlyonnais.fr\/site\/wp-json\/wp\/v2\/users\/4"}],"replies":[{"embeddable":true,"href":"https:\/\/newsestlyonnais.fr\/site\/wp-json\/wp\/v2\/comments?post=109161"}],"version-history":[{"count":0,"href":"https:\/\/newsestlyonnais.fr\/site\/wp-json\/wp\/v2\/posts\/109161\/revisions"}],"wp:featuredmedia":[{"embeddable":true,"href":"https:\/\/newsestlyonnais.fr\/site\/wp-json\/wp\/v2\/media\/107875"}],"wp:attachment":[{"href":"https:\/\/newsestlyonnais.fr\/site\/wp-json\/wp\/v2\/media?parent=109161"}],"wp:term":[{"taxonomy":"category","embeddable":true,"href":"https:\/\/newsestlyonnais.fr\/site\/wp-json\/wp\/v2\/categories?post=109161"},{"taxonomy":"post_tag","embeddable":true,"href":"https:\/\/newsestlyonnais.fr\/site\/wp-json\/wp\/v2\/tags?post=109161"}],"curies":[{"name":"wp","href":"https:\/\/api.w.org\/{rel}","templated":true}]}}