{"id":109183,"date":"2020-09-05T14:18:02","date_gmt":"2020-09-05T13:18:02","guid":{"rendered":"http:\/\/newsestlyonnais.fr\/site\/?p=109183"},"modified":"2020-09-09T19:55:54","modified_gmt":"2020-09-09T18:55:54","slug":"villeurbanne-les-evenements-au-20-septembre","status":"publish","type":"post","link":"https:\/\/newsestlyonnais.fr\/site\/2020\/09\/05\/villeurbanne-les-evenements-au-20-septembre\/","title":{"rendered":"VILLEURBANNE | Les \u00e9v\u00e8nements au 20 septembre"},"content":{"rendered":"\n<ul>\n<li><strong><strong><span style=\"text-decoration: underline;\">Samedi 5 Septembre<\/span> : <\/strong>C\u00e9r\u00e9monies organis\u00e9es \u00e0 l\u2019occasion du 76\u00b0 Anniversaire de la Lib\u00e9ration de Villeurbanne<\/strong> : <strong>\u00e0 10 h<\/strong> : D\u00e9p\u00f4t de gerbes devant la plaque rappelant l\u2019insurrection des 24,25 et 26 ao\u00fbt 1944. (Esplanade Genevi\u00e8ve Anthonioz-de-Gaulle, angle rue Francis de\n<div data-canvas-width=\"126.57333333333334\">Pressens\u00e9\/rue Billon).<strong> \u00e0 10 h 30<\/strong> : Rassemblement (place Lazare-Goujon devant le TNP). <strong>\u00e0 10 h 45<\/strong> : D\u00e9p\u00f4t de gerbes (devant monument de la Lib\u00e9ration). <strong>\u00e0 11 h<\/strong> : Prises de parole. (Parvis de l\u2019h\u00f4tel de ville, avenue Aristide-Briand).<\/div>\n<\/li>\n<li>\n<div data-canvas-width=\"126.57333333333334\"><span style=\"text-decoration: underline;\"><strong>Mercredi 9 Septembre<\/strong><\/span> : 11 h 30 \u2013 13 h 30 : Temps convivial autour d\u2019un repas avec les associations porteuses de stands. 14 h \/ 20 h : <strong>Portes ouvertes de la Maison de Quartier des Brosses<\/strong>. Spectacles, d\u00e9monstrations. (MQB \u2013 41 rue Nicolas-Garnier).<\/div>\n<\/li>\n<li>\n<div data-canvas-width=\"42.656\"><strong><span style=\"text-decoration: underline;\">Mardi 15 Septembre<\/span> : Assembl\u00e9e g\u00e9n\u00e9rale de l\u2019OVPAR<\/strong>. (Palais du Travail \u2013 place Lazare-Goujon).<\/div>\n<\/li>\n<li>\n<div data-canvas-width=\"66.63999999999999\"><strong><span style=\"text-decoration: underline;\">Mercredi 16 Septembre<\/span> \u00e0 20 h 45<\/strong> : <strong>Soir\u00e9e d\u2019ouverture 36\u00b0 Reflets du Cin\u00e9ma Ib\u00e9rique &amp; Latino-Am\u00e9ricain<\/strong> \/ Association pour le Cin\u00e9ma \u00ab EMA \u00bb.&nbsp; Cin\u00e9ma le Zola \u2013 117 cours Emile-Zola (du 16 septembre au 30 septembre 2020).<\/div>\n<\/li>\n<li>\n<div data-canvas-width=\"41.728\"><strong><span style=\"text-decoration: underline;\">Jeudi 17 Septembre<\/span> : Soir\u00e9e de Gala \u00e0 l\u2019Autre Soie<\/strong> de 18 h 30 \u00e0 20 h : Cocktail du Gala. (CCO La Rayonne \u2013 24 rue Alfred de Musset).<\/div>\n<\/li>\n<li>\n<div data-canvas-width=\"56.896\"><strong><span style=\"text-decoration: underline;\">Samedi 19 Septembre<\/span> : 37\u00b0 \u00e9dition des Journ\u00e9es Europ\u00e9ennes du Patrimoine. <\/strong>Les 19 et 20 septembre 2020-. Dans le cadre de la 19\u00b0 <\/div>\n<div data-canvas-width=\"227.16000000000014\">Semaine Europ\u00e9enne de la Mobilit\u00e9 <strong>de 9 h \u00e0 16 h 30 : Bourse aux v\u00e9los <\/strong><strong>et Village de la Mobilit\u00e9<\/strong>. (avenue Henri-Barbusse, devant l\u2019h\u00f4tel de ville de Villeurbanne).<\/div>\n<\/li>\n<li>\n<div data-canvas-width=\"76.28800000000001\"><strong><span style=\"text-decoration: underline;\">Dimanche 20 Septembre<\/span> : de 9 h \u00e0 19 h : Braderie des Gratte-Ciel<\/strong> \/ Association \u00ab Destination Gratte-Ciel \u00bb 20 avenue Henri-Barbusse. <strong>&amp; de 1<\/strong><strong>3 h \u00e0 19 h : 13\u00b0 \u00e9dition \u00ab Mix City \u00bb<\/strong> \u00e9v\u00e8nement graffiti \/ Direction Jeunesse de la Ville de Villeurbanne (18 rue L\u00e9on Chomel).<\/div>\n<\/li>\n<\/ul>\n<p><em><strong>Retrouvez l\u2019ACTU de la commune sur : <a href=\"http:\/\/www.villeurbanne.fr\">http:\/\/www.villeurbanne.fr&nbsp;<\/a><\/strong><\/em><\/p>\n\n\n\n<figure class=\"wp-block-image size-large is-resized\"><img loading=\"lazy\" decoding=\"async\" src=\"https:\/\/newsestlyonnais.fr\/site\/medias\/2020\/09\/NEWSESTLYONNAIS-BRADERIE-GRATTE-CIEL-1-650x366.jpg\" alt=\"\" class=\"wp-image-109197\" width=\"660\" height=\"371\" srcset=\"https:\/\/newsestlyonnais.fr\/site\/wp-content\/uploads\/2020\/09\/NEWSESTLYONNAIS-BRADERIE-GRATTE-CIEL-1-650x366.jpg 650w, https:\/\/newsestlyonnais.fr\/site\/wp-content\/uploads\/2020\/09\/NEWSESTLYONNAIS-BRADERIE-GRATTE-CIEL-1-400x225.jpg 400w, https:\/\/newsestlyonnais.fr\/site\/wp-content\/uploads\/2020\/09\/NEWSESTLYONNAIS-BRADERIE-GRATTE-CIEL-1-250x141.jpg 250w, https:\/\/newsestlyonnais.fr\/site\/wp-content\/uploads\/2020\/09\/NEWSESTLYONNAIS-BRADERIE-GRATTE-CIEL-1-768x432.jpg 768w, https:\/\/newsestlyonnais.fr\/site\/wp-content\/uploads\/2020\/09\/NEWSESTLYONNAIS-BRADERIE-GRATTE-CIEL-1-150x84.jpg 150w, https:\/\/newsestlyonnais.fr\/site\/wp-content\/uploads\/2020\/09\/NEWSESTLYONNAIS-BRADERIE-GRATTE-CIEL-1-50x28.jpg 50w, https:\/\/newsestlyonnais.fr\/site\/wp-content\/uploads\/2020\/09\/NEWSESTLYONNAIS-BRADERIE-GRATTE-CIEL-1-100x56.jpg 100w, https:\/\/newsestlyonnais.fr\/site\/wp-content\/uploads\/2020\/09\/NEWSESTLYONNAIS-BRADERIE-GRATTE-CIEL-1-200x113.jpg 200w, https:\/\/newsestlyonnais.fr\/site\/wp-content\/uploads\/2020\/09\/NEWSESTLYONNAIS-BRADERIE-GRATTE-CIEL-1-300x169.jpg 300w, https:\/\/newsestlyonnais.fr\/site\/wp-content\/uploads\/2020\/09\/NEWSESTLYONNAIS-BRADERIE-GRATTE-CIEL-1-350x197.jpg 350w, https:\/\/newsestlyonnais.fr\/site\/wp-content\/uploads\/2020\/09\/NEWSESTLYONNAIS-BRADERIE-GRATTE-CIEL-1-450x253.jpg 450w, https:\/\/newsestlyonnais.fr\/site\/wp-content\/uploads\/2020\/09\/NEWSESTLYONNAIS-BRADERIE-GRATTE-CIEL-1-500x281.jpg 500w, https:\/\/newsestlyonnais.fr\/site\/wp-content\/uploads\/2020\/09\/NEWSESTLYONNAIS-BRADERIE-GRATTE-CIEL-1-550x309.jpg 550w, https:\/\/newsestlyonnais.fr\/site\/wp-content\/uploads\/2020\/09\/NEWSESTLYONNAIS-BRADERIE-GRATTE-CIEL-1-800x450.jpg 800w, https:\/\/newsestlyonnais.fr\/site\/wp-content\/uploads\/2020\/09\/NEWSESTLYONNAIS-BRADERIE-GRATTE-CIEL-1.jpg 1200w\" sizes=\"auto, (max-width: 660px) 100vw, 660px\" \/><\/figure>\n","protected":false},"excerpt":{"rendered":"<p>Plusieurs \u00e9v\u00e8nements seront programm\u00e9s sur la commune durant ces prochains jours<\/p>\n","protected":false},"author":4,"featured_media":93755,"comment_status":"open","ping_status":"open","sticky":false,"template":"","format":"standard","meta":{"footnotes":""},"categories":[2217,29],"tags":[],"class_list":["post-109183","post","type-post","status-publish","format-standard","has-post-thumbnail","hentry","category-breves-de-lest-lyonnais","category-villeurbanne"],"yoast_head":"<!-- This site is optimized with the Yoast SEO plugin v27.2 - https:\/\/yoast.com\/product\/yoast-seo-wordpress\/ -->\n<title>VILLEURBANNE | Les \u00e9v\u00e8nements au 20 septembre - News Est Lyonnais<\/title>\n<meta name=\"description\" content=\"VILLEURBANNE | Les \u00e9v\u00e8nements au 20 septembre\" \/>\n<meta name=\"robots\" content=\"index, follow, max-snippet:-1, max-image-preview:large, max-video-preview:-1\" \/>\n<link rel=\"canonical\" href=\"https:\/\/newsestlyonnais.fr\/site\/2020\/09\/05\/villeurbanne-les-evenements-au-20-septembre\/\" \/>\n<meta property=\"og:locale\" content=\"fr_FR\" \/>\n<meta property=\"og:type\" content=\"article\" \/>\n<meta property=\"og:title\" content=\"VILLEURBANNE | Les \u00e9v\u00e8nements au 20 septembre - News Est Lyonnais\" \/>\n<meta property=\"og:description\" content=\"VILLEURBANNE | Les \u00e9v\u00e8nements au 20 septembre\" \/>\n<meta property=\"og:url\" content=\"https:\/\/newsestlyonnais.fr\/site\/2020\/09\/05\/villeurbanne-les-evenements-au-20-septembre\/\" \/>\n<meta property=\"og:site_name\" content=\"News Est Lyonnais\" \/>\n<meta property=\"article:author\" content=\"https:\/\/www.facebook.com\/pascal.oberson.1?fref=ts\" \/>\n<meta property=\"article:published_time\" content=\"2020-09-05T13:18:02+00:00\" \/>\n<meta property=\"article:modified_time\" content=\"2020-09-09T18:55:54+00:00\" \/>\n<meta property=\"og:image\" content=\"https:\/\/i1.wp.com\/newsestlyonnais.fr\/site\/wp-content\/uploads\/2020\/01\/NEWSESTLYONNAIS-GRATTE-CIEL-BIS-.jpg?fit=1200%2C800&ssl=1\" \/>\n\t<meta property=\"og:image:width\" content=\"1200\" \/>\n\t<meta property=\"og:image:height\" content=\"800\" \/>\n\t<meta property=\"og:image:type\" content=\"image\/jpeg\" \/>\n<meta name=\"author\" content=\"R\u00e9dac. NEWS\" \/>\n<meta name=\"twitter:card\" content=\"summary_large_image\" \/>\n<meta name=\"twitter:label1\" content=\"\u00c9crit par\" \/>\n\t<meta name=\"twitter:data1\" content=\"R\u00e9dac. NEWS\" \/>\n\t<meta name=\"twitter:label2\" content=\"Dur\u00e9e de lecture estim\u00e9e\" \/>\n\t<meta name=\"twitter:data2\" content=\"1 minute\" \/>\n<script type=\"application\/ld+json\" class=\"yoast-schema-graph\">{\"@context\":\"https:\/\/schema.org\",\"@graph\":[{\"@type\":\"Article\",\"@id\":\"https:\/\/newsestlyonnais.fr\/site\/2020\/09\/05\/villeurbanne-les-evenements-au-20-septembre\/#article\",\"isPartOf\":{\"@id\":\"https:\/\/newsestlyonnais.fr\/site\/2020\/09\/05\/villeurbanne-les-evenements-au-20-septembre\/\"},\"author\":{\"name\":\"R\u00e9dac. NEWS\",\"@id\":\"https:\/\/newsestlyonnais.fr\/site\/#\/schema\/person\/3230d5615f390bb808365d673001e887\"},\"headline\":\"VILLEURBANNE | Les \u00e9v\u00e8nements au 20 septembre\",\"datePublished\":\"2020-09-05T13:18:02+00:00\",\"dateModified\":\"2020-09-09T18:55:54+00:00\",\"mainEntityOfPage\":{\"@id\":\"https:\/\/newsestlyonnais.fr\/site\/2020\/09\/05\/villeurbanne-les-evenements-au-20-septembre\/\"},\"wordCount\":278,\"commentCount\":0,\"publisher\":{\"@id\":\"https:\/\/newsestlyonnais.fr\/site\/#organization\"},\"image\":{\"@id\":\"https:\/\/newsestlyonnais.fr\/site\/2020\/09\/05\/villeurbanne-les-evenements-au-20-septembre\/#primaryimage\"},\"thumbnailUrl\":\"https:\/\/newsestlyonnais.fr\/site\/wp-content\/uploads\/2020\/01\/NEWSESTLYONNAIS-GRATTE-CIEL-BIS-.jpg\",\"articleSection\":[\"Br\u00e8ves de l'Est lyonnais\",\"Villeurbanne\"],\"inLanguage\":\"fr-FR\",\"potentialAction\":[{\"@type\":\"CommentAction\",\"name\":\"Comment\",\"target\":[\"https:\/\/newsestlyonnais.fr\/site\/2020\/09\/05\/villeurbanne-les-evenements-au-20-septembre\/#respond\"]}]},{\"@type\":\"WebPage\",\"@id\":\"https:\/\/newsestlyonnais.fr\/site\/2020\/09\/05\/villeurbanne-les-evenements-au-20-septembre\/\",\"url\":\"https:\/\/newsestlyonnais.fr\/site\/2020\/09\/05\/villeurbanne-les-evenements-au-20-septembre\/\",\"name\":\"VILLEURBANNE | Les \u00e9v\u00e8nements au 20 septembre - News Est Lyonnais\",\"isPartOf\":{\"@id\":\"https:\/\/newsestlyonnais.fr\/site\/#website\"},\"primaryImageOfPage\":{\"@id\":\"https:\/\/newsestlyonnais.fr\/site\/2020\/09\/05\/villeurbanne-les-evenements-au-20-septembre\/#primaryimage\"},\"image\":{\"@id\":\"https:\/\/newsestlyonnais.fr\/site\/2020\/09\/05\/villeurbanne-les-evenements-au-20-septembre\/#primaryimage\"},\"thumbnailUrl\":\"https:\/\/newsestlyonnais.fr\/site\/wp-content\/uploads\/2020\/01\/NEWSESTLYONNAIS-GRATTE-CIEL-BIS-.jpg\",\"datePublished\":\"2020-09-05T13:18:02+00:00\",\"dateModified\":\"2020-09-09T18:55:54+00:00\",\"description\":\"VILLEURBANNE | Les \u00e9v\u00e8nements au 20 septembre\",\"breadcrumb\":{\"@id\":\"https:\/\/newsestlyonnais.fr\/site\/2020\/09\/05\/villeurbanne-les-evenements-au-20-septembre\/#breadcrumb\"},\"inLanguage\":\"fr-FR\",\"potentialAction\":[{\"@type\":\"ReadAction\",\"target\":[\"https:\/\/newsestlyonnais.fr\/site\/2020\/09\/05\/villeurbanne-les-evenements-au-20-septembre\/\"]}]},{\"@type\":\"ImageObject\",\"inLanguage\":\"fr-FR\",\"@id\":\"https:\/\/newsestlyonnais.fr\/site\/2020\/09\/05\/villeurbanne-les-evenements-au-20-septembre\/#primaryimage\",\"url\":\"https:\/\/newsestlyonnais.fr\/site\/wp-content\/uploads\/2020\/01\/NEWSESTLYONNAIS-GRATTE-CIEL-BIS-.jpg\",\"contentUrl\":\"https:\/\/newsestlyonnais.fr\/site\/wp-content\/uploads\/2020\/01\/NEWSESTLYONNAIS-GRATTE-CIEL-BIS-.jpg\",\"width\":1200,\"height\":800},{\"@type\":\"BreadcrumbList\",\"@id\":\"https:\/\/newsestlyonnais.fr\/site\/2020\/09\/05\/villeurbanne-les-evenements-au-20-septembre\/#breadcrumb\",\"itemListElement\":[{\"@type\":\"ListItem\",\"position\":1,\"name\":\"Accueil\",\"item\":\"https:\/\/newsestlyonnais.fr\/site\/\"},{\"@type\":\"ListItem\",\"position\":2,\"name\":\"VILLEURBANNE | Les \u00e9v\u00e8nements au 20 septembre\"}]},{\"@type\":\"WebSite\",\"@id\":\"https:\/\/newsestlyonnais.fr\/site\/#website\",\"url\":\"https:\/\/newsestlyonnais.fr\/site\/\",\"name\":\"News Est Lyonnais\",\"description\":\"L&#039;actualit\u00e9 au plus pr\u00e8s\",\"publisher\":{\"@id\":\"https:\/\/newsestlyonnais.fr\/site\/#organization\"},\"potentialAction\":[{\"@type\":\"SearchAction\",\"target\":{\"@type\":\"EntryPoint\",\"urlTemplate\":\"https:\/\/newsestlyonnais.fr\/site\/?s={search_term_string}\"},\"query-input\":{\"@type\":\"PropertyValueSpecification\",\"valueRequired\":true,\"valueName\":\"search_term_string\"}}],\"inLanguage\":\"fr-FR\"},{\"@type\":\"Organization\",\"@id\":\"https:\/\/newsestlyonnais.fr\/site\/#organization\",\"name\":\"News EST LYONNAIS\",\"url\":\"https:\/\/newsestlyonnais.fr\/site\/\",\"logo\":{\"@type\":\"ImageObject\",\"inLanguage\":\"fr-FR\",\"@id\":\"https:\/\/newsestlyonnais.fr\/site\/#\/schema\/logo\/image\/\",\"url\":\"\",\"contentUrl\":\"\",\"caption\":\"News EST LYONNAIS\"},\"image\":{\"@id\":\"https:\/\/newsestlyonnais.fr\/site\/#\/schema\/logo\/image\/\"}},{\"@type\":\"Person\",\"@id\":\"https:\/\/newsestlyonnais.fr\/site\/#\/schema\/person\/3230d5615f390bb808365d673001e887\",\"name\":\"R\u00e9dac. NEWS\",\"sameAs\":[\"http:\/\/www.newsestlyonnais.fr\",\"https:\/\/www.facebook.com\/pascal.oberson.1?fref=ts\",\"https:\/\/fr.linkedin.com\/in\/pascal-oberson-b17045113\"],\"url\":\"https:\/\/newsestlyonnais.fr\/site\/author\/nel\/\"}]}<\/script>\n<!-- \/ Yoast SEO plugin. -->","yoast_head_json":{"title":"VILLEURBANNE | Les \u00e9v\u00e8nements au 20 septembre - News Est Lyonnais","description":"VILLEURBANNE | Les \u00e9v\u00e8nements au 20 septembre","robots":{"index":"index","follow":"follow","max-snippet":"max-snippet:-1","max-image-preview":"max-image-preview:large","max-video-preview":"max-video-preview:-1"},"canonical":"https:\/\/newsestlyonnais.fr\/site\/2020\/09\/05\/villeurbanne-les-evenements-au-20-septembre\/","og_locale":"fr_FR","og_type":"article","og_title":"VILLEURBANNE | Les \u00e9v\u00e8nements au 20 septembre - News Est Lyonnais","og_description":"VILLEURBANNE | Les \u00e9v\u00e8nements au 20 septembre","og_url":"https:\/\/newsestlyonnais.fr\/site\/2020\/09\/05\/villeurbanne-les-evenements-au-20-septembre\/","og_site_name":"News Est Lyonnais","article_author":"https:\/\/www.facebook.com\/pascal.oberson.1?fref=ts","article_published_time":"2020-09-05T13:18:02+00:00","article_modified_time":"2020-09-09T18:55:54+00:00","og_image":[{"width":1200,"height":800,"url":"https:\/\/i1.wp.com\/newsestlyonnais.fr\/site\/wp-content\/uploads\/2020\/01\/NEWSESTLYONNAIS-GRATTE-CIEL-BIS-.jpg?fit=1200%2C800&ssl=1","type":"image\/jpeg"}],"author":"R\u00e9dac. NEWS","twitter_card":"summary_large_image","twitter_misc":{"\u00c9crit par":"R\u00e9dac. NEWS","Dur\u00e9e de lecture estim\u00e9e":"1 minute"},"schema":{"@context":"https:\/\/schema.org","@graph":[{"@type":"Article","@id":"https:\/\/newsestlyonnais.fr\/site\/2020\/09\/05\/villeurbanne-les-evenements-au-20-septembre\/#article","isPartOf":{"@id":"https:\/\/newsestlyonnais.fr\/site\/2020\/09\/05\/villeurbanne-les-evenements-au-20-septembre\/"},"author":{"name":"R\u00e9dac. NEWS","@id":"https:\/\/newsestlyonnais.fr\/site\/#\/schema\/person\/3230d5615f390bb808365d673001e887"},"headline":"VILLEURBANNE | Les \u00e9v\u00e8nements au 20 septembre","datePublished":"2020-09-05T13:18:02+00:00","dateModified":"2020-09-09T18:55:54+00:00","mainEntityOfPage":{"@id":"https:\/\/newsestlyonnais.fr\/site\/2020\/09\/05\/villeurbanne-les-evenements-au-20-septembre\/"},"wordCount":278,"commentCount":0,"publisher":{"@id":"https:\/\/newsestlyonnais.fr\/site\/#organization"},"image":{"@id":"https:\/\/newsestlyonnais.fr\/site\/2020\/09\/05\/villeurbanne-les-evenements-au-20-septembre\/#primaryimage"},"thumbnailUrl":"https:\/\/newsestlyonnais.fr\/site\/wp-content\/uploads\/2020\/01\/NEWSESTLYONNAIS-GRATTE-CIEL-BIS-.jpg","articleSection":["Br\u00e8ves de l'Est lyonnais","Villeurbanne"],"inLanguage":"fr-FR","potentialAction":[{"@type":"CommentAction","name":"Comment","target":["https:\/\/newsestlyonnais.fr\/site\/2020\/09\/05\/villeurbanne-les-evenements-au-20-septembre\/#respond"]}]},{"@type":"WebPage","@id":"https:\/\/newsestlyonnais.fr\/site\/2020\/09\/05\/villeurbanne-les-evenements-au-20-septembre\/","url":"https:\/\/newsestlyonnais.fr\/site\/2020\/09\/05\/villeurbanne-les-evenements-au-20-septembre\/","name":"VILLEURBANNE | Les \u00e9v\u00e8nements au 20 septembre - News Est Lyonnais","isPartOf":{"@id":"https:\/\/newsestlyonnais.fr\/site\/#website"},"primaryImageOfPage":{"@id":"https:\/\/newsestlyonnais.fr\/site\/2020\/09\/05\/villeurbanne-les-evenements-au-20-septembre\/#primaryimage"},"image":{"@id":"https:\/\/newsestlyonnais.fr\/site\/2020\/09\/05\/villeurbanne-les-evenements-au-20-septembre\/#primaryimage"},"thumbnailUrl":"https:\/\/newsestlyonnais.fr\/site\/wp-content\/uploads\/2020\/01\/NEWSESTLYONNAIS-GRATTE-CIEL-BIS-.jpg","datePublished":"2020-09-05T13:18:02+00:00","dateModified":"2020-09-09T18:55:54+00:00","description":"VILLEURBANNE | Les \u00e9v\u00e8nements au 20 septembre","breadcrumb":{"@id":"https:\/\/newsestlyonnais.fr\/site\/2020\/09\/05\/villeurbanne-les-evenements-au-20-septembre\/#breadcrumb"},"inLanguage":"fr-FR","potentialAction":[{"@type":"ReadAction","target":["https:\/\/newsestlyonnais.fr\/site\/2020\/09\/05\/villeurbanne-les-evenements-au-20-septembre\/"]}]},{"@type":"ImageObject","inLanguage":"fr-FR","@id":"https:\/\/newsestlyonnais.fr\/site\/2020\/09\/05\/villeurbanne-les-evenements-au-20-septembre\/#primaryimage","url":"https:\/\/newsestlyonnais.fr\/site\/wp-content\/uploads\/2020\/01\/NEWSESTLYONNAIS-GRATTE-CIEL-BIS-.jpg","contentUrl":"https:\/\/newsestlyonnais.fr\/site\/wp-content\/uploads\/2020\/01\/NEWSESTLYONNAIS-GRATTE-CIEL-BIS-.jpg","width":1200,"height":800},{"@type":"BreadcrumbList","@id":"https:\/\/newsestlyonnais.fr\/site\/2020\/09\/05\/villeurbanne-les-evenements-au-20-septembre\/#breadcrumb","itemListElement":[{"@type":"ListItem","position":1,"name":"Accueil","item":"https:\/\/newsestlyonnais.fr\/site\/"},{"@type":"ListItem","position":2,"name":"VILLEURBANNE | Les \u00e9v\u00e8nements au 20 septembre"}]},{"@type":"WebSite","@id":"https:\/\/newsestlyonnais.fr\/site\/#website","url":"https:\/\/newsestlyonnais.fr\/site\/","name":"News Est Lyonnais","description":"L&#039;actualit\u00e9 au plus pr\u00e8s","publisher":{"@id":"https:\/\/newsestlyonnais.fr\/site\/#organization"},"potentialAction":[{"@type":"SearchAction","target":{"@type":"EntryPoint","urlTemplate":"https:\/\/newsestlyonnais.fr\/site\/?s={search_term_string}"},"query-input":{"@type":"PropertyValueSpecification","valueRequired":true,"valueName":"search_term_string"}}],"inLanguage":"fr-FR"},{"@type":"Organization","@id":"https:\/\/newsestlyonnais.fr\/site\/#organization","name":"News EST LYONNAIS","url":"https:\/\/newsestlyonnais.fr\/site\/","logo":{"@type":"ImageObject","inLanguage":"fr-FR","@id":"https:\/\/newsestlyonnais.fr\/site\/#\/schema\/logo\/image\/","url":"","contentUrl":"","caption":"News EST LYONNAIS"},"image":{"@id":"https:\/\/newsestlyonnais.fr\/site\/#\/schema\/logo\/image\/"}},{"@type":"Person","@id":"https:\/\/newsestlyonnais.fr\/site\/#\/schema\/person\/3230d5615f390bb808365d673001e887","name":"R\u00e9dac. NEWS","sameAs":["http:\/\/www.newsestlyonnais.fr","https:\/\/www.facebook.com\/pascal.oberson.1?fref=ts","https:\/\/fr.linkedin.com\/in\/pascal-oberson-b17045113"],"url":"https:\/\/newsestlyonnais.fr\/site\/author\/nel\/"}]}},"_links":{"self":[{"href":"https:\/\/newsestlyonnais.fr\/site\/wp-json\/wp\/v2\/posts\/109183","targetHints":{"allow":["GET"]}}],"collection":[{"href":"https:\/\/newsestlyonnais.fr\/site\/wp-json\/wp\/v2\/posts"}],"about":[{"href":"https:\/\/newsestlyonnais.fr\/site\/wp-json\/wp\/v2\/types\/post"}],"author":[{"embeddable":true,"href":"https:\/\/newsestlyonnais.fr\/site\/wp-json\/wp\/v2\/users\/4"}],"replies":[{"embeddable":true,"href":"https:\/\/newsestlyonnais.fr\/site\/wp-json\/wp\/v2\/comments?post=109183"}],"version-history":[{"count":0,"href":"https:\/\/newsestlyonnais.fr\/site\/wp-json\/wp\/v2\/posts\/109183\/revisions"}],"wp:featuredmedia":[{"embeddable":true,"href":"https:\/\/newsestlyonnais.fr\/site\/wp-json\/wp\/v2\/media\/93755"}],"wp:attachment":[{"href":"https:\/\/newsestlyonnais.fr\/site\/wp-json\/wp\/v2\/media?parent=109183"}],"wp:term":[{"taxonomy":"category","embeddable":true,"href":"https:\/\/newsestlyonnais.fr\/site\/wp-json\/wp\/v2\/categories?post=109183"},{"taxonomy":"post_tag","embeddable":true,"href":"https:\/\/newsestlyonnais.fr\/site\/wp-json\/wp\/v2\/tags?post=109183"}],"curies":[{"name":"wp","href":"https:\/\/api.w.org\/{rel}","templated":true}]}}