{"id":109333,"date":"2020-09-06T10:13:47","date_gmt":"2020-09-06T09:13:47","guid":{"rendered":"http:\/\/newsestlyonnais.fr\/site\/?p=109333"},"modified":"2020-09-19T09:03:42","modified_gmt":"2020-09-19T08:03:42","slug":"saint-priest-les-evenements-a-fin-septembre","status":"publish","type":"post","link":"https:\/\/newsestlyonnais.fr\/site\/2020\/09\/06\/saint-priest-les-evenements-a-fin-septembre\/","title":{"rendered":"SAINT-PRIEST | Les \u00e9v\u00e8nements \u00e0 fin septembre"},"content":{"rendered":"\n<ul>\n<li><strong><span style=\"text-decoration: underline;\">Du 2 au 30 septembre<\/span> : Exposition de peintures \u00e0 l&rsquo;huile<\/strong> de Marie H\u00e9l\u00e8ne Mallet. Vernissage le 18\/09 \u00e0 18 h. (MJC Jean Cocteau).<\/li>\n<li><strong><span style=\"text-decoration: underline;\">Du jeudi 3 septembre au dimanche 4 octobre<\/span> : Grand prix de tennis<\/strong> de Saint-Priest (TCSP, avenue Pierre Mendes-France).<\/li>\n<li><strong><span style=\"text-decoration: underline;\">Dimanche 6 septembre <\/span>: 10 h \u00e0 18 h : Portes ouvertes (MJC Cocteau), 14 h \u00e0 18 h : Portes ouvertes (SAL Tennis , <\/strong>1185 avenue des Temps Modernes), <strong>10 h \u00e0 17 h : Carrefour des Associations version COVID<\/strong>. (Maison des Associations).<\/li>\n<li><strong><span style=\"text-decoration: underline;\">Mercredi 9 septembre<\/span> de 16 h \u00e0 20 h : Portes ouvertes l&rsquo;Olivier<\/strong>. (Centre Social des Oliviers).<\/li>\n<li><strong><span style=\"text-decoration: underline;\">Samedi 12 septembre<\/span><\/strong> de 9 h \u00e0 13 h : <strong>Portes ouvertes (SAL Tennis , <\/strong>1185 avenue des Temps Modernes), <strong>de 14 h \u00e0 18 h : Portes ouvertes<\/strong> <strong>Tir \u00e0 l\u2019Arc ARC-EN-CIEL<\/strong> (Gymnase Boris Vian) &amp; <strong>de 15 h \u00e0 19 h : Bel Air et Mansard Farr\u00e8re en f\u00eate<\/strong>. F\u00eate \u00e0 destination des habitants de Bel Air, dans le contexte de la transformation urbaine du projet Mansart Farr\u00e8re. (Pr\u00e8s de l&rsquo;Espace Bulle d&rsquo;Air \u00e0 Bel Air, nouveaux espaces publics autour du local Bulle d&rsquo;Air, city stade).<\/li>\n<li><strong><span style=\"text-decoration: underline;\">Vendredi 18 septembre<\/span> \u00e0 partir de 19 h : F\u00eate des Voisins<\/strong> \/ Immeuble en F\u00eate aid\u00e9 par les conseillers de quartiers.<\/li>\n<li><strong><span style=\"text-decoration: underline;\">Samedi 19 et Dimanche 20 septembre<\/span> : de 9 h \u00e0 18 h : Journ\u00e9es du<\/strong> <strong>Patrimoine<\/strong> \/ La San-Priode Histoire et Patrimoine (Fort de Saint-Priest) <strong>&amp; 10 h \u00e0 18 : Journ\u00e9es europ\u00e9ennes du patrimoine.<\/strong> (Artoth\u00e8que et archives municipales).<\/li>\n<li><strong><span style=\"text-decoration: underline;\">Samedi 19 septembre<\/span> : de 10 h \u00e0 15 h : Visite comment\u00e9e de la cit\u00e9<\/strong> historique avec la San Priode. D\u00e9part place Steven Sprielberg dur\u00e9e 1 h 30. (Cit\u00e9 Berliet), <strong>\u00e0 14 h : Visite guid\u00e9e<\/strong> avec le Cercle Iulius Victor d\u00e9part place de l&rsquo;Eglise. (Village).<\/li>\n<li><strong><span style=\"text-decoration: underline;\">Dimanche 20 septembre<\/span><\/strong> : de 9 h \u00e0 18 h : <strong>Visite du Fort<\/strong>. Libre et organis\u00e9e par la San Priod avec panneaux explicatifs (Fort) <strong>&amp; \u00e0 15 h : Rugby F\u00e9d. 2<\/strong> Saint-Priest Rugby\/Villefranche sur Sa\u00f4ne. (Stade Pierre Mend\u00e8s France).<\/li>\n<li><span style=\"text-decoration: underline;\"><strong>Mardi 22 septembre<\/strong> <\/span>: de 19 h 30 \u00e0 21 h 30 : <strong>Soir\u00e9e de pr\u00e9sentation CPTS.<\/strong> Cr\u00e9ation une Communaut\u00e9 Professionnelle et Territoriale de sant\u00e9 (CPTS) sur la ville de St Priest et de Mions. Soir\u00e9e d&rsquo;information r\u00e9unissant l&rsquo;ensemble des professionnels du soins et des structures m\u00e9dico-sociales des 2 villes. (Salle Mosa\u00efque).<\/li>\n<li><span style=\"text-decoration: underline;\"><strong>Jeudi 24 septembre<\/strong><\/span> : de 9 h \u00e0 12 h 30 : <strong>4\u00b0 Forum de l&#8217;emploi. <\/strong>(Centre commercial Auchan) &amp; de 19 h \u00e0 22 h : Conseil Municipal (Salle du conseil).<\/li>\n<li><span style=\"text-decoration: underline;\"><strong>Vendredi 25 septembre<\/strong><\/span> : de 11 h \u00e0 13 h : <strong>Hommage aux harkis<\/strong>. (Au ch\u00e2teau).<\/li>\n<li><span style=\"text-decoration: underline;\"><strong>Samedi 26 septembre<\/strong><\/span> : <del>de 14 h \u00e0 20 h : <strong>Voyage au centre de ma ville<\/strong> 2020 ATU. (Abords P\u00f4le Ottina + sites remarquables au Centre Ville), \u00e0 18 h<\/del> : <strong>Football N2<\/strong> ASSP\/Marignane Gignac FC. (Stade Jacques Joly) \u00e0 19 h : Hand SPHB \/ V\u00e9nissieux (Gymnase Condorcet) &amp; \u00e0 20 h : <strong>Basket N3<\/strong> AL SAINT PRIEST\/CTC GRENOBLE Alpes M\u00e9tropoles. (Gymnase L\u00e9on Perrier).<\/li>\n<li><span style=\"text-decoration: underline;\"><strong>Mardi 29 septembre<\/strong> <\/span>: <del>de 11 h 30 \u00e0 14 h 30 : <strong>Village de la mobilit\u00e9 \u00e0 destination des entreprises<\/strong>. (Parc technologique entre l&rsquo;arr\u00eat de tram et le p\u00f4le) &amp; de 17 h 30 \u00e0 18 h 30 : <strong>Inauguration Espace Jeunesse. <\/strong>(42 rue Henri Mar\u00e9chal).<\/del><\/li>\n<li><span style=\"text-decoration: underline;\"><strong>Mercredi 30 septembre<\/strong><\/span> de 15 h 30 \u00e0 20 h 30 : <strong>Don du sang<\/strong> \/ Etablissement Fran\u00e7ais du sang (Salle Mosa\u00efque).<\/li>\n<\/ul>\n<p><strong>L&rsquo;ACTU de la commune : <a href=\"http:\/\/www.ville-saint-priest.fr\/accueil.547.0.html\" target=\"_blank\" rel=\"noreferrer noopener\">http:\/\/www.ville-saint-priest.fr\/accueil.547.0.html<\/a><\/strong><\/p>\n<p>\u00a0<\/p>\n\n\n\n<div class=\"wp-block-jetpack-slideshow aligncenter\" data-effect=\"slide\"><div class=\"wp-block-jetpack-slideshow_container swiper-container\"><ul class=\"wp-block-jetpack-slideshow_swiper-wrapper swiper-wrapper\"><li class=\"wp-block-jetpack-slideshow_slide swiper-slide\"><figure><img loading=\"lazy\" decoding=\"async\" width=\"650\" height=\"919\" alt=\"\" class=\"wp-block-jetpack-slideshow_image wp-image-107809\" data-id=\"107809\" src=\"https:\/\/newsestlyonnais.fr\/site\/medias\/2020\/07\/NEWSESTLYONNAIS-GP-TENNIS-STPRIEST-650x919.jpg\" srcset=\"https:\/\/newsestlyonnais.fr\/site\/wp-content\/uploads\/2020\/07\/NEWSESTLYONNAIS-GP-TENNIS-STPRIEST-650x919.jpg 650w, https:\/\/newsestlyonnais.fr\/site\/wp-content\/uploads\/2020\/07\/NEWSESTLYONNAIS-GP-TENNIS-STPRIEST-400x566.jpg 400w, https:\/\/newsestlyonnais.fr\/site\/wp-content\/uploads\/2020\/07\/NEWSESTLYONNAIS-GP-TENNIS-STPRIEST-250x353.jpg 250w, https:\/\/newsestlyonnais.fr\/site\/wp-content\/uploads\/2020\/07\/NEWSESTLYONNAIS-GP-TENNIS-STPRIEST-150x212.jpg 150w, https:\/\/newsestlyonnais.fr\/site\/wp-content\/uploads\/2020\/07\/NEWSESTLYONNAIS-GP-TENNIS-STPRIEST-50x71.jpg 50w, https:\/\/newsestlyonnais.fr\/site\/wp-content\/uploads\/2020\/07\/NEWSESTLYONNAIS-GP-TENNIS-STPRIEST-100x141.jpg 100w, https:\/\/newsestlyonnais.fr\/site\/wp-content\/uploads\/2020\/07\/NEWSESTLYONNAIS-GP-TENNIS-STPRIEST-200x283.jpg 200w, https:\/\/newsestlyonnais.fr\/site\/wp-content\/uploads\/2020\/07\/NEWSESTLYONNAIS-GP-TENNIS-STPRIEST-300x424.jpg 300w, https:\/\/newsestlyonnais.fr\/site\/wp-content\/uploads\/2020\/07\/NEWSESTLYONNAIS-GP-TENNIS-STPRIEST-350x495.jpg 350w, https:\/\/newsestlyonnais.fr\/site\/wp-content\/uploads\/2020\/07\/NEWSESTLYONNAIS-GP-TENNIS-STPRIEST-450x636.jpg 450w, https:\/\/newsestlyonnais.fr\/site\/wp-content\/uploads\/2020\/07\/NEWSESTLYONNAIS-GP-TENNIS-STPRIEST-500x707.jpg 500w, https:\/\/newsestlyonnais.fr\/site\/wp-content\/uploads\/2020\/07\/NEWSESTLYONNAIS-GP-TENNIS-STPRIEST-550x778.jpg 550w, https:\/\/newsestlyonnais.fr\/site\/wp-content\/uploads\/2020\/07\/NEWSESTLYONNAIS-GP-TENNIS-STPRIEST.jpg 679w\" sizes=\"auto, (max-width: 650px) 100vw, 650px\" \/><\/figure><\/li><li class=\"wp-block-jetpack-slideshow_slide swiper-slide\"><figure><img loading=\"lazy\" decoding=\"async\" width=\"650\" height=\"836\" alt=\"\" class=\"wp-block-jetpack-slideshow_image wp-image-107834\" data-id=\"107834\" src=\"https:\/\/newsestlyonnais.fr\/site\/medias\/2020\/07\/C319_WEB-page-015-650x836.jpg\" srcset=\"https:\/\/newsestlyonnais.fr\/site\/wp-content\/uploads\/2020\/07\/C319_WEB-page-015-650x836.jpg 650w, https:\/\/newsestlyonnais.fr\/site\/wp-content\/uploads\/2020\/07\/C319_WEB-page-015-400x514.jpg 400w, https:\/\/newsestlyonnais.fr\/site\/wp-content\/uploads\/2020\/07\/C319_WEB-page-015-250x321.jpg 250w, https:\/\/newsestlyonnais.fr\/site\/wp-content\/uploads\/2020\/07\/C319_WEB-page-015-768x987.jpg 768w, https:\/\/newsestlyonnais.fr\/site\/wp-content\/uploads\/2020\/07\/C319_WEB-page-015-1195x1536.jpg 1195w, https:\/\/newsestlyonnais.fr\/site\/wp-content\/uploads\/2020\/07\/C319_WEB-page-015-150x193.jpg 150w, https:\/\/newsestlyonnais.fr\/site\/wp-content\/uploads\/2020\/07\/C319_WEB-page-015-50x64.jpg 50w, https:\/\/newsestlyonnais.fr\/site\/wp-content\/uploads\/2020\/07\/C319_WEB-page-015-100x129.jpg 100w, https:\/\/newsestlyonnais.fr\/site\/wp-content\/uploads\/2020\/07\/C319_WEB-page-015-200x257.jpg 200w, https:\/\/newsestlyonnais.fr\/site\/wp-content\/uploads\/2020\/07\/C319_WEB-page-015-300x386.jpg 300w, https:\/\/newsestlyonnais.fr\/site\/wp-content\/uploads\/2020\/07\/C319_WEB-page-015-350x450.jpg 350w, https:\/\/newsestlyonnais.fr\/site\/wp-content\/uploads\/2020\/07\/C319_WEB-page-015-450x578.jpg 450w, https:\/\/newsestlyonnais.fr\/site\/wp-content\/uploads\/2020\/07\/C319_WEB-page-015-500x643.jpg 500w, https:\/\/newsestlyonnais.fr\/site\/wp-content\/uploads\/2020\/07\/C319_WEB-page-015-550x707.jpg 550w, https:\/\/newsestlyonnais.fr\/site\/wp-content\/uploads\/2020\/07\/C319_WEB-page-015-800x1028.jpg 800w, https:\/\/newsestlyonnais.fr\/site\/wp-content\/uploads\/2020\/07\/C319_WEB-page-015-1200x1543.jpg 1200w, https:\/\/newsestlyonnais.fr\/site\/wp-content\/uploads\/2020\/07\/C319_WEB-page-015.jpg 1240w\" sizes=\"auto, (max-width: 650px) 100vw, 650px\" \/><figcaption class=\"wp-block-jetpack-slideshow_caption gallery-caption\">    \u00e0 SAINT-PRIEST <\/figcaption><\/figure><\/li><\/ul><a class=\"wp-block-jetpack-slideshow_button-prev swiper-button-prev swiper-button-white\" role=\"button\"><\/a><a class=\"wp-block-jetpack-slideshow_button-next swiper-button-next swiper-button-white\" role=\"button\"><\/a><a aria-label=\"Pause Slideshow\" class=\"wp-block-jetpack-slideshow_button-pause\" role=\"button\"><\/a><div class=\"wp-block-jetpack-slideshow_pagination swiper-pagination swiper-pagination-white\"><\/div><\/div><\/div>\n\n\n","protected":false},"excerpt":{"rendered":"<p>Des programmations susceptibles d\u2019\u00eatre annul\u00e9es en fonction du contexte sanitaire.<\/p>\n","protected":false},"author":4,"featured_media":95577,"comment_status":"open","ping_status":"open","sticky":false,"template":"","format":"standard","meta":{"footnotes":""},"categories":[1296],"tags":[],"class_list":["post-109333","post","type-post","status-publish","format-standard","has-post-thumbnail","hentry","category-sain-priest"],"yoast_head":"<!-- This site is optimized with the Yoast SEO plugin v27.2 - https:\/\/yoast.com\/product\/yoast-seo-wordpress\/ -->\n<title>SAINT-PRIEST | Les \u00e9v\u00e8nements \u00e0 fin septembre - News Est Lyonnais<\/title>\n<meta name=\"description\" content=\"SAINT-PRIEST | Les \u00e9v\u00e8nements \u00e0 fin septembre\" \/>\n<meta name=\"robots\" content=\"index, follow, max-snippet:-1, max-image-preview:large, max-video-preview:-1\" \/>\n<link rel=\"canonical\" href=\"https:\/\/newsestlyonnais.fr\/site\/2020\/09\/06\/saint-priest-les-evenements-a-fin-septembre\/\" \/>\n<meta property=\"og:locale\" content=\"fr_FR\" \/>\n<meta property=\"og:type\" content=\"article\" \/>\n<meta property=\"og:title\" content=\"SAINT-PRIEST | Les \u00e9v\u00e8nements \u00e0 fin septembre - News Est Lyonnais\" \/>\n<meta property=\"og:description\" content=\"SAINT-PRIEST | Les \u00e9v\u00e8nements \u00e0 fin septembre\" \/>\n<meta property=\"og:url\" content=\"https:\/\/newsestlyonnais.fr\/site\/2020\/09\/06\/saint-priest-les-evenements-a-fin-septembre\/\" \/>\n<meta property=\"og:site_name\" content=\"News Est Lyonnais\" \/>\n<meta property=\"article:author\" content=\"https:\/\/www.facebook.com\/pascal.oberson.1?fref=ts\" \/>\n<meta property=\"article:published_time\" content=\"2020-09-06T09:13:47+00:00\" \/>\n<meta property=\"article:modified_time\" content=\"2020-09-19T08:03:42+00:00\" \/>\n<meta property=\"og:image\" content=\"https:\/\/i0.wp.com\/newsestlyonnais.fr\/site\/wp-content\/uploads\/2020\/02\/NEWSESTLYONNAIS-ST-PRIEST01.jpg?fit=1200%2C800&ssl=1\" \/>\n\t<meta property=\"og:image:width\" content=\"1200\" \/>\n\t<meta property=\"og:image:height\" content=\"800\" \/>\n\t<meta property=\"og:image:type\" content=\"image\/jpeg\" \/>\n<meta name=\"author\" content=\"R\u00e9dac. NEWS\" \/>\n<meta name=\"twitter:card\" content=\"summary_large_image\" \/>\n<meta name=\"twitter:label1\" content=\"\u00c9crit par\" \/>\n\t<meta name=\"twitter:data1\" content=\"R\u00e9dac. NEWS\" \/>\n\t<meta name=\"twitter:label2\" content=\"Dur\u00e9e de lecture estim\u00e9e\" \/>\n\t<meta name=\"twitter:data2\" content=\"2 minutes\" \/>\n<script type=\"application\/ld+json\" class=\"yoast-schema-graph\">{\"@context\":\"https:\/\/schema.org\",\"@graph\":[{\"@type\":\"Article\",\"@id\":\"https:\/\/newsestlyonnais.fr\/site\/2020\/09\/06\/saint-priest-les-evenements-a-fin-septembre\/#article\",\"isPartOf\":{\"@id\":\"https:\/\/newsestlyonnais.fr\/site\/2020\/09\/06\/saint-priest-les-evenements-a-fin-septembre\/\"},\"author\":{\"name\":\"R\u00e9dac. NEWS\",\"@id\":\"https:\/\/newsestlyonnais.fr\/site\/#\/schema\/person\/3230d5615f390bb808365d673001e887\"},\"headline\":\"SAINT-PRIEST | Les \u00e9v\u00e8nements \u00e0 fin septembre\",\"datePublished\":\"2020-09-06T09:13:47+00:00\",\"dateModified\":\"2020-09-19T08:03:42+00:00\",\"mainEntityOfPage\":{\"@id\":\"https:\/\/newsestlyonnais.fr\/site\/2020\/09\/06\/saint-priest-les-evenements-a-fin-septembre\/\"},\"wordCount\":492,\"commentCount\":0,\"publisher\":{\"@id\":\"https:\/\/newsestlyonnais.fr\/site\/#organization\"},\"image\":{\"@id\":\"https:\/\/newsestlyonnais.fr\/site\/2020\/09\/06\/saint-priest-les-evenements-a-fin-septembre\/#primaryimage\"},\"thumbnailUrl\":\"https:\/\/newsestlyonnais.fr\/site\/wp-content\/uploads\/2020\/02\/NEWSESTLYONNAIS-ST-PRIEST01.jpg\",\"articleSection\":[\"Saint-Priest\"],\"inLanguage\":\"fr-FR\",\"potentialAction\":[{\"@type\":\"CommentAction\",\"name\":\"Comment\",\"target\":[\"https:\/\/newsestlyonnais.fr\/site\/2020\/09\/06\/saint-priest-les-evenements-a-fin-septembre\/#respond\"]}]},{\"@type\":\"WebPage\",\"@id\":\"https:\/\/newsestlyonnais.fr\/site\/2020\/09\/06\/saint-priest-les-evenements-a-fin-septembre\/\",\"url\":\"https:\/\/newsestlyonnais.fr\/site\/2020\/09\/06\/saint-priest-les-evenements-a-fin-septembre\/\",\"name\":\"SAINT-PRIEST | Les \u00e9v\u00e8nements \u00e0 fin septembre - News Est Lyonnais\",\"isPartOf\":{\"@id\":\"https:\/\/newsestlyonnais.fr\/site\/#website\"},\"primaryImageOfPage\":{\"@id\":\"https:\/\/newsestlyonnais.fr\/site\/2020\/09\/06\/saint-priest-les-evenements-a-fin-septembre\/#primaryimage\"},\"image\":{\"@id\":\"https:\/\/newsestlyonnais.fr\/site\/2020\/09\/06\/saint-priest-les-evenements-a-fin-septembre\/#primaryimage\"},\"thumbnailUrl\":\"https:\/\/newsestlyonnais.fr\/site\/wp-content\/uploads\/2020\/02\/NEWSESTLYONNAIS-ST-PRIEST01.jpg\",\"datePublished\":\"2020-09-06T09:13:47+00:00\",\"dateModified\":\"2020-09-19T08:03:42+00:00\",\"description\":\"SAINT-PRIEST | Les \u00e9v\u00e8nements \u00e0 fin septembre\",\"breadcrumb\":{\"@id\":\"https:\/\/newsestlyonnais.fr\/site\/2020\/09\/06\/saint-priest-les-evenements-a-fin-septembre\/#breadcrumb\"},\"inLanguage\":\"fr-FR\",\"potentialAction\":[{\"@type\":\"ReadAction\",\"target\":[\"https:\/\/newsestlyonnais.fr\/site\/2020\/09\/06\/saint-priest-les-evenements-a-fin-septembre\/\"]}]},{\"@type\":\"ImageObject\",\"inLanguage\":\"fr-FR\",\"@id\":\"https:\/\/newsestlyonnais.fr\/site\/2020\/09\/06\/saint-priest-les-evenements-a-fin-septembre\/#primaryimage\",\"url\":\"https:\/\/newsestlyonnais.fr\/site\/wp-content\/uploads\/2020\/02\/NEWSESTLYONNAIS-ST-PRIEST01.jpg\",\"contentUrl\":\"https:\/\/newsestlyonnais.fr\/site\/wp-content\/uploads\/2020\/02\/NEWSESTLYONNAIS-ST-PRIEST01.jpg\",\"width\":1200,\"height\":800},{\"@type\":\"BreadcrumbList\",\"@id\":\"https:\/\/newsestlyonnais.fr\/site\/2020\/09\/06\/saint-priest-les-evenements-a-fin-septembre\/#breadcrumb\",\"itemListElement\":[{\"@type\":\"ListItem\",\"position\":1,\"name\":\"Accueil\",\"item\":\"https:\/\/newsestlyonnais.fr\/site\/\"},{\"@type\":\"ListItem\",\"position\":2,\"name\":\"SAINT-PRIEST | Les \u00e9v\u00e8nements \u00e0 fin septembre\"}]},{\"@type\":\"WebSite\",\"@id\":\"https:\/\/newsestlyonnais.fr\/site\/#website\",\"url\":\"https:\/\/newsestlyonnais.fr\/site\/\",\"name\":\"News Est Lyonnais\",\"description\":\"L&#039;actualit\u00e9 au plus pr\u00e8s\",\"publisher\":{\"@id\":\"https:\/\/newsestlyonnais.fr\/site\/#organization\"},\"potentialAction\":[{\"@type\":\"SearchAction\",\"target\":{\"@type\":\"EntryPoint\",\"urlTemplate\":\"https:\/\/newsestlyonnais.fr\/site\/?s={search_term_string}\"},\"query-input\":{\"@type\":\"PropertyValueSpecification\",\"valueRequired\":true,\"valueName\":\"search_term_string\"}}],\"inLanguage\":\"fr-FR\"},{\"@type\":\"Organization\",\"@id\":\"https:\/\/newsestlyonnais.fr\/site\/#organization\",\"name\":\"News EST LYONNAIS\",\"url\":\"https:\/\/newsestlyonnais.fr\/site\/\",\"logo\":{\"@type\":\"ImageObject\",\"inLanguage\":\"fr-FR\",\"@id\":\"https:\/\/newsestlyonnais.fr\/site\/#\/schema\/logo\/image\/\",\"url\":\"\",\"contentUrl\":\"\",\"caption\":\"News EST LYONNAIS\"},\"image\":{\"@id\":\"https:\/\/newsestlyonnais.fr\/site\/#\/schema\/logo\/image\/\"}},{\"@type\":\"Person\",\"@id\":\"https:\/\/newsestlyonnais.fr\/site\/#\/schema\/person\/3230d5615f390bb808365d673001e887\",\"name\":\"R\u00e9dac. NEWS\",\"sameAs\":[\"http:\/\/www.newsestlyonnais.fr\",\"https:\/\/www.facebook.com\/pascal.oberson.1?fref=ts\",\"https:\/\/fr.linkedin.com\/in\/pascal-oberson-b17045113\"],\"url\":\"https:\/\/newsestlyonnais.fr\/site\/author\/nel\/\"}]}<\/script>\n<!-- \/ Yoast SEO plugin. -->","yoast_head_json":{"title":"SAINT-PRIEST | Les \u00e9v\u00e8nements \u00e0 fin septembre - News Est Lyonnais","description":"SAINT-PRIEST | Les \u00e9v\u00e8nements \u00e0 fin septembre","robots":{"index":"index","follow":"follow","max-snippet":"max-snippet:-1","max-image-preview":"max-image-preview:large","max-video-preview":"max-video-preview:-1"},"canonical":"https:\/\/newsestlyonnais.fr\/site\/2020\/09\/06\/saint-priest-les-evenements-a-fin-septembre\/","og_locale":"fr_FR","og_type":"article","og_title":"SAINT-PRIEST | Les \u00e9v\u00e8nements \u00e0 fin septembre - News Est Lyonnais","og_description":"SAINT-PRIEST | Les \u00e9v\u00e8nements \u00e0 fin septembre","og_url":"https:\/\/newsestlyonnais.fr\/site\/2020\/09\/06\/saint-priest-les-evenements-a-fin-septembre\/","og_site_name":"News Est Lyonnais","article_author":"https:\/\/www.facebook.com\/pascal.oberson.1?fref=ts","article_published_time":"2020-09-06T09:13:47+00:00","article_modified_time":"2020-09-19T08:03:42+00:00","og_image":[{"width":1200,"height":800,"url":"https:\/\/i0.wp.com\/newsestlyonnais.fr\/site\/wp-content\/uploads\/2020\/02\/NEWSESTLYONNAIS-ST-PRIEST01.jpg?fit=1200%2C800&ssl=1","type":"image\/jpeg"}],"author":"R\u00e9dac. NEWS","twitter_card":"summary_large_image","twitter_misc":{"\u00c9crit par":"R\u00e9dac. NEWS","Dur\u00e9e de lecture estim\u00e9e":"2 minutes"},"schema":{"@context":"https:\/\/schema.org","@graph":[{"@type":"Article","@id":"https:\/\/newsestlyonnais.fr\/site\/2020\/09\/06\/saint-priest-les-evenements-a-fin-septembre\/#article","isPartOf":{"@id":"https:\/\/newsestlyonnais.fr\/site\/2020\/09\/06\/saint-priest-les-evenements-a-fin-septembre\/"},"author":{"name":"R\u00e9dac. NEWS","@id":"https:\/\/newsestlyonnais.fr\/site\/#\/schema\/person\/3230d5615f390bb808365d673001e887"},"headline":"SAINT-PRIEST | Les \u00e9v\u00e8nements \u00e0 fin septembre","datePublished":"2020-09-06T09:13:47+00:00","dateModified":"2020-09-19T08:03:42+00:00","mainEntityOfPage":{"@id":"https:\/\/newsestlyonnais.fr\/site\/2020\/09\/06\/saint-priest-les-evenements-a-fin-septembre\/"},"wordCount":492,"commentCount":0,"publisher":{"@id":"https:\/\/newsestlyonnais.fr\/site\/#organization"},"image":{"@id":"https:\/\/newsestlyonnais.fr\/site\/2020\/09\/06\/saint-priest-les-evenements-a-fin-septembre\/#primaryimage"},"thumbnailUrl":"https:\/\/newsestlyonnais.fr\/site\/wp-content\/uploads\/2020\/02\/NEWSESTLYONNAIS-ST-PRIEST01.jpg","articleSection":["Saint-Priest"],"inLanguage":"fr-FR","potentialAction":[{"@type":"CommentAction","name":"Comment","target":["https:\/\/newsestlyonnais.fr\/site\/2020\/09\/06\/saint-priest-les-evenements-a-fin-septembre\/#respond"]}]},{"@type":"WebPage","@id":"https:\/\/newsestlyonnais.fr\/site\/2020\/09\/06\/saint-priest-les-evenements-a-fin-septembre\/","url":"https:\/\/newsestlyonnais.fr\/site\/2020\/09\/06\/saint-priest-les-evenements-a-fin-septembre\/","name":"SAINT-PRIEST | Les \u00e9v\u00e8nements \u00e0 fin septembre - News Est Lyonnais","isPartOf":{"@id":"https:\/\/newsestlyonnais.fr\/site\/#website"},"primaryImageOfPage":{"@id":"https:\/\/newsestlyonnais.fr\/site\/2020\/09\/06\/saint-priest-les-evenements-a-fin-septembre\/#primaryimage"},"image":{"@id":"https:\/\/newsestlyonnais.fr\/site\/2020\/09\/06\/saint-priest-les-evenements-a-fin-septembre\/#primaryimage"},"thumbnailUrl":"https:\/\/newsestlyonnais.fr\/site\/wp-content\/uploads\/2020\/02\/NEWSESTLYONNAIS-ST-PRIEST01.jpg","datePublished":"2020-09-06T09:13:47+00:00","dateModified":"2020-09-19T08:03:42+00:00","description":"SAINT-PRIEST | Les \u00e9v\u00e8nements \u00e0 fin septembre","breadcrumb":{"@id":"https:\/\/newsestlyonnais.fr\/site\/2020\/09\/06\/saint-priest-les-evenements-a-fin-septembre\/#breadcrumb"},"inLanguage":"fr-FR","potentialAction":[{"@type":"ReadAction","target":["https:\/\/newsestlyonnais.fr\/site\/2020\/09\/06\/saint-priest-les-evenements-a-fin-septembre\/"]}]},{"@type":"ImageObject","inLanguage":"fr-FR","@id":"https:\/\/newsestlyonnais.fr\/site\/2020\/09\/06\/saint-priest-les-evenements-a-fin-septembre\/#primaryimage","url":"https:\/\/newsestlyonnais.fr\/site\/wp-content\/uploads\/2020\/02\/NEWSESTLYONNAIS-ST-PRIEST01.jpg","contentUrl":"https:\/\/newsestlyonnais.fr\/site\/wp-content\/uploads\/2020\/02\/NEWSESTLYONNAIS-ST-PRIEST01.jpg","width":1200,"height":800},{"@type":"BreadcrumbList","@id":"https:\/\/newsestlyonnais.fr\/site\/2020\/09\/06\/saint-priest-les-evenements-a-fin-septembre\/#breadcrumb","itemListElement":[{"@type":"ListItem","position":1,"name":"Accueil","item":"https:\/\/newsestlyonnais.fr\/site\/"},{"@type":"ListItem","position":2,"name":"SAINT-PRIEST | Les \u00e9v\u00e8nements \u00e0 fin septembre"}]},{"@type":"WebSite","@id":"https:\/\/newsestlyonnais.fr\/site\/#website","url":"https:\/\/newsestlyonnais.fr\/site\/","name":"News Est Lyonnais","description":"L&#039;actualit\u00e9 au plus pr\u00e8s","publisher":{"@id":"https:\/\/newsestlyonnais.fr\/site\/#organization"},"potentialAction":[{"@type":"SearchAction","target":{"@type":"EntryPoint","urlTemplate":"https:\/\/newsestlyonnais.fr\/site\/?s={search_term_string}"},"query-input":{"@type":"PropertyValueSpecification","valueRequired":true,"valueName":"search_term_string"}}],"inLanguage":"fr-FR"},{"@type":"Organization","@id":"https:\/\/newsestlyonnais.fr\/site\/#organization","name":"News EST LYONNAIS","url":"https:\/\/newsestlyonnais.fr\/site\/","logo":{"@type":"ImageObject","inLanguage":"fr-FR","@id":"https:\/\/newsestlyonnais.fr\/site\/#\/schema\/logo\/image\/","url":"","contentUrl":"","caption":"News EST LYONNAIS"},"image":{"@id":"https:\/\/newsestlyonnais.fr\/site\/#\/schema\/logo\/image\/"}},{"@type":"Person","@id":"https:\/\/newsestlyonnais.fr\/site\/#\/schema\/person\/3230d5615f390bb808365d673001e887","name":"R\u00e9dac. NEWS","sameAs":["http:\/\/www.newsestlyonnais.fr","https:\/\/www.facebook.com\/pascal.oberson.1?fref=ts","https:\/\/fr.linkedin.com\/in\/pascal-oberson-b17045113"],"url":"https:\/\/newsestlyonnais.fr\/site\/author\/nel\/"}]}},"_links":{"self":[{"href":"https:\/\/newsestlyonnais.fr\/site\/wp-json\/wp\/v2\/posts\/109333","targetHints":{"allow":["GET"]}}],"collection":[{"href":"https:\/\/newsestlyonnais.fr\/site\/wp-json\/wp\/v2\/posts"}],"about":[{"href":"https:\/\/newsestlyonnais.fr\/site\/wp-json\/wp\/v2\/types\/post"}],"author":[{"embeddable":true,"href":"https:\/\/newsestlyonnais.fr\/site\/wp-json\/wp\/v2\/users\/4"}],"replies":[{"embeddable":true,"href":"https:\/\/newsestlyonnais.fr\/site\/wp-json\/wp\/v2\/comments?post=109333"}],"version-history":[{"count":0,"href":"https:\/\/newsestlyonnais.fr\/site\/wp-json\/wp\/v2\/posts\/109333\/revisions"}],"wp:featuredmedia":[{"embeddable":true,"href":"https:\/\/newsestlyonnais.fr\/site\/wp-json\/wp\/v2\/media\/95577"}],"wp:attachment":[{"href":"https:\/\/newsestlyonnais.fr\/site\/wp-json\/wp\/v2\/media?parent=109333"}],"wp:term":[{"taxonomy":"category","embeddable":true,"href":"https:\/\/newsestlyonnais.fr\/site\/wp-json\/wp\/v2\/categories?post=109333"},{"taxonomy":"post_tag","embeddable":true,"href":"https:\/\/newsestlyonnais.fr\/site\/wp-json\/wp\/v2\/tags?post=109333"}],"curies":[{"name":"wp","href":"https:\/\/api.w.org\/{rel}","templated":true}]}}