{"id":109651,"date":"2020-09-09T07:45:12","date_gmt":"2020-09-09T06:45:12","guid":{"rendered":"http:\/\/newsestlyonnais.fr\/site\/?p=109651"},"modified":"2020-11-13T18:48:55","modified_gmt":"2020-11-13T17:48:55","slug":"genas-lactu-de-la-commune","status":"publish","type":"post","link":"https:\/\/newsestlyonnais.fr\/site\/2020\/09\/09\/genas-lactu-de-la-commune\/","title":{"rendered":"GENAS | L&rsquo;actu de la commune"},"content":{"rendered":"\n<div data-canvas-width=\"422.7878400000001\">\n<p>Des manifestations locales organis\u00e9es cette ann\u00e9e dans un contexte sanitaire sp\u00e9cial mais qui n&rsquo;a pas emp\u00each\u00e9 genassiennes et genassiens de se d\u00e9placer au Forum des associations (plus de 1.000 visiteurs enregistr\u00e9s) et de se divertir \u00e0 Azieu \u00e0 l&rsquo;occasion de la Saint-Rafletout.<\/p>\n<hr>\n<p><strong>3 inaugurations programm\u00e9es en septembre : <\/strong><\/p>\n<ul>\n<li><span style=\"text-decoration: underline;\"><strong>Le vendredi 11 septembre, \u00e0 partir de 18 h 30<\/strong><\/span> : Nouvel espace culturel \u00e0 l\u2019occasion de la pr\u00e9sentation de la saison culturelle 2020-2021. <strong>Th\u00e9\u00e2tre de Verdure, <\/strong>situ\u00e9 au sein du parc du Ch\u00e2teau de Veynes.<strong> (PHOTO A LA UNE, en cours de travaux). <\/strong>18 h 30 : accueil musical du public par l\u2019\u00c9cole de musique, 19 h 15: lancement de la soir\u00e9e par Patrick Lavi\u00e9ville (adjoint culture) puis pr\u00e9sentation de la saison culturelle, 19 h 50 : inauguration officielle du Th\u00e9\u00e2tre de Verdure par Daniel Val\u00e9ro (maire de Genas), 20 h 10 : spectacle inaugural, 21 h : vin d\u2019honneur offert par la Municipalit\u00e9.<\/li>\n<li><strong><span style=\"text-decoration: underline;\">Le samedi 19 septembre \u00e0 partir de 15 h<\/span> : P\u00f4le de loisirs de la Fraternit\u00e9. <\/strong>17 h : inauguration officielle, 17 h 30 : concert chorale d\u00e9partementale et orchestre symphonique de Lyon. 21 h : grande course lumineuse, 21 h 15 : Feu d&rsquo;artifice, 21 h 30 : Projection en plein air du film \u00ab\u00a0Invictus \u00ab\u00a0.<strong><br><\/strong><\/li>\n<li><strong><span style=\"text-decoration: underline;\">Le samedi 26 septembre \u00e0 partir de 16 h<\/span> : Espace Mus\u00e9al de Gandil: <\/strong>Nouveau visage de la Ferme de Gandil, point de d\u00e9part des Genadines et d\u00e9couverte du patrimoine agricole local.<\/li>\n<\/ul>\n<hr>\n<p><em><strong>Toute l&rsquo;ACTU de la commune sur :&nbsp; <a href=\"https:\/\/genas.fr\">https:\/\/genas.fr<\/a><\/strong><\/em><\/p>\n<hr>\n<p><strong>Retour en images sur ce dernier week-end de festivit\u00e9s<\/strong> : Forum des associations (avec notamment Billard Club et Kwon Te Zen) et St Rafletout (avec le sabodet du Comit\u00e9 des F\u00eates).<\/p>\n<\/div>\n\n\n\n<div class=\"wp-block-jetpack-tiled-gallery aligncenter is-style-rectangular\"><div class=\"tiled-gallery__gallery\"><div class=\"tiled-gallery__row\"><div class=\"tiled-gallery__col\" style=\"flex-basis:66.82316118935837%\"><figure class=\"tiled-gallery__item\"><img decoding=\"async\" alt=\"\" data-height=\"900\" data-id=\"109668\" data-link=\"https:\/\/newsestlyonnais.fr\/site\/?attachment_id=109668\" data-url=\"https:\/\/newsestlyonnais.fr\/site\/medias\/2020\/09\/P1440710.jpg\" data-width=\"1200\" src=\"https:\/\/i0.wp.com\/newsestlyonnais.fr\/site\/medias\/2020\/09\/P1440710.jpg?ssl=1\" layout=\"responsive\"\/><\/figure><\/div><div class=\"tiled-gallery__col\" style=\"flex-basis:33.17683881064162%\"><figure class=\"tiled-gallery__item\"><img decoding=\"async\" alt=\"\" data-height=\"900\" data-id=\"109669\" data-link=\"https:\/\/newsestlyonnais.fr\/site\/?attachment_id=109669\" data-url=\"https:\/\/newsestlyonnais.fr\/site\/medias\/2020\/09\/P1440711.jpg\" data-width=\"1200\" src=\"https:\/\/i0.wp.com\/newsestlyonnais.fr\/site\/medias\/2020\/09\/P1440711.jpg?ssl=1\" layout=\"responsive\"\/><\/figure><figure class=\"tiled-gallery__item\"><img decoding=\"async\" alt=\"\" data-height=\"900\" data-id=\"109670\" data-link=\"https:\/\/newsestlyonnais.fr\/site\/?attachment_id=109670\" data-url=\"https:\/\/newsestlyonnais.fr\/site\/medias\/2020\/09\/P1440708.jpg\" data-width=\"1200\" src=\"https:\/\/i1.wp.com\/newsestlyonnais.fr\/site\/medias\/2020\/09\/P1440708.jpg?ssl=1\" layout=\"responsive\"\/><\/figure><\/div><\/div><div class=\"tiled-gallery__row\"><div class=\"tiled-gallery__col\" style=\"flex-basis:50%\"><figure class=\"tiled-gallery__item\"><img decoding=\"async\" alt=\"\" data-height=\"675\" data-id=\"109666\" data-link=\"https:\/\/newsestlyonnais.fr\/site\/?attachment_id=109666\" data-url=\"https:\/\/newsestlyonnais.fr\/site\/medias\/2020\/09\/20200905_191026-1.jpg\" data-width=\"1200\" src=\"https:\/\/i2.wp.com\/newsestlyonnais.fr\/site\/medias\/2020\/09\/20200905_191026-1.jpg?ssl=1\" layout=\"responsive\"\/><\/figure><\/div><div class=\"tiled-gallery__col\" style=\"flex-basis:50%\"><figure class=\"tiled-gallery__item\"><img decoding=\"async\" alt=\"\" data-height=\"675\" data-id=\"109667\" data-link=\"https:\/\/newsestlyonnais.fr\/site\/?attachment_id=109667\" data-url=\"https:\/\/newsestlyonnais.fr\/site\/medias\/2020\/09\/20200905_184517.jpg\" data-width=\"1200\" src=\"https:\/\/i1.wp.com\/newsestlyonnais.fr\/site\/medias\/2020\/09\/20200905_184517.jpg?ssl=1\" layout=\"responsive\"\/><\/figure><\/div><\/div><\/div><\/div>\n\n\n\n<figure class=\"wp-block-gallery columns-0 is-cropped wp-block-gallery-1 is-layout-flex wp-block-gallery-is-layout-flex\"><ul class=\"blocks-gallery-grid\"><\/ul><\/figure>\n","protected":false},"excerpt":{"rendered":"<p>Apr\u00e8s un week-end de rentr\u00e9e marqu\u00e9 par le Forum des Associations et la Saint Rafletout, l&rsquo;agenda du mois est bien rempli.<\/p>\n","protected":false},"author":4,"featured_media":109659,"comment_status":"open","ping_status":"open","sticky":false,"template":"","format":"standard","meta":{"footnotes":""},"categories":[270,1598,3010],"tags":[],"class_list":["post-109651","post","type-post","status-publish","format-standard","has-post-thumbnail","hentry","category-cte-de-communes-c-c-e-l","category-genas","category-nature-environnement-culture-et-loisirs"],"yoast_head":"<!-- This site is optimized with the Yoast SEO plugin v27.2 - https:\/\/yoast.com\/product\/yoast-seo-wordpress\/ -->\n<title>GENAS | L&#039;actu de la commune - News Est Lyonnais<\/title>\n<meta name=\"description\" content=\"GENAS | L&#039;actu de la commune\" \/>\n<meta name=\"robots\" content=\"index, follow, max-snippet:-1, max-image-preview:large, max-video-preview:-1\" \/>\n<link rel=\"canonical\" href=\"https:\/\/newsestlyonnais.fr\/site\/2020\/09\/09\/genas-lactu-de-la-commune\/\" \/>\n<meta property=\"og:locale\" content=\"fr_FR\" \/>\n<meta property=\"og:type\" content=\"article\" \/>\n<meta property=\"og:title\" content=\"GENAS | L&#039;actu de la commune - News Est Lyonnais\" \/>\n<meta property=\"og:description\" content=\"GENAS | L&#039;actu de la commune\" \/>\n<meta property=\"og:url\" content=\"https:\/\/newsestlyonnais.fr\/site\/2020\/09\/09\/genas-lactu-de-la-commune\/\" \/>\n<meta property=\"og:site_name\" content=\"News Est Lyonnais\" \/>\n<meta property=\"article:author\" content=\"https:\/\/www.facebook.com\/pascal.oberson.1?fref=ts\" \/>\n<meta property=\"article:published_time\" content=\"2020-09-09T06:45:12+00:00\" \/>\n<meta property=\"article:modified_time\" content=\"2020-11-13T17:48:55+00:00\" \/>\n<meta property=\"og:image\" content=\"https:\/\/i2.wp.com\/newsestlyonnais.fr\/site\/wp-content\/uploads\/2020\/09\/P1440274.jpg?fit=1200%2C900&ssl=1\" \/>\n\t<meta property=\"og:image:width\" content=\"1200\" \/>\n\t<meta property=\"og:image:height\" content=\"900\" \/>\n\t<meta property=\"og:image:type\" content=\"image\/jpeg\" \/>\n<meta name=\"author\" content=\"R\u00e9dac. NEWS\" \/>\n<meta name=\"twitter:card\" content=\"summary_large_image\" \/>\n<meta name=\"twitter:label1\" content=\"\u00c9crit par\" \/>\n\t<meta name=\"twitter:data1\" content=\"R\u00e9dac. NEWS\" \/>\n\t<meta name=\"twitter:label2\" content=\"Dur\u00e9e de lecture estim\u00e9e\" \/>\n\t<meta name=\"twitter:data2\" content=\"1 minute\" \/>\n<script type=\"application\/ld+json\" class=\"yoast-schema-graph\">{\"@context\":\"https:\/\/schema.org\",\"@graph\":[{\"@type\":\"Article\",\"@id\":\"https:\/\/newsestlyonnais.fr\/site\/2020\/09\/09\/genas-lactu-de-la-commune\/#article\",\"isPartOf\":{\"@id\":\"https:\/\/newsestlyonnais.fr\/site\/2020\/09\/09\/genas-lactu-de-la-commune\/\"},\"author\":{\"name\":\"R\u00e9dac. NEWS\",\"@id\":\"https:\/\/newsestlyonnais.fr\/site\/#\/schema\/person\/3230d5615f390bb808365d673001e887\"},\"headline\":\"GENAS | L&rsquo;actu de la commune\",\"datePublished\":\"2020-09-09T06:45:12+00:00\",\"dateModified\":\"2020-11-13T17:48:55+00:00\",\"mainEntityOfPage\":{\"@id\":\"https:\/\/newsestlyonnais.fr\/site\/2020\/09\/09\/genas-lactu-de-la-commune\/\"},\"wordCount\":271,\"commentCount\":0,\"publisher\":{\"@id\":\"https:\/\/newsestlyonnais.fr\/site\/#organization\"},\"image\":{\"@id\":\"https:\/\/newsestlyonnais.fr\/site\/2020\/09\/09\/genas-lactu-de-la-commune\/#primaryimage\"},\"thumbnailUrl\":\"https:\/\/newsestlyonnais.fr\/site\/wp-content\/uploads\/2020\/09\/P1440274.jpg\",\"articleSection\":[\"CCEL | Communes\",\"Genas\",\"Nature | Environnement | Chasse\"],\"inLanguage\":\"fr-FR\",\"potentialAction\":[{\"@type\":\"CommentAction\",\"name\":\"Comment\",\"target\":[\"https:\/\/newsestlyonnais.fr\/site\/2020\/09\/09\/genas-lactu-de-la-commune\/#respond\"]}]},{\"@type\":\"WebPage\",\"@id\":\"https:\/\/newsestlyonnais.fr\/site\/2020\/09\/09\/genas-lactu-de-la-commune\/\",\"url\":\"https:\/\/newsestlyonnais.fr\/site\/2020\/09\/09\/genas-lactu-de-la-commune\/\",\"name\":\"GENAS | L'actu de la commune - News Est Lyonnais\",\"isPartOf\":{\"@id\":\"https:\/\/newsestlyonnais.fr\/site\/#website\"},\"primaryImageOfPage\":{\"@id\":\"https:\/\/newsestlyonnais.fr\/site\/2020\/09\/09\/genas-lactu-de-la-commune\/#primaryimage\"},\"image\":{\"@id\":\"https:\/\/newsestlyonnais.fr\/site\/2020\/09\/09\/genas-lactu-de-la-commune\/#primaryimage\"},\"thumbnailUrl\":\"https:\/\/newsestlyonnais.fr\/site\/wp-content\/uploads\/2020\/09\/P1440274.jpg\",\"datePublished\":\"2020-09-09T06:45:12+00:00\",\"dateModified\":\"2020-11-13T17:48:55+00:00\",\"description\":\"GENAS | L'actu de la commune\",\"breadcrumb\":{\"@id\":\"https:\/\/newsestlyonnais.fr\/site\/2020\/09\/09\/genas-lactu-de-la-commune\/#breadcrumb\"},\"inLanguage\":\"fr-FR\",\"potentialAction\":[{\"@type\":\"ReadAction\",\"target\":[\"https:\/\/newsestlyonnais.fr\/site\/2020\/09\/09\/genas-lactu-de-la-commune\/\"]}]},{\"@type\":\"ImageObject\",\"inLanguage\":\"fr-FR\",\"@id\":\"https:\/\/newsestlyonnais.fr\/site\/2020\/09\/09\/genas-lactu-de-la-commune\/#primaryimage\",\"url\":\"https:\/\/newsestlyonnais.fr\/site\/wp-content\/uploads\/2020\/09\/P1440274.jpg\",\"contentUrl\":\"https:\/\/newsestlyonnais.fr\/site\/wp-content\/uploads\/2020\/09\/P1440274.jpg\",\"width\":1200,\"height\":900},{\"@type\":\"BreadcrumbList\",\"@id\":\"https:\/\/newsestlyonnais.fr\/site\/2020\/09\/09\/genas-lactu-de-la-commune\/#breadcrumb\",\"itemListElement\":[{\"@type\":\"ListItem\",\"position\":1,\"name\":\"Accueil\",\"item\":\"https:\/\/newsestlyonnais.fr\/site\/\"},{\"@type\":\"ListItem\",\"position\":2,\"name\":\"GENAS | L&rsquo;actu de la commune\"}]},{\"@type\":\"WebSite\",\"@id\":\"https:\/\/newsestlyonnais.fr\/site\/#website\",\"url\":\"https:\/\/newsestlyonnais.fr\/site\/\",\"name\":\"News Est Lyonnais\",\"description\":\"L&#039;actualit\u00e9 au plus pr\u00e8s\",\"publisher\":{\"@id\":\"https:\/\/newsestlyonnais.fr\/site\/#organization\"},\"potentialAction\":[{\"@type\":\"SearchAction\",\"target\":{\"@type\":\"EntryPoint\",\"urlTemplate\":\"https:\/\/newsestlyonnais.fr\/site\/?s={search_term_string}\"},\"query-input\":{\"@type\":\"PropertyValueSpecification\",\"valueRequired\":true,\"valueName\":\"search_term_string\"}}],\"inLanguage\":\"fr-FR\"},{\"@type\":\"Organization\",\"@id\":\"https:\/\/newsestlyonnais.fr\/site\/#organization\",\"name\":\"News EST LYONNAIS\",\"url\":\"https:\/\/newsestlyonnais.fr\/site\/\",\"logo\":{\"@type\":\"ImageObject\",\"inLanguage\":\"fr-FR\",\"@id\":\"https:\/\/newsestlyonnais.fr\/site\/#\/schema\/logo\/image\/\",\"url\":\"\",\"contentUrl\":\"\",\"caption\":\"News EST LYONNAIS\"},\"image\":{\"@id\":\"https:\/\/newsestlyonnais.fr\/site\/#\/schema\/logo\/image\/\"}},{\"@type\":\"Person\",\"@id\":\"https:\/\/newsestlyonnais.fr\/site\/#\/schema\/person\/3230d5615f390bb808365d673001e887\",\"name\":\"R\u00e9dac. NEWS\",\"sameAs\":[\"http:\/\/www.newsestlyonnais.fr\",\"https:\/\/www.facebook.com\/pascal.oberson.1?fref=ts\",\"https:\/\/fr.linkedin.com\/in\/pascal-oberson-b17045113\"],\"url\":\"https:\/\/newsestlyonnais.fr\/site\/author\/nel\/\"}]}<\/script>\n<!-- \/ Yoast SEO plugin. -->","yoast_head_json":{"title":"GENAS | L'actu de la commune - News Est Lyonnais","description":"GENAS | L'actu de la commune","robots":{"index":"index","follow":"follow","max-snippet":"max-snippet:-1","max-image-preview":"max-image-preview:large","max-video-preview":"max-video-preview:-1"},"canonical":"https:\/\/newsestlyonnais.fr\/site\/2020\/09\/09\/genas-lactu-de-la-commune\/","og_locale":"fr_FR","og_type":"article","og_title":"GENAS | L'actu de la commune - News Est Lyonnais","og_description":"GENAS | L'actu de la commune","og_url":"https:\/\/newsestlyonnais.fr\/site\/2020\/09\/09\/genas-lactu-de-la-commune\/","og_site_name":"News Est Lyonnais","article_author":"https:\/\/www.facebook.com\/pascal.oberson.1?fref=ts","article_published_time":"2020-09-09T06:45:12+00:00","article_modified_time":"2020-11-13T17:48:55+00:00","og_image":[{"width":1200,"height":900,"url":"https:\/\/i2.wp.com\/newsestlyonnais.fr\/site\/wp-content\/uploads\/2020\/09\/P1440274.jpg?fit=1200%2C900&ssl=1","type":"image\/jpeg"}],"author":"R\u00e9dac. NEWS","twitter_card":"summary_large_image","twitter_misc":{"\u00c9crit par":"R\u00e9dac. NEWS","Dur\u00e9e de lecture estim\u00e9e":"1 minute"},"schema":{"@context":"https:\/\/schema.org","@graph":[{"@type":"Article","@id":"https:\/\/newsestlyonnais.fr\/site\/2020\/09\/09\/genas-lactu-de-la-commune\/#article","isPartOf":{"@id":"https:\/\/newsestlyonnais.fr\/site\/2020\/09\/09\/genas-lactu-de-la-commune\/"},"author":{"name":"R\u00e9dac. NEWS","@id":"https:\/\/newsestlyonnais.fr\/site\/#\/schema\/person\/3230d5615f390bb808365d673001e887"},"headline":"GENAS | L&rsquo;actu de la commune","datePublished":"2020-09-09T06:45:12+00:00","dateModified":"2020-11-13T17:48:55+00:00","mainEntityOfPage":{"@id":"https:\/\/newsestlyonnais.fr\/site\/2020\/09\/09\/genas-lactu-de-la-commune\/"},"wordCount":271,"commentCount":0,"publisher":{"@id":"https:\/\/newsestlyonnais.fr\/site\/#organization"},"image":{"@id":"https:\/\/newsestlyonnais.fr\/site\/2020\/09\/09\/genas-lactu-de-la-commune\/#primaryimage"},"thumbnailUrl":"https:\/\/newsestlyonnais.fr\/site\/wp-content\/uploads\/2020\/09\/P1440274.jpg","articleSection":["CCEL | Communes","Genas","Nature | Environnement | Chasse"],"inLanguage":"fr-FR","potentialAction":[{"@type":"CommentAction","name":"Comment","target":["https:\/\/newsestlyonnais.fr\/site\/2020\/09\/09\/genas-lactu-de-la-commune\/#respond"]}]},{"@type":"WebPage","@id":"https:\/\/newsestlyonnais.fr\/site\/2020\/09\/09\/genas-lactu-de-la-commune\/","url":"https:\/\/newsestlyonnais.fr\/site\/2020\/09\/09\/genas-lactu-de-la-commune\/","name":"GENAS | L'actu de la commune - News Est Lyonnais","isPartOf":{"@id":"https:\/\/newsestlyonnais.fr\/site\/#website"},"primaryImageOfPage":{"@id":"https:\/\/newsestlyonnais.fr\/site\/2020\/09\/09\/genas-lactu-de-la-commune\/#primaryimage"},"image":{"@id":"https:\/\/newsestlyonnais.fr\/site\/2020\/09\/09\/genas-lactu-de-la-commune\/#primaryimage"},"thumbnailUrl":"https:\/\/newsestlyonnais.fr\/site\/wp-content\/uploads\/2020\/09\/P1440274.jpg","datePublished":"2020-09-09T06:45:12+00:00","dateModified":"2020-11-13T17:48:55+00:00","description":"GENAS | L'actu de la commune","breadcrumb":{"@id":"https:\/\/newsestlyonnais.fr\/site\/2020\/09\/09\/genas-lactu-de-la-commune\/#breadcrumb"},"inLanguage":"fr-FR","potentialAction":[{"@type":"ReadAction","target":["https:\/\/newsestlyonnais.fr\/site\/2020\/09\/09\/genas-lactu-de-la-commune\/"]}]},{"@type":"ImageObject","inLanguage":"fr-FR","@id":"https:\/\/newsestlyonnais.fr\/site\/2020\/09\/09\/genas-lactu-de-la-commune\/#primaryimage","url":"https:\/\/newsestlyonnais.fr\/site\/wp-content\/uploads\/2020\/09\/P1440274.jpg","contentUrl":"https:\/\/newsestlyonnais.fr\/site\/wp-content\/uploads\/2020\/09\/P1440274.jpg","width":1200,"height":900},{"@type":"BreadcrumbList","@id":"https:\/\/newsestlyonnais.fr\/site\/2020\/09\/09\/genas-lactu-de-la-commune\/#breadcrumb","itemListElement":[{"@type":"ListItem","position":1,"name":"Accueil","item":"https:\/\/newsestlyonnais.fr\/site\/"},{"@type":"ListItem","position":2,"name":"GENAS | L&rsquo;actu de la commune"}]},{"@type":"WebSite","@id":"https:\/\/newsestlyonnais.fr\/site\/#website","url":"https:\/\/newsestlyonnais.fr\/site\/","name":"News Est Lyonnais","description":"L&#039;actualit\u00e9 au plus pr\u00e8s","publisher":{"@id":"https:\/\/newsestlyonnais.fr\/site\/#organization"},"potentialAction":[{"@type":"SearchAction","target":{"@type":"EntryPoint","urlTemplate":"https:\/\/newsestlyonnais.fr\/site\/?s={search_term_string}"},"query-input":{"@type":"PropertyValueSpecification","valueRequired":true,"valueName":"search_term_string"}}],"inLanguage":"fr-FR"},{"@type":"Organization","@id":"https:\/\/newsestlyonnais.fr\/site\/#organization","name":"News EST LYONNAIS","url":"https:\/\/newsestlyonnais.fr\/site\/","logo":{"@type":"ImageObject","inLanguage":"fr-FR","@id":"https:\/\/newsestlyonnais.fr\/site\/#\/schema\/logo\/image\/","url":"","contentUrl":"","caption":"News EST LYONNAIS"},"image":{"@id":"https:\/\/newsestlyonnais.fr\/site\/#\/schema\/logo\/image\/"}},{"@type":"Person","@id":"https:\/\/newsestlyonnais.fr\/site\/#\/schema\/person\/3230d5615f390bb808365d673001e887","name":"R\u00e9dac. NEWS","sameAs":["http:\/\/www.newsestlyonnais.fr","https:\/\/www.facebook.com\/pascal.oberson.1?fref=ts","https:\/\/fr.linkedin.com\/in\/pascal-oberson-b17045113"],"url":"https:\/\/newsestlyonnais.fr\/site\/author\/nel\/"}]}},"_links":{"self":[{"href":"https:\/\/newsestlyonnais.fr\/site\/wp-json\/wp\/v2\/posts\/109651","targetHints":{"allow":["GET"]}}],"collection":[{"href":"https:\/\/newsestlyonnais.fr\/site\/wp-json\/wp\/v2\/posts"}],"about":[{"href":"https:\/\/newsestlyonnais.fr\/site\/wp-json\/wp\/v2\/types\/post"}],"author":[{"embeddable":true,"href":"https:\/\/newsestlyonnais.fr\/site\/wp-json\/wp\/v2\/users\/4"}],"replies":[{"embeddable":true,"href":"https:\/\/newsestlyonnais.fr\/site\/wp-json\/wp\/v2\/comments?post=109651"}],"version-history":[{"count":0,"href":"https:\/\/newsestlyonnais.fr\/site\/wp-json\/wp\/v2\/posts\/109651\/revisions"}],"wp:featuredmedia":[{"embeddable":true,"href":"https:\/\/newsestlyonnais.fr\/site\/wp-json\/wp\/v2\/media\/109659"}],"wp:attachment":[{"href":"https:\/\/newsestlyonnais.fr\/site\/wp-json\/wp\/v2\/media?parent=109651"}],"wp:term":[{"taxonomy":"category","embeddable":true,"href":"https:\/\/newsestlyonnais.fr\/site\/wp-json\/wp\/v2\/categories?post=109651"},{"taxonomy":"post_tag","embeddable":true,"href":"https:\/\/newsestlyonnais.fr\/site\/wp-json\/wp\/v2\/tags?post=109651"}],"curies":[{"name":"wp","href":"https:\/\/api.w.org\/{rel}","templated":true}]}}