{"id":110102,"date":"2020-09-15T08:00:31","date_gmt":"2020-09-15T07:00:31","guid":{"rendered":"http:\/\/newsestlyonnais.fr\/site\/?p=110102"},"modified":"2020-09-22T18:44:08","modified_gmt":"2020-09-22T17:44:08","slug":"journees-patrimoine-le-sytral-devoile-lenvers-du-decor-du-reseau-tcl","status":"publish","type":"post","link":"https:\/\/newsestlyonnais.fr\/site\/2020\/09\/15\/journees-patrimoine-le-sytral-devoile-lenvers-du-decor-du-reseau-tcl\/","title":{"rendered":"Journ\u00e9es Patrimoine > le Sytral d\u00e9voile l&rsquo;envers du d\u00e9cor du r\u00e9seau TCL"},"content":{"rendered":"<p>Le SYTRAL est propri\u00e9taire d\u2019un patrimoine de 5 milliards d\u2019euros notamment compos\u00e9 des stations, tunnels, d\u00e9p\u00f4ts, bureaux et du mat\u00e9riel roulant du r\u00e9seau TCL.<\/p>\n<p><strong>Comme chaque ann\u00e9e, 3 sites vont ouvrir leurs portes aux visiteurs<\/strong> qui pourront d\u00e9couvrir l\u2019envers du d\u00e9cor et \u00e9changer avec ceux qui assurent au quotidien, l\u2019exploitation, la maintenance et l\u2019entretien du mat\u00e9riel et du patrimoine.<\/p>\n<p><strong>Les ateliers de maintenance des lignes de m\u00e9tro A et B, qui accueilleront les 30 rames nouvelle g\u00e9n\u00e9ration\u00a0 en circulation d\u00e9but 2021 sur la ligne B, seront mis \u00e0 l\u2019honneur.<\/strong><br \/>\nLes visiteurs pourront d\u00e9couvrir l\u2019atelier de maintenance et apprendre les secrets de la conduite d\u2019un m\u00e9tro.<\/p>\n<p>Le SYTRAL propose \u00e9galement de faire d\u00e9couvrir l\u2019atelier de maintenance du m\u00e9tro \u00e0 cr\u00e9maill\u00e8re de la ligne C dont les 5 rames font actuellement l\u2019objet d\u2019une op\u00e9ration de grande inspection. Cette visite sera l\u2019occasion de d\u00e9couvrir les particularit\u00e9s de cette ligne unique en Europe, dont la conception, l\u2019histoire et la technique utilis\u00e9e pour son exploitation en font une singularit\u00e9 du m\u00e9tro de l\u2019agglom\u00e9ration lyonnaise.Enfin, le centre de maintenance des bus de Perrache ouvrira exceptionnellement ses portes. L\u2019occasion de d\u00e9couvrir ce nouveau b\u00e2timent moderne et respectueux de l\u2019environnement de 20000 m\u00b2situ\u00e9 en plein c\u0153ur de la ville. Ce nouveau centre qui a permis de moderniser les conditions de maintenance et d&rsquo;entretien des v\u00e9hicules, a \u00e9t\u00e9 con\u00e7u pour anticiper les \u00e9volutions du parc bus dont les technologies vont se diversifier dans les mois et les ann\u00e9es \u00e0 venir.Les visiteurs pourront d\u00e9couvrir l\u2019organisation de l\u2019unit\u00e9, l\u2019exploitation des bus ainsi que leur entretien et les sp\u00e9cificit\u00e9s des nouvelles technologies.<\/p>\n<hr \/>\n<p><strong>Les visites guid\u00e9es ont lieu le matin (entre 10 h et 12 h) et l\u2019apr\u00e8s-midi (entre 14 h et 17 h)\u00a0 les samedi 19 et dimanche 20 septembre 2020. <\/strong><\/p>\n<p><strong>La visite de chaque site durera environ une heure.<\/strong> Pour des raisons d\u2019organisation, les inscriptions sont obligatoires aupr\u00e8s d\u2019ALL\u00d4 TCL (T\u00e9l 04 26 10 12 12), du 17 ao\u00fbt au 14 septembre inclus.<\/p>\n<hr \/>\n<p><strong>Les sites :<\/strong><\/p>\n<ul>\n<li><strong>Les ateliers de maintenance du m\u00e9tro<\/strong> \u2013<strong>lignes A et B <\/strong>(41 rue de la Poudrette \u00e0 Vaulx-en-Velin). Acc\u00e8s : m\u00e9tro ligne A et tramway ligne T3 \u2013station Vaulx-en-Velin La Soie.<\/li>\n<li><strong>Le m\u00e9tro C cr\u00e9maill\u00e8re<\/strong> (75 boulevard des Canuts \u00e0 Lyon 4\u00b0). Acc\u00e8s: m\u00e9tro ligne C \u2013station H\u00e9non.<\/li>\n<li><strong>Le nouveau centre de maintenance bus de Perrache <\/strong>(2-4 cours Suchet \u00e0 Lyon 2\u00b0). Acc\u00e8s: m\u00e9tro ligne A et T2 -station Perrache\/ T1\u2013station Place des Archives.<\/li>\n<\/ul>\n<hr \/>\n<p><em><strong>PHOTO A LA UNE \/ Droits r\u00e9serv\u00e9s SYTRAL.<\/strong><\/em><\/p>\n","protected":false},"excerpt":{"rendered":"<p>A l\u2019occasion de la 37\u00b0 \u00e9dition de ces journ\u00e9es, le SYTRAL l\u00e8ve le voile sur les coulisses du r\u00e9seau de transports.<\/p>\n","protected":false},"author":4,"featured_media":110104,"comment_status":"open","ping_status":"open","sticky":false,"template":"","format":"standard","meta":{"footnotes":""},"categories":[1625,13,28],"tags":[],"class_list":["post-110102","post","type-post","status-publish","format-standard","has-post-thumbnail","hentry","category-lyon","category-transports-circulation","category-vaulx-en-velin"],"yoast_head":"<!-- This site is optimized with the Yoast SEO plugin v27.2 - https:\/\/yoast.com\/product\/yoast-seo-wordpress\/ -->\n<title>Journ\u00e9es Patrimoine &gt; le Sytral d\u00e9voile l&#039;envers du d\u00e9cor du r\u00e9seau TCL - News Est Lyonnais<\/title>\n<meta name=\"description\" content=\"Journ\u00e9es Europ\u00e9ennes du Patrimoine &gt; le Sytral d\u00e9voile l&#039;envers du d\u00e9cor du r\u00e9seau TCL\" \/>\n<meta name=\"robots\" content=\"index, follow, max-snippet:-1, max-image-preview:large, max-video-preview:-1\" \/>\n<link rel=\"canonical\" href=\"https:\/\/newsestlyonnais.fr\/site\/2020\/09\/15\/journees-patrimoine-le-sytral-devoile-lenvers-du-decor-du-reseau-tcl\/\" \/>\n<meta property=\"og:locale\" content=\"fr_FR\" \/>\n<meta property=\"og:type\" content=\"article\" \/>\n<meta property=\"og:title\" content=\"Journ\u00e9es Patrimoine &gt; le Sytral d\u00e9voile l&#039;envers du d\u00e9cor du r\u00e9seau TCL - News Est Lyonnais\" \/>\n<meta property=\"og:description\" content=\"Journ\u00e9es Europ\u00e9ennes du Patrimoine &gt; le Sytral d\u00e9voile l&#039;envers du d\u00e9cor du r\u00e9seau TCL\" \/>\n<meta property=\"og:url\" content=\"https:\/\/newsestlyonnais.fr\/site\/2020\/09\/15\/journees-patrimoine-le-sytral-devoile-lenvers-du-decor-du-reseau-tcl\/\" \/>\n<meta property=\"og:site_name\" content=\"News Est Lyonnais\" \/>\n<meta property=\"article:author\" content=\"https:\/\/www.facebook.com\/pascal.oberson.1?fref=ts\" \/>\n<meta property=\"article:published_time\" content=\"2020-09-15T07:00:31+00:00\" \/>\n<meta property=\"article:modified_time\" content=\"2020-09-22T17:44:08+00:00\" \/>\n<meta property=\"og:image\" content=\"https:\/\/i1.wp.com\/newsestlyonnais.fr\/site\/wp-content\/uploads\/2020\/09\/TCL-PATRIMOINE-SEPT-2020.jpg?fit=785%2C377&ssl=1\" \/>\n\t<meta property=\"og:image:width\" content=\"785\" \/>\n\t<meta property=\"og:image:height\" content=\"377\" \/>\n\t<meta property=\"og:image:type\" content=\"image\/jpeg\" \/>\n<meta name=\"author\" content=\"R\u00e9dac. NEWS\" \/>\n<meta name=\"twitter:card\" content=\"summary_large_image\" \/>\n<meta name=\"twitter:label1\" content=\"\u00c9crit par\" \/>\n\t<meta name=\"twitter:data1\" content=\"R\u00e9dac. NEWS\" \/>\n\t<meta name=\"twitter:label2\" content=\"Dur\u00e9e de lecture estim\u00e9e\" \/>\n\t<meta name=\"twitter:data2\" content=\"2 minutes\" \/>\n<script type=\"application\/ld+json\" class=\"yoast-schema-graph\">{\"@context\":\"https:\/\/schema.org\",\"@graph\":[{\"@type\":\"Article\",\"@id\":\"https:\/\/newsestlyonnais.fr\/site\/2020\/09\/15\/journees-patrimoine-le-sytral-devoile-lenvers-du-decor-du-reseau-tcl\/#article\",\"isPartOf\":{\"@id\":\"https:\/\/newsestlyonnais.fr\/site\/2020\/09\/15\/journees-patrimoine-le-sytral-devoile-lenvers-du-decor-du-reseau-tcl\/\"},\"author\":{\"name\":\"R\u00e9dac. NEWS\",\"@id\":\"https:\/\/newsestlyonnais.fr\/site\/#\/schema\/person\/3230d5615f390bb808365d673001e887\"},\"headline\":\"Journ\u00e9es Patrimoine > le Sytral d\u00e9voile l&rsquo;envers du d\u00e9cor du r\u00e9seau TCL\",\"datePublished\":\"2020-09-15T07:00:31+00:00\",\"dateModified\":\"2020-09-22T17:44:08+00:00\",\"mainEntityOfPage\":{\"@id\":\"https:\/\/newsestlyonnais.fr\/site\/2020\/09\/15\/journees-patrimoine-le-sytral-devoile-lenvers-du-decor-du-reseau-tcl\/\"},\"wordCount\":468,\"commentCount\":0,\"publisher\":{\"@id\":\"https:\/\/newsestlyonnais.fr\/site\/#organization\"},\"image\":{\"@id\":\"https:\/\/newsestlyonnais.fr\/site\/2020\/09\/15\/journees-patrimoine-le-sytral-devoile-lenvers-du-decor-du-reseau-tcl\/#primaryimage\"},\"thumbnailUrl\":\"https:\/\/newsestlyonnais.fr\/site\/wp-content\/uploads\/2020\/09\/TCL-PATRIMOINE-SEPT-2020.jpg\",\"articleSection\":[\"Lyon\",\"Transports | Circulation\",\"Vaulx-en-Velin\"],\"inLanguage\":\"fr-FR\",\"potentialAction\":[{\"@type\":\"CommentAction\",\"name\":\"Comment\",\"target\":[\"https:\/\/newsestlyonnais.fr\/site\/2020\/09\/15\/journees-patrimoine-le-sytral-devoile-lenvers-du-decor-du-reseau-tcl\/#respond\"]}]},{\"@type\":\"WebPage\",\"@id\":\"https:\/\/newsestlyonnais.fr\/site\/2020\/09\/15\/journees-patrimoine-le-sytral-devoile-lenvers-du-decor-du-reseau-tcl\/\",\"url\":\"https:\/\/newsestlyonnais.fr\/site\/2020\/09\/15\/journees-patrimoine-le-sytral-devoile-lenvers-du-decor-du-reseau-tcl\/\",\"name\":\"Journ\u00e9es Patrimoine > le Sytral d\u00e9voile l'envers du d\u00e9cor du r\u00e9seau TCL - News Est Lyonnais\",\"isPartOf\":{\"@id\":\"https:\/\/newsestlyonnais.fr\/site\/#website\"},\"primaryImageOfPage\":{\"@id\":\"https:\/\/newsestlyonnais.fr\/site\/2020\/09\/15\/journees-patrimoine-le-sytral-devoile-lenvers-du-decor-du-reseau-tcl\/#primaryimage\"},\"image\":{\"@id\":\"https:\/\/newsestlyonnais.fr\/site\/2020\/09\/15\/journees-patrimoine-le-sytral-devoile-lenvers-du-decor-du-reseau-tcl\/#primaryimage\"},\"thumbnailUrl\":\"https:\/\/newsestlyonnais.fr\/site\/wp-content\/uploads\/2020\/09\/TCL-PATRIMOINE-SEPT-2020.jpg\",\"datePublished\":\"2020-09-15T07:00:31+00:00\",\"dateModified\":\"2020-09-22T17:44:08+00:00\",\"description\":\"Journ\u00e9es Europ\u00e9ennes du Patrimoine > le Sytral d\u00e9voile l'envers du d\u00e9cor du r\u00e9seau TCL\",\"breadcrumb\":{\"@id\":\"https:\/\/newsestlyonnais.fr\/site\/2020\/09\/15\/journees-patrimoine-le-sytral-devoile-lenvers-du-decor-du-reseau-tcl\/#breadcrumb\"},\"inLanguage\":\"fr-FR\",\"potentialAction\":[{\"@type\":\"ReadAction\",\"target\":[\"https:\/\/newsestlyonnais.fr\/site\/2020\/09\/15\/journees-patrimoine-le-sytral-devoile-lenvers-du-decor-du-reseau-tcl\/\"]}]},{\"@type\":\"ImageObject\",\"inLanguage\":\"fr-FR\",\"@id\":\"https:\/\/newsestlyonnais.fr\/site\/2020\/09\/15\/journees-patrimoine-le-sytral-devoile-lenvers-du-decor-du-reseau-tcl\/#primaryimage\",\"url\":\"https:\/\/newsestlyonnais.fr\/site\/wp-content\/uploads\/2020\/09\/TCL-PATRIMOINE-SEPT-2020.jpg\",\"contentUrl\":\"https:\/\/newsestlyonnais.fr\/site\/wp-content\/uploads\/2020\/09\/TCL-PATRIMOINE-SEPT-2020.jpg\",\"width\":785,\"height\":377},{\"@type\":\"BreadcrumbList\",\"@id\":\"https:\/\/newsestlyonnais.fr\/site\/2020\/09\/15\/journees-patrimoine-le-sytral-devoile-lenvers-du-decor-du-reseau-tcl\/#breadcrumb\",\"itemListElement\":[{\"@type\":\"ListItem\",\"position\":1,\"name\":\"Accueil\",\"item\":\"https:\/\/newsestlyonnais.fr\/site\/\"},{\"@type\":\"ListItem\",\"position\":2,\"name\":\"Journ\u00e9es Patrimoine > le Sytral d\u00e9voile l&rsquo;envers du d\u00e9cor du r\u00e9seau TCL\"}]},{\"@type\":\"WebSite\",\"@id\":\"https:\/\/newsestlyonnais.fr\/site\/#website\",\"url\":\"https:\/\/newsestlyonnais.fr\/site\/\",\"name\":\"News Est Lyonnais\",\"description\":\"L&#039;actualit\u00e9 au plus pr\u00e8s\",\"publisher\":{\"@id\":\"https:\/\/newsestlyonnais.fr\/site\/#organization\"},\"potentialAction\":[{\"@type\":\"SearchAction\",\"target\":{\"@type\":\"EntryPoint\",\"urlTemplate\":\"https:\/\/newsestlyonnais.fr\/site\/?s={search_term_string}\"},\"query-input\":{\"@type\":\"PropertyValueSpecification\",\"valueRequired\":true,\"valueName\":\"search_term_string\"}}],\"inLanguage\":\"fr-FR\"},{\"@type\":\"Organization\",\"@id\":\"https:\/\/newsestlyonnais.fr\/site\/#organization\",\"name\":\"News EST LYONNAIS\",\"url\":\"https:\/\/newsestlyonnais.fr\/site\/\",\"logo\":{\"@type\":\"ImageObject\",\"inLanguage\":\"fr-FR\",\"@id\":\"https:\/\/newsestlyonnais.fr\/site\/#\/schema\/logo\/image\/\",\"url\":\"\",\"contentUrl\":\"\",\"caption\":\"News EST LYONNAIS\"},\"image\":{\"@id\":\"https:\/\/newsestlyonnais.fr\/site\/#\/schema\/logo\/image\/\"}},{\"@type\":\"Person\",\"@id\":\"https:\/\/newsestlyonnais.fr\/site\/#\/schema\/person\/3230d5615f390bb808365d673001e887\",\"name\":\"R\u00e9dac. NEWS\",\"sameAs\":[\"http:\/\/www.newsestlyonnais.fr\",\"https:\/\/www.facebook.com\/pascal.oberson.1?fref=ts\",\"https:\/\/fr.linkedin.com\/in\/pascal-oberson-b17045113\"],\"url\":\"https:\/\/newsestlyonnais.fr\/site\/author\/nel\/\"}]}<\/script>\n<!-- \/ Yoast SEO plugin. -->","yoast_head_json":{"title":"Journ\u00e9es Patrimoine > le Sytral d\u00e9voile l'envers du d\u00e9cor du r\u00e9seau TCL - News Est Lyonnais","description":"Journ\u00e9es Europ\u00e9ennes du Patrimoine > le Sytral d\u00e9voile l'envers du d\u00e9cor du r\u00e9seau TCL","robots":{"index":"index","follow":"follow","max-snippet":"max-snippet:-1","max-image-preview":"max-image-preview:large","max-video-preview":"max-video-preview:-1"},"canonical":"https:\/\/newsestlyonnais.fr\/site\/2020\/09\/15\/journees-patrimoine-le-sytral-devoile-lenvers-du-decor-du-reseau-tcl\/","og_locale":"fr_FR","og_type":"article","og_title":"Journ\u00e9es Patrimoine > le Sytral d\u00e9voile l'envers du d\u00e9cor du r\u00e9seau TCL - News Est Lyonnais","og_description":"Journ\u00e9es Europ\u00e9ennes du Patrimoine > le Sytral d\u00e9voile l'envers du d\u00e9cor du r\u00e9seau TCL","og_url":"https:\/\/newsestlyonnais.fr\/site\/2020\/09\/15\/journees-patrimoine-le-sytral-devoile-lenvers-du-decor-du-reseau-tcl\/","og_site_name":"News Est Lyonnais","article_author":"https:\/\/www.facebook.com\/pascal.oberson.1?fref=ts","article_published_time":"2020-09-15T07:00:31+00:00","article_modified_time":"2020-09-22T17:44:08+00:00","og_image":[{"width":785,"height":377,"url":"https:\/\/i1.wp.com\/newsestlyonnais.fr\/site\/wp-content\/uploads\/2020\/09\/TCL-PATRIMOINE-SEPT-2020.jpg?fit=785%2C377&ssl=1","type":"image\/jpeg"}],"author":"R\u00e9dac. NEWS","twitter_card":"summary_large_image","twitter_misc":{"\u00c9crit par":"R\u00e9dac. NEWS","Dur\u00e9e de lecture estim\u00e9e":"2 minutes"},"schema":{"@context":"https:\/\/schema.org","@graph":[{"@type":"Article","@id":"https:\/\/newsestlyonnais.fr\/site\/2020\/09\/15\/journees-patrimoine-le-sytral-devoile-lenvers-du-decor-du-reseau-tcl\/#article","isPartOf":{"@id":"https:\/\/newsestlyonnais.fr\/site\/2020\/09\/15\/journees-patrimoine-le-sytral-devoile-lenvers-du-decor-du-reseau-tcl\/"},"author":{"name":"R\u00e9dac. NEWS","@id":"https:\/\/newsestlyonnais.fr\/site\/#\/schema\/person\/3230d5615f390bb808365d673001e887"},"headline":"Journ\u00e9es Patrimoine > le Sytral d\u00e9voile l&rsquo;envers du d\u00e9cor du r\u00e9seau TCL","datePublished":"2020-09-15T07:00:31+00:00","dateModified":"2020-09-22T17:44:08+00:00","mainEntityOfPage":{"@id":"https:\/\/newsestlyonnais.fr\/site\/2020\/09\/15\/journees-patrimoine-le-sytral-devoile-lenvers-du-decor-du-reseau-tcl\/"},"wordCount":468,"commentCount":0,"publisher":{"@id":"https:\/\/newsestlyonnais.fr\/site\/#organization"},"image":{"@id":"https:\/\/newsestlyonnais.fr\/site\/2020\/09\/15\/journees-patrimoine-le-sytral-devoile-lenvers-du-decor-du-reseau-tcl\/#primaryimage"},"thumbnailUrl":"https:\/\/newsestlyonnais.fr\/site\/wp-content\/uploads\/2020\/09\/TCL-PATRIMOINE-SEPT-2020.jpg","articleSection":["Lyon","Transports | Circulation","Vaulx-en-Velin"],"inLanguage":"fr-FR","potentialAction":[{"@type":"CommentAction","name":"Comment","target":["https:\/\/newsestlyonnais.fr\/site\/2020\/09\/15\/journees-patrimoine-le-sytral-devoile-lenvers-du-decor-du-reseau-tcl\/#respond"]}]},{"@type":"WebPage","@id":"https:\/\/newsestlyonnais.fr\/site\/2020\/09\/15\/journees-patrimoine-le-sytral-devoile-lenvers-du-decor-du-reseau-tcl\/","url":"https:\/\/newsestlyonnais.fr\/site\/2020\/09\/15\/journees-patrimoine-le-sytral-devoile-lenvers-du-decor-du-reseau-tcl\/","name":"Journ\u00e9es Patrimoine > le Sytral d\u00e9voile l'envers du d\u00e9cor du r\u00e9seau TCL - News Est Lyonnais","isPartOf":{"@id":"https:\/\/newsestlyonnais.fr\/site\/#website"},"primaryImageOfPage":{"@id":"https:\/\/newsestlyonnais.fr\/site\/2020\/09\/15\/journees-patrimoine-le-sytral-devoile-lenvers-du-decor-du-reseau-tcl\/#primaryimage"},"image":{"@id":"https:\/\/newsestlyonnais.fr\/site\/2020\/09\/15\/journees-patrimoine-le-sytral-devoile-lenvers-du-decor-du-reseau-tcl\/#primaryimage"},"thumbnailUrl":"https:\/\/newsestlyonnais.fr\/site\/wp-content\/uploads\/2020\/09\/TCL-PATRIMOINE-SEPT-2020.jpg","datePublished":"2020-09-15T07:00:31+00:00","dateModified":"2020-09-22T17:44:08+00:00","description":"Journ\u00e9es Europ\u00e9ennes du Patrimoine > le Sytral d\u00e9voile l'envers du d\u00e9cor du r\u00e9seau TCL","breadcrumb":{"@id":"https:\/\/newsestlyonnais.fr\/site\/2020\/09\/15\/journees-patrimoine-le-sytral-devoile-lenvers-du-decor-du-reseau-tcl\/#breadcrumb"},"inLanguage":"fr-FR","potentialAction":[{"@type":"ReadAction","target":["https:\/\/newsestlyonnais.fr\/site\/2020\/09\/15\/journees-patrimoine-le-sytral-devoile-lenvers-du-decor-du-reseau-tcl\/"]}]},{"@type":"ImageObject","inLanguage":"fr-FR","@id":"https:\/\/newsestlyonnais.fr\/site\/2020\/09\/15\/journees-patrimoine-le-sytral-devoile-lenvers-du-decor-du-reseau-tcl\/#primaryimage","url":"https:\/\/newsestlyonnais.fr\/site\/wp-content\/uploads\/2020\/09\/TCL-PATRIMOINE-SEPT-2020.jpg","contentUrl":"https:\/\/newsestlyonnais.fr\/site\/wp-content\/uploads\/2020\/09\/TCL-PATRIMOINE-SEPT-2020.jpg","width":785,"height":377},{"@type":"BreadcrumbList","@id":"https:\/\/newsestlyonnais.fr\/site\/2020\/09\/15\/journees-patrimoine-le-sytral-devoile-lenvers-du-decor-du-reseau-tcl\/#breadcrumb","itemListElement":[{"@type":"ListItem","position":1,"name":"Accueil","item":"https:\/\/newsestlyonnais.fr\/site\/"},{"@type":"ListItem","position":2,"name":"Journ\u00e9es Patrimoine > le Sytral d\u00e9voile l&rsquo;envers du d\u00e9cor du r\u00e9seau TCL"}]},{"@type":"WebSite","@id":"https:\/\/newsestlyonnais.fr\/site\/#website","url":"https:\/\/newsestlyonnais.fr\/site\/","name":"News Est Lyonnais","description":"L&#039;actualit\u00e9 au plus pr\u00e8s","publisher":{"@id":"https:\/\/newsestlyonnais.fr\/site\/#organization"},"potentialAction":[{"@type":"SearchAction","target":{"@type":"EntryPoint","urlTemplate":"https:\/\/newsestlyonnais.fr\/site\/?s={search_term_string}"},"query-input":{"@type":"PropertyValueSpecification","valueRequired":true,"valueName":"search_term_string"}}],"inLanguage":"fr-FR"},{"@type":"Organization","@id":"https:\/\/newsestlyonnais.fr\/site\/#organization","name":"News EST LYONNAIS","url":"https:\/\/newsestlyonnais.fr\/site\/","logo":{"@type":"ImageObject","inLanguage":"fr-FR","@id":"https:\/\/newsestlyonnais.fr\/site\/#\/schema\/logo\/image\/","url":"","contentUrl":"","caption":"News EST LYONNAIS"},"image":{"@id":"https:\/\/newsestlyonnais.fr\/site\/#\/schema\/logo\/image\/"}},{"@type":"Person","@id":"https:\/\/newsestlyonnais.fr\/site\/#\/schema\/person\/3230d5615f390bb808365d673001e887","name":"R\u00e9dac. NEWS","sameAs":["http:\/\/www.newsestlyonnais.fr","https:\/\/www.facebook.com\/pascal.oberson.1?fref=ts","https:\/\/fr.linkedin.com\/in\/pascal-oberson-b17045113"],"url":"https:\/\/newsestlyonnais.fr\/site\/author\/nel\/"}]}},"_links":{"self":[{"href":"https:\/\/newsestlyonnais.fr\/site\/wp-json\/wp\/v2\/posts\/110102","targetHints":{"allow":["GET"]}}],"collection":[{"href":"https:\/\/newsestlyonnais.fr\/site\/wp-json\/wp\/v2\/posts"}],"about":[{"href":"https:\/\/newsestlyonnais.fr\/site\/wp-json\/wp\/v2\/types\/post"}],"author":[{"embeddable":true,"href":"https:\/\/newsestlyonnais.fr\/site\/wp-json\/wp\/v2\/users\/4"}],"replies":[{"embeddable":true,"href":"https:\/\/newsestlyonnais.fr\/site\/wp-json\/wp\/v2\/comments?post=110102"}],"version-history":[{"count":0,"href":"https:\/\/newsestlyonnais.fr\/site\/wp-json\/wp\/v2\/posts\/110102\/revisions"}],"wp:featuredmedia":[{"embeddable":true,"href":"https:\/\/newsestlyonnais.fr\/site\/wp-json\/wp\/v2\/media\/110104"}],"wp:attachment":[{"href":"https:\/\/newsestlyonnais.fr\/site\/wp-json\/wp\/v2\/media?parent=110102"}],"wp:term":[{"taxonomy":"category","embeddable":true,"href":"https:\/\/newsestlyonnais.fr\/site\/wp-json\/wp\/v2\/categories?post=110102"},{"taxonomy":"post_tag","embeddable":true,"href":"https:\/\/newsestlyonnais.fr\/site\/wp-json\/wp\/v2\/tags?post=110102"}],"curies":[{"name":"wp","href":"https:\/\/api.w.org\/{rel}","templated":true}]}}